{"id":908,"date":"2024-04-09T16:33:03","date_gmt":"2024-04-09T20:33:03","guid":{"rendered":"https:\/\/clientesbrandbits.click\/?p=908"},"modified":"2024-04-09T17:59:49","modified_gmt":"2024-04-09T21:59:49","slug":"megalopolis-tendra-su-premier-en-el-festival-de-cannes","status":"publish","type":"post","link":"https:\/\/clientesbrandbits.click\/es\/megalopolis-tendra-su-premier-en-el-festival-de-cannes\/","title":{"rendered":"Megalopolis tendr\u00e1 su premier en el Festival de Cannes"},"content":{"rendered":"<p>\u00a1Se confirm\u00f3!, Francis Ford Coppola vuelve a Cannes con su proyecto m\u00e1s que personal Megal\u00f3polis que tiene por protagonista a Adam Driver.<\/p>\n<p>El film ser\u00e1 parte de la competencia oficial del festival y su gala ser\u00e1 el d\u00eda 17 de mayo.<\/p>\n<p>\u201cMegalopolis\u201d tiene un elenco incre\u00edble acompa\u00f1ando a Adam Driver, \u00a0Shia LaBeouf, Forest Whitaker, Nathalie Emmanuel, Jon Voight, Laurence Fishburne, Coppola\u2019s sister Talia Shire, Jason Schwartzman , Grace VanderWaal, Kathryn Hunter y James Remar y hab\u00eda ten\u00edo desaf\u00edos gigantescos alrededor de su potencial distribuci\u00f3n por lo que esto se toma como una muy buena noticia.<\/p>\n<p>Hace 45 a\u00f1os, en 1979, Ford Coppola llegaba al Palacio de Festival de Cannes con \u201cApocalypse Now\u201d y fue donde pronunci\u00f3 su comentada cita en la conferencia de prensa \u201cTen\u00edamos acceso a mucho dinero, demasiado equipo y poco a poco nos volvimos locos\u2026mi pel\u00edcula no es sobre Vietnam, es Vietnam\u201d, por lo que su paso por ah\u00ed marc\u00f3 tambi\u00e9n una especie de leyenda para los periodistas.<\/p>\n<p>Hoy, a casi un mes del Festival de Cine de Cannes, el m\u00e1s prestigioso del mundo, Coppola vuelve al festival con \u201cMegal\u00f3polis\u201d, una distop\u00eda que se transforma en utop\u00eda frente a quienes quieren reconstruir la ciudad de Nueva York luego de un desastre devastador.<\/p>\n","protected":false},"excerpt":{"rendered":"<p>\u00a1Se confirm\u00f3!, Francis Ford Coppola vuelve a Cannes con su proyecto m\u00e1s que personal Megal\u00f3polis que tiene por protagonista a Adam Driver. El film ser\u00e1 parte de la competencia oficial del festival y su gala ser\u00e1 el d\u00eda 17 de &#8230; <a title=\"Megalopolis tendr\u00e1 su premier en el Festival de Cannes\" class=\"read-more\" href=\"https:\/\/clientesbrandbits.click\/es\/megalopolis-tendra-su-premier-en-el-festival-de-cannes\/\" aria-label=\"Leer m\u00e1s sobre Megalopolis tendr\u00e1 su premier en el Festival de Cannes\">Leer M\u00e1s<\/a><\/p>\n","protected":false},"author":3,"featured_media":909,"comment_status":"closed","ping_status":"closed","sticky":false,"template":"","format":"standard","meta":{"_joinchat":[],"footnotes":""},"categories":[11,10],"tags":[33],"class_list":["post-908","post","type-post","status-publish","format-standard","has-post-thumbnail","hentry","category-festivales-de-cine","category-films","tag-festival-de-cannes","infinite-scroll-item"],"yoast_head":"<!-- This site is optimized with the Yoast SEO plugin v22.8 - https:\/\/yoast.com\/wordpress\/plugins\/seo\/ -->\n<title>Megalopolis tendr\u00e1 su premier en el Festival de Cannes - Spanglish Cinema<\/title>\n<meta name=\"description\" content=\"\u00a1Se confirm\u00f3!, Francis Ford Coppola vuelve a Cannes con su proyecto m\u00e1s que personal Megal\u00f3polis que tiene por protagonista a Adam Driver.\" \/>\n<meta name=\"robots\" content=\"index, follow, max-snippet:-1, max-image-preview:large, max-video-preview:-1\" \/>\n<link rel=\"canonical\" href=\"https:\/\/clientesbrandbits.click\/es\/megalopolis-tendra-su-premier-en-el-festival-de-cannes\/\" \/>\n<meta property=\"og:locale\" content=\"es_ES\" \/>\n<meta property=\"og:type\" content=\"article\" \/>\n<meta property=\"og:title\" content=\"Megalopolis tendr\u00e1 su premier en el Festival de Cannes - Spanglish Cinema\" \/>\n<meta property=\"og:description\" content=\"\u00a1Se confirm\u00f3!, Francis Ford Coppola vuelve a Cannes con su proyecto m\u00e1s que personal Megal\u00f3polis que tiene por protagonista a Adam Driver.\" \/>\n<meta property=\"og:url\" content=\"https:\/\/clientesbrandbits.click\/es\/megalopolis-tendra-su-premier-en-el-festival-de-cannes\/\" \/>\n<meta property=\"og:site_name\" content=\"Spanglish Cinema\" \/>\n<meta property=\"article:published_time\" content=\"2024-04-09T20:33:03+00:00\" \/>\n<meta property=\"article:modified_time\" content=\"2024-04-09T21:59:49+00:00\" \/>\n<meta property=\"og:image\" content=\"https:\/\/clientesbrandbits.click\/wp-content\/uploads\/2024\/04\/f.elconfidencial.com_original_9b5_b5e_b04_9b5b5eb04c7aa0c9bad91bd715fec0e9.jpg\" \/>\n\t<meta property=\"og:image:width\" content=\"1338\" \/>\n\t<meta property=\"og:image:height\" content=\"752\" \/>\n\t<meta property=\"og:image:type\" content=\"image\/jpeg\" \/>\n<meta name=\"author\" content=\"Spanglish Cinema Team\" \/>\n<meta name=\"twitter:card\" content=\"summary_large_image\" \/>\n<meta name=\"twitter:label1\" content=\"Escrito por\" \/>\n\t<meta name=\"twitter:data1\" content=\"Spanglish Cinema Team\" \/>\n\t<meta name=\"twitter:label2\" content=\"Tiempo de lectura\" \/>\n\t<meta name=\"twitter:data2\" content=\"2 minutos\" \/>\n<script type=\"application\/ld+json\" class=\"yoast-schema-graph\">{\"@context\":\"https:\/\/schema.org\",\"@graph\":[{\"@type\":\"Article\",\"@id\":\"https:\/\/clientesbrandbits.click\/megalopolis-tendra-su-premier-en-el-festival-de-cannes\/#article\",\"isPartOf\":{\"@id\":\"https:\/\/clientesbrandbits.click\/megalopolis-tendra-su-premier-en-el-festival-de-cannes\/\"},\"author\":{\"name\":\"Spanglish Cinema Team\",\"@id\":\"https:\/\/clientesbrandbits.click\/#\/schema\/person\/678f0477e0f075fdf24e58e342ca80f1\"},\"headline\":\"Megalopolis tendr\u00e1 su premier en el Festival de Cannes\",\"datePublished\":\"2024-04-09T20:33:03+00:00\",\"dateModified\":\"2024-04-09T21:59:49+00:00\",\"mainEntityOfPage\":{\"@id\":\"https:\/\/clientesbrandbits.click\/megalopolis-tendra-su-premier-en-el-festival-de-cannes\/\"},\"wordCount\":229,\"publisher\":{\"@id\":\"https:\/\/clientesbrandbits.click\/#organization\"},\"image\":{\"@id\":\"https:\/\/clientesbrandbits.click\/megalopolis-tendra-su-premier-en-el-festival-de-cannes\/#primaryimage\"},\"thumbnailUrl\":\"https:\/\/clientesbrandbits.click\/wp-content\/uploads\/2024\/04\/f.elconfidencial.com_original_9b5_b5e_b04_9b5b5eb04c7aa0c9bad91bd715fec0e9.jpg\",\"keywords\":[\"festival de cannes\"],\"articleSection\":[\"Festivales de Cine\",\"Films\"],\"inLanguage\":\"es\"},{\"@type\":\"WebPage\",\"@id\":\"https:\/\/clientesbrandbits.click\/megalopolis-tendra-su-premier-en-el-festival-de-cannes\/\",\"url\":\"https:\/\/clientesbrandbits.click\/megalopolis-tendra-su-premier-en-el-festival-de-cannes\/\",\"name\":\"Megalopolis tendr\u00e1 su premier en el Festival de Cannes - Spanglish Cinema\",\"isPartOf\":{\"@id\":\"https:\/\/clientesbrandbits.click\/#website\"},\"primaryImageOfPage\":{\"@id\":\"https:\/\/clientesbrandbits.click\/megalopolis-tendra-su-premier-en-el-festival-de-cannes\/#primaryimage\"},\"image\":{\"@id\":\"https:\/\/clientesbrandbits.click\/megalopolis-tendra-su-premier-en-el-festival-de-cannes\/#primaryimage\"},\"thumbnailUrl\":\"https:\/\/clientesbrandbits.click\/wp-content\/uploads\/2024\/04\/f.elconfidencial.com_original_9b5_b5e_b04_9b5b5eb04c7aa0c9bad91bd715fec0e9.jpg\",\"datePublished\":\"2024-04-09T20:33:03+00:00\",\"dateModified\":\"2024-04-09T21:59:49+00:00\",\"description\":\"\u00a1Se confirm\u00f3!, Francis Ford Coppola vuelve a Cannes con su proyecto m\u00e1s que personal Megal\u00f3polis que tiene por protagonista a Adam Driver.\",\"breadcrumb\":{\"@id\":\"https:\/\/clientesbrandbits.click\/megalopolis-tendra-su-premier-en-el-festival-de-cannes\/#breadcrumb\"},\"inLanguage\":\"es\",\"potentialAction\":[{\"@type\":\"ReadAction\",\"target\":[\"https:\/\/clientesbrandbits.click\/megalopolis-tendra-su-premier-en-el-festival-de-cannes\/\"]}]},{\"@type\":\"ImageObject\",\"inLanguage\":\"es\",\"@id\":\"https:\/\/clientesbrandbits.click\/megalopolis-tendra-su-premier-en-el-festival-de-cannes\/#primaryimage\",\"url\":\"https:\/\/clientesbrandbits.click\/wp-content\/uploads\/2024\/04\/f.elconfidencial.com_original_9b5_b5e_b04_9b5b5eb04c7aa0c9bad91bd715fec0e9.jpg\",\"contentUrl\":\"https:\/\/clientesbrandbits.click\/wp-content\/uploads\/2024\/04\/f.elconfidencial.com_original_9b5_b5e_b04_9b5b5eb04c7aa0c9bad91bd715fec0e9.jpg\",\"width\":1338,\"height\":752},{\"@type\":\"BreadcrumbList\",\"@id\":\"https:\/\/clientesbrandbits.click\/megalopolis-tendra-su-premier-en-el-festival-de-cannes\/#breadcrumb\",\"itemListElement\":[{\"@type\":\"ListItem\",\"position\":1,\"name\":\"Portada\",\"item\":\"https:\/\/clientesbrandbits.click\/\"},{\"@type\":\"ListItem\",\"position\":2,\"name\":\"Megalopolis tendr\u00e1 su premier en el Festival de Cannes\"}]},{\"@type\":\"WebSite\",\"@id\":\"https:\/\/clientesbrandbits.click\/#website\",\"url\":\"https:\/\/clientesbrandbits.click\/\",\"name\":\"Spanglish Cinema\",\"description\":\"\",\"publisher\":{\"@id\":\"https:\/\/clientesbrandbits.click\/#organization\"},\"potentialAction\":[{\"@type\":\"SearchAction\",\"target\":{\"@type\":\"EntryPoint\",\"urlTemplate\":\"https:\/\/clientesbrandbits.click\/?s={search_term_string}\"},\"query-input\":\"required name=search_term_string\"}],\"inLanguage\":\"es\"},{\"@type\":\"Organization\",\"@id\":\"https:\/\/clientesbrandbits.click\/#organization\",\"name\":\"Spanglish Cinema\",\"url\":\"https:\/\/clientesbrandbits.click\/\",\"logo\":{\"@type\":\"ImageObject\",\"inLanguage\":\"es\",\"@id\":\"https:\/\/clientesbrandbits.click\/#\/schema\/logo\/image\/\",\"url\":\"https:\/\/clientesbrandbits.click\/wp-content\/uploads\/2024\/03\/spanglish_cinema.png\",\"contentUrl\":\"https:\/\/clientesbrandbits.click\/wp-content\/uploads\/2024\/03\/spanglish_cinema.png\",\"width\":612,\"height\":225,\"caption\":\"Spanglish Cinema\"},\"image\":{\"@id\":\"https:\/\/clientesbrandbits.click\/#\/schema\/logo\/image\/\"}},{\"@type\":\"Person\",\"@id\":\"https:\/\/clientesbrandbits.click\/#\/schema\/person\/678f0477e0f075fdf24e58e342ca80f1\",\"name\":\"Spanglish Cinema Team\",\"image\":{\"@type\":\"ImageObject\",\"inLanguage\":\"es\",\"@id\":\"https:\/\/clientesbrandbits.click\/#\/schema\/person\/image\/\",\"url\":\"https:\/\/secure.gravatar.com\/avatar\/3eef20e32ea53867d5b6a361c9e8e2ee?s=96&d=mm&r=g\",\"contentUrl\":\"https:\/\/secure.gravatar.com\/avatar\/3eef20e32ea53867d5b6a361c9e8e2ee?s=96&d=mm&r=g\",\"caption\":\"Spanglish Cinema Team\"},\"url\":\"https:\/\/clientesbrandbits.click\/es\/author\/spanglish-cinema\/\"}]}<\/script>\n<!-- \/ Yoast SEO plugin. -->","yoast_head_json":{"title":"Megalopolis tendr\u00e1 su premier en el Festival de Cannes - Spanglish Cinema","description":"\u00a1Se confirm\u00f3!, Francis Ford Coppola vuelve a Cannes con su proyecto m\u00e1s que personal Megal\u00f3polis que tiene por protagonista a Adam Driver.","robots":{"index":"index","follow":"follow","max-snippet":"max-snippet:-1","max-image-preview":"max-image-preview:large","max-video-preview":"max-video-preview:-1"},"canonical":"https:\/\/clientesbrandbits.click\/es\/megalopolis-tendra-su-premier-en-el-festival-de-cannes\/","og_locale":"es_ES","og_type":"article","og_title":"Megalopolis tendr\u00e1 su premier en el Festival de Cannes - Spanglish Cinema","og_description":"\u00a1Se confirm\u00f3!, Francis Ford Coppola vuelve a Cannes con su proyecto m\u00e1s que personal Megal\u00f3polis que tiene por protagonista a Adam Driver.","og_url":"https:\/\/clientesbrandbits.click\/es\/megalopolis-tendra-su-premier-en-el-festival-de-cannes\/","og_site_name":"Spanglish Cinema","article_published_time":"2024-04-09T20:33:03+00:00","article_modified_time":"2024-04-09T21:59:49+00:00","og_image":[{"width":1338,"height":752,"url":"https:\/\/clientesbrandbits.click\/wp-content\/uploads\/2024\/04\/f.elconfidencial.com_original_9b5_b5e_b04_9b5b5eb04c7aa0c9bad91bd715fec0e9.jpg","type":"image\/jpeg"}],"author":"Spanglish Cinema Team","twitter_card":"summary_large_image","twitter_misc":{"Escrito por":"Spanglish Cinema Team","Tiempo de lectura":"2 minutos"},"schema":{"@context":"https:\/\/schema.org","@graph":[{"@type":"Article","@id":"https:\/\/clientesbrandbits.click\/megalopolis-tendra-su-premier-en-el-festival-de-cannes\/#article","isPartOf":{"@id":"https:\/\/clientesbrandbits.click\/megalopolis-tendra-su-premier-en-el-festival-de-cannes\/"},"author":{"name":"Spanglish Cinema Team","@id":"https:\/\/clientesbrandbits.click\/#\/schema\/person\/678f0477e0f075fdf24e58e342ca80f1"},"headline":"Megalopolis tendr\u00e1 su premier en el Festival de Cannes","datePublished":"2024-04-09T20:33:03+00:00","dateModified":"2024-04-09T21:59:49+00:00","mainEntityOfPage":{"@id":"https:\/\/clientesbrandbits.click\/megalopolis-tendra-su-premier-en-el-festival-de-cannes\/"},"wordCount":229,"publisher":{"@id":"https:\/\/clientesbrandbits.click\/#organization"},"image":{"@id":"https:\/\/clientesbrandbits.click\/megalopolis-tendra-su-premier-en-el-festival-de-cannes\/#primaryimage"},"thumbnailUrl":"https:\/\/clientesbrandbits.click\/wp-content\/uploads\/2024\/04\/f.elconfidencial.com_original_9b5_b5e_b04_9b5b5eb04c7aa0c9bad91bd715fec0e9.jpg","keywords":["festival de cannes"],"articleSection":["Festivales de Cine","Films"],"inLanguage":"es"},{"@type":"WebPage","@id":"https:\/\/clientesbrandbits.click\/megalopolis-tendra-su-premier-en-el-festival-de-cannes\/","url":"https:\/\/clientesbrandbits.click\/megalopolis-tendra-su-premier-en-el-festival-de-cannes\/","name":"Megalopolis tendr\u00e1 su premier en el Festival de Cannes - Spanglish Cinema","isPartOf":{"@id":"https:\/\/clientesbrandbits.click\/#website"},"primaryImageOfPage":{"@id":"https:\/\/clientesbrandbits.click\/megalopolis-tendra-su-premier-en-el-festival-de-cannes\/#primaryimage"},"image":{"@id":"https:\/\/clientesbrandbits.click\/megalopolis-tendra-su-premier-en-el-festival-de-cannes\/#primaryimage"},"thumbnailUrl":"https:\/\/clientesbrandbits.click\/wp-content\/uploads\/2024\/04\/f.elconfidencial.com_original_9b5_b5e_b04_9b5b5eb04c7aa0c9bad91bd715fec0e9.jpg","datePublished":"2024-04-09T20:33:03+00:00","dateModified":"2024-04-09T21:59:49+00:00","description":"\u00a1Se confirm\u00f3!, Francis Ford Coppola vuelve a Cannes con su proyecto m\u00e1s que personal Megal\u00f3polis que tiene por protagonista a Adam Driver.","breadcrumb":{"@id":"https:\/\/clientesbrandbits.click\/megalopolis-tendra-su-premier-en-el-festival-de-cannes\/#breadcrumb"},"inLanguage":"es","potentialAction":[{"@type":"ReadAction","target":["https:\/\/clientesbrandbits.click\/megalopolis-tendra-su-premier-en-el-festival-de-cannes\/"]}]},{"@type":"ImageObject","inLanguage":"es","@id":"https:\/\/clientesbrandbits.click\/megalopolis-tendra-su-premier-en-el-festival-de-cannes\/#primaryimage","url":"https:\/\/clientesbrandbits.click\/wp-content\/uploads\/2024\/04\/f.elconfidencial.com_original_9b5_b5e_b04_9b5b5eb04c7aa0c9bad91bd715fec0e9.jpg","contentUrl":"https:\/\/clientesbrandbits.click\/wp-content\/uploads\/2024\/04\/f.elconfidencial.com_original_9b5_b5e_b04_9b5b5eb04c7aa0c9bad91bd715fec0e9.jpg","width":1338,"height":752},{"@type":"BreadcrumbList","@id":"https:\/\/clientesbrandbits.click\/megalopolis-tendra-su-premier-en-el-festival-de-cannes\/#breadcrumb","itemListElement":[{"@type":"ListItem","position":1,"name":"Portada","item":"https:\/\/clientesbrandbits.click\/"},{"@type":"ListItem","position":2,"name":"Megalopolis tendr\u00e1 su premier en el Festival de Cannes"}]},{"@type":"WebSite","@id":"https:\/\/clientesbrandbits.click\/#website","url":"https:\/\/clientesbrandbits.click\/","name":"Spanglish Cinema","description":"","publisher":{"@id":"https:\/\/clientesbrandbits.click\/#organization"},"potentialAction":[{"@type":"SearchAction","target":{"@type":"EntryPoint","urlTemplate":"https:\/\/clientesbrandbits.click\/?s={search_term_string}"},"query-input":"required name=search_term_string"}],"inLanguage":"es"},{"@type":"Organization","@id":"https:\/\/clientesbrandbits.click\/#organization","name":"Spanglish Cinema","url":"https:\/\/clientesbrandbits.click\/","logo":{"@type":"ImageObject","inLanguage":"es","@id":"https:\/\/clientesbrandbits.click\/#\/schema\/logo\/image\/","url":"https:\/\/clientesbrandbits.click\/wp-content\/uploads\/2024\/03\/spanglish_cinema.png","contentUrl":"https:\/\/clientesbrandbits.click\/wp-content\/uploads\/2024\/03\/spanglish_cinema.png","width":612,"height":225,"caption":"Spanglish Cinema"},"image":{"@id":"https:\/\/clientesbrandbits.click\/#\/schema\/logo\/image\/"}},{"@type":"Person","@id":"https:\/\/clientesbrandbits.click\/#\/schema\/person\/678f0477e0f075fdf24e58e342ca80f1","name":"Spanglish Cinema Team","image":{"@type":"ImageObject","inLanguage":"es","@id":"https:\/\/clientesbrandbits.click\/#\/schema\/person\/image\/","url":"https:\/\/secure.gravatar.com\/avatar\/3eef20e32ea53867d5b6a361c9e8e2ee?s=96&d=mm&r=g","contentUrl":"https:\/\/secure.gravatar.com\/avatar\/3eef20e32ea53867d5b6a361c9e8e2ee?s=96&d=mm&r=g","caption":"Spanglish Cinema Team"},"url":"https:\/\/clientesbrandbits.click\/es\/author\/spanglish-cinema\/"}]}},"_links":{"self":[{"href":"https:\/\/clientesbrandbits.click\/es\/wp-json\/wp\/v2\/posts\/908"}],"collection":[{"href":"https:\/\/clientesbrandbits.click\/es\/wp-json\/wp\/v2\/posts"}],"about":[{"href":"https:\/\/clientesbrandbits.click\/es\/wp-json\/wp\/v2\/types\/post"}],"author":[{"embeddable":true,"href":"https:\/\/clientesbrandbits.click\/es\/wp-json\/wp\/v2\/users\/3"}],"replies":[{"embeddable":true,"href":"https:\/\/clientesbrandbits.click\/es\/wp-json\/wp\/v2\/comments?post=908"}],"version-history":[{"count":1,"href":"https:\/\/clientesbrandbits.click\/es\/wp-json\/wp\/v2\/posts\/908\/revisions"}],"predecessor-version":[{"id":910,"href":"https:\/\/clientesbrandbits.click\/es\/wp-json\/wp\/v2\/posts\/908\/revisions\/910"}],"wp:featuredmedia":[{"embeddable":true,"href":"https:\/\/clientesbrandbits.click\/es\/wp-json\/wp\/v2\/media\/909"}],"wp:attachment":[{"href":"https:\/\/clientesbrandbits.click\/es\/wp-json\/wp\/v2\/media?parent=908"}],"wp:term":[{"taxonomy":"category","embeddable":true,"href":"https:\/\/clientesbrandbits.click\/es\/wp-json\/wp\/v2\/categories?post=908"},{"taxonomy":"post_tag","embeddable":true,"href":"https:\/\/clientesbrandbits.click\/es\/wp-json\/wp\/v2\/tags?post=908"}],"curies":[{"name":"wp","href":"https:\/\/api.w.org\/{rel}","templated":true}]}}