{"id":874,"date":"2024-04-08T09:45:26","date_gmt":"2024-04-08T13:45:26","guid":{"rendered":"https:\/\/clientesbrandbits.click\/?p=874"},"modified":"2024-04-08T09:44:35","modified_gmt":"2024-04-08T13:44:35","slug":"daniel-bruhl-volvio-a-cannes-con-becoming-karl","status":"publish","type":"post","link":"https:\/\/clientesbrandbits.click\/es\/daniel-bruhl-volvio-a-cannes-con-becoming-karl\/","title":{"rendered":"Daniel Br\u00fchl volvi\u00f3 a Cannes con \u201cBecoming Karl\u201d"},"content":{"rendered":"<p>El actor retorn\u00f3 a la ciudad del festival m\u00e1s prestigioso del mundo para presentar en Canneseries \u201cBecoming Karl\u201d una nueva miniserie de Disney+ que narra la historia del famoso dise\u00f1ador de moda Karl Lagerfeld.<\/p>\n<p>La alfombra rosada que recibi\u00f3 en la Croisette a los actores y equipo de la serie que signific\u00f3 un gran desaf\u00edo para el actor. El actor tuvo que perfeccionar su franc\u00e9s, que se suma a su perfecto alem\u00e1n y espa\u00f1ol, y utilizar zapatos con un poco de taco como lo hac\u00eda el dise\u00f1ador de moda.<\/p>\n<p>La serie contar\u00e1 con seis cap\u00edtulos y se focalizar\u00e1 en los a\u00f1os 70\u00b4s en la \u00e9poca de competencia entre Karl e Yves Saint Laurent. Los directores son J\u00e9r\u00f4me Salle and Audrey Estrougo y se espera que llegue al streaming el segundo semestre del a\u00f1o.<\/p>\n<p>El actor habl\u00f3 con Variety contando lo que ha significado este papel para \u00e9l, lo nervioso que se siente al comenzar los junkets luego de haber hecho algo de lo que se siente orgulloso y lo ansioso que est\u00e1 por ver la reacci\u00f3n del p\u00fablico. A su vez, catalog\u00f3 su paso por este trabajo como \u201cuna monta\u00f1a rusa de emociones\u201d<\/p>\n<p>Puedes ver el trailer de Becoming Karl ac\u00e1:<\/p>\n<p><iframe title=\"Becoming Karl Lagerfeld | Teaser Trailer | Hulu\" width=\"1200\" height=\"675\" src=\"https:\/\/www.youtube.com\/embed\/LI3aCJmBnMY?feature=oembed\" frameborder=\"0\" allow=\"accelerometer; autoplay; clipboard-write; encrypted-media; gyroscope; picture-in-picture; web-share\" referrerpolicy=\"strict-origin-when-cross-origin\" allowfullscreen><\/iframe><\/p>\n","protected":false},"excerpt":{"rendered":"<p>El actor retorn\u00f3 a la ciudad del festival m\u00e1s prestigioso del mundo para presentar en Canneseries \u201cBecoming Karl\u201d una nueva miniserie de Disney+ que narra la historia del famoso dise\u00f1ador de moda Karl Lagerfeld. La alfombra rosada que recibi\u00f3 en &#8230; <a title=\"Daniel Br\u00fchl volvi\u00f3 a Cannes con \u201cBecoming Karl\u201d\" class=\"read-more\" href=\"https:\/\/clientesbrandbits.click\/es\/daniel-bruhl-volvio-a-cannes-con-becoming-karl\/\" aria-label=\"Leer m\u00e1s sobre Daniel Br\u00fchl volvi\u00f3 a Cannes con \u201cBecoming Karl\u201d\">Leer M\u00e1s<\/a><\/p>\n","protected":false},"author":2,"featured_media":876,"comment_status":"closed","ping_status":"closed","sticky":false,"template":"","format":"standard","meta":{"_joinchat":[],"footnotes":""},"categories":[11,10],"tags":[84,83],"class_list":["post-874","post","type-post","status-publish","format-standard","has-post-thumbnail","hentry","category-festivales-de-cine","category-films","tag-becoming-karl","tag-daniel-bruhl","infinite-scroll-item"],"yoast_head":"<!-- This site is optimized with the Yoast SEO plugin v22.8 - https:\/\/yoast.com\/wordpress\/plugins\/seo\/ -->\n<title>Daniel Br\u00fchl volvi\u00f3 a Cannes con \u201cBecoming Karl\u201d - Spanglish Cinema<\/title>\n<meta name=\"description\" content=\"El actor retorn\u00f3 a la ciudad del festival m\u00e1s prestigioso del mundo para presentar en Canneseries \u201cBecoming Karl\u201d una nueva miniserie de Disney+ que narra la historia del famoso dise\u00f1ador de moda Karl Lagerfeld.\" \/>\n<meta name=\"robots\" content=\"index, follow, max-snippet:-1, max-image-preview:large, max-video-preview:-1\" \/>\n<link rel=\"canonical\" href=\"https:\/\/clientesbrandbits.click\/es\/daniel-bruhl-volvio-a-cannes-con-becoming-karl\/\" \/>\n<meta property=\"og:locale\" content=\"es_ES\" \/>\n<meta property=\"og:type\" content=\"article\" \/>\n<meta property=\"og:title\" content=\"Daniel Br\u00fchl volvi\u00f3 a Cannes con \u201cBecoming Karl\u201d - Spanglish Cinema\" \/>\n<meta property=\"og:description\" content=\"El actor retorn\u00f3 a la ciudad del festival m\u00e1s prestigioso del mundo para presentar en Canneseries \u201cBecoming Karl\u201d una nueva miniserie de Disney+ que narra la historia del famoso dise\u00f1ador de moda Karl Lagerfeld.\" \/>\n<meta property=\"og:url\" content=\"https:\/\/clientesbrandbits.click\/es\/daniel-bruhl-volvio-a-cannes-con-becoming-karl\/\" \/>\n<meta property=\"og:site_name\" content=\"Spanglish Cinema\" \/>\n<meta property=\"article:published_time\" content=\"2024-04-08T13:45:26+00:00\" \/>\n<meta property=\"article:modified_time\" content=\"2024-04-08T13:44:35+00:00\" \/>\n<meta property=\"og:image\" content=\"https:\/\/clientesbrandbits.click\/wp-content\/uploads\/2024\/04\/daniel-2.jpg\" \/>\n\t<meta property=\"og:image:width\" content=\"1280\" \/>\n\t<meta property=\"og:image:height\" content=\"721\" \/>\n\t<meta property=\"og:image:type\" content=\"image\/jpeg\" \/>\n<meta name=\"author\" content=\"Francisca Romero\" \/>\n<meta name=\"twitter:card\" content=\"summary_large_image\" \/>\n<meta name=\"twitter:label1\" content=\"Escrito por\" \/>\n\t<meta name=\"twitter:data1\" content=\"Francisca Romero\" \/>\n\t<meta name=\"twitter:label2\" content=\"Tiempo de lectura\" \/>\n\t<meta name=\"twitter:data2\" content=\"2 minutos\" \/>\n<script type=\"application\/ld+json\" class=\"yoast-schema-graph\">{\"@context\":\"https:\/\/schema.org\",\"@graph\":[{\"@type\":\"Article\",\"@id\":\"https:\/\/clientesbrandbits.click\/daniel-bruhl-volvio-a-cannes-con-becoming-karl\/#article\",\"isPartOf\":{\"@id\":\"https:\/\/clientesbrandbits.click\/daniel-bruhl-volvio-a-cannes-con-becoming-karl\/\"},\"author\":{\"name\":\"Francisca Romero\",\"@id\":\"https:\/\/clientesbrandbits.click\/#\/schema\/person\/fedc39f5790928deafca5719b3588db2\"},\"headline\":\"Daniel Br\u00fchl volvi\u00f3 a Cannes con \u201cBecoming Karl\u201d\",\"datePublished\":\"2024-04-08T13:45:26+00:00\",\"dateModified\":\"2024-04-08T13:44:35+00:00\",\"mainEntityOfPage\":{\"@id\":\"https:\/\/clientesbrandbits.click\/daniel-bruhl-volvio-a-cannes-con-becoming-karl\/\"},\"wordCount\":236,\"publisher\":{\"@id\":\"https:\/\/clientesbrandbits.click\/#organization\"},\"image\":{\"@id\":\"https:\/\/clientesbrandbits.click\/daniel-bruhl-volvio-a-cannes-con-becoming-karl\/#primaryimage\"},\"thumbnailUrl\":\"https:\/\/clientesbrandbits.click\/wp-content\/uploads\/2024\/04\/daniel-2.jpg\",\"keywords\":[\"becoming karl\",\"Daniel Bruhl\"],\"articleSection\":[\"Festivales de Cine\",\"Films\"],\"inLanguage\":\"es\"},{\"@type\":\"WebPage\",\"@id\":\"https:\/\/clientesbrandbits.click\/daniel-bruhl-volvio-a-cannes-con-becoming-karl\/\",\"url\":\"https:\/\/clientesbrandbits.click\/daniel-bruhl-volvio-a-cannes-con-becoming-karl\/\",\"name\":\"Daniel Br\u00fchl volvi\u00f3 a Cannes con \u201cBecoming Karl\u201d - Spanglish Cinema\",\"isPartOf\":{\"@id\":\"https:\/\/clientesbrandbits.click\/#website\"},\"primaryImageOfPage\":{\"@id\":\"https:\/\/clientesbrandbits.click\/daniel-bruhl-volvio-a-cannes-con-becoming-karl\/#primaryimage\"},\"image\":{\"@id\":\"https:\/\/clientesbrandbits.click\/daniel-bruhl-volvio-a-cannes-con-becoming-karl\/#primaryimage\"},\"thumbnailUrl\":\"https:\/\/clientesbrandbits.click\/wp-content\/uploads\/2024\/04\/daniel-2.jpg\",\"datePublished\":\"2024-04-08T13:45:26+00:00\",\"dateModified\":\"2024-04-08T13:44:35+00:00\",\"description\":\"El actor retorn\u00f3 a la ciudad del festival m\u00e1s prestigioso del mundo para presentar en Canneseries \u201cBecoming Karl\u201d una nueva miniserie de Disney+ que narra la historia del famoso dise\u00f1ador de moda Karl Lagerfeld.\",\"breadcrumb\":{\"@id\":\"https:\/\/clientesbrandbits.click\/daniel-bruhl-volvio-a-cannes-con-becoming-karl\/#breadcrumb\"},\"inLanguage\":\"es\",\"potentialAction\":[{\"@type\":\"ReadAction\",\"target\":[\"https:\/\/clientesbrandbits.click\/daniel-bruhl-volvio-a-cannes-con-becoming-karl\/\"]}]},{\"@type\":\"ImageObject\",\"inLanguage\":\"es\",\"@id\":\"https:\/\/clientesbrandbits.click\/daniel-bruhl-volvio-a-cannes-con-becoming-karl\/#primaryimage\",\"url\":\"https:\/\/clientesbrandbits.click\/wp-content\/uploads\/2024\/04\/daniel-2.jpg\",\"contentUrl\":\"https:\/\/clientesbrandbits.click\/wp-content\/uploads\/2024\/04\/daniel-2.jpg\",\"width\":1280,\"height\":721},{\"@type\":\"BreadcrumbList\",\"@id\":\"https:\/\/clientesbrandbits.click\/daniel-bruhl-volvio-a-cannes-con-becoming-karl\/#breadcrumb\",\"itemListElement\":[{\"@type\":\"ListItem\",\"position\":1,\"name\":\"Portada\",\"item\":\"https:\/\/clientesbrandbits.click\/\"},{\"@type\":\"ListItem\",\"position\":2,\"name\":\"Daniel Br\u00fchl volvi\u00f3 a Cannes con \u201cBecoming Karl\u201d\"}]},{\"@type\":\"WebSite\",\"@id\":\"https:\/\/clientesbrandbits.click\/#website\",\"url\":\"https:\/\/clientesbrandbits.click\/\",\"name\":\"Spanglish Cinema\",\"description\":\"\",\"publisher\":{\"@id\":\"https:\/\/clientesbrandbits.click\/#organization\"},\"potentialAction\":[{\"@type\":\"SearchAction\",\"target\":{\"@type\":\"EntryPoint\",\"urlTemplate\":\"https:\/\/clientesbrandbits.click\/?s={search_term_string}\"},\"query-input\":\"required name=search_term_string\"}],\"inLanguage\":\"es\"},{\"@type\":\"Organization\",\"@id\":\"https:\/\/clientesbrandbits.click\/#organization\",\"name\":\"Spanglish Cinema\",\"url\":\"https:\/\/clientesbrandbits.click\/\",\"logo\":{\"@type\":\"ImageObject\",\"inLanguage\":\"es\",\"@id\":\"https:\/\/clientesbrandbits.click\/#\/schema\/logo\/image\/\",\"url\":\"https:\/\/clientesbrandbits.click\/wp-content\/uploads\/2024\/03\/spanglish_cinema.png\",\"contentUrl\":\"https:\/\/clientesbrandbits.click\/wp-content\/uploads\/2024\/03\/spanglish_cinema.png\",\"width\":612,\"height\":225,\"caption\":\"Spanglish Cinema\"},\"image\":{\"@id\":\"https:\/\/clientesbrandbits.click\/#\/schema\/logo\/image\/\"}},{\"@type\":\"Person\",\"@id\":\"https:\/\/clientesbrandbits.click\/#\/schema\/person\/fedc39f5790928deafca5719b3588db2\",\"name\":\"Francisca Romero\",\"image\":{\"@type\":\"ImageObject\",\"inLanguage\":\"es\",\"@id\":\"https:\/\/clientesbrandbits.click\/#\/schema\/person\/image\/\",\"url\":\"https:\/\/secure.gravatar.com\/avatar\/59bbcac6a15502dc7740d8ba94724e62?s=96&d=mm&r=g\",\"contentUrl\":\"https:\/\/secure.gravatar.com\/avatar\/59bbcac6a15502dc7740d8ba94724e62?s=96&d=mm&r=g\",\"caption\":\"Francisca Romero\"},\"url\":\"https:\/\/clientesbrandbits.click\/es\/author\/francisca-romero\/\"}]}<\/script>\n<!-- \/ Yoast SEO plugin. -->","yoast_head_json":{"title":"Daniel Br\u00fchl volvi\u00f3 a Cannes con \u201cBecoming Karl\u201d - Spanglish Cinema","description":"El actor retorn\u00f3 a la ciudad del festival m\u00e1s prestigioso del mundo para presentar en Canneseries \u201cBecoming Karl\u201d una nueva miniserie de Disney+ que narra la historia del famoso dise\u00f1ador de moda Karl Lagerfeld.","robots":{"index":"index","follow":"follow","max-snippet":"max-snippet:-1","max-image-preview":"max-image-preview:large","max-video-preview":"max-video-preview:-1"},"canonical":"https:\/\/clientesbrandbits.click\/es\/daniel-bruhl-volvio-a-cannes-con-becoming-karl\/","og_locale":"es_ES","og_type":"article","og_title":"Daniel Br\u00fchl volvi\u00f3 a Cannes con \u201cBecoming Karl\u201d - Spanglish Cinema","og_description":"El actor retorn\u00f3 a la ciudad del festival m\u00e1s prestigioso del mundo para presentar en Canneseries \u201cBecoming Karl\u201d una nueva miniserie de Disney+ que narra la historia del famoso dise\u00f1ador de moda Karl Lagerfeld.","og_url":"https:\/\/clientesbrandbits.click\/es\/daniel-bruhl-volvio-a-cannes-con-becoming-karl\/","og_site_name":"Spanglish Cinema","article_published_time":"2024-04-08T13:45:26+00:00","article_modified_time":"2024-04-08T13:44:35+00:00","og_image":[{"width":1280,"height":721,"url":"https:\/\/clientesbrandbits.click\/wp-content\/uploads\/2024\/04\/daniel-2.jpg","type":"image\/jpeg"}],"author":"Francisca Romero","twitter_card":"summary_large_image","twitter_misc":{"Escrito por":"Francisca Romero","Tiempo de lectura":"2 minutos"},"schema":{"@context":"https:\/\/schema.org","@graph":[{"@type":"Article","@id":"https:\/\/clientesbrandbits.click\/daniel-bruhl-volvio-a-cannes-con-becoming-karl\/#article","isPartOf":{"@id":"https:\/\/clientesbrandbits.click\/daniel-bruhl-volvio-a-cannes-con-becoming-karl\/"},"author":{"name":"Francisca Romero","@id":"https:\/\/clientesbrandbits.click\/#\/schema\/person\/fedc39f5790928deafca5719b3588db2"},"headline":"Daniel Br\u00fchl volvi\u00f3 a Cannes con \u201cBecoming Karl\u201d","datePublished":"2024-04-08T13:45:26+00:00","dateModified":"2024-04-08T13:44:35+00:00","mainEntityOfPage":{"@id":"https:\/\/clientesbrandbits.click\/daniel-bruhl-volvio-a-cannes-con-becoming-karl\/"},"wordCount":236,"publisher":{"@id":"https:\/\/clientesbrandbits.click\/#organization"},"image":{"@id":"https:\/\/clientesbrandbits.click\/daniel-bruhl-volvio-a-cannes-con-becoming-karl\/#primaryimage"},"thumbnailUrl":"https:\/\/clientesbrandbits.click\/wp-content\/uploads\/2024\/04\/daniel-2.jpg","keywords":["becoming karl","Daniel Bruhl"],"articleSection":["Festivales de Cine","Films"],"inLanguage":"es"},{"@type":"WebPage","@id":"https:\/\/clientesbrandbits.click\/daniel-bruhl-volvio-a-cannes-con-becoming-karl\/","url":"https:\/\/clientesbrandbits.click\/daniel-bruhl-volvio-a-cannes-con-becoming-karl\/","name":"Daniel Br\u00fchl volvi\u00f3 a Cannes con \u201cBecoming Karl\u201d - Spanglish Cinema","isPartOf":{"@id":"https:\/\/clientesbrandbits.click\/#website"},"primaryImageOfPage":{"@id":"https:\/\/clientesbrandbits.click\/daniel-bruhl-volvio-a-cannes-con-becoming-karl\/#primaryimage"},"image":{"@id":"https:\/\/clientesbrandbits.click\/daniel-bruhl-volvio-a-cannes-con-becoming-karl\/#primaryimage"},"thumbnailUrl":"https:\/\/clientesbrandbits.click\/wp-content\/uploads\/2024\/04\/daniel-2.jpg","datePublished":"2024-04-08T13:45:26+00:00","dateModified":"2024-04-08T13:44:35+00:00","description":"El actor retorn\u00f3 a la ciudad del festival m\u00e1s prestigioso del mundo para presentar en Canneseries \u201cBecoming Karl\u201d una nueva miniserie de Disney+ que narra la historia del famoso dise\u00f1ador de moda Karl Lagerfeld.","breadcrumb":{"@id":"https:\/\/clientesbrandbits.click\/daniel-bruhl-volvio-a-cannes-con-becoming-karl\/#breadcrumb"},"inLanguage":"es","potentialAction":[{"@type":"ReadAction","target":["https:\/\/clientesbrandbits.click\/daniel-bruhl-volvio-a-cannes-con-becoming-karl\/"]}]},{"@type":"ImageObject","inLanguage":"es","@id":"https:\/\/clientesbrandbits.click\/daniel-bruhl-volvio-a-cannes-con-becoming-karl\/#primaryimage","url":"https:\/\/clientesbrandbits.click\/wp-content\/uploads\/2024\/04\/daniel-2.jpg","contentUrl":"https:\/\/clientesbrandbits.click\/wp-content\/uploads\/2024\/04\/daniel-2.jpg","width":1280,"height":721},{"@type":"BreadcrumbList","@id":"https:\/\/clientesbrandbits.click\/daniel-bruhl-volvio-a-cannes-con-becoming-karl\/#breadcrumb","itemListElement":[{"@type":"ListItem","position":1,"name":"Portada","item":"https:\/\/clientesbrandbits.click\/"},{"@type":"ListItem","position":2,"name":"Daniel Br\u00fchl volvi\u00f3 a Cannes con \u201cBecoming Karl\u201d"}]},{"@type":"WebSite","@id":"https:\/\/clientesbrandbits.click\/#website","url":"https:\/\/clientesbrandbits.click\/","name":"Spanglish Cinema","description":"","publisher":{"@id":"https:\/\/clientesbrandbits.click\/#organization"},"potentialAction":[{"@type":"SearchAction","target":{"@type":"EntryPoint","urlTemplate":"https:\/\/clientesbrandbits.click\/?s={search_term_string}"},"query-input":"required name=search_term_string"}],"inLanguage":"es"},{"@type":"Organization","@id":"https:\/\/clientesbrandbits.click\/#organization","name":"Spanglish Cinema","url":"https:\/\/clientesbrandbits.click\/","logo":{"@type":"ImageObject","inLanguage":"es","@id":"https:\/\/clientesbrandbits.click\/#\/schema\/logo\/image\/","url":"https:\/\/clientesbrandbits.click\/wp-content\/uploads\/2024\/03\/spanglish_cinema.png","contentUrl":"https:\/\/clientesbrandbits.click\/wp-content\/uploads\/2024\/03\/spanglish_cinema.png","width":612,"height":225,"caption":"Spanglish Cinema"},"image":{"@id":"https:\/\/clientesbrandbits.click\/#\/schema\/logo\/image\/"}},{"@type":"Person","@id":"https:\/\/clientesbrandbits.click\/#\/schema\/person\/fedc39f5790928deafca5719b3588db2","name":"Francisca Romero","image":{"@type":"ImageObject","inLanguage":"es","@id":"https:\/\/clientesbrandbits.click\/#\/schema\/person\/image\/","url":"https:\/\/secure.gravatar.com\/avatar\/59bbcac6a15502dc7740d8ba94724e62?s=96&d=mm&r=g","contentUrl":"https:\/\/secure.gravatar.com\/avatar\/59bbcac6a15502dc7740d8ba94724e62?s=96&d=mm&r=g","caption":"Francisca Romero"},"url":"https:\/\/clientesbrandbits.click\/es\/author\/francisca-romero\/"}]}},"_links":{"self":[{"href":"https:\/\/clientesbrandbits.click\/es\/wp-json\/wp\/v2\/posts\/874"}],"collection":[{"href":"https:\/\/clientesbrandbits.click\/es\/wp-json\/wp\/v2\/posts"}],"about":[{"href":"https:\/\/clientesbrandbits.click\/es\/wp-json\/wp\/v2\/types\/post"}],"author":[{"embeddable":true,"href":"https:\/\/clientesbrandbits.click\/es\/wp-json\/wp\/v2\/users\/2"}],"replies":[{"embeddable":true,"href":"https:\/\/clientesbrandbits.click\/es\/wp-json\/wp\/v2\/comments?post=874"}],"version-history":[{"count":1,"href":"https:\/\/clientesbrandbits.click\/es\/wp-json\/wp\/v2\/posts\/874\/revisions"}],"predecessor-version":[{"id":877,"href":"https:\/\/clientesbrandbits.click\/es\/wp-json\/wp\/v2\/posts\/874\/revisions\/877"}],"wp:featuredmedia":[{"embeddable":true,"href":"https:\/\/clientesbrandbits.click\/es\/wp-json\/wp\/v2\/media\/876"}],"wp:attachment":[{"href":"https:\/\/clientesbrandbits.click\/es\/wp-json\/wp\/v2\/media?parent=874"}],"wp:term":[{"taxonomy":"category","embeddable":true,"href":"https:\/\/clientesbrandbits.click\/es\/wp-json\/wp\/v2\/categories?post=874"},{"taxonomy":"post_tag","embeddable":true,"href":"https:\/\/clientesbrandbits.click\/es\/wp-json\/wp\/v2\/tags?post=874"}],"curies":[{"name":"wp","href":"https:\/\/api.w.org\/{rel}","templated":true}]}}