{"id":818,"date":"2024-04-03T12:34:32","date_gmt":"2024-04-03T15:34:32","guid":{"rendered":"https:\/\/clientesbrandbits.click\/?p=818"},"modified":"2024-04-03T12:34:56","modified_gmt":"2024-04-03T15:34:56","slug":"lea-seydoux-y-louis-garrel-abriran-el-festival-de-cannes-con-the-second-act","status":"publish","type":"post","link":"https:\/\/clientesbrandbits.click\/es\/lea-seydoux-y-louis-garrel-abriran-el-festival-de-cannes-con-the-second-act\/","title":{"rendered":"L\u00e9a Seydoux y Louis Garrel abrir\u00e1n  el Festival de Cannes con \u00abThe Second Act\u00bb"},"content":{"rendered":"<p>\u00abEl Segundo Acto\u00bb de Quentin Dupieux, el \u00faltimo filme del prol\u00edfico director y guionista franc\u00e9s, quien tambi\u00e9n es m\u00fasico, abrir\u00e1 el pr\u00f3ximo Festival de Cannes. Presentada Fuera de Competencia como estreno mundial en la Croisette el martes 14 de mayo, esta comedia de cuatro partes se estrenar\u00e1 en todos los cines franceses el mismo d\u00eda.<\/p>\n<p>Para iniciar las festividades de la 77\u00aa edici\u00f3n, un artista atrevido e impredecible recorrer\u00e1 la alfombra roja del Grand Th\u00e9\u00e2tre Lumi\u00e8re, rodeado por todo su equipo. Un cineasta que abraza la libertad -en tono, forma y tema- Quentin Dupieux se ha liberado de la convenci\u00f3n a trav\u00e9s de una obra ya extensa (13 largometrajes en 17 a\u00f1os), estableciendo lo absurdo como un g\u00e9nero propio y sacudiendo todos los dem\u00e1s, \u00a1de los cuales \u00abEl Segundo Acto\u00bb es un ejemplo perfecto!<\/p>\n<p>Una road movie ambientada en el contexto de la cirug\u00eda pl\u00e1stica (Steak), un neum\u00e1tico asesino (Rubber), polic\u00edas sin crimen (Wrong Cops), un director en busca del mejor grito (Reality), una mosca gigante entrenada por matones (Mandibles), una bodega con poderes espacio-temporales (Incre\u00edble pero cierto)&#8230; Como las anteriores, \u00abEl Segundo Acto\u00bb se muestra como una nueva mise en abyme en torno a la actuaci\u00f3n, ya uno de los temas centrales de Yannick y Daaaaaali!<\/p>\n<p><img fetchpriority=\"high\" decoding=\"async\" class=\"aligncenter wp-image-819 \" src=\"https:\/\/clientesbrandbits.click\/wp-content\/uploads\/2024\/04\/louis.jpg\" alt=\"\" width=\"801\" height=\"513\" srcset=\"https:\/\/clientesbrandbits.click\/wp-content\/uploads\/2024\/04\/louis.jpg 500w, https:\/\/clientesbrandbits.click\/wp-content\/uploads\/2024\/04\/louis-300x192.jpg 300w, https:\/\/clientesbrandbits.click\/wp-content\/uploads\/2024\/04\/louis-18x12.jpg 18w\" sizes=\"(max-width: 801px) 100vw, 801px\" \/><\/p>\n<p>El elenco es tan prestigioso como inesperado: L\u00e9a Seydoux, Vincent Lindon y Louis Garrel entran por primera vez en el universo extravagante de Quentin Dupieux, mientras que Rapha\u00ebl Quenard regresa por cuarta vez, despu\u00e9s de Mandibles, Smoking Causes Coughing y Yannick. La alfombra roja promete ser magn\u00edfica.<\/p>\n<p>Se unir\u00e1n a algunas de las estrellas m\u00e1s brillantes del cine franc\u00e9s contempor\u00e1neo que forman parte de la constelaci\u00f3n Dupieux, incluidos Alain Chabat, Beno\u00eet Poelvoorde, Jean Dujardin, Ad\u00e8le Exarchopoulos, L\u00e9a Drucker, Beno\u00eet Magimel, Ana\u00efs Demoustier, Vincent Lacoste, Gilles Lellouche, \u00c9douard Baer y Pio Marma\u00ef.<\/p>\n","protected":false},"excerpt":{"rendered":"<p>\u00abEl Segundo Acto\u00bb de Quentin Dupieux, el \u00faltimo filme del prol\u00edfico director y guionista franc\u00e9s, quien tambi\u00e9n es m\u00fasico, abrir\u00e1 el pr\u00f3ximo Festival de Cannes. Presentada Fuera de Competencia como estreno mundial en la Croisette el martes 14 de mayo, &#8230; <a title=\"L\u00e9a Seydoux y Louis Garrel abrir\u00e1n  el Festival de Cannes con \u00abThe Second Act\u00bb\" class=\"read-more\" href=\"https:\/\/clientesbrandbits.click\/es\/lea-seydoux-y-louis-garrel-abriran-el-festival-de-cannes-con-the-second-act\/\" aria-label=\"Leer m\u00e1s sobre L\u00e9a Seydoux y Louis Garrel abrir\u00e1n  el Festival de Cannes con \u00abThe Second Act\u00bb\">Leer M\u00e1s<\/a><\/p>\n","protected":false},"author":3,"featured_media":821,"comment_status":"closed","ping_status":"closed","sticky":false,"template":"","format":"standard","meta":{"_joinchat":[],"footnotes":""},"categories":[11,10],"tags":[33],"class_list":["post-818","post","type-post","status-publish","format-standard","has-post-thumbnail","hentry","category-festivales-de-cine","category-films","tag-festival-de-cannes","infinite-scroll-item"],"yoast_head":"<!-- This site is optimized with the Yoast SEO plugin v22.8 - https:\/\/yoast.com\/wordpress\/plugins\/seo\/ -->\n<title>L\u00e9a Seydoux y Louis Garrel abrir\u00e1n el Festival de Cannes con &quot;The Second Act&quot; - Spanglish Cinema<\/title>\n<meta name=\"robots\" content=\"index, follow, max-snippet:-1, max-image-preview:large, max-video-preview:-1\" \/>\n<link rel=\"canonical\" href=\"https:\/\/clientesbrandbits.click\/es\/lea-seydoux-y-louis-garrel-abriran-el-festival-de-cannes-con-the-second-act\/\" \/>\n<meta property=\"og:locale\" content=\"es_ES\" \/>\n<meta property=\"og:type\" content=\"article\" \/>\n<meta property=\"og:title\" content=\"L\u00e9a Seydoux y Louis Garrel abrir\u00e1n el Festival de Cannes con &quot;The Second Act&quot; - Spanglish Cinema\" \/>\n<meta property=\"og:description\" content=\"\u00abEl Segundo Acto\u00bb de Quentin Dupieux, el \u00faltimo filme del prol\u00edfico director y guionista franc\u00e9s, quien tambi\u00e9n es m\u00fasico, abrir\u00e1 el pr\u00f3ximo Festival de Cannes. Presentada Fuera de Competencia como estreno mundial en la Croisette el martes 14 de mayo, ... Leer M\u00e1s\" \/>\n<meta property=\"og:url\" content=\"https:\/\/clientesbrandbits.click\/es\/lea-seydoux-y-louis-garrel-abriran-el-festival-de-cannes-con-the-second-act\/\" \/>\n<meta property=\"og:site_name\" content=\"Spanglish Cinema\" \/>\n<meta property=\"article:published_time\" content=\"2024-04-03T15:34:32+00:00\" \/>\n<meta property=\"article:modified_time\" content=\"2024-04-03T15:34:56+00:00\" \/>\n<meta property=\"og:image\" content=\"https:\/\/clientesbrandbits.click\/wp-content\/uploads\/2024\/04\/second-act.jpg\" \/>\n\t<meta property=\"og:image:width\" content=\"780\" \/>\n\t<meta property=\"og:image:height\" content=\"519\" \/>\n\t<meta property=\"og:image:type\" content=\"image\/jpeg\" \/>\n<meta name=\"author\" content=\"Spanglish Cinema Team\" \/>\n<meta name=\"twitter:card\" content=\"summary_large_image\" \/>\n<meta name=\"twitter:label1\" content=\"Escrito por\" \/>\n\t<meta name=\"twitter:data1\" content=\"Spanglish Cinema Team\" \/>\n\t<meta name=\"twitter:label2\" content=\"Tiempo de lectura\" \/>\n\t<meta name=\"twitter:data2\" content=\"2 minutos\" \/>\n<script type=\"application\/ld+json\" class=\"yoast-schema-graph\">{\"@context\":\"https:\/\/schema.org\",\"@graph\":[{\"@type\":\"Article\",\"@id\":\"https:\/\/clientesbrandbits.click\/lea-seydoux-y-louis-garrel-abriran-el-festival-de-cannes-con-the-second-act\/#article\",\"isPartOf\":{\"@id\":\"https:\/\/clientesbrandbits.click\/lea-seydoux-y-louis-garrel-abriran-el-festival-de-cannes-con-the-second-act\/\"},\"author\":{\"name\":\"Spanglish Cinema Team\",\"@id\":\"https:\/\/clientesbrandbits.click\/#\/schema\/person\/678f0477e0f075fdf24e58e342ca80f1\"},\"headline\":\"L\u00e9a Seydoux y Louis Garrel abrir\u00e1n el Festival de Cannes con \u00abThe Second Act\u00bb\",\"datePublished\":\"2024-04-03T15:34:32+00:00\",\"dateModified\":\"2024-04-03T15:34:56+00:00\",\"mainEntityOfPage\":{\"@id\":\"https:\/\/clientesbrandbits.click\/lea-seydoux-y-louis-garrel-abriran-el-festival-de-cannes-con-the-second-act\/\"},\"wordCount\":344,\"publisher\":{\"@id\":\"https:\/\/clientesbrandbits.click\/#organization\"},\"image\":{\"@id\":\"https:\/\/clientesbrandbits.click\/lea-seydoux-y-louis-garrel-abriran-el-festival-de-cannes-con-the-second-act\/#primaryimage\"},\"thumbnailUrl\":\"https:\/\/clientesbrandbits.click\/wp-content\/uploads\/2024\/04\/second-act.jpg\",\"keywords\":[\"festival de cannes\"],\"articleSection\":[\"Festivales de Cine\",\"Films\"],\"inLanguage\":\"es\"},{\"@type\":\"WebPage\",\"@id\":\"https:\/\/clientesbrandbits.click\/lea-seydoux-y-louis-garrel-abriran-el-festival-de-cannes-con-the-second-act\/\",\"url\":\"https:\/\/clientesbrandbits.click\/lea-seydoux-y-louis-garrel-abriran-el-festival-de-cannes-con-the-second-act\/\",\"name\":\"L\u00e9a Seydoux y Louis Garrel abrir\u00e1n el Festival de Cannes con \\\"The Second Act\\\" - Spanglish Cinema\",\"isPartOf\":{\"@id\":\"https:\/\/clientesbrandbits.click\/#website\"},\"primaryImageOfPage\":{\"@id\":\"https:\/\/clientesbrandbits.click\/lea-seydoux-y-louis-garrel-abriran-el-festival-de-cannes-con-the-second-act\/#primaryimage\"},\"image\":{\"@id\":\"https:\/\/clientesbrandbits.click\/lea-seydoux-y-louis-garrel-abriran-el-festival-de-cannes-con-the-second-act\/#primaryimage\"},\"thumbnailUrl\":\"https:\/\/clientesbrandbits.click\/wp-content\/uploads\/2024\/04\/second-act.jpg\",\"datePublished\":\"2024-04-03T15:34:32+00:00\",\"dateModified\":\"2024-04-03T15:34:56+00:00\",\"breadcrumb\":{\"@id\":\"https:\/\/clientesbrandbits.click\/lea-seydoux-y-louis-garrel-abriran-el-festival-de-cannes-con-the-second-act\/#breadcrumb\"},\"inLanguage\":\"es\",\"potentialAction\":[{\"@type\":\"ReadAction\",\"target\":[\"https:\/\/clientesbrandbits.click\/lea-seydoux-y-louis-garrel-abriran-el-festival-de-cannes-con-the-second-act\/\"]}]},{\"@type\":\"ImageObject\",\"inLanguage\":\"es\",\"@id\":\"https:\/\/clientesbrandbits.click\/lea-seydoux-y-louis-garrel-abriran-el-festival-de-cannes-con-the-second-act\/#primaryimage\",\"url\":\"https:\/\/clientesbrandbits.click\/wp-content\/uploads\/2024\/04\/second-act.jpg\",\"contentUrl\":\"https:\/\/clientesbrandbits.click\/wp-content\/uploads\/2024\/04\/second-act.jpg\",\"width\":780,\"height\":519},{\"@type\":\"BreadcrumbList\",\"@id\":\"https:\/\/clientesbrandbits.click\/lea-seydoux-y-louis-garrel-abriran-el-festival-de-cannes-con-the-second-act\/#breadcrumb\",\"itemListElement\":[{\"@type\":\"ListItem\",\"position\":1,\"name\":\"Portada\",\"item\":\"https:\/\/clientesbrandbits.click\/\"},{\"@type\":\"ListItem\",\"position\":2,\"name\":\"L\u00e9a Seydoux y Louis Garrel abrir\u00e1n el Festival de Cannes con &#8220;The Second Act&#8221;\"}]},{\"@type\":\"WebSite\",\"@id\":\"https:\/\/clientesbrandbits.click\/#website\",\"url\":\"https:\/\/clientesbrandbits.click\/\",\"name\":\"Spanglish Cinema\",\"description\":\"\",\"publisher\":{\"@id\":\"https:\/\/clientesbrandbits.click\/#organization\"},\"potentialAction\":[{\"@type\":\"SearchAction\",\"target\":{\"@type\":\"EntryPoint\",\"urlTemplate\":\"https:\/\/clientesbrandbits.click\/?s={search_term_string}\"},\"query-input\":\"required name=search_term_string\"}],\"inLanguage\":\"es\"},{\"@type\":\"Organization\",\"@id\":\"https:\/\/clientesbrandbits.click\/#organization\",\"name\":\"Spanglish Cinema\",\"url\":\"https:\/\/clientesbrandbits.click\/\",\"logo\":{\"@type\":\"ImageObject\",\"inLanguage\":\"es\",\"@id\":\"https:\/\/clientesbrandbits.click\/#\/schema\/logo\/image\/\",\"url\":\"https:\/\/clientesbrandbits.click\/wp-content\/uploads\/2024\/03\/spanglish_cinema.png\",\"contentUrl\":\"https:\/\/clientesbrandbits.click\/wp-content\/uploads\/2024\/03\/spanglish_cinema.png\",\"width\":612,\"height\":225,\"caption\":\"Spanglish Cinema\"},\"image\":{\"@id\":\"https:\/\/clientesbrandbits.click\/#\/schema\/logo\/image\/\"}},{\"@type\":\"Person\",\"@id\":\"https:\/\/clientesbrandbits.click\/#\/schema\/person\/678f0477e0f075fdf24e58e342ca80f1\",\"name\":\"Spanglish Cinema Team\",\"image\":{\"@type\":\"ImageObject\",\"inLanguage\":\"es\",\"@id\":\"https:\/\/clientesbrandbits.click\/#\/schema\/person\/image\/\",\"url\":\"https:\/\/secure.gravatar.com\/avatar\/3eef20e32ea53867d5b6a361c9e8e2ee?s=96&d=mm&r=g\",\"contentUrl\":\"https:\/\/secure.gravatar.com\/avatar\/3eef20e32ea53867d5b6a361c9e8e2ee?s=96&d=mm&r=g\",\"caption\":\"Spanglish Cinema Team\"},\"url\":\"https:\/\/clientesbrandbits.click\/es\/author\/spanglish-cinema\/\"}]}<\/script>\n<!-- \/ Yoast SEO plugin. -->","yoast_head_json":{"title":"L\u00e9a Seydoux y Louis Garrel abrir\u00e1n el Festival de Cannes con \"The Second Act\" - Spanglish Cinema","robots":{"index":"index","follow":"follow","max-snippet":"max-snippet:-1","max-image-preview":"max-image-preview:large","max-video-preview":"max-video-preview:-1"},"canonical":"https:\/\/clientesbrandbits.click\/es\/lea-seydoux-y-louis-garrel-abriran-el-festival-de-cannes-con-the-second-act\/","og_locale":"es_ES","og_type":"article","og_title":"L\u00e9a Seydoux y Louis Garrel abrir\u00e1n el Festival de Cannes con \"The Second Act\" - Spanglish Cinema","og_description":"\u00abEl Segundo Acto\u00bb de Quentin Dupieux, el \u00faltimo filme del prol\u00edfico director y guionista franc\u00e9s, quien tambi\u00e9n es m\u00fasico, abrir\u00e1 el pr\u00f3ximo Festival de Cannes. Presentada Fuera de Competencia como estreno mundial en la Croisette el martes 14 de mayo, ... Leer M\u00e1s","og_url":"https:\/\/clientesbrandbits.click\/es\/lea-seydoux-y-louis-garrel-abriran-el-festival-de-cannes-con-the-second-act\/","og_site_name":"Spanglish Cinema","article_published_time":"2024-04-03T15:34:32+00:00","article_modified_time":"2024-04-03T15:34:56+00:00","og_image":[{"width":780,"height":519,"url":"https:\/\/clientesbrandbits.click\/wp-content\/uploads\/2024\/04\/second-act.jpg","type":"image\/jpeg"}],"author":"Spanglish Cinema Team","twitter_card":"summary_large_image","twitter_misc":{"Escrito por":"Spanglish Cinema Team","Tiempo de lectura":"2 minutos"},"schema":{"@context":"https:\/\/schema.org","@graph":[{"@type":"Article","@id":"https:\/\/clientesbrandbits.click\/lea-seydoux-y-louis-garrel-abriran-el-festival-de-cannes-con-the-second-act\/#article","isPartOf":{"@id":"https:\/\/clientesbrandbits.click\/lea-seydoux-y-louis-garrel-abriran-el-festival-de-cannes-con-the-second-act\/"},"author":{"name":"Spanglish Cinema Team","@id":"https:\/\/clientesbrandbits.click\/#\/schema\/person\/678f0477e0f075fdf24e58e342ca80f1"},"headline":"L\u00e9a Seydoux y Louis Garrel abrir\u00e1n el Festival de Cannes con \u00abThe Second Act\u00bb","datePublished":"2024-04-03T15:34:32+00:00","dateModified":"2024-04-03T15:34:56+00:00","mainEntityOfPage":{"@id":"https:\/\/clientesbrandbits.click\/lea-seydoux-y-louis-garrel-abriran-el-festival-de-cannes-con-the-second-act\/"},"wordCount":344,"publisher":{"@id":"https:\/\/clientesbrandbits.click\/#organization"},"image":{"@id":"https:\/\/clientesbrandbits.click\/lea-seydoux-y-louis-garrel-abriran-el-festival-de-cannes-con-the-second-act\/#primaryimage"},"thumbnailUrl":"https:\/\/clientesbrandbits.click\/wp-content\/uploads\/2024\/04\/second-act.jpg","keywords":["festival de cannes"],"articleSection":["Festivales de Cine","Films"],"inLanguage":"es"},{"@type":"WebPage","@id":"https:\/\/clientesbrandbits.click\/lea-seydoux-y-louis-garrel-abriran-el-festival-de-cannes-con-the-second-act\/","url":"https:\/\/clientesbrandbits.click\/lea-seydoux-y-louis-garrel-abriran-el-festival-de-cannes-con-the-second-act\/","name":"L\u00e9a Seydoux y Louis Garrel abrir\u00e1n el Festival de Cannes con \"The Second Act\" - Spanglish Cinema","isPartOf":{"@id":"https:\/\/clientesbrandbits.click\/#website"},"primaryImageOfPage":{"@id":"https:\/\/clientesbrandbits.click\/lea-seydoux-y-louis-garrel-abriran-el-festival-de-cannes-con-the-second-act\/#primaryimage"},"image":{"@id":"https:\/\/clientesbrandbits.click\/lea-seydoux-y-louis-garrel-abriran-el-festival-de-cannes-con-the-second-act\/#primaryimage"},"thumbnailUrl":"https:\/\/clientesbrandbits.click\/wp-content\/uploads\/2024\/04\/second-act.jpg","datePublished":"2024-04-03T15:34:32+00:00","dateModified":"2024-04-03T15:34:56+00:00","breadcrumb":{"@id":"https:\/\/clientesbrandbits.click\/lea-seydoux-y-louis-garrel-abriran-el-festival-de-cannes-con-the-second-act\/#breadcrumb"},"inLanguage":"es","potentialAction":[{"@type":"ReadAction","target":["https:\/\/clientesbrandbits.click\/lea-seydoux-y-louis-garrel-abriran-el-festival-de-cannes-con-the-second-act\/"]}]},{"@type":"ImageObject","inLanguage":"es","@id":"https:\/\/clientesbrandbits.click\/lea-seydoux-y-louis-garrel-abriran-el-festival-de-cannes-con-the-second-act\/#primaryimage","url":"https:\/\/clientesbrandbits.click\/wp-content\/uploads\/2024\/04\/second-act.jpg","contentUrl":"https:\/\/clientesbrandbits.click\/wp-content\/uploads\/2024\/04\/second-act.jpg","width":780,"height":519},{"@type":"BreadcrumbList","@id":"https:\/\/clientesbrandbits.click\/lea-seydoux-y-louis-garrel-abriran-el-festival-de-cannes-con-the-second-act\/#breadcrumb","itemListElement":[{"@type":"ListItem","position":1,"name":"Portada","item":"https:\/\/clientesbrandbits.click\/"},{"@type":"ListItem","position":2,"name":"L\u00e9a Seydoux y Louis Garrel abrir\u00e1n el Festival de Cannes con &#8220;The Second Act&#8221;"}]},{"@type":"WebSite","@id":"https:\/\/clientesbrandbits.click\/#website","url":"https:\/\/clientesbrandbits.click\/","name":"Spanglish Cinema","description":"","publisher":{"@id":"https:\/\/clientesbrandbits.click\/#organization"},"potentialAction":[{"@type":"SearchAction","target":{"@type":"EntryPoint","urlTemplate":"https:\/\/clientesbrandbits.click\/?s={search_term_string}"},"query-input":"required name=search_term_string"}],"inLanguage":"es"},{"@type":"Organization","@id":"https:\/\/clientesbrandbits.click\/#organization","name":"Spanglish Cinema","url":"https:\/\/clientesbrandbits.click\/","logo":{"@type":"ImageObject","inLanguage":"es","@id":"https:\/\/clientesbrandbits.click\/#\/schema\/logo\/image\/","url":"https:\/\/clientesbrandbits.click\/wp-content\/uploads\/2024\/03\/spanglish_cinema.png","contentUrl":"https:\/\/clientesbrandbits.click\/wp-content\/uploads\/2024\/03\/spanglish_cinema.png","width":612,"height":225,"caption":"Spanglish Cinema"},"image":{"@id":"https:\/\/clientesbrandbits.click\/#\/schema\/logo\/image\/"}},{"@type":"Person","@id":"https:\/\/clientesbrandbits.click\/#\/schema\/person\/678f0477e0f075fdf24e58e342ca80f1","name":"Spanglish Cinema Team","image":{"@type":"ImageObject","inLanguage":"es","@id":"https:\/\/clientesbrandbits.click\/#\/schema\/person\/image\/","url":"https:\/\/secure.gravatar.com\/avatar\/3eef20e32ea53867d5b6a361c9e8e2ee?s=96&d=mm&r=g","contentUrl":"https:\/\/secure.gravatar.com\/avatar\/3eef20e32ea53867d5b6a361c9e8e2ee?s=96&d=mm&r=g","caption":"Spanglish Cinema Team"},"url":"https:\/\/clientesbrandbits.click\/es\/author\/spanglish-cinema\/"}]}},"_links":{"self":[{"href":"https:\/\/clientesbrandbits.click\/es\/wp-json\/wp\/v2\/posts\/818"}],"collection":[{"href":"https:\/\/clientesbrandbits.click\/es\/wp-json\/wp\/v2\/posts"}],"about":[{"href":"https:\/\/clientesbrandbits.click\/es\/wp-json\/wp\/v2\/types\/post"}],"author":[{"embeddable":true,"href":"https:\/\/clientesbrandbits.click\/es\/wp-json\/wp\/v2\/users\/3"}],"replies":[{"embeddable":true,"href":"https:\/\/clientesbrandbits.click\/es\/wp-json\/wp\/v2\/comments?post=818"}],"version-history":[{"count":2,"href":"https:\/\/clientesbrandbits.click\/es\/wp-json\/wp\/v2\/posts\/818\/revisions"}],"predecessor-version":[{"id":822,"href":"https:\/\/clientesbrandbits.click\/es\/wp-json\/wp\/v2\/posts\/818\/revisions\/822"}],"wp:featuredmedia":[{"embeddable":true,"href":"https:\/\/clientesbrandbits.click\/es\/wp-json\/wp\/v2\/media\/821"}],"wp:attachment":[{"href":"https:\/\/clientesbrandbits.click\/es\/wp-json\/wp\/v2\/media?parent=818"}],"wp:term":[{"taxonomy":"category","embeddable":true,"href":"https:\/\/clientesbrandbits.click\/es\/wp-json\/wp\/v2\/categories?post=818"},{"taxonomy":"post_tag","embeddable":true,"href":"https:\/\/clientesbrandbits.click\/es\/wp-json\/wp\/v2\/tags?post=818"}],"curies":[{"name":"wp","href":"https:\/\/api.w.org\/{rel}","templated":true}]}}