{"id":747,"date":"2024-03-01T12:42:00","date_gmt":"2024-03-01T15:42:00","guid":{"rendered":"https:\/\/clientesbrandbits.click\/?p=747"},"modified":"2024-03-29T12:42:16","modified_gmt":"2024-03-29T15:42:16","slug":"we-are-guardians-el-documental-que-defiende-la-amazonia","status":"publish","type":"post","link":"https:\/\/clientesbrandbits.click\/es\/we-are-guardians-el-documental-que-defiende-la-amazonia\/","title":{"rendered":"We are Guardians: El documental que defiende la Amazon\u00eda"},"content":{"rendered":"<p id=\"la-lucha-por-la-preservacion-de-la-amazonia-es-constante-gracias-a-los-guardianes-te-contamos-de-que-va-we-are-guardianes\"><strong>La lucha por la preservaci\u00f3n de la Amazon\u00eda es constante gracias a \u201clos Guardianes\u201d. Te contamos de qu\u00e9 va We Are Guardianes<\/strong><\/p>\n<p>Con\u00a0<strong>We are Guardians<\/strong>\u00a0(Somos Guardianes) te adentrar\u00e1s en medio de la selva amaz\u00f3nica y la dejar\u00e1s de ver solo como \u201cel pulm\u00f3n mas grande del mundo\u201d, porque conocer\u00e1s las historias de vida de quienes son sus preservadores y la constante lucha de los pueblos ind\u00edgenas del lugar en contra la deforestaci\u00f3n y la agricultura masiva.<\/p>\n<p>El Amazonas hoy es una de las fuentes productoras m\u00e1s grandes de ox\u00edgeno del mundo, pero su deforestaci\u00f3n e impacto negativo del extractivismo puede tornarla en lo contrario, si sigue el camino de su destrucci\u00f3n podr\u00eda ser una fuente gigantesca de carbono causando da\u00f1os irreparables a la biosfera mundial.<\/p>\n<p>El documental comienza en la \u00e9poca del gobierno de Jair Bolsonaro, un conocido promotor de el extractivismo a gran escala en la amazon\u00eda y un f\u00e9rreo opositor al activismo de los pueblos ind\u00edgenas por la preservaci\u00f3n del lugar. En ese contexto, se introducir\u00e1 la lucha de los guardianes, Puyr Temb\u00e9 una lider ind\u00edgena que migra de su pueblo para irse a Belem, ciudad del estado de Par\u00e1, Brasil, para buscar espacios desde las pol\u00edticas p\u00fablicas que permitan defender estos espacios con leyes y programas; Marcal, uno de los cuidadores que vive en el lugar y que se capacita junto a otros, casi como en una milicia, para combatir las muertes de l\u00edderes ind\u00edgenas que se han generado por este conflicto y Tadou, qui\u00e9n emigr\u00f3 en los a\u00f1os setenta desde rio al lugar y que tambi\u00e9n realiza, todos los d\u00edas, rondas de vigilancia en el lugar.<\/p>\n<p>Como contrapunto, conocemos a Vadil, quien sustenta la base de su econom\u00eda en la tala ilegal de \u00e1rboles y ha esto se ha dedicado toda su vida. Esa inflexi\u00f3n, provoca la reflexi\u00f3n sobre c\u00f3mo se podr\u00edan abordar pol\u00edticas sostenibles que ayudaran a la econom\u00eda local sin causar impactos negativos o derechamente crisis ambientales.<\/p>\n<p>Los protagonistas del documental hablaron con Cin\u00e9filos y nos contaron sobre c\u00f3mo han abordado esta lucha. Capacitando informalmente pero de manera colaborativa entre todos los l\u00edderes ind\u00edgenas del lugar, en una esfera m\u00e1s amplia, apoyando su trabajo mediante pol\u00edticas p\u00fablicas e internacionales y buscando espacios como el Festival de Cine de Santa B\u00e1rbara para poder difundir su trabajo y la necesidad de cuidado inmediato del Amazonas. Recientemente han logrado negociar su estreno en Netflix por lo que ya lo puedes ver en la plataforma de la N roja en Latinoam\u00e9rica.<\/p>\n<div class=\"jnews_inline_related_post_wrapper left\">\n<div class=\"jnews_inline_related_post\">\n<div class=\"jeg_postblock_21 jeg_postblock jeg_module_hook jeg_pagination_nextprev jeg_col_2o3 jnews_module_73484_0_660620a79bbe2   \" data-unique=\"jnews_module_73484_0_660620a79bbe2\">\n<div class=\"jeg_block_heading jeg_block_heading_6 jeg_subcat_right\">\n<h3 class=\"jeg_block_title\"><\/h3>\n<\/div>\n<\/div>\n<\/div>\n<\/div>\n","protected":false},"excerpt":{"rendered":"<p>La lucha por la preservaci\u00f3n de la Amazon\u00eda es constante gracias a \u201clos Guardianes\u201d. Te contamos de qu\u00e9 va We Are Guardianes Con\u00a0We are Guardians\u00a0(Somos Guardianes) te adentrar\u00e1s en medio de la selva amaz\u00f3nica y la dejar\u00e1s de ver solo &#8230; <a title=\"We are Guardians: El documental que defiende la Amazon\u00eda\" class=\"read-more\" href=\"https:\/\/clientesbrandbits.click\/es\/we-are-guardians-el-documental-que-defiende-la-amazonia\/\" aria-label=\"Leer m\u00e1s sobre We are Guardians: El documental que defiende la Amazon\u00eda\">Leer M\u00e1s<\/a><\/p>\n","protected":false},"author":2,"featured_media":748,"comment_status":"closed","ping_status":"closed","sticky":false,"template":"","format":"standard","meta":{"_joinchat":[],"footnotes":""},"categories":[11],"tags":[56,55],"class_list":["post-747","post","type-post","status-publish","format-standard","has-post-thumbnail","hentry","category-festivales-de-cine","tag-santa-barbara-film-festival","tag-we-are-guardians","infinite-scroll-item"],"yoast_head":"<!-- This site is optimized with the Yoast SEO plugin v22.8 - https:\/\/yoast.com\/wordpress\/plugins\/seo\/ -->\n<title>We are Guardians: El documental que defiende la Amazon\u00eda - Spanglish Cinema<\/title>\n<meta name=\"description\" content=\"La lucha por la preservaci\u00f3n de la Amazon\u00eda es constante gracias a \u201clos Guardianes\u201d. Te contamos de qu\u00e9 va We Are Guardianes\" \/>\n<meta name=\"robots\" content=\"index, follow, max-snippet:-1, max-image-preview:large, max-video-preview:-1\" \/>\n<link rel=\"canonical\" href=\"https:\/\/clientesbrandbits.click\/es\/we-are-guardians-el-documental-que-defiende-la-amazonia\/\" \/>\n<meta property=\"og:locale\" content=\"es_ES\" \/>\n<meta property=\"og:type\" content=\"article\" \/>\n<meta property=\"og:title\" content=\"We are Guardians: El documental que defiende la Amazon\u00eda - Spanglish Cinema\" \/>\n<meta property=\"og:description\" content=\"La lucha por la preservaci\u00f3n de la Amazon\u00eda es constante gracias a \u201clos Guardianes\u201d. Te contamos de qu\u00e9 va We Are Guardianes\" \/>\n<meta property=\"og:url\" content=\"https:\/\/clientesbrandbits.click\/es\/we-are-guardians-el-documental-que-defiende-la-amazonia\/\" \/>\n<meta property=\"og:site_name\" content=\"Spanglish Cinema\" \/>\n<meta property=\"article:published_time\" content=\"2024-03-01T15:42:00+00:00\" \/>\n<meta property=\"article:modified_time\" content=\"2024-03-29T15:42:16+00:00\" \/>\n<meta property=\"og:image\" content=\"https:\/\/clientesbrandbits.click\/wp-content\/uploads\/2024\/03\/LEAD-IMAGE-We-Are-Guardians-1-photo-credit-Fernanda-Luna-1-1600x900-c-default.jpg\" \/>\n\t<meta property=\"og:image:width\" content=\"1600\" \/>\n\t<meta property=\"og:image:height\" content=\"900\" \/>\n\t<meta property=\"og:image:type\" content=\"image\/jpeg\" \/>\n<meta name=\"author\" content=\"Francisca Romero\" \/>\n<meta name=\"twitter:card\" content=\"summary_large_image\" \/>\n<meta name=\"twitter:label1\" content=\"Escrito por\" \/>\n\t<meta name=\"twitter:data1\" content=\"Francisca Romero\" \/>\n\t<meta name=\"twitter:label2\" content=\"Tiempo de lectura\" \/>\n\t<meta name=\"twitter:data2\" content=\"3 minutos\" \/>\n<script type=\"application\/ld+json\" class=\"yoast-schema-graph\">{\"@context\":\"https:\/\/schema.org\",\"@graph\":[{\"@type\":\"Article\",\"@id\":\"https:\/\/clientesbrandbits.click\/we-are-guardians-el-documental-que-defiende-la-amazonia\/#article\",\"isPartOf\":{\"@id\":\"https:\/\/clientesbrandbits.click\/we-are-guardians-el-documental-que-defiende-la-amazonia\/\"},\"author\":{\"name\":\"Francisca Romero\",\"@id\":\"https:\/\/clientesbrandbits.click\/#\/schema\/person\/fedc39f5790928deafca5719b3588db2\"},\"headline\":\"We are Guardians: El documental que defiende la Amazon\u00eda\",\"datePublished\":\"2024-03-01T15:42:00+00:00\",\"dateModified\":\"2024-03-29T15:42:16+00:00\",\"mainEntityOfPage\":{\"@id\":\"https:\/\/clientesbrandbits.click\/we-are-guardians-el-documental-que-defiende-la-amazonia\/\"},\"wordCount\":469,\"publisher\":{\"@id\":\"https:\/\/clientesbrandbits.click\/#organization\"},\"image\":{\"@id\":\"https:\/\/clientesbrandbits.click\/we-are-guardians-el-documental-que-defiende-la-amazonia\/#primaryimage\"},\"thumbnailUrl\":\"https:\/\/clientesbrandbits.click\/wp-content\/uploads\/2024\/03\/LEAD-IMAGE-We-Are-Guardians-1-photo-credit-Fernanda-Luna-1-1600x900-c-default.jpg\",\"keywords\":[\"santa barbara film festival\",\"we are guardians\"],\"articleSection\":[\"Festivales de Cine\"],\"inLanguage\":\"es\"},{\"@type\":\"WebPage\",\"@id\":\"https:\/\/clientesbrandbits.click\/we-are-guardians-el-documental-que-defiende-la-amazonia\/\",\"url\":\"https:\/\/clientesbrandbits.click\/we-are-guardians-el-documental-que-defiende-la-amazonia\/\",\"name\":\"We are Guardians: El documental que defiende la Amazon\u00eda - Spanglish Cinema\",\"isPartOf\":{\"@id\":\"https:\/\/clientesbrandbits.click\/#website\"},\"primaryImageOfPage\":{\"@id\":\"https:\/\/clientesbrandbits.click\/we-are-guardians-el-documental-que-defiende-la-amazonia\/#primaryimage\"},\"image\":{\"@id\":\"https:\/\/clientesbrandbits.click\/we-are-guardians-el-documental-que-defiende-la-amazonia\/#primaryimage\"},\"thumbnailUrl\":\"https:\/\/clientesbrandbits.click\/wp-content\/uploads\/2024\/03\/LEAD-IMAGE-We-Are-Guardians-1-photo-credit-Fernanda-Luna-1-1600x900-c-default.jpg\",\"datePublished\":\"2024-03-01T15:42:00+00:00\",\"dateModified\":\"2024-03-29T15:42:16+00:00\",\"description\":\"La lucha por la preservaci\u00f3n de la Amazon\u00eda es constante gracias a \u201clos Guardianes\u201d. Te contamos de qu\u00e9 va We Are Guardianes\",\"breadcrumb\":{\"@id\":\"https:\/\/clientesbrandbits.click\/we-are-guardians-el-documental-que-defiende-la-amazonia\/#breadcrumb\"},\"inLanguage\":\"es\",\"potentialAction\":[{\"@type\":\"ReadAction\",\"target\":[\"https:\/\/clientesbrandbits.click\/we-are-guardians-el-documental-que-defiende-la-amazonia\/\"]}]},{\"@type\":\"ImageObject\",\"inLanguage\":\"es\",\"@id\":\"https:\/\/clientesbrandbits.click\/we-are-guardians-el-documental-que-defiende-la-amazonia\/#primaryimage\",\"url\":\"https:\/\/clientesbrandbits.click\/wp-content\/uploads\/2024\/03\/LEAD-IMAGE-We-Are-Guardians-1-photo-credit-Fernanda-Luna-1-1600x900-c-default.jpg\",\"contentUrl\":\"https:\/\/clientesbrandbits.click\/wp-content\/uploads\/2024\/03\/LEAD-IMAGE-We-Are-Guardians-1-photo-credit-Fernanda-Luna-1-1600x900-c-default.jpg\",\"width\":1600,\"height\":900},{\"@type\":\"BreadcrumbList\",\"@id\":\"https:\/\/clientesbrandbits.click\/we-are-guardians-el-documental-que-defiende-la-amazonia\/#breadcrumb\",\"itemListElement\":[{\"@type\":\"ListItem\",\"position\":1,\"name\":\"Portada\",\"item\":\"https:\/\/clientesbrandbits.click\/\"},{\"@type\":\"ListItem\",\"position\":2,\"name\":\"We are Guardians: El documental que defiende la Amazon\u00eda\"}]},{\"@type\":\"WebSite\",\"@id\":\"https:\/\/clientesbrandbits.click\/#website\",\"url\":\"https:\/\/clientesbrandbits.click\/\",\"name\":\"Spanglish Cinema\",\"description\":\"\",\"publisher\":{\"@id\":\"https:\/\/clientesbrandbits.click\/#organization\"},\"potentialAction\":[{\"@type\":\"SearchAction\",\"target\":{\"@type\":\"EntryPoint\",\"urlTemplate\":\"https:\/\/clientesbrandbits.click\/?s={search_term_string}\"},\"query-input\":\"required name=search_term_string\"}],\"inLanguage\":\"es\"},{\"@type\":\"Organization\",\"@id\":\"https:\/\/clientesbrandbits.click\/#organization\",\"name\":\"Spanglish Cinema\",\"url\":\"https:\/\/clientesbrandbits.click\/\",\"logo\":{\"@type\":\"ImageObject\",\"inLanguage\":\"es\",\"@id\":\"https:\/\/clientesbrandbits.click\/#\/schema\/logo\/image\/\",\"url\":\"https:\/\/clientesbrandbits.click\/wp-content\/uploads\/2024\/03\/spanglish_cinema.png\",\"contentUrl\":\"https:\/\/clientesbrandbits.click\/wp-content\/uploads\/2024\/03\/spanglish_cinema.png\",\"width\":612,\"height\":225,\"caption\":\"Spanglish Cinema\"},\"image\":{\"@id\":\"https:\/\/clientesbrandbits.click\/#\/schema\/logo\/image\/\"}},{\"@type\":\"Person\",\"@id\":\"https:\/\/clientesbrandbits.click\/#\/schema\/person\/fedc39f5790928deafca5719b3588db2\",\"name\":\"Francisca Romero\",\"image\":{\"@type\":\"ImageObject\",\"inLanguage\":\"es\",\"@id\":\"https:\/\/clientesbrandbits.click\/#\/schema\/person\/image\/\",\"url\":\"https:\/\/secure.gravatar.com\/avatar\/59bbcac6a15502dc7740d8ba94724e62?s=96&d=mm&r=g\",\"contentUrl\":\"https:\/\/secure.gravatar.com\/avatar\/59bbcac6a15502dc7740d8ba94724e62?s=96&d=mm&r=g\",\"caption\":\"Francisca Romero\"},\"url\":\"https:\/\/clientesbrandbits.click\/es\/author\/francisca-romero\/\"}]}<\/script>\n<!-- \/ Yoast SEO plugin. -->","yoast_head_json":{"title":"We are Guardians: El documental que defiende la Amazon\u00eda - Spanglish Cinema","description":"La lucha por la preservaci\u00f3n de la Amazon\u00eda es constante gracias a \u201clos Guardianes\u201d. Te contamos de qu\u00e9 va We Are Guardianes","robots":{"index":"index","follow":"follow","max-snippet":"max-snippet:-1","max-image-preview":"max-image-preview:large","max-video-preview":"max-video-preview:-1"},"canonical":"https:\/\/clientesbrandbits.click\/es\/we-are-guardians-el-documental-que-defiende-la-amazonia\/","og_locale":"es_ES","og_type":"article","og_title":"We are Guardians: El documental que defiende la Amazon\u00eda - Spanglish Cinema","og_description":"La lucha por la preservaci\u00f3n de la Amazon\u00eda es constante gracias a \u201clos Guardianes\u201d. Te contamos de qu\u00e9 va We Are Guardianes","og_url":"https:\/\/clientesbrandbits.click\/es\/we-are-guardians-el-documental-que-defiende-la-amazonia\/","og_site_name":"Spanglish Cinema","article_published_time":"2024-03-01T15:42:00+00:00","article_modified_time":"2024-03-29T15:42:16+00:00","og_image":[{"width":1600,"height":900,"url":"https:\/\/clientesbrandbits.click\/wp-content\/uploads\/2024\/03\/LEAD-IMAGE-We-Are-Guardians-1-photo-credit-Fernanda-Luna-1-1600x900-c-default.jpg","type":"image\/jpeg"}],"author":"Francisca Romero","twitter_card":"summary_large_image","twitter_misc":{"Escrito por":"Francisca Romero","Tiempo de lectura":"3 minutos"},"schema":{"@context":"https:\/\/schema.org","@graph":[{"@type":"Article","@id":"https:\/\/clientesbrandbits.click\/we-are-guardians-el-documental-que-defiende-la-amazonia\/#article","isPartOf":{"@id":"https:\/\/clientesbrandbits.click\/we-are-guardians-el-documental-que-defiende-la-amazonia\/"},"author":{"name":"Francisca Romero","@id":"https:\/\/clientesbrandbits.click\/#\/schema\/person\/fedc39f5790928deafca5719b3588db2"},"headline":"We are Guardians: El documental que defiende la Amazon\u00eda","datePublished":"2024-03-01T15:42:00+00:00","dateModified":"2024-03-29T15:42:16+00:00","mainEntityOfPage":{"@id":"https:\/\/clientesbrandbits.click\/we-are-guardians-el-documental-que-defiende-la-amazonia\/"},"wordCount":469,"publisher":{"@id":"https:\/\/clientesbrandbits.click\/#organization"},"image":{"@id":"https:\/\/clientesbrandbits.click\/we-are-guardians-el-documental-que-defiende-la-amazonia\/#primaryimage"},"thumbnailUrl":"https:\/\/clientesbrandbits.click\/wp-content\/uploads\/2024\/03\/LEAD-IMAGE-We-Are-Guardians-1-photo-credit-Fernanda-Luna-1-1600x900-c-default.jpg","keywords":["santa barbara film festival","we are guardians"],"articleSection":["Festivales de Cine"],"inLanguage":"es"},{"@type":"WebPage","@id":"https:\/\/clientesbrandbits.click\/we-are-guardians-el-documental-que-defiende-la-amazonia\/","url":"https:\/\/clientesbrandbits.click\/we-are-guardians-el-documental-que-defiende-la-amazonia\/","name":"We are Guardians: El documental que defiende la Amazon\u00eda - Spanglish Cinema","isPartOf":{"@id":"https:\/\/clientesbrandbits.click\/#website"},"primaryImageOfPage":{"@id":"https:\/\/clientesbrandbits.click\/we-are-guardians-el-documental-que-defiende-la-amazonia\/#primaryimage"},"image":{"@id":"https:\/\/clientesbrandbits.click\/we-are-guardians-el-documental-que-defiende-la-amazonia\/#primaryimage"},"thumbnailUrl":"https:\/\/clientesbrandbits.click\/wp-content\/uploads\/2024\/03\/LEAD-IMAGE-We-Are-Guardians-1-photo-credit-Fernanda-Luna-1-1600x900-c-default.jpg","datePublished":"2024-03-01T15:42:00+00:00","dateModified":"2024-03-29T15:42:16+00:00","description":"La lucha por la preservaci\u00f3n de la Amazon\u00eda es constante gracias a \u201clos Guardianes\u201d. Te contamos de qu\u00e9 va We Are Guardianes","breadcrumb":{"@id":"https:\/\/clientesbrandbits.click\/we-are-guardians-el-documental-que-defiende-la-amazonia\/#breadcrumb"},"inLanguage":"es","potentialAction":[{"@type":"ReadAction","target":["https:\/\/clientesbrandbits.click\/we-are-guardians-el-documental-que-defiende-la-amazonia\/"]}]},{"@type":"ImageObject","inLanguage":"es","@id":"https:\/\/clientesbrandbits.click\/we-are-guardians-el-documental-que-defiende-la-amazonia\/#primaryimage","url":"https:\/\/clientesbrandbits.click\/wp-content\/uploads\/2024\/03\/LEAD-IMAGE-We-Are-Guardians-1-photo-credit-Fernanda-Luna-1-1600x900-c-default.jpg","contentUrl":"https:\/\/clientesbrandbits.click\/wp-content\/uploads\/2024\/03\/LEAD-IMAGE-We-Are-Guardians-1-photo-credit-Fernanda-Luna-1-1600x900-c-default.jpg","width":1600,"height":900},{"@type":"BreadcrumbList","@id":"https:\/\/clientesbrandbits.click\/we-are-guardians-el-documental-que-defiende-la-amazonia\/#breadcrumb","itemListElement":[{"@type":"ListItem","position":1,"name":"Portada","item":"https:\/\/clientesbrandbits.click\/"},{"@type":"ListItem","position":2,"name":"We are Guardians: El documental que defiende la Amazon\u00eda"}]},{"@type":"WebSite","@id":"https:\/\/clientesbrandbits.click\/#website","url":"https:\/\/clientesbrandbits.click\/","name":"Spanglish Cinema","description":"","publisher":{"@id":"https:\/\/clientesbrandbits.click\/#organization"},"potentialAction":[{"@type":"SearchAction","target":{"@type":"EntryPoint","urlTemplate":"https:\/\/clientesbrandbits.click\/?s={search_term_string}"},"query-input":"required name=search_term_string"}],"inLanguage":"es"},{"@type":"Organization","@id":"https:\/\/clientesbrandbits.click\/#organization","name":"Spanglish Cinema","url":"https:\/\/clientesbrandbits.click\/","logo":{"@type":"ImageObject","inLanguage":"es","@id":"https:\/\/clientesbrandbits.click\/#\/schema\/logo\/image\/","url":"https:\/\/clientesbrandbits.click\/wp-content\/uploads\/2024\/03\/spanglish_cinema.png","contentUrl":"https:\/\/clientesbrandbits.click\/wp-content\/uploads\/2024\/03\/spanglish_cinema.png","width":612,"height":225,"caption":"Spanglish Cinema"},"image":{"@id":"https:\/\/clientesbrandbits.click\/#\/schema\/logo\/image\/"}},{"@type":"Person","@id":"https:\/\/clientesbrandbits.click\/#\/schema\/person\/fedc39f5790928deafca5719b3588db2","name":"Francisca Romero","image":{"@type":"ImageObject","inLanguage":"es","@id":"https:\/\/clientesbrandbits.click\/#\/schema\/person\/image\/","url":"https:\/\/secure.gravatar.com\/avatar\/59bbcac6a15502dc7740d8ba94724e62?s=96&d=mm&r=g","contentUrl":"https:\/\/secure.gravatar.com\/avatar\/59bbcac6a15502dc7740d8ba94724e62?s=96&d=mm&r=g","caption":"Francisca Romero"},"url":"https:\/\/clientesbrandbits.click\/es\/author\/francisca-romero\/"}]}},"_links":{"self":[{"href":"https:\/\/clientesbrandbits.click\/es\/wp-json\/wp\/v2\/posts\/747"}],"collection":[{"href":"https:\/\/clientesbrandbits.click\/es\/wp-json\/wp\/v2\/posts"}],"about":[{"href":"https:\/\/clientesbrandbits.click\/es\/wp-json\/wp\/v2\/types\/post"}],"author":[{"embeddable":true,"href":"https:\/\/clientesbrandbits.click\/es\/wp-json\/wp\/v2\/users\/2"}],"replies":[{"embeddable":true,"href":"https:\/\/clientesbrandbits.click\/es\/wp-json\/wp\/v2\/comments?post=747"}],"version-history":[{"count":1,"href":"https:\/\/clientesbrandbits.click\/es\/wp-json\/wp\/v2\/posts\/747\/revisions"}],"predecessor-version":[{"id":749,"href":"https:\/\/clientesbrandbits.click\/es\/wp-json\/wp\/v2\/posts\/747\/revisions\/749"}],"wp:featuredmedia":[{"embeddable":true,"href":"https:\/\/clientesbrandbits.click\/es\/wp-json\/wp\/v2\/media\/748"}],"wp:attachment":[{"href":"https:\/\/clientesbrandbits.click\/es\/wp-json\/wp\/v2\/media?parent=747"}],"wp:term":[{"taxonomy":"category","embeddable":true,"href":"https:\/\/clientesbrandbits.click\/es\/wp-json\/wp\/v2\/categories?post=747"},{"taxonomy":"post_tag","embeddable":true,"href":"https:\/\/clientesbrandbits.click\/es\/wp-json\/wp\/v2\/tags?post=747"}],"curies":[{"name":"wp","href":"https:\/\/api.w.org\/{rel}","templated":true}]}}