{"id":2601,"date":"2024-07-31T12:42:09","date_gmt":"2024-07-31T16:42:09","guid":{"rendered":"https:\/\/clientesbrandbits.click\/?p=2601"},"modified":"2024-07-31T13:26:26","modified_gmt":"2024-07-31T17:26:26","slug":"hablamos-con-el-director-y-cast-de-in-our-blood-nuevo-horror-latino","status":"publish","type":"post","link":"https:\/\/clientesbrandbits.click\/es\/hablamos-con-el-director-y-cast-de-in-our-blood-nuevo-horror-latino\/","title":{"rendered":"Hablamos con el director y Cast de \u00abIn Our Blood\u00bb nuevo horror latino"},"content":{"rendered":"<p style=\"text-align: justify;\">En el marco del <a href=\"https:\/\/clientesbrandbits.click\/mariana-di-girolamo-gana-mejor-interpretacion-en-festival-fantasia\/\"><strong><span style=\"color: #ff00ff;\">Festival Internacional de Cine de Fantas\u00eda<\/span><\/strong><\/a> de Montreal, tuvimos el placer de hablar con el director y protagonistas del film de terror latino <strong>\u201c In Our Blood\u201d<\/strong> del brasile\u00f1o <a href=\"https:\/\/www.imdb.com\/name\/nm1310430\/\"><strong><span style=\"color: #ff00ff;\">Pedro Kos<\/span><\/strong><\/a>.<\/p>\n<p style=\"text-align: justify;\">Pedro es un reconocido documentalista que incluso estuvo nominado a los premios de la academia. Esta vez, presenta su primera pel\u00edcula de ficci\u00f3n en el Festival Fantas\u00eda y lo acompa\u00f1a un reparto de lujo encabezado por Brittany O\u00b4Grady (The White Lotus), E.J Bonilla (El Exorcista Creyente) y Alanna Ubach (Euphoria).<\/p>\n<p style=\"text-align: justify;\"><strong>\u00bfDe qu\u00e9 va?<\/strong><\/p>\n<p style=\"text-align: justify;\">La pel\u00edcula \u201cIn Our Blood\u201d tiene como protagonista a Emily Wyland ( O\u2019 Grady) y a Danny (Bonilla), que son una directora y un camar\u00f3grafo que tienen la misi\u00f3n de filmar un documental sobre el reencuentro entre Emily y su madre (Ubach) luego de 10 a\u00f1os de estar separadas. <strong>El thriller comienza luego de verse, agendar una pr\u00f3xima cita al d\u00eda siguiente y que esta no llegara a concretarse por la misteriosa desaparici\u00f3n de la madre de Emily. Desde ah\u00ed los dos j\u00f3venes se embarcar\u00e1n en una misi\u00f3n por seguirle el rastro y buscar alguna pista para poder dar con su paradero, incluso conociendo que la precede una vida de abusos de drogas que podr\u00eda ser la principal teor\u00eda de su desaparici\u00f3n.<\/strong> Pero la historia comienza a tener ribetes escalofriantes y de terror que van desenmascarando cosas mucho m\u00e1s profundas que las que se pensaban en un comienzo. Sobre todo en la relaci\u00f3n de Emily con su Madre y lo que le pueblo donde vivi\u00f3 en su ni\u00f1ez y adolescencia les tiene por decir.<\/p>\n<p style=\"text-align: justify;\">Lo interesante del film es que<strong> mixtura el g\u00e9nero de documental de una manera ficcionada que pareciese darle una nueva posibilidad de creatividad al director que mezcla im\u00e1genes de c\u00e1mara y de celular como parte del registro de los dos j\u00f3venes cineastas.<\/strong> El cineasta no pierde su pasado documental y lo incorpora a la ficci\u00f3n que de igual manera logra retratarnos la periferia de Estados Unidos, como tambi\u00e9n, los problemas de pobreza y drogas en el lugar.<\/p>\n<p style=\"text-align: justify;\"><strong>La Entrevista<\/strong><\/p>\n<p style=\"text-align: justify;\">Pudimos hablar con Pedro Kos, su director y sus protagonistas Brittany O\u2019Grady, E.J Bonilla y Alanna Ubach en una distendida entrevista en donde recorrimos la inquietud del director por este nuevo g\u00e9nero, su motivaci\u00f3n para desarrollar el film, el desarrollo de los personajes con los actores y el desaf\u00edo de actuar como camar\u00f3grafo al tener que estar cien por ciento coordinados con el camar\u00f3grafo \u201creal\u201d de la pel\u00edcula.<\/p>\n<p style=\"text-align: justify;\"><strong>Puedes ver nuestra entrevista con el cast ac\u00e1:<\/strong><\/p>\n<p><iframe title=\"Entrevista Brittany O\u00b4Grady , Alanna Ubach y EJ Bonilla por  su nueva pel\u00edcula &quot;In our blood&quot;\" width=\"1200\" height=\"675\" src=\"https:\/\/www.youtube.com\/embed\/6M9gIvCRCJc?start=30&#038;feature=oembed\" frameborder=\"0\" allow=\"accelerometer; autoplay; clipboard-write; encrypted-media; gyroscope; picture-in-picture; web-share\" referrerpolicy=\"strict-origin-when-cross-origin\" allowfullscreen><\/iframe><\/p>\n<p>&nbsp;<\/p>\n","protected":false},"excerpt":{"rendered":"<p>En el marco del Festival Internacional de Cine de Fantas\u00eda de Montreal, tuvimos el placer de hablar con el director y protagonistas del film de terror latino \u201c In Our Blood\u201d del brasile\u00f1o Pedro Kos. Pedro es un reconocido documentalista &#8230; <a title=\"Hablamos con el director y Cast de \u00abIn Our Blood\u00bb nuevo horror latino\" class=\"read-more\" href=\"https:\/\/clientesbrandbits.click\/es\/hablamos-con-el-director-y-cast-de-in-our-blood-nuevo-horror-latino\/\" aria-label=\"Leer m\u00e1s sobre Hablamos con el director y Cast de \u00abIn Our Blood\u00bb nuevo horror latino\">Leer M\u00e1s<\/a><\/p>\n","protected":false},"author":2,"featured_media":2608,"comment_status":"closed","ping_status":"closed","sticky":false,"template":"","format":"standard","meta":{"_joinchat":[],"footnotes":""},"categories":[112,13],"tags":[164,221,222],"class_list":["post-2601","post","type-post","status-publish","format-standard","has-post-thumbnail","hentry","category-destacados","category-entrevistas","tag-destacados","tag-festival-fantasia","tag-in-our-blood","infinite-scroll-item"],"yoast_head":"<!-- This site is optimized with the Yoast SEO plugin v22.8 - https:\/\/yoast.com\/wordpress\/plugins\/seo\/ -->\n<title>Hablamos con el director y Cast de &quot;In Our Blood&quot; nuevo horror latino - Spanglish Cinema<\/title>\n<meta name=\"description\" content=\"En el marco del Festival Internacional de Cine de Fantas\u00eda de Montreal, tuvimos el placer de hablar con el director y protagonistas del film de terror latino \u201c In Our Blood\u201d del brasile\u00f1o Pedro Kos.\" \/>\n<meta name=\"robots\" content=\"index, follow, max-snippet:-1, max-image-preview:large, max-video-preview:-1\" \/>\n<link rel=\"canonical\" href=\"https:\/\/clientesbrandbits.click\/es\/hablamos-con-el-director-y-cast-de-in-our-blood-nuevo-horror-latino\/\" \/>\n<meta property=\"og:locale\" content=\"es_ES\" \/>\n<meta property=\"og:type\" content=\"article\" \/>\n<meta property=\"og:title\" content=\"Hablamos con el director y Cast de &quot;In Our Blood&quot; nuevo horror latino - Spanglish Cinema\" \/>\n<meta property=\"og:description\" content=\"En el marco del Festival Internacional de Cine de Fantas\u00eda de Montreal, tuvimos el placer de hablar con el director y protagonistas del film de terror latino \u201c In Our Blood\u201d del brasile\u00f1o Pedro Kos.\" \/>\n<meta property=\"og:url\" content=\"https:\/\/clientesbrandbits.click\/es\/hablamos-con-el-director-y-cast-de-in-our-blood-nuevo-horror-latino\/\" \/>\n<meta property=\"og:site_name\" content=\"Spanglish Cinema\" \/>\n<meta property=\"article:published_time\" content=\"2024-07-31T16:42:09+00:00\" \/>\n<meta property=\"article:modified_time\" content=\"2024-07-31T17:26:26+00:00\" \/>\n<meta property=\"og:image\" content=\"https:\/\/clientesbrandbits.click\/wp-content\/uploads\/2024\/07\/bear-07.png\" \/>\n\t<meta property=\"og:image:width\" content=\"1920\" \/>\n\t<meta property=\"og:image:height\" content=\"1081\" \/>\n\t<meta property=\"og:image:type\" content=\"image\/png\" \/>\n<meta name=\"author\" content=\"Francisca Romero\" \/>\n<meta name=\"twitter:card\" content=\"summary_large_image\" \/>\n<meta name=\"twitter:label1\" content=\"Escrito por\" \/>\n\t<meta name=\"twitter:data1\" content=\"Francisca Romero\" \/>\n\t<meta name=\"twitter:label2\" content=\"Tiempo de lectura\" \/>\n\t<meta name=\"twitter:data2\" content=\"3 minutos\" \/>\n<script type=\"application\/ld+json\" class=\"yoast-schema-graph\">{\"@context\":\"https:\/\/schema.org\",\"@graph\":[{\"@type\":\"Article\",\"@id\":\"https:\/\/clientesbrandbits.click\/hablamos-con-el-director-y-cast-de-in-our-blood-nuevo-horror-latino\/#article\",\"isPartOf\":{\"@id\":\"https:\/\/clientesbrandbits.click\/hablamos-con-el-director-y-cast-de-in-our-blood-nuevo-horror-latino\/\"},\"author\":{\"name\":\"Francisca Romero\",\"@id\":\"https:\/\/clientesbrandbits.click\/#\/schema\/person\/fedc39f5790928deafca5719b3588db2\"},\"headline\":\"Hablamos con el director y Cast de \u00abIn Our Blood\u00bb nuevo horror latino\",\"datePublished\":\"2024-07-31T16:42:09+00:00\",\"dateModified\":\"2024-07-31T17:26:26+00:00\",\"mainEntityOfPage\":{\"@id\":\"https:\/\/clientesbrandbits.click\/hablamos-con-el-director-y-cast-de-in-our-blood-nuevo-horror-latino\/\"},\"wordCount\":478,\"publisher\":{\"@id\":\"https:\/\/clientesbrandbits.click\/#organization\"},\"image\":{\"@id\":\"https:\/\/clientesbrandbits.click\/hablamos-con-el-director-y-cast-de-in-our-blood-nuevo-horror-latino\/#primaryimage\"},\"thumbnailUrl\":\"https:\/\/clientesbrandbits.click\/wp-content\/uploads\/2024\/07\/bear-07.png\",\"keywords\":[\"Destacados\",\"Festival Fantas\u00eda\",\"In our blood\"],\"articleSection\":[\"Destacados\",\"Entrevistas\"],\"inLanguage\":\"es\"},{\"@type\":\"WebPage\",\"@id\":\"https:\/\/clientesbrandbits.click\/hablamos-con-el-director-y-cast-de-in-our-blood-nuevo-horror-latino\/\",\"url\":\"https:\/\/clientesbrandbits.click\/hablamos-con-el-director-y-cast-de-in-our-blood-nuevo-horror-latino\/\",\"name\":\"Hablamos con el director y Cast de \\\"In Our Blood\\\" nuevo horror latino - Spanglish Cinema\",\"isPartOf\":{\"@id\":\"https:\/\/clientesbrandbits.click\/#website\"},\"primaryImageOfPage\":{\"@id\":\"https:\/\/clientesbrandbits.click\/hablamos-con-el-director-y-cast-de-in-our-blood-nuevo-horror-latino\/#primaryimage\"},\"image\":{\"@id\":\"https:\/\/clientesbrandbits.click\/hablamos-con-el-director-y-cast-de-in-our-blood-nuevo-horror-latino\/#primaryimage\"},\"thumbnailUrl\":\"https:\/\/clientesbrandbits.click\/wp-content\/uploads\/2024\/07\/bear-07.png\",\"datePublished\":\"2024-07-31T16:42:09+00:00\",\"dateModified\":\"2024-07-31T17:26:26+00:00\",\"description\":\"En el marco del Festival Internacional de Cine de Fantas\u00eda de Montreal, tuvimos el placer de hablar con el director y protagonistas del film de terror latino \u201c In Our Blood\u201d del brasile\u00f1o Pedro Kos.\",\"breadcrumb\":{\"@id\":\"https:\/\/clientesbrandbits.click\/hablamos-con-el-director-y-cast-de-in-our-blood-nuevo-horror-latino\/#breadcrumb\"},\"inLanguage\":\"es\",\"potentialAction\":[{\"@type\":\"ReadAction\",\"target\":[\"https:\/\/clientesbrandbits.click\/hablamos-con-el-director-y-cast-de-in-our-blood-nuevo-horror-latino\/\"]}]},{\"@type\":\"ImageObject\",\"inLanguage\":\"es\",\"@id\":\"https:\/\/clientesbrandbits.click\/hablamos-con-el-director-y-cast-de-in-our-blood-nuevo-horror-latino\/#primaryimage\",\"url\":\"https:\/\/clientesbrandbits.click\/wp-content\/uploads\/2024\/07\/bear-07.png\",\"contentUrl\":\"https:\/\/clientesbrandbits.click\/wp-content\/uploads\/2024\/07\/bear-07.png\",\"width\":1920,\"height\":1081},{\"@type\":\"BreadcrumbList\",\"@id\":\"https:\/\/clientesbrandbits.click\/hablamos-con-el-director-y-cast-de-in-our-blood-nuevo-horror-latino\/#breadcrumb\",\"itemListElement\":[{\"@type\":\"ListItem\",\"position\":1,\"name\":\"Portada\",\"item\":\"https:\/\/clientesbrandbits.click\/\"},{\"@type\":\"ListItem\",\"position\":2,\"name\":\"Hablamos con el director y Cast de &#8220;In Our Blood&#8221; nuevo horror latino\"}]},{\"@type\":\"WebSite\",\"@id\":\"https:\/\/clientesbrandbits.click\/#website\",\"url\":\"https:\/\/clientesbrandbits.click\/\",\"name\":\"Spanglish Cinema\",\"description\":\"\",\"publisher\":{\"@id\":\"https:\/\/clientesbrandbits.click\/#organization\"},\"potentialAction\":[{\"@type\":\"SearchAction\",\"target\":{\"@type\":\"EntryPoint\",\"urlTemplate\":\"https:\/\/clientesbrandbits.click\/?s={search_term_string}\"},\"query-input\":\"required name=search_term_string\"}],\"inLanguage\":\"es\"},{\"@type\":\"Organization\",\"@id\":\"https:\/\/clientesbrandbits.click\/#organization\",\"name\":\"Spanglish Cinema\",\"url\":\"https:\/\/clientesbrandbits.click\/\",\"logo\":{\"@type\":\"ImageObject\",\"inLanguage\":\"es\",\"@id\":\"https:\/\/clientesbrandbits.click\/#\/schema\/logo\/image\/\",\"url\":\"https:\/\/clientesbrandbits.click\/wp-content\/uploads\/2024\/03\/spanglish_cinema.png\",\"contentUrl\":\"https:\/\/clientesbrandbits.click\/wp-content\/uploads\/2024\/03\/spanglish_cinema.png\",\"width\":612,\"height\":225,\"caption\":\"Spanglish Cinema\"},\"image\":{\"@id\":\"https:\/\/clientesbrandbits.click\/#\/schema\/logo\/image\/\"}},{\"@type\":\"Person\",\"@id\":\"https:\/\/clientesbrandbits.click\/#\/schema\/person\/fedc39f5790928deafca5719b3588db2\",\"name\":\"Francisca Romero\",\"image\":{\"@type\":\"ImageObject\",\"inLanguage\":\"es\",\"@id\":\"https:\/\/clientesbrandbits.click\/#\/schema\/person\/image\/\",\"url\":\"https:\/\/secure.gravatar.com\/avatar\/59bbcac6a15502dc7740d8ba94724e62?s=96&d=mm&r=g\",\"contentUrl\":\"https:\/\/secure.gravatar.com\/avatar\/59bbcac6a15502dc7740d8ba94724e62?s=96&d=mm&r=g\",\"caption\":\"Francisca Romero\"},\"url\":\"https:\/\/clientesbrandbits.click\/es\/author\/francisca-romero\/\"}]}<\/script>\n<!-- \/ Yoast SEO plugin. -->","yoast_head_json":{"title":"Hablamos con el director y Cast de \"In Our Blood\" nuevo horror latino - Spanglish Cinema","description":"En el marco del Festival Internacional de Cine de Fantas\u00eda de Montreal, tuvimos el placer de hablar con el director y protagonistas del film de terror latino \u201c In Our Blood\u201d del brasile\u00f1o Pedro Kos.","robots":{"index":"index","follow":"follow","max-snippet":"max-snippet:-1","max-image-preview":"max-image-preview:large","max-video-preview":"max-video-preview:-1"},"canonical":"https:\/\/clientesbrandbits.click\/es\/hablamos-con-el-director-y-cast-de-in-our-blood-nuevo-horror-latino\/","og_locale":"es_ES","og_type":"article","og_title":"Hablamos con el director y Cast de \"In Our Blood\" nuevo horror latino - Spanglish Cinema","og_description":"En el marco del Festival Internacional de Cine de Fantas\u00eda de Montreal, tuvimos el placer de hablar con el director y protagonistas del film de terror latino \u201c In Our Blood\u201d del brasile\u00f1o Pedro Kos.","og_url":"https:\/\/clientesbrandbits.click\/es\/hablamos-con-el-director-y-cast-de-in-our-blood-nuevo-horror-latino\/","og_site_name":"Spanglish Cinema","article_published_time":"2024-07-31T16:42:09+00:00","article_modified_time":"2024-07-31T17:26:26+00:00","og_image":[{"width":1920,"height":1081,"url":"https:\/\/clientesbrandbits.click\/wp-content\/uploads\/2024\/07\/bear-07.png","type":"image\/png"}],"author":"Francisca Romero","twitter_card":"summary_large_image","twitter_misc":{"Escrito por":"Francisca Romero","Tiempo de lectura":"3 minutos"},"schema":{"@context":"https:\/\/schema.org","@graph":[{"@type":"Article","@id":"https:\/\/clientesbrandbits.click\/hablamos-con-el-director-y-cast-de-in-our-blood-nuevo-horror-latino\/#article","isPartOf":{"@id":"https:\/\/clientesbrandbits.click\/hablamos-con-el-director-y-cast-de-in-our-blood-nuevo-horror-latino\/"},"author":{"name":"Francisca Romero","@id":"https:\/\/clientesbrandbits.click\/#\/schema\/person\/fedc39f5790928deafca5719b3588db2"},"headline":"Hablamos con el director y Cast de \u00abIn Our Blood\u00bb nuevo horror latino","datePublished":"2024-07-31T16:42:09+00:00","dateModified":"2024-07-31T17:26:26+00:00","mainEntityOfPage":{"@id":"https:\/\/clientesbrandbits.click\/hablamos-con-el-director-y-cast-de-in-our-blood-nuevo-horror-latino\/"},"wordCount":478,"publisher":{"@id":"https:\/\/clientesbrandbits.click\/#organization"},"image":{"@id":"https:\/\/clientesbrandbits.click\/hablamos-con-el-director-y-cast-de-in-our-blood-nuevo-horror-latino\/#primaryimage"},"thumbnailUrl":"https:\/\/clientesbrandbits.click\/wp-content\/uploads\/2024\/07\/bear-07.png","keywords":["Destacados","Festival Fantas\u00eda","In our blood"],"articleSection":["Destacados","Entrevistas"],"inLanguage":"es"},{"@type":"WebPage","@id":"https:\/\/clientesbrandbits.click\/hablamos-con-el-director-y-cast-de-in-our-blood-nuevo-horror-latino\/","url":"https:\/\/clientesbrandbits.click\/hablamos-con-el-director-y-cast-de-in-our-blood-nuevo-horror-latino\/","name":"Hablamos con el director y Cast de \"In Our Blood\" nuevo horror latino - Spanglish Cinema","isPartOf":{"@id":"https:\/\/clientesbrandbits.click\/#website"},"primaryImageOfPage":{"@id":"https:\/\/clientesbrandbits.click\/hablamos-con-el-director-y-cast-de-in-our-blood-nuevo-horror-latino\/#primaryimage"},"image":{"@id":"https:\/\/clientesbrandbits.click\/hablamos-con-el-director-y-cast-de-in-our-blood-nuevo-horror-latino\/#primaryimage"},"thumbnailUrl":"https:\/\/clientesbrandbits.click\/wp-content\/uploads\/2024\/07\/bear-07.png","datePublished":"2024-07-31T16:42:09+00:00","dateModified":"2024-07-31T17:26:26+00:00","description":"En el marco del Festival Internacional de Cine de Fantas\u00eda de Montreal, tuvimos el placer de hablar con el director y protagonistas del film de terror latino \u201c In Our Blood\u201d del brasile\u00f1o Pedro Kos.","breadcrumb":{"@id":"https:\/\/clientesbrandbits.click\/hablamos-con-el-director-y-cast-de-in-our-blood-nuevo-horror-latino\/#breadcrumb"},"inLanguage":"es","potentialAction":[{"@type":"ReadAction","target":["https:\/\/clientesbrandbits.click\/hablamos-con-el-director-y-cast-de-in-our-blood-nuevo-horror-latino\/"]}]},{"@type":"ImageObject","inLanguage":"es","@id":"https:\/\/clientesbrandbits.click\/hablamos-con-el-director-y-cast-de-in-our-blood-nuevo-horror-latino\/#primaryimage","url":"https:\/\/clientesbrandbits.click\/wp-content\/uploads\/2024\/07\/bear-07.png","contentUrl":"https:\/\/clientesbrandbits.click\/wp-content\/uploads\/2024\/07\/bear-07.png","width":1920,"height":1081},{"@type":"BreadcrumbList","@id":"https:\/\/clientesbrandbits.click\/hablamos-con-el-director-y-cast-de-in-our-blood-nuevo-horror-latino\/#breadcrumb","itemListElement":[{"@type":"ListItem","position":1,"name":"Portada","item":"https:\/\/clientesbrandbits.click\/"},{"@type":"ListItem","position":2,"name":"Hablamos con el director y Cast de &#8220;In Our Blood&#8221; nuevo horror latino"}]},{"@type":"WebSite","@id":"https:\/\/clientesbrandbits.click\/#website","url":"https:\/\/clientesbrandbits.click\/","name":"Spanglish Cinema","description":"","publisher":{"@id":"https:\/\/clientesbrandbits.click\/#organization"},"potentialAction":[{"@type":"SearchAction","target":{"@type":"EntryPoint","urlTemplate":"https:\/\/clientesbrandbits.click\/?s={search_term_string}"},"query-input":"required name=search_term_string"}],"inLanguage":"es"},{"@type":"Organization","@id":"https:\/\/clientesbrandbits.click\/#organization","name":"Spanglish Cinema","url":"https:\/\/clientesbrandbits.click\/","logo":{"@type":"ImageObject","inLanguage":"es","@id":"https:\/\/clientesbrandbits.click\/#\/schema\/logo\/image\/","url":"https:\/\/clientesbrandbits.click\/wp-content\/uploads\/2024\/03\/spanglish_cinema.png","contentUrl":"https:\/\/clientesbrandbits.click\/wp-content\/uploads\/2024\/03\/spanglish_cinema.png","width":612,"height":225,"caption":"Spanglish Cinema"},"image":{"@id":"https:\/\/clientesbrandbits.click\/#\/schema\/logo\/image\/"}},{"@type":"Person","@id":"https:\/\/clientesbrandbits.click\/#\/schema\/person\/fedc39f5790928deafca5719b3588db2","name":"Francisca Romero","image":{"@type":"ImageObject","inLanguage":"es","@id":"https:\/\/clientesbrandbits.click\/#\/schema\/person\/image\/","url":"https:\/\/secure.gravatar.com\/avatar\/59bbcac6a15502dc7740d8ba94724e62?s=96&d=mm&r=g","contentUrl":"https:\/\/secure.gravatar.com\/avatar\/59bbcac6a15502dc7740d8ba94724e62?s=96&d=mm&r=g","caption":"Francisca Romero"},"url":"https:\/\/clientesbrandbits.click\/es\/author\/francisca-romero\/"}]}},"_links":{"self":[{"href":"https:\/\/clientesbrandbits.click\/es\/wp-json\/wp\/v2\/posts\/2601"}],"collection":[{"href":"https:\/\/clientesbrandbits.click\/es\/wp-json\/wp\/v2\/posts"}],"about":[{"href":"https:\/\/clientesbrandbits.click\/es\/wp-json\/wp\/v2\/types\/post"}],"author":[{"embeddable":true,"href":"https:\/\/clientesbrandbits.click\/es\/wp-json\/wp\/v2\/users\/2"}],"replies":[{"embeddable":true,"href":"https:\/\/clientesbrandbits.click\/es\/wp-json\/wp\/v2\/comments?post=2601"}],"version-history":[{"count":1,"href":"https:\/\/clientesbrandbits.click\/es\/wp-json\/wp\/v2\/posts\/2601\/revisions"}],"predecessor-version":[{"id":2603,"href":"https:\/\/clientesbrandbits.click\/es\/wp-json\/wp\/v2\/posts\/2601\/revisions\/2603"}],"wp:featuredmedia":[{"embeddable":true,"href":"https:\/\/clientesbrandbits.click\/es\/wp-json\/wp\/v2\/media\/2608"}],"wp:attachment":[{"href":"https:\/\/clientesbrandbits.click\/es\/wp-json\/wp\/v2\/media?parent=2601"}],"wp:term":[{"taxonomy":"category","embeddable":true,"href":"https:\/\/clientesbrandbits.click\/es\/wp-json\/wp\/v2\/categories?post=2601"},{"taxonomy":"post_tag","embeddable":true,"href":"https:\/\/clientesbrandbits.click\/es\/wp-json\/wp\/v2\/tags?post=2601"}],"curies":[{"name":"wp","href":"https:\/\/api.w.org\/{rel}","templated":true}]}}