{"id":2560,"date":"2024-07-29T11:24:54","date_gmt":"2024-07-29T15:24:54","guid":{"rendered":"https:\/\/clientesbrandbits.click\/?p=2560"},"modified":"2024-07-29T11:24:54","modified_gmt":"2024-07-29T15:24:54","slug":"nuevo-trailer-el-senor-de-los-anillos-los-anillos-de-poder","status":"publish","type":"post","link":"https:\/\/clientesbrandbits.click\/es\/nuevo-trailer-el-senor-de-los-anillos-los-anillos-de-poder\/","title":{"rendered":"Nuevo Trailer \u00abEl Se\u00f1or de los Anillos: Los Anillos de Poder\u00bb"},"content":{"rendered":"<p style=\"text-align: justify;\">El viernes 26 de julio, San Diego se transform\u00f3 en la Tierra Media cuando Prime Video present\u00f3 la esperada segunda temporada de la \u00e9pica serie\u00a0<em>El Se\u00f1or de los Anillos: Los Anillos de Poder<\/em>. Los showrunners de la serie J.D. Payne y Patrick McKay se unieron en el ic\u00f3nico escenario del Hall H junto a m\u00e1s de una docena de miembros del elenco para una animada e informativa conversaci\u00f3n moderada por la actriz nominada al Emmy y fan\u00e1tica del g\u00e9nero, Yvette Nicole Brown (<em>Avengers: Endgame<\/em>,\u00a0<em>Community<\/em>).<\/p>\n<p style=\"text-align: justify;\">El elenco emocion\u00f3 a los 6,500 fans presentes al revelar un nuevo tr\u00e1iler exclusivo de la pr\u00f3xima temporada. El tr\u00e1iler, lleno de acci\u00f3n, destaca el temido regreso del legendario villano Sauron, anunciando una nueva era de oscuridad y maldad en la Tierra Media despu\u00e9s de a\u00f1os de paz duramente ganada entre sus reinos. Tambi\u00e9n se insin\u00faa la creaci\u00f3n de m\u00e1s Anillos de Poder, forjados con los poderes del enga\u00f1o y la manipulaci\u00f3n de Sauron.<\/p>\n<p style=\"text-align: justify;\">Los fan\u00e1ticos tambi\u00e9n se emocionaron al ver un vistazo de muchas criaturas fant\u00e1sticas y, a veces, aterradoras que aparecer\u00e1n en esta pr\u00f3xima temporada, incluyendo una joven Shelob, un ej\u00e9rcito de Barrow-wights, Hill-troll Damrod, un gusano marino e incluso Ents. El p\u00fablico tambi\u00e9n disfrut\u00f3 de adelantos de varias escenas importantes de batallas que ser\u00e1n fundamentales en las tramas de la segunda temporada.<\/p>\n<p style=\"text-align: justify;\">El panel del Hall H cont\u00f3 con la participaci\u00f3n de los miembros del elenco Cynthia Addai-Robinson, Robert Aramayo, Maxim Baldry, Morfydd Clark, Ismael Cruz C\u00f3rdova, Charles Edwards, Trystan Gravelle, Sam Hazeldine, Ema Horvath, Tyroe Muhafidin, Sophia Nomvete, Lloyd Owen, Megan Richards, Charlie Vickers, Benjamin Walker y Daniel Weyman.<\/p>\n<p style=\"text-align: justify;\">La segunda temporada de\u00a0<em>El Se\u00f1or de los Anillos: Los Anillos de Poder<\/em>\u00a0se estrenar\u00e1 exclusivamente en Prime Video el 29 de agosto de 2024.<\/p>\n<p style=\"text-align: justify;\">En esta segunda temporada de\u00a0<em>Los Anillos de Poder<\/em>, Sauron ha regresado. Expulsado por Galadriel y sin un ej\u00e9rcito ni aliados, el ascendente Se\u00f1or Oscuro debe confiar en su astucia para recuperar fuerzas y supervisar la creaci\u00f3n de los Anillos de Poder, que le permitir\u00e1n someter a todos los pueblos de la Tierra Media a su siniestra voluntad. Bas\u00e1ndose en la magnitud y la ambici\u00f3n \u00e9picas de la primera temporada, la nueva temporada sumerge incluso a los personajes m\u00e1s queridos y vulnerables en una marea creciente de oscuridad, desafi\u00e1ndolos a encontrar su lugar en un mundo al borde de la calamidad. A medida que las amistades se tensan y los reinos comienzan a fracturarse, las fuerzas del bien \u2014 elfos y enanos, orcos y hombres, magos y Harfoots \u2014 luchar\u00e1n cada vez con m\u00e1s valent\u00eda para aferrarse a lo que m\u00e1s les importa: mantenerse unidos.<\/p>\n<p style=\"text-align: justify;\">La segunda temporada de\u00a0<em>El Se\u00f1or de los Anillos: Los Anillos de Poder<\/em>\u00a0es producida por los showrunners y productores ejecutivos J.D. Payne y Patrick McKay. Se les unen los productores ejecutivos Lindsey Weber, Callum Greene, Justin Doble, Jason Cahill y Gennifer Hutchison, junto con la co-productora ejecutiva y directora Charlotte Br\u00e4ndstr\u00f6m, los productores Kate Hazell y Helen Shang, y los co-productores Clare Buxton, Andrew Lee, Glenise Mullins y Matthew Penry-Davey. Los directores adicionales de la segunda temporada incluyen a Sanaa Hamri y Louise Hooper.<\/p>\n<p><iframe title=\"El Se\u00f1or de los Anillos: Los Anillos de Poder \u2013 Tr\u00e1iler Comic-Con San Diego | Prime Video\" width=\"1200\" height=\"675\" src=\"https:\/\/www.youtube.com\/embed\/CfYiQf9YFsw?feature=oembed\" frameborder=\"0\" allow=\"accelerometer; autoplay; clipboard-write; encrypted-media; gyroscope; picture-in-picture; web-share\" referrerpolicy=\"strict-origin-when-cross-origin\" allowfullscreen><\/iframe><\/p>\n","protected":false},"excerpt":{"rendered":"<p>El viernes 26 de julio, San Diego se transform\u00f3 en la Tierra Media cuando Prime Video present\u00f3 la esperada segunda temporada de la \u00e9pica serie\u00a0El Se\u00f1or de los Anillos: Los Anillos de Poder. Los showrunners de la serie J.D. Payne &#8230; <a title=\"Nuevo Trailer \u00abEl Se\u00f1or de los Anillos: Los Anillos de Poder\u00bb\" class=\"read-more\" href=\"https:\/\/clientesbrandbits.click\/es\/nuevo-trailer-el-senor-de-los-anillos-los-anillos-de-poder\/\" aria-label=\"Leer m\u00e1s sobre Nuevo Trailer \u00abEl Se\u00f1or de los Anillos: Los Anillos de Poder\u00bb\">Leer M\u00e1s<\/a><\/p>\n","protected":false},"author":5,"featured_media":2561,"comment_status":"closed","ping_status":"closed","sticky":false,"template":"","format":"standard","meta":{"_joinchat":[],"footnotes":""},"categories":[10],"tags":[64],"class_list":["post-2560","post","type-post","status-publish","format-standard","has-post-thumbnail","hentry","category-films","tag-prime-video","infinite-scroll-item"],"yoast_head":"<!-- This site is optimized with the Yoast SEO plugin v22.8 - https:\/\/yoast.com\/wordpress\/plugins\/seo\/ -->\n<title>Nuevo Trailer &quot;El Se\u00f1or de los Anillos: Los Anillos de Poder&quot; - Spanglish Cinema<\/title>\n<meta name=\"description\" content=\"El viernes 26 de julio, San Diego se transform\u00f3 en la Tierra Media cuando Prime Video present\u00f3 la esperada segunda temporada de la \u00e9pica serie\u00a0El Se\u00f1or de los Anillos: Los Anillos de Poder. Los showrunners de la serie J.D. Payne y Patrick McKay se unieron en el ic\u00f3nico escenario del Hall H junto a m\u00e1s de una docena de miembros del elenco para una animada e informativa conversaci\u00f3n moderada por la actriz nominada al Emmy y fan\u00e1tica del g\u00e9nero, Yvette Nicole Brown (Avengers: Endgame,\u00a0Community).\" \/>\n<meta name=\"robots\" content=\"index, follow, max-snippet:-1, max-image-preview:large, max-video-preview:-1\" \/>\n<link rel=\"canonical\" href=\"https:\/\/clientesbrandbits.click\/es\/nuevo-trailer-el-senor-de-los-anillos-los-anillos-de-poder\/\" \/>\n<meta property=\"og:locale\" content=\"es_ES\" \/>\n<meta property=\"og:type\" content=\"article\" \/>\n<meta property=\"og:title\" content=\"Nuevo Trailer &quot;El Se\u00f1or de los Anillos: Los Anillos de Poder&quot; - Spanglish Cinema\" \/>\n<meta property=\"og:description\" content=\"El viernes 26 de julio, San Diego se transform\u00f3 en la Tierra Media cuando Prime Video present\u00f3 la esperada segunda temporada de la \u00e9pica serie\u00a0El Se\u00f1or de los Anillos: Los Anillos de Poder. Los showrunners de la serie J.D. Payne y Patrick McKay se unieron en el ic\u00f3nico escenario del Hall H junto a m\u00e1s de una docena de miembros del elenco para una animada e informativa conversaci\u00f3n moderada por la actriz nominada al Emmy y fan\u00e1tica del g\u00e9nero, Yvette Nicole Brown (Avengers: Endgame,\u00a0Community).\" \/>\n<meta property=\"og:url\" content=\"https:\/\/clientesbrandbits.click\/es\/nuevo-trailer-el-senor-de-los-anillos-los-anillos-de-poder\/\" \/>\n<meta property=\"og:site_name\" content=\"Spanglish Cinema\" \/>\n<meta property=\"article:published_time\" content=\"2024-07-29T15:24:54+00:00\" \/>\n<meta property=\"og:image\" content=\"https:\/\/clientesbrandbits.click\/wp-content\/uploads\/2024\/07\/17087025565108.jpg\" \/>\n\t<meta property=\"og:image:width\" content=\"1200\" \/>\n\t<meta property=\"og:image:height\" content=\"800\" \/>\n\t<meta property=\"og:image:type\" content=\"image\/jpeg\" \/>\n<meta name=\"author\" content=\"Elizabeth Salazar\" \/>\n<meta name=\"twitter:card\" content=\"summary_large_image\" \/>\n<meta name=\"twitter:label1\" content=\"Escrito por\" \/>\n\t<meta name=\"twitter:data1\" content=\"Elizabeth Salazar\" \/>\n\t<meta name=\"twitter:label2\" content=\"Tiempo de lectura\" \/>\n\t<meta name=\"twitter:data2\" content=\"3 minutos\" \/>\n<script type=\"application\/ld+json\" class=\"yoast-schema-graph\">{\"@context\":\"https:\/\/schema.org\",\"@graph\":[{\"@type\":\"Article\",\"@id\":\"https:\/\/clientesbrandbits.click\/nuevo-trailer-el-senor-de-los-anillos-los-anillos-de-poder\/#article\",\"isPartOf\":{\"@id\":\"https:\/\/clientesbrandbits.click\/nuevo-trailer-el-senor-de-los-anillos-los-anillos-de-poder\/\"},\"author\":{\"name\":\"Elizabeth Salazar\",\"@id\":\"https:\/\/clientesbrandbits.click\/#\/schema\/person\/3582a766d1bd629325b8cb5e303f4963\"},\"headline\":\"Nuevo Trailer \u00abEl Se\u00f1or de los Anillos: Los Anillos de Poder\u00bb\",\"datePublished\":\"2024-07-29T15:24:54+00:00\",\"dateModified\":\"2024-07-29T15:24:54+00:00\",\"mainEntityOfPage\":{\"@id\":\"https:\/\/clientesbrandbits.click\/nuevo-trailer-el-senor-de-los-anillos-los-anillos-de-poder\/\"},\"wordCount\":593,\"publisher\":{\"@id\":\"https:\/\/clientesbrandbits.click\/#organization\"},\"image\":{\"@id\":\"https:\/\/clientesbrandbits.click\/nuevo-trailer-el-senor-de-los-anillos-los-anillos-de-poder\/#primaryimage\"},\"thumbnailUrl\":\"https:\/\/clientesbrandbits.click\/wp-content\/uploads\/2024\/07\/17087025565108.jpg\",\"keywords\":[\"prime video\"],\"articleSection\":[\"Films\"],\"inLanguage\":\"es\"},{\"@type\":\"WebPage\",\"@id\":\"https:\/\/clientesbrandbits.click\/nuevo-trailer-el-senor-de-los-anillos-los-anillos-de-poder\/\",\"url\":\"https:\/\/clientesbrandbits.click\/nuevo-trailer-el-senor-de-los-anillos-los-anillos-de-poder\/\",\"name\":\"Nuevo Trailer \\\"El Se\u00f1or de los Anillos: Los Anillos de Poder\\\" - Spanglish Cinema\",\"isPartOf\":{\"@id\":\"https:\/\/clientesbrandbits.click\/#website\"},\"primaryImageOfPage\":{\"@id\":\"https:\/\/clientesbrandbits.click\/nuevo-trailer-el-senor-de-los-anillos-los-anillos-de-poder\/#primaryimage\"},\"image\":{\"@id\":\"https:\/\/clientesbrandbits.click\/nuevo-trailer-el-senor-de-los-anillos-los-anillos-de-poder\/#primaryimage\"},\"thumbnailUrl\":\"https:\/\/clientesbrandbits.click\/wp-content\/uploads\/2024\/07\/17087025565108.jpg\",\"datePublished\":\"2024-07-29T15:24:54+00:00\",\"dateModified\":\"2024-07-29T15:24:54+00:00\",\"description\":\"El viernes 26 de julio, San Diego se transform\u00f3 en la Tierra Media cuando Prime Video present\u00f3 la esperada segunda temporada de la \u00e9pica serie\u00a0El Se\u00f1or de los Anillos: Los Anillos de Poder. Los showrunners de la serie J.D. Payne y Patrick McKay se unieron en el ic\u00f3nico escenario del Hall H junto a m\u00e1s de una docena de miembros del elenco para una animada e informativa conversaci\u00f3n moderada por la actriz nominada al Emmy y fan\u00e1tica del g\u00e9nero, Yvette Nicole Brown (Avengers: Endgame,\u00a0Community).\",\"breadcrumb\":{\"@id\":\"https:\/\/clientesbrandbits.click\/nuevo-trailer-el-senor-de-los-anillos-los-anillos-de-poder\/#breadcrumb\"},\"inLanguage\":\"es\",\"potentialAction\":[{\"@type\":\"ReadAction\",\"target\":[\"https:\/\/clientesbrandbits.click\/nuevo-trailer-el-senor-de-los-anillos-los-anillos-de-poder\/\"]}]},{\"@type\":\"ImageObject\",\"inLanguage\":\"es\",\"@id\":\"https:\/\/clientesbrandbits.click\/nuevo-trailer-el-senor-de-los-anillos-los-anillos-de-poder\/#primaryimage\",\"url\":\"https:\/\/clientesbrandbits.click\/wp-content\/uploads\/2024\/07\/17087025565108.jpg\",\"contentUrl\":\"https:\/\/clientesbrandbits.click\/wp-content\/uploads\/2024\/07\/17087025565108.jpg\",\"width\":1200,\"height\":800},{\"@type\":\"BreadcrumbList\",\"@id\":\"https:\/\/clientesbrandbits.click\/nuevo-trailer-el-senor-de-los-anillos-los-anillos-de-poder\/#breadcrumb\",\"itemListElement\":[{\"@type\":\"ListItem\",\"position\":1,\"name\":\"Portada\",\"item\":\"https:\/\/clientesbrandbits.click\/\"},{\"@type\":\"ListItem\",\"position\":2,\"name\":\"Nuevo Trailer &#8220;El Se\u00f1or de los Anillos: Los Anillos de Poder&#8221;\"}]},{\"@type\":\"WebSite\",\"@id\":\"https:\/\/clientesbrandbits.click\/#website\",\"url\":\"https:\/\/clientesbrandbits.click\/\",\"name\":\"Spanglish Cinema\",\"description\":\"\",\"publisher\":{\"@id\":\"https:\/\/clientesbrandbits.click\/#organization\"},\"potentialAction\":[{\"@type\":\"SearchAction\",\"target\":{\"@type\":\"EntryPoint\",\"urlTemplate\":\"https:\/\/clientesbrandbits.click\/?s={search_term_string}\"},\"query-input\":\"required name=search_term_string\"}],\"inLanguage\":\"es\"},{\"@type\":\"Organization\",\"@id\":\"https:\/\/clientesbrandbits.click\/#organization\",\"name\":\"Spanglish Cinema\",\"url\":\"https:\/\/clientesbrandbits.click\/\",\"logo\":{\"@type\":\"ImageObject\",\"inLanguage\":\"es\",\"@id\":\"https:\/\/clientesbrandbits.click\/#\/schema\/logo\/image\/\",\"url\":\"https:\/\/clientesbrandbits.click\/wp-content\/uploads\/2024\/03\/spanglish_cinema.png\",\"contentUrl\":\"https:\/\/clientesbrandbits.click\/wp-content\/uploads\/2024\/03\/spanglish_cinema.png\",\"width\":612,\"height\":225,\"caption\":\"Spanglish Cinema\"},\"image\":{\"@id\":\"https:\/\/clientesbrandbits.click\/#\/schema\/logo\/image\/\"}},{\"@type\":\"Person\",\"@id\":\"https:\/\/clientesbrandbits.click\/#\/schema\/person\/3582a766d1bd629325b8cb5e303f4963\",\"name\":\"Elizabeth Salazar\",\"image\":{\"@type\":\"ImageObject\",\"inLanguage\":\"es\",\"@id\":\"https:\/\/clientesbrandbits.click\/#\/schema\/person\/image\/\",\"url\":\"https:\/\/secure.gravatar.com\/avatar\/ddf69a5ddae2a61929dd4e305eb31658?s=96&d=mm&r=g\",\"contentUrl\":\"https:\/\/secure.gravatar.com\/avatar\/ddf69a5ddae2a61929dd4e305eb31658?s=96&d=mm&r=g\",\"caption\":\"Elizabeth Salazar\"},\"url\":\"https:\/\/clientesbrandbits.click\/es\/author\/elizabeth-salazar\/\"}]}<\/script>\n<!-- \/ Yoast SEO plugin. -->","yoast_head_json":{"title":"Nuevo Trailer \"El Se\u00f1or de los Anillos: Los Anillos de Poder\" - Spanglish Cinema","description":"El viernes 26 de julio, San Diego se transform\u00f3 en la Tierra Media cuando Prime Video present\u00f3 la esperada segunda temporada de la \u00e9pica serie\u00a0El Se\u00f1or de los Anillos: Los Anillos de Poder. Los showrunners de la serie J.D. Payne y Patrick McKay se unieron en el ic\u00f3nico escenario del Hall H junto a m\u00e1s de una docena de miembros del elenco para una animada e informativa conversaci\u00f3n moderada por la actriz nominada al Emmy y fan\u00e1tica del g\u00e9nero, Yvette Nicole Brown (Avengers: Endgame,\u00a0Community).","robots":{"index":"index","follow":"follow","max-snippet":"max-snippet:-1","max-image-preview":"max-image-preview:large","max-video-preview":"max-video-preview:-1"},"canonical":"https:\/\/clientesbrandbits.click\/es\/nuevo-trailer-el-senor-de-los-anillos-los-anillos-de-poder\/","og_locale":"es_ES","og_type":"article","og_title":"Nuevo Trailer \"El Se\u00f1or de los Anillos: Los Anillos de Poder\" - Spanglish Cinema","og_description":"El viernes 26 de julio, San Diego se transform\u00f3 en la Tierra Media cuando Prime Video present\u00f3 la esperada segunda temporada de la \u00e9pica serie\u00a0El Se\u00f1or de los Anillos: Los Anillos de Poder. Los showrunners de la serie J.D. Payne y Patrick McKay se unieron en el ic\u00f3nico escenario del Hall H junto a m\u00e1s de una docena de miembros del elenco para una animada e informativa conversaci\u00f3n moderada por la actriz nominada al Emmy y fan\u00e1tica del g\u00e9nero, Yvette Nicole Brown (Avengers: Endgame,\u00a0Community).","og_url":"https:\/\/clientesbrandbits.click\/es\/nuevo-trailer-el-senor-de-los-anillos-los-anillos-de-poder\/","og_site_name":"Spanglish Cinema","article_published_time":"2024-07-29T15:24:54+00:00","og_image":[{"width":1200,"height":800,"url":"https:\/\/clientesbrandbits.click\/wp-content\/uploads\/2024\/07\/17087025565108.jpg","type":"image\/jpeg"}],"author":"Elizabeth Salazar","twitter_card":"summary_large_image","twitter_misc":{"Escrito por":"Elizabeth Salazar","Tiempo de lectura":"3 minutos"},"schema":{"@context":"https:\/\/schema.org","@graph":[{"@type":"Article","@id":"https:\/\/clientesbrandbits.click\/nuevo-trailer-el-senor-de-los-anillos-los-anillos-de-poder\/#article","isPartOf":{"@id":"https:\/\/clientesbrandbits.click\/nuevo-trailer-el-senor-de-los-anillos-los-anillos-de-poder\/"},"author":{"name":"Elizabeth Salazar","@id":"https:\/\/clientesbrandbits.click\/#\/schema\/person\/3582a766d1bd629325b8cb5e303f4963"},"headline":"Nuevo Trailer \u00abEl Se\u00f1or de los Anillos: Los Anillos de Poder\u00bb","datePublished":"2024-07-29T15:24:54+00:00","dateModified":"2024-07-29T15:24:54+00:00","mainEntityOfPage":{"@id":"https:\/\/clientesbrandbits.click\/nuevo-trailer-el-senor-de-los-anillos-los-anillos-de-poder\/"},"wordCount":593,"publisher":{"@id":"https:\/\/clientesbrandbits.click\/#organization"},"image":{"@id":"https:\/\/clientesbrandbits.click\/nuevo-trailer-el-senor-de-los-anillos-los-anillos-de-poder\/#primaryimage"},"thumbnailUrl":"https:\/\/clientesbrandbits.click\/wp-content\/uploads\/2024\/07\/17087025565108.jpg","keywords":["prime video"],"articleSection":["Films"],"inLanguage":"es"},{"@type":"WebPage","@id":"https:\/\/clientesbrandbits.click\/nuevo-trailer-el-senor-de-los-anillos-los-anillos-de-poder\/","url":"https:\/\/clientesbrandbits.click\/nuevo-trailer-el-senor-de-los-anillos-los-anillos-de-poder\/","name":"Nuevo Trailer \"El Se\u00f1or de los Anillos: Los Anillos de Poder\" - Spanglish Cinema","isPartOf":{"@id":"https:\/\/clientesbrandbits.click\/#website"},"primaryImageOfPage":{"@id":"https:\/\/clientesbrandbits.click\/nuevo-trailer-el-senor-de-los-anillos-los-anillos-de-poder\/#primaryimage"},"image":{"@id":"https:\/\/clientesbrandbits.click\/nuevo-trailer-el-senor-de-los-anillos-los-anillos-de-poder\/#primaryimage"},"thumbnailUrl":"https:\/\/clientesbrandbits.click\/wp-content\/uploads\/2024\/07\/17087025565108.jpg","datePublished":"2024-07-29T15:24:54+00:00","dateModified":"2024-07-29T15:24:54+00:00","description":"El viernes 26 de julio, San Diego se transform\u00f3 en la Tierra Media cuando Prime Video present\u00f3 la esperada segunda temporada de la \u00e9pica serie\u00a0El Se\u00f1or de los Anillos: Los Anillos de Poder. Los showrunners de la serie J.D. Payne y Patrick McKay se unieron en el ic\u00f3nico escenario del Hall H junto a m\u00e1s de una docena de miembros del elenco para una animada e informativa conversaci\u00f3n moderada por la actriz nominada al Emmy y fan\u00e1tica del g\u00e9nero, Yvette Nicole Brown (Avengers: Endgame,\u00a0Community).","breadcrumb":{"@id":"https:\/\/clientesbrandbits.click\/nuevo-trailer-el-senor-de-los-anillos-los-anillos-de-poder\/#breadcrumb"},"inLanguage":"es","potentialAction":[{"@type":"ReadAction","target":["https:\/\/clientesbrandbits.click\/nuevo-trailer-el-senor-de-los-anillos-los-anillos-de-poder\/"]}]},{"@type":"ImageObject","inLanguage":"es","@id":"https:\/\/clientesbrandbits.click\/nuevo-trailer-el-senor-de-los-anillos-los-anillos-de-poder\/#primaryimage","url":"https:\/\/clientesbrandbits.click\/wp-content\/uploads\/2024\/07\/17087025565108.jpg","contentUrl":"https:\/\/clientesbrandbits.click\/wp-content\/uploads\/2024\/07\/17087025565108.jpg","width":1200,"height":800},{"@type":"BreadcrumbList","@id":"https:\/\/clientesbrandbits.click\/nuevo-trailer-el-senor-de-los-anillos-los-anillos-de-poder\/#breadcrumb","itemListElement":[{"@type":"ListItem","position":1,"name":"Portada","item":"https:\/\/clientesbrandbits.click\/"},{"@type":"ListItem","position":2,"name":"Nuevo Trailer &#8220;El Se\u00f1or de los Anillos: Los Anillos de Poder&#8221;"}]},{"@type":"WebSite","@id":"https:\/\/clientesbrandbits.click\/#website","url":"https:\/\/clientesbrandbits.click\/","name":"Spanglish Cinema","description":"","publisher":{"@id":"https:\/\/clientesbrandbits.click\/#organization"},"potentialAction":[{"@type":"SearchAction","target":{"@type":"EntryPoint","urlTemplate":"https:\/\/clientesbrandbits.click\/?s={search_term_string}"},"query-input":"required name=search_term_string"}],"inLanguage":"es"},{"@type":"Organization","@id":"https:\/\/clientesbrandbits.click\/#organization","name":"Spanglish Cinema","url":"https:\/\/clientesbrandbits.click\/","logo":{"@type":"ImageObject","inLanguage":"es","@id":"https:\/\/clientesbrandbits.click\/#\/schema\/logo\/image\/","url":"https:\/\/clientesbrandbits.click\/wp-content\/uploads\/2024\/03\/spanglish_cinema.png","contentUrl":"https:\/\/clientesbrandbits.click\/wp-content\/uploads\/2024\/03\/spanglish_cinema.png","width":612,"height":225,"caption":"Spanglish Cinema"},"image":{"@id":"https:\/\/clientesbrandbits.click\/#\/schema\/logo\/image\/"}},{"@type":"Person","@id":"https:\/\/clientesbrandbits.click\/#\/schema\/person\/3582a766d1bd629325b8cb5e303f4963","name":"Elizabeth Salazar","image":{"@type":"ImageObject","inLanguage":"es","@id":"https:\/\/clientesbrandbits.click\/#\/schema\/person\/image\/","url":"https:\/\/secure.gravatar.com\/avatar\/ddf69a5ddae2a61929dd4e305eb31658?s=96&d=mm&r=g","contentUrl":"https:\/\/secure.gravatar.com\/avatar\/ddf69a5ddae2a61929dd4e305eb31658?s=96&d=mm&r=g","caption":"Elizabeth Salazar"},"url":"https:\/\/clientesbrandbits.click\/es\/author\/elizabeth-salazar\/"}]}},"_links":{"self":[{"href":"https:\/\/clientesbrandbits.click\/es\/wp-json\/wp\/v2\/posts\/2560"}],"collection":[{"href":"https:\/\/clientesbrandbits.click\/es\/wp-json\/wp\/v2\/posts"}],"about":[{"href":"https:\/\/clientesbrandbits.click\/es\/wp-json\/wp\/v2\/types\/post"}],"author":[{"embeddable":true,"href":"https:\/\/clientesbrandbits.click\/es\/wp-json\/wp\/v2\/users\/5"}],"replies":[{"embeddable":true,"href":"https:\/\/clientesbrandbits.click\/es\/wp-json\/wp\/v2\/comments?post=2560"}],"version-history":[{"count":3,"href":"https:\/\/clientesbrandbits.click\/es\/wp-json\/wp\/v2\/posts\/2560\/revisions"}],"predecessor-version":[{"id":2564,"href":"https:\/\/clientesbrandbits.click\/es\/wp-json\/wp\/v2\/posts\/2560\/revisions\/2564"}],"wp:featuredmedia":[{"embeddable":true,"href":"https:\/\/clientesbrandbits.click\/es\/wp-json\/wp\/v2\/media\/2561"}],"wp:attachment":[{"href":"https:\/\/clientesbrandbits.click\/es\/wp-json\/wp\/v2\/media?parent=2560"}],"wp:term":[{"taxonomy":"category","embeddable":true,"href":"https:\/\/clientesbrandbits.click\/es\/wp-json\/wp\/v2\/categories?post=2560"},{"taxonomy":"post_tag","embeddable":true,"href":"https:\/\/clientesbrandbits.click\/es\/wp-json\/wp\/v2\/tags?post=2560"}],"curies":[{"name":"wp","href":"https:\/\/api.w.org\/{rel}","templated":true}]}}