{"id":2527,"date":"2024-07-28T17:39:30","date_gmt":"2024-07-28T21:39:30","guid":{"rendered":"https:\/\/clientesbrandbits.click\/?p=2527"},"modified":"2024-07-28T17:39:30","modified_gmt":"2024-07-28T21:39:30","slug":"festival-de-cine-de-valdivia-y-su-edicion-2024","status":"publish","type":"post","link":"https:\/\/clientesbrandbits.click\/es\/festival-de-cine-de-valdivia-y-su-edicion-2024\/","title":{"rendered":"Festival de Cine de Valdivia y su edici\u00f3n 2024"},"content":{"rendered":"<p dir=\"ltr\" style=\"text-align: justify;\">Como parte de los anuncios de su programaci\u00f3n 2024, FICValdivia presenta sus destacadas secciones Homenajes Cine Chileno, Homenajes Musicalizados en Vivo y los esperados Cineastas en Foco.<\/p>\n<p dir=\"ltr\"><strong>Homenajes Cine Chileno<\/strong><\/p>\n<p dir=\"ltr\" style=\"text-align: justify;\">Este a\u00f1o FICValdivia inaugura un nuevo espacio en su secci\u00f3n Homenajes, dedicado \u00edntegramente al cine nacional.<\/p>\n<p dir=\"ltr\" style=\"text-align: justify;\">Para ello ha programado un foco a <strong>Armando Rojas Castro<\/strong> (1896-1968), uno de los pioneros del documental en Chile y quien vislumbr\u00f3 en ese g\u00e9nero una v\u00eda directa para la educaci\u00f3n y la cultura de la poblaci\u00f3n, en parte a ra\u00edz de su labor docente en la Escuela de Artes y Oficios de Santiago.<\/p>\n<p dir=\"ltr\" style=\"text-align: justify;\">Su vocaci\u00f3n did\u00e1ctica del cine se inicia en 1920 con Uno de abajo, su primer largometraje que advierte sobre los peligros del alcoholismo, trabajo que lo impulsa luego a viajar a Alemania a conocer de cerca la labor productiva de la UFA y a ense\u00f1ar espa\u00f1ol en la universidad de Berl\u00edn.<\/p>\n<p dir=\"ltr\" style=\"text-align: justify;\">La selecci\u00f3n de obras que forman parte del homenaje que le dedicar\u00e1 FICValdivia en conjunto con la Cineteca de la Universidad de Chile a la producci\u00f3n de Rojas Castro se centra en parte en ese per\u00edodo fruct\u00edfero entre sus labores cinematogr\u00e1ficas para la Universidad de Chile y para la Presidencia de la Rep\u00fablica, e incluye los cortometrajes\u00a0Santiago,\u00a0tambi\u00e9n conocido como\u00a0El Coraz\u00f3n de una Naci\u00f3n,\u00a0realizado en 1933 y\u00a0La Tirana, en 1944, y extractos del noticiero\u00a0Chile al D\u00eda, esto \u00faltimo gracias a la colaboraci\u00f3n de la Cineteca del Museo de Colchagua.<\/p>\n<p dir=\"ltr\"><strong>Cineastas en Foco<\/strong><\/p>\n<p dir=\"ltr\" style=\"text-align: justify;\">Este a\u00f1o FICValdivia ha programado cuatro focos a cineastas que, desde distintas realidades productivas se han acercado a escenarios de creaci\u00f3n de mayor independencia y experimentaci\u00f3n. <strong>Se trata de la espa\u00f1ola Cecilia Bartolom\u00e9, el brasile\u00f1o Andr\u00e9 Novais Oliveira, la belga Messaline Raverdy, y la espa\u00f1ola, de origen venezolano, Elena Duque.<\/strong><\/p>\n<p dir=\"ltr\" style=\"text-align: justify;\">Formada en la Escuela Oficial de Cine de Madrid en los a\u00f1os sesenta, Cecilia Bartolom\u00e9 (Alicante, 1940) tiene el prestigio de ser considerada como una cineasta transgresora virtualmente desde su filme de graduaci\u00f3n,\u00a0Margarita y el Lobo\u00a0(1968), el cual fue prohibido por el r\u00e9gimen franquista, lo cual le vali\u00f3 ingresar a una lista negra que le impidi\u00f3 volver a dirigir una pel\u00edcula hasta la propia muerte del dictador espa\u00f1ol. Margarita y el Lobo es una s\u00e1tira con elementos de musical que ejemplifica el estatuto de la mujer durante los tiempos de Francisco Franco. <strong>El filme confirma una voluntad rabiosa en la renovaci\u00f3n de las formas del cine espa\u00f1ol, que Bartolom\u00e9 ya hab\u00eda esbozado en sus anteriores trabajos de escuela, como\u00a0Carmen de Carabanchel\u00a0(1965) -aproximaci\u00f3n ficcionada a la cotidianidad sexual de las mujeres de clase media, obra muy influida por la est\u00e9tica de la Nouvelle Vague.<\/strong> Esa voluntad fue confirmada en su primer largometraje,\u00a0\u00a1Vamos, B\u00e1rbara!\u00a0(1978), relato sobre el proceso de liberaci\u00f3n de las ataduras patriarcales de una mujer de cincuenta a\u00f1os, considerada como la primera pel\u00edcula feminista en la historia del cine espa\u00f1ol. El foco en FICValdivia se orienta a los primeros tiempos de su obra e incluye las tres obras previamente se\u00f1aladas.<\/p>\n<p dir=\"ltr\" style=\"text-align: justify;\">Puede decirse que hay dos tipos de cineastas. Los que hacen del retrato un paisaje, y los que hacen del paisaje un retrato.\u00a0<strong>Andr\u00e9 Novais Oliveira<\/strong>\u00a0pertenece a la segunda categor\u00eda. Su cine, marcado por un rigor arquitect\u00f3nico del encuadre, es, en la misma medida y sin contradicci\u00f3n, de una densidad sentimental \u00fanica. La gente en sus pel\u00edculas habla poco y esconde casi todo. Sus personajes sienten mucho m\u00e1s de lo que son capaces de expresar, mientras su c\u00e1mara ausculta opacidades. Sus espacios, a su vez, son siempre familiares, ya sea el patio de la casa o un agujero de gusano abierto hacia una dimensi\u00f3n desconocida.<\/p>\n<p dir=\"ltr\" style=\"text-align: justify;\">Por lo menos desde Fantasmas (2010), su primer cortometraje a recibir reconocimiento en festivales, Andr\u00e9 Novais Oliveira es el sin\u00f3nimo de una de las miradas m\u00e1s singulares del cine brasile\u00f1o de este siglo. Reconocido por una marca autoral asentada en una b\u00fasqueda po\u00e9tica de lo cotidiano y por trabajar muchas veces con sus familiares \u2013 padre, madre, hermano \u2013 como actores en los roles protag\u00f3nicos de sus pel\u00edculas, su cine est\u00e1, sin embargo, en las ant\u00edpodas de un servilismo a la reproducci\u00f3n de la realidad inmediata.<\/p>\n<p dir=\"ltr\" style=\"text-align: justify;\">La <strong>cineasta belga Messaline Raverdy<\/strong> desde sus estudios de filosof\u00eda, literatura y artes visuales en Paris 7 deriv\u00f3 hacia la experimentaci\u00f3n con la materialidad de diferentes soportes f\u00edlmicos, tanto S\u00faper 8 y material de archivo -muchas veces filmes antiguos-, para construir con ellos una reflexi\u00f3n sobre la memoria, la intimidad y la identidad, tendiendo puentes con emblemas belgas del cine de ensayo en primera persona como Chantal Akerman, Boris Lehman y Eric Pauwels. Su foco en FICValdivia presentar\u00e1 su mediometraje Derri\u00e8re les volets (2018) en el que la realizadora relaciona, a partir de los objetos y recuerdos de su abuela, la idea de la fugacidad de la existencia, las relaciones sociales y laborales en aquella f\u00e1brica familiar que ya no exista, mientras la cineasta vive el proceso de espera de su primer hijo.<\/p>\n<p dir=\"ltr\" style=\"text-align: justify;\"><strong>Elena Duque<\/strong> realizar\u00e1 una exhibici\u00f3n de sus trabajos en digital y super 8mm\u00a0La mar salada\u00a0(2014),\u00a0Valdedi\u00f3s\u00a0(2019),\u00a0Colecci\u00f3n Privada\u00a0(2020),\u00a0Patio\u00a0(2024),\u00a0Mar de Coral\u00a0(2021),\u00a0Ojitos Mentirosos\u00a0(2024) y\u00a0Cruzando el r\u00edo\u00a0(2024). A su vez realizar\u00e1\u00a0Curso de pintura r\u00e1pida para principiantes, filme performance en 16mm compuesta por\u00a0Para Sonia\u00a0(2023),\u00a0Naturaleza Muerta\u00a0(2023),\u00a0Pintura-acci\u00f3n\u00a0(2023) y\u00a0Retrato sentado\u00a0(2023).<\/p>\n<p dir=\"ltr\" style=\"text-align: justify;\"><strong><span style=\"color: #ff00ff;\">El Festival Internacional de Cine de Valdivia (FICValdivia) se realiza este a\u00f1o del 14 al 20 de octubre<\/span><\/strong>. Se trata de un certamen fundado y organizado por la Universidad Austral de Chile; producido por el Centro Cultural de Promoci\u00f3n Cinematogr\u00e1fica de Valdivia; invita la Ilustre Municipalidad de Valdivia, el Gobierno Regional de Los R\u00edos y Codeproval; financia el Fondo de Fomento Audiovisual, Programa de Festivales Colaboradores del Consejo del Arte y la Industria Audiovisual y el Programa de Apoyo a Organizaciones Culturales Colaboradoras del Ministerio de las Culturas, las Artes y el Patrimonio.<\/p>\n","protected":false},"excerpt":{"rendered":"<p>Como parte de los anuncios de su programaci\u00f3n 2024, FICValdivia presenta sus destacadas secciones Homenajes Cine Chileno, Homenajes Musicalizados en Vivo y los esperados Cineastas en Foco. Homenajes Cine Chileno Este a\u00f1o FICValdivia inaugura un nuevo espacio en su secci\u00f3n &#8230; <a title=\"Festival de Cine de Valdivia y su edici\u00f3n 2024\" class=\"read-more\" href=\"https:\/\/clientesbrandbits.click\/es\/festival-de-cine-de-valdivia-y-su-edicion-2024\/\" aria-label=\"Leer m\u00e1s sobre Festival de Cine de Valdivia y su edici\u00f3n 2024\">Leer M\u00e1s<\/a><\/p>\n","protected":false},"author":5,"featured_media":2556,"comment_status":"closed","ping_status":"closed","sticky":false,"template":"","format":"standard","meta":{"_joinchat":[],"footnotes":""},"categories":[11],"tags":[219],"class_list":["post-2527","post","type-post","status-publish","format-standard","has-post-thumbnail","hentry","category-festivales-de-cine","tag-festival-de-cine-de-valdivia","infinite-scroll-item"],"yoast_head":"<!-- This site is optimized with the Yoast SEO plugin v22.8 - https:\/\/yoast.com\/wordpress\/plugins\/seo\/ -->\n<title>Festival de Cine de Valdivia y su edici\u00f3n 2024 - Spanglish Cinema<\/title>\n<meta name=\"description\" content=\"Como parte de los anuncios de su programaci\u00f3n 2024, FICValdivia presenta sus destacadas secciones Homenajes Cine Chileno, Homenajes Musicalizados en Vivo y los esperados Cineastas en Foco.\" \/>\n<meta name=\"robots\" content=\"index, follow, max-snippet:-1, max-image-preview:large, max-video-preview:-1\" \/>\n<link rel=\"canonical\" href=\"https:\/\/clientesbrandbits.click\/es\/festival-de-cine-de-valdivia-y-su-edicion-2024\/\" \/>\n<meta property=\"og:locale\" content=\"es_ES\" \/>\n<meta property=\"og:type\" content=\"article\" \/>\n<meta property=\"og:title\" content=\"Festival de Cine de Valdivia y su edici\u00f3n 2024 - Spanglish Cinema\" \/>\n<meta property=\"og:description\" content=\"Como parte de los anuncios de su programaci\u00f3n 2024, FICValdivia presenta sus destacadas secciones Homenajes Cine Chileno, Homenajes Musicalizados en Vivo y los esperados Cineastas en Foco.\" \/>\n<meta property=\"og:url\" content=\"https:\/\/clientesbrandbits.click\/es\/festival-de-cine-de-valdivia-y-su-edicion-2024\/\" \/>\n<meta property=\"og:site_name\" content=\"Spanglish Cinema\" \/>\n<meta property=\"article:published_time\" content=\"2024-07-28T21:39:30+00:00\" \/>\n<meta property=\"og:image\" content=\"https:\/\/clientesbrandbits.click\/wp-content\/uploads\/2024\/07\/margarita-y-el-lobo-1.jpg\" \/>\n\t<meta property=\"og:image:width\" content=\"1280\" \/>\n\t<meta property=\"og:image:height\" content=\"720\" \/>\n\t<meta property=\"og:image:type\" content=\"image\/jpeg\" \/>\n<meta name=\"author\" content=\"Elizabeth Salazar\" \/>\n<meta name=\"twitter:card\" content=\"summary_large_image\" \/>\n<meta name=\"twitter:label1\" content=\"Escrito por\" \/>\n\t<meta name=\"twitter:data1\" content=\"Elizabeth Salazar\" \/>\n\t<meta name=\"twitter:label2\" content=\"Tiempo de lectura\" \/>\n\t<meta name=\"twitter:data2\" content=\"5 minutos\" \/>\n<script type=\"application\/ld+json\" class=\"yoast-schema-graph\">{\"@context\":\"https:\/\/schema.org\",\"@graph\":[{\"@type\":\"Article\",\"@id\":\"https:\/\/clientesbrandbits.click\/festival-de-cine-de-valdivia-y-su-edicion-2024\/#article\",\"isPartOf\":{\"@id\":\"https:\/\/clientesbrandbits.click\/festival-de-cine-de-valdivia-y-su-edicion-2024\/\"},\"author\":{\"name\":\"Elizabeth Salazar\",\"@id\":\"https:\/\/clientesbrandbits.click\/#\/schema\/person\/3582a766d1bd629325b8cb5e303f4963\"},\"headline\":\"Festival de Cine de Valdivia y su edici\u00f3n 2024\",\"datePublished\":\"2024-07-28T21:39:30+00:00\",\"dateModified\":\"2024-07-28T21:39:30+00:00\",\"mainEntityOfPage\":{\"@id\":\"https:\/\/clientesbrandbits.click\/festival-de-cine-de-valdivia-y-su-edicion-2024\/\"},\"wordCount\":1048,\"publisher\":{\"@id\":\"https:\/\/clientesbrandbits.click\/#organization\"},\"image\":{\"@id\":\"https:\/\/clientesbrandbits.click\/festival-de-cine-de-valdivia-y-su-edicion-2024\/#primaryimage\"},\"thumbnailUrl\":\"https:\/\/clientesbrandbits.click\/wp-content\/uploads\/2024\/07\/margarita-y-el-lobo-1.jpg\",\"keywords\":[\"Festival de cine de Valdivia\"],\"articleSection\":[\"Festivales de Cine\"],\"inLanguage\":\"es\"},{\"@type\":\"WebPage\",\"@id\":\"https:\/\/clientesbrandbits.click\/festival-de-cine-de-valdivia-y-su-edicion-2024\/\",\"url\":\"https:\/\/clientesbrandbits.click\/festival-de-cine-de-valdivia-y-su-edicion-2024\/\",\"name\":\"Festival de Cine de Valdivia y su edici\u00f3n 2024 - Spanglish Cinema\",\"isPartOf\":{\"@id\":\"https:\/\/clientesbrandbits.click\/#website\"},\"primaryImageOfPage\":{\"@id\":\"https:\/\/clientesbrandbits.click\/festival-de-cine-de-valdivia-y-su-edicion-2024\/#primaryimage\"},\"image\":{\"@id\":\"https:\/\/clientesbrandbits.click\/festival-de-cine-de-valdivia-y-su-edicion-2024\/#primaryimage\"},\"thumbnailUrl\":\"https:\/\/clientesbrandbits.click\/wp-content\/uploads\/2024\/07\/margarita-y-el-lobo-1.jpg\",\"datePublished\":\"2024-07-28T21:39:30+00:00\",\"dateModified\":\"2024-07-28T21:39:30+00:00\",\"description\":\"Como parte de los anuncios de su programaci\u00f3n 2024, FICValdivia presenta sus destacadas secciones Homenajes Cine Chileno, Homenajes Musicalizados en Vivo y los esperados Cineastas en Foco.\",\"breadcrumb\":{\"@id\":\"https:\/\/clientesbrandbits.click\/festival-de-cine-de-valdivia-y-su-edicion-2024\/#breadcrumb\"},\"inLanguage\":\"es\",\"potentialAction\":[{\"@type\":\"ReadAction\",\"target\":[\"https:\/\/clientesbrandbits.click\/festival-de-cine-de-valdivia-y-su-edicion-2024\/\"]}]},{\"@type\":\"ImageObject\",\"inLanguage\":\"es\",\"@id\":\"https:\/\/clientesbrandbits.click\/festival-de-cine-de-valdivia-y-su-edicion-2024\/#primaryimage\",\"url\":\"https:\/\/clientesbrandbits.click\/wp-content\/uploads\/2024\/07\/margarita-y-el-lobo-1.jpg\",\"contentUrl\":\"https:\/\/clientesbrandbits.click\/wp-content\/uploads\/2024\/07\/margarita-y-el-lobo-1.jpg\",\"width\":1280,\"height\":720},{\"@type\":\"BreadcrumbList\",\"@id\":\"https:\/\/clientesbrandbits.click\/festival-de-cine-de-valdivia-y-su-edicion-2024\/#breadcrumb\",\"itemListElement\":[{\"@type\":\"ListItem\",\"position\":1,\"name\":\"Portada\",\"item\":\"https:\/\/clientesbrandbits.click\/\"},{\"@type\":\"ListItem\",\"position\":2,\"name\":\"Festival de Cine de Valdivia y su edici\u00f3n 2024\"}]},{\"@type\":\"WebSite\",\"@id\":\"https:\/\/clientesbrandbits.click\/#website\",\"url\":\"https:\/\/clientesbrandbits.click\/\",\"name\":\"Spanglish Cinema\",\"description\":\"\",\"publisher\":{\"@id\":\"https:\/\/clientesbrandbits.click\/#organization\"},\"potentialAction\":[{\"@type\":\"SearchAction\",\"target\":{\"@type\":\"EntryPoint\",\"urlTemplate\":\"https:\/\/clientesbrandbits.click\/?s={search_term_string}\"},\"query-input\":\"required name=search_term_string\"}],\"inLanguage\":\"es\"},{\"@type\":\"Organization\",\"@id\":\"https:\/\/clientesbrandbits.click\/#organization\",\"name\":\"Spanglish Cinema\",\"url\":\"https:\/\/clientesbrandbits.click\/\",\"logo\":{\"@type\":\"ImageObject\",\"inLanguage\":\"es\",\"@id\":\"https:\/\/clientesbrandbits.click\/#\/schema\/logo\/image\/\",\"url\":\"https:\/\/clientesbrandbits.click\/wp-content\/uploads\/2024\/03\/spanglish_cinema.png\",\"contentUrl\":\"https:\/\/clientesbrandbits.click\/wp-content\/uploads\/2024\/03\/spanglish_cinema.png\",\"width\":612,\"height\":225,\"caption\":\"Spanglish Cinema\"},\"image\":{\"@id\":\"https:\/\/clientesbrandbits.click\/#\/schema\/logo\/image\/\"}},{\"@type\":\"Person\",\"@id\":\"https:\/\/clientesbrandbits.click\/#\/schema\/person\/3582a766d1bd629325b8cb5e303f4963\",\"name\":\"Elizabeth Salazar\",\"image\":{\"@type\":\"ImageObject\",\"inLanguage\":\"es\",\"@id\":\"https:\/\/clientesbrandbits.click\/#\/schema\/person\/image\/\",\"url\":\"https:\/\/secure.gravatar.com\/avatar\/ddf69a5ddae2a61929dd4e305eb31658?s=96&d=mm&r=g\",\"contentUrl\":\"https:\/\/secure.gravatar.com\/avatar\/ddf69a5ddae2a61929dd4e305eb31658?s=96&d=mm&r=g\",\"caption\":\"Elizabeth Salazar\"},\"url\":\"https:\/\/clientesbrandbits.click\/es\/author\/elizabeth-salazar\/\"}]}<\/script>\n<!-- \/ Yoast SEO plugin. -->","yoast_head_json":{"title":"Festival de Cine de Valdivia y su edici\u00f3n 2024 - Spanglish Cinema","description":"Como parte de los anuncios de su programaci\u00f3n 2024, FICValdivia presenta sus destacadas secciones Homenajes Cine Chileno, Homenajes Musicalizados en Vivo y los esperados Cineastas en Foco.","robots":{"index":"index","follow":"follow","max-snippet":"max-snippet:-1","max-image-preview":"max-image-preview:large","max-video-preview":"max-video-preview:-1"},"canonical":"https:\/\/clientesbrandbits.click\/es\/festival-de-cine-de-valdivia-y-su-edicion-2024\/","og_locale":"es_ES","og_type":"article","og_title":"Festival de Cine de Valdivia y su edici\u00f3n 2024 - Spanglish Cinema","og_description":"Como parte de los anuncios de su programaci\u00f3n 2024, FICValdivia presenta sus destacadas secciones Homenajes Cine Chileno, Homenajes Musicalizados en Vivo y los esperados Cineastas en Foco.","og_url":"https:\/\/clientesbrandbits.click\/es\/festival-de-cine-de-valdivia-y-su-edicion-2024\/","og_site_name":"Spanglish Cinema","article_published_time":"2024-07-28T21:39:30+00:00","og_image":[{"width":1280,"height":720,"url":"https:\/\/clientesbrandbits.click\/wp-content\/uploads\/2024\/07\/margarita-y-el-lobo-1.jpg","type":"image\/jpeg"}],"author":"Elizabeth Salazar","twitter_card":"summary_large_image","twitter_misc":{"Escrito por":"Elizabeth Salazar","Tiempo de lectura":"5 minutos"},"schema":{"@context":"https:\/\/schema.org","@graph":[{"@type":"Article","@id":"https:\/\/clientesbrandbits.click\/festival-de-cine-de-valdivia-y-su-edicion-2024\/#article","isPartOf":{"@id":"https:\/\/clientesbrandbits.click\/festival-de-cine-de-valdivia-y-su-edicion-2024\/"},"author":{"name":"Elizabeth Salazar","@id":"https:\/\/clientesbrandbits.click\/#\/schema\/person\/3582a766d1bd629325b8cb5e303f4963"},"headline":"Festival de Cine de Valdivia y su edici\u00f3n 2024","datePublished":"2024-07-28T21:39:30+00:00","dateModified":"2024-07-28T21:39:30+00:00","mainEntityOfPage":{"@id":"https:\/\/clientesbrandbits.click\/festival-de-cine-de-valdivia-y-su-edicion-2024\/"},"wordCount":1048,"publisher":{"@id":"https:\/\/clientesbrandbits.click\/#organization"},"image":{"@id":"https:\/\/clientesbrandbits.click\/festival-de-cine-de-valdivia-y-su-edicion-2024\/#primaryimage"},"thumbnailUrl":"https:\/\/clientesbrandbits.click\/wp-content\/uploads\/2024\/07\/margarita-y-el-lobo-1.jpg","keywords":["Festival de cine de Valdivia"],"articleSection":["Festivales de Cine"],"inLanguage":"es"},{"@type":"WebPage","@id":"https:\/\/clientesbrandbits.click\/festival-de-cine-de-valdivia-y-su-edicion-2024\/","url":"https:\/\/clientesbrandbits.click\/festival-de-cine-de-valdivia-y-su-edicion-2024\/","name":"Festival de Cine de Valdivia y su edici\u00f3n 2024 - Spanglish Cinema","isPartOf":{"@id":"https:\/\/clientesbrandbits.click\/#website"},"primaryImageOfPage":{"@id":"https:\/\/clientesbrandbits.click\/festival-de-cine-de-valdivia-y-su-edicion-2024\/#primaryimage"},"image":{"@id":"https:\/\/clientesbrandbits.click\/festival-de-cine-de-valdivia-y-su-edicion-2024\/#primaryimage"},"thumbnailUrl":"https:\/\/clientesbrandbits.click\/wp-content\/uploads\/2024\/07\/margarita-y-el-lobo-1.jpg","datePublished":"2024-07-28T21:39:30+00:00","dateModified":"2024-07-28T21:39:30+00:00","description":"Como parte de los anuncios de su programaci\u00f3n 2024, FICValdivia presenta sus destacadas secciones Homenajes Cine Chileno, Homenajes Musicalizados en Vivo y los esperados Cineastas en Foco.","breadcrumb":{"@id":"https:\/\/clientesbrandbits.click\/festival-de-cine-de-valdivia-y-su-edicion-2024\/#breadcrumb"},"inLanguage":"es","potentialAction":[{"@type":"ReadAction","target":["https:\/\/clientesbrandbits.click\/festival-de-cine-de-valdivia-y-su-edicion-2024\/"]}]},{"@type":"ImageObject","inLanguage":"es","@id":"https:\/\/clientesbrandbits.click\/festival-de-cine-de-valdivia-y-su-edicion-2024\/#primaryimage","url":"https:\/\/clientesbrandbits.click\/wp-content\/uploads\/2024\/07\/margarita-y-el-lobo-1.jpg","contentUrl":"https:\/\/clientesbrandbits.click\/wp-content\/uploads\/2024\/07\/margarita-y-el-lobo-1.jpg","width":1280,"height":720},{"@type":"BreadcrumbList","@id":"https:\/\/clientesbrandbits.click\/festival-de-cine-de-valdivia-y-su-edicion-2024\/#breadcrumb","itemListElement":[{"@type":"ListItem","position":1,"name":"Portada","item":"https:\/\/clientesbrandbits.click\/"},{"@type":"ListItem","position":2,"name":"Festival de Cine de Valdivia y su edici\u00f3n 2024"}]},{"@type":"WebSite","@id":"https:\/\/clientesbrandbits.click\/#website","url":"https:\/\/clientesbrandbits.click\/","name":"Spanglish Cinema","description":"","publisher":{"@id":"https:\/\/clientesbrandbits.click\/#organization"},"potentialAction":[{"@type":"SearchAction","target":{"@type":"EntryPoint","urlTemplate":"https:\/\/clientesbrandbits.click\/?s={search_term_string}"},"query-input":"required name=search_term_string"}],"inLanguage":"es"},{"@type":"Organization","@id":"https:\/\/clientesbrandbits.click\/#organization","name":"Spanglish Cinema","url":"https:\/\/clientesbrandbits.click\/","logo":{"@type":"ImageObject","inLanguage":"es","@id":"https:\/\/clientesbrandbits.click\/#\/schema\/logo\/image\/","url":"https:\/\/clientesbrandbits.click\/wp-content\/uploads\/2024\/03\/spanglish_cinema.png","contentUrl":"https:\/\/clientesbrandbits.click\/wp-content\/uploads\/2024\/03\/spanglish_cinema.png","width":612,"height":225,"caption":"Spanglish Cinema"},"image":{"@id":"https:\/\/clientesbrandbits.click\/#\/schema\/logo\/image\/"}},{"@type":"Person","@id":"https:\/\/clientesbrandbits.click\/#\/schema\/person\/3582a766d1bd629325b8cb5e303f4963","name":"Elizabeth Salazar","image":{"@type":"ImageObject","inLanguage":"es","@id":"https:\/\/clientesbrandbits.click\/#\/schema\/person\/image\/","url":"https:\/\/secure.gravatar.com\/avatar\/ddf69a5ddae2a61929dd4e305eb31658?s=96&d=mm&r=g","contentUrl":"https:\/\/secure.gravatar.com\/avatar\/ddf69a5ddae2a61929dd4e305eb31658?s=96&d=mm&r=g","caption":"Elizabeth Salazar"},"url":"https:\/\/clientesbrandbits.click\/es\/author\/elizabeth-salazar\/"}]}},"_links":{"self":[{"href":"https:\/\/clientesbrandbits.click\/es\/wp-json\/wp\/v2\/posts\/2527"}],"collection":[{"href":"https:\/\/clientesbrandbits.click\/es\/wp-json\/wp\/v2\/posts"}],"about":[{"href":"https:\/\/clientesbrandbits.click\/es\/wp-json\/wp\/v2\/types\/post"}],"author":[{"embeddable":true,"href":"https:\/\/clientesbrandbits.click\/es\/wp-json\/wp\/v2\/users\/5"}],"replies":[{"embeddable":true,"href":"https:\/\/clientesbrandbits.click\/es\/wp-json\/wp\/v2\/comments?post=2527"}],"version-history":[{"count":3,"href":"https:\/\/clientesbrandbits.click\/es\/wp-json\/wp\/v2\/posts\/2527\/revisions"}],"predecessor-version":[{"id":2557,"href":"https:\/\/clientesbrandbits.click\/es\/wp-json\/wp\/v2\/posts\/2527\/revisions\/2557"}],"wp:featuredmedia":[{"embeddable":true,"href":"https:\/\/clientesbrandbits.click\/es\/wp-json\/wp\/v2\/media\/2556"}],"wp:attachment":[{"href":"https:\/\/clientesbrandbits.click\/es\/wp-json\/wp\/v2\/media?parent=2527"}],"wp:term":[{"taxonomy":"category","embeddable":true,"href":"https:\/\/clientesbrandbits.click\/es\/wp-json\/wp\/v2\/categories?post=2527"},{"taxonomy":"post_tag","embeddable":true,"href":"https:\/\/clientesbrandbits.click\/es\/wp-json\/wp\/v2\/tags?post=2527"}],"curies":[{"name":"wp","href":"https:\/\/api.w.org\/{rel}","templated":true}]}}