{"id":2520,"date":"2024-07-26T18:18:01","date_gmt":"2024-07-26T22:18:01","guid":{"rendered":"https:\/\/clientesbrandbits.click\/?p=2520"},"modified":"2024-07-27T13:27:18","modified_gmt":"2024-07-27T17:27:18","slug":"el-12-de-septiembre-se-estrena-la-cuarta-temporada-de-the-traitors","status":"publish","type":"post","link":"https:\/\/clientesbrandbits.click\/es\/el-12-de-septiembre-se-estrena-la-cuarta-temporada-de-the-traitors\/","title":{"rendered":"El 12 de septiembre se estrena la cuarta temporada de \u00abThe traitors\u00bb"},"content":{"rendered":"<p style=\"text-align: justify;\"><strong>Universal+<\/strong>, anuncia al estreno en Latinoam\u00e9rica, el 12 de septiembre, de la segunda temporada de <strong><em>The Traitors<\/em><\/strong>, el <em>reality<\/em> ganador del Emmy\u00ae que recibi\u00f3 cuatro nominaciones para la ceremonia que se llevar\u00e1 a cabo el 15 de septiembre en el Peacock Theater de Los \u00c1ngeles, California.<\/p>\n<p style=\"text-align: justify;\">El certamen de competencia, basado en el programa holand\u00e9s <strong><em>De Verraders<\/em><\/strong>, alz\u00f3 la prestigiosa estatuilla por su primera entrega al Mejor Casting de Reality y por su segunda temporada compite en cuatro categor\u00edas: Mejor Reality de Competencia, Mejor Anfitri\u00f3n (<strong>Alan Cumming<\/strong>), Mejor Direcci\u00f3n y Mejor Fotograf\u00eda para un Reality de Competencia.<\/p>\n<p style=\"text-align: justify;\">Los 12 episodios del show fueron grabados en el majestuoso Castillo de Ardross, ubicado en el norte de Inverness, Escocia. En ese imponente escenario, 22 participantes no tendr\u00e1n escr\u00fapulos a la hora de luchar por un millonario bot\u00edn (y por su vida).<\/p>\n<p style=\"text-align: justify;\">Para lograrlo, deber\u00e1n formar parte de diversas misiones, muchas de ellas organizadas por equipos, en las que se pondr\u00e1 a prueba no solo su capacidad para resolver esos sorprendentes juegos sino tambi\u00e9n los l\u00edmites de su lealtad. A fin de cuentas, el reality consiste en clavarse pu\u00f1ales por la espalda para obtener el triunfo, \u201casesinando\u201d a los adversarios en medio de espeluznantes retos.<\/p>\n<p style=\"text-align: justify;\">A diferencia de la primera entrega, en la segunda temporada todos los participantes de <strong><em>The Traitors<\/em><\/strong> son figuras reconocidas por su participaci\u00f3n en otras series de competencia y por sus habilidades para el deporte, como <strong>Johnny \u00abBananas\u00bb Devenanzio <\/strong>(<em>The Challenge)<\/em>, <strong>Peppermint <\/strong>(<em>RuPaul\u2019s Drag Race<\/em>), <strong>Maksim Chmerkovskiy<\/strong> (<em>Dancing with the Stars<\/em>), <strong>Janelle Pierzina<\/strong> (<em>Big Brother, The Amazing Race<\/em>), <strong>Dan Gheesling<\/strong> (<em>Big Brother<\/em>) y <strong>Parvati Shallow<\/strong> (<em>Survivor<\/em>), entre otros.<\/p>\n<p style=\"text-align: justify;\">El reconocido actor escoc\u00e9s <strong>Alan Cumming<\/strong> (<em>GoldenEye, Spy Kids, The Good Fight, The Good Wife<\/em>) brilla como un mordaz anfitri\u00f3n y ahora compite por quinta oportunidad por un premio Emmy\u00ae. \u201cEs surreal\u201d, expres\u00f3 al enterarse de su candidatura. \u201cCuando conduzco <strong><em>The Traitors<\/em><\/strong> me siento en una vor\u00e1gine, es otra forma de actuar, con otra estructura, pero con much\u00edsima intensidad\u201d, remarc\u00f3 el <em>host <\/em>de este adictivo reality que el 12 de septiembre estar\u00e1 de regreso en Latinoam\u00e9rica con una feroz batalla entre los \u201ctraidores\u201d y los \u201cfieles\u201d con el millonario premio como objetivo clave.<\/p>\n<p>Todos los episodios de la primera temporada de <strong><em>The Traitors<\/em><\/strong>, serie exclusiva de Universal+, est\u00e1n disponibles a trav\u00e9s de la aplicaci\u00f3n.<\/p>\n<p><img fetchpriority=\"high\" decoding=\"async\" class=\"aligncenter wp-image-2523 size-large\" src=\"https:\/\/clientesbrandbits.click\/wp-content\/uploads\/2024\/07\/ALAN-CUMMING-IV-1024x498.jpg\" alt=\"\" width=\"1024\" height=\"498\" \/><\/p>\n<p><strong>\u00a1No te pierdas la segunda temporada de The Traitors a partir del 12 de septiembre<\/strong><\/p>\n","protected":false},"excerpt":{"rendered":"<p>Universal+, anuncia al estreno en Latinoam\u00e9rica, el 12 de septiembre, de la segunda temporada de The Traitors, el reality ganador del Emmy\u00ae que recibi\u00f3 cuatro nominaciones para la ceremonia que se llevar\u00e1 a cabo el 15 de septiembre en el &#8230; <a title=\"El 12 de septiembre se estrena la cuarta temporada de \u00abThe traitors\u00bb\" class=\"read-more\" href=\"https:\/\/clientesbrandbits.click\/es\/el-12-de-septiembre-se-estrena-la-cuarta-temporada-de-the-traitors\/\" aria-label=\"Leer m\u00e1s sobre El 12 de septiembre se estrena la cuarta temporada de \u00abThe traitors\u00bb\">Leer M\u00e1s<\/a><\/p>\n","protected":false},"author":5,"featured_media":2539,"comment_status":"closed","ping_status":"closed","sticky":false,"template":"","format":"standard","meta":{"_joinchat":[],"footnotes":""},"categories":[10],"tags":[173],"class_list":["post-2520","post","type-post","status-publish","format-standard","has-post-thumbnail","hentry","category-films","tag-universal","infinite-scroll-item"],"yoast_head":"<!-- This site is optimized with the Yoast SEO plugin v22.8 - https:\/\/yoast.com\/wordpress\/plugins\/seo\/ -->\n<title>El 12 de septiembre se estrena la cuarta temporada de &quot;The traitors&quot; - Spanglish Cinema<\/title>\n<meta name=\"description\" content=\"Universal+, anuncia al estreno en Latinoam\u00e9rica, el 12 de septiembre, de la segunda temporada de The Traitors, el reality ganador del Emmy\u00ae que recibi\u00f3 cuatro nominaciones para la ceremonia que se llevar\u00e1 a cabo el 15 de septiembre en el Peacock Theater de Los \u00c1ngeles, California.\" \/>\n<meta name=\"robots\" content=\"index, follow, max-snippet:-1, max-image-preview:large, max-video-preview:-1\" \/>\n<link rel=\"canonical\" href=\"https:\/\/clientesbrandbits.click\/es\/el-12-de-septiembre-se-estrena-la-cuarta-temporada-de-the-traitors\/\" \/>\n<meta property=\"og:locale\" content=\"es_ES\" \/>\n<meta property=\"og:type\" content=\"article\" \/>\n<meta property=\"og:title\" content=\"El 12 de septiembre se estrena la cuarta temporada de &quot;The traitors&quot; - Spanglish Cinema\" \/>\n<meta property=\"og:description\" content=\"Universal+, anuncia al estreno en Latinoam\u00e9rica, el 12 de septiembre, de la segunda temporada de The Traitors, el reality ganador del Emmy\u00ae que recibi\u00f3 cuatro nominaciones para la ceremonia que se llevar\u00e1 a cabo el 15 de septiembre en el Peacock Theater de Los \u00c1ngeles, California.\" \/>\n<meta property=\"og:url\" content=\"https:\/\/clientesbrandbits.click\/es\/el-12-de-septiembre-se-estrena-la-cuarta-temporada-de-the-traitors\/\" \/>\n<meta property=\"og:site_name\" content=\"Spanglish Cinema\" \/>\n<meta property=\"article:published_time\" content=\"2024-07-26T22:18:01+00:00\" \/>\n<meta property=\"article:modified_time\" content=\"2024-07-27T17:27:18+00:00\" \/>\n<meta property=\"og:image\" content=\"https:\/\/clientesbrandbits.click\/wp-content\/uploads\/2024\/07\/traitors.jpg\" \/>\n\t<meta property=\"og:image:width\" content=\"1280\" \/>\n\t<meta property=\"og:image:height\" content=\"720\" \/>\n\t<meta property=\"og:image:type\" content=\"image\/jpeg\" \/>\n<meta name=\"author\" content=\"Elizabeth Salazar\" \/>\n<meta name=\"twitter:card\" content=\"summary_large_image\" \/>\n<meta name=\"twitter:label1\" content=\"Escrito por\" \/>\n\t<meta name=\"twitter:data1\" content=\"Elizabeth Salazar\" \/>\n\t<meta name=\"twitter:label2\" content=\"Tiempo de lectura\" \/>\n\t<meta name=\"twitter:data2\" content=\"3 minutos\" \/>\n<script type=\"application\/ld+json\" class=\"yoast-schema-graph\">{\"@context\":\"https:\/\/schema.org\",\"@graph\":[{\"@type\":\"Article\",\"@id\":\"https:\/\/clientesbrandbits.click\/el-12-de-septiembre-se-estrena-la-cuarta-temporada-de-the-traitors\/#article\",\"isPartOf\":{\"@id\":\"https:\/\/clientesbrandbits.click\/el-12-de-septiembre-se-estrena-la-cuarta-temporada-de-the-traitors\/\"},\"author\":{\"name\":\"Elizabeth Salazar\",\"@id\":\"https:\/\/clientesbrandbits.click\/#\/schema\/person\/3582a766d1bd629325b8cb5e303f4963\"},\"headline\":\"El 12 de septiembre se estrena la cuarta temporada de \u00abThe traitors\u00bb\",\"datePublished\":\"2024-07-26T22:18:01+00:00\",\"dateModified\":\"2024-07-27T17:27:18+00:00\",\"mainEntityOfPage\":{\"@id\":\"https:\/\/clientesbrandbits.click\/el-12-de-septiembre-se-estrena-la-cuarta-temporada-de-the-traitors\/\"},\"wordCount\":426,\"publisher\":{\"@id\":\"https:\/\/clientesbrandbits.click\/#organization\"},\"image\":{\"@id\":\"https:\/\/clientesbrandbits.click\/el-12-de-septiembre-se-estrena-la-cuarta-temporada-de-the-traitors\/#primaryimage\"},\"thumbnailUrl\":\"https:\/\/clientesbrandbits.click\/wp-content\/uploads\/2024\/07\/traitors.jpg\",\"keywords\":[\"Universal\"],\"articleSection\":[\"Films\"],\"inLanguage\":\"es\"},{\"@type\":\"WebPage\",\"@id\":\"https:\/\/clientesbrandbits.click\/el-12-de-septiembre-se-estrena-la-cuarta-temporada-de-the-traitors\/\",\"url\":\"https:\/\/clientesbrandbits.click\/el-12-de-septiembre-se-estrena-la-cuarta-temporada-de-the-traitors\/\",\"name\":\"El 12 de septiembre se estrena la cuarta temporada de \\\"The traitors\\\" - Spanglish Cinema\",\"isPartOf\":{\"@id\":\"https:\/\/clientesbrandbits.click\/#website\"},\"primaryImageOfPage\":{\"@id\":\"https:\/\/clientesbrandbits.click\/el-12-de-septiembre-se-estrena-la-cuarta-temporada-de-the-traitors\/#primaryimage\"},\"image\":{\"@id\":\"https:\/\/clientesbrandbits.click\/el-12-de-septiembre-se-estrena-la-cuarta-temporada-de-the-traitors\/#primaryimage\"},\"thumbnailUrl\":\"https:\/\/clientesbrandbits.click\/wp-content\/uploads\/2024\/07\/traitors.jpg\",\"datePublished\":\"2024-07-26T22:18:01+00:00\",\"dateModified\":\"2024-07-27T17:27:18+00:00\",\"description\":\"Universal+, anuncia al estreno en Latinoam\u00e9rica, el 12 de septiembre, de la segunda temporada de The Traitors, el reality ganador del Emmy\u00ae que recibi\u00f3 cuatro nominaciones para la ceremonia que se llevar\u00e1 a cabo el 15 de septiembre en el Peacock Theater de Los \u00c1ngeles, California.\",\"breadcrumb\":{\"@id\":\"https:\/\/clientesbrandbits.click\/el-12-de-septiembre-se-estrena-la-cuarta-temporada-de-the-traitors\/#breadcrumb\"},\"inLanguage\":\"es\",\"potentialAction\":[{\"@type\":\"ReadAction\",\"target\":[\"https:\/\/clientesbrandbits.click\/el-12-de-septiembre-se-estrena-la-cuarta-temporada-de-the-traitors\/\"]}]},{\"@type\":\"ImageObject\",\"inLanguage\":\"es\",\"@id\":\"https:\/\/clientesbrandbits.click\/el-12-de-septiembre-se-estrena-la-cuarta-temporada-de-the-traitors\/#primaryimage\",\"url\":\"https:\/\/clientesbrandbits.click\/wp-content\/uploads\/2024\/07\/traitors.jpg\",\"contentUrl\":\"https:\/\/clientesbrandbits.click\/wp-content\/uploads\/2024\/07\/traitors.jpg\",\"width\":1280,\"height\":720},{\"@type\":\"BreadcrumbList\",\"@id\":\"https:\/\/clientesbrandbits.click\/el-12-de-septiembre-se-estrena-la-cuarta-temporada-de-the-traitors\/#breadcrumb\",\"itemListElement\":[{\"@type\":\"ListItem\",\"position\":1,\"name\":\"Portada\",\"item\":\"https:\/\/clientesbrandbits.click\/\"},{\"@type\":\"ListItem\",\"position\":2,\"name\":\"El 12 de septiembre se estrena la cuarta temporada de &#8220;The traitors&#8221;\"}]},{\"@type\":\"WebSite\",\"@id\":\"https:\/\/clientesbrandbits.click\/#website\",\"url\":\"https:\/\/clientesbrandbits.click\/\",\"name\":\"Spanglish Cinema\",\"description\":\"\",\"publisher\":{\"@id\":\"https:\/\/clientesbrandbits.click\/#organization\"},\"potentialAction\":[{\"@type\":\"SearchAction\",\"target\":{\"@type\":\"EntryPoint\",\"urlTemplate\":\"https:\/\/clientesbrandbits.click\/?s={search_term_string}\"},\"query-input\":\"required name=search_term_string\"}],\"inLanguage\":\"es\"},{\"@type\":\"Organization\",\"@id\":\"https:\/\/clientesbrandbits.click\/#organization\",\"name\":\"Spanglish Cinema\",\"url\":\"https:\/\/clientesbrandbits.click\/\",\"logo\":{\"@type\":\"ImageObject\",\"inLanguage\":\"es\",\"@id\":\"https:\/\/clientesbrandbits.click\/#\/schema\/logo\/image\/\",\"url\":\"https:\/\/clientesbrandbits.click\/wp-content\/uploads\/2024\/03\/spanglish_cinema.png\",\"contentUrl\":\"https:\/\/clientesbrandbits.click\/wp-content\/uploads\/2024\/03\/spanglish_cinema.png\",\"width\":612,\"height\":225,\"caption\":\"Spanglish Cinema\"},\"image\":{\"@id\":\"https:\/\/clientesbrandbits.click\/#\/schema\/logo\/image\/\"}},{\"@type\":\"Person\",\"@id\":\"https:\/\/clientesbrandbits.click\/#\/schema\/person\/3582a766d1bd629325b8cb5e303f4963\",\"name\":\"Elizabeth Salazar\",\"image\":{\"@type\":\"ImageObject\",\"inLanguage\":\"es\",\"@id\":\"https:\/\/clientesbrandbits.click\/#\/schema\/person\/image\/\",\"url\":\"https:\/\/secure.gravatar.com\/avatar\/ddf69a5ddae2a61929dd4e305eb31658?s=96&d=mm&r=g\",\"contentUrl\":\"https:\/\/secure.gravatar.com\/avatar\/ddf69a5ddae2a61929dd4e305eb31658?s=96&d=mm&r=g\",\"caption\":\"Elizabeth Salazar\"},\"url\":\"https:\/\/clientesbrandbits.click\/es\/author\/elizabeth-salazar\/\"}]}<\/script>\n<!-- \/ Yoast SEO plugin. -->","yoast_head_json":{"title":"El 12 de septiembre se estrena la cuarta temporada de \"The traitors\" - Spanglish Cinema","description":"Universal+, anuncia al estreno en Latinoam\u00e9rica, el 12 de septiembre, de la segunda temporada de The Traitors, el reality ganador del Emmy\u00ae que recibi\u00f3 cuatro nominaciones para la ceremonia que se llevar\u00e1 a cabo el 15 de septiembre en el Peacock Theater de Los \u00c1ngeles, California.","robots":{"index":"index","follow":"follow","max-snippet":"max-snippet:-1","max-image-preview":"max-image-preview:large","max-video-preview":"max-video-preview:-1"},"canonical":"https:\/\/clientesbrandbits.click\/es\/el-12-de-septiembre-se-estrena-la-cuarta-temporada-de-the-traitors\/","og_locale":"es_ES","og_type":"article","og_title":"El 12 de septiembre se estrena la cuarta temporada de \"The traitors\" - Spanglish Cinema","og_description":"Universal+, anuncia al estreno en Latinoam\u00e9rica, el 12 de septiembre, de la segunda temporada de The Traitors, el reality ganador del Emmy\u00ae que recibi\u00f3 cuatro nominaciones para la ceremonia que se llevar\u00e1 a cabo el 15 de septiembre en el Peacock Theater de Los \u00c1ngeles, California.","og_url":"https:\/\/clientesbrandbits.click\/es\/el-12-de-septiembre-se-estrena-la-cuarta-temporada-de-the-traitors\/","og_site_name":"Spanglish Cinema","article_published_time":"2024-07-26T22:18:01+00:00","article_modified_time":"2024-07-27T17:27:18+00:00","og_image":[{"width":1280,"height":720,"url":"https:\/\/clientesbrandbits.click\/wp-content\/uploads\/2024\/07\/traitors.jpg","type":"image\/jpeg"}],"author":"Elizabeth Salazar","twitter_card":"summary_large_image","twitter_misc":{"Escrito por":"Elizabeth Salazar","Tiempo de lectura":"3 minutos"},"schema":{"@context":"https:\/\/schema.org","@graph":[{"@type":"Article","@id":"https:\/\/clientesbrandbits.click\/el-12-de-septiembre-se-estrena-la-cuarta-temporada-de-the-traitors\/#article","isPartOf":{"@id":"https:\/\/clientesbrandbits.click\/el-12-de-septiembre-se-estrena-la-cuarta-temporada-de-the-traitors\/"},"author":{"name":"Elizabeth Salazar","@id":"https:\/\/clientesbrandbits.click\/#\/schema\/person\/3582a766d1bd629325b8cb5e303f4963"},"headline":"El 12 de septiembre se estrena la cuarta temporada de \u00abThe traitors\u00bb","datePublished":"2024-07-26T22:18:01+00:00","dateModified":"2024-07-27T17:27:18+00:00","mainEntityOfPage":{"@id":"https:\/\/clientesbrandbits.click\/el-12-de-septiembre-se-estrena-la-cuarta-temporada-de-the-traitors\/"},"wordCount":426,"publisher":{"@id":"https:\/\/clientesbrandbits.click\/#organization"},"image":{"@id":"https:\/\/clientesbrandbits.click\/el-12-de-septiembre-se-estrena-la-cuarta-temporada-de-the-traitors\/#primaryimage"},"thumbnailUrl":"https:\/\/clientesbrandbits.click\/wp-content\/uploads\/2024\/07\/traitors.jpg","keywords":["Universal"],"articleSection":["Films"],"inLanguage":"es"},{"@type":"WebPage","@id":"https:\/\/clientesbrandbits.click\/el-12-de-septiembre-se-estrena-la-cuarta-temporada-de-the-traitors\/","url":"https:\/\/clientesbrandbits.click\/el-12-de-septiembre-se-estrena-la-cuarta-temporada-de-the-traitors\/","name":"El 12 de septiembre se estrena la cuarta temporada de \"The traitors\" - Spanglish Cinema","isPartOf":{"@id":"https:\/\/clientesbrandbits.click\/#website"},"primaryImageOfPage":{"@id":"https:\/\/clientesbrandbits.click\/el-12-de-septiembre-se-estrena-la-cuarta-temporada-de-the-traitors\/#primaryimage"},"image":{"@id":"https:\/\/clientesbrandbits.click\/el-12-de-septiembre-se-estrena-la-cuarta-temporada-de-the-traitors\/#primaryimage"},"thumbnailUrl":"https:\/\/clientesbrandbits.click\/wp-content\/uploads\/2024\/07\/traitors.jpg","datePublished":"2024-07-26T22:18:01+00:00","dateModified":"2024-07-27T17:27:18+00:00","description":"Universal+, anuncia al estreno en Latinoam\u00e9rica, el 12 de septiembre, de la segunda temporada de The Traitors, el reality ganador del Emmy\u00ae que recibi\u00f3 cuatro nominaciones para la ceremonia que se llevar\u00e1 a cabo el 15 de septiembre en el Peacock Theater de Los \u00c1ngeles, California.","breadcrumb":{"@id":"https:\/\/clientesbrandbits.click\/el-12-de-septiembre-se-estrena-la-cuarta-temporada-de-the-traitors\/#breadcrumb"},"inLanguage":"es","potentialAction":[{"@type":"ReadAction","target":["https:\/\/clientesbrandbits.click\/el-12-de-septiembre-se-estrena-la-cuarta-temporada-de-the-traitors\/"]}]},{"@type":"ImageObject","inLanguage":"es","@id":"https:\/\/clientesbrandbits.click\/el-12-de-septiembre-se-estrena-la-cuarta-temporada-de-the-traitors\/#primaryimage","url":"https:\/\/clientesbrandbits.click\/wp-content\/uploads\/2024\/07\/traitors.jpg","contentUrl":"https:\/\/clientesbrandbits.click\/wp-content\/uploads\/2024\/07\/traitors.jpg","width":1280,"height":720},{"@type":"BreadcrumbList","@id":"https:\/\/clientesbrandbits.click\/el-12-de-septiembre-se-estrena-la-cuarta-temporada-de-the-traitors\/#breadcrumb","itemListElement":[{"@type":"ListItem","position":1,"name":"Portada","item":"https:\/\/clientesbrandbits.click\/"},{"@type":"ListItem","position":2,"name":"El 12 de septiembre se estrena la cuarta temporada de &#8220;The traitors&#8221;"}]},{"@type":"WebSite","@id":"https:\/\/clientesbrandbits.click\/#website","url":"https:\/\/clientesbrandbits.click\/","name":"Spanglish Cinema","description":"","publisher":{"@id":"https:\/\/clientesbrandbits.click\/#organization"},"potentialAction":[{"@type":"SearchAction","target":{"@type":"EntryPoint","urlTemplate":"https:\/\/clientesbrandbits.click\/?s={search_term_string}"},"query-input":"required name=search_term_string"}],"inLanguage":"es"},{"@type":"Organization","@id":"https:\/\/clientesbrandbits.click\/#organization","name":"Spanglish Cinema","url":"https:\/\/clientesbrandbits.click\/","logo":{"@type":"ImageObject","inLanguage":"es","@id":"https:\/\/clientesbrandbits.click\/#\/schema\/logo\/image\/","url":"https:\/\/clientesbrandbits.click\/wp-content\/uploads\/2024\/03\/spanglish_cinema.png","contentUrl":"https:\/\/clientesbrandbits.click\/wp-content\/uploads\/2024\/03\/spanglish_cinema.png","width":612,"height":225,"caption":"Spanglish Cinema"},"image":{"@id":"https:\/\/clientesbrandbits.click\/#\/schema\/logo\/image\/"}},{"@type":"Person","@id":"https:\/\/clientesbrandbits.click\/#\/schema\/person\/3582a766d1bd629325b8cb5e303f4963","name":"Elizabeth Salazar","image":{"@type":"ImageObject","inLanguage":"es","@id":"https:\/\/clientesbrandbits.click\/#\/schema\/person\/image\/","url":"https:\/\/secure.gravatar.com\/avatar\/ddf69a5ddae2a61929dd4e305eb31658?s=96&d=mm&r=g","contentUrl":"https:\/\/secure.gravatar.com\/avatar\/ddf69a5ddae2a61929dd4e305eb31658?s=96&d=mm&r=g","caption":"Elizabeth Salazar"},"url":"https:\/\/clientesbrandbits.click\/es\/author\/elizabeth-salazar\/"}]}},"_links":{"self":[{"href":"https:\/\/clientesbrandbits.click\/es\/wp-json\/wp\/v2\/posts\/2520"}],"collection":[{"href":"https:\/\/clientesbrandbits.click\/es\/wp-json\/wp\/v2\/posts"}],"about":[{"href":"https:\/\/clientesbrandbits.click\/es\/wp-json\/wp\/v2\/types\/post"}],"author":[{"embeddable":true,"href":"https:\/\/clientesbrandbits.click\/es\/wp-json\/wp\/v2\/users\/5"}],"replies":[{"embeddable":true,"href":"https:\/\/clientesbrandbits.click\/es\/wp-json\/wp\/v2\/comments?post=2520"}],"version-history":[{"count":3,"href":"https:\/\/clientesbrandbits.click\/es\/wp-json\/wp\/v2\/posts\/2520\/revisions"}],"predecessor-version":[{"id":2532,"href":"https:\/\/clientesbrandbits.click\/es\/wp-json\/wp\/v2\/posts\/2520\/revisions\/2532"}],"wp:featuredmedia":[{"embeddable":true,"href":"https:\/\/clientesbrandbits.click\/es\/wp-json\/wp\/v2\/media\/2539"}],"wp:attachment":[{"href":"https:\/\/clientesbrandbits.click\/es\/wp-json\/wp\/v2\/media?parent=2520"}],"wp:term":[{"taxonomy":"category","embeddable":true,"href":"https:\/\/clientesbrandbits.click\/es\/wp-json\/wp\/v2\/categories?post=2520"},{"taxonomy":"post_tag","embeddable":true,"href":"https:\/\/clientesbrandbits.click\/es\/wp-json\/wp\/v2\/tags?post=2520"}],"curies":[{"name":"wp","href":"https:\/\/api.w.org\/{rel}","templated":true}]}}