{"id":2511,"date":"2024-07-25T14:21:17","date_gmt":"2024-07-25T18:21:17","guid":{"rendered":"https:\/\/clientesbrandbits.click\/?p=2511"},"modified":"2024-07-25T08:25:52","modified_gmt":"2024-07-25T12:25:52","slug":"ciclo-de-wim-wenders-continua-con-8-peliculas-en-sala-k","status":"publish","type":"post","link":"https:\/\/clientesbrandbits.click\/es\/ciclo-de-wim-wenders-continua-con-8-peliculas-en-sala-k\/","title":{"rendered":"Ciclo de Wim Wenders contin\u00faa con 8 pel\u00edculas en Sala K"},"content":{"rendered":"<p style=\"text-align: justify;\">A\u00fan quedan d\u00edas para ver una selecci\u00f3n que representa lo mejor y m\u00e1s ecl\u00e9ctico de la filmograf\u00eda del realizador de\u00a0<em>Perfect Days.\u00a0<\/em><\/p>\n<p style=\"text-align: justify;\"><span style=\"color: #ff00ff;\"><a style=\"color: #ff00ff;\" href=\"https:\/\/clientesbrandbits.click\/cannes-dia-12-wim-wenders-presento-paris-texas-restaurada-en-cannes-classics\/\"><strong>Wim Wenders <\/strong><\/a><\/span>y 8 de sus pel\u00edculas estar\u00e1n en cartelera para revisar los diversos t\u00f3picos que han marcado su extraordinaria carrera: grandes personalidades en clave documental (<em>Pina<\/em> y <em>La sal de la tierra<\/em>), la adaptaci\u00f3n de un cl\u00e1sico de <strong>Patricia Highsmith<\/strong> (<em>El amigo americano<\/em>) o una reflexi\u00f3n sobre el cine realizado en torno al cine (<em>El estado de las cosas<\/em>)<\/p>\n<p style=\"text-align: justify;\">A esa selecci\u00f3n, se suma un listado que engrosa lo que tal vez pueda ser el subg\u00e9nero que m\u00e1s ha atravesado la carrera del director alem\u00e1n; las road movies con una segunda y \u00faltima funci\u00f3n de la versi\u00f3n director\u2019s cut de <em>Hasta el fin del mundo<\/em>\u00a0\u2014estreno en Latinoam\u00e9rica y cuya duraci\u00f3n bordea las 5 horas\u2014 y parte de los filmes que formaron la identidad de Wenders en la cinematograf\u00eda del siglo XX:\u00a0<em>Alicia en las ciudades, Paris \/ Texas<\/em> y <em>Tokyo-Ga.<\/em><\/p>\n<p><strong><em><a href=\"https:\/\/trackercl1.fidelizador.com\/L10E9CD10GE1DBC31EHA9FF5DA261J62CCDEA6CAK10E9CD10990F5D01E9F430AA61F7FC\"><span style=\"color: #ff00ff;\">PINA<\/span><\/a><\/em>\u00a0(Alemania \/ 2011 \/ 100\u2019)<\/strong><\/p>\n<p style=\"text-align: justify;\">Homenaje a la bailarina alemana Pina Bausch contado a trav\u00e9s de sus coreograf\u00edas y testimonios de los colaboradores de la artista.<\/p>\n<p>S\u00e1bado 27 de julio y s\u00e1bado 10 de agosto a las 17 horas.<\/p>\n<p>Entrada pagada.<\/p>\n<p><strong><span style=\"color: #ff00ff;\"><em><a style=\"color: #ff00ff;\" href=\"https:\/\/trackercl1.fidelizador.com\/L10E9CD10GE1DBC31EHA9FF5DA261J62CCDEA67FK10E9CD10990F5D01E9F430AA61F7FC\">La sal de la tierra<\/a><\/em>\u00a0<\/span>(Francia \/ 2014 \/ 100\u2019)\u00a0<\/strong><\/p>\n<p style=\"text-align: justify;\">Explora el trabajo fotogr\u00e1fico de Sebasti\u00e3o Salgado, quien ha recorrido el mundo presenciando hechos hist\u00f3ricos y los cambios que estos producen en las sociedades.<\/p>\n<p>Mi\u00e9rcoles 7 de agosto a las 19:30 horas<\/p>\n<p>Entrada liberada.<\/p>\n<p><strong>Ficciones<\/strong><\/p>\n<p><strong><em><a href=\"https:\/\/trackercl1.fidelizador.com\/L10E9CD10GE1DBC31EHA9FF5DA261J62CCDEA6ECK10E9CD10990F5D01E9F430AA61F7FC\"><span style=\"color: #ff00ff;\">El amigo americano<\/span><\/a><\/em>\u00a0(Alemania \/ 1977 \/ 126\u2019)\u00a0<\/strong><\/p>\n<p style=\"text-align: justify;\">Drama criminal centrado en la historia de Tom Ripley y Jonathan Zimmermann, un humilde fabricante de marcos con una enfermedad terminal.<\/p>\n<p>Viernes 16 de agosto a las 17 horas.<\/p>\n<p>Entrada gratuita.<\/p>\n<p><strong><em><a href=\"https:\/\/trackercl1.fidelizador.com\/L10E9CD10GE1DBC31EHA9FF5DA261J62CCDEA6E9K10E9CD10990F5D01E9F430AA61F7FC\"><span style=\"color: #ff00ff;\">El estado de las cosas<\/span><\/a><\/em>\u00a0(Alemania \/ 1982\u2019 \/ 117\u2019)<\/strong><\/p>\n<p style=\"text-align: justify;\">Un equipo de cine rueda en Portugal, mientras les ocurren una serie de reveses que los llevan a replantearse la producci\u00f3n del film.<\/p>\n<p>Viernes 26 de julio a las 17 horas.<\/p>\n<p>Entrada liberada.<\/p>\n<p><strong>Road movies<\/strong><\/p>\n<p><span style=\"color: #ff00ff;\"><em><a style=\"color: #ff00ff;\" href=\"https:\/\/trackercl1.fidelizador.com\/L10E9CD10GE1DBC31EHA9FF5DA261J62CCDE1AF2K10E9CD10990F5D01E9F430AA61F7FC\"><strong>Alicia en las ciudades<\/strong><\/a><\/em>\u00a0<\/span><strong>(Alemania \/ 1974 \/ 110\u2019)<\/strong><\/p>\n<p style=\"text-align: justify;\">Felix Winter es un periodista alem\u00e1n que recorre Estados Unidos buscando temas para escribir un libro, pero su editor cancela su contrato. En ese momento comienza su aventura, cuando conoce a una mujer que le deja un extra\u00f1o mensaje: que vaya con su hija Alicia, de 9 a\u00f1os, a Amsterdam para reunirse con ella.<\/p>\n<p>Mi\u00e9rcoles 31 de julio a las 19:30 horas.<\/p>\n<p>Entrada liberada.<\/p>\n<p><strong><span style=\"color: #ff00ff;\"><em><a style=\"color: #ff00ff;\" href=\"https:\/\/trackercl1.fidelizador.com\/L10E9CD10GE1DBC31EHA9FF5DA261J62CCDE1A0CK10E9CD10990F5D01E9F430AA61F7FC\">Par\u00eds, Texas<\/a><\/em>\u00a0<\/span>(Alemania \/ 1984 \/ 144\u2019)\u00a0<\/strong><\/p>\n<p style=\"text-align: justify;\">La historia de Travis, de un hombre que busca enmendar su pasado, conociendo a su hijo y buscando a su esposa, perdida hace muchos a\u00f1os.<\/p>\n<p>Mi\u00e9rcoles 24 de julio a las 17 horas.<\/p>\n<p>Entrada liberada.<\/p>\n<p><span style=\"color: #ff00ff;\"><em><a style=\"color: #ff00ff;\" href=\"https:\/\/trackercl1.fidelizador.com\/L10E9CD10GE1DBC31EHA9FF5DA261J62CCDE1AB5K10E9CD10990F5D01E9F430AA61F7FC\"><strong>Tokio-Ga<\/strong><\/a><\/em>\u00a0<\/span>(<strong>Alemania \/ 1985 \/ 89\u2019<\/strong>)<\/p>\n<p style=\"text-align: justify;\">Un recorrido por las calles de Tokio en busca de las huellas dejadas por Yasujiro Ozu, a 20 a\u00f1os de su muerte.<\/p>\n<p>Mi\u00e9rcoles 7 de agosto a las 17 horas.<\/p>\n<p>Entrada liberada.<\/p>\n<p><strong><span style=\"color: #ff00ff;\"><em><a style=\"color: #ff00ff;\" href=\"https:\/\/trackercl1.fidelizador.com\/L10E9CD10GE1DBC31EHA9FF5DA261J62CCDE1AFDK10E9CD10990F5D01E9F430AA61F7FC\">Hasta el fin del mundo<\/a><\/em> <\/span>(Alemania \/ 1991 \/ 287\u2019)\u00a0<\/strong><\/p>\n<p style=\"text-align: justify;\">El \u00e9pico relato de un grupo de personajes que va de ciudad en ciudad, de continente en continente, en v\u00edsperas del a\u00f1o 2000. El proyecto m\u00e1s ambicioso en la carrera de Wim Wenders, que se estrena en Chile en su versi\u00f3n \u201cdirector\u2019s cut\u201d, de cinco horas.<\/p>\n<p>S\u00e1bado 3 de agosto a las 16 horas. Incluye intermedio.<\/p>\n<p><img fetchpriority=\"high\" decoding=\"async\" class=\"aligncenter wp-image-2513 size-large\" src=\"https:\/\/clientesbrandbits.click\/wp-content\/uploads\/2024\/07\/paris-portadisima_634_1140_c-1024x569.jpg\" alt=\"\" width=\"1024\" height=\"569\" srcset=\"https:\/\/clientesbrandbits.click\/wp-content\/uploads\/2024\/07\/paris-portadisima_634_1140_c-1024x569.jpg 1024w, https:\/\/clientesbrandbits.click\/wp-content\/uploads\/2024\/07\/paris-portadisima_634_1140_c-300x167.jpg 300w, https:\/\/clientesbrandbits.click\/wp-content\/uploads\/2024\/07\/paris-portadisima_634_1140_c-768x427.jpg 768w, https:\/\/clientesbrandbits.click\/wp-content\/uploads\/2024\/07\/paris-portadisima_634_1140_c-18x10.jpg 18w, https:\/\/clientesbrandbits.click\/wp-content\/uploads\/2024\/07\/paris-portadisima_634_1140_c.jpg 1140w\" sizes=\"(max-width: 1024px) 100vw, 1024px\" \/><\/p>\n","protected":false},"excerpt":{"rendered":"<p>A\u00fan quedan d\u00edas para ver una selecci\u00f3n que representa lo mejor y m\u00e1s ecl\u00e9ctico de la filmograf\u00eda del realizador de\u00a0Perfect Days.\u00a0 Wim Wenders y 8 de sus pel\u00edculas estar\u00e1n en cartelera para revisar los diversos t\u00f3picos que han marcado su &#8230; <a title=\"Ciclo de Wim Wenders contin\u00faa con 8 pel\u00edculas en Sala K\" class=\"read-more\" href=\"https:\/\/clientesbrandbits.click\/es\/ciclo-de-wim-wenders-continua-con-8-peliculas-en-sala-k\/\" aria-label=\"Leer m\u00e1s sobre Ciclo de Wim Wenders contin\u00faa con 8 pel\u00edculas en Sala K\">Leer M\u00e1s<\/a><\/p>\n","protected":false},"author":5,"featured_media":2512,"comment_status":"closed","ping_status":"closed","sticky":false,"template":"","format":"standard","meta":{"_joinchat":[],"footnotes":""},"categories":[10],"tags":[214,140],"class_list":["post-2511","post","type-post","status-publish","format-standard","has-post-thumbnail","hentry","category-films","tag-sala-k","tag-wim-wenders","infinite-scroll-item"],"yoast_head":"<!-- This site is optimized with the Yoast SEO plugin v22.8 - https:\/\/yoast.com\/wordpress\/plugins\/seo\/ -->\n<title>Ciclo de Wim Wenders contin\u00faa con 8 pel\u00edculas en Sala K - Spanglish Cinema<\/title>\n<meta name=\"description\" content=\"A\u00fan quedan d\u00edas para ver una selecci\u00f3n que representa lo mejor y m\u00e1s ecl\u00e9ctico de la filmograf\u00eda del realizador de\u00a0Perfect Days.\u00a0\" \/>\n<meta name=\"robots\" content=\"index, follow, max-snippet:-1, max-image-preview:large, max-video-preview:-1\" \/>\n<link rel=\"canonical\" href=\"https:\/\/clientesbrandbits.click\/es\/ciclo-de-wim-wenders-continua-con-8-peliculas-en-sala-k\/\" \/>\n<meta property=\"og:locale\" content=\"es_ES\" \/>\n<meta property=\"og:type\" content=\"article\" \/>\n<meta property=\"og:title\" content=\"Ciclo de Wim Wenders contin\u00faa con 8 pel\u00edculas en Sala K - Spanglish Cinema\" \/>\n<meta property=\"og:description\" content=\"A\u00fan quedan d\u00edas para ver una selecci\u00f3n que representa lo mejor y m\u00e1s ecl\u00e9ctico de la filmograf\u00eda del realizador de\u00a0Perfect Days.\u00a0\" \/>\n<meta property=\"og:url\" content=\"https:\/\/clientesbrandbits.click\/es\/ciclo-de-wim-wenders-continua-con-8-peliculas-en-sala-k\/\" \/>\n<meta property=\"og:site_name\" content=\"Spanglish Cinema\" \/>\n<meta property=\"article:published_time\" content=\"2024-07-25T18:21:17+00:00\" \/>\n<meta property=\"article:modified_time\" content=\"2024-07-25T12:25:52+00:00\" \/>\n<meta property=\"og:image\" content=\"https:\/\/clientesbrandbits.click\/wp-content\/uploads\/2024\/07\/unnamed-16.jpg\" \/>\n\t<meta property=\"og:image:width\" content=\"1000\" \/>\n\t<meta property=\"og:image:height\" content=\"649\" \/>\n\t<meta property=\"og:image:type\" content=\"image\/jpeg\" \/>\n<meta name=\"author\" content=\"Elizabeth Salazar\" \/>\n<meta name=\"twitter:card\" content=\"summary_large_image\" \/>\n<meta name=\"twitter:label1\" content=\"Escrito por\" \/>\n\t<meta name=\"twitter:data1\" content=\"Elizabeth Salazar\" \/>\n\t<meta name=\"twitter:label2\" content=\"Tiempo de lectura\" \/>\n\t<meta name=\"twitter:data2\" content=\"3 minutos\" \/>\n<script type=\"application\/ld+json\" class=\"yoast-schema-graph\">{\"@context\":\"https:\/\/schema.org\",\"@graph\":[{\"@type\":\"Article\",\"@id\":\"https:\/\/clientesbrandbits.click\/ciclo-de-wim-wenders-continua-con-8-peliculas-en-sala-k\/#article\",\"isPartOf\":{\"@id\":\"https:\/\/clientesbrandbits.click\/ciclo-de-wim-wenders-continua-con-8-peliculas-en-sala-k\/\"},\"author\":{\"name\":\"Elizabeth Salazar\",\"@id\":\"https:\/\/clientesbrandbits.click\/#\/schema\/person\/3582a766d1bd629325b8cb5e303f4963\"},\"headline\":\"Ciclo de Wim Wenders contin\u00faa con 8 pel\u00edculas en Sala K\",\"datePublished\":\"2024-07-25T18:21:17+00:00\",\"dateModified\":\"2024-07-25T12:25:52+00:00\",\"mainEntityOfPage\":{\"@id\":\"https:\/\/clientesbrandbits.click\/ciclo-de-wim-wenders-continua-con-8-peliculas-en-sala-k\/\"},\"wordCount\":557,\"publisher\":{\"@id\":\"https:\/\/clientesbrandbits.click\/#organization\"},\"image\":{\"@id\":\"https:\/\/clientesbrandbits.click\/ciclo-de-wim-wenders-continua-con-8-peliculas-en-sala-k\/#primaryimage\"},\"thumbnailUrl\":\"https:\/\/clientesbrandbits.click\/wp-content\/uploads\/2024\/07\/unnamed-16.jpg\",\"keywords\":[\"Sala K\",\"Wim Wenders\"],\"articleSection\":[\"Films\"],\"inLanguage\":\"es\"},{\"@type\":\"WebPage\",\"@id\":\"https:\/\/clientesbrandbits.click\/ciclo-de-wim-wenders-continua-con-8-peliculas-en-sala-k\/\",\"url\":\"https:\/\/clientesbrandbits.click\/ciclo-de-wim-wenders-continua-con-8-peliculas-en-sala-k\/\",\"name\":\"Ciclo de Wim Wenders contin\u00faa con 8 pel\u00edculas en Sala K - Spanglish Cinema\",\"isPartOf\":{\"@id\":\"https:\/\/clientesbrandbits.click\/#website\"},\"primaryImageOfPage\":{\"@id\":\"https:\/\/clientesbrandbits.click\/ciclo-de-wim-wenders-continua-con-8-peliculas-en-sala-k\/#primaryimage\"},\"image\":{\"@id\":\"https:\/\/clientesbrandbits.click\/ciclo-de-wim-wenders-continua-con-8-peliculas-en-sala-k\/#primaryimage\"},\"thumbnailUrl\":\"https:\/\/clientesbrandbits.click\/wp-content\/uploads\/2024\/07\/unnamed-16.jpg\",\"datePublished\":\"2024-07-25T18:21:17+00:00\",\"dateModified\":\"2024-07-25T12:25:52+00:00\",\"description\":\"A\u00fan quedan d\u00edas para ver una selecci\u00f3n que representa lo mejor y m\u00e1s ecl\u00e9ctico de la filmograf\u00eda del realizador de\u00a0Perfect Days.\u00a0\",\"breadcrumb\":{\"@id\":\"https:\/\/clientesbrandbits.click\/ciclo-de-wim-wenders-continua-con-8-peliculas-en-sala-k\/#breadcrumb\"},\"inLanguage\":\"es\",\"potentialAction\":[{\"@type\":\"ReadAction\",\"target\":[\"https:\/\/clientesbrandbits.click\/ciclo-de-wim-wenders-continua-con-8-peliculas-en-sala-k\/\"]}]},{\"@type\":\"ImageObject\",\"inLanguage\":\"es\",\"@id\":\"https:\/\/clientesbrandbits.click\/ciclo-de-wim-wenders-continua-con-8-peliculas-en-sala-k\/#primaryimage\",\"url\":\"https:\/\/clientesbrandbits.click\/wp-content\/uploads\/2024\/07\/unnamed-16.jpg\",\"contentUrl\":\"https:\/\/clientesbrandbits.click\/wp-content\/uploads\/2024\/07\/unnamed-16.jpg\",\"width\":1000,\"height\":649},{\"@type\":\"BreadcrumbList\",\"@id\":\"https:\/\/clientesbrandbits.click\/ciclo-de-wim-wenders-continua-con-8-peliculas-en-sala-k\/#breadcrumb\",\"itemListElement\":[{\"@type\":\"ListItem\",\"position\":1,\"name\":\"Portada\",\"item\":\"https:\/\/clientesbrandbits.click\/\"},{\"@type\":\"ListItem\",\"position\":2,\"name\":\"Ciclo de Wim Wenders contin\u00faa con 8 pel\u00edculas en Sala K\"}]},{\"@type\":\"WebSite\",\"@id\":\"https:\/\/clientesbrandbits.click\/#website\",\"url\":\"https:\/\/clientesbrandbits.click\/\",\"name\":\"Spanglish Cinema\",\"description\":\"\",\"publisher\":{\"@id\":\"https:\/\/clientesbrandbits.click\/#organization\"},\"potentialAction\":[{\"@type\":\"SearchAction\",\"target\":{\"@type\":\"EntryPoint\",\"urlTemplate\":\"https:\/\/clientesbrandbits.click\/?s={search_term_string}\"},\"query-input\":\"required name=search_term_string\"}],\"inLanguage\":\"es\"},{\"@type\":\"Organization\",\"@id\":\"https:\/\/clientesbrandbits.click\/#organization\",\"name\":\"Spanglish Cinema\",\"url\":\"https:\/\/clientesbrandbits.click\/\",\"logo\":{\"@type\":\"ImageObject\",\"inLanguage\":\"es\",\"@id\":\"https:\/\/clientesbrandbits.click\/#\/schema\/logo\/image\/\",\"url\":\"https:\/\/clientesbrandbits.click\/wp-content\/uploads\/2024\/03\/spanglish_cinema.png\",\"contentUrl\":\"https:\/\/clientesbrandbits.click\/wp-content\/uploads\/2024\/03\/spanglish_cinema.png\",\"width\":612,\"height\":225,\"caption\":\"Spanglish Cinema\"},\"image\":{\"@id\":\"https:\/\/clientesbrandbits.click\/#\/schema\/logo\/image\/\"}},{\"@type\":\"Person\",\"@id\":\"https:\/\/clientesbrandbits.click\/#\/schema\/person\/3582a766d1bd629325b8cb5e303f4963\",\"name\":\"Elizabeth Salazar\",\"image\":{\"@type\":\"ImageObject\",\"inLanguage\":\"es\",\"@id\":\"https:\/\/clientesbrandbits.click\/#\/schema\/person\/image\/\",\"url\":\"https:\/\/secure.gravatar.com\/avatar\/ddf69a5ddae2a61929dd4e305eb31658?s=96&d=mm&r=g\",\"contentUrl\":\"https:\/\/secure.gravatar.com\/avatar\/ddf69a5ddae2a61929dd4e305eb31658?s=96&d=mm&r=g\",\"caption\":\"Elizabeth Salazar\"},\"url\":\"https:\/\/clientesbrandbits.click\/es\/author\/elizabeth-salazar\/\"}]}<\/script>\n<!-- \/ Yoast SEO plugin. -->","yoast_head_json":{"title":"Ciclo de Wim Wenders contin\u00faa con 8 pel\u00edculas en Sala K - Spanglish Cinema","description":"A\u00fan quedan d\u00edas para ver una selecci\u00f3n que representa lo mejor y m\u00e1s ecl\u00e9ctico de la filmograf\u00eda del realizador de\u00a0Perfect Days.\u00a0","robots":{"index":"index","follow":"follow","max-snippet":"max-snippet:-1","max-image-preview":"max-image-preview:large","max-video-preview":"max-video-preview:-1"},"canonical":"https:\/\/clientesbrandbits.click\/es\/ciclo-de-wim-wenders-continua-con-8-peliculas-en-sala-k\/","og_locale":"es_ES","og_type":"article","og_title":"Ciclo de Wim Wenders contin\u00faa con 8 pel\u00edculas en Sala K - Spanglish Cinema","og_description":"A\u00fan quedan d\u00edas para ver una selecci\u00f3n que representa lo mejor y m\u00e1s ecl\u00e9ctico de la filmograf\u00eda del realizador de\u00a0Perfect Days.\u00a0","og_url":"https:\/\/clientesbrandbits.click\/es\/ciclo-de-wim-wenders-continua-con-8-peliculas-en-sala-k\/","og_site_name":"Spanglish Cinema","article_published_time":"2024-07-25T18:21:17+00:00","article_modified_time":"2024-07-25T12:25:52+00:00","og_image":[{"width":1000,"height":649,"url":"https:\/\/clientesbrandbits.click\/wp-content\/uploads\/2024\/07\/unnamed-16.jpg","type":"image\/jpeg"}],"author":"Elizabeth Salazar","twitter_card":"summary_large_image","twitter_misc":{"Escrito por":"Elizabeth Salazar","Tiempo de lectura":"3 minutos"},"schema":{"@context":"https:\/\/schema.org","@graph":[{"@type":"Article","@id":"https:\/\/clientesbrandbits.click\/ciclo-de-wim-wenders-continua-con-8-peliculas-en-sala-k\/#article","isPartOf":{"@id":"https:\/\/clientesbrandbits.click\/ciclo-de-wim-wenders-continua-con-8-peliculas-en-sala-k\/"},"author":{"name":"Elizabeth Salazar","@id":"https:\/\/clientesbrandbits.click\/#\/schema\/person\/3582a766d1bd629325b8cb5e303f4963"},"headline":"Ciclo de Wim Wenders contin\u00faa con 8 pel\u00edculas en Sala K","datePublished":"2024-07-25T18:21:17+00:00","dateModified":"2024-07-25T12:25:52+00:00","mainEntityOfPage":{"@id":"https:\/\/clientesbrandbits.click\/ciclo-de-wim-wenders-continua-con-8-peliculas-en-sala-k\/"},"wordCount":557,"publisher":{"@id":"https:\/\/clientesbrandbits.click\/#organization"},"image":{"@id":"https:\/\/clientesbrandbits.click\/ciclo-de-wim-wenders-continua-con-8-peliculas-en-sala-k\/#primaryimage"},"thumbnailUrl":"https:\/\/clientesbrandbits.click\/wp-content\/uploads\/2024\/07\/unnamed-16.jpg","keywords":["Sala K","Wim Wenders"],"articleSection":["Films"],"inLanguage":"es"},{"@type":"WebPage","@id":"https:\/\/clientesbrandbits.click\/ciclo-de-wim-wenders-continua-con-8-peliculas-en-sala-k\/","url":"https:\/\/clientesbrandbits.click\/ciclo-de-wim-wenders-continua-con-8-peliculas-en-sala-k\/","name":"Ciclo de Wim Wenders contin\u00faa con 8 pel\u00edculas en Sala K - Spanglish Cinema","isPartOf":{"@id":"https:\/\/clientesbrandbits.click\/#website"},"primaryImageOfPage":{"@id":"https:\/\/clientesbrandbits.click\/ciclo-de-wim-wenders-continua-con-8-peliculas-en-sala-k\/#primaryimage"},"image":{"@id":"https:\/\/clientesbrandbits.click\/ciclo-de-wim-wenders-continua-con-8-peliculas-en-sala-k\/#primaryimage"},"thumbnailUrl":"https:\/\/clientesbrandbits.click\/wp-content\/uploads\/2024\/07\/unnamed-16.jpg","datePublished":"2024-07-25T18:21:17+00:00","dateModified":"2024-07-25T12:25:52+00:00","description":"A\u00fan quedan d\u00edas para ver una selecci\u00f3n que representa lo mejor y m\u00e1s ecl\u00e9ctico de la filmograf\u00eda del realizador de\u00a0Perfect Days.\u00a0","breadcrumb":{"@id":"https:\/\/clientesbrandbits.click\/ciclo-de-wim-wenders-continua-con-8-peliculas-en-sala-k\/#breadcrumb"},"inLanguage":"es","potentialAction":[{"@type":"ReadAction","target":["https:\/\/clientesbrandbits.click\/ciclo-de-wim-wenders-continua-con-8-peliculas-en-sala-k\/"]}]},{"@type":"ImageObject","inLanguage":"es","@id":"https:\/\/clientesbrandbits.click\/ciclo-de-wim-wenders-continua-con-8-peliculas-en-sala-k\/#primaryimage","url":"https:\/\/clientesbrandbits.click\/wp-content\/uploads\/2024\/07\/unnamed-16.jpg","contentUrl":"https:\/\/clientesbrandbits.click\/wp-content\/uploads\/2024\/07\/unnamed-16.jpg","width":1000,"height":649},{"@type":"BreadcrumbList","@id":"https:\/\/clientesbrandbits.click\/ciclo-de-wim-wenders-continua-con-8-peliculas-en-sala-k\/#breadcrumb","itemListElement":[{"@type":"ListItem","position":1,"name":"Portada","item":"https:\/\/clientesbrandbits.click\/"},{"@type":"ListItem","position":2,"name":"Ciclo de Wim Wenders contin\u00faa con 8 pel\u00edculas en Sala K"}]},{"@type":"WebSite","@id":"https:\/\/clientesbrandbits.click\/#website","url":"https:\/\/clientesbrandbits.click\/","name":"Spanglish Cinema","description":"","publisher":{"@id":"https:\/\/clientesbrandbits.click\/#organization"},"potentialAction":[{"@type":"SearchAction","target":{"@type":"EntryPoint","urlTemplate":"https:\/\/clientesbrandbits.click\/?s={search_term_string}"},"query-input":"required name=search_term_string"}],"inLanguage":"es"},{"@type":"Organization","@id":"https:\/\/clientesbrandbits.click\/#organization","name":"Spanglish Cinema","url":"https:\/\/clientesbrandbits.click\/","logo":{"@type":"ImageObject","inLanguage":"es","@id":"https:\/\/clientesbrandbits.click\/#\/schema\/logo\/image\/","url":"https:\/\/clientesbrandbits.click\/wp-content\/uploads\/2024\/03\/spanglish_cinema.png","contentUrl":"https:\/\/clientesbrandbits.click\/wp-content\/uploads\/2024\/03\/spanglish_cinema.png","width":612,"height":225,"caption":"Spanglish Cinema"},"image":{"@id":"https:\/\/clientesbrandbits.click\/#\/schema\/logo\/image\/"}},{"@type":"Person","@id":"https:\/\/clientesbrandbits.click\/#\/schema\/person\/3582a766d1bd629325b8cb5e303f4963","name":"Elizabeth Salazar","image":{"@type":"ImageObject","inLanguage":"es","@id":"https:\/\/clientesbrandbits.click\/#\/schema\/person\/image\/","url":"https:\/\/secure.gravatar.com\/avatar\/ddf69a5ddae2a61929dd4e305eb31658?s=96&d=mm&r=g","contentUrl":"https:\/\/secure.gravatar.com\/avatar\/ddf69a5ddae2a61929dd4e305eb31658?s=96&d=mm&r=g","caption":"Elizabeth Salazar"},"url":"https:\/\/clientesbrandbits.click\/es\/author\/elizabeth-salazar\/"}]}},"_links":{"self":[{"href":"https:\/\/clientesbrandbits.click\/es\/wp-json\/wp\/v2\/posts\/2511"}],"collection":[{"href":"https:\/\/clientesbrandbits.click\/es\/wp-json\/wp\/v2\/posts"}],"about":[{"href":"https:\/\/clientesbrandbits.click\/es\/wp-json\/wp\/v2\/types\/post"}],"author":[{"embeddable":true,"href":"https:\/\/clientesbrandbits.click\/es\/wp-json\/wp\/v2\/users\/5"}],"replies":[{"embeddable":true,"href":"https:\/\/clientesbrandbits.click\/es\/wp-json\/wp\/v2\/comments?post=2511"}],"version-history":[{"count":3,"href":"https:\/\/clientesbrandbits.click\/es\/wp-json\/wp\/v2\/posts\/2511\/revisions"}],"predecessor-version":[{"id":2518,"href":"https:\/\/clientesbrandbits.click\/es\/wp-json\/wp\/v2\/posts\/2511\/revisions\/2518"}],"wp:featuredmedia":[{"embeddable":true,"href":"https:\/\/clientesbrandbits.click\/es\/wp-json\/wp\/v2\/media\/2512"}],"wp:attachment":[{"href":"https:\/\/clientesbrandbits.click\/es\/wp-json\/wp\/v2\/media?parent=2511"}],"wp:term":[{"taxonomy":"category","embeddable":true,"href":"https:\/\/clientesbrandbits.click\/es\/wp-json\/wp\/v2\/categories?post=2511"},{"taxonomy":"post_tag","embeddable":true,"href":"https:\/\/clientesbrandbits.click\/es\/wp-json\/wp\/v2\/tags?post=2511"}],"curies":[{"name":"wp","href":"https:\/\/api.w.org\/{rel}","templated":true}]}}