{"id":2459,"date":"2024-07-24T11:28:05","date_gmt":"2024-07-24T15:28:05","guid":{"rendered":"https:\/\/clientesbrandbits.click\/?p=2459"},"modified":"2024-07-24T12:05:02","modified_gmt":"2024-07-24T16:05:02","slug":"prime-video-anuncia-nueva-serie-chilena-de-la-casa-de-los-espiritus","status":"publish","type":"post","link":"https:\/\/clientesbrandbits.click\/es\/prime-video-anuncia-nueva-serie-chilena-de-la-casa-de-los-espiritus\/","title":{"rendered":"Prime Video anuncia nueva serie chilena de \u00abLa casa de los esp\u00edritus\u00bb"},"content":{"rendered":"<p style=\"text-align: justify;\">Prime Video anunci\u00f3 <span style=\"color: #ff00ff;\"><a style=\"color: #ff00ff;\" href=\"https:\/\/www.memoriachilena.gob.cl\/602\/w3-article-94788.html\"><strong><em>La Casa de los Esp\u00edritus<\/em><\/strong><\/a><\/span>, su pr\u00f3xima serie Original de ocho episodios basada en el exitoso libro hom\u00f3nimo de Isabel Allende. Con m\u00e1s de 70 millones de copias vendidas, se considera una de las novelas m\u00e1s importantes del siglo XX y fue adaptada para el cine en 1993. <span style=\"color: #ff00ff;\"><a style=\"color: #ff00ff;\" href=\"https:\/\/www.imdb.com\/name\/nm0021196\/?ref_=nv_sr_srsg_0_tt_4_nm_4_q_isabel%2520allende\">Isabel Allende\u00a0<\/a>y\u00a0<a style=\"color: #ff00ff;\" href=\"https:\/\/www.imdb.com\/name\/nm0519456\/?ref_=nv_sr_srsg_0_tt_7_nm_1_q_eva%2520longoria\">Eva Longoria<\/a><\/span> formar\u00e1n parte de la producci\u00f3n como productoras ejecutivas, junto con los showrunners <span style=\"color: #ff00ff;\"><a style=\"color: #ff00ff;\" href=\"https:\/\/www.imdb.com\/name\/nm4060519\/?ref_=nv_sr_srsg_0_tt_0_nm_8_q_Francisca%2520alegria\">Francisca Alegr\u00eda<\/a>,\u00a0<a style=\"color: #ff00ff;\" href=\"https:\/\/www.imdb.com\/name\/nm1343708\/?ref_=nv_sr_srsg_0_tt_0_nm_3_q_fernanda%2520urrejola\">Fernanda Urrejola<\/a> y <a style=\"color: #ff00ff;\" href=\"https:\/\/www.imdb.com\/name\/nm0939540\/?ref_=nv_sr_srsg_0_tt_2_nm_6_in_0_q_andres%2520wood\">Andr\u00e9s Wood<\/a>.<\/span> La serie se estrenar\u00e1 exclusivamente en Prime Video en m\u00e1s de 240 pa\u00edses y territorios en todo el mundo.<\/p>\n<p style=\"text-align: justify;\">El elenco internacional de reconocidos actores incluir\u00e1 a<span style=\"color: #ff00ff;\">\u00a0<a style=\"color: #ff00ff;\" href=\"https:\/\/www.imdb.com\/name\/nm1270781\/\">Alfonso Herrera<\/a><\/span>\u00a0(<em>Sense 8, Ozark<\/em>),\u00a0<span style=\"color: #ff00ff;\"><a style=\"color: #ff00ff;\" href=\"https:\/\/www.imdb.com\/name\/nm0285135\/?ref_=nv_sr_srsg_0_tt_0_nm_8_q_dolores%2520fonzi\">Dolores Fonzi<\/a><\/span> (<em>Blondi, Somos Bel\u00e9n<\/em>), <span style=\"color: #ff00ff;\"><a style=\"color: #ff00ff;\" href=\"https:\/\/www.imdb.com\/name\/nm5913850\/?ref_=nv_sr_srsg_0_tt_0_nm_8_q_nicole%2520wallace\">Nicole Wallace<\/a><\/span>\u00a0(<em>Culpa M\u00eda, Skam<\/em>),<span style=\"color: #ff00ff;\"><a style=\"color: #ff00ff;\" href=\"https:\/\/www.imdb.com\/name\/nm0704696\/?ref_=nv_sr_srsg_0_tt_2_nm_6_q_juan%2520raba\">Juan Pablo Raba<\/a>\u00a0<\/span>(<em>Narcos, Noticia de un Secuestro<\/em>) \u00a0<span style=\"color: #ff00ff;\"><a style=\"color: #ff00ff;\" href=\"https:\/\/www.imdb.com\/name\/nm1448869\/?ref_=nv_sr_srsg_0_tt_0_nm_8_q_fernanda%2520castillo\">Fernanda Castillo<\/a><\/span> (<em>El Se\u00f1or de los Cielos, Isla Brava<\/em>) y otros a ser anunciados.<\/p>\n<p style=\"text-align: justify;\">La serie se filmar\u00e1 en espa\u00f1ol, completamente en Chile, y ser\u00e1 producida por FilmNation, cuyo equipo fue premiado recientemente con la Palma de Oro (<em>Anora, Promising Young Woman<\/em>), con el apoyo de Fabula, la productora chilena ganadora del Oscar (<em>La Memoria Infinita, Una Mujer Fant\u00e1stica<\/em>).<\/p>\n<p style=\"text-align: justify;\"><em><strong>La Casa de los Esp\u00edritus<\/strong>\u00a0<\/em>es una saga familiar magn\u00edfica que narra la \u00e9pica historia de una familia orgullosa y apasionada, amores secretos y una revoluci\u00f3n sangrienta. Las pasiones, las luchas y los secretos de la familia Trueba abarcan un siglo de cambios sociales violentos, culminando en una crisis que lanzan al orgulloso y tir\u00e1nico patriarca y a su querida nieta en direcciones opuestas.<\/p>\n<p style=\"text-align: justify;\"><strong>\u201cMi primera novela,\u00a0<em>La casa de los esp\u00edritus<\/em>, ha sido publicada en el mundo durante 40 a\u00f1os y ahora ser\u00e1 una maravillosa serie en Amazon con Eva Longoria liderando un equipo creativo inigualable.<\/strong> Espero que todos la disfruten\u201d, coment\u00f3 Isabel Allende, autora de la novela original y productora ejecutiva de la serie.<\/p>\n<p style=\"text-align: justify;\">\u201cPara nosotros es m\u00e1s que un sue\u00f1o hecho realidad darle vida a <em>La casa de los esp\u00edritus <\/em>para audiencias de todo el mundo\u00bb, se\u00f1al\u00f3 Javiera Balmaceda, jefa de Originals Locales para Am\u00e9rica Latina, Canad\u00e1 y Australia de Amazon Studios. \u201cDesde el inicio, nuestro objetivo ha sido celebrar la obra maestra literaria de Allende, destacando el brillante talento latinoamericano, tanto frente como detr\u00e1s de c\u00e1maras, y adoptando un enfoque innovador para la historia. Nos sentimos honrados de acompa\u00f1ar a los espectadores en un viaje inolvidable por el mundo de la familia Trueba, navegando relaciones tumultuosas con el aspecto revolucionario de sus vidas de fondo\u201d.<\/p>\n<p style=\"text-align: justify;\"><strong>\u201cLa narrativa de Isabel Allende es excepcional y sus novelas han tocado vidas en todo el mundo. No podr\u00edamos estar m\u00e1s orgullosos de ser parte de una adaptaci\u00f3n tan ambiciosa de su novela seminal <em>La casa de los esp\u00edritus<\/em> y de trabajar junto a un equipo internacional de artistas premiados que se unen con una pasi\u00f3n compartida y una profunda conexi\u00f3n con la novela\u201d<\/strong>, dijeron en un comunicado conjunto el CEO de FilmNation, Glen Basner, y la Vicepresidenta S\u00e9nior de Televisi\u00f3n y Productora Ejecutiva, Courtney Saladino.<\/p>\n<p>Quedamos atentos a pr\u00f3ximas noticias y esperando el desarrollo de la serie.<\/p>\n","protected":false},"excerpt":{"rendered":"<p>Prime Video anunci\u00f3 La Casa de los Esp\u00edritus, su pr\u00f3xima serie Original de ocho episodios basada en el exitoso libro hom\u00f3nimo de Isabel Allende. Con m\u00e1s de 70 millones de copias vendidas, se considera una de las novelas m\u00e1s importantes &#8230; <a title=\"Prime Video anuncia nueva serie chilena de \u00abLa casa de los esp\u00edritus\u00bb\" class=\"read-more\" href=\"https:\/\/clientesbrandbits.click\/es\/prime-video-anuncia-nueva-serie-chilena-de-la-casa-de-los-espiritus\/\" aria-label=\"Leer m\u00e1s sobre Prime Video anuncia nueva serie chilena de \u00abLa casa de los esp\u00edritus\u00bb\">Leer M\u00e1s<\/a><\/p>\n","protected":false},"author":5,"featured_media":2460,"comment_status":"closed","ping_status":"closed","sticky":false,"template":"","format":"standard","meta":{"_joinchat":[],"footnotes":""},"categories":[10],"tags":[212,64],"class_list":["post-2459","post","type-post","status-publish","format-standard","has-post-thumbnail","hentry","category-films","tag-la-casa-de-los-espiritus","tag-prime-video","infinite-scroll-item"],"yoast_head":"<!-- This site is optimized with the Yoast SEO plugin v22.8 - https:\/\/yoast.com\/wordpress\/plugins\/seo\/ -->\n<title>Prime Video anuncia nueva serie chilena de &quot;La casa de los esp\u00edritus&quot; - Spanglish Cinema<\/title>\n<meta name=\"description\" content=\"Hoy, Prime Video anunci\u00f3 La Casa de los Esp\u00edritus, su pr\u00f3xima serie Original de ocho episodios basada en el exitoso libro hom\u00f3nimo de Isabel Allende. Con m\u00e1s de 70 millones de copias vendidas, se considera una de las novelas m\u00e1s importantes del siglo XX y fue adaptada para el cine en 1993. Isabel Allende\u00a0y\u00a0Eva Longoria formar\u00e1n parte de la producci\u00f3n como productoras ejecutivas, junto con los showrunners Francisca Alegr\u00eda,\u00a0Fernanda Urrejola y Andr\u00e9s Wood. La serie se estrenar\u00e1 exclusivamente en Prime Video en m\u00e1s de 240 pa\u00edses y territorios en todo el mundo.\" \/>\n<meta name=\"robots\" content=\"index, follow, max-snippet:-1, max-image-preview:large, max-video-preview:-1\" \/>\n<link rel=\"canonical\" href=\"https:\/\/clientesbrandbits.click\/es\/prime-video-anuncia-nueva-serie-chilena-de-la-casa-de-los-espiritus\/\" \/>\n<meta property=\"og:locale\" content=\"es_ES\" \/>\n<meta property=\"og:type\" content=\"article\" \/>\n<meta property=\"og:title\" content=\"Prime Video anuncia nueva serie chilena de &quot;La casa de los esp\u00edritus&quot; - Spanglish Cinema\" \/>\n<meta property=\"og:description\" content=\"Hoy, Prime Video anunci\u00f3 La Casa de los Esp\u00edritus, su pr\u00f3xima serie Original de ocho episodios basada en el exitoso libro hom\u00f3nimo de Isabel Allende. Con m\u00e1s de 70 millones de copias vendidas, se considera una de las novelas m\u00e1s importantes del siglo XX y fue adaptada para el cine en 1993. Isabel Allende\u00a0y\u00a0Eva Longoria formar\u00e1n parte de la producci\u00f3n como productoras ejecutivas, junto con los showrunners Francisca Alegr\u00eda,\u00a0Fernanda Urrejola y Andr\u00e9s Wood. La serie se estrenar\u00e1 exclusivamente en Prime Video en m\u00e1s de 240 pa\u00edses y territorios en todo el mundo.\" \/>\n<meta property=\"og:url\" content=\"https:\/\/clientesbrandbits.click\/es\/prime-video-anuncia-nueva-serie-chilena-de-la-casa-de-los-espiritus\/\" \/>\n<meta property=\"og:site_name\" content=\"Spanglish Cinema\" \/>\n<meta property=\"article:published_time\" content=\"2024-07-24T15:28:05+00:00\" \/>\n<meta property=\"article:modified_time\" content=\"2024-07-24T16:05:02+00:00\" \/>\n<meta property=\"og:image\" content=\"https:\/\/clientesbrandbits.click\/wp-content\/uploads\/2024\/07\/unnamed-8-2.jpg\" \/>\n\t<meta property=\"og:image:width\" content=\"1600\" \/>\n\t<meta property=\"og:image:height\" content=\"900\" \/>\n\t<meta property=\"og:image:type\" content=\"image\/jpeg\" \/>\n<meta name=\"author\" content=\"Elizabeth Salazar\" \/>\n<meta name=\"twitter:card\" content=\"summary_large_image\" \/>\n<meta name=\"twitter:label1\" content=\"Escrito por\" \/>\n\t<meta name=\"twitter:data1\" content=\"Elizabeth Salazar\" \/>\n\t<meta name=\"twitter:label2\" content=\"Tiempo de lectura\" \/>\n\t<meta name=\"twitter:data2\" content=\"3 minutos\" \/>\n<script type=\"application\/ld+json\" class=\"yoast-schema-graph\">{\"@context\":\"https:\/\/schema.org\",\"@graph\":[{\"@type\":\"Article\",\"@id\":\"https:\/\/clientesbrandbits.click\/prime-video-anuncia-nueva-serie-chilena-de-la-casa-de-los-espiritus\/#article\",\"isPartOf\":{\"@id\":\"https:\/\/clientesbrandbits.click\/prime-video-anuncia-nueva-serie-chilena-de-la-casa-de-los-espiritus\/\"},\"author\":{\"name\":\"Elizabeth Salazar\",\"@id\":\"https:\/\/clientesbrandbits.click\/#\/schema\/person\/3582a766d1bd629325b8cb5e303f4963\"},\"headline\":\"Prime Video anuncia nueva serie chilena de \u00abLa casa de los esp\u00edritus\u00bb\",\"datePublished\":\"2024-07-24T15:28:05+00:00\",\"dateModified\":\"2024-07-24T16:05:02+00:00\",\"mainEntityOfPage\":{\"@id\":\"https:\/\/clientesbrandbits.click\/prime-video-anuncia-nueva-serie-chilena-de-la-casa-de-los-espiritus\/\"},\"wordCount\":548,\"publisher\":{\"@id\":\"https:\/\/clientesbrandbits.click\/#organization\"},\"image\":{\"@id\":\"https:\/\/clientesbrandbits.click\/prime-video-anuncia-nueva-serie-chilena-de-la-casa-de-los-espiritus\/#primaryimage\"},\"thumbnailUrl\":\"https:\/\/clientesbrandbits.click\/wp-content\/uploads\/2024\/07\/unnamed-8-2.jpg\",\"keywords\":[\"La casa de los espiritus\",\"prime video\"],\"articleSection\":[\"Films\"],\"inLanguage\":\"es\"},{\"@type\":\"WebPage\",\"@id\":\"https:\/\/clientesbrandbits.click\/prime-video-anuncia-nueva-serie-chilena-de-la-casa-de-los-espiritus\/\",\"url\":\"https:\/\/clientesbrandbits.click\/prime-video-anuncia-nueva-serie-chilena-de-la-casa-de-los-espiritus\/\",\"name\":\"Prime Video anuncia nueva serie chilena de \\\"La casa de los esp\u00edritus\\\" - Spanglish Cinema\",\"isPartOf\":{\"@id\":\"https:\/\/clientesbrandbits.click\/#website\"},\"primaryImageOfPage\":{\"@id\":\"https:\/\/clientesbrandbits.click\/prime-video-anuncia-nueva-serie-chilena-de-la-casa-de-los-espiritus\/#primaryimage\"},\"image\":{\"@id\":\"https:\/\/clientesbrandbits.click\/prime-video-anuncia-nueva-serie-chilena-de-la-casa-de-los-espiritus\/#primaryimage\"},\"thumbnailUrl\":\"https:\/\/clientesbrandbits.click\/wp-content\/uploads\/2024\/07\/unnamed-8-2.jpg\",\"datePublished\":\"2024-07-24T15:28:05+00:00\",\"dateModified\":\"2024-07-24T16:05:02+00:00\",\"description\":\"Hoy, Prime Video anunci\u00f3 La Casa de los Esp\u00edritus, su pr\u00f3xima serie Original de ocho episodios basada en el exitoso libro hom\u00f3nimo de Isabel Allende. Con m\u00e1s de 70 millones de copias vendidas, se considera una de las novelas m\u00e1s importantes del siglo XX y fue adaptada para el cine en 1993. Isabel Allende\u00a0y\u00a0Eva Longoria formar\u00e1n parte de la producci\u00f3n como productoras ejecutivas, junto con los showrunners Francisca Alegr\u00eda,\u00a0Fernanda Urrejola y Andr\u00e9s Wood. La serie se estrenar\u00e1 exclusivamente en Prime Video en m\u00e1s de 240 pa\u00edses y territorios en todo el mundo.\",\"breadcrumb\":{\"@id\":\"https:\/\/clientesbrandbits.click\/prime-video-anuncia-nueva-serie-chilena-de-la-casa-de-los-espiritus\/#breadcrumb\"},\"inLanguage\":\"es\",\"potentialAction\":[{\"@type\":\"ReadAction\",\"target\":[\"https:\/\/clientesbrandbits.click\/prime-video-anuncia-nueva-serie-chilena-de-la-casa-de-los-espiritus\/\"]}]},{\"@type\":\"ImageObject\",\"inLanguage\":\"es\",\"@id\":\"https:\/\/clientesbrandbits.click\/prime-video-anuncia-nueva-serie-chilena-de-la-casa-de-los-espiritus\/#primaryimage\",\"url\":\"https:\/\/clientesbrandbits.click\/wp-content\/uploads\/2024\/07\/unnamed-8-2.jpg\",\"contentUrl\":\"https:\/\/clientesbrandbits.click\/wp-content\/uploads\/2024\/07\/unnamed-8-2.jpg\",\"width\":1600,\"height\":900},{\"@type\":\"BreadcrumbList\",\"@id\":\"https:\/\/clientesbrandbits.click\/prime-video-anuncia-nueva-serie-chilena-de-la-casa-de-los-espiritus\/#breadcrumb\",\"itemListElement\":[{\"@type\":\"ListItem\",\"position\":1,\"name\":\"Portada\",\"item\":\"https:\/\/clientesbrandbits.click\/\"},{\"@type\":\"ListItem\",\"position\":2,\"name\":\"Prime Video anuncia nueva serie chilena de &#8220;La casa de los esp\u00edritus&#8221;\"}]},{\"@type\":\"WebSite\",\"@id\":\"https:\/\/clientesbrandbits.click\/#website\",\"url\":\"https:\/\/clientesbrandbits.click\/\",\"name\":\"Spanglish Cinema\",\"description\":\"\",\"publisher\":{\"@id\":\"https:\/\/clientesbrandbits.click\/#organization\"},\"potentialAction\":[{\"@type\":\"SearchAction\",\"target\":{\"@type\":\"EntryPoint\",\"urlTemplate\":\"https:\/\/clientesbrandbits.click\/?s={search_term_string}\"},\"query-input\":\"required name=search_term_string\"}],\"inLanguage\":\"es\"},{\"@type\":\"Organization\",\"@id\":\"https:\/\/clientesbrandbits.click\/#organization\",\"name\":\"Spanglish Cinema\",\"url\":\"https:\/\/clientesbrandbits.click\/\",\"logo\":{\"@type\":\"ImageObject\",\"inLanguage\":\"es\",\"@id\":\"https:\/\/clientesbrandbits.click\/#\/schema\/logo\/image\/\",\"url\":\"https:\/\/clientesbrandbits.click\/wp-content\/uploads\/2024\/03\/spanglish_cinema.png\",\"contentUrl\":\"https:\/\/clientesbrandbits.click\/wp-content\/uploads\/2024\/03\/spanglish_cinema.png\",\"width\":612,\"height\":225,\"caption\":\"Spanglish Cinema\"},\"image\":{\"@id\":\"https:\/\/clientesbrandbits.click\/#\/schema\/logo\/image\/\"}},{\"@type\":\"Person\",\"@id\":\"https:\/\/clientesbrandbits.click\/#\/schema\/person\/3582a766d1bd629325b8cb5e303f4963\",\"name\":\"Elizabeth Salazar\",\"image\":{\"@type\":\"ImageObject\",\"inLanguage\":\"es\",\"@id\":\"https:\/\/clientesbrandbits.click\/#\/schema\/person\/image\/\",\"url\":\"https:\/\/secure.gravatar.com\/avatar\/ddf69a5ddae2a61929dd4e305eb31658?s=96&d=mm&r=g\",\"contentUrl\":\"https:\/\/secure.gravatar.com\/avatar\/ddf69a5ddae2a61929dd4e305eb31658?s=96&d=mm&r=g\",\"caption\":\"Elizabeth Salazar\"},\"url\":\"https:\/\/clientesbrandbits.click\/es\/author\/elizabeth-salazar\/\"}]}<\/script>\n<!-- \/ Yoast SEO plugin. -->","yoast_head_json":{"title":"Prime Video anuncia nueva serie chilena de \"La casa de los esp\u00edritus\" - Spanglish Cinema","description":"Hoy, Prime Video anunci\u00f3 La Casa de los Esp\u00edritus, su pr\u00f3xima serie Original de ocho episodios basada en el exitoso libro hom\u00f3nimo de Isabel Allende. Con m\u00e1s de 70 millones de copias vendidas, se considera una de las novelas m\u00e1s importantes del siglo XX y fue adaptada para el cine en 1993. Isabel Allende\u00a0y\u00a0Eva Longoria formar\u00e1n parte de la producci\u00f3n como productoras ejecutivas, junto con los showrunners Francisca Alegr\u00eda,\u00a0Fernanda Urrejola y Andr\u00e9s Wood. La serie se estrenar\u00e1 exclusivamente en Prime Video en m\u00e1s de 240 pa\u00edses y territorios en todo el mundo.","robots":{"index":"index","follow":"follow","max-snippet":"max-snippet:-1","max-image-preview":"max-image-preview:large","max-video-preview":"max-video-preview:-1"},"canonical":"https:\/\/clientesbrandbits.click\/es\/prime-video-anuncia-nueva-serie-chilena-de-la-casa-de-los-espiritus\/","og_locale":"es_ES","og_type":"article","og_title":"Prime Video anuncia nueva serie chilena de \"La casa de los esp\u00edritus\" - Spanglish Cinema","og_description":"Hoy, Prime Video anunci\u00f3 La Casa de los Esp\u00edritus, su pr\u00f3xima serie Original de ocho episodios basada en el exitoso libro hom\u00f3nimo de Isabel Allende. Con m\u00e1s de 70 millones de copias vendidas, se considera una de las novelas m\u00e1s importantes del siglo XX y fue adaptada para el cine en 1993. Isabel Allende\u00a0y\u00a0Eva Longoria formar\u00e1n parte de la producci\u00f3n como productoras ejecutivas, junto con los showrunners Francisca Alegr\u00eda,\u00a0Fernanda Urrejola y Andr\u00e9s Wood. La serie se estrenar\u00e1 exclusivamente en Prime Video en m\u00e1s de 240 pa\u00edses y territorios en todo el mundo.","og_url":"https:\/\/clientesbrandbits.click\/es\/prime-video-anuncia-nueva-serie-chilena-de-la-casa-de-los-espiritus\/","og_site_name":"Spanglish Cinema","article_published_time":"2024-07-24T15:28:05+00:00","article_modified_time":"2024-07-24T16:05:02+00:00","og_image":[{"width":1600,"height":900,"url":"https:\/\/clientesbrandbits.click\/wp-content\/uploads\/2024\/07\/unnamed-8-2.jpg","type":"image\/jpeg"}],"author":"Elizabeth Salazar","twitter_card":"summary_large_image","twitter_misc":{"Escrito por":"Elizabeth Salazar","Tiempo de lectura":"3 minutos"},"schema":{"@context":"https:\/\/schema.org","@graph":[{"@type":"Article","@id":"https:\/\/clientesbrandbits.click\/prime-video-anuncia-nueva-serie-chilena-de-la-casa-de-los-espiritus\/#article","isPartOf":{"@id":"https:\/\/clientesbrandbits.click\/prime-video-anuncia-nueva-serie-chilena-de-la-casa-de-los-espiritus\/"},"author":{"name":"Elizabeth Salazar","@id":"https:\/\/clientesbrandbits.click\/#\/schema\/person\/3582a766d1bd629325b8cb5e303f4963"},"headline":"Prime Video anuncia nueva serie chilena de \u00abLa casa de los esp\u00edritus\u00bb","datePublished":"2024-07-24T15:28:05+00:00","dateModified":"2024-07-24T16:05:02+00:00","mainEntityOfPage":{"@id":"https:\/\/clientesbrandbits.click\/prime-video-anuncia-nueva-serie-chilena-de-la-casa-de-los-espiritus\/"},"wordCount":548,"publisher":{"@id":"https:\/\/clientesbrandbits.click\/#organization"},"image":{"@id":"https:\/\/clientesbrandbits.click\/prime-video-anuncia-nueva-serie-chilena-de-la-casa-de-los-espiritus\/#primaryimage"},"thumbnailUrl":"https:\/\/clientesbrandbits.click\/wp-content\/uploads\/2024\/07\/unnamed-8-2.jpg","keywords":["La casa de los espiritus","prime video"],"articleSection":["Films"],"inLanguage":"es"},{"@type":"WebPage","@id":"https:\/\/clientesbrandbits.click\/prime-video-anuncia-nueva-serie-chilena-de-la-casa-de-los-espiritus\/","url":"https:\/\/clientesbrandbits.click\/prime-video-anuncia-nueva-serie-chilena-de-la-casa-de-los-espiritus\/","name":"Prime Video anuncia nueva serie chilena de \"La casa de los esp\u00edritus\" - Spanglish Cinema","isPartOf":{"@id":"https:\/\/clientesbrandbits.click\/#website"},"primaryImageOfPage":{"@id":"https:\/\/clientesbrandbits.click\/prime-video-anuncia-nueva-serie-chilena-de-la-casa-de-los-espiritus\/#primaryimage"},"image":{"@id":"https:\/\/clientesbrandbits.click\/prime-video-anuncia-nueva-serie-chilena-de-la-casa-de-los-espiritus\/#primaryimage"},"thumbnailUrl":"https:\/\/clientesbrandbits.click\/wp-content\/uploads\/2024\/07\/unnamed-8-2.jpg","datePublished":"2024-07-24T15:28:05+00:00","dateModified":"2024-07-24T16:05:02+00:00","description":"Hoy, Prime Video anunci\u00f3 La Casa de los Esp\u00edritus, su pr\u00f3xima serie Original de ocho episodios basada en el exitoso libro hom\u00f3nimo de Isabel Allende. Con m\u00e1s de 70 millones de copias vendidas, se considera una de las novelas m\u00e1s importantes del siglo XX y fue adaptada para el cine en 1993. Isabel Allende\u00a0y\u00a0Eva Longoria formar\u00e1n parte de la producci\u00f3n como productoras ejecutivas, junto con los showrunners Francisca Alegr\u00eda,\u00a0Fernanda Urrejola y Andr\u00e9s Wood. La serie se estrenar\u00e1 exclusivamente en Prime Video en m\u00e1s de 240 pa\u00edses y territorios en todo el mundo.","breadcrumb":{"@id":"https:\/\/clientesbrandbits.click\/prime-video-anuncia-nueva-serie-chilena-de-la-casa-de-los-espiritus\/#breadcrumb"},"inLanguage":"es","potentialAction":[{"@type":"ReadAction","target":["https:\/\/clientesbrandbits.click\/prime-video-anuncia-nueva-serie-chilena-de-la-casa-de-los-espiritus\/"]}]},{"@type":"ImageObject","inLanguage":"es","@id":"https:\/\/clientesbrandbits.click\/prime-video-anuncia-nueva-serie-chilena-de-la-casa-de-los-espiritus\/#primaryimage","url":"https:\/\/clientesbrandbits.click\/wp-content\/uploads\/2024\/07\/unnamed-8-2.jpg","contentUrl":"https:\/\/clientesbrandbits.click\/wp-content\/uploads\/2024\/07\/unnamed-8-2.jpg","width":1600,"height":900},{"@type":"BreadcrumbList","@id":"https:\/\/clientesbrandbits.click\/prime-video-anuncia-nueva-serie-chilena-de-la-casa-de-los-espiritus\/#breadcrumb","itemListElement":[{"@type":"ListItem","position":1,"name":"Portada","item":"https:\/\/clientesbrandbits.click\/"},{"@type":"ListItem","position":2,"name":"Prime Video anuncia nueva serie chilena de &#8220;La casa de los esp\u00edritus&#8221;"}]},{"@type":"WebSite","@id":"https:\/\/clientesbrandbits.click\/#website","url":"https:\/\/clientesbrandbits.click\/","name":"Spanglish Cinema","description":"","publisher":{"@id":"https:\/\/clientesbrandbits.click\/#organization"},"potentialAction":[{"@type":"SearchAction","target":{"@type":"EntryPoint","urlTemplate":"https:\/\/clientesbrandbits.click\/?s={search_term_string}"},"query-input":"required name=search_term_string"}],"inLanguage":"es"},{"@type":"Organization","@id":"https:\/\/clientesbrandbits.click\/#organization","name":"Spanglish Cinema","url":"https:\/\/clientesbrandbits.click\/","logo":{"@type":"ImageObject","inLanguage":"es","@id":"https:\/\/clientesbrandbits.click\/#\/schema\/logo\/image\/","url":"https:\/\/clientesbrandbits.click\/wp-content\/uploads\/2024\/03\/spanglish_cinema.png","contentUrl":"https:\/\/clientesbrandbits.click\/wp-content\/uploads\/2024\/03\/spanglish_cinema.png","width":612,"height":225,"caption":"Spanglish Cinema"},"image":{"@id":"https:\/\/clientesbrandbits.click\/#\/schema\/logo\/image\/"}},{"@type":"Person","@id":"https:\/\/clientesbrandbits.click\/#\/schema\/person\/3582a766d1bd629325b8cb5e303f4963","name":"Elizabeth Salazar","image":{"@type":"ImageObject","inLanguage":"es","@id":"https:\/\/clientesbrandbits.click\/#\/schema\/person\/image\/","url":"https:\/\/secure.gravatar.com\/avatar\/ddf69a5ddae2a61929dd4e305eb31658?s=96&d=mm&r=g","contentUrl":"https:\/\/secure.gravatar.com\/avatar\/ddf69a5ddae2a61929dd4e305eb31658?s=96&d=mm&r=g","caption":"Elizabeth Salazar"},"url":"https:\/\/clientesbrandbits.click\/es\/author\/elizabeth-salazar\/"}]}},"_links":{"self":[{"href":"https:\/\/clientesbrandbits.click\/es\/wp-json\/wp\/v2\/posts\/2459"}],"collection":[{"href":"https:\/\/clientesbrandbits.click\/es\/wp-json\/wp\/v2\/posts"}],"about":[{"href":"https:\/\/clientesbrandbits.click\/es\/wp-json\/wp\/v2\/types\/post"}],"author":[{"embeddable":true,"href":"https:\/\/clientesbrandbits.click\/es\/wp-json\/wp\/v2\/users\/5"}],"replies":[{"embeddable":true,"href":"https:\/\/clientesbrandbits.click\/es\/wp-json\/wp\/v2\/comments?post=2459"}],"version-history":[{"count":4,"href":"https:\/\/clientesbrandbits.click\/es\/wp-json\/wp\/v2\/posts\/2459\/revisions"}],"predecessor-version":[{"id":2510,"href":"https:\/\/clientesbrandbits.click\/es\/wp-json\/wp\/v2\/posts\/2459\/revisions\/2510"}],"wp:featuredmedia":[{"embeddable":true,"href":"https:\/\/clientesbrandbits.click\/es\/wp-json\/wp\/v2\/media\/2460"}],"wp:attachment":[{"href":"https:\/\/clientesbrandbits.click\/es\/wp-json\/wp\/v2\/media?parent=2459"}],"wp:term":[{"taxonomy":"category","embeddable":true,"href":"https:\/\/clientesbrandbits.click\/es\/wp-json\/wp\/v2\/categories?post=2459"},{"taxonomy":"post_tag","embeddable":true,"href":"https:\/\/clientesbrandbits.click\/es\/wp-json\/wp\/v2\/tags?post=2459"}],"curies":[{"name":"wp","href":"https:\/\/api.w.org\/{rel}","templated":true}]}}