{"id":2392,"date":"2024-07-18T17:22:35","date_gmt":"2024-07-18T21:22:35","guid":{"rendered":"https:\/\/clientesbrandbits.click\/?p=2392"},"modified":"2024-07-18T17:23:45","modified_gmt":"2024-07-18T21:23:45","slug":"sanfic-anuncia-las-peliculas-de-la-competencia-de-cine-chileno","status":"publish","type":"post","link":"https:\/\/clientesbrandbits.click\/es\/sanfic-anuncia-las-peliculas-de-la-competencia-de-cine-chileno\/","title":{"rendered":"SANFIC anuncia las pel\u00edculas de la Competencia de Cine Chileno"},"content":{"rendered":"<p style=\"text-align: justify;\">10 pel\u00edculas nacionales recientemente finalizadas ser\u00e1n parte de la <strong>Competencia de Cine Chileno de la edici\u00f3n aniversario del Santiago Festival Internacional de Cine (SANFIC). <\/strong>Esta competencia se ha convertido en una de las secciones m\u00e1s relevantes del festival, estrenando cada a\u00f1o destacadas pel\u00edculas que han sido dirigidas o producidas por cineastas chilenos, <strong>exhibiendo a lo largo de sus 20 ediciones reconocidas producciones de directores<\/strong> como <strong>Maite Alberdi, Pablo Larra\u00edn, Sebasti\u00e1n Lelio, Alberto Fuguet, Joanna Reposi y Sebasti\u00e1n Silva<\/strong>, entre otros.<\/p>\n<p style=\"text-align: justify;\">\u201cSiempre es un honor ser una ventana para las producciones m\u00e1s recientes de nuestro cine nacional, tanto para cineastas de vasta trayectoria como para nuevos talentos, que ven en SANFIC una oportunidad de crecimiento y un lugar donde pueden conectar con grandes personalidades de la industria cinematogr\u00e1fica mundial\u201d, comenta<strong> Jos\u00e9 Tom\u00e1s Palma, director ejecutivo de Fundaci\u00f3n CorpArtes.<\/strong><\/p>\n<p style=\"text-align: justify;\">Este a\u00f1o, el festival seleccion\u00f3<strong> cuatro pel\u00edculas en calidad de estreno mundial: <em>Las cenizas<\/em><\/strong> (Chile), segundo largometraje de Stjepan Ostoic (<em>Antofagasta, Nueva York<\/em>), relata la investigaci\u00f3n de Irene tras la repentina muerte de su padre en una casa de reposo, que la lleva a adentrarse en el enigm\u00e1tico pasado de su progenitor; <strong><em>La primera dosis<\/em><\/strong> (Chile), \u00f3pera prima de Roberto Salinas Vergara, es un documental que acompa\u00f1a a un ex adicto a la pasta base al bajo mundo donde viven habitantes perif\u00e9ricos, con quienes sol\u00eda consumir y delinquir; <strong><em>Los afectos<\/em><\/strong> (Chile, Ecuador), dirigido por Diego Ayala y An\u00edbal Jofr\u00e9 (<em>Volant\u00edn cortao<\/em>),\u00a0 drama musical que transcurre en 2018 en medio de manifestaciones estudiantiles, donde un inspector (Gast\u00f3n Salgado) ve como su hija adolescente es atacada por la fuerza policial; y <strong><em>No estoy en el mar<\/em><\/strong> (Chile, M\u00e9xico, Argentina), \u00f3pera prima de Luis Cifuentes Saravia, donde una joven instructora de yoga se integra al cotidiano de un peque\u00f1o pueblo al sur de Chile que parece congelado en el tiempo en b\u00fasqueda de respuestas.<\/p>\n<p style=\"text-align: justify;\">En calidad de <strong>estreno latinoamericano se exhibir\u00e1n tres largometrajes<\/strong>: <strong><em>Aullido de invierno<\/em><\/strong> (Chile, Colombia, Argentina), del director Mat\u00edas Rojas Valencia (<em>Un lugar llamado dignidad<\/em>, <em>Ra\u00edz<\/em>) \u2013exhibida en Tallin Black Nights y en Cinelatino Toulousse\u2013, documental y ficci\u00f3n se mezclan para mostrar la vida de una pareja sobreviviente de Colonia Dignidad y la de una mujer (Paulina Garc\u00eda) que decide desenterrar un secreto culposo; <strong><em>Primera persona<\/em><\/strong> (Chile), del director Daniel Peralta (<em>Mejor no fumes<\/em>, <em>Fiesta Falsa<\/em>, Andr\u00e9s lee i escribe) \u2013estrenado Chicago Latino Film Festival\u2013, sobre Juli\u00e1n Cabeza, un m\u00fasico de rock de car\u00e1cter dif\u00edcil que a comienzos de siglo lanz\u00f3 su primer \u00e1lbum, pero sus golpes al ego y su miedo a fracasar lo han llevado a un total mutismo musical; y <strong><em>Sariri<\/em><\/strong> (Chile), dirigido por Laura Donoso \u2013estrenado en Cinelatino Toulosse\u2013, transcurre en un pueblo minero perdido en el desierto, donde una mujer presionada por un embarazo no deseado planea escapar a la ciudad, pero no puede dejar a su hermana Sariri, a quien le acaba de llegar la menarquia.<\/p>\n<p style=\"text-align: justify;\">Asimismo, en<strong> calidad de estreno nacional se exhibir\u00e1n: <\/strong><a href=\"https:\/\/clientesbrandbits.click\/la-fabulosa-maquina-de-cosechar-oro-estrenan-documental-premiado-en-guadalajara\/\"><span style=\"color: #ff00ff;\"><em>La fabulosa m\u00e1quina de cosechar oro<\/em><\/span> <\/a>(Chile, Holanda), \u00f3pera prima de Alfredo Pourailly De La Plaza \u2013estrenado en Hot Docs, Guadalajara\u2013, donde el \u00faltimo buscador de oro en Tierra del Fuego se siente cercano a la muerte, pero no puede dejar de trabajar, por lo que su hijo dise\u00f1a una m\u00e1quina que deber\u00eda traerles un futuro mejor; <strong><em>Ra\u00edz<\/em><\/strong> (Per\u00fa, Chile), del director peruano Franco Garc\u00eda (<em>Vientos del sur<\/em>) \u2013estrenado en la Berlinale\u2013, devela una realidad amenazadora que vive un ni\u00f1o que pasa sus d\u00edas en una comunidad de los Andes junto a su alpaca y un perro, donde una empresa minera presiona a la comunidad por sus tierras;\u00a0 y <strong><em>Una luz negra<\/em><\/strong> (Chile), \u00f3pera prima del director Alberto Hayden \u2013estrenado en el Festival de Cine de Buenos Aires, BAFICI\u2013, relata la historia de Jorge (Francisco P\u00e9rez-Bannen), quien se obsesiona al descubrir que tiene el mismo nombre que un joven que muri\u00f3, y a cuya madre(Patricia Rivadeneira), el encuentro con este hombre le despierta un fantasma que cre\u00eda dormido.<\/p>\n<p style=\"text-align: justify;\">\u201cEstamos muy contentos con la selecci\u00f3n de estos 10 largometrajes nacionales de destacados cineastas que con su mirada \u00fanica dan vida a historias trascendentes y vibrantes. Creemos firmemente que no dejar\u00e1n indiferentes a nuestro p\u00fablico y jurados por sus emocionantes relatos y una poderosa forma de tratar temas contingentes y diversos que iluminar\u00e1n la pantalla durante toda la semana del festival y seguramente en sus futuras proyecciones\u201d, <strong>comenta Carlos N\u00fa\u00f1ez, cofundador y Director Art\u00edstico de SANFIC. <\/strong><\/p>\n<p style=\"text-align: justify;\">Las 10 producciones ser\u00e1n exhibidas ante un jurado compuesto por personalidades del mundo cinematogr\u00e1fico nacional e internacional, y competir\u00e1n por el premio a <strong>Mejor Pel\u00edcula<\/strong>, <strong>Mejor Direcci\u00f3n<\/strong> y <strong>Mejor Interpretaci\u00f3n<\/strong> de la vig\u00e9sima edici\u00f3n de SANFIC. A su vez, podr\u00e1n ser vistas por el p\u00fablico durante la realizaci\u00f3n del festival en sus sedes en la Regi\u00f3n Metropolitana que est\u00e1n prontas a ser anunciadas.<\/p>\n","protected":false},"excerpt":{"rendered":"<p>10 pel\u00edculas nacionales recientemente finalizadas ser\u00e1n parte de la Competencia de Cine Chileno de la edici\u00f3n aniversario del Santiago Festival Internacional de Cine (SANFIC). Esta competencia se ha convertido en una de las secciones m\u00e1s relevantes del festival, estrenando cada &#8230; <a title=\"SANFIC anuncia las pel\u00edculas de la Competencia de Cine Chileno\" class=\"read-more\" href=\"https:\/\/clientesbrandbits.click\/es\/sanfic-anuncia-las-peliculas-de-la-competencia-de-cine-chileno\/\" aria-label=\"Leer m\u00e1s sobre SANFIC anuncia las pel\u00edculas de la Competencia de Cine Chileno\">Leer M\u00e1s<\/a><\/p>\n","protected":false},"author":5,"featured_media":2393,"comment_status":"closed","ping_status":"closed","sticky":false,"template":"","format":"standard","meta":{"_joinchat":[],"footnotes":""},"categories":[112,11],"tags":[164,158],"class_list":["post-2392","post","type-post","status-publish","format-standard","has-post-thumbnail","hentry","category-destacados","category-festivales-de-cine","tag-destacados","tag-sanfic","infinite-scroll-item"],"yoast_head":"<!-- This site is optimized with the Yoast SEO plugin v22.8 - https:\/\/yoast.com\/wordpress\/plugins\/seo\/ -->\n<title>SANFIC anuncia las pel\u00edculas de la Competencia de Cine Chileno - Spanglish Cinema<\/title>\n<meta name=\"description\" content=\"10 pel\u00edculas nacionales recientemente finalizadas ser\u00e1n parte de la Competencia de Cine Chileno de la edici\u00f3n aniversario del Santiago Festival Internacional de Cine (SANFIC). Esta competencia se ha convertido en una de las secciones m\u00e1s relevantes del festival, estrenando cada a\u00f1o destacadas pel\u00edculas que han sido dirigidas o producidas por cineastas chilenos, exhibiendo a lo largo de sus 20 ediciones reconocidas producciones de directores como Maite Alberdi, Pablo Larra\u00edn, Sebasti\u00e1n Lelio, Alberto Fuguet, Joanna Reposi y Sebasti\u00e1n Silva, entre otros.\" \/>\n<meta name=\"robots\" content=\"index, follow, max-snippet:-1, max-image-preview:large, max-video-preview:-1\" \/>\n<link rel=\"canonical\" href=\"https:\/\/clientesbrandbits.click\/es\/sanfic-anuncia-las-peliculas-de-la-competencia-de-cine-chileno\/\" \/>\n<meta property=\"og:locale\" content=\"es_ES\" \/>\n<meta property=\"og:type\" content=\"article\" \/>\n<meta property=\"og:title\" content=\"SANFIC anuncia las pel\u00edculas de la Competencia de Cine Chileno - Spanglish Cinema\" \/>\n<meta property=\"og:description\" content=\"10 pel\u00edculas nacionales recientemente finalizadas ser\u00e1n parte de la Competencia de Cine Chileno de la edici\u00f3n aniversario del Santiago Festival Internacional de Cine (SANFIC). Esta competencia se ha convertido en una de las secciones m\u00e1s relevantes del festival, estrenando cada a\u00f1o destacadas pel\u00edculas que han sido dirigidas o producidas por cineastas chilenos, exhibiendo a lo largo de sus 20 ediciones reconocidas producciones de directores como Maite Alberdi, Pablo Larra\u00edn, Sebasti\u00e1n Lelio, Alberto Fuguet, Joanna Reposi y Sebasti\u00e1n Silva, entre otros.\" \/>\n<meta property=\"og:url\" content=\"https:\/\/clientesbrandbits.click\/es\/sanfic-anuncia-las-peliculas-de-la-competencia-de-cine-chileno\/\" \/>\n<meta property=\"og:site_name\" content=\"Spanglish Cinema\" \/>\n<meta property=\"article:published_time\" content=\"2024-07-18T21:22:35+00:00\" \/>\n<meta property=\"article:modified_time\" content=\"2024-07-18T21:23:45+00:00\" \/>\n<meta property=\"og:image\" content=\"https:\/\/clientesbrandbits.click\/wp-content\/uploads\/2024\/07\/10.Una-luz-negra-Comp.-Cine-Chileno-e1721334673708.jpg\" \/>\n\t<meta property=\"og:image:width\" content=\"1520\" \/>\n\t<meta property=\"og:image:height\" content=\"1013\" \/>\n\t<meta property=\"og:image:type\" content=\"image\/jpeg\" \/>\n<meta name=\"author\" content=\"Elizabeth Salazar\" \/>\n<meta name=\"twitter:card\" content=\"summary_large_image\" \/>\n<meta name=\"twitter:label1\" content=\"Escrito por\" \/>\n\t<meta name=\"twitter:data1\" content=\"Elizabeth Salazar\" \/>\n\t<meta name=\"twitter:label2\" content=\"Tiempo de lectura\" \/>\n\t<meta name=\"twitter:data2\" content=\"4 minutos\" \/>\n<script type=\"application\/ld+json\" class=\"yoast-schema-graph\">{\"@context\":\"https:\/\/schema.org\",\"@graph\":[{\"@type\":\"Article\",\"@id\":\"https:\/\/clientesbrandbits.click\/sanfic-anuncia-las-peliculas-de-la-competencia-de-cine-chileno\/#article\",\"isPartOf\":{\"@id\":\"https:\/\/clientesbrandbits.click\/sanfic-anuncia-las-peliculas-de-la-competencia-de-cine-chileno\/\"},\"author\":{\"name\":\"Elizabeth Salazar\",\"@id\":\"https:\/\/clientesbrandbits.click\/#\/schema\/person\/3582a766d1bd629325b8cb5e303f4963\"},\"headline\":\"SANFIC anuncia las pel\u00edculas de la Competencia de Cine Chileno\",\"datePublished\":\"2024-07-18T21:22:35+00:00\",\"dateModified\":\"2024-07-18T21:23:45+00:00\",\"mainEntityOfPage\":{\"@id\":\"https:\/\/clientesbrandbits.click\/sanfic-anuncia-las-peliculas-de-la-competencia-de-cine-chileno\/\"},\"wordCount\":867,\"publisher\":{\"@id\":\"https:\/\/clientesbrandbits.click\/#organization\"},\"image\":{\"@id\":\"https:\/\/clientesbrandbits.click\/sanfic-anuncia-las-peliculas-de-la-competencia-de-cine-chileno\/#primaryimage\"},\"thumbnailUrl\":\"https:\/\/clientesbrandbits.click\/wp-content\/uploads\/2024\/07\/10.Una-luz-negra-Comp.-Cine-Chileno-e1721334673708.jpg\",\"keywords\":[\"Destacados\",\"SANFIC\"],\"articleSection\":[\"Destacados\",\"Festivales de Cine\"],\"inLanguage\":\"es\"},{\"@type\":\"WebPage\",\"@id\":\"https:\/\/clientesbrandbits.click\/sanfic-anuncia-las-peliculas-de-la-competencia-de-cine-chileno\/\",\"url\":\"https:\/\/clientesbrandbits.click\/sanfic-anuncia-las-peliculas-de-la-competencia-de-cine-chileno\/\",\"name\":\"SANFIC anuncia las pel\u00edculas de la Competencia de Cine Chileno - Spanglish Cinema\",\"isPartOf\":{\"@id\":\"https:\/\/clientesbrandbits.click\/#website\"},\"primaryImageOfPage\":{\"@id\":\"https:\/\/clientesbrandbits.click\/sanfic-anuncia-las-peliculas-de-la-competencia-de-cine-chileno\/#primaryimage\"},\"image\":{\"@id\":\"https:\/\/clientesbrandbits.click\/sanfic-anuncia-las-peliculas-de-la-competencia-de-cine-chileno\/#primaryimage\"},\"thumbnailUrl\":\"https:\/\/clientesbrandbits.click\/wp-content\/uploads\/2024\/07\/10.Una-luz-negra-Comp.-Cine-Chileno-e1721334673708.jpg\",\"datePublished\":\"2024-07-18T21:22:35+00:00\",\"dateModified\":\"2024-07-18T21:23:45+00:00\",\"description\":\"10 pel\u00edculas nacionales recientemente finalizadas ser\u00e1n parte de la Competencia de Cine Chileno de la edici\u00f3n aniversario del Santiago Festival Internacional de Cine (SANFIC). Esta competencia se ha convertido en una de las secciones m\u00e1s relevantes del festival, estrenando cada a\u00f1o destacadas pel\u00edculas que han sido dirigidas o producidas por cineastas chilenos, exhibiendo a lo largo de sus 20 ediciones reconocidas producciones de directores como Maite Alberdi, Pablo Larra\u00edn, Sebasti\u00e1n Lelio, Alberto Fuguet, Joanna Reposi y Sebasti\u00e1n Silva, entre otros.\",\"breadcrumb\":{\"@id\":\"https:\/\/clientesbrandbits.click\/sanfic-anuncia-las-peliculas-de-la-competencia-de-cine-chileno\/#breadcrumb\"},\"inLanguage\":\"es\",\"potentialAction\":[{\"@type\":\"ReadAction\",\"target\":[\"https:\/\/clientesbrandbits.click\/sanfic-anuncia-las-peliculas-de-la-competencia-de-cine-chileno\/\"]}]},{\"@type\":\"ImageObject\",\"inLanguage\":\"es\",\"@id\":\"https:\/\/clientesbrandbits.click\/sanfic-anuncia-las-peliculas-de-la-competencia-de-cine-chileno\/#primaryimage\",\"url\":\"https:\/\/clientesbrandbits.click\/wp-content\/uploads\/2024\/07\/10.Una-luz-negra-Comp.-Cine-Chileno-e1721334673708.jpg\",\"contentUrl\":\"https:\/\/clientesbrandbits.click\/wp-content\/uploads\/2024\/07\/10.Una-luz-negra-Comp.-Cine-Chileno-e1721334673708.jpg\",\"width\":1520,\"height\":1013},{\"@type\":\"BreadcrumbList\",\"@id\":\"https:\/\/clientesbrandbits.click\/sanfic-anuncia-las-peliculas-de-la-competencia-de-cine-chileno\/#breadcrumb\",\"itemListElement\":[{\"@type\":\"ListItem\",\"position\":1,\"name\":\"Portada\",\"item\":\"https:\/\/clientesbrandbits.click\/\"},{\"@type\":\"ListItem\",\"position\":2,\"name\":\"SANFIC anuncia las pel\u00edculas de la Competencia de Cine Chileno\"}]},{\"@type\":\"WebSite\",\"@id\":\"https:\/\/clientesbrandbits.click\/#website\",\"url\":\"https:\/\/clientesbrandbits.click\/\",\"name\":\"Spanglish Cinema\",\"description\":\"\",\"publisher\":{\"@id\":\"https:\/\/clientesbrandbits.click\/#organization\"},\"potentialAction\":[{\"@type\":\"SearchAction\",\"target\":{\"@type\":\"EntryPoint\",\"urlTemplate\":\"https:\/\/clientesbrandbits.click\/?s={search_term_string}\"},\"query-input\":\"required name=search_term_string\"}],\"inLanguage\":\"es\"},{\"@type\":\"Organization\",\"@id\":\"https:\/\/clientesbrandbits.click\/#organization\",\"name\":\"Spanglish Cinema\",\"url\":\"https:\/\/clientesbrandbits.click\/\",\"logo\":{\"@type\":\"ImageObject\",\"inLanguage\":\"es\",\"@id\":\"https:\/\/clientesbrandbits.click\/#\/schema\/logo\/image\/\",\"url\":\"https:\/\/clientesbrandbits.click\/wp-content\/uploads\/2024\/03\/spanglish_cinema.png\",\"contentUrl\":\"https:\/\/clientesbrandbits.click\/wp-content\/uploads\/2024\/03\/spanglish_cinema.png\",\"width\":612,\"height\":225,\"caption\":\"Spanglish Cinema\"},\"image\":{\"@id\":\"https:\/\/clientesbrandbits.click\/#\/schema\/logo\/image\/\"}},{\"@type\":\"Person\",\"@id\":\"https:\/\/clientesbrandbits.click\/#\/schema\/person\/3582a766d1bd629325b8cb5e303f4963\",\"name\":\"Elizabeth Salazar\",\"image\":{\"@type\":\"ImageObject\",\"inLanguage\":\"es\",\"@id\":\"https:\/\/clientesbrandbits.click\/#\/schema\/person\/image\/\",\"url\":\"https:\/\/secure.gravatar.com\/avatar\/ddf69a5ddae2a61929dd4e305eb31658?s=96&d=mm&r=g\",\"contentUrl\":\"https:\/\/secure.gravatar.com\/avatar\/ddf69a5ddae2a61929dd4e305eb31658?s=96&d=mm&r=g\",\"caption\":\"Elizabeth Salazar\"},\"url\":\"https:\/\/clientesbrandbits.click\/es\/author\/elizabeth-salazar\/\"}]}<\/script>\n<!-- \/ Yoast SEO plugin. -->","yoast_head_json":{"title":"SANFIC anuncia las pel\u00edculas de la Competencia de Cine Chileno - Spanglish Cinema","description":"10 pel\u00edculas nacionales recientemente finalizadas ser\u00e1n parte de la Competencia de Cine Chileno de la edici\u00f3n aniversario del Santiago Festival Internacional de Cine (SANFIC). Esta competencia se ha convertido en una de las secciones m\u00e1s relevantes del festival, estrenando cada a\u00f1o destacadas pel\u00edculas que han sido dirigidas o producidas por cineastas chilenos, exhibiendo a lo largo de sus 20 ediciones reconocidas producciones de directores como Maite Alberdi, Pablo Larra\u00edn, Sebasti\u00e1n Lelio, Alberto Fuguet, Joanna Reposi y Sebasti\u00e1n Silva, entre otros.","robots":{"index":"index","follow":"follow","max-snippet":"max-snippet:-1","max-image-preview":"max-image-preview:large","max-video-preview":"max-video-preview:-1"},"canonical":"https:\/\/clientesbrandbits.click\/es\/sanfic-anuncia-las-peliculas-de-la-competencia-de-cine-chileno\/","og_locale":"es_ES","og_type":"article","og_title":"SANFIC anuncia las pel\u00edculas de la Competencia de Cine Chileno - Spanglish Cinema","og_description":"10 pel\u00edculas nacionales recientemente finalizadas ser\u00e1n parte de la Competencia de Cine Chileno de la edici\u00f3n aniversario del Santiago Festival Internacional de Cine (SANFIC). Esta competencia se ha convertido en una de las secciones m\u00e1s relevantes del festival, estrenando cada a\u00f1o destacadas pel\u00edculas que han sido dirigidas o producidas por cineastas chilenos, exhibiendo a lo largo de sus 20 ediciones reconocidas producciones de directores como Maite Alberdi, Pablo Larra\u00edn, Sebasti\u00e1n Lelio, Alberto Fuguet, Joanna Reposi y Sebasti\u00e1n Silva, entre otros.","og_url":"https:\/\/clientesbrandbits.click\/es\/sanfic-anuncia-las-peliculas-de-la-competencia-de-cine-chileno\/","og_site_name":"Spanglish Cinema","article_published_time":"2024-07-18T21:22:35+00:00","article_modified_time":"2024-07-18T21:23:45+00:00","og_image":[{"width":1520,"height":1013,"url":"https:\/\/clientesbrandbits.click\/wp-content\/uploads\/2024\/07\/10.Una-luz-negra-Comp.-Cine-Chileno-e1721334673708.jpg","type":"image\/jpeg"}],"author":"Elizabeth Salazar","twitter_card":"summary_large_image","twitter_misc":{"Escrito por":"Elizabeth Salazar","Tiempo de lectura":"4 minutos"},"schema":{"@context":"https:\/\/schema.org","@graph":[{"@type":"Article","@id":"https:\/\/clientesbrandbits.click\/sanfic-anuncia-las-peliculas-de-la-competencia-de-cine-chileno\/#article","isPartOf":{"@id":"https:\/\/clientesbrandbits.click\/sanfic-anuncia-las-peliculas-de-la-competencia-de-cine-chileno\/"},"author":{"name":"Elizabeth Salazar","@id":"https:\/\/clientesbrandbits.click\/#\/schema\/person\/3582a766d1bd629325b8cb5e303f4963"},"headline":"SANFIC anuncia las pel\u00edculas de la Competencia de Cine Chileno","datePublished":"2024-07-18T21:22:35+00:00","dateModified":"2024-07-18T21:23:45+00:00","mainEntityOfPage":{"@id":"https:\/\/clientesbrandbits.click\/sanfic-anuncia-las-peliculas-de-la-competencia-de-cine-chileno\/"},"wordCount":867,"publisher":{"@id":"https:\/\/clientesbrandbits.click\/#organization"},"image":{"@id":"https:\/\/clientesbrandbits.click\/sanfic-anuncia-las-peliculas-de-la-competencia-de-cine-chileno\/#primaryimage"},"thumbnailUrl":"https:\/\/clientesbrandbits.click\/wp-content\/uploads\/2024\/07\/10.Una-luz-negra-Comp.-Cine-Chileno-e1721334673708.jpg","keywords":["Destacados","SANFIC"],"articleSection":["Destacados","Festivales de Cine"],"inLanguage":"es"},{"@type":"WebPage","@id":"https:\/\/clientesbrandbits.click\/sanfic-anuncia-las-peliculas-de-la-competencia-de-cine-chileno\/","url":"https:\/\/clientesbrandbits.click\/sanfic-anuncia-las-peliculas-de-la-competencia-de-cine-chileno\/","name":"SANFIC anuncia las pel\u00edculas de la Competencia de Cine Chileno - Spanglish Cinema","isPartOf":{"@id":"https:\/\/clientesbrandbits.click\/#website"},"primaryImageOfPage":{"@id":"https:\/\/clientesbrandbits.click\/sanfic-anuncia-las-peliculas-de-la-competencia-de-cine-chileno\/#primaryimage"},"image":{"@id":"https:\/\/clientesbrandbits.click\/sanfic-anuncia-las-peliculas-de-la-competencia-de-cine-chileno\/#primaryimage"},"thumbnailUrl":"https:\/\/clientesbrandbits.click\/wp-content\/uploads\/2024\/07\/10.Una-luz-negra-Comp.-Cine-Chileno-e1721334673708.jpg","datePublished":"2024-07-18T21:22:35+00:00","dateModified":"2024-07-18T21:23:45+00:00","description":"10 pel\u00edculas nacionales recientemente finalizadas ser\u00e1n parte de la Competencia de Cine Chileno de la edici\u00f3n aniversario del Santiago Festival Internacional de Cine (SANFIC). Esta competencia se ha convertido en una de las secciones m\u00e1s relevantes del festival, estrenando cada a\u00f1o destacadas pel\u00edculas que han sido dirigidas o producidas por cineastas chilenos, exhibiendo a lo largo de sus 20 ediciones reconocidas producciones de directores como Maite Alberdi, Pablo Larra\u00edn, Sebasti\u00e1n Lelio, Alberto Fuguet, Joanna Reposi y Sebasti\u00e1n Silva, entre otros.","breadcrumb":{"@id":"https:\/\/clientesbrandbits.click\/sanfic-anuncia-las-peliculas-de-la-competencia-de-cine-chileno\/#breadcrumb"},"inLanguage":"es","potentialAction":[{"@type":"ReadAction","target":["https:\/\/clientesbrandbits.click\/sanfic-anuncia-las-peliculas-de-la-competencia-de-cine-chileno\/"]}]},{"@type":"ImageObject","inLanguage":"es","@id":"https:\/\/clientesbrandbits.click\/sanfic-anuncia-las-peliculas-de-la-competencia-de-cine-chileno\/#primaryimage","url":"https:\/\/clientesbrandbits.click\/wp-content\/uploads\/2024\/07\/10.Una-luz-negra-Comp.-Cine-Chileno-e1721334673708.jpg","contentUrl":"https:\/\/clientesbrandbits.click\/wp-content\/uploads\/2024\/07\/10.Una-luz-negra-Comp.-Cine-Chileno-e1721334673708.jpg","width":1520,"height":1013},{"@type":"BreadcrumbList","@id":"https:\/\/clientesbrandbits.click\/sanfic-anuncia-las-peliculas-de-la-competencia-de-cine-chileno\/#breadcrumb","itemListElement":[{"@type":"ListItem","position":1,"name":"Portada","item":"https:\/\/clientesbrandbits.click\/"},{"@type":"ListItem","position":2,"name":"SANFIC anuncia las pel\u00edculas de la Competencia de Cine Chileno"}]},{"@type":"WebSite","@id":"https:\/\/clientesbrandbits.click\/#website","url":"https:\/\/clientesbrandbits.click\/","name":"Spanglish Cinema","description":"","publisher":{"@id":"https:\/\/clientesbrandbits.click\/#organization"},"potentialAction":[{"@type":"SearchAction","target":{"@type":"EntryPoint","urlTemplate":"https:\/\/clientesbrandbits.click\/?s={search_term_string}"},"query-input":"required name=search_term_string"}],"inLanguage":"es"},{"@type":"Organization","@id":"https:\/\/clientesbrandbits.click\/#organization","name":"Spanglish Cinema","url":"https:\/\/clientesbrandbits.click\/","logo":{"@type":"ImageObject","inLanguage":"es","@id":"https:\/\/clientesbrandbits.click\/#\/schema\/logo\/image\/","url":"https:\/\/clientesbrandbits.click\/wp-content\/uploads\/2024\/03\/spanglish_cinema.png","contentUrl":"https:\/\/clientesbrandbits.click\/wp-content\/uploads\/2024\/03\/spanglish_cinema.png","width":612,"height":225,"caption":"Spanglish Cinema"},"image":{"@id":"https:\/\/clientesbrandbits.click\/#\/schema\/logo\/image\/"}},{"@type":"Person","@id":"https:\/\/clientesbrandbits.click\/#\/schema\/person\/3582a766d1bd629325b8cb5e303f4963","name":"Elizabeth Salazar","image":{"@type":"ImageObject","inLanguage":"es","@id":"https:\/\/clientesbrandbits.click\/#\/schema\/person\/image\/","url":"https:\/\/secure.gravatar.com\/avatar\/ddf69a5ddae2a61929dd4e305eb31658?s=96&d=mm&r=g","contentUrl":"https:\/\/secure.gravatar.com\/avatar\/ddf69a5ddae2a61929dd4e305eb31658?s=96&d=mm&r=g","caption":"Elizabeth Salazar"},"url":"https:\/\/clientesbrandbits.click\/es\/author\/elizabeth-salazar\/"}]}},"_links":{"self":[{"href":"https:\/\/clientesbrandbits.click\/es\/wp-json\/wp\/v2\/posts\/2392"}],"collection":[{"href":"https:\/\/clientesbrandbits.click\/es\/wp-json\/wp\/v2\/posts"}],"about":[{"href":"https:\/\/clientesbrandbits.click\/es\/wp-json\/wp\/v2\/types\/post"}],"author":[{"embeddable":true,"href":"https:\/\/clientesbrandbits.click\/es\/wp-json\/wp\/v2\/users\/5"}],"replies":[{"embeddable":true,"href":"https:\/\/clientesbrandbits.click\/es\/wp-json\/wp\/v2\/comments?post=2392"}],"version-history":[{"count":4,"href":"https:\/\/clientesbrandbits.click\/es\/wp-json\/wp\/v2\/posts\/2392\/revisions"}],"predecessor-version":[{"id":2397,"href":"https:\/\/clientesbrandbits.click\/es\/wp-json\/wp\/v2\/posts\/2392\/revisions\/2397"}],"wp:featuredmedia":[{"embeddable":true,"href":"https:\/\/clientesbrandbits.click\/es\/wp-json\/wp\/v2\/media\/2393"}],"wp:attachment":[{"href":"https:\/\/clientesbrandbits.click\/es\/wp-json\/wp\/v2\/media?parent=2392"}],"wp:term":[{"taxonomy":"category","embeddable":true,"href":"https:\/\/clientesbrandbits.click\/es\/wp-json\/wp\/v2\/categories?post=2392"},{"taxonomy":"post_tag","embeddable":true,"href":"https:\/\/clientesbrandbits.click\/es\/wp-json\/wp\/v2\/tags?post=2392"}],"curies":[{"name":"wp","href":"https:\/\/api.w.org\/{rel}","templated":true}]}}