{"id":2275,"date":"2024-07-10T20:03:12","date_gmt":"2024-07-11T00:03:12","guid":{"rendered":"https:\/\/clientesbrandbits.click\/?p=2275"},"modified":"2024-07-10T20:06:06","modified_gmt":"2024-07-11T00:06:06","slug":"la-pelicula-analogos-dara-clausura-al-ciclo-de-cine-chileno-en-quilpue","status":"publish","type":"post","link":"https:\/\/clientesbrandbits.click\/es\/la-pelicula-analogos-dara-clausura-al-ciclo-de-cine-chileno-en-quilpue\/","title":{"rendered":"La pel\u00edcula \u201cAn\u00e1logos\u201d dar\u00e1 clausura al ciclo de cine chileno en Quilpu\u00e9"},"content":{"rendered":"<p style=\"text-align: justify;\">Despu\u00e9s de tres proyecciones de cine chileno, realizadas en el\u00a0<strong>Centro Cultural Quilpu\u00e9 Audiovisual\u00a0<\/strong>en colaboraci\u00f3n con la\u00a0<strong>Municipalidad de Cabildo\u00a0<\/strong>invitan a la \u00faltima funci\u00f3n del\u00a0<strong>Ciclo de Cine Chileno\u00a0<\/strong>dirigido en forma especial a los adultos mayores y al p\u00fablico general.<\/p>\n<p style=\"text-align: justify;\">En relaci\u00f3n con la actividad,\u00a0<strong>Alexis S\u00e1nchez<\/strong>,<strong>\u00a0Coordinador y productor general<\/strong>\u00a0dice:\u00a0<em>\u201cHan sido funciones muy amenas, en las que las personas han apreciado bastante esta iniciativa. Estamos muy agradecidos del financiamiento del Ministerio de las Culturas, ya que nos ha permitido generar un impacto en las comunas m\u00e1s alejadas de la Regi\u00f3n de Valpara\u00edso\u201d.<\/em><\/p>\n<p style=\"text-align: justify;\">La funci\u00f3n de cine se realizar\u00e1 este <strong>jueves 11 de julio <\/strong>a las <strong>16:00 horas<\/strong>\u00a0en el <strong>Teatro Municipal de Cabildo<\/strong>, donde se exhibir\u00e1 la pel\u00edcula chilena<strong> \u201cAn\u00e1logos\u201d<\/strong> el m\u00e1s reciente trabajo del director Jorge Olgu\u00edn. Protagonizada por los actores M\u00f3nica Carrasco y Jorge Gajardo, recordados por su exitosa serie de los \u201cLos Venegas\u201d. Esta vez nos muestran una historia que a trav\u00e9s de la ciencia ficci\u00f3n, los protagonistas son una pareja de ancianos solitarios que quedan aislados mientras un cometa se aproxima a la Tierra. La pel\u00edcula nos hace reflexionar acerca de los cuidados, la vejez y la salud mental., en nuestro pa\u00eds y en el mundo.<\/p>\n<p style=\"text-align: justify;\">Este evento es con entrada liberada. Adem\u00e1s, tendr\u00e1n palomitas de ma\u00edz gratis para los y las asistentes y se sostendr\u00e1 un conversatorio posteriormente a la proyecci\u00f3n.<\/p>\n<p style=\"text-align: justify;\">La iniciativa es<strong>\u00a0financiada\u00a0<\/strong>por el\u00a0<strong>Ministerio de las Culturas, las Artes y el Patrimonio a trav\u00e9s de su Programa de Apoyo a Organizaciones Culturales Colaboradoras (PAOCC)<\/strong>\u00a0y cuenta con la colaboraci\u00f3n de la\u00a0<strong>Municipalidad de Cabildo, Servicio Pa\u00eds Cabildo<\/strong>\u00a0y el\u00a0<strong>Centro de Formaci\u00f3n T\u00e9cnica de la PUCV.<\/strong><\/p>\n<p style=\"text-align: justify;\">El Centro Cultural Quilpu\u00e9 Audiovisual forma parte del Programa de Apoyo a Organizaciones Culturales Colaboradoras del Ministerio de las Culturas, las Artes y el Patrimonio, que busca fortalecer y dar continuidad a instituciones y organizaciones culturales de derecho privado y sin fines de lucro. Este programa adem\u00e1s es parte del Sistema de Financiamiento a Organizaciones e Infraestructura Cultural del Ministerio de las Culturas, las Artes y el Patrimonio que integra, articula y coordina de forma transversal los planes, programas y fondos orientados al fomento y apoyo de las organizaciones, de la infraestructura cultural, y de la mediaci\u00f3n art\u00edstica.<\/p>\n<p style=\"text-align: justify;\">Todo esto con una vocaci\u00f3n descentralizada, mecanismos participativos, y la promoci\u00f3n de la creaci\u00f3n de redes y asociaciones abogando por una mejor difusi\u00f3n de nuestros eventos.<\/p>\n","protected":false},"excerpt":{"rendered":"<p>Despu\u00e9s de tres proyecciones de cine chileno, realizadas en el\u00a0Centro Cultural Quilpu\u00e9 Audiovisual\u00a0en colaboraci\u00f3n con la\u00a0Municipalidad de Cabildo\u00a0invitan a la \u00faltima funci\u00f3n del\u00a0Ciclo de Cine Chileno\u00a0dirigido en forma especial a los adultos mayores y al p\u00fablico general. En relaci\u00f3n con &#8230; <a title=\"La pel\u00edcula \u201cAn\u00e1logos\u201d dar\u00e1 clausura al ciclo de cine chileno en Quilpu\u00e9\" class=\"read-more\" href=\"https:\/\/clientesbrandbits.click\/es\/la-pelicula-analogos-dara-clausura-al-ciclo-de-cine-chileno-en-quilpue\/\" aria-label=\"Leer m\u00e1s sobre La pel\u00edcula \u201cAn\u00e1logos\u201d dar\u00e1 clausura al ciclo de cine chileno en Quilpu\u00e9\">Leer M\u00e1s<\/a><\/p>\n","protected":false},"author":5,"featured_media":2276,"comment_status":"closed","ping_status":"closed","sticky":false,"template":"","format":"standard","meta":{"_joinchat":[],"footnotes":""},"categories":[10],"tags":[37],"class_list":["post-2275","post","type-post","status-publish","format-standard","has-post-thumbnail","hentry","category-films","tag-cine-chileno","infinite-scroll-item"],"yoast_head":"<!-- This site is optimized with the Yoast SEO plugin v22.8 - https:\/\/yoast.com\/wordpress\/plugins\/seo\/ -->\n<title>La pel\u00edcula \u201cAn\u00e1logos\u201d dar\u00e1 clausura al ciclo de cine chileno en Quilpu\u00e9 - Spanglish Cinema<\/title>\n<meta name=\"description\" content=\"Despu\u00e9s de tres proyecciones de cine chileno, realizadas en el\u00a0Centro Cultural Quilpu\u00e9 Audiovisual\u00a0en colaboraci\u00f3n con la\u00a0Municipalidad de Cabildo\u00a0invitan a la \u00faltima funci\u00f3n del\u00a0Ciclo de Cine Chileno\u00a0dirigido en forma especial a los adultos mayores y al p\u00fablico general.\" \/>\n<meta name=\"robots\" content=\"index, follow, max-snippet:-1, max-image-preview:large, max-video-preview:-1\" \/>\n<link rel=\"canonical\" href=\"https:\/\/clientesbrandbits.click\/es\/la-pelicula-analogos-dara-clausura-al-ciclo-de-cine-chileno-en-quilpue\/\" \/>\n<meta property=\"og:locale\" content=\"es_ES\" \/>\n<meta property=\"og:type\" content=\"article\" \/>\n<meta property=\"og:title\" content=\"La pel\u00edcula \u201cAn\u00e1logos\u201d dar\u00e1 clausura al ciclo de cine chileno en Quilpu\u00e9 - Spanglish Cinema\" \/>\n<meta property=\"og:description\" content=\"Despu\u00e9s de tres proyecciones de cine chileno, realizadas en el\u00a0Centro Cultural Quilpu\u00e9 Audiovisual\u00a0en colaboraci\u00f3n con la\u00a0Municipalidad de Cabildo\u00a0invitan a la \u00faltima funci\u00f3n del\u00a0Ciclo de Cine Chileno\u00a0dirigido en forma especial a los adultos mayores y al p\u00fablico general.\" \/>\n<meta property=\"og:url\" content=\"https:\/\/clientesbrandbits.click\/es\/la-pelicula-analogos-dara-clausura-al-ciclo-de-cine-chileno-en-quilpue\/\" \/>\n<meta property=\"og:site_name\" content=\"Spanglish Cinema\" \/>\n<meta property=\"article:published_time\" content=\"2024-07-11T00:03:12+00:00\" \/>\n<meta property=\"article:modified_time\" content=\"2024-07-11T00:06:06+00:00\" \/>\n<meta property=\"og:image\" content=\"https:\/\/clientesbrandbits.click\/wp-content\/uploads\/2024\/07\/Analogos-VA-scaled-e1720628802891.jpg\" \/>\n\t<meta property=\"og:image:width\" content=\"1560\" \/>\n\t<meta property=\"og:image:height\" content=\"1040\" \/>\n\t<meta property=\"og:image:type\" content=\"image\/jpeg\" \/>\n<meta name=\"author\" content=\"Elizabeth Salazar\" \/>\n<meta name=\"twitter:card\" content=\"summary_large_image\" \/>\n<meta name=\"twitter:label1\" content=\"Escrito por\" \/>\n\t<meta name=\"twitter:data1\" content=\"Elizabeth Salazar\" \/>\n\t<meta name=\"twitter:label2\" content=\"Tiempo de lectura\" \/>\n\t<meta name=\"twitter:data2\" content=\"3 minutos\" \/>\n<script type=\"application\/ld+json\" class=\"yoast-schema-graph\">{\"@context\":\"https:\/\/schema.org\",\"@graph\":[{\"@type\":\"Article\",\"@id\":\"https:\/\/clientesbrandbits.click\/la-pelicula-analogos-dara-clausura-al-ciclo-de-cine-chileno-en-quilpue\/#article\",\"isPartOf\":{\"@id\":\"https:\/\/clientesbrandbits.click\/la-pelicula-analogos-dara-clausura-al-ciclo-de-cine-chileno-en-quilpue\/\"},\"author\":{\"name\":\"Elizabeth Salazar\",\"@id\":\"https:\/\/clientesbrandbits.click\/#\/schema\/person\/3582a766d1bd629325b8cb5e303f4963\"},\"headline\":\"La pel\u00edcula \u201cAn\u00e1logos\u201d dar\u00e1 clausura al ciclo de cine chileno en Quilpu\u00e9\",\"datePublished\":\"2024-07-11T00:03:12+00:00\",\"dateModified\":\"2024-07-11T00:06:06+00:00\",\"mainEntityOfPage\":{\"@id\":\"https:\/\/clientesbrandbits.click\/la-pelicula-analogos-dara-clausura-al-ciclo-de-cine-chileno-en-quilpue\/\"},\"wordCount\":452,\"publisher\":{\"@id\":\"https:\/\/clientesbrandbits.click\/#organization\"},\"image\":{\"@id\":\"https:\/\/clientesbrandbits.click\/la-pelicula-analogos-dara-clausura-al-ciclo-de-cine-chileno-en-quilpue\/#primaryimage\"},\"thumbnailUrl\":\"https:\/\/clientesbrandbits.click\/wp-content\/uploads\/2024\/07\/Analogos-VA-scaled-e1720628802891.jpg\",\"keywords\":[\"Cine Chileno\"],\"articleSection\":[\"Films\"],\"inLanguage\":\"es\"},{\"@type\":\"WebPage\",\"@id\":\"https:\/\/clientesbrandbits.click\/la-pelicula-analogos-dara-clausura-al-ciclo-de-cine-chileno-en-quilpue\/\",\"url\":\"https:\/\/clientesbrandbits.click\/la-pelicula-analogos-dara-clausura-al-ciclo-de-cine-chileno-en-quilpue\/\",\"name\":\"La pel\u00edcula \u201cAn\u00e1logos\u201d dar\u00e1 clausura al ciclo de cine chileno en Quilpu\u00e9 - Spanglish Cinema\",\"isPartOf\":{\"@id\":\"https:\/\/clientesbrandbits.click\/#website\"},\"primaryImageOfPage\":{\"@id\":\"https:\/\/clientesbrandbits.click\/la-pelicula-analogos-dara-clausura-al-ciclo-de-cine-chileno-en-quilpue\/#primaryimage\"},\"image\":{\"@id\":\"https:\/\/clientesbrandbits.click\/la-pelicula-analogos-dara-clausura-al-ciclo-de-cine-chileno-en-quilpue\/#primaryimage\"},\"thumbnailUrl\":\"https:\/\/clientesbrandbits.click\/wp-content\/uploads\/2024\/07\/Analogos-VA-scaled-e1720628802891.jpg\",\"datePublished\":\"2024-07-11T00:03:12+00:00\",\"dateModified\":\"2024-07-11T00:06:06+00:00\",\"description\":\"Despu\u00e9s de tres proyecciones de cine chileno, realizadas en el\u00a0Centro Cultural Quilpu\u00e9 Audiovisual\u00a0en colaboraci\u00f3n con la\u00a0Municipalidad de Cabildo\u00a0invitan a la \u00faltima funci\u00f3n del\u00a0Ciclo de Cine Chileno\u00a0dirigido en forma especial a los adultos mayores y al p\u00fablico general.\",\"breadcrumb\":{\"@id\":\"https:\/\/clientesbrandbits.click\/la-pelicula-analogos-dara-clausura-al-ciclo-de-cine-chileno-en-quilpue\/#breadcrumb\"},\"inLanguage\":\"es\",\"potentialAction\":[{\"@type\":\"ReadAction\",\"target\":[\"https:\/\/clientesbrandbits.click\/la-pelicula-analogos-dara-clausura-al-ciclo-de-cine-chileno-en-quilpue\/\"]}]},{\"@type\":\"ImageObject\",\"inLanguage\":\"es\",\"@id\":\"https:\/\/clientesbrandbits.click\/la-pelicula-analogos-dara-clausura-al-ciclo-de-cine-chileno-en-quilpue\/#primaryimage\",\"url\":\"https:\/\/clientesbrandbits.click\/wp-content\/uploads\/2024\/07\/Analogos-VA-scaled-e1720628802891.jpg\",\"contentUrl\":\"https:\/\/clientesbrandbits.click\/wp-content\/uploads\/2024\/07\/Analogos-VA-scaled-e1720628802891.jpg\",\"width\":1560,\"height\":1040},{\"@type\":\"BreadcrumbList\",\"@id\":\"https:\/\/clientesbrandbits.click\/la-pelicula-analogos-dara-clausura-al-ciclo-de-cine-chileno-en-quilpue\/#breadcrumb\",\"itemListElement\":[{\"@type\":\"ListItem\",\"position\":1,\"name\":\"Portada\",\"item\":\"https:\/\/clientesbrandbits.click\/\"},{\"@type\":\"ListItem\",\"position\":2,\"name\":\"La pel\u00edcula \u201cAn\u00e1logos\u201d dar\u00e1 clausura al ciclo de cine chileno en Quilpu\u00e9\"}]},{\"@type\":\"WebSite\",\"@id\":\"https:\/\/clientesbrandbits.click\/#website\",\"url\":\"https:\/\/clientesbrandbits.click\/\",\"name\":\"Spanglish Cinema\",\"description\":\"\",\"publisher\":{\"@id\":\"https:\/\/clientesbrandbits.click\/#organization\"},\"potentialAction\":[{\"@type\":\"SearchAction\",\"target\":{\"@type\":\"EntryPoint\",\"urlTemplate\":\"https:\/\/clientesbrandbits.click\/?s={search_term_string}\"},\"query-input\":\"required name=search_term_string\"}],\"inLanguage\":\"es\"},{\"@type\":\"Organization\",\"@id\":\"https:\/\/clientesbrandbits.click\/#organization\",\"name\":\"Spanglish Cinema\",\"url\":\"https:\/\/clientesbrandbits.click\/\",\"logo\":{\"@type\":\"ImageObject\",\"inLanguage\":\"es\",\"@id\":\"https:\/\/clientesbrandbits.click\/#\/schema\/logo\/image\/\",\"url\":\"https:\/\/clientesbrandbits.click\/wp-content\/uploads\/2024\/03\/spanglish_cinema.png\",\"contentUrl\":\"https:\/\/clientesbrandbits.click\/wp-content\/uploads\/2024\/03\/spanglish_cinema.png\",\"width\":612,\"height\":225,\"caption\":\"Spanglish Cinema\"},\"image\":{\"@id\":\"https:\/\/clientesbrandbits.click\/#\/schema\/logo\/image\/\"}},{\"@type\":\"Person\",\"@id\":\"https:\/\/clientesbrandbits.click\/#\/schema\/person\/3582a766d1bd629325b8cb5e303f4963\",\"name\":\"Elizabeth Salazar\",\"image\":{\"@type\":\"ImageObject\",\"inLanguage\":\"es\",\"@id\":\"https:\/\/clientesbrandbits.click\/#\/schema\/person\/image\/\",\"url\":\"https:\/\/secure.gravatar.com\/avatar\/ddf69a5ddae2a61929dd4e305eb31658?s=96&d=mm&r=g\",\"contentUrl\":\"https:\/\/secure.gravatar.com\/avatar\/ddf69a5ddae2a61929dd4e305eb31658?s=96&d=mm&r=g\",\"caption\":\"Elizabeth Salazar\"},\"url\":\"https:\/\/clientesbrandbits.click\/es\/author\/elizabeth-salazar\/\"}]}<\/script>\n<!-- \/ Yoast SEO plugin. -->","yoast_head_json":{"title":"La pel\u00edcula \u201cAn\u00e1logos\u201d dar\u00e1 clausura al ciclo de cine chileno en Quilpu\u00e9 - Spanglish Cinema","description":"Despu\u00e9s de tres proyecciones de cine chileno, realizadas en el\u00a0Centro Cultural Quilpu\u00e9 Audiovisual\u00a0en colaboraci\u00f3n con la\u00a0Municipalidad de Cabildo\u00a0invitan a la \u00faltima funci\u00f3n del\u00a0Ciclo de Cine Chileno\u00a0dirigido en forma especial a los adultos mayores y al p\u00fablico general.","robots":{"index":"index","follow":"follow","max-snippet":"max-snippet:-1","max-image-preview":"max-image-preview:large","max-video-preview":"max-video-preview:-1"},"canonical":"https:\/\/clientesbrandbits.click\/es\/la-pelicula-analogos-dara-clausura-al-ciclo-de-cine-chileno-en-quilpue\/","og_locale":"es_ES","og_type":"article","og_title":"La pel\u00edcula \u201cAn\u00e1logos\u201d dar\u00e1 clausura al ciclo de cine chileno en Quilpu\u00e9 - Spanglish Cinema","og_description":"Despu\u00e9s de tres proyecciones de cine chileno, realizadas en el\u00a0Centro Cultural Quilpu\u00e9 Audiovisual\u00a0en colaboraci\u00f3n con la\u00a0Municipalidad de Cabildo\u00a0invitan a la \u00faltima funci\u00f3n del\u00a0Ciclo de Cine Chileno\u00a0dirigido en forma especial a los adultos mayores y al p\u00fablico general.","og_url":"https:\/\/clientesbrandbits.click\/es\/la-pelicula-analogos-dara-clausura-al-ciclo-de-cine-chileno-en-quilpue\/","og_site_name":"Spanglish Cinema","article_published_time":"2024-07-11T00:03:12+00:00","article_modified_time":"2024-07-11T00:06:06+00:00","og_image":[{"width":1560,"height":1040,"url":"https:\/\/clientesbrandbits.click\/wp-content\/uploads\/2024\/07\/Analogos-VA-scaled-e1720628802891.jpg","type":"image\/jpeg"}],"author":"Elizabeth Salazar","twitter_card":"summary_large_image","twitter_misc":{"Escrito por":"Elizabeth Salazar","Tiempo de lectura":"3 minutos"},"schema":{"@context":"https:\/\/schema.org","@graph":[{"@type":"Article","@id":"https:\/\/clientesbrandbits.click\/la-pelicula-analogos-dara-clausura-al-ciclo-de-cine-chileno-en-quilpue\/#article","isPartOf":{"@id":"https:\/\/clientesbrandbits.click\/la-pelicula-analogos-dara-clausura-al-ciclo-de-cine-chileno-en-quilpue\/"},"author":{"name":"Elizabeth Salazar","@id":"https:\/\/clientesbrandbits.click\/#\/schema\/person\/3582a766d1bd629325b8cb5e303f4963"},"headline":"La pel\u00edcula \u201cAn\u00e1logos\u201d dar\u00e1 clausura al ciclo de cine chileno en Quilpu\u00e9","datePublished":"2024-07-11T00:03:12+00:00","dateModified":"2024-07-11T00:06:06+00:00","mainEntityOfPage":{"@id":"https:\/\/clientesbrandbits.click\/la-pelicula-analogos-dara-clausura-al-ciclo-de-cine-chileno-en-quilpue\/"},"wordCount":452,"publisher":{"@id":"https:\/\/clientesbrandbits.click\/#organization"},"image":{"@id":"https:\/\/clientesbrandbits.click\/la-pelicula-analogos-dara-clausura-al-ciclo-de-cine-chileno-en-quilpue\/#primaryimage"},"thumbnailUrl":"https:\/\/clientesbrandbits.click\/wp-content\/uploads\/2024\/07\/Analogos-VA-scaled-e1720628802891.jpg","keywords":["Cine Chileno"],"articleSection":["Films"],"inLanguage":"es"},{"@type":"WebPage","@id":"https:\/\/clientesbrandbits.click\/la-pelicula-analogos-dara-clausura-al-ciclo-de-cine-chileno-en-quilpue\/","url":"https:\/\/clientesbrandbits.click\/la-pelicula-analogos-dara-clausura-al-ciclo-de-cine-chileno-en-quilpue\/","name":"La pel\u00edcula \u201cAn\u00e1logos\u201d dar\u00e1 clausura al ciclo de cine chileno en Quilpu\u00e9 - Spanglish Cinema","isPartOf":{"@id":"https:\/\/clientesbrandbits.click\/#website"},"primaryImageOfPage":{"@id":"https:\/\/clientesbrandbits.click\/la-pelicula-analogos-dara-clausura-al-ciclo-de-cine-chileno-en-quilpue\/#primaryimage"},"image":{"@id":"https:\/\/clientesbrandbits.click\/la-pelicula-analogos-dara-clausura-al-ciclo-de-cine-chileno-en-quilpue\/#primaryimage"},"thumbnailUrl":"https:\/\/clientesbrandbits.click\/wp-content\/uploads\/2024\/07\/Analogos-VA-scaled-e1720628802891.jpg","datePublished":"2024-07-11T00:03:12+00:00","dateModified":"2024-07-11T00:06:06+00:00","description":"Despu\u00e9s de tres proyecciones de cine chileno, realizadas en el\u00a0Centro Cultural Quilpu\u00e9 Audiovisual\u00a0en colaboraci\u00f3n con la\u00a0Municipalidad de Cabildo\u00a0invitan a la \u00faltima funci\u00f3n del\u00a0Ciclo de Cine Chileno\u00a0dirigido en forma especial a los adultos mayores y al p\u00fablico general.","breadcrumb":{"@id":"https:\/\/clientesbrandbits.click\/la-pelicula-analogos-dara-clausura-al-ciclo-de-cine-chileno-en-quilpue\/#breadcrumb"},"inLanguage":"es","potentialAction":[{"@type":"ReadAction","target":["https:\/\/clientesbrandbits.click\/la-pelicula-analogos-dara-clausura-al-ciclo-de-cine-chileno-en-quilpue\/"]}]},{"@type":"ImageObject","inLanguage":"es","@id":"https:\/\/clientesbrandbits.click\/la-pelicula-analogos-dara-clausura-al-ciclo-de-cine-chileno-en-quilpue\/#primaryimage","url":"https:\/\/clientesbrandbits.click\/wp-content\/uploads\/2024\/07\/Analogos-VA-scaled-e1720628802891.jpg","contentUrl":"https:\/\/clientesbrandbits.click\/wp-content\/uploads\/2024\/07\/Analogos-VA-scaled-e1720628802891.jpg","width":1560,"height":1040},{"@type":"BreadcrumbList","@id":"https:\/\/clientesbrandbits.click\/la-pelicula-analogos-dara-clausura-al-ciclo-de-cine-chileno-en-quilpue\/#breadcrumb","itemListElement":[{"@type":"ListItem","position":1,"name":"Portada","item":"https:\/\/clientesbrandbits.click\/"},{"@type":"ListItem","position":2,"name":"La pel\u00edcula \u201cAn\u00e1logos\u201d dar\u00e1 clausura al ciclo de cine chileno en Quilpu\u00e9"}]},{"@type":"WebSite","@id":"https:\/\/clientesbrandbits.click\/#website","url":"https:\/\/clientesbrandbits.click\/","name":"Spanglish Cinema","description":"","publisher":{"@id":"https:\/\/clientesbrandbits.click\/#organization"},"potentialAction":[{"@type":"SearchAction","target":{"@type":"EntryPoint","urlTemplate":"https:\/\/clientesbrandbits.click\/?s={search_term_string}"},"query-input":"required name=search_term_string"}],"inLanguage":"es"},{"@type":"Organization","@id":"https:\/\/clientesbrandbits.click\/#organization","name":"Spanglish Cinema","url":"https:\/\/clientesbrandbits.click\/","logo":{"@type":"ImageObject","inLanguage":"es","@id":"https:\/\/clientesbrandbits.click\/#\/schema\/logo\/image\/","url":"https:\/\/clientesbrandbits.click\/wp-content\/uploads\/2024\/03\/spanglish_cinema.png","contentUrl":"https:\/\/clientesbrandbits.click\/wp-content\/uploads\/2024\/03\/spanglish_cinema.png","width":612,"height":225,"caption":"Spanglish Cinema"},"image":{"@id":"https:\/\/clientesbrandbits.click\/#\/schema\/logo\/image\/"}},{"@type":"Person","@id":"https:\/\/clientesbrandbits.click\/#\/schema\/person\/3582a766d1bd629325b8cb5e303f4963","name":"Elizabeth Salazar","image":{"@type":"ImageObject","inLanguage":"es","@id":"https:\/\/clientesbrandbits.click\/#\/schema\/person\/image\/","url":"https:\/\/secure.gravatar.com\/avatar\/ddf69a5ddae2a61929dd4e305eb31658?s=96&d=mm&r=g","contentUrl":"https:\/\/secure.gravatar.com\/avatar\/ddf69a5ddae2a61929dd4e305eb31658?s=96&d=mm&r=g","caption":"Elizabeth Salazar"},"url":"https:\/\/clientesbrandbits.click\/es\/author\/elizabeth-salazar\/"}]}},"_links":{"self":[{"href":"https:\/\/clientesbrandbits.click\/es\/wp-json\/wp\/v2\/posts\/2275"}],"collection":[{"href":"https:\/\/clientesbrandbits.click\/es\/wp-json\/wp\/v2\/posts"}],"about":[{"href":"https:\/\/clientesbrandbits.click\/es\/wp-json\/wp\/v2\/types\/post"}],"author":[{"embeddable":true,"href":"https:\/\/clientesbrandbits.click\/es\/wp-json\/wp\/v2\/users\/5"}],"replies":[{"embeddable":true,"href":"https:\/\/clientesbrandbits.click\/es\/wp-json\/wp\/v2\/comments?post=2275"}],"version-history":[{"count":3,"href":"https:\/\/clientesbrandbits.click\/es\/wp-json\/wp\/v2\/posts\/2275\/revisions"}],"predecessor-version":[{"id":2284,"href":"https:\/\/clientesbrandbits.click\/es\/wp-json\/wp\/v2\/posts\/2275\/revisions\/2284"}],"wp:featuredmedia":[{"embeddable":true,"href":"https:\/\/clientesbrandbits.click\/es\/wp-json\/wp\/v2\/media\/2276"}],"wp:attachment":[{"href":"https:\/\/clientesbrandbits.click\/es\/wp-json\/wp\/v2\/media?parent=2275"}],"wp:term":[{"taxonomy":"category","embeddable":true,"href":"https:\/\/clientesbrandbits.click\/es\/wp-json\/wp\/v2\/categories?post=2275"},{"taxonomy":"post_tag","embeddable":true,"href":"https:\/\/clientesbrandbits.click\/es\/wp-json\/wp\/v2\/tags?post=2275"}],"curies":[{"name":"wp","href":"https:\/\/api.w.org\/{rel}","templated":true}]}}