{"id":2259,"date":"2024-07-11T14:50:35","date_gmt":"2024-07-11T18:50:35","guid":{"rendered":"https:\/\/clientesbrandbits.click\/?p=2259"},"modified":"2024-07-11T14:51:14","modified_gmt":"2024-07-11T18:51:14","slug":"arfecine-anuncia-su-programacion-en-su-10-edicion","status":"publish","type":"post","link":"https:\/\/clientesbrandbits.click\/es\/arfecine-anuncia-su-programacion-en-su-10-edicion\/","title":{"rendered":"ARFECINE anuncia su programaci\u00f3n en su 10\u00b0 edici\u00f3n"},"content":{"rendered":"\r\n<p style=\"text-align: justify;\">Falta solo una semana para el inicio de la 10\u00b0 edici\u00f3n de <strong>ARFE<\/strong>CINE\u00a0<strong>\u2013 Semana Internacional de Cine en Buenos Aires\u00a0<\/strong>la cualcomo ya comentamos<strong>,\u00a0<\/strong>propone una programaci\u00f3n de pel\u00edculas en las que la dimensi\u00f3n de lo espiritual se posiciona como tema central dentro de un cine de valores humanos. Como siempre cuenta con la gran colaboraci\u00f3n de la Alianza Francesa de Buenos Aires y la Fundaci\u00f3n Aldea de las Luces. Este Festival dar\u00e1 comienzo el lunes 15 de julio siendo su sede el Auditorio de la Alianza Francesa, con entrada libre y gratuita.<\/p>\r\n\r\n\r\n\r\n<p style=\"text-align: justify;\">Esta edici\u00f3n de\u00a0<strong>ARFE<\/strong>CINE\u00a0contar\u00e1 con pel\u00edculas de Argentina y otras latinoamericanas como Brasil, Colombia y El Salvador. Tambi\u00e9n de Europa como Francia,\u00a0Serbia (Pa\u00eds invitado), Espa\u00f1a, Suiza, Luxemburgo y M\u00f3naco. Y de pa\u00edses de otros continentes, como Camer\u00fan, Israel y los Estados Unidos. Se distribuir\u00e1n tanto en la Competencia oficial, como fuera de ella, en panoramas y focos. Habr\u00e1 largometrajes y cortometrajes de ficci\u00f3n, documentales y de animaci\u00f3n.<\/p>\r\n\r\n\r\n\r\n<p><strong>Serbia es el Pa\u00eds Invitado <\/strong><\/p>\r\n\r\n\r\n\r\n<p style=\"text-align: justify;\">Como hemos adelantado este a\u00f1o el Pa\u00eds invitado ser\u00e1 la Rep\u00fablica de Serbia, la cual ser\u00e1 representada con la exhibici\u00f3n de varias pel\u00edculas de lo m\u00e1s original del Nuevo Cine Serbio gracias a la colaboraci\u00f3n de la Embajada de Serbia en la Argentina y el Filmski centar Srbije (Centro de Cine de Serbia).\u00a0<strong>ARFE<\/strong>CINE\u00a0se complace en presentar pel\u00edculas galardonadas en los principales festivales internacionales y grandes \u00e9xitos de cr\u00edtica y p\u00fablico en su pa\u00eds en absolutas premieres dentro de todo el territorio de la Rep\u00fablica Argentina. Se exhiben dentro de esta secci\u00f3n cuatro pel\u00edculas como\u00a0<strong>Corte\u00a0<\/strong>(2023) deSinisa Cvetic en la Competencia oficial de largometrajes;\u00a0<strong>Erase una vez en Serbia<\/strong>\u00a0(2022)\u00a0de Petar Ristovski que ser\u00e1 oficialmente la\u00a0<em>Pel\u00edcula de Apertura.<\/em>\u00a0Adem\u00e1s de la participaci\u00f3n de\u00a0<strong>Indigo Kristal<\/strong>\u00a0(2023) de Luka Mihailovic, completa el film documental\u00a0<strong>Una primavera m\u00e1s<\/strong>\u00a0(2022) dirigido por Mladen Kovacevic, por invitaci\u00f3n del Cine Club N\u00facleo en el Cine Gaumont, por el 10\u00b0 aniversario de\u00a0<strong>ARFE<\/strong>CINE\u00a0y se ver\u00e1 de manera previa al comienzo del festival.<\/p>\r\n\r\n\r\n\r\n\r\n\r\n\r\n\r\n<p><strong>Selecci\u00f3n de largometrajes en competencia<\/strong><\/p>\r\n\r\n\r\n\r\n<p style=\"text-align: justify;\">La Selecci\u00f3n Oficial de la edici\u00f3n 2024 de este\u00a0<strong>10\u00ba\u00a0<\/strong><strong>ARFE<\/strong>CINE\u00a0<strong>\u2013 Semana Internacional de Cine en Buenos Aires<\/strong>\u00a0cuenta con seis largometrajes provenientes de Argentina, Brasil, Espa\u00f1a, Israel, Camer\u00fan y Serbia. A la ya citada pel\u00edcula de Serbia,\u00a0<strong>Corte<\/strong>\u00a0de Sinisa Cvetic se le suman\u00a0<strong>El espectro de Boko Haram<\/strong>\u00a0(Camer\u00fan-Francia, 2022) de Cyrielle Raingou;\u00a0<strong>Las Polacas<\/strong>\u00a0(Brasil, 2023) dirigida por Jo\u00e3o Jardim:\u00a0<strong>Gimpel, El tonto regresa a Polonia<\/strong>\u00a0(Israel, 2023) de y con Howard Rypp, el intenso documental\u00a0<strong>Regreso a Raqqa<\/strong>\u00a0(Espa\u00f1a, 2022) codirigido por Albert Sol\u00e9 Bruset y Ra\u00fal Cuevas. Y Finalmente la representante local, el documental rodado en Jujuy,\u00a0<strong>Animu<\/strong>\u00a0(Argentina, 2024) con direcci\u00f3n, producci\u00f3n y gui\u00f3n de Miguel Kohan. El Jurado integrado por Ricardo Prev\u00e9 -Presidente- (Realizador y productor, Estados Unidos), Cedric Robion (Documentalista e ingeniero, Francia) y Josefina Zaval\u00eda \u00c1balos(Realizadora de documentales, Argentina) premiar\u00e1 al Mejor Largometraje y hasta Dos Menciones.<\/p>\r\n\r\n\r\n\r\n<p><strong>Film de Clausura<\/strong><\/p>\r\n\r\n\r\n\r\n<p style=\"text-align: justify;\">Ser\u00e1 con una gran pel\u00edcula coproducci\u00f3n entre Argentina y los Estados Unidos,\u00a0<strong>Alg\u00fan D\u00eda, en Alg\u00fan Lugar\u00a0<\/strong>(2023). Dirigida por el porte\u00f1o Ricardo Preve, que cierra, en Premiere absoluta en nuestro pa\u00eds, esta edici\u00f3n luego de su premiere mundial en el Virginia Film Festival y de cuatro premios obtenidos en importantes festivales. Ellos son: Latinuy de Punta del Este (Uruguay), Golden Gate (San Jos\u00e9, California, Estados Unidos), Academia de Cine Antigua (Guatemala) y Virginia (Charlottesville, Virginia, Estados Unidos). Se contar\u00e1 con la presencia del director quien, adem\u00e1s preside el Jurado Oficial por eso este documental estar\u00e1 fuera de Concurso.<\/p>\r\n\r\n\r\n\r\n<p><strong>Link Selecci\u00f3n Oficial de Largometrajes en Competencia y Clausura Fuera de Competici\u00f3n<\/strong><\/p>\r\n\r\n\r\n\r\n<p><a href=\"https:\/\/www.arfecine.com\/10-peliculas\/79-seleccion-oficial-2024.html\">https:\/\/www.arfecine.com\/10-peliculas\/79-seleccion-oficial-2024.html<\/a> <img fetchpriority=\"high\" decoding=\"async\" class=\"aligncenter wp-image-2262 size-large\" src=\"https:\/\/clientesbrandbits.click\/wp-content\/uploads\/2024\/07\/P217-MOnt-Violin-PREFERIDA-1024x572.webp\" alt=\"\" width=\"1024\" height=\"572\" srcset=\"https:\/\/clientesbrandbits.click\/wp-content\/uploads\/2024\/07\/P217-MOnt-Violin-PREFERIDA-1024x572.webp 1024w, https:\/\/clientesbrandbits.click\/wp-content\/uploads\/2024\/07\/P217-MOnt-Violin-PREFERIDA-300x168.webp 300w, https:\/\/clientesbrandbits.click\/wp-content\/uploads\/2024\/07\/P217-MOnt-Violin-PREFERIDA-768x429.webp 768w, https:\/\/clientesbrandbits.click\/wp-content\/uploads\/2024\/07\/P217-MOnt-Violin-PREFERIDA-1536x858.webp 1536w, https:\/\/clientesbrandbits.click\/wp-content\/uploads\/2024\/07\/P217-MOnt-Violin-PREFERIDA-18x10.webp 18w, https:\/\/clientesbrandbits.click\/wp-content\/uploads\/2024\/07\/P217-MOnt-Violin-PREFERIDA.webp 1732w\" sizes=\"(max-width: 1024px) 100vw, 1024px\" \/> \u00ab\u00c1nimu\u00bb, pel\u00edcula argentina de Miguel Kohan.<\/p>\r\n","protected":false},"excerpt":{"rendered":"<p>Falta solo una semana para el inicio de la 10\u00b0 edici\u00f3n de ARFECINE\u00a0\u2013 Semana Internacional de Cine en Buenos Aires\u00a0la cualcomo ya comentamos,\u00a0propone una programaci\u00f3n de pel\u00edculas en las que la dimensi\u00f3n de lo espiritual se posiciona como tema central &#8230; <a title=\"ARFECINE anuncia su programaci\u00f3n en su 10\u00b0 edici\u00f3n\" class=\"read-more\" href=\"https:\/\/clientesbrandbits.click\/es\/arfecine-anuncia-su-programacion-en-su-10-edicion\/\" aria-label=\"Leer m\u00e1s sobre ARFECINE anuncia su programaci\u00f3n en su 10\u00b0 edici\u00f3n\">Leer M\u00e1s<\/a><\/p>\n","protected":false},"author":5,"featured_media":2260,"comment_status":"closed","ping_status":"closed","sticky":false,"template":"","format":"standard","meta":{"_joinchat":[],"footnotes":""},"categories":[11],"tags":[],"class_list":["post-2259","post","type-post","status-publish","format-standard","has-post-thumbnail","hentry","category-festivales-de-cine","infinite-scroll-item"],"yoast_head":"<!-- This site is optimized with the Yoast SEO plugin v22.8 - https:\/\/yoast.com\/wordpress\/plugins\/seo\/ -->\n<title>ARFECINE anuncia su programaci\u00f3n en su 10\u00b0 edici\u00f3n - Spanglish Cinema<\/title>\n<meta name=\"description\" content=\"Falta solo una semana para el inicio de la 10\u00b0 edici\u00f3n de ARFECINE\u00a0\u2013 Semana Internacional de Cine en Buenos Aires\u00a0la cualcomo ya comentamos,\u00a0propone una programaci\u00f3n de pel\u00edculas en las que la dimensi\u00f3n de lo espiritual se posiciona como tema central dentro de un cine de valores humanos. Como siempre cuenta con la gran colaboraci\u00f3n de la Alianza Francesa de Buenos Aires y la Fundaci\u00f3n Aldea de las Luces. Este Festival dar\u00e1 comienzo el lunes 15 de julio siendo su sede el Auditorio de la Alianza Francesa, con entrada libre y gratuita.\" \/>\n<meta name=\"robots\" content=\"index, follow, max-snippet:-1, max-image-preview:large, max-video-preview:-1\" \/>\n<link rel=\"canonical\" href=\"https:\/\/clientesbrandbits.click\/es\/arfecine-anuncia-su-programacion-en-su-10-edicion\/\" \/>\n<meta property=\"og:locale\" content=\"es_ES\" \/>\n<meta property=\"og:type\" content=\"article\" \/>\n<meta property=\"og:title\" content=\"ARFECINE anuncia su programaci\u00f3n en su 10\u00b0 edici\u00f3n - Spanglish Cinema\" \/>\n<meta property=\"og:description\" content=\"Falta solo una semana para el inicio de la 10\u00b0 edici\u00f3n de ARFECINE\u00a0\u2013 Semana Internacional de Cine en Buenos Aires\u00a0la cualcomo ya comentamos,\u00a0propone una programaci\u00f3n de pel\u00edculas en las que la dimensi\u00f3n de lo espiritual se posiciona como tema central dentro de un cine de valores humanos. Como siempre cuenta con la gran colaboraci\u00f3n de la Alianza Francesa de Buenos Aires y la Fundaci\u00f3n Aldea de las Luces. Este Festival dar\u00e1 comienzo el lunes 15 de julio siendo su sede el Auditorio de la Alianza Francesa, con entrada libre y gratuita.\" \/>\n<meta property=\"og:url\" content=\"https:\/\/clientesbrandbits.click\/es\/arfecine-anuncia-su-programacion-en-su-10-edicion\/\" \/>\n<meta property=\"og:site_name\" content=\"Spanglish Cinema\" \/>\n<meta property=\"article:published_time\" content=\"2024-07-11T18:50:35+00:00\" \/>\n<meta property=\"article:modified_time\" content=\"2024-07-11T18:51:14+00:00\" \/>\n<meta property=\"og:image\" content=\"https:\/\/clientesbrandbits.click\/wp-content\/uploads\/2024\/07\/3402984.webp\" \/>\n\t<meta property=\"og:image:width\" content=\"1080\" \/>\n\t<meta property=\"og:image:height\" content=\"720\" \/>\n\t<meta property=\"og:image:type\" content=\"image\/webp\" \/>\n<meta name=\"author\" content=\"Elizabeth Salazar\" \/>\n<meta name=\"twitter:card\" content=\"summary_large_image\" \/>\n<meta name=\"twitter:label1\" content=\"Escrito por\" \/>\n\t<meta name=\"twitter:data1\" content=\"Elizabeth Salazar\" \/>\n\t<meta name=\"twitter:label2\" content=\"Tiempo de lectura\" \/>\n\t<meta name=\"twitter:data2\" content=\"4 minutos\" \/>\n<script type=\"application\/ld+json\" class=\"yoast-schema-graph\">{\"@context\":\"https:\/\/schema.org\",\"@graph\":[{\"@type\":\"Article\",\"@id\":\"https:\/\/clientesbrandbits.click\/arfecine-anuncia-su-programacion-en-su-10-edicion\/#article\",\"isPartOf\":{\"@id\":\"https:\/\/clientesbrandbits.click\/arfecine-anuncia-su-programacion-en-su-10-edicion\/\"},\"author\":{\"name\":\"Elizabeth Salazar\",\"@id\":\"https:\/\/clientesbrandbits.click\/#\/schema\/person\/3582a766d1bd629325b8cb5e303f4963\"},\"headline\":\"ARFECINE anuncia su programaci\u00f3n en su 10\u00b0 edici\u00f3n\",\"datePublished\":\"2024-07-11T18:50:35+00:00\",\"dateModified\":\"2024-07-11T18:51:14+00:00\",\"mainEntityOfPage\":{\"@id\":\"https:\/\/clientesbrandbits.click\/arfecine-anuncia-su-programacion-en-su-10-edicion\/\"},\"wordCount\":675,\"publisher\":{\"@id\":\"https:\/\/clientesbrandbits.click\/#organization\"},\"image\":{\"@id\":\"https:\/\/clientesbrandbits.click\/arfecine-anuncia-su-programacion-en-su-10-edicion\/#primaryimage\"},\"thumbnailUrl\":\"https:\/\/clientesbrandbits.click\/wp-content\/uploads\/2024\/07\/3402984.webp\",\"articleSection\":[\"Festivales de Cine\"],\"inLanguage\":\"es\"},{\"@type\":\"WebPage\",\"@id\":\"https:\/\/clientesbrandbits.click\/arfecine-anuncia-su-programacion-en-su-10-edicion\/\",\"url\":\"https:\/\/clientesbrandbits.click\/arfecine-anuncia-su-programacion-en-su-10-edicion\/\",\"name\":\"ARFECINE anuncia su programaci\u00f3n en su 10\u00b0 edici\u00f3n - Spanglish Cinema\",\"isPartOf\":{\"@id\":\"https:\/\/clientesbrandbits.click\/#website\"},\"primaryImageOfPage\":{\"@id\":\"https:\/\/clientesbrandbits.click\/arfecine-anuncia-su-programacion-en-su-10-edicion\/#primaryimage\"},\"image\":{\"@id\":\"https:\/\/clientesbrandbits.click\/arfecine-anuncia-su-programacion-en-su-10-edicion\/#primaryimage\"},\"thumbnailUrl\":\"https:\/\/clientesbrandbits.click\/wp-content\/uploads\/2024\/07\/3402984.webp\",\"datePublished\":\"2024-07-11T18:50:35+00:00\",\"dateModified\":\"2024-07-11T18:51:14+00:00\",\"description\":\"Falta solo una semana para el inicio de la 10\u00b0 edici\u00f3n de ARFECINE\u00a0\u2013 Semana Internacional de Cine en Buenos Aires\u00a0la cualcomo ya comentamos,\u00a0propone una programaci\u00f3n de pel\u00edculas en las que la dimensi\u00f3n de lo espiritual se posiciona como tema central dentro de un cine de valores humanos. Como siempre cuenta con la gran colaboraci\u00f3n de la Alianza Francesa de Buenos Aires y la Fundaci\u00f3n Aldea de las Luces. Este Festival dar\u00e1 comienzo el lunes 15 de julio siendo su sede el Auditorio de la Alianza Francesa, con entrada libre y gratuita.\",\"breadcrumb\":{\"@id\":\"https:\/\/clientesbrandbits.click\/arfecine-anuncia-su-programacion-en-su-10-edicion\/#breadcrumb\"},\"inLanguage\":\"es\",\"potentialAction\":[{\"@type\":\"ReadAction\",\"target\":[\"https:\/\/clientesbrandbits.click\/arfecine-anuncia-su-programacion-en-su-10-edicion\/\"]}]},{\"@type\":\"ImageObject\",\"inLanguage\":\"es\",\"@id\":\"https:\/\/clientesbrandbits.click\/arfecine-anuncia-su-programacion-en-su-10-edicion\/#primaryimage\",\"url\":\"https:\/\/clientesbrandbits.click\/wp-content\/uploads\/2024\/07\/3402984.webp\",\"contentUrl\":\"https:\/\/clientesbrandbits.click\/wp-content\/uploads\/2024\/07\/3402984.webp\",\"width\":1080,\"height\":720},{\"@type\":\"BreadcrumbList\",\"@id\":\"https:\/\/clientesbrandbits.click\/arfecine-anuncia-su-programacion-en-su-10-edicion\/#breadcrumb\",\"itemListElement\":[{\"@type\":\"ListItem\",\"position\":1,\"name\":\"Portada\",\"item\":\"https:\/\/clientesbrandbits.click\/\"},{\"@type\":\"ListItem\",\"position\":2,\"name\":\"ARFECINE anuncia su programaci\u00f3n en su 10\u00b0 edici\u00f3n\"}]},{\"@type\":\"WebSite\",\"@id\":\"https:\/\/clientesbrandbits.click\/#website\",\"url\":\"https:\/\/clientesbrandbits.click\/\",\"name\":\"Spanglish Cinema\",\"description\":\"\",\"publisher\":{\"@id\":\"https:\/\/clientesbrandbits.click\/#organization\"},\"potentialAction\":[{\"@type\":\"SearchAction\",\"target\":{\"@type\":\"EntryPoint\",\"urlTemplate\":\"https:\/\/clientesbrandbits.click\/?s={search_term_string}\"},\"query-input\":\"required name=search_term_string\"}],\"inLanguage\":\"es\"},{\"@type\":\"Organization\",\"@id\":\"https:\/\/clientesbrandbits.click\/#organization\",\"name\":\"Spanglish Cinema\",\"url\":\"https:\/\/clientesbrandbits.click\/\",\"logo\":{\"@type\":\"ImageObject\",\"inLanguage\":\"es\",\"@id\":\"https:\/\/clientesbrandbits.click\/#\/schema\/logo\/image\/\",\"url\":\"https:\/\/clientesbrandbits.click\/wp-content\/uploads\/2024\/03\/spanglish_cinema.png\",\"contentUrl\":\"https:\/\/clientesbrandbits.click\/wp-content\/uploads\/2024\/03\/spanglish_cinema.png\",\"width\":612,\"height\":225,\"caption\":\"Spanglish Cinema\"},\"image\":{\"@id\":\"https:\/\/clientesbrandbits.click\/#\/schema\/logo\/image\/\"}},{\"@type\":\"Person\",\"@id\":\"https:\/\/clientesbrandbits.click\/#\/schema\/person\/3582a766d1bd629325b8cb5e303f4963\",\"name\":\"Elizabeth Salazar\",\"image\":{\"@type\":\"ImageObject\",\"inLanguage\":\"es\",\"@id\":\"https:\/\/clientesbrandbits.click\/#\/schema\/person\/image\/\",\"url\":\"https:\/\/secure.gravatar.com\/avatar\/ddf69a5ddae2a61929dd4e305eb31658?s=96&d=mm&r=g\",\"contentUrl\":\"https:\/\/secure.gravatar.com\/avatar\/ddf69a5ddae2a61929dd4e305eb31658?s=96&d=mm&r=g\",\"caption\":\"Elizabeth Salazar\"},\"url\":\"https:\/\/clientesbrandbits.click\/es\/author\/elizabeth-salazar\/\"}]}<\/script>\n<!-- \/ Yoast SEO plugin. -->","yoast_head_json":{"title":"ARFECINE anuncia su programaci\u00f3n en su 10\u00b0 edici\u00f3n - Spanglish Cinema","description":"Falta solo una semana para el inicio de la 10\u00b0 edici\u00f3n de ARFECINE\u00a0\u2013 Semana Internacional de Cine en Buenos Aires\u00a0la cualcomo ya comentamos,\u00a0propone una programaci\u00f3n de pel\u00edculas en las que la dimensi\u00f3n de lo espiritual se posiciona como tema central dentro de un cine de valores humanos. Como siempre cuenta con la gran colaboraci\u00f3n de la Alianza Francesa de Buenos Aires y la Fundaci\u00f3n Aldea de las Luces. Este Festival dar\u00e1 comienzo el lunes 15 de julio siendo su sede el Auditorio de la Alianza Francesa, con entrada libre y gratuita.","robots":{"index":"index","follow":"follow","max-snippet":"max-snippet:-1","max-image-preview":"max-image-preview:large","max-video-preview":"max-video-preview:-1"},"canonical":"https:\/\/clientesbrandbits.click\/es\/arfecine-anuncia-su-programacion-en-su-10-edicion\/","og_locale":"es_ES","og_type":"article","og_title":"ARFECINE anuncia su programaci\u00f3n en su 10\u00b0 edici\u00f3n - Spanglish Cinema","og_description":"Falta solo una semana para el inicio de la 10\u00b0 edici\u00f3n de ARFECINE\u00a0\u2013 Semana Internacional de Cine en Buenos Aires\u00a0la cualcomo ya comentamos,\u00a0propone una programaci\u00f3n de pel\u00edculas en las que la dimensi\u00f3n de lo espiritual se posiciona como tema central dentro de un cine de valores humanos. Como siempre cuenta con la gran colaboraci\u00f3n de la Alianza Francesa de Buenos Aires y la Fundaci\u00f3n Aldea de las Luces. Este Festival dar\u00e1 comienzo el lunes 15 de julio siendo su sede el Auditorio de la Alianza Francesa, con entrada libre y gratuita.","og_url":"https:\/\/clientesbrandbits.click\/es\/arfecine-anuncia-su-programacion-en-su-10-edicion\/","og_site_name":"Spanglish Cinema","article_published_time":"2024-07-11T18:50:35+00:00","article_modified_time":"2024-07-11T18:51:14+00:00","og_image":[{"width":1080,"height":720,"url":"https:\/\/clientesbrandbits.click\/wp-content\/uploads\/2024\/07\/3402984.webp","type":"image\/webp"}],"author":"Elizabeth Salazar","twitter_card":"summary_large_image","twitter_misc":{"Escrito por":"Elizabeth Salazar","Tiempo de lectura":"4 minutos"},"schema":{"@context":"https:\/\/schema.org","@graph":[{"@type":"Article","@id":"https:\/\/clientesbrandbits.click\/arfecine-anuncia-su-programacion-en-su-10-edicion\/#article","isPartOf":{"@id":"https:\/\/clientesbrandbits.click\/arfecine-anuncia-su-programacion-en-su-10-edicion\/"},"author":{"name":"Elizabeth Salazar","@id":"https:\/\/clientesbrandbits.click\/#\/schema\/person\/3582a766d1bd629325b8cb5e303f4963"},"headline":"ARFECINE anuncia su programaci\u00f3n en su 10\u00b0 edici\u00f3n","datePublished":"2024-07-11T18:50:35+00:00","dateModified":"2024-07-11T18:51:14+00:00","mainEntityOfPage":{"@id":"https:\/\/clientesbrandbits.click\/arfecine-anuncia-su-programacion-en-su-10-edicion\/"},"wordCount":675,"publisher":{"@id":"https:\/\/clientesbrandbits.click\/#organization"},"image":{"@id":"https:\/\/clientesbrandbits.click\/arfecine-anuncia-su-programacion-en-su-10-edicion\/#primaryimage"},"thumbnailUrl":"https:\/\/clientesbrandbits.click\/wp-content\/uploads\/2024\/07\/3402984.webp","articleSection":["Festivales de Cine"],"inLanguage":"es"},{"@type":"WebPage","@id":"https:\/\/clientesbrandbits.click\/arfecine-anuncia-su-programacion-en-su-10-edicion\/","url":"https:\/\/clientesbrandbits.click\/arfecine-anuncia-su-programacion-en-su-10-edicion\/","name":"ARFECINE anuncia su programaci\u00f3n en su 10\u00b0 edici\u00f3n - Spanglish Cinema","isPartOf":{"@id":"https:\/\/clientesbrandbits.click\/#website"},"primaryImageOfPage":{"@id":"https:\/\/clientesbrandbits.click\/arfecine-anuncia-su-programacion-en-su-10-edicion\/#primaryimage"},"image":{"@id":"https:\/\/clientesbrandbits.click\/arfecine-anuncia-su-programacion-en-su-10-edicion\/#primaryimage"},"thumbnailUrl":"https:\/\/clientesbrandbits.click\/wp-content\/uploads\/2024\/07\/3402984.webp","datePublished":"2024-07-11T18:50:35+00:00","dateModified":"2024-07-11T18:51:14+00:00","description":"Falta solo una semana para el inicio de la 10\u00b0 edici\u00f3n de ARFECINE\u00a0\u2013 Semana Internacional de Cine en Buenos Aires\u00a0la cualcomo ya comentamos,\u00a0propone una programaci\u00f3n de pel\u00edculas en las que la dimensi\u00f3n de lo espiritual se posiciona como tema central dentro de un cine de valores humanos. Como siempre cuenta con la gran colaboraci\u00f3n de la Alianza Francesa de Buenos Aires y la Fundaci\u00f3n Aldea de las Luces. Este Festival dar\u00e1 comienzo el lunes 15 de julio siendo su sede el Auditorio de la Alianza Francesa, con entrada libre y gratuita.","breadcrumb":{"@id":"https:\/\/clientesbrandbits.click\/arfecine-anuncia-su-programacion-en-su-10-edicion\/#breadcrumb"},"inLanguage":"es","potentialAction":[{"@type":"ReadAction","target":["https:\/\/clientesbrandbits.click\/arfecine-anuncia-su-programacion-en-su-10-edicion\/"]}]},{"@type":"ImageObject","inLanguage":"es","@id":"https:\/\/clientesbrandbits.click\/arfecine-anuncia-su-programacion-en-su-10-edicion\/#primaryimage","url":"https:\/\/clientesbrandbits.click\/wp-content\/uploads\/2024\/07\/3402984.webp","contentUrl":"https:\/\/clientesbrandbits.click\/wp-content\/uploads\/2024\/07\/3402984.webp","width":1080,"height":720},{"@type":"BreadcrumbList","@id":"https:\/\/clientesbrandbits.click\/arfecine-anuncia-su-programacion-en-su-10-edicion\/#breadcrumb","itemListElement":[{"@type":"ListItem","position":1,"name":"Portada","item":"https:\/\/clientesbrandbits.click\/"},{"@type":"ListItem","position":2,"name":"ARFECINE anuncia su programaci\u00f3n en su 10\u00b0 edici\u00f3n"}]},{"@type":"WebSite","@id":"https:\/\/clientesbrandbits.click\/#website","url":"https:\/\/clientesbrandbits.click\/","name":"Spanglish Cinema","description":"","publisher":{"@id":"https:\/\/clientesbrandbits.click\/#organization"},"potentialAction":[{"@type":"SearchAction","target":{"@type":"EntryPoint","urlTemplate":"https:\/\/clientesbrandbits.click\/?s={search_term_string}"},"query-input":"required name=search_term_string"}],"inLanguage":"es"},{"@type":"Organization","@id":"https:\/\/clientesbrandbits.click\/#organization","name":"Spanglish Cinema","url":"https:\/\/clientesbrandbits.click\/","logo":{"@type":"ImageObject","inLanguage":"es","@id":"https:\/\/clientesbrandbits.click\/#\/schema\/logo\/image\/","url":"https:\/\/clientesbrandbits.click\/wp-content\/uploads\/2024\/03\/spanglish_cinema.png","contentUrl":"https:\/\/clientesbrandbits.click\/wp-content\/uploads\/2024\/03\/spanglish_cinema.png","width":612,"height":225,"caption":"Spanglish Cinema"},"image":{"@id":"https:\/\/clientesbrandbits.click\/#\/schema\/logo\/image\/"}},{"@type":"Person","@id":"https:\/\/clientesbrandbits.click\/#\/schema\/person\/3582a766d1bd629325b8cb5e303f4963","name":"Elizabeth Salazar","image":{"@type":"ImageObject","inLanguage":"es","@id":"https:\/\/clientesbrandbits.click\/#\/schema\/person\/image\/","url":"https:\/\/secure.gravatar.com\/avatar\/ddf69a5ddae2a61929dd4e305eb31658?s=96&d=mm&r=g","contentUrl":"https:\/\/secure.gravatar.com\/avatar\/ddf69a5ddae2a61929dd4e305eb31658?s=96&d=mm&r=g","caption":"Elizabeth Salazar"},"url":"https:\/\/clientesbrandbits.click\/es\/author\/elizabeth-salazar\/"}]}},"_links":{"self":[{"href":"https:\/\/clientesbrandbits.click\/es\/wp-json\/wp\/v2\/posts\/2259"}],"collection":[{"href":"https:\/\/clientesbrandbits.click\/es\/wp-json\/wp\/v2\/posts"}],"about":[{"href":"https:\/\/clientesbrandbits.click\/es\/wp-json\/wp\/v2\/types\/post"}],"author":[{"embeddable":true,"href":"https:\/\/clientesbrandbits.click\/es\/wp-json\/wp\/v2\/users\/5"}],"replies":[{"embeddable":true,"href":"https:\/\/clientesbrandbits.click\/es\/wp-json\/wp\/v2\/comments?post=2259"}],"version-history":[{"count":3,"href":"https:\/\/clientesbrandbits.click\/es\/wp-json\/wp\/v2\/posts\/2259\/revisions"}],"predecessor-version":[{"id":2272,"href":"https:\/\/clientesbrandbits.click\/es\/wp-json\/wp\/v2\/posts\/2259\/revisions\/2272"}],"wp:featuredmedia":[{"embeddable":true,"href":"https:\/\/clientesbrandbits.click\/es\/wp-json\/wp\/v2\/media\/2260"}],"wp:attachment":[{"href":"https:\/\/clientesbrandbits.click\/es\/wp-json\/wp\/v2\/media?parent=2259"}],"wp:term":[{"taxonomy":"category","embeddable":true,"href":"https:\/\/clientesbrandbits.click\/es\/wp-json\/wp\/v2\/categories?post=2259"},{"taxonomy":"post_tag","embeddable":true,"href":"https:\/\/clientesbrandbits.click\/es\/wp-json\/wp\/v2\/tags?post=2259"}],"curies":[{"name":"wp","href":"https:\/\/api.w.org\/{rel}","templated":true}]}}