{"id":2256,"date":"2024-07-09T11:53:45","date_gmt":"2024-07-09T15:53:45","guid":{"rendered":"https:\/\/clientesbrandbits.click\/?p=2256"},"modified":"2024-07-10T08:57:54","modified_gmt":"2024-07-10T12:57:54","slug":"gladiador-ii-ya-tiene-trailer-y-lo-ves-aca","status":"publish","type":"post","link":"https:\/\/clientesbrandbits.click\/es\/gladiador-ii-ya-tiene-trailer-y-lo-ves-aca\/","title":{"rendered":"\u00abGladiador II\u00bb ya tiene trailer y lo ves ac\u00e1"},"content":{"rendered":"<p style=\"text-align: justify;\">\u201cRoma debe caer.\u201d As\u00ed se estuvo promocionando hoy la llegada del nuevo trailer de \u2018Gladiador II\u2019, secuela de la \u00e9pica pel\u00edcula \u2018Gladiador\u2019 \u00b4protagonizada por <strong>Russel Crowe que da vida al ic\u00f3nico \u2018Me llamo M\u00e1ximo D\u00e9cimo Meridio\u2019\u00a0 quien junto al director Ridley Scott nos entregaron una \u00e9pica maestra.<\/strong><\/p>\n<p style=\"text-align: justify;\">En el \u2018Gladiador\u2019, el heroico general romano M\u00e1ximo se embarca en una brutal lucha por cobrar venganza despu\u00e9s de que el envidioso hijo del emperador asesina a su familia y destruye su vida.<\/p>\n<p style=\"text-align: justify;\"><strong>Ahora 24 a\u00f1os despu\u00e9s, Ridley Scott vuelve con esta secuela que para los fan\u00e1ticos del cine es toda una enigma ya que el cineasta ha presentado a lo largo de estos \u00faltimos a\u00f1os una cantidad de irregularidades que han sido abrazadas y destrozadas por igual.<\/strong> Para ser m\u00e1s precisos, la \u00faltima \u2018Napol\u00e9on\u2019 ha sido un fracaso que ni Joaquin Phoenix pudo salvar esa batalla.<\/p>\n<p style=\"text-align: justify;\">Pero vamos a saltar en este acto de fe y <strong><span style=\"color: #ff00ff;\">nos vamos a entregar a la nueva secuela<\/span> <\/strong>en la que la arena cobra vida. El poder, la intriga y la venganza en la Antigua Roma contin\u00faan en \u2018Gladiador II\u2019.<\/p>\n<p style=\"text-align: justify;\">La secuela retoma veinticinco a\u00f1os despu\u00e9s, <strong>cuando Lucio, el joven pr\u00edncipe de Roma quien tuvo que escapar de su familia y renunciar a sus privilegios cuando era ni\u00f1o, ahora adulto se ve obligado a enfrentarse a los desaf\u00edos que presenta el Coliseo<\/strong> nuevamente y as\u00ed seguir\u00e1 los pasos de M\u00e1ximo para tratar de encontrar su libertad. Lucio Vero, interpretado por Paul Mescal, el actor irland\u00e9s del momento quien viene sacudiendo Hollywood desde su aparici\u00f3n en la miniserie \u2018Normal People\u2019, es hijo de Lucila quien vuelve a ser encarnada por Connie Nielsen.<\/p>\n<p style=\"text-align: justify;\">As\u00ed podemos ver en el tr\u00e1iler que el actor ha tenido un compromiso visceral y f\u00edsico para las batallas en las que se enfrenta hasta un rinoceronte. Pero eso no es todo, quien ser\u00e1 su gran antagonista es otro de los actores del momento, <a href=\"https:\/\/www.instagram.com\/pascalispunk\/?hl=es\"><strong><span style=\"color: #ff00ff;\">el chileno Pedro Pascal<\/span><\/strong><\/a> quien ya lo hab\u00edamos visto en \u2018Juego de Tronos\u2019 con esa aura de \u00e9pica, ahora interpreta a Marco Acacio, un general romano que tambi\u00e9n estar\u00e1 en los combates de la Arena.<\/p>\n<p style=\"text-align: justify;\">El tr\u00e1iler adem\u00e1s muestra directamente su conexi\u00f3n con la primera pel\u00edcula ya que podemos ver im\u00e1genes que rememoran las escenas ic\u00f3nicas de \u2018Gladiador\u2019 no solo para reflejar el hilo narrativo sino que tambi\u00e9n subraya la \u00e9pica y la rimbombancia.<\/p>\n<p style=\"text-align: justify;\">Asimismo completan el reparto <strong>Denzel Washington quien interpreta a Macrinus, un ex esclavo, Joseph Quinn, el actor de \u2018Stranger Things\u2019 que le da vida al Emperador Geta.<\/strong> Adem\u00e1s aparecen Fred Hechinger, Derek Jacobi, Tim McInnerny, Alexander Karim, Rory McCann y Chidi Ajufo.<\/p>\n<p style=\"text-align: justify;\">Como pas\u00f3 con el tr\u00e1iler de \u2018Napole\u00f3n\u2019, se vuelve a usar m\u00fasica anacr\u00f3nica, en este caso los momentos cruciales del tr\u00e1iler est\u00e1n acompa\u00f1ados por el tema musical \u2018No Church is Wild\u2019 de JAY Z, Kanye West, Frank Ocean y The- Dream.<\/p>\n<p style=\"text-align: justify;\">Adem\u00e1s del tr\u00e1iler, Paramount ha liberado p\u00f3ster oficiales individuales de todo el reparto y el p\u00f3ster oficial en el que vemos a Paul Mescal con su espada, de rodillas mientras frota la arena con sus manos, su cuerpo se ve subrayado para cristalizar el s\u00edmbolo del esfuerzo y resiliencia.<\/p>\n<p>Puedes ver el trailer ac\u00e1:<\/p>\n<p><iframe title=\"Gladiator\u00a0II |\u00a0Official Trailer (2024 Movie) - Paul Mescal, Pedro Pascal, Denzel Washington\" width=\"1200\" height=\"675\" src=\"https:\/\/www.youtube.com\/embed\/4rgYUipGJNo?feature=oembed\" frameborder=\"0\" allow=\"accelerometer; autoplay; clipboard-write; encrypted-media; gyroscope; picture-in-picture; web-share\" referrerpolicy=\"strict-origin-when-cross-origin\" allowfullscreen><\/iframe><\/p>\n","protected":false},"excerpt":{"rendered":"<p>\u201cRoma debe caer.\u201d As\u00ed se estuvo promocionando hoy la llegada del nuevo trailer de \u2018Gladiador II\u2019, secuela de la \u00e9pica pel\u00edcula \u2018Gladiador\u2019 \u00b4protagonizada por Russel Crowe que da vida al ic\u00f3nico \u2018Me llamo M\u00e1ximo D\u00e9cimo Meridio\u2019\u00a0 quien junto al director &#8230; <a title=\"\u00abGladiador II\u00bb ya tiene trailer y lo ves ac\u00e1\" class=\"read-more\" href=\"https:\/\/clientesbrandbits.click\/es\/gladiador-ii-ya-tiene-trailer-y-lo-ves-aca\/\" aria-label=\"Leer m\u00e1s sobre \u00abGladiador II\u00bb ya tiene trailer y lo ves ac\u00e1\">Leer M\u00e1s<\/a><\/p>\n","protected":false},"author":4,"featured_media":2257,"comment_status":"closed","ping_status":"closed","sticky":false,"template":"","format":"standard","meta":{"_joinchat":[],"footnotes":""},"categories":[112,10],"tags":[],"class_list":["post-2256","post","type-post","status-publish","format-standard","has-post-thumbnail","hentry","category-destacados","category-films","infinite-scroll-item"],"yoast_head":"<!-- This site is optimized with the Yoast SEO plugin v22.8 - https:\/\/yoast.com\/wordpress\/plugins\/seo\/ -->\n<title>&quot;Gladiador II&quot; ya tiene trailer y lo ves ac\u00e1 - Spanglish Cinema<\/title>\n<meta name=\"description\" content=\"\u201cRoma debe caer.\u201d As\u00ed se estuvo promocionando hoy la llegada del nuevo trailer de \u2018Gladiador II\u2019, secuela de la \u00e9pica pel\u00edcula \u2018Gladiador\u2019 \u00b4protagonizada por Russel Crowe que da vida al ic\u00f3nico \u2018Me llamo M\u00e1ximo D\u00e9cimo Meridio\u2019\u00a0 quien junto al director Ridley Scott nos entregaron una \u00e9pica maestra.\" \/>\n<meta name=\"robots\" content=\"index, follow, max-snippet:-1, max-image-preview:large, max-video-preview:-1\" \/>\n<link rel=\"canonical\" href=\"https:\/\/clientesbrandbits.click\/es\/gladiador-ii-ya-tiene-trailer-y-lo-ves-aca\/\" \/>\n<meta property=\"og:locale\" content=\"es_ES\" \/>\n<meta property=\"og:type\" content=\"article\" \/>\n<meta property=\"og:title\" content=\"&quot;Gladiador II&quot; ya tiene trailer y lo ves ac\u00e1 - Spanglish Cinema\" \/>\n<meta property=\"og:description\" content=\"\u201cRoma debe caer.\u201d As\u00ed se estuvo promocionando hoy la llegada del nuevo trailer de \u2018Gladiador II\u2019, secuela de la \u00e9pica pel\u00edcula \u2018Gladiador\u2019 \u00b4protagonizada por Russel Crowe que da vida al ic\u00f3nico \u2018Me llamo M\u00e1ximo D\u00e9cimo Meridio\u2019\u00a0 quien junto al director Ridley Scott nos entregaron una \u00e9pica maestra.\" \/>\n<meta property=\"og:url\" content=\"https:\/\/clientesbrandbits.click\/es\/gladiador-ii-ya-tiene-trailer-y-lo-ves-aca\/\" \/>\n<meta property=\"og:site_name\" content=\"Spanglish Cinema\" \/>\n<meta property=\"article:published_time\" content=\"2024-07-09T15:53:45+00:00\" \/>\n<meta property=\"article:modified_time\" content=\"2024-07-10T12:57:54+00:00\" \/>\n<meta property=\"og:image\" content=\"https:\/\/clientesbrandbits.click\/wp-content\/uploads\/2024\/07\/paul-mescal-gladiator-2-6682b5ccd2bd8.jpg\" \/>\n\t<meta property=\"og:image:width\" content=\"1200\" \/>\n\t<meta property=\"og:image:height\" content=\"675\" \/>\n\t<meta property=\"og:image:type\" content=\"image\/jpeg\" \/>\n<meta name=\"author\" content=\"Mery Linares\" \/>\n<meta name=\"twitter:card\" content=\"summary_large_image\" \/>\n<meta name=\"twitter:label1\" content=\"Escrito por\" \/>\n\t<meta name=\"twitter:data1\" content=\"Mery Linares\" \/>\n\t<meta name=\"twitter:label2\" content=\"Tiempo de lectura\" \/>\n\t<meta name=\"twitter:data2\" content=\"3 minutos\" \/>\n<script type=\"application\/ld+json\" class=\"yoast-schema-graph\">{\"@context\":\"https:\/\/schema.org\",\"@graph\":[{\"@type\":\"Article\",\"@id\":\"https:\/\/clientesbrandbits.click\/gladiador-ii-ya-tiene-trailer-y-lo-ves-aca\/#article\",\"isPartOf\":{\"@id\":\"https:\/\/clientesbrandbits.click\/gladiador-ii-ya-tiene-trailer-y-lo-ves-aca\/\"},\"author\":{\"name\":\"Mery Linares\",\"@id\":\"https:\/\/clientesbrandbits.click\/#\/schema\/person\/0d8086d91083c464c71a3ac2294f508b\"},\"headline\":\"\u00abGladiador II\u00bb ya tiene trailer y lo ves ac\u00e1\",\"datePublished\":\"2024-07-09T15:53:45+00:00\",\"dateModified\":\"2024-07-10T12:57:54+00:00\",\"mainEntityOfPage\":{\"@id\":\"https:\/\/clientesbrandbits.click\/gladiador-ii-ya-tiene-trailer-y-lo-ves-aca\/\"},\"wordCount\":592,\"publisher\":{\"@id\":\"https:\/\/clientesbrandbits.click\/#organization\"},\"image\":{\"@id\":\"https:\/\/clientesbrandbits.click\/gladiador-ii-ya-tiene-trailer-y-lo-ves-aca\/#primaryimage\"},\"thumbnailUrl\":\"https:\/\/clientesbrandbits.click\/wp-content\/uploads\/2024\/07\/paul-mescal-gladiator-2-6682b5ccd2bd8.jpg\",\"articleSection\":[\"Destacados\",\"Films\"],\"inLanguage\":\"es\"},{\"@type\":\"WebPage\",\"@id\":\"https:\/\/clientesbrandbits.click\/gladiador-ii-ya-tiene-trailer-y-lo-ves-aca\/\",\"url\":\"https:\/\/clientesbrandbits.click\/gladiador-ii-ya-tiene-trailer-y-lo-ves-aca\/\",\"name\":\"\\\"Gladiador II\\\" ya tiene trailer y lo ves ac\u00e1 - Spanglish Cinema\",\"isPartOf\":{\"@id\":\"https:\/\/clientesbrandbits.click\/#website\"},\"primaryImageOfPage\":{\"@id\":\"https:\/\/clientesbrandbits.click\/gladiador-ii-ya-tiene-trailer-y-lo-ves-aca\/#primaryimage\"},\"image\":{\"@id\":\"https:\/\/clientesbrandbits.click\/gladiador-ii-ya-tiene-trailer-y-lo-ves-aca\/#primaryimage\"},\"thumbnailUrl\":\"https:\/\/clientesbrandbits.click\/wp-content\/uploads\/2024\/07\/paul-mescal-gladiator-2-6682b5ccd2bd8.jpg\",\"datePublished\":\"2024-07-09T15:53:45+00:00\",\"dateModified\":\"2024-07-10T12:57:54+00:00\",\"description\":\"\u201cRoma debe caer.\u201d As\u00ed se estuvo promocionando hoy la llegada del nuevo trailer de \u2018Gladiador II\u2019, secuela de la \u00e9pica pel\u00edcula \u2018Gladiador\u2019 \u00b4protagonizada por Russel Crowe que da vida al ic\u00f3nico \u2018Me llamo M\u00e1ximo D\u00e9cimo Meridio\u2019\u00a0 quien junto al director Ridley Scott nos entregaron una \u00e9pica maestra.\",\"breadcrumb\":{\"@id\":\"https:\/\/clientesbrandbits.click\/gladiador-ii-ya-tiene-trailer-y-lo-ves-aca\/#breadcrumb\"},\"inLanguage\":\"es\",\"potentialAction\":[{\"@type\":\"ReadAction\",\"target\":[\"https:\/\/clientesbrandbits.click\/gladiador-ii-ya-tiene-trailer-y-lo-ves-aca\/\"]}]},{\"@type\":\"ImageObject\",\"inLanguage\":\"es\",\"@id\":\"https:\/\/clientesbrandbits.click\/gladiador-ii-ya-tiene-trailer-y-lo-ves-aca\/#primaryimage\",\"url\":\"https:\/\/clientesbrandbits.click\/wp-content\/uploads\/2024\/07\/paul-mescal-gladiator-2-6682b5ccd2bd8.jpg\",\"contentUrl\":\"https:\/\/clientesbrandbits.click\/wp-content\/uploads\/2024\/07\/paul-mescal-gladiator-2-6682b5ccd2bd8.jpg\",\"width\":1200,\"height\":675},{\"@type\":\"BreadcrumbList\",\"@id\":\"https:\/\/clientesbrandbits.click\/gladiador-ii-ya-tiene-trailer-y-lo-ves-aca\/#breadcrumb\",\"itemListElement\":[{\"@type\":\"ListItem\",\"position\":1,\"name\":\"Portada\",\"item\":\"https:\/\/clientesbrandbits.click\/\"},{\"@type\":\"ListItem\",\"position\":2,\"name\":\"&#8220;Gladiador II&#8221; ya tiene trailer y lo ves ac\u00e1\"}]},{\"@type\":\"WebSite\",\"@id\":\"https:\/\/clientesbrandbits.click\/#website\",\"url\":\"https:\/\/clientesbrandbits.click\/\",\"name\":\"Spanglish Cinema\",\"description\":\"\",\"publisher\":{\"@id\":\"https:\/\/clientesbrandbits.click\/#organization\"},\"potentialAction\":[{\"@type\":\"SearchAction\",\"target\":{\"@type\":\"EntryPoint\",\"urlTemplate\":\"https:\/\/clientesbrandbits.click\/?s={search_term_string}\"},\"query-input\":\"required name=search_term_string\"}],\"inLanguage\":\"es\"},{\"@type\":\"Organization\",\"@id\":\"https:\/\/clientesbrandbits.click\/#organization\",\"name\":\"Spanglish Cinema\",\"url\":\"https:\/\/clientesbrandbits.click\/\",\"logo\":{\"@type\":\"ImageObject\",\"inLanguage\":\"es\",\"@id\":\"https:\/\/clientesbrandbits.click\/#\/schema\/logo\/image\/\",\"url\":\"https:\/\/clientesbrandbits.click\/wp-content\/uploads\/2024\/03\/spanglish_cinema.png\",\"contentUrl\":\"https:\/\/clientesbrandbits.click\/wp-content\/uploads\/2024\/03\/spanglish_cinema.png\",\"width\":612,\"height\":225,\"caption\":\"Spanglish Cinema\"},\"image\":{\"@id\":\"https:\/\/clientesbrandbits.click\/#\/schema\/logo\/image\/\"}},{\"@type\":\"Person\",\"@id\":\"https:\/\/clientesbrandbits.click\/#\/schema\/person\/0d8086d91083c464c71a3ac2294f508b\",\"name\":\"Mery Linares\",\"image\":{\"@type\":\"ImageObject\",\"inLanguage\":\"es\",\"@id\":\"https:\/\/clientesbrandbits.click\/#\/schema\/person\/image\/\",\"url\":\"https:\/\/secure.gravatar.com\/avatar\/c2c478fe4bca383b05d541cf087a8cfb?s=96&d=mm&r=g\",\"contentUrl\":\"https:\/\/secure.gravatar.com\/avatar\/c2c478fe4bca383b05d541cf087a8cfb?s=96&d=mm&r=g\",\"caption\":\"Mery Linares\"},\"url\":\"https:\/\/clientesbrandbits.click\/es\/author\/mery-linares\/\"}]}<\/script>\n<!-- \/ Yoast SEO plugin. -->","yoast_head_json":{"title":"\"Gladiador II\" ya tiene trailer y lo ves ac\u00e1 - Spanglish Cinema","description":"\u201cRoma debe caer.\u201d As\u00ed se estuvo promocionando hoy la llegada del nuevo trailer de \u2018Gladiador II\u2019, secuela de la \u00e9pica pel\u00edcula \u2018Gladiador\u2019 \u00b4protagonizada por Russel Crowe que da vida al ic\u00f3nico \u2018Me llamo M\u00e1ximo D\u00e9cimo Meridio\u2019\u00a0 quien junto al director Ridley Scott nos entregaron una \u00e9pica maestra.","robots":{"index":"index","follow":"follow","max-snippet":"max-snippet:-1","max-image-preview":"max-image-preview:large","max-video-preview":"max-video-preview:-1"},"canonical":"https:\/\/clientesbrandbits.click\/es\/gladiador-ii-ya-tiene-trailer-y-lo-ves-aca\/","og_locale":"es_ES","og_type":"article","og_title":"\"Gladiador II\" ya tiene trailer y lo ves ac\u00e1 - Spanglish Cinema","og_description":"\u201cRoma debe caer.\u201d As\u00ed se estuvo promocionando hoy la llegada del nuevo trailer de \u2018Gladiador II\u2019, secuela de la \u00e9pica pel\u00edcula \u2018Gladiador\u2019 \u00b4protagonizada por Russel Crowe que da vida al ic\u00f3nico \u2018Me llamo M\u00e1ximo D\u00e9cimo Meridio\u2019\u00a0 quien junto al director Ridley Scott nos entregaron una \u00e9pica maestra.","og_url":"https:\/\/clientesbrandbits.click\/es\/gladiador-ii-ya-tiene-trailer-y-lo-ves-aca\/","og_site_name":"Spanglish Cinema","article_published_time":"2024-07-09T15:53:45+00:00","article_modified_time":"2024-07-10T12:57:54+00:00","og_image":[{"width":1200,"height":675,"url":"https:\/\/clientesbrandbits.click\/wp-content\/uploads\/2024\/07\/paul-mescal-gladiator-2-6682b5ccd2bd8.jpg","type":"image\/jpeg"}],"author":"Mery Linares","twitter_card":"summary_large_image","twitter_misc":{"Escrito por":"Mery Linares","Tiempo de lectura":"3 minutos"},"schema":{"@context":"https:\/\/schema.org","@graph":[{"@type":"Article","@id":"https:\/\/clientesbrandbits.click\/gladiador-ii-ya-tiene-trailer-y-lo-ves-aca\/#article","isPartOf":{"@id":"https:\/\/clientesbrandbits.click\/gladiador-ii-ya-tiene-trailer-y-lo-ves-aca\/"},"author":{"name":"Mery Linares","@id":"https:\/\/clientesbrandbits.click\/#\/schema\/person\/0d8086d91083c464c71a3ac2294f508b"},"headline":"\u00abGladiador II\u00bb ya tiene trailer y lo ves ac\u00e1","datePublished":"2024-07-09T15:53:45+00:00","dateModified":"2024-07-10T12:57:54+00:00","mainEntityOfPage":{"@id":"https:\/\/clientesbrandbits.click\/gladiador-ii-ya-tiene-trailer-y-lo-ves-aca\/"},"wordCount":592,"publisher":{"@id":"https:\/\/clientesbrandbits.click\/#organization"},"image":{"@id":"https:\/\/clientesbrandbits.click\/gladiador-ii-ya-tiene-trailer-y-lo-ves-aca\/#primaryimage"},"thumbnailUrl":"https:\/\/clientesbrandbits.click\/wp-content\/uploads\/2024\/07\/paul-mescal-gladiator-2-6682b5ccd2bd8.jpg","articleSection":["Destacados","Films"],"inLanguage":"es"},{"@type":"WebPage","@id":"https:\/\/clientesbrandbits.click\/gladiador-ii-ya-tiene-trailer-y-lo-ves-aca\/","url":"https:\/\/clientesbrandbits.click\/gladiador-ii-ya-tiene-trailer-y-lo-ves-aca\/","name":"\"Gladiador II\" ya tiene trailer y lo ves ac\u00e1 - Spanglish Cinema","isPartOf":{"@id":"https:\/\/clientesbrandbits.click\/#website"},"primaryImageOfPage":{"@id":"https:\/\/clientesbrandbits.click\/gladiador-ii-ya-tiene-trailer-y-lo-ves-aca\/#primaryimage"},"image":{"@id":"https:\/\/clientesbrandbits.click\/gladiador-ii-ya-tiene-trailer-y-lo-ves-aca\/#primaryimage"},"thumbnailUrl":"https:\/\/clientesbrandbits.click\/wp-content\/uploads\/2024\/07\/paul-mescal-gladiator-2-6682b5ccd2bd8.jpg","datePublished":"2024-07-09T15:53:45+00:00","dateModified":"2024-07-10T12:57:54+00:00","description":"\u201cRoma debe caer.\u201d As\u00ed se estuvo promocionando hoy la llegada del nuevo trailer de \u2018Gladiador II\u2019, secuela de la \u00e9pica pel\u00edcula \u2018Gladiador\u2019 \u00b4protagonizada por Russel Crowe que da vida al ic\u00f3nico \u2018Me llamo M\u00e1ximo D\u00e9cimo Meridio\u2019\u00a0 quien junto al director Ridley Scott nos entregaron una \u00e9pica maestra.","breadcrumb":{"@id":"https:\/\/clientesbrandbits.click\/gladiador-ii-ya-tiene-trailer-y-lo-ves-aca\/#breadcrumb"},"inLanguage":"es","potentialAction":[{"@type":"ReadAction","target":["https:\/\/clientesbrandbits.click\/gladiador-ii-ya-tiene-trailer-y-lo-ves-aca\/"]}]},{"@type":"ImageObject","inLanguage":"es","@id":"https:\/\/clientesbrandbits.click\/gladiador-ii-ya-tiene-trailer-y-lo-ves-aca\/#primaryimage","url":"https:\/\/clientesbrandbits.click\/wp-content\/uploads\/2024\/07\/paul-mescal-gladiator-2-6682b5ccd2bd8.jpg","contentUrl":"https:\/\/clientesbrandbits.click\/wp-content\/uploads\/2024\/07\/paul-mescal-gladiator-2-6682b5ccd2bd8.jpg","width":1200,"height":675},{"@type":"BreadcrumbList","@id":"https:\/\/clientesbrandbits.click\/gladiador-ii-ya-tiene-trailer-y-lo-ves-aca\/#breadcrumb","itemListElement":[{"@type":"ListItem","position":1,"name":"Portada","item":"https:\/\/clientesbrandbits.click\/"},{"@type":"ListItem","position":2,"name":"&#8220;Gladiador II&#8221; ya tiene trailer y lo ves ac\u00e1"}]},{"@type":"WebSite","@id":"https:\/\/clientesbrandbits.click\/#website","url":"https:\/\/clientesbrandbits.click\/","name":"Spanglish Cinema","description":"","publisher":{"@id":"https:\/\/clientesbrandbits.click\/#organization"},"potentialAction":[{"@type":"SearchAction","target":{"@type":"EntryPoint","urlTemplate":"https:\/\/clientesbrandbits.click\/?s={search_term_string}"},"query-input":"required name=search_term_string"}],"inLanguage":"es"},{"@type":"Organization","@id":"https:\/\/clientesbrandbits.click\/#organization","name":"Spanglish Cinema","url":"https:\/\/clientesbrandbits.click\/","logo":{"@type":"ImageObject","inLanguage":"es","@id":"https:\/\/clientesbrandbits.click\/#\/schema\/logo\/image\/","url":"https:\/\/clientesbrandbits.click\/wp-content\/uploads\/2024\/03\/spanglish_cinema.png","contentUrl":"https:\/\/clientesbrandbits.click\/wp-content\/uploads\/2024\/03\/spanglish_cinema.png","width":612,"height":225,"caption":"Spanglish Cinema"},"image":{"@id":"https:\/\/clientesbrandbits.click\/#\/schema\/logo\/image\/"}},{"@type":"Person","@id":"https:\/\/clientesbrandbits.click\/#\/schema\/person\/0d8086d91083c464c71a3ac2294f508b","name":"Mery Linares","image":{"@type":"ImageObject","inLanguage":"es","@id":"https:\/\/clientesbrandbits.click\/#\/schema\/person\/image\/","url":"https:\/\/secure.gravatar.com\/avatar\/c2c478fe4bca383b05d541cf087a8cfb?s=96&d=mm&r=g","contentUrl":"https:\/\/secure.gravatar.com\/avatar\/c2c478fe4bca383b05d541cf087a8cfb?s=96&d=mm&r=g","caption":"Mery Linares"},"url":"https:\/\/clientesbrandbits.click\/es\/author\/mery-linares\/"}]}},"_links":{"self":[{"href":"https:\/\/clientesbrandbits.click\/es\/wp-json\/wp\/v2\/posts\/2256"}],"collection":[{"href":"https:\/\/clientesbrandbits.click\/es\/wp-json\/wp\/v2\/posts"}],"about":[{"href":"https:\/\/clientesbrandbits.click\/es\/wp-json\/wp\/v2\/types\/post"}],"author":[{"embeddable":true,"href":"https:\/\/clientesbrandbits.click\/es\/wp-json\/wp\/v2\/users\/4"}],"replies":[{"embeddable":true,"href":"https:\/\/clientesbrandbits.click\/es\/wp-json\/wp\/v2\/comments?post=2256"}],"version-history":[{"count":2,"href":"https:\/\/clientesbrandbits.click\/es\/wp-json\/wp\/v2\/posts\/2256\/revisions"}],"predecessor-version":[{"id":2274,"href":"https:\/\/clientesbrandbits.click\/es\/wp-json\/wp\/v2\/posts\/2256\/revisions\/2274"}],"wp:featuredmedia":[{"embeddable":true,"href":"https:\/\/clientesbrandbits.click\/es\/wp-json\/wp\/v2\/media\/2257"}],"wp:attachment":[{"href":"https:\/\/clientesbrandbits.click\/es\/wp-json\/wp\/v2\/media?parent=2256"}],"wp:term":[{"taxonomy":"category","embeddable":true,"href":"https:\/\/clientesbrandbits.click\/es\/wp-json\/wp\/v2\/categories?post=2256"},{"taxonomy":"post_tag","embeddable":true,"href":"https:\/\/clientesbrandbits.click\/es\/wp-json\/wp\/v2\/tags?post=2256"}],"curies":[{"name":"wp","href":"https:\/\/api.w.org\/{rel}","templated":true}]}}