{"id":2239,"date":"2024-07-09T17:00:33","date_gmt":"2024-07-09T21:00:33","guid":{"rendered":"https:\/\/clientesbrandbits.click\/?p=2239"},"modified":"2024-07-10T08:57:42","modified_gmt":"2024-07-10T12:57:42","slug":"vuelve-miranda-priestly-en-el-diablo-viste-a-la-moda-2","status":"publish","type":"post","link":"https:\/\/clientesbrandbits.click\/es\/vuelve-miranda-priestly-en-el-diablo-viste-a-la-moda-2\/","title":{"rendered":"Vuelve Miranda Priestly en el \u00abDiablo Viste a la Moda 2\u00bb"},"content":{"rendered":"<p style=\"text-align: justify;\">Mientras el mundo dice basta, Hollywood dice avancemos.<\/p>\n<p style=\"text-align: justify;\">As\u00ed es como anoche todos los portales oficiales <strong>anunciaron la secuela de \u2018El diablo viste a la Moda\u2019, la ic\u00f3nica pel\u00edcula sobre el mundo de la moda vuelve al ruedo y no solo eso sino que el proyecto involucra a dos de sus protagonistas: Meryl Streep como Miranda Priestly y Emily Blunt como Emily Charter.<\/strong> Aunque se desconoce de Anne Hathaway como Andrea Sachs, si sabemos que la actriz confirm\u00f3 en una entrevista en abril en la que aclar\u00f3 que para ella no cre\u00eda que la continuaci\u00f3n de esa historia ocurriera alguna vez.<\/p>\n<p style=\"text-align: justify;\">Fuentes oficiales de Disney confirmaron al portal <span style=\"color: #ff00ff;\"><a style=\"color: #ff00ff;\" href=\"https:\/\/deadline.com\/\"><strong>Deadline<\/strong><\/a><\/span> y aseguraron que <strong>Aline Brosh Mackenna<\/strong>, la guionista de la cinta del 2006 estar\u00e1 a cargo de apuntalar el gui\u00f3n nuevamente y el director Frankel sigue en conversaci\u00f3n para repetir su rol en esta inminente secuela.<\/p>\n<p style=\"text-align: justify;\">La sinopsis a\u00fan no ha sido confirmada oficialmente. No obstante, lo que se inform\u00f3 en varios portales es que se est\u00e1 planeando una historia centrada en Miranda Priestly durante el declive de las revistas impresas. En esta ocasi\u00f3n, se enfrentar\u00e1 a Emily, quien probablemente sea una alta ejecutiva de uno de los grandes conglomerados de lujo, como LVMH o Kering.<\/p>\n<p><img fetchpriority=\"high\" decoding=\"async\" class=\"aligncenter wp-image-2241 size-large\" src=\"https:\/\/clientesbrandbits.click\/wp-content\/uploads\/2024\/07\/wears-prada-1024x576.jpg\" alt=\"\" width=\"1024\" height=\"576\" srcset=\"https:\/\/clientesbrandbits.click\/wp-content\/uploads\/2024\/07\/wears-prada-1024x576.jpg 1024w, https:\/\/clientesbrandbits.click\/wp-content\/uploads\/2024\/07\/wears-prada-300x169.jpg 300w, https:\/\/clientesbrandbits.click\/wp-content\/uploads\/2024\/07\/wears-prada-768x432.jpg 768w, https:\/\/clientesbrandbits.click\/wp-content\/uploads\/2024\/07\/wears-prada-18x10.jpg 18w, https:\/\/clientesbrandbits.click\/wp-content\/uploads\/2024\/07\/wears-prada.jpg 1280w\" sizes=\"(max-width: 1024px) 100vw, 1024px\" \/><\/p>\n<p style=\"text-align: justify;\"><strong>A 19 a\u00f1os del estreno de la pel\u00edcula m\u00e1s emblem\u00e1tica<\/strong> que nos retrat\u00f3 con encanto e inteligencia\u00a0 los demonios y brillos del mundo de la moda, que nos regal\u00f3 personajes entra\u00f1ables y odiables por igual, es inevitable no emocionarse aunque sea un poco por volver a ver a Meryl Streep como la abusiva Miranda, una jefa con una de las miradas m\u00e1s furtivas del cine y a Blunt como Emily, una secretaria sensible y exigente a la vez.<\/p>\n<p style=\"text-align: justify;\">La pel\u00edcula estrenada en el 2006 y dirigida por <span style=\"color: #ff00ff;\"><a style=\"color: #ff00ff;\" href=\"https:\/\/www.imdb.com\/name\/nm0291205\/\"><strong>David Frankel<\/strong><\/a><\/span> (Marley y yo, Belleza inesperada) no solo es una de las mejores comedias que retrata con inteligencia el mundo laboral y ascendente del mercado editorial sino que tambi\u00e9n es una oda a la moda. El personaje interpretado por Anne Hathaway ha sido durante a\u00f1os un modelo a seguir para muchas mujeres inmersas en el mundo de la moda. Se ha mantenido como un emblema de empoderamiento femenino, ya que, a pesar de la oposici\u00f3n de su pareja, nunca deja de perseguir sus metas.<\/p>\n<p style=\"text-align: justify;\">Sin dudas, los anuncios sobre secuelas son la prueba exacta de que la creatividad de Hollywood est\u00e1 en crisis o que <strong>la nostalgia es una epidemia en la industria<\/strong>. Sin embargo, estaremos esperando a ver que nos trae esta vez el ic\u00f3nico mundo de \u2018El diablo viste a la moda\u2019.<\/p>\n","protected":false},"excerpt":{"rendered":"<p>Mientras el mundo dice basta, Hollywood dice avancemos. As\u00ed es como anoche todos los portales oficiales anunciaron la secuela de \u2018El diablo viste a la Moda\u2019, la ic\u00f3nica pel\u00edcula sobre el mundo de la moda vuelve al ruedo y no &#8230; <a title=\"Vuelve Miranda Priestly en el \u00abDiablo Viste a la Moda 2\u00bb\" class=\"read-more\" href=\"https:\/\/clientesbrandbits.click\/es\/vuelve-miranda-priestly-en-el-diablo-viste-a-la-moda-2\/\" aria-label=\"Leer m\u00e1s sobre Vuelve Miranda Priestly en el \u00abDiablo Viste a la Moda 2\u00bb\">Leer M\u00e1s<\/a><\/p>\n","protected":false},"author":4,"featured_media":2240,"comment_status":"closed","ping_status":"closed","sticky":false,"template":"","format":"standard","meta":{"_joinchat":[],"footnotes":""},"categories":[112,10],"tags":[195],"class_list":["post-2239","post","type-post","status-publish","format-standard","has-post-thumbnail","hentry","category-destacados","category-films","tag-el-diablo-viste-a-la-moda","infinite-scroll-item"],"yoast_head":"<!-- This site is optimized with the Yoast SEO plugin v22.8 - https:\/\/yoast.com\/wordpress\/plugins\/seo\/ -->\n<title>Vuelve Miranda Priestly en el &quot;Diablo Viste a la Moda 2&quot; - Spanglish Cinema<\/title>\n<meta name=\"description\" content=\"Mientras el mundo dice basta, Hollywood dice avancemos.\" \/>\n<meta name=\"robots\" content=\"index, follow, max-snippet:-1, max-image-preview:large, max-video-preview:-1\" \/>\n<link rel=\"canonical\" href=\"https:\/\/clientesbrandbits.click\/es\/vuelve-miranda-priestly-en-el-diablo-viste-a-la-moda-2\/\" \/>\n<meta property=\"og:locale\" content=\"es_ES\" \/>\n<meta property=\"og:type\" content=\"article\" \/>\n<meta property=\"og:title\" content=\"Vuelve Miranda Priestly en el &quot;Diablo Viste a la Moda 2&quot; - Spanglish Cinema\" \/>\n<meta property=\"og:description\" content=\"Mientras el mundo dice basta, Hollywood dice avancemos.\" \/>\n<meta property=\"og:url\" content=\"https:\/\/clientesbrandbits.click\/es\/vuelve-miranda-priestly-en-el-diablo-viste-a-la-moda-2\/\" \/>\n<meta property=\"og:site_name\" content=\"Spanglish Cinema\" \/>\n<meta property=\"article:published_time\" content=\"2024-07-09T21:00:33+00:00\" \/>\n<meta property=\"article:modified_time\" content=\"2024-07-10T12:57:42+00:00\" \/>\n<meta property=\"og:image\" content=\"https:\/\/clientesbrandbits.click\/wp-content\/uploads\/2024\/07\/el-diablo-viste-a-la-2.jpg\" \/>\n\t<meta property=\"og:image:width\" content=\"1200\" \/>\n\t<meta property=\"og:image:height\" content=\"747\" \/>\n\t<meta property=\"og:image:type\" content=\"image\/jpeg\" \/>\n<meta name=\"author\" content=\"Mery Linares\" \/>\n<meta name=\"twitter:card\" content=\"summary_large_image\" \/>\n<meta name=\"twitter:label1\" content=\"Escrito por\" \/>\n\t<meta name=\"twitter:data1\" content=\"Mery Linares\" \/>\n\t<meta name=\"twitter:label2\" content=\"Tiempo de lectura\" \/>\n\t<meta name=\"twitter:data2\" content=\"3 minutos\" \/>\n<script type=\"application\/ld+json\" class=\"yoast-schema-graph\">{\"@context\":\"https:\/\/schema.org\",\"@graph\":[{\"@type\":\"Article\",\"@id\":\"https:\/\/clientesbrandbits.click\/vuelve-miranda-priestly-en-el-diablo-viste-a-la-moda-2\/#article\",\"isPartOf\":{\"@id\":\"https:\/\/clientesbrandbits.click\/vuelve-miranda-priestly-en-el-diablo-viste-a-la-moda-2\/\"},\"author\":{\"name\":\"Mery Linares\",\"@id\":\"https:\/\/clientesbrandbits.click\/#\/schema\/person\/0d8086d91083c464c71a3ac2294f508b\"},\"headline\":\"Vuelve Miranda Priestly en el \u00abDiablo Viste a la Moda 2\u00bb\",\"datePublished\":\"2024-07-09T21:00:33+00:00\",\"dateModified\":\"2024-07-10T12:57:42+00:00\",\"mainEntityOfPage\":{\"@id\":\"https:\/\/clientesbrandbits.click\/vuelve-miranda-priestly-en-el-diablo-viste-a-la-moda-2\/\"},\"wordCount\":453,\"publisher\":{\"@id\":\"https:\/\/clientesbrandbits.click\/#organization\"},\"image\":{\"@id\":\"https:\/\/clientesbrandbits.click\/vuelve-miranda-priestly-en-el-diablo-viste-a-la-moda-2\/#primaryimage\"},\"thumbnailUrl\":\"https:\/\/clientesbrandbits.click\/wp-content\/uploads\/2024\/07\/el-diablo-viste-a-la-2.jpg\",\"keywords\":[\"El Diablo Viste a la Moda\"],\"articleSection\":[\"Destacados\",\"Films\"],\"inLanguage\":\"es\"},{\"@type\":\"WebPage\",\"@id\":\"https:\/\/clientesbrandbits.click\/vuelve-miranda-priestly-en-el-diablo-viste-a-la-moda-2\/\",\"url\":\"https:\/\/clientesbrandbits.click\/vuelve-miranda-priestly-en-el-diablo-viste-a-la-moda-2\/\",\"name\":\"Vuelve Miranda Priestly en el \\\"Diablo Viste a la Moda 2\\\" - Spanglish Cinema\",\"isPartOf\":{\"@id\":\"https:\/\/clientesbrandbits.click\/#website\"},\"primaryImageOfPage\":{\"@id\":\"https:\/\/clientesbrandbits.click\/vuelve-miranda-priestly-en-el-diablo-viste-a-la-moda-2\/#primaryimage\"},\"image\":{\"@id\":\"https:\/\/clientesbrandbits.click\/vuelve-miranda-priestly-en-el-diablo-viste-a-la-moda-2\/#primaryimage\"},\"thumbnailUrl\":\"https:\/\/clientesbrandbits.click\/wp-content\/uploads\/2024\/07\/el-diablo-viste-a-la-2.jpg\",\"datePublished\":\"2024-07-09T21:00:33+00:00\",\"dateModified\":\"2024-07-10T12:57:42+00:00\",\"description\":\"Mientras el mundo dice basta, Hollywood dice avancemos.\",\"breadcrumb\":{\"@id\":\"https:\/\/clientesbrandbits.click\/vuelve-miranda-priestly-en-el-diablo-viste-a-la-moda-2\/#breadcrumb\"},\"inLanguage\":\"es\",\"potentialAction\":[{\"@type\":\"ReadAction\",\"target\":[\"https:\/\/clientesbrandbits.click\/vuelve-miranda-priestly-en-el-diablo-viste-a-la-moda-2\/\"]}]},{\"@type\":\"ImageObject\",\"inLanguage\":\"es\",\"@id\":\"https:\/\/clientesbrandbits.click\/vuelve-miranda-priestly-en-el-diablo-viste-a-la-moda-2\/#primaryimage\",\"url\":\"https:\/\/clientesbrandbits.click\/wp-content\/uploads\/2024\/07\/el-diablo-viste-a-la-2.jpg\",\"contentUrl\":\"https:\/\/clientesbrandbits.click\/wp-content\/uploads\/2024\/07\/el-diablo-viste-a-la-2.jpg\",\"width\":1200,\"height\":747},{\"@type\":\"BreadcrumbList\",\"@id\":\"https:\/\/clientesbrandbits.click\/vuelve-miranda-priestly-en-el-diablo-viste-a-la-moda-2\/#breadcrumb\",\"itemListElement\":[{\"@type\":\"ListItem\",\"position\":1,\"name\":\"Portada\",\"item\":\"https:\/\/clientesbrandbits.click\/\"},{\"@type\":\"ListItem\",\"position\":2,\"name\":\"Vuelve Miranda Priestly en el &#8220;Diablo Viste a la Moda 2&#8221;\"}]},{\"@type\":\"WebSite\",\"@id\":\"https:\/\/clientesbrandbits.click\/#website\",\"url\":\"https:\/\/clientesbrandbits.click\/\",\"name\":\"Spanglish Cinema\",\"description\":\"\",\"publisher\":{\"@id\":\"https:\/\/clientesbrandbits.click\/#organization\"},\"potentialAction\":[{\"@type\":\"SearchAction\",\"target\":{\"@type\":\"EntryPoint\",\"urlTemplate\":\"https:\/\/clientesbrandbits.click\/?s={search_term_string}\"},\"query-input\":\"required name=search_term_string\"}],\"inLanguage\":\"es\"},{\"@type\":\"Organization\",\"@id\":\"https:\/\/clientesbrandbits.click\/#organization\",\"name\":\"Spanglish Cinema\",\"url\":\"https:\/\/clientesbrandbits.click\/\",\"logo\":{\"@type\":\"ImageObject\",\"inLanguage\":\"es\",\"@id\":\"https:\/\/clientesbrandbits.click\/#\/schema\/logo\/image\/\",\"url\":\"https:\/\/clientesbrandbits.click\/wp-content\/uploads\/2024\/03\/spanglish_cinema.png\",\"contentUrl\":\"https:\/\/clientesbrandbits.click\/wp-content\/uploads\/2024\/03\/spanglish_cinema.png\",\"width\":612,\"height\":225,\"caption\":\"Spanglish Cinema\"},\"image\":{\"@id\":\"https:\/\/clientesbrandbits.click\/#\/schema\/logo\/image\/\"}},{\"@type\":\"Person\",\"@id\":\"https:\/\/clientesbrandbits.click\/#\/schema\/person\/0d8086d91083c464c71a3ac2294f508b\",\"name\":\"Mery Linares\",\"image\":{\"@type\":\"ImageObject\",\"inLanguage\":\"es\",\"@id\":\"https:\/\/clientesbrandbits.click\/#\/schema\/person\/image\/\",\"url\":\"https:\/\/secure.gravatar.com\/avatar\/c2c478fe4bca383b05d541cf087a8cfb?s=96&d=mm&r=g\",\"contentUrl\":\"https:\/\/secure.gravatar.com\/avatar\/c2c478fe4bca383b05d541cf087a8cfb?s=96&d=mm&r=g\",\"caption\":\"Mery Linares\"},\"url\":\"https:\/\/clientesbrandbits.click\/es\/author\/mery-linares\/\"}]}<\/script>\n<!-- \/ Yoast SEO plugin. -->","yoast_head_json":{"title":"Vuelve Miranda Priestly en el \"Diablo Viste a la Moda 2\" - Spanglish Cinema","description":"Mientras el mundo dice basta, Hollywood dice avancemos.","robots":{"index":"index","follow":"follow","max-snippet":"max-snippet:-1","max-image-preview":"max-image-preview:large","max-video-preview":"max-video-preview:-1"},"canonical":"https:\/\/clientesbrandbits.click\/es\/vuelve-miranda-priestly-en-el-diablo-viste-a-la-moda-2\/","og_locale":"es_ES","og_type":"article","og_title":"Vuelve Miranda Priestly en el \"Diablo Viste a la Moda 2\" - Spanglish Cinema","og_description":"Mientras el mundo dice basta, Hollywood dice avancemos.","og_url":"https:\/\/clientesbrandbits.click\/es\/vuelve-miranda-priestly-en-el-diablo-viste-a-la-moda-2\/","og_site_name":"Spanglish Cinema","article_published_time":"2024-07-09T21:00:33+00:00","article_modified_time":"2024-07-10T12:57:42+00:00","og_image":[{"width":1200,"height":747,"url":"https:\/\/clientesbrandbits.click\/wp-content\/uploads\/2024\/07\/el-diablo-viste-a-la-2.jpg","type":"image\/jpeg"}],"author":"Mery Linares","twitter_card":"summary_large_image","twitter_misc":{"Escrito por":"Mery Linares","Tiempo de lectura":"3 minutos"},"schema":{"@context":"https:\/\/schema.org","@graph":[{"@type":"Article","@id":"https:\/\/clientesbrandbits.click\/vuelve-miranda-priestly-en-el-diablo-viste-a-la-moda-2\/#article","isPartOf":{"@id":"https:\/\/clientesbrandbits.click\/vuelve-miranda-priestly-en-el-diablo-viste-a-la-moda-2\/"},"author":{"name":"Mery Linares","@id":"https:\/\/clientesbrandbits.click\/#\/schema\/person\/0d8086d91083c464c71a3ac2294f508b"},"headline":"Vuelve Miranda Priestly en el \u00abDiablo Viste a la Moda 2\u00bb","datePublished":"2024-07-09T21:00:33+00:00","dateModified":"2024-07-10T12:57:42+00:00","mainEntityOfPage":{"@id":"https:\/\/clientesbrandbits.click\/vuelve-miranda-priestly-en-el-diablo-viste-a-la-moda-2\/"},"wordCount":453,"publisher":{"@id":"https:\/\/clientesbrandbits.click\/#organization"},"image":{"@id":"https:\/\/clientesbrandbits.click\/vuelve-miranda-priestly-en-el-diablo-viste-a-la-moda-2\/#primaryimage"},"thumbnailUrl":"https:\/\/clientesbrandbits.click\/wp-content\/uploads\/2024\/07\/el-diablo-viste-a-la-2.jpg","keywords":["El Diablo Viste a la Moda"],"articleSection":["Destacados","Films"],"inLanguage":"es"},{"@type":"WebPage","@id":"https:\/\/clientesbrandbits.click\/vuelve-miranda-priestly-en-el-diablo-viste-a-la-moda-2\/","url":"https:\/\/clientesbrandbits.click\/vuelve-miranda-priestly-en-el-diablo-viste-a-la-moda-2\/","name":"Vuelve Miranda Priestly en el \"Diablo Viste a la Moda 2\" - Spanglish Cinema","isPartOf":{"@id":"https:\/\/clientesbrandbits.click\/#website"},"primaryImageOfPage":{"@id":"https:\/\/clientesbrandbits.click\/vuelve-miranda-priestly-en-el-diablo-viste-a-la-moda-2\/#primaryimage"},"image":{"@id":"https:\/\/clientesbrandbits.click\/vuelve-miranda-priestly-en-el-diablo-viste-a-la-moda-2\/#primaryimage"},"thumbnailUrl":"https:\/\/clientesbrandbits.click\/wp-content\/uploads\/2024\/07\/el-diablo-viste-a-la-2.jpg","datePublished":"2024-07-09T21:00:33+00:00","dateModified":"2024-07-10T12:57:42+00:00","description":"Mientras el mundo dice basta, Hollywood dice avancemos.","breadcrumb":{"@id":"https:\/\/clientesbrandbits.click\/vuelve-miranda-priestly-en-el-diablo-viste-a-la-moda-2\/#breadcrumb"},"inLanguage":"es","potentialAction":[{"@type":"ReadAction","target":["https:\/\/clientesbrandbits.click\/vuelve-miranda-priestly-en-el-diablo-viste-a-la-moda-2\/"]}]},{"@type":"ImageObject","inLanguage":"es","@id":"https:\/\/clientesbrandbits.click\/vuelve-miranda-priestly-en-el-diablo-viste-a-la-moda-2\/#primaryimage","url":"https:\/\/clientesbrandbits.click\/wp-content\/uploads\/2024\/07\/el-diablo-viste-a-la-2.jpg","contentUrl":"https:\/\/clientesbrandbits.click\/wp-content\/uploads\/2024\/07\/el-diablo-viste-a-la-2.jpg","width":1200,"height":747},{"@type":"BreadcrumbList","@id":"https:\/\/clientesbrandbits.click\/vuelve-miranda-priestly-en-el-diablo-viste-a-la-moda-2\/#breadcrumb","itemListElement":[{"@type":"ListItem","position":1,"name":"Portada","item":"https:\/\/clientesbrandbits.click\/"},{"@type":"ListItem","position":2,"name":"Vuelve Miranda Priestly en el &#8220;Diablo Viste a la Moda 2&#8221;"}]},{"@type":"WebSite","@id":"https:\/\/clientesbrandbits.click\/#website","url":"https:\/\/clientesbrandbits.click\/","name":"Spanglish Cinema","description":"","publisher":{"@id":"https:\/\/clientesbrandbits.click\/#organization"},"potentialAction":[{"@type":"SearchAction","target":{"@type":"EntryPoint","urlTemplate":"https:\/\/clientesbrandbits.click\/?s={search_term_string}"},"query-input":"required name=search_term_string"}],"inLanguage":"es"},{"@type":"Organization","@id":"https:\/\/clientesbrandbits.click\/#organization","name":"Spanglish Cinema","url":"https:\/\/clientesbrandbits.click\/","logo":{"@type":"ImageObject","inLanguage":"es","@id":"https:\/\/clientesbrandbits.click\/#\/schema\/logo\/image\/","url":"https:\/\/clientesbrandbits.click\/wp-content\/uploads\/2024\/03\/spanglish_cinema.png","contentUrl":"https:\/\/clientesbrandbits.click\/wp-content\/uploads\/2024\/03\/spanglish_cinema.png","width":612,"height":225,"caption":"Spanglish Cinema"},"image":{"@id":"https:\/\/clientesbrandbits.click\/#\/schema\/logo\/image\/"}},{"@type":"Person","@id":"https:\/\/clientesbrandbits.click\/#\/schema\/person\/0d8086d91083c464c71a3ac2294f508b","name":"Mery Linares","image":{"@type":"ImageObject","inLanguage":"es","@id":"https:\/\/clientesbrandbits.click\/#\/schema\/person\/image\/","url":"https:\/\/secure.gravatar.com\/avatar\/c2c478fe4bca383b05d541cf087a8cfb?s=96&d=mm&r=g","contentUrl":"https:\/\/secure.gravatar.com\/avatar\/c2c478fe4bca383b05d541cf087a8cfb?s=96&d=mm&r=g","caption":"Mery Linares"},"url":"https:\/\/clientesbrandbits.click\/es\/author\/mery-linares\/"}]}},"_links":{"self":[{"href":"https:\/\/clientesbrandbits.click\/es\/wp-json\/wp\/v2\/posts\/2239"}],"collection":[{"href":"https:\/\/clientesbrandbits.click\/es\/wp-json\/wp\/v2\/posts"}],"about":[{"href":"https:\/\/clientesbrandbits.click\/es\/wp-json\/wp\/v2\/types\/post"}],"author":[{"embeddable":true,"href":"https:\/\/clientesbrandbits.click\/es\/wp-json\/wp\/v2\/users\/4"}],"replies":[{"embeddable":true,"href":"https:\/\/clientesbrandbits.click\/es\/wp-json\/wp\/v2\/comments?post=2239"}],"version-history":[{"count":4,"href":"https:\/\/clientesbrandbits.click\/es\/wp-json\/wp\/v2\/posts\/2239\/revisions"}],"predecessor-version":[{"id":2273,"href":"https:\/\/clientesbrandbits.click\/es\/wp-json\/wp\/v2\/posts\/2239\/revisions\/2273"}],"wp:featuredmedia":[{"embeddable":true,"href":"https:\/\/clientesbrandbits.click\/es\/wp-json\/wp\/v2\/media\/2240"}],"wp:attachment":[{"href":"https:\/\/clientesbrandbits.click\/es\/wp-json\/wp\/v2\/media?parent=2239"}],"wp:term":[{"taxonomy":"category","embeddable":true,"href":"https:\/\/clientesbrandbits.click\/es\/wp-json\/wp\/v2\/categories?post=2239"},{"taxonomy":"post_tag","embeddable":true,"href":"https:\/\/clientesbrandbits.click\/es\/wp-json\/wp\/v2\/tags?post=2239"}],"curies":[{"name":"wp","href":"https:\/\/api.w.org\/{rel}","templated":true}]}}