{"id":2219,"date":"2024-07-10T16:00:36","date_gmt":"2024-07-10T20:00:36","guid":{"rendered":"https:\/\/clientesbrandbits.click\/?p=2219"},"modified":"2024-07-10T20:12:29","modified_gmt":"2024-07-11T00:12:29","slug":"en-julio-martes-de-cine-chileno-en-el-teatro-municipal-pompeya","status":"publish","type":"post","link":"https:\/\/clientesbrandbits.click\/es\/en-julio-martes-de-cine-chileno-en-el-teatro-municipal-pompeya\/","title":{"rendered":"En julio: martes de cine chileno en el Teatro Municipal Pompeya"},"content":{"rendered":"<p style=\"text-align: justify;\">Tras cinco meses impulsando una cartelera con lo m\u00e1s novedoso y destacado del cine nacional, durante julio el\u00a0<strong>Centro Cultural Quilpu\u00e9 Audiovisual<\/strong>\u00a0en colaboraci\u00f3n con el<strong> Departamento de Cultura y Patrimonio de la Municipalidad de Villa Alemana<\/strong>, seguir\u00e1n realizando exhibiciones de cine chileno.<\/p>\n<p style=\"text-align: justify;\">Todas las funciones ser\u00e1n a las <strong>18:30 horas<\/strong> en el<strong> Teatro Municipal Pompeya<\/strong> con entrada completamente liberada y posterior a cada exhibici\u00f3n, habr\u00e1 conversatorios con directores\/as y diferentes personas del mundo cinematogr\u00e1fico nacional.<\/p>\n<p><strong>Esta iniciativa cuenta con el financiamiento del Ministerio de las Culturas, las Artes y el Patrimonio<\/strong> a trav\u00e9s de su Programa de Apoyo a Organizaciones Culturales Colaboradoras y cuenta con la colaboraci\u00f3n de la\u00a0<strong>Municipalidad de Villa Alemana y EFE Trenes Valpara\u00edso.<\/strong><\/p>\n<p style=\"text-align: justify;\">Para abrir la parrilla program\u00e1tica, el\u00a0<strong>martes 9\u00a0<\/strong>har\u00e1 su\u00a0<strong>estreno nacional\u00a0<\/strong>en la comuna<strong>\u00a0<\/strong>la cinta\u00a0<strong>\u201cQuiz\u00e1s es cierto lo que dicen de nosotras\u201d<\/strong>, dirigida por Sof\u00eda Paloma G\u00f3mez y Camilo Becerra. La pel\u00edcula est\u00e1 inspirada en la secta de Colliguay de \u2018Antares de la Luz\u2019 y es protagonizada por Aline Kuppenheim, Camila Roeschmann y Julia L\u00fcbbert.<\/p>\n<p style=\"text-align: justify;\">Luego, el <strong>martes 23<\/strong>\u00a0para celebrar los 20 a\u00f1os de su aniversario, se exhibir\u00e1<strong>\u00a0\u201cCachimba\u201d <\/strong>del director Silvio Caiozzi. Basado en el relato \u00abTaratuta Naturalez Muerta Con Cachimba\u00bb de Jos\u00e9 Donoso. En un tono de comedia ir\u00f3nica y delirante, la pel\u00edcula narra el \u00fanico momento importante de la vida de Marcos, que junto a su novia Hilda, descubren en el interior de una vetusta casona una colecci\u00f3n de cuadros de dudoso valor art\u00edstico. \u201cEl Museo\u201d y las \u201cObras de Arte\u201d est\u00e1n al cuidado de un viejo hura\u00f1o y alcoh\u00f3lico.<\/p>\n<p style=\"text-align: justify;\">Y a finales de mes, el <strong>martes 30 se tendr\u00e1 una doble funci\u00f3n. <\/strong>A las <strong>16:00 horas<\/strong>, en el marco de las funciones de cine para personas mayores, se proyectar\u00e1<\/p>\n<p style=\"text-align: justify;\"><strong>\u201cLa chupilca del diablo\u201d,<\/strong>\u00a0dirigida por Ignacio Rodr\u00edguez y protagonizada por Jaime Vadell.<\/p>\n<p style=\"text-align: justify;\">Y luego a las <strong>18:30 horas<\/strong> ser\u00e1 el turno de<strong>\u00a0\u201cMalqueridas\u201d<\/strong>, que, dirigida por Tana Gilbert, es una historia que se centra en mujeres privadas de libertad que tambi\u00e9n son madres. Estas vivencias se construyen a trav\u00e9s de im\u00e1genes capturadas con celulares desde el interior del recinto penitenciario.<\/p>\n<p style=\"text-align: justify;\">El Centro Cultural Quilpu\u00e9 Audiovisual forma parte del Programa de Apoyo a Organizaciones Culturales Colaboradoras del Ministerio de las Culturas, las Artes y el Patrimonio, que busca fortalecer y dar continuidad a instituciones y organizaciones culturales de derecho privado y sin fines de lucro. Este programa adem\u00e1s es parte del Sistema de Financiamiento a Organizaciones e Infraestructura Cultural del Ministerio de las Culturas, las Artes y el Patrimonio que integra, articula y coordina de forma transversal los planes, programas y fondos orientados al fomento y apoyo de las organizaciones, de la infraestructura cultural, y de la mediaci\u00f3n art\u00edstica. Todo esto con una vocaci\u00f3n descentralizada, mecanismos participativos, y la promoci\u00f3n de la creaci\u00f3n de redes y asociaciones.<\/p>\n<p>Para m\u00e1s detalles sobre la cartelera mensual revisar, <strong><span style=\"color: #ff00ff;\"><a style=\"color: #ff00ff;\" href=\"http:\/\/www.quilpueaudiovisual.cl\">ac\u00e1.<\/a><\/span><\/strong><\/p>\n","protected":false},"excerpt":{"rendered":"<p>Tras cinco meses impulsando una cartelera con lo m\u00e1s novedoso y destacado del cine nacional, durante julio el\u00a0Centro Cultural Quilpu\u00e9 Audiovisual\u00a0en colaboraci\u00f3n con el Departamento de Cultura y Patrimonio de la Municipalidad de Villa Alemana, seguir\u00e1n realizando exhibiciones de cine &#8230; <a title=\"En julio: martes de cine chileno en el Teatro Municipal Pompeya\" class=\"read-more\" href=\"https:\/\/clientesbrandbits.click\/es\/en-julio-martes-de-cine-chileno-en-el-teatro-municipal-pompeya\/\" aria-label=\"Leer m\u00e1s sobre En julio: martes de cine chileno en el Teatro Municipal Pompeya\">Leer M\u00e1s<\/a><\/p>\n","protected":false},"author":5,"featured_media":2220,"comment_status":"closed","ping_status":"closed","sticky":false,"template":"","format":"standard","meta":{"_joinchat":[],"footnotes":""},"categories":[112,10],"tags":[37,164,193],"class_list":["post-2219","post","type-post","status-publish","format-standard","has-post-thumbnail","hentry","category-destacados","category-films","tag-cine-chileno","tag-destacados","tag-teatro-pompeya","infinite-scroll-item"],"yoast_head":"<!-- This site is optimized with the Yoast SEO plugin v22.8 - https:\/\/yoast.com\/wordpress\/plugins\/seo\/ -->\n<title>En julio: martes de cine chileno en el Teatro Municipal Pompeya - Spanglish Cinema<\/title>\n<meta name=\"description\" content=\"Tras cinco meses impulsando una cartelera con lo m\u00e1s novedoso y destacado del cine nacional, durante julio el\u00a0Centro Cultural Quilpu\u00e9 Audiovisual\u00a0en colaboraci\u00f3n con el Departamento de Cultura y Patrimonio de la Municipalidad de Villa Alemana, seguir\u00e1n realizando exhibiciones de cine chileno.\" \/>\n<meta name=\"robots\" content=\"index, follow, max-snippet:-1, max-image-preview:large, max-video-preview:-1\" \/>\n<link rel=\"canonical\" href=\"https:\/\/clientesbrandbits.click\/es\/en-julio-martes-de-cine-chileno-en-el-teatro-municipal-pompeya\/\" \/>\n<meta property=\"og:locale\" content=\"es_ES\" \/>\n<meta property=\"og:type\" content=\"article\" \/>\n<meta property=\"og:title\" content=\"En julio: martes de cine chileno en el Teatro Municipal Pompeya - Spanglish Cinema\" \/>\n<meta property=\"og:description\" content=\"Tras cinco meses impulsando una cartelera con lo m\u00e1s novedoso y destacado del cine nacional, durante julio el\u00a0Centro Cultural Quilpu\u00e9 Audiovisual\u00a0en colaboraci\u00f3n con el Departamento de Cultura y Patrimonio de la Municipalidad de Villa Alemana, seguir\u00e1n realizando exhibiciones de cine chileno.\" \/>\n<meta property=\"og:url\" content=\"https:\/\/clientesbrandbits.click\/es\/en-julio-martes-de-cine-chileno-en-el-teatro-municipal-pompeya\/\" \/>\n<meta property=\"og:site_name\" content=\"Spanglish Cinema\" \/>\n<meta property=\"article:published_time\" content=\"2024-07-10T20:00:36+00:00\" \/>\n<meta property=\"article:modified_time\" content=\"2024-07-11T00:12:29+00:00\" \/>\n<meta property=\"og:image\" content=\"https:\/\/clientesbrandbits.click\/wp-content\/uploads\/2024\/07\/Cachimba_VA-e1720453094636.jpg\" \/>\n\t<meta property=\"og:image:width\" content=\"1088\" \/>\n\t<meta property=\"og:image:height\" content=\"723\" \/>\n\t<meta property=\"og:image:type\" content=\"image\/jpeg\" \/>\n<meta name=\"author\" content=\"Elizabeth Salazar\" \/>\n<meta name=\"twitter:card\" content=\"summary_large_image\" \/>\n<meta name=\"twitter:label1\" content=\"Escrito por\" \/>\n\t<meta name=\"twitter:data1\" content=\"Elizabeth Salazar\" \/>\n\t<meta name=\"twitter:label2\" content=\"Tiempo de lectura\" \/>\n\t<meta name=\"twitter:data2\" content=\"3 minutos\" \/>\n<script type=\"application\/ld+json\" class=\"yoast-schema-graph\">{\"@context\":\"https:\/\/schema.org\",\"@graph\":[{\"@type\":\"Article\",\"@id\":\"https:\/\/clientesbrandbits.click\/en-julio-martes-de-cine-chileno-en-el-teatro-municipal-pompeya\/#article\",\"isPartOf\":{\"@id\":\"https:\/\/clientesbrandbits.click\/en-julio-martes-de-cine-chileno-en-el-teatro-municipal-pompeya\/\"},\"author\":{\"name\":\"Elizabeth Salazar\",\"@id\":\"https:\/\/clientesbrandbits.click\/#\/schema\/person\/3582a766d1bd629325b8cb5e303f4963\"},\"headline\":\"En julio: martes de cine chileno en el Teatro Municipal Pompeya\",\"datePublished\":\"2024-07-10T20:00:36+00:00\",\"dateModified\":\"2024-07-11T00:12:29+00:00\",\"mainEntityOfPage\":{\"@id\":\"https:\/\/clientesbrandbits.click\/en-julio-martes-de-cine-chileno-en-el-teatro-municipal-pompeya\/\"},\"wordCount\":521,\"publisher\":{\"@id\":\"https:\/\/clientesbrandbits.click\/#organization\"},\"image\":{\"@id\":\"https:\/\/clientesbrandbits.click\/en-julio-martes-de-cine-chileno-en-el-teatro-municipal-pompeya\/#primaryimage\"},\"thumbnailUrl\":\"https:\/\/clientesbrandbits.click\/wp-content\/uploads\/2024\/07\/Cachimba_VA-e1720453094636.jpg\",\"keywords\":[\"Cine Chileno\",\"Destacados\",\"Teatro Pompeya\"],\"articleSection\":[\"Destacados\",\"Films\"],\"inLanguage\":\"es\"},{\"@type\":\"WebPage\",\"@id\":\"https:\/\/clientesbrandbits.click\/en-julio-martes-de-cine-chileno-en-el-teatro-municipal-pompeya\/\",\"url\":\"https:\/\/clientesbrandbits.click\/en-julio-martes-de-cine-chileno-en-el-teatro-municipal-pompeya\/\",\"name\":\"En julio: martes de cine chileno en el Teatro Municipal Pompeya - Spanglish Cinema\",\"isPartOf\":{\"@id\":\"https:\/\/clientesbrandbits.click\/#website\"},\"primaryImageOfPage\":{\"@id\":\"https:\/\/clientesbrandbits.click\/en-julio-martes-de-cine-chileno-en-el-teatro-municipal-pompeya\/#primaryimage\"},\"image\":{\"@id\":\"https:\/\/clientesbrandbits.click\/en-julio-martes-de-cine-chileno-en-el-teatro-municipal-pompeya\/#primaryimage\"},\"thumbnailUrl\":\"https:\/\/clientesbrandbits.click\/wp-content\/uploads\/2024\/07\/Cachimba_VA-e1720453094636.jpg\",\"datePublished\":\"2024-07-10T20:00:36+00:00\",\"dateModified\":\"2024-07-11T00:12:29+00:00\",\"description\":\"Tras cinco meses impulsando una cartelera con lo m\u00e1s novedoso y destacado del cine nacional, durante julio el\u00a0Centro Cultural Quilpu\u00e9 Audiovisual\u00a0en colaboraci\u00f3n con el Departamento de Cultura y Patrimonio de la Municipalidad de Villa Alemana, seguir\u00e1n realizando exhibiciones de cine chileno.\",\"breadcrumb\":{\"@id\":\"https:\/\/clientesbrandbits.click\/en-julio-martes-de-cine-chileno-en-el-teatro-municipal-pompeya\/#breadcrumb\"},\"inLanguage\":\"es\",\"potentialAction\":[{\"@type\":\"ReadAction\",\"target\":[\"https:\/\/clientesbrandbits.click\/en-julio-martes-de-cine-chileno-en-el-teatro-municipal-pompeya\/\"]}]},{\"@type\":\"ImageObject\",\"inLanguage\":\"es\",\"@id\":\"https:\/\/clientesbrandbits.click\/en-julio-martes-de-cine-chileno-en-el-teatro-municipal-pompeya\/#primaryimage\",\"url\":\"https:\/\/clientesbrandbits.click\/wp-content\/uploads\/2024\/07\/Cachimba_VA-e1720453094636.jpg\",\"contentUrl\":\"https:\/\/clientesbrandbits.click\/wp-content\/uploads\/2024\/07\/Cachimba_VA-e1720453094636.jpg\",\"width\":1088,\"height\":723},{\"@type\":\"BreadcrumbList\",\"@id\":\"https:\/\/clientesbrandbits.click\/en-julio-martes-de-cine-chileno-en-el-teatro-municipal-pompeya\/#breadcrumb\",\"itemListElement\":[{\"@type\":\"ListItem\",\"position\":1,\"name\":\"Portada\",\"item\":\"https:\/\/clientesbrandbits.click\/\"},{\"@type\":\"ListItem\",\"position\":2,\"name\":\"En julio: martes de cine chileno en el Teatro Municipal Pompeya\"}]},{\"@type\":\"WebSite\",\"@id\":\"https:\/\/clientesbrandbits.click\/#website\",\"url\":\"https:\/\/clientesbrandbits.click\/\",\"name\":\"Spanglish Cinema\",\"description\":\"\",\"publisher\":{\"@id\":\"https:\/\/clientesbrandbits.click\/#organization\"},\"potentialAction\":[{\"@type\":\"SearchAction\",\"target\":{\"@type\":\"EntryPoint\",\"urlTemplate\":\"https:\/\/clientesbrandbits.click\/?s={search_term_string}\"},\"query-input\":\"required name=search_term_string\"}],\"inLanguage\":\"es\"},{\"@type\":\"Organization\",\"@id\":\"https:\/\/clientesbrandbits.click\/#organization\",\"name\":\"Spanglish Cinema\",\"url\":\"https:\/\/clientesbrandbits.click\/\",\"logo\":{\"@type\":\"ImageObject\",\"inLanguage\":\"es\",\"@id\":\"https:\/\/clientesbrandbits.click\/#\/schema\/logo\/image\/\",\"url\":\"https:\/\/clientesbrandbits.click\/wp-content\/uploads\/2024\/03\/spanglish_cinema.png\",\"contentUrl\":\"https:\/\/clientesbrandbits.click\/wp-content\/uploads\/2024\/03\/spanglish_cinema.png\",\"width\":612,\"height\":225,\"caption\":\"Spanglish Cinema\"},\"image\":{\"@id\":\"https:\/\/clientesbrandbits.click\/#\/schema\/logo\/image\/\"}},{\"@type\":\"Person\",\"@id\":\"https:\/\/clientesbrandbits.click\/#\/schema\/person\/3582a766d1bd629325b8cb5e303f4963\",\"name\":\"Elizabeth Salazar\",\"image\":{\"@type\":\"ImageObject\",\"inLanguage\":\"es\",\"@id\":\"https:\/\/clientesbrandbits.click\/#\/schema\/person\/image\/\",\"url\":\"https:\/\/secure.gravatar.com\/avatar\/ddf69a5ddae2a61929dd4e305eb31658?s=96&d=mm&r=g\",\"contentUrl\":\"https:\/\/secure.gravatar.com\/avatar\/ddf69a5ddae2a61929dd4e305eb31658?s=96&d=mm&r=g\",\"caption\":\"Elizabeth Salazar\"},\"url\":\"https:\/\/clientesbrandbits.click\/es\/author\/elizabeth-salazar\/\"}]}<\/script>\n<!-- \/ Yoast SEO plugin. -->","yoast_head_json":{"title":"En julio: martes de cine chileno en el Teatro Municipal Pompeya - Spanglish Cinema","description":"Tras cinco meses impulsando una cartelera con lo m\u00e1s novedoso y destacado del cine nacional, durante julio el\u00a0Centro Cultural Quilpu\u00e9 Audiovisual\u00a0en colaboraci\u00f3n con el Departamento de Cultura y Patrimonio de la Municipalidad de Villa Alemana, seguir\u00e1n realizando exhibiciones de cine chileno.","robots":{"index":"index","follow":"follow","max-snippet":"max-snippet:-1","max-image-preview":"max-image-preview:large","max-video-preview":"max-video-preview:-1"},"canonical":"https:\/\/clientesbrandbits.click\/es\/en-julio-martes-de-cine-chileno-en-el-teatro-municipal-pompeya\/","og_locale":"es_ES","og_type":"article","og_title":"En julio: martes de cine chileno en el Teatro Municipal Pompeya - Spanglish Cinema","og_description":"Tras cinco meses impulsando una cartelera con lo m\u00e1s novedoso y destacado del cine nacional, durante julio el\u00a0Centro Cultural Quilpu\u00e9 Audiovisual\u00a0en colaboraci\u00f3n con el Departamento de Cultura y Patrimonio de la Municipalidad de Villa Alemana, seguir\u00e1n realizando exhibiciones de cine chileno.","og_url":"https:\/\/clientesbrandbits.click\/es\/en-julio-martes-de-cine-chileno-en-el-teatro-municipal-pompeya\/","og_site_name":"Spanglish Cinema","article_published_time":"2024-07-10T20:00:36+00:00","article_modified_time":"2024-07-11T00:12:29+00:00","og_image":[{"width":1088,"height":723,"url":"https:\/\/clientesbrandbits.click\/wp-content\/uploads\/2024\/07\/Cachimba_VA-e1720453094636.jpg","type":"image\/jpeg"}],"author":"Elizabeth Salazar","twitter_card":"summary_large_image","twitter_misc":{"Escrito por":"Elizabeth Salazar","Tiempo de lectura":"3 minutos"},"schema":{"@context":"https:\/\/schema.org","@graph":[{"@type":"Article","@id":"https:\/\/clientesbrandbits.click\/en-julio-martes-de-cine-chileno-en-el-teatro-municipal-pompeya\/#article","isPartOf":{"@id":"https:\/\/clientesbrandbits.click\/en-julio-martes-de-cine-chileno-en-el-teatro-municipal-pompeya\/"},"author":{"name":"Elizabeth Salazar","@id":"https:\/\/clientesbrandbits.click\/#\/schema\/person\/3582a766d1bd629325b8cb5e303f4963"},"headline":"En julio: martes de cine chileno en el Teatro Municipal Pompeya","datePublished":"2024-07-10T20:00:36+00:00","dateModified":"2024-07-11T00:12:29+00:00","mainEntityOfPage":{"@id":"https:\/\/clientesbrandbits.click\/en-julio-martes-de-cine-chileno-en-el-teatro-municipal-pompeya\/"},"wordCount":521,"publisher":{"@id":"https:\/\/clientesbrandbits.click\/#organization"},"image":{"@id":"https:\/\/clientesbrandbits.click\/en-julio-martes-de-cine-chileno-en-el-teatro-municipal-pompeya\/#primaryimage"},"thumbnailUrl":"https:\/\/clientesbrandbits.click\/wp-content\/uploads\/2024\/07\/Cachimba_VA-e1720453094636.jpg","keywords":["Cine Chileno","Destacados","Teatro Pompeya"],"articleSection":["Destacados","Films"],"inLanguage":"es"},{"@type":"WebPage","@id":"https:\/\/clientesbrandbits.click\/en-julio-martes-de-cine-chileno-en-el-teatro-municipal-pompeya\/","url":"https:\/\/clientesbrandbits.click\/en-julio-martes-de-cine-chileno-en-el-teatro-municipal-pompeya\/","name":"En julio: martes de cine chileno en el Teatro Municipal Pompeya - Spanglish Cinema","isPartOf":{"@id":"https:\/\/clientesbrandbits.click\/#website"},"primaryImageOfPage":{"@id":"https:\/\/clientesbrandbits.click\/en-julio-martes-de-cine-chileno-en-el-teatro-municipal-pompeya\/#primaryimage"},"image":{"@id":"https:\/\/clientesbrandbits.click\/en-julio-martes-de-cine-chileno-en-el-teatro-municipal-pompeya\/#primaryimage"},"thumbnailUrl":"https:\/\/clientesbrandbits.click\/wp-content\/uploads\/2024\/07\/Cachimba_VA-e1720453094636.jpg","datePublished":"2024-07-10T20:00:36+00:00","dateModified":"2024-07-11T00:12:29+00:00","description":"Tras cinco meses impulsando una cartelera con lo m\u00e1s novedoso y destacado del cine nacional, durante julio el\u00a0Centro Cultural Quilpu\u00e9 Audiovisual\u00a0en colaboraci\u00f3n con el Departamento de Cultura y Patrimonio de la Municipalidad de Villa Alemana, seguir\u00e1n realizando exhibiciones de cine chileno.","breadcrumb":{"@id":"https:\/\/clientesbrandbits.click\/en-julio-martes-de-cine-chileno-en-el-teatro-municipal-pompeya\/#breadcrumb"},"inLanguage":"es","potentialAction":[{"@type":"ReadAction","target":["https:\/\/clientesbrandbits.click\/en-julio-martes-de-cine-chileno-en-el-teatro-municipal-pompeya\/"]}]},{"@type":"ImageObject","inLanguage":"es","@id":"https:\/\/clientesbrandbits.click\/en-julio-martes-de-cine-chileno-en-el-teatro-municipal-pompeya\/#primaryimage","url":"https:\/\/clientesbrandbits.click\/wp-content\/uploads\/2024\/07\/Cachimba_VA-e1720453094636.jpg","contentUrl":"https:\/\/clientesbrandbits.click\/wp-content\/uploads\/2024\/07\/Cachimba_VA-e1720453094636.jpg","width":1088,"height":723},{"@type":"BreadcrumbList","@id":"https:\/\/clientesbrandbits.click\/en-julio-martes-de-cine-chileno-en-el-teatro-municipal-pompeya\/#breadcrumb","itemListElement":[{"@type":"ListItem","position":1,"name":"Portada","item":"https:\/\/clientesbrandbits.click\/"},{"@type":"ListItem","position":2,"name":"En julio: martes de cine chileno en el Teatro Municipal Pompeya"}]},{"@type":"WebSite","@id":"https:\/\/clientesbrandbits.click\/#website","url":"https:\/\/clientesbrandbits.click\/","name":"Spanglish Cinema","description":"","publisher":{"@id":"https:\/\/clientesbrandbits.click\/#organization"},"potentialAction":[{"@type":"SearchAction","target":{"@type":"EntryPoint","urlTemplate":"https:\/\/clientesbrandbits.click\/?s={search_term_string}"},"query-input":"required name=search_term_string"}],"inLanguage":"es"},{"@type":"Organization","@id":"https:\/\/clientesbrandbits.click\/#organization","name":"Spanglish Cinema","url":"https:\/\/clientesbrandbits.click\/","logo":{"@type":"ImageObject","inLanguage":"es","@id":"https:\/\/clientesbrandbits.click\/#\/schema\/logo\/image\/","url":"https:\/\/clientesbrandbits.click\/wp-content\/uploads\/2024\/03\/spanglish_cinema.png","contentUrl":"https:\/\/clientesbrandbits.click\/wp-content\/uploads\/2024\/03\/spanglish_cinema.png","width":612,"height":225,"caption":"Spanglish Cinema"},"image":{"@id":"https:\/\/clientesbrandbits.click\/#\/schema\/logo\/image\/"}},{"@type":"Person","@id":"https:\/\/clientesbrandbits.click\/#\/schema\/person\/3582a766d1bd629325b8cb5e303f4963","name":"Elizabeth Salazar","image":{"@type":"ImageObject","inLanguage":"es","@id":"https:\/\/clientesbrandbits.click\/#\/schema\/person\/image\/","url":"https:\/\/secure.gravatar.com\/avatar\/ddf69a5ddae2a61929dd4e305eb31658?s=96&d=mm&r=g","contentUrl":"https:\/\/secure.gravatar.com\/avatar\/ddf69a5ddae2a61929dd4e305eb31658?s=96&d=mm&r=g","caption":"Elizabeth Salazar"},"url":"https:\/\/clientesbrandbits.click\/es\/author\/elizabeth-salazar\/"}]}},"_links":{"self":[{"href":"https:\/\/clientesbrandbits.click\/es\/wp-json\/wp\/v2\/posts\/2219"}],"collection":[{"href":"https:\/\/clientesbrandbits.click\/es\/wp-json\/wp\/v2\/posts"}],"about":[{"href":"https:\/\/clientesbrandbits.click\/es\/wp-json\/wp\/v2\/types\/post"}],"author":[{"embeddable":true,"href":"https:\/\/clientesbrandbits.click\/es\/wp-json\/wp\/v2\/users\/5"}],"replies":[{"embeddable":true,"href":"https:\/\/clientesbrandbits.click\/es\/wp-json\/wp\/v2\/comments?post=2219"}],"version-history":[{"count":3,"href":"https:\/\/clientesbrandbits.click\/es\/wp-json\/wp\/v2\/posts\/2219\/revisions"}],"predecessor-version":[{"id":2228,"href":"https:\/\/clientesbrandbits.click\/es\/wp-json\/wp\/v2\/posts\/2219\/revisions\/2228"}],"wp:featuredmedia":[{"embeddable":true,"href":"https:\/\/clientesbrandbits.click\/es\/wp-json\/wp\/v2\/media\/2220"}],"wp:attachment":[{"href":"https:\/\/clientesbrandbits.click\/es\/wp-json\/wp\/v2\/media?parent=2219"}],"wp:term":[{"taxonomy":"category","embeddable":true,"href":"https:\/\/clientesbrandbits.click\/es\/wp-json\/wp\/v2\/categories?post=2219"},{"taxonomy":"post_tag","embeddable":true,"href":"https:\/\/clientesbrandbits.click\/es\/wp-json\/wp\/v2\/tags?post=2219"}],"curies":[{"name":"wp","href":"https:\/\/api.w.org\/{rel}","templated":true}]}}