{"id":2185,"date":"2024-07-07T09:53:33","date_gmt":"2024-07-07T13:53:33","guid":{"rendered":"https:\/\/clientesbrandbits.click\/?p=2185"},"modified":"2024-07-06T14:57:17","modified_gmt":"2024-07-06T18:57:17","slug":"llega-arfecine-semana-internacional-de-cine-en-buenos-aires","status":"publish","type":"post","link":"https:\/\/clientesbrandbits.click\/es\/llega-arfecine-semana-internacional-de-cine-en-buenos-aires\/","title":{"rendered":"Llega ARFECINE: Semana Internacional de Cine en Buenos Aires"},"content":{"rendered":"<p style=\"text-align: justify;\">Estamos a d\u00edas de dar comienzo a la 10\u00b0 edici\u00f3n de\u00a0<strong>AR<\/strong><strong>FE<\/strong>CINE\u00a0<strong>\u2013 Semana Internacional de Cine en Buenos Aires<\/strong><strong>\u00a0<\/strong>la cual<strong>\u00a0<\/strong>propone una programaci\u00f3n de pel\u00edculas en las que la dimensi\u00f3n de lo espiritual se posiciona como tema central dentro de un cine de valores humanos. Como siempre cuenta con la gran colaboraci\u00f3n de la Alianza Francesa de Buenos Aires y la Fundaci\u00f3n Aldea de las Luces. Este Festival dar\u00e1 comienzo el lunes 15 de julio siendo su sede el Auditorio de la Alianza Francesa, con entrada libre y gratuita.<\/p>\n<p style=\"text-align: justify;\"><strong>AR<\/strong><strong>FE<\/strong>CINE\u00a0es un encuentro cinematogr\u00e1fico donde se presentan pel\u00edculas aclamadas por la cr\u00edtica, premiadas en festivales, y de amplio recorrido internacional junto a premieres y el cine de autor m\u00e1s exigente. Heredero en su origen como Festival de Cine Religioso, asimismo aborda dentro de sus perspectivas junto a la voz de los creadores, artistas y las experiencias creativas del amplio mundo de la mirada espiritual en todas sus dimensiones. Hoy la experiencia de\u00a0<strong>AR<\/strong><strong>FE<\/strong>CINE\u00a0<strong>\u2013 Semana Internacional de Cine en Buenos Aires<\/strong>\u00a0\u2013\u00a0es la de reafirmar la necesidad de pluralidad cinematogr\u00e1fica en nuestras pantallas poniendo el foco en el material argentino, latinoamericano y europeo.<\/p>\n<p style=\"text-align: justify;\">Como adelanto de dicho evento, anunciamos dos grupos de Jurados que tendr\u00e1n como misi\u00f3n elegir los films ganadores. El Jurado de la Competencia Oficial de Largometrajes est\u00e1 integrado por <strong>Ricardo Prev\u00e9\u00a0<\/strong>-Presidente- (Realizador y productor, Estados Unidos),\u00a0<strong>Cedric Robion\u00a0<\/strong>(Documentalista e ingeniero, Francia) y<strong>\u00a0Josefina Zaval\u00eda \u00c1balos\u00a0<\/strong>(Realizadora de documentales, Argentina) y premiar\u00e1 al Mejor Largometraje y hasta Dos Menciones. Por su parte el Jurado de la Competencia Oficial de Cortometrajes est\u00e1 constituido por\u00a0<strong>Eduardo L\u00f3pez\u00a0<\/strong>-Presidente- (Productor y director de videoclips, El Salvador),<strong>\u00a0Javier Erlij\u00a0<\/strong>(Docente y periodista de Cine y Espect\u00e1culos, Argentina) y\u00a0<strong>Graciela Garzelli\u00a0<\/strong>(Productora y guionista, Argentina)\u00a0<u><\/u><\/p>\n<p><strong>Francois <\/strong><strong style=\"font-size: inherit;\">Truffaut: El hombre que amaba el cine<\/strong><\/p>\n<p style=\"text-align: justify;\">El<strong>\u00a0<\/strong><strong>10\u00ba\u00a0<\/strong><strong>AR<\/strong><strong>FE<\/strong>CINE\u00a0<strong>\u2013 Semana Internacional de Cine en Buenos Aires<\/strong><strong>\u00a0\u00a0<\/strong>tiene el gusto de presentar en su caracter\u00edstico Foco dedicado a un realizador el especial homenaje a\u00a0<strong>Francois Truffaut<\/strong>, a cuarenta a\u00f1os de su muerte con la secci\u00f3n: \u00abFrancois Truffaut: El hombre que amaba al Cine\u00bb.<\/p>\n<p style=\"text-align: justify;\">De esta manera junto al Institut Francais de Argentina y la Embajada de Francia en Buenos Aires, en el espacio de la Alianza Francesa se ofrecer\u00e1n dos grandes cl\u00e1sicos de su primera etapa (\u00abLos 400 golpes\u00bb y \u00abJules et Jim\u00bb) y dos de su \u00faltima labor (\u00abConfidencialmente tuya\u00bb y \u00abEl \u00faltimo subte\u00bb) en copias digitales restauradas de gran calidad.<\/p>\n<p style=\"text-align: justify;\">Fran\u00e7ois Roland Truffaut (Par\u00eds, 6 de febrero de 1932-Neuilly-sur-Seine, 21 de octubre de 1984), conocido como Fran\u00e7ois Truffaut, fue un director, guionista, cr\u00edtico y actor franc\u00e9s. Fue uno de los iniciadores y uno de los principales representantes de la teor\u00eda del cine de autor y del movimiento llamado la nouvelle vague.<\/p>\n<p><strong>Foco Internacional<\/strong><\/p>\n<p style=\"text-align: justify;\">Dentro de esta secci\u00f3n de Panorama Internacional se presentan de manera exclusiva y gracias al Institut Francais y la Embajada de Francia en la Argentina, la copia restaurada del gran documental de\u00a0<strong>Nelly Kaplan<\/strong>\u00a0sobre el c\u00e9lebre Napole\u00f3n de Abel Gance (\u00abAbel Gance y su Napole\u00f3n\u00bb), luego de su paso por la secci\u00f3n Un certain regard del Festival de Cannes. Asimismo,\u00a0<strong>AR<\/strong><strong>FE<\/strong>CINE\u00a0se enorgullece en presentar la premiere argentina del largometraje salvadore\u00f1o \u00abEl suspiro del silencio\u00bb, de\u00a0<strong>Alfonso Quijada<\/strong>\u00a0y protagonizada por Laura Osma, presentado junto a la Embajada de El Salvador en la Argentina. Adem\u00e1s, el rescate de \u00abLas golondrinas de Kabul\u00bb, una necesaria joya del cine de animaci\u00f3n franc\u00e9s aplaudida en Cannes y premiada en Annecy y Tesal\u00f3nica.<\/p>\n","protected":false},"excerpt":{"rendered":"<p>Estamos a d\u00edas de dar comienzo a la 10\u00b0 edici\u00f3n de\u00a0ARFECINE\u00a0\u2013 Semana Internacional de Cine en Buenos Aires\u00a0la cual\u00a0propone una programaci\u00f3n de pel\u00edculas en las que la dimensi\u00f3n de lo espiritual se posiciona como tema central dentro de un cine &#8230; <a title=\"Llega ARFECINE: Semana Internacional de Cine en Buenos Aires\" class=\"read-more\" href=\"https:\/\/clientesbrandbits.click\/es\/llega-arfecine-semana-internacional-de-cine-en-buenos-aires\/\" aria-label=\"Leer m\u00e1s sobre Llega ARFECINE: Semana Internacional de Cine en Buenos Aires\">Leer M\u00e1s<\/a><\/p>\n","protected":false},"author":5,"featured_media":2189,"comment_status":"closed","ping_status":"closed","sticky":false,"template":"","format":"standard","meta":{"_joinchat":[],"footnotes":""},"categories":[10],"tags":[],"class_list":["post-2185","post","type-post","status-publish","format-standard","has-post-thumbnail","hentry","category-films","infinite-scroll-item"],"yoast_head":"<!-- This site is optimized with the Yoast SEO plugin v22.8 - https:\/\/yoast.com\/wordpress\/plugins\/seo\/ -->\n<title>Llega ARFECINE: Semana Internacional de Cine en Buenos Aires - Spanglish Cinema<\/title>\n<meta name=\"description\" content=\"Estamos a d\u00edas de dar comienzo a la 10\u00b0 edici\u00f3n de\u00a0ARFECINE\u00a0\u2013 Semana Internacional de Cine en Buenos Aires\u00a0la cual\u00a0propone una programaci\u00f3n de pel\u00edculas en las que la dimensi\u00f3n de lo espiritual se posiciona como tema central dentro de un cine de valores humanos. Como siempre cuenta con la gran colaboraci\u00f3n de la Alianza Francesa de Buenos Aires y la Fundaci\u00f3n Aldea de las Luces. Este Festival dar\u00e1 comienzo el lunes 15 de julio siendo su sede el Auditorio de la Alianza Francesa, con entrada libre y gratuita.\" \/>\n<meta name=\"robots\" content=\"index, follow, max-snippet:-1, max-image-preview:large, max-video-preview:-1\" \/>\n<link rel=\"canonical\" href=\"https:\/\/clientesbrandbits.click\/es\/llega-arfecine-semana-internacional-de-cine-en-buenos-aires\/\" \/>\n<meta property=\"og:locale\" content=\"es_ES\" \/>\n<meta property=\"og:type\" content=\"article\" \/>\n<meta property=\"og:title\" content=\"Llega ARFECINE: Semana Internacional de Cine en Buenos Aires - Spanglish Cinema\" \/>\n<meta property=\"og:description\" content=\"Estamos a d\u00edas de dar comienzo a la 10\u00b0 edici\u00f3n de\u00a0ARFECINE\u00a0\u2013 Semana Internacional de Cine en Buenos Aires\u00a0la cual\u00a0propone una programaci\u00f3n de pel\u00edculas en las que la dimensi\u00f3n de lo espiritual se posiciona como tema central dentro de un cine de valores humanos. Como siempre cuenta con la gran colaboraci\u00f3n de la Alianza Francesa de Buenos Aires y la Fundaci\u00f3n Aldea de las Luces. Este Festival dar\u00e1 comienzo el lunes 15 de julio siendo su sede el Auditorio de la Alianza Francesa, con entrada libre y gratuita.\" \/>\n<meta property=\"og:url\" content=\"https:\/\/clientesbrandbits.click\/es\/llega-arfecine-semana-internacional-de-cine-en-buenos-aires\/\" \/>\n<meta property=\"og:site_name\" content=\"Spanglish Cinema\" \/>\n<meta property=\"article:published_time\" content=\"2024-07-07T13:53:33+00:00\" \/>\n<meta property=\"article:modified_time\" content=\"2024-07-06T18:57:17+00:00\" \/>\n<meta property=\"og:image\" content=\"https:\/\/clientesbrandbits.click\/wp-content\/uploads\/2024\/07\/63956e12-8fa5-4850-9e7a-ed478ccc076f_16-9-aspect-ratio_default_0.jpg\" \/>\n\t<meta property=\"og:image:width\" content=\"1600\" \/>\n\t<meta property=\"og:image:height\" content=\"900\" \/>\n\t<meta property=\"og:image:type\" content=\"image\/jpeg\" \/>\n<meta name=\"author\" content=\"Elizabeth Salazar\" \/>\n<meta name=\"twitter:card\" content=\"summary_large_image\" \/>\n<meta name=\"twitter:label1\" content=\"Escrito por\" \/>\n\t<meta name=\"twitter:data1\" content=\"Elizabeth Salazar\" \/>\n\t<meta name=\"twitter:label2\" content=\"Tiempo de lectura\" \/>\n\t<meta name=\"twitter:data2\" content=\"3 minutos\" \/>\n<script type=\"application\/ld+json\" class=\"yoast-schema-graph\">{\"@context\":\"https:\/\/schema.org\",\"@graph\":[{\"@type\":\"Article\",\"@id\":\"https:\/\/clientesbrandbits.click\/llega-arfecine-semana-internacional-de-cine-en-buenos-aires\/#article\",\"isPartOf\":{\"@id\":\"https:\/\/clientesbrandbits.click\/llega-arfecine-semana-internacional-de-cine-en-buenos-aires\/\"},\"author\":{\"name\":\"Elizabeth Salazar\",\"@id\":\"https:\/\/clientesbrandbits.click\/#\/schema\/person\/3582a766d1bd629325b8cb5e303f4963\"},\"headline\":\"Llega ARFECINE: Semana Internacional de Cine en Buenos Aires\",\"datePublished\":\"2024-07-07T13:53:33+00:00\",\"dateModified\":\"2024-07-06T18:57:17+00:00\",\"mainEntityOfPage\":{\"@id\":\"https:\/\/clientesbrandbits.click\/llega-arfecine-semana-internacional-de-cine-en-buenos-aires\/\"},\"wordCount\":625,\"publisher\":{\"@id\":\"https:\/\/clientesbrandbits.click\/#organization\"},\"image\":{\"@id\":\"https:\/\/clientesbrandbits.click\/llega-arfecine-semana-internacional-de-cine-en-buenos-aires\/#primaryimage\"},\"thumbnailUrl\":\"https:\/\/clientesbrandbits.click\/wp-content\/uploads\/2024\/07\/63956e12-8fa5-4850-9e7a-ed478ccc076f_16-9-aspect-ratio_default_0.jpg\",\"articleSection\":[\"Films\"],\"inLanguage\":\"es\"},{\"@type\":\"WebPage\",\"@id\":\"https:\/\/clientesbrandbits.click\/llega-arfecine-semana-internacional-de-cine-en-buenos-aires\/\",\"url\":\"https:\/\/clientesbrandbits.click\/llega-arfecine-semana-internacional-de-cine-en-buenos-aires\/\",\"name\":\"Llega ARFECINE: Semana Internacional de Cine en Buenos Aires - Spanglish Cinema\",\"isPartOf\":{\"@id\":\"https:\/\/clientesbrandbits.click\/#website\"},\"primaryImageOfPage\":{\"@id\":\"https:\/\/clientesbrandbits.click\/llega-arfecine-semana-internacional-de-cine-en-buenos-aires\/#primaryimage\"},\"image\":{\"@id\":\"https:\/\/clientesbrandbits.click\/llega-arfecine-semana-internacional-de-cine-en-buenos-aires\/#primaryimage\"},\"thumbnailUrl\":\"https:\/\/clientesbrandbits.click\/wp-content\/uploads\/2024\/07\/63956e12-8fa5-4850-9e7a-ed478ccc076f_16-9-aspect-ratio_default_0.jpg\",\"datePublished\":\"2024-07-07T13:53:33+00:00\",\"dateModified\":\"2024-07-06T18:57:17+00:00\",\"description\":\"Estamos a d\u00edas de dar comienzo a la 10\u00b0 edici\u00f3n de\u00a0ARFECINE\u00a0\u2013 Semana Internacional de Cine en Buenos Aires\u00a0la cual\u00a0propone una programaci\u00f3n de pel\u00edculas en las que la dimensi\u00f3n de lo espiritual se posiciona como tema central dentro de un cine de valores humanos. Como siempre cuenta con la gran colaboraci\u00f3n de la Alianza Francesa de Buenos Aires y la Fundaci\u00f3n Aldea de las Luces. Este Festival dar\u00e1 comienzo el lunes 15 de julio siendo su sede el Auditorio de la Alianza Francesa, con entrada libre y gratuita.\",\"breadcrumb\":{\"@id\":\"https:\/\/clientesbrandbits.click\/llega-arfecine-semana-internacional-de-cine-en-buenos-aires\/#breadcrumb\"},\"inLanguage\":\"es\",\"potentialAction\":[{\"@type\":\"ReadAction\",\"target\":[\"https:\/\/clientesbrandbits.click\/llega-arfecine-semana-internacional-de-cine-en-buenos-aires\/\"]}]},{\"@type\":\"ImageObject\",\"inLanguage\":\"es\",\"@id\":\"https:\/\/clientesbrandbits.click\/llega-arfecine-semana-internacional-de-cine-en-buenos-aires\/#primaryimage\",\"url\":\"https:\/\/clientesbrandbits.click\/wp-content\/uploads\/2024\/07\/63956e12-8fa5-4850-9e7a-ed478ccc076f_16-9-aspect-ratio_default_0.jpg\",\"contentUrl\":\"https:\/\/clientesbrandbits.click\/wp-content\/uploads\/2024\/07\/63956e12-8fa5-4850-9e7a-ed478ccc076f_16-9-aspect-ratio_default_0.jpg\",\"width\":1600,\"height\":900},{\"@type\":\"BreadcrumbList\",\"@id\":\"https:\/\/clientesbrandbits.click\/llega-arfecine-semana-internacional-de-cine-en-buenos-aires\/#breadcrumb\",\"itemListElement\":[{\"@type\":\"ListItem\",\"position\":1,\"name\":\"Portada\",\"item\":\"https:\/\/clientesbrandbits.click\/\"},{\"@type\":\"ListItem\",\"position\":2,\"name\":\"Llega ARFECINE: Semana Internacional de Cine en Buenos Aires\"}]},{\"@type\":\"WebSite\",\"@id\":\"https:\/\/clientesbrandbits.click\/#website\",\"url\":\"https:\/\/clientesbrandbits.click\/\",\"name\":\"Spanglish Cinema\",\"description\":\"\",\"publisher\":{\"@id\":\"https:\/\/clientesbrandbits.click\/#organization\"},\"potentialAction\":[{\"@type\":\"SearchAction\",\"target\":{\"@type\":\"EntryPoint\",\"urlTemplate\":\"https:\/\/clientesbrandbits.click\/?s={search_term_string}\"},\"query-input\":\"required name=search_term_string\"}],\"inLanguage\":\"es\"},{\"@type\":\"Organization\",\"@id\":\"https:\/\/clientesbrandbits.click\/#organization\",\"name\":\"Spanglish Cinema\",\"url\":\"https:\/\/clientesbrandbits.click\/\",\"logo\":{\"@type\":\"ImageObject\",\"inLanguage\":\"es\",\"@id\":\"https:\/\/clientesbrandbits.click\/#\/schema\/logo\/image\/\",\"url\":\"https:\/\/clientesbrandbits.click\/wp-content\/uploads\/2024\/03\/spanglish_cinema.png\",\"contentUrl\":\"https:\/\/clientesbrandbits.click\/wp-content\/uploads\/2024\/03\/spanglish_cinema.png\",\"width\":612,\"height\":225,\"caption\":\"Spanglish Cinema\"},\"image\":{\"@id\":\"https:\/\/clientesbrandbits.click\/#\/schema\/logo\/image\/\"}},{\"@type\":\"Person\",\"@id\":\"https:\/\/clientesbrandbits.click\/#\/schema\/person\/3582a766d1bd629325b8cb5e303f4963\",\"name\":\"Elizabeth Salazar\",\"image\":{\"@type\":\"ImageObject\",\"inLanguage\":\"es\",\"@id\":\"https:\/\/clientesbrandbits.click\/#\/schema\/person\/image\/\",\"url\":\"https:\/\/secure.gravatar.com\/avatar\/ddf69a5ddae2a61929dd4e305eb31658?s=96&d=mm&r=g\",\"contentUrl\":\"https:\/\/secure.gravatar.com\/avatar\/ddf69a5ddae2a61929dd4e305eb31658?s=96&d=mm&r=g\",\"caption\":\"Elizabeth Salazar\"},\"url\":\"https:\/\/clientesbrandbits.click\/es\/author\/elizabeth-salazar\/\"}]}<\/script>\n<!-- \/ Yoast SEO plugin. -->","yoast_head_json":{"title":"Llega ARFECINE: Semana Internacional de Cine en Buenos Aires - Spanglish Cinema","description":"Estamos a d\u00edas de dar comienzo a la 10\u00b0 edici\u00f3n de\u00a0ARFECINE\u00a0\u2013 Semana Internacional de Cine en Buenos Aires\u00a0la cual\u00a0propone una programaci\u00f3n de pel\u00edculas en las que la dimensi\u00f3n de lo espiritual se posiciona como tema central dentro de un cine de valores humanos. Como siempre cuenta con la gran colaboraci\u00f3n de la Alianza Francesa de Buenos Aires y la Fundaci\u00f3n Aldea de las Luces. Este Festival dar\u00e1 comienzo el lunes 15 de julio siendo su sede el Auditorio de la Alianza Francesa, con entrada libre y gratuita.","robots":{"index":"index","follow":"follow","max-snippet":"max-snippet:-1","max-image-preview":"max-image-preview:large","max-video-preview":"max-video-preview:-1"},"canonical":"https:\/\/clientesbrandbits.click\/es\/llega-arfecine-semana-internacional-de-cine-en-buenos-aires\/","og_locale":"es_ES","og_type":"article","og_title":"Llega ARFECINE: Semana Internacional de Cine en Buenos Aires - Spanglish Cinema","og_description":"Estamos a d\u00edas de dar comienzo a la 10\u00b0 edici\u00f3n de\u00a0ARFECINE\u00a0\u2013 Semana Internacional de Cine en Buenos Aires\u00a0la cual\u00a0propone una programaci\u00f3n de pel\u00edculas en las que la dimensi\u00f3n de lo espiritual se posiciona como tema central dentro de un cine de valores humanos. Como siempre cuenta con la gran colaboraci\u00f3n de la Alianza Francesa de Buenos Aires y la Fundaci\u00f3n Aldea de las Luces. Este Festival dar\u00e1 comienzo el lunes 15 de julio siendo su sede el Auditorio de la Alianza Francesa, con entrada libre y gratuita.","og_url":"https:\/\/clientesbrandbits.click\/es\/llega-arfecine-semana-internacional-de-cine-en-buenos-aires\/","og_site_name":"Spanglish Cinema","article_published_time":"2024-07-07T13:53:33+00:00","article_modified_time":"2024-07-06T18:57:17+00:00","og_image":[{"width":1600,"height":900,"url":"https:\/\/clientesbrandbits.click\/wp-content\/uploads\/2024\/07\/63956e12-8fa5-4850-9e7a-ed478ccc076f_16-9-aspect-ratio_default_0.jpg","type":"image\/jpeg"}],"author":"Elizabeth Salazar","twitter_card":"summary_large_image","twitter_misc":{"Escrito por":"Elizabeth Salazar","Tiempo de lectura":"3 minutos"},"schema":{"@context":"https:\/\/schema.org","@graph":[{"@type":"Article","@id":"https:\/\/clientesbrandbits.click\/llega-arfecine-semana-internacional-de-cine-en-buenos-aires\/#article","isPartOf":{"@id":"https:\/\/clientesbrandbits.click\/llega-arfecine-semana-internacional-de-cine-en-buenos-aires\/"},"author":{"name":"Elizabeth Salazar","@id":"https:\/\/clientesbrandbits.click\/#\/schema\/person\/3582a766d1bd629325b8cb5e303f4963"},"headline":"Llega ARFECINE: Semana Internacional de Cine en Buenos Aires","datePublished":"2024-07-07T13:53:33+00:00","dateModified":"2024-07-06T18:57:17+00:00","mainEntityOfPage":{"@id":"https:\/\/clientesbrandbits.click\/llega-arfecine-semana-internacional-de-cine-en-buenos-aires\/"},"wordCount":625,"publisher":{"@id":"https:\/\/clientesbrandbits.click\/#organization"},"image":{"@id":"https:\/\/clientesbrandbits.click\/llega-arfecine-semana-internacional-de-cine-en-buenos-aires\/#primaryimage"},"thumbnailUrl":"https:\/\/clientesbrandbits.click\/wp-content\/uploads\/2024\/07\/63956e12-8fa5-4850-9e7a-ed478ccc076f_16-9-aspect-ratio_default_0.jpg","articleSection":["Films"],"inLanguage":"es"},{"@type":"WebPage","@id":"https:\/\/clientesbrandbits.click\/llega-arfecine-semana-internacional-de-cine-en-buenos-aires\/","url":"https:\/\/clientesbrandbits.click\/llega-arfecine-semana-internacional-de-cine-en-buenos-aires\/","name":"Llega ARFECINE: Semana Internacional de Cine en Buenos Aires - Spanglish Cinema","isPartOf":{"@id":"https:\/\/clientesbrandbits.click\/#website"},"primaryImageOfPage":{"@id":"https:\/\/clientesbrandbits.click\/llega-arfecine-semana-internacional-de-cine-en-buenos-aires\/#primaryimage"},"image":{"@id":"https:\/\/clientesbrandbits.click\/llega-arfecine-semana-internacional-de-cine-en-buenos-aires\/#primaryimage"},"thumbnailUrl":"https:\/\/clientesbrandbits.click\/wp-content\/uploads\/2024\/07\/63956e12-8fa5-4850-9e7a-ed478ccc076f_16-9-aspect-ratio_default_0.jpg","datePublished":"2024-07-07T13:53:33+00:00","dateModified":"2024-07-06T18:57:17+00:00","description":"Estamos a d\u00edas de dar comienzo a la 10\u00b0 edici\u00f3n de\u00a0ARFECINE\u00a0\u2013 Semana Internacional de Cine en Buenos Aires\u00a0la cual\u00a0propone una programaci\u00f3n de pel\u00edculas en las que la dimensi\u00f3n de lo espiritual se posiciona como tema central dentro de un cine de valores humanos. Como siempre cuenta con la gran colaboraci\u00f3n de la Alianza Francesa de Buenos Aires y la Fundaci\u00f3n Aldea de las Luces. Este Festival dar\u00e1 comienzo el lunes 15 de julio siendo su sede el Auditorio de la Alianza Francesa, con entrada libre y gratuita.","breadcrumb":{"@id":"https:\/\/clientesbrandbits.click\/llega-arfecine-semana-internacional-de-cine-en-buenos-aires\/#breadcrumb"},"inLanguage":"es","potentialAction":[{"@type":"ReadAction","target":["https:\/\/clientesbrandbits.click\/llega-arfecine-semana-internacional-de-cine-en-buenos-aires\/"]}]},{"@type":"ImageObject","inLanguage":"es","@id":"https:\/\/clientesbrandbits.click\/llega-arfecine-semana-internacional-de-cine-en-buenos-aires\/#primaryimage","url":"https:\/\/clientesbrandbits.click\/wp-content\/uploads\/2024\/07\/63956e12-8fa5-4850-9e7a-ed478ccc076f_16-9-aspect-ratio_default_0.jpg","contentUrl":"https:\/\/clientesbrandbits.click\/wp-content\/uploads\/2024\/07\/63956e12-8fa5-4850-9e7a-ed478ccc076f_16-9-aspect-ratio_default_0.jpg","width":1600,"height":900},{"@type":"BreadcrumbList","@id":"https:\/\/clientesbrandbits.click\/llega-arfecine-semana-internacional-de-cine-en-buenos-aires\/#breadcrumb","itemListElement":[{"@type":"ListItem","position":1,"name":"Portada","item":"https:\/\/clientesbrandbits.click\/"},{"@type":"ListItem","position":2,"name":"Llega ARFECINE: Semana Internacional de Cine en Buenos Aires"}]},{"@type":"WebSite","@id":"https:\/\/clientesbrandbits.click\/#website","url":"https:\/\/clientesbrandbits.click\/","name":"Spanglish Cinema","description":"","publisher":{"@id":"https:\/\/clientesbrandbits.click\/#organization"},"potentialAction":[{"@type":"SearchAction","target":{"@type":"EntryPoint","urlTemplate":"https:\/\/clientesbrandbits.click\/?s={search_term_string}"},"query-input":"required name=search_term_string"}],"inLanguage":"es"},{"@type":"Organization","@id":"https:\/\/clientesbrandbits.click\/#organization","name":"Spanglish Cinema","url":"https:\/\/clientesbrandbits.click\/","logo":{"@type":"ImageObject","inLanguage":"es","@id":"https:\/\/clientesbrandbits.click\/#\/schema\/logo\/image\/","url":"https:\/\/clientesbrandbits.click\/wp-content\/uploads\/2024\/03\/spanglish_cinema.png","contentUrl":"https:\/\/clientesbrandbits.click\/wp-content\/uploads\/2024\/03\/spanglish_cinema.png","width":612,"height":225,"caption":"Spanglish Cinema"},"image":{"@id":"https:\/\/clientesbrandbits.click\/#\/schema\/logo\/image\/"}},{"@type":"Person","@id":"https:\/\/clientesbrandbits.click\/#\/schema\/person\/3582a766d1bd629325b8cb5e303f4963","name":"Elizabeth Salazar","image":{"@type":"ImageObject","inLanguage":"es","@id":"https:\/\/clientesbrandbits.click\/#\/schema\/person\/image\/","url":"https:\/\/secure.gravatar.com\/avatar\/ddf69a5ddae2a61929dd4e305eb31658?s=96&d=mm&r=g","contentUrl":"https:\/\/secure.gravatar.com\/avatar\/ddf69a5ddae2a61929dd4e305eb31658?s=96&d=mm&r=g","caption":"Elizabeth Salazar"},"url":"https:\/\/clientesbrandbits.click\/es\/author\/elizabeth-salazar\/"}]}},"_links":{"self":[{"href":"https:\/\/clientesbrandbits.click\/es\/wp-json\/wp\/v2\/posts\/2185"}],"collection":[{"href":"https:\/\/clientesbrandbits.click\/es\/wp-json\/wp\/v2\/posts"}],"about":[{"href":"https:\/\/clientesbrandbits.click\/es\/wp-json\/wp\/v2\/types\/post"}],"author":[{"embeddable":true,"href":"https:\/\/clientesbrandbits.click\/es\/wp-json\/wp\/v2\/users\/5"}],"replies":[{"embeddable":true,"href":"https:\/\/clientesbrandbits.click\/es\/wp-json\/wp\/v2\/comments?post=2185"}],"version-history":[{"count":3,"href":"https:\/\/clientesbrandbits.click\/es\/wp-json\/wp\/v2\/posts\/2185\/revisions"}],"predecessor-version":[{"id":2194,"href":"https:\/\/clientesbrandbits.click\/es\/wp-json\/wp\/v2\/posts\/2185\/revisions\/2194"}],"wp:featuredmedia":[{"embeddable":true,"href":"https:\/\/clientesbrandbits.click\/es\/wp-json\/wp\/v2\/media\/2189"}],"wp:attachment":[{"href":"https:\/\/clientesbrandbits.click\/es\/wp-json\/wp\/v2\/media?parent=2185"}],"wp:term":[{"taxonomy":"category","embeddable":true,"href":"https:\/\/clientesbrandbits.click\/es\/wp-json\/wp\/v2\/categories?post=2185"},{"taxonomy":"post_tag","embeddable":true,"href":"https:\/\/clientesbrandbits.click\/es\/wp-json\/wp\/v2\/tags?post=2185"}],"curies":[{"name":"wp","href":"https:\/\/api.w.org\/{rel}","templated":true}]}}