{"id":2127,"date":"2024-07-03T18:00:51","date_gmt":"2024-07-03T22:00:51","guid":{"rendered":"https:\/\/clientesbrandbits.click\/?p=2127"},"modified":"2024-07-03T18:21:17","modified_gmt":"2024-07-03T22:21:17","slug":"sanfic20-anuncia-las-peliculas-que-seran-parte-de-la-seccion-directoras-en-foco","status":"publish","type":"post","link":"https:\/\/clientesbrandbits.click\/es\/sanfic20-anuncia-las-peliculas-que-seran-parte-de-la-seccion-directoras-en-foco\/","title":{"rendered":"SANFIC20 anuncia las pel\u00edculas que ser\u00e1n parte de la secci\u00f3n \u201cDirectoras en foco\u201d"},"content":{"rendered":"<p style=\"text-align: justify;\"><span style=\"font-weight: 400;\">El <\/span><b>Santiago Festival Internacional de Cine (SANFIC) \u2013organizado por Fundaci\u00f3n CorpArtes y producido por Storyboard Media<\/b><span style=\"font-weight: 400;\">\u2013, celebrar\u00e1 en esta edici\u00f3n sus <\/span><b>20 a\u00f1os de trayectoria<\/b><span style=\"font-weight: 400;\">, en los que se ha posicionado como referente para la industria cinematogr\u00e1fica internacional y en una vitrina para creadores y directores chilenos.\u00a0<\/span><\/p>\n<p style=\"text-align: justify;\"><span style=\"font-weight: 400;\">Desde 2019, en <\/span><span style=\"font-weight: 400;\">SANFIC se reconoce y visibiliza el trabajo de las mujeres en la industria cinematogr\u00e1fica a trav\u00e9s de la secci\u00f3n <\/span><b>Directoras en Foco<\/b><span style=\"font-weight: 400;\">, la cual selecciona producciones de cineastas de todo el mundo que destacan por su esp\u00edritu innovador y por mostrar historias que dan cuenta de la realidad de las mujeres en diversos contextos.<\/span><\/p>\n<p style=\"text-align: justify;\"><span style=\"font-weight: 400;\">\u201cEs importante reconocer el trabajo que realizan directoras chilenas y de todo el mundo en la industria audiovisual y en SANFIC hemos consolidado un espacio equitativo que apoya el trabajo de las mujeres en el cine, visibilizando realidades e historias que viven mujeres de diferentes comunidades\u201d, comenta<\/span><b> Jos\u00e9 Tom\u00e1s Palma, Director General de Fundaci\u00f3n CorpArtes.<\/b><\/p>\n<p style=\"text-align: justify;\"><span style=\"font-weight: 400;\">Este a\u00f1o el festival eligi\u00f3 <\/span><b>7 producciones de directoras provenientes de 5 pa\u00edses<\/b><span style=\"font-weight: 400;\">, las cuales se exhibir\u00e1n en las sedes del festival en la Regi\u00f3n Metropolitana entre el 18 y el 25 de agosto. La selecci\u00f3n de pel\u00edculas de \u201cDirectoras en foco\u201d cuenta con las actuaciones de reconocidos actores y actrices nacionales e internacionales, como <\/span><b>Paulina Garc\u00eda<\/b><span style=\"font-weight: 400;\"> (<\/span><i><span style=\"font-weight: 400;\">Gloria<\/span><\/i><span style=\"font-weight: 400;\"> y <\/span><i><span style=\"font-weight: 400;\">La novia del desierto<\/span><\/i><span style=\"font-weight: 400;\">), <\/span><b>C\u00e9sar Troncoso<\/b><span style=\"font-weight: 400;\"> (<\/span><i><span style=\"font-weight: 400;\">El ba\u00f1o del Papa<\/span><\/i><span style=\"font-weight: 400;\"> e <\/span><i><span style=\"font-weight: 400;\">Infancia clandestina<\/span><\/i><span style=\"font-weight: 400;\">), <\/span><b>Sandra H\u00fcller<\/b><span style=\"font-weight: 400;\"> (<\/span><i><span style=\"font-weight: 400;\">Anatomy of a Fall, La Zona de Inter\u00e9s)<\/span><\/i><span style=\"font-weight: 400;\">, <\/span><b>Susanne Wolff<\/b> <i><span style=\"font-weight: 400;\">(Regreso a Montauk)<\/span><\/i><span style=\"font-weight: 400;\">, <\/span><b>Jaime Ome\u00f1aca <\/b><span style=\"font-weight: 400;\">(<\/span><i><span style=\"font-weight: 400;\">Los mil d\u00edas de Allende<\/span><\/i><span style=\"font-weight: 400;\">), <\/span><b>Mirta Busnelli<\/b><span style=\"font-weight: 400;\"> (<\/span><i><span style=\"font-weight: 400;\">Las mantenidas sin sue\u00f1os<\/span><\/i><span style=\"font-weight: 400;\">),<\/span><b> Gustavo Garz\u00f3n <\/b><span style=\"font-weight: 400;\">(<\/span><i><span style=\"font-weight: 400;\">Sue\u00f1o Florian\u00f3polis<\/span><\/i><span style=\"font-weight: 400;\">), entre otros.<\/span><\/p>\n<p style=\"text-align: justify;\"><span style=\"font-weight: 400;\">Las realizadoras que exhibir\u00e1n sus <\/span><b>pel\u00edculas en calidad de estreno nacional<\/b><span style=\"font-weight: 400;\"> son Nicole Chi con <\/span><b><i>Gui\u00e1n<\/i><\/b><span style=\"font-weight: 400;\"> (Costa Rica) \u2013exhibida en el Festival de Cine de Visions du R\u00e9el, New Orleans, SSFF &amp; ASIA\u2013, un relato documental sobre Nicole, quien viaja a China por primera vez, tras la muerte de su abuela, a conocer sus or\u00edgenes en busca de las respuestas que nunca pudo resolver; Luz Orlando Brennan con <\/span><b><i>La estrella que perd\u00ed<\/i><\/b><span style=\"font-weight: 400;\"> (Argentina) \u2013exhibida en BAFICI\u2013, que cuenta la historia de la gran actriz Norma Reyes, quien acept\u00f3 interpretar todo tipo de roles a lo largo de su vida, salvo el de la madre perfecta, protagonizada por Mirta Busnelli y Anita Pauls, madre e hija tanto en la ficci\u00f3n como en la vida real;\u00a0 Laura Gonz\u00e1lez con<\/span><b><i> Milonga<\/i><\/b><span style=\"font-weight: 400;\"> (Uruguay, Argentina) \u2013 Chicago Latino Film Festival\u2013, protagonizada por Paulina Garc\u00eda,\u00a0 aborda la historia de una viuda que empieza a redescubrirse a s\u00ed misma luego de conocer a Juan -interpretado por C\u00e9sar Troncoso-, un divorciado con quien comparte la pasi\u00f3n por el tango.<\/span><\/p>\n<p style=\"text-align: justify;\"><span style=\"font-weight: 400;\">En <\/span><b>calidad de estreno latinoamericano<\/b><span style=\"font-weight: 400;\"> se exhibir\u00e1n las obras de Caro Bloj con <\/span><b><i>Sincron\u00eda <\/i><\/b><span style=\"font-weight: 400;\">(Chile) \u2013 Hot Docs\u2013, sobre una isle\u00f1a que se sumerge en mar abierto y nada junto a lobos marinos, desplegando su libertad, mientras que una nadadora (B\u00e1rbara Hern\u00e1ndez) se zambulle en aguas g\u00e9lidas de glaciares y corrientes polares, empujando los l\u00edmites de su resistencia; Frauke Finsterwalder con <\/span><b><i>Sisi y yo<\/i><\/b><span style=\"font-weight: 400;\"> (Alemania) \u2013Festival Internacional de Cine de Berl\u00edn\u2013, sobre dos mujeres de realidades distintas, una emperatriz (Susanne Wolff)\u00a0 y otra que vive en absoluta libertad (Sandra H\u00fcller) , se encuentran en un lugar donde solo viven mujeres y pueden decidir las reglas del juego; y Lisa Wagner con<\/span><b><i> Dancing Heartbeats<\/i><\/b><span style=\"font-weight: 400;\"> (Alemania) \u2013 HOF International Film Festival\u2013, documental que acompa\u00f1a a tres de las mujeres m\u00e1s exitosas del mundo del break dance, un espacio dominado por lo hombres, en duros entrenamientos, batallas internacionales y en su lucha por el reconocimiento e igualdad de derechos.<\/span><\/p>\n<p style=\"text-align: justify;\"><span style=\"font-weight: 400;\">Y como <\/span><b>estreno mundial<\/b><span style=\"font-weight: 400;\"> se presentar\u00e1 Roc\u00edo Garc\u00eda Morales con<\/span><b><i> Pelok\u00eblan<\/i><\/b><span style=\"font-weight: 400;\"> (Chile), sobre un hombre interpretado por Jaime Ome\u00f1aca, que deja a su familia para trabajar en una empresa forestal en una isla que no aparece en los mapas, donde criaturas m\u00e1gicas lo llevan con un mapuche de la isla, pero su amistad se ver\u00e1 amenazada con el inminente desalojo por parte de la forestal.<\/span><\/p>\n<p style=\"text-align: justify;\"><span style=\"font-weight: 400;\">\u201cEstamos muy contentos de poder incluir estas 7 pel\u00edculas de talentosas directoras que provienen de distintos territorios y que destacan por su propio estilo y visi\u00f3n del mundo. Una mirada \u00fanica sobre temas contingentes y tratados con profunda sensibilidad donde resalta un esp\u00edritu innovador y visionario\u201d, valora <\/span><b>Carlos N\u00fa\u00f1ez, Director Art\u00edstico y cofundador SANFIC.<\/b><\/p>\n","protected":false},"excerpt":{"rendered":"<p>El Santiago Festival Internacional de Cine (SANFIC) \u2013organizado por Fundaci\u00f3n CorpArtes y producido por Storyboard Media\u2013, celebrar\u00e1 en esta edici\u00f3n sus 20 a\u00f1os de trayectoria, en los que se ha posicionado como referente para la industria cinematogr\u00e1fica internacional y en &#8230; <a title=\"SANFIC20 anuncia las pel\u00edculas que ser\u00e1n parte de la secci\u00f3n \u201cDirectoras en foco\u201d\" class=\"read-more\" href=\"https:\/\/clientesbrandbits.click\/es\/sanfic20-anuncia-las-peliculas-que-seran-parte-de-la-seccion-directoras-en-foco\/\" aria-label=\"Leer m\u00e1s sobre SANFIC20 anuncia las pel\u00edculas que ser\u00e1n parte de la secci\u00f3n \u201cDirectoras en foco\u201d\">Leer M\u00e1s<\/a><\/p>\n","protected":false},"author":5,"featured_media":2141,"comment_status":"closed","ping_status":"closed","sticky":false,"template":"","format":"standard","meta":{"_joinchat":[],"footnotes":""},"categories":[11,14],"tags":[43,158],"class_list":["post-2127","post","type-post","status-publish","format-standard","has-post-thumbnail","hentry","category-festivales-de-cine","category-mujeres-en-la-industria","tag-mujeres-en-la-industria","tag-sanfic","infinite-scroll-item"],"yoast_head":"<!-- This site is optimized with the Yoast SEO plugin v22.8 - https:\/\/yoast.com\/wordpress\/plugins\/seo\/ -->\n<title>SANFIC20 anuncia las pel\u00edculas que ser\u00e1n parte de la secci\u00f3n \u201cDirectoras en foco\u201d - Spanglish Cinema<\/title>\n<meta name=\"description\" content=\"El Santiago Festival Internacional de Cine (SANFIC) \u2013organizado por Fundaci\u00f3n CorpArtes y producido por Storyboard Media\u2013, celebrar\u00e1 en esta edici\u00f3n sus 20 a\u00f1os de trayectoria, en los que se ha posicionado como referente para la industria cinematogr\u00e1fica internacional y en una vitrina para creadores y directores chilenos.\u00a0\" \/>\n<meta name=\"robots\" content=\"index, follow, max-snippet:-1, max-image-preview:large, max-video-preview:-1\" \/>\n<link rel=\"canonical\" href=\"https:\/\/clientesbrandbits.click\/es\/sanfic20-anuncia-las-peliculas-que-seran-parte-de-la-seccion-directoras-en-foco\/\" \/>\n<meta property=\"og:locale\" content=\"es_ES\" \/>\n<meta property=\"og:type\" content=\"article\" \/>\n<meta property=\"og:title\" content=\"SANFIC20 anuncia las pel\u00edculas que ser\u00e1n parte de la secci\u00f3n \u201cDirectoras en foco\u201d - Spanglish Cinema\" \/>\n<meta property=\"og:description\" content=\"El Santiago Festival Internacional de Cine (SANFIC) \u2013organizado por Fundaci\u00f3n CorpArtes y producido por Storyboard Media\u2013, celebrar\u00e1 en esta edici\u00f3n sus 20 a\u00f1os de trayectoria, en los que se ha posicionado como referente para la industria cinematogr\u00e1fica internacional y en una vitrina para creadores y directores chilenos.\u00a0\" \/>\n<meta property=\"og:url\" content=\"https:\/\/clientesbrandbits.click\/es\/sanfic20-anuncia-las-peliculas-que-seran-parte-de-la-seccion-directoras-en-foco\/\" \/>\n<meta property=\"og:site_name\" content=\"Spanglish Cinema\" \/>\n<meta property=\"article:published_time\" content=\"2024-07-03T22:00:51+00:00\" \/>\n<meta property=\"article:modified_time\" content=\"2024-07-03T22:21:17+00:00\" \/>\n<meta property=\"og:image\" content=\"https:\/\/clientesbrandbits.click\/wp-content\/uploads\/2024\/07\/sisi-yo.jpg\" \/>\n\t<meta property=\"og:image:width\" content=\"1250\" \/>\n\t<meta property=\"og:image:height\" content=\"703\" \/>\n\t<meta property=\"og:image:type\" content=\"image\/jpeg\" \/>\n<meta name=\"author\" content=\"Elizabeth Salazar\" \/>\n<meta name=\"twitter:card\" content=\"summary_large_image\" \/>\n<meta name=\"twitter:label1\" content=\"Escrito por\" \/>\n\t<meta name=\"twitter:data1\" content=\"Elizabeth Salazar\" \/>\n\t<meta name=\"twitter:label2\" content=\"Tiempo de lectura\" \/>\n\t<meta name=\"twitter:data2\" content=\"4 minutos\" \/>\n<script type=\"application\/ld+json\" class=\"yoast-schema-graph\">{\"@context\":\"https:\/\/schema.org\",\"@graph\":[{\"@type\":\"Article\",\"@id\":\"https:\/\/clientesbrandbits.click\/sanfic20-anuncia-las-peliculas-que-seran-parte-de-la-seccion-directoras-en-foco\/#article\",\"isPartOf\":{\"@id\":\"https:\/\/clientesbrandbits.click\/sanfic20-anuncia-las-peliculas-que-seran-parte-de-la-seccion-directoras-en-foco\/\"},\"author\":{\"name\":\"Elizabeth Salazar\",\"@id\":\"https:\/\/clientesbrandbits.click\/#\/schema\/person\/3582a766d1bd629325b8cb5e303f4963\"},\"headline\":\"SANFIC20 anuncia las pel\u00edculas que ser\u00e1n parte de la secci\u00f3n \u201cDirectoras en foco\u201d\",\"datePublished\":\"2024-07-03T22:00:51+00:00\",\"dateModified\":\"2024-07-03T22:21:17+00:00\",\"mainEntityOfPage\":{\"@id\":\"https:\/\/clientesbrandbits.click\/sanfic20-anuncia-las-peliculas-que-seran-parte-de-la-seccion-directoras-en-foco\/\"},\"wordCount\":774,\"publisher\":{\"@id\":\"https:\/\/clientesbrandbits.click\/#organization\"},\"image\":{\"@id\":\"https:\/\/clientesbrandbits.click\/sanfic20-anuncia-las-peliculas-que-seran-parte-de-la-seccion-directoras-en-foco\/#primaryimage\"},\"thumbnailUrl\":\"https:\/\/clientesbrandbits.click\/wp-content\/uploads\/2024\/07\/sisi-yo.jpg\",\"keywords\":[\"Mujeres en la industria\",\"SANFIC\"],\"articleSection\":[\"Festivales de Cine\",\"Mujeres en la Industria\"],\"inLanguage\":\"es\"},{\"@type\":\"WebPage\",\"@id\":\"https:\/\/clientesbrandbits.click\/sanfic20-anuncia-las-peliculas-que-seran-parte-de-la-seccion-directoras-en-foco\/\",\"url\":\"https:\/\/clientesbrandbits.click\/sanfic20-anuncia-las-peliculas-que-seran-parte-de-la-seccion-directoras-en-foco\/\",\"name\":\"SANFIC20 anuncia las pel\u00edculas que ser\u00e1n parte de la secci\u00f3n \u201cDirectoras en foco\u201d - Spanglish Cinema\",\"isPartOf\":{\"@id\":\"https:\/\/clientesbrandbits.click\/#website\"},\"primaryImageOfPage\":{\"@id\":\"https:\/\/clientesbrandbits.click\/sanfic20-anuncia-las-peliculas-que-seran-parte-de-la-seccion-directoras-en-foco\/#primaryimage\"},\"image\":{\"@id\":\"https:\/\/clientesbrandbits.click\/sanfic20-anuncia-las-peliculas-que-seran-parte-de-la-seccion-directoras-en-foco\/#primaryimage\"},\"thumbnailUrl\":\"https:\/\/clientesbrandbits.click\/wp-content\/uploads\/2024\/07\/sisi-yo.jpg\",\"datePublished\":\"2024-07-03T22:00:51+00:00\",\"dateModified\":\"2024-07-03T22:21:17+00:00\",\"description\":\"El Santiago Festival Internacional de Cine (SANFIC) \u2013organizado por Fundaci\u00f3n CorpArtes y producido por Storyboard Media\u2013, celebrar\u00e1 en esta edici\u00f3n sus 20 a\u00f1os de trayectoria, en los que se ha posicionado como referente para la industria cinematogr\u00e1fica internacional y en una vitrina para creadores y directores chilenos.\u00a0\",\"breadcrumb\":{\"@id\":\"https:\/\/clientesbrandbits.click\/sanfic20-anuncia-las-peliculas-que-seran-parte-de-la-seccion-directoras-en-foco\/#breadcrumb\"},\"inLanguage\":\"es\",\"potentialAction\":[{\"@type\":\"ReadAction\",\"target\":[\"https:\/\/clientesbrandbits.click\/sanfic20-anuncia-las-peliculas-que-seran-parte-de-la-seccion-directoras-en-foco\/\"]}]},{\"@type\":\"ImageObject\",\"inLanguage\":\"es\",\"@id\":\"https:\/\/clientesbrandbits.click\/sanfic20-anuncia-las-peliculas-que-seran-parte-de-la-seccion-directoras-en-foco\/#primaryimage\",\"url\":\"https:\/\/clientesbrandbits.click\/wp-content\/uploads\/2024\/07\/sisi-yo.jpg\",\"contentUrl\":\"https:\/\/clientesbrandbits.click\/wp-content\/uploads\/2024\/07\/sisi-yo.jpg\",\"width\":1250,\"height\":703},{\"@type\":\"BreadcrumbList\",\"@id\":\"https:\/\/clientesbrandbits.click\/sanfic20-anuncia-las-peliculas-que-seran-parte-de-la-seccion-directoras-en-foco\/#breadcrumb\",\"itemListElement\":[{\"@type\":\"ListItem\",\"position\":1,\"name\":\"Portada\",\"item\":\"https:\/\/clientesbrandbits.click\/\"},{\"@type\":\"ListItem\",\"position\":2,\"name\":\"SANFIC20 anuncia las pel\u00edculas que ser\u00e1n parte de la secci\u00f3n \u201cDirectoras en foco\u201d\"}]},{\"@type\":\"WebSite\",\"@id\":\"https:\/\/clientesbrandbits.click\/#website\",\"url\":\"https:\/\/clientesbrandbits.click\/\",\"name\":\"Spanglish Cinema\",\"description\":\"\",\"publisher\":{\"@id\":\"https:\/\/clientesbrandbits.click\/#organization\"},\"potentialAction\":[{\"@type\":\"SearchAction\",\"target\":{\"@type\":\"EntryPoint\",\"urlTemplate\":\"https:\/\/clientesbrandbits.click\/?s={search_term_string}\"},\"query-input\":\"required name=search_term_string\"}],\"inLanguage\":\"es\"},{\"@type\":\"Organization\",\"@id\":\"https:\/\/clientesbrandbits.click\/#organization\",\"name\":\"Spanglish Cinema\",\"url\":\"https:\/\/clientesbrandbits.click\/\",\"logo\":{\"@type\":\"ImageObject\",\"inLanguage\":\"es\",\"@id\":\"https:\/\/clientesbrandbits.click\/#\/schema\/logo\/image\/\",\"url\":\"https:\/\/clientesbrandbits.click\/wp-content\/uploads\/2024\/03\/spanglish_cinema.png\",\"contentUrl\":\"https:\/\/clientesbrandbits.click\/wp-content\/uploads\/2024\/03\/spanglish_cinema.png\",\"width\":612,\"height\":225,\"caption\":\"Spanglish Cinema\"},\"image\":{\"@id\":\"https:\/\/clientesbrandbits.click\/#\/schema\/logo\/image\/\"}},{\"@type\":\"Person\",\"@id\":\"https:\/\/clientesbrandbits.click\/#\/schema\/person\/3582a766d1bd629325b8cb5e303f4963\",\"name\":\"Elizabeth Salazar\",\"image\":{\"@type\":\"ImageObject\",\"inLanguage\":\"es\",\"@id\":\"https:\/\/clientesbrandbits.click\/#\/schema\/person\/image\/\",\"url\":\"https:\/\/secure.gravatar.com\/avatar\/ddf69a5ddae2a61929dd4e305eb31658?s=96&d=mm&r=g\",\"contentUrl\":\"https:\/\/secure.gravatar.com\/avatar\/ddf69a5ddae2a61929dd4e305eb31658?s=96&d=mm&r=g\",\"caption\":\"Elizabeth Salazar\"},\"url\":\"https:\/\/clientesbrandbits.click\/es\/author\/elizabeth-salazar\/\"}]}<\/script>\n<!-- \/ Yoast SEO plugin. -->","yoast_head_json":{"title":"SANFIC20 anuncia las pel\u00edculas que ser\u00e1n parte de la secci\u00f3n \u201cDirectoras en foco\u201d - Spanglish Cinema","description":"El Santiago Festival Internacional de Cine (SANFIC) \u2013organizado por Fundaci\u00f3n CorpArtes y producido por Storyboard Media\u2013, celebrar\u00e1 en esta edici\u00f3n sus 20 a\u00f1os de trayectoria, en los que se ha posicionado como referente para la industria cinematogr\u00e1fica internacional y en una vitrina para creadores y directores chilenos.\u00a0","robots":{"index":"index","follow":"follow","max-snippet":"max-snippet:-1","max-image-preview":"max-image-preview:large","max-video-preview":"max-video-preview:-1"},"canonical":"https:\/\/clientesbrandbits.click\/es\/sanfic20-anuncia-las-peliculas-que-seran-parte-de-la-seccion-directoras-en-foco\/","og_locale":"es_ES","og_type":"article","og_title":"SANFIC20 anuncia las pel\u00edculas que ser\u00e1n parte de la secci\u00f3n \u201cDirectoras en foco\u201d - Spanglish Cinema","og_description":"El Santiago Festival Internacional de Cine (SANFIC) \u2013organizado por Fundaci\u00f3n CorpArtes y producido por Storyboard Media\u2013, celebrar\u00e1 en esta edici\u00f3n sus 20 a\u00f1os de trayectoria, en los que se ha posicionado como referente para la industria cinematogr\u00e1fica internacional y en una vitrina para creadores y directores chilenos.\u00a0","og_url":"https:\/\/clientesbrandbits.click\/es\/sanfic20-anuncia-las-peliculas-que-seran-parte-de-la-seccion-directoras-en-foco\/","og_site_name":"Spanglish Cinema","article_published_time":"2024-07-03T22:00:51+00:00","article_modified_time":"2024-07-03T22:21:17+00:00","og_image":[{"width":1250,"height":703,"url":"https:\/\/clientesbrandbits.click\/wp-content\/uploads\/2024\/07\/sisi-yo.jpg","type":"image\/jpeg"}],"author":"Elizabeth Salazar","twitter_card":"summary_large_image","twitter_misc":{"Escrito por":"Elizabeth Salazar","Tiempo de lectura":"4 minutos"},"schema":{"@context":"https:\/\/schema.org","@graph":[{"@type":"Article","@id":"https:\/\/clientesbrandbits.click\/sanfic20-anuncia-las-peliculas-que-seran-parte-de-la-seccion-directoras-en-foco\/#article","isPartOf":{"@id":"https:\/\/clientesbrandbits.click\/sanfic20-anuncia-las-peliculas-que-seran-parte-de-la-seccion-directoras-en-foco\/"},"author":{"name":"Elizabeth Salazar","@id":"https:\/\/clientesbrandbits.click\/#\/schema\/person\/3582a766d1bd629325b8cb5e303f4963"},"headline":"SANFIC20 anuncia las pel\u00edculas que ser\u00e1n parte de la secci\u00f3n \u201cDirectoras en foco\u201d","datePublished":"2024-07-03T22:00:51+00:00","dateModified":"2024-07-03T22:21:17+00:00","mainEntityOfPage":{"@id":"https:\/\/clientesbrandbits.click\/sanfic20-anuncia-las-peliculas-que-seran-parte-de-la-seccion-directoras-en-foco\/"},"wordCount":774,"publisher":{"@id":"https:\/\/clientesbrandbits.click\/#organization"},"image":{"@id":"https:\/\/clientesbrandbits.click\/sanfic20-anuncia-las-peliculas-que-seran-parte-de-la-seccion-directoras-en-foco\/#primaryimage"},"thumbnailUrl":"https:\/\/clientesbrandbits.click\/wp-content\/uploads\/2024\/07\/sisi-yo.jpg","keywords":["Mujeres en la industria","SANFIC"],"articleSection":["Festivales de Cine","Mujeres en la Industria"],"inLanguage":"es"},{"@type":"WebPage","@id":"https:\/\/clientesbrandbits.click\/sanfic20-anuncia-las-peliculas-que-seran-parte-de-la-seccion-directoras-en-foco\/","url":"https:\/\/clientesbrandbits.click\/sanfic20-anuncia-las-peliculas-que-seran-parte-de-la-seccion-directoras-en-foco\/","name":"SANFIC20 anuncia las pel\u00edculas que ser\u00e1n parte de la secci\u00f3n \u201cDirectoras en foco\u201d - Spanglish Cinema","isPartOf":{"@id":"https:\/\/clientesbrandbits.click\/#website"},"primaryImageOfPage":{"@id":"https:\/\/clientesbrandbits.click\/sanfic20-anuncia-las-peliculas-que-seran-parte-de-la-seccion-directoras-en-foco\/#primaryimage"},"image":{"@id":"https:\/\/clientesbrandbits.click\/sanfic20-anuncia-las-peliculas-que-seran-parte-de-la-seccion-directoras-en-foco\/#primaryimage"},"thumbnailUrl":"https:\/\/clientesbrandbits.click\/wp-content\/uploads\/2024\/07\/sisi-yo.jpg","datePublished":"2024-07-03T22:00:51+00:00","dateModified":"2024-07-03T22:21:17+00:00","description":"El Santiago Festival Internacional de Cine (SANFIC) \u2013organizado por Fundaci\u00f3n CorpArtes y producido por Storyboard Media\u2013, celebrar\u00e1 en esta edici\u00f3n sus 20 a\u00f1os de trayectoria, en los que se ha posicionado como referente para la industria cinematogr\u00e1fica internacional y en una vitrina para creadores y directores chilenos.\u00a0","breadcrumb":{"@id":"https:\/\/clientesbrandbits.click\/sanfic20-anuncia-las-peliculas-que-seran-parte-de-la-seccion-directoras-en-foco\/#breadcrumb"},"inLanguage":"es","potentialAction":[{"@type":"ReadAction","target":["https:\/\/clientesbrandbits.click\/sanfic20-anuncia-las-peliculas-que-seran-parte-de-la-seccion-directoras-en-foco\/"]}]},{"@type":"ImageObject","inLanguage":"es","@id":"https:\/\/clientesbrandbits.click\/sanfic20-anuncia-las-peliculas-que-seran-parte-de-la-seccion-directoras-en-foco\/#primaryimage","url":"https:\/\/clientesbrandbits.click\/wp-content\/uploads\/2024\/07\/sisi-yo.jpg","contentUrl":"https:\/\/clientesbrandbits.click\/wp-content\/uploads\/2024\/07\/sisi-yo.jpg","width":1250,"height":703},{"@type":"BreadcrumbList","@id":"https:\/\/clientesbrandbits.click\/sanfic20-anuncia-las-peliculas-que-seran-parte-de-la-seccion-directoras-en-foco\/#breadcrumb","itemListElement":[{"@type":"ListItem","position":1,"name":"Portada","item":"https:\/\/clientesbrandbits.click\/"},{"@type":"ListItem","position":2,"name":"SANFIC20 anuncia las pel\u00edculas que ser\u00e1n parte de la secci\u00f3n \u201cDirectoras en foco\u201d"}]},{"@type":"WebSite","@id":"https:\/\/clientesbrandbits.click\/#website","url":"https:\/\/clientesbrandbits.click\/","name":"Spanglish Cinema","description":"","publisher":{"@id":"https:\/\/clientesbrandbits.click\/#organization"},"potentialAction":[{"@type":"SearchAction","target":{"@type":"EntryPoint","urlTemplate":"https:\/\/clientesbrandbits.click\/?s={search_term_string}"},"query-input":"required name=search_term_string"}],"inLanguage":"es"},{"@type":"Organization","@id":"https:\/\/clientesbrandbits.click\/#organization","name":"Spanglish Cinema","url":"https:\/\/clientesbrandbits.click\/","logo":{"@type":"ImageObject","inLanguage":"es","@id":"https:\/\/clientesbrandbits.click\/#\/schema\/logo\/image\/","url":"https:\/\/clientesbrandbits.click\/wp-content\/uploads\/2024\/03\/spanglish_cinema.png","contentUrl":"https:\/\/clientesbrandbits.click\/wp-content\/uploads\/2024\/03\/spanglish_cinema.png","width":612,"height":225,"caption":"Spanglish Cinema"},"image":{"@id":"https:\/\/clientesbrandbits.click\/#\/schema\/logo\/image\/"}},{"@type":"Person","@id":"https:\/\/clientesbrandbits.click\/#\/schema\/person\/3582a766d1bd629325b8cb5e303f4963","name":"Elizabeth Salazar","image":{"@type":"ImageObject","inLanguage":"es","@id":"https:\/\/clientesbrandbits.click\/#\/schema\/person\/image\/","url":"https:\/\/secure.gravatar.com\/avatar\/ddf69a5ddae2a61929dd4e305eb31658?s=96&d=mm&r=g","contentUrl":"https:\/\/secure.gravatar.com\/avatar\/ddf69a5ddae2a61929dd4e305eb31658?s=96&d=mm&r=g","caption":"Elizabeth Salazar"},"url":"https:\/\/clientesbrandbits.click\/es\/author\/elizabeth-salazar\/"}]}},"_links":{"self":[{"href":"https:\/\/clientesbrandbits.click\/es\/wp-json\/wp\/v2\/posts\/2127"}],"collection":[{"href":"https:\/\/clientesbrandbits.click\/es\/wp-json\/wp\/v2\/posts"}],"about":[{"href":"https:\/\/clientesbrandbits.click\/es\/wp-json\/wp\/v2\/types\/post"}],"author":[{"embeddable":true,"href":"https:\/\/clientesbrandbits.click\/es\/wp-json\/wp\/v2\/users\/5"}],"replies":[{"embeddable":true,"href":"https:\/\/clientesbrandbits.click\/es\/wp-json\/wp\/v2\/comments?post=2127"}],"version-history":[{"count":1,"href":"https:\/\/clientesbrandbits.click\/es\/wp-json\/wp\/v2\/posts\/2127\/revisions"}],"predecessor-version":[{"id":2129,"href":"https:\/\/clientesbrandbits.click\/es\/wp-json\/wp\/v2\/posts\/2127\/revisions\/2129"}],"wp:featuredmedia":[{"embeddable":true,"href":"https:\/\/clientesbrandbits.click\/es\/wp-json\/wp\/v2\/media\/2141"}],"wp:attachment":[{"href":"https:\/\/clientesbrandbits.click\/es\/wp-json\/wp\/v2\/media?parent=2127"}],"wp:term":[{"taxonomy":"category","embeddable":true,"href":"https:\/\/clientesbrandbits.click\/es\/wp-json\/wp\/v2\/categories?post=2127"},{"taxonomy":"post_tag","embeddable":true,"href":"https:\/\/clientesbrandbits.click\/es\/wp-json\/wp\/v2\/tags?post=2127"}],"curies":[{"name":"wp","href":"https:\/\/api.w.org\/{rel}","templated":true}]}}