{"id":2112,"date":"2024-07-04T16:01:45","date_gmt":"2024-07-04T20:01:45","guid":{"rendered":"https:\/\/clientesbrandbits.click\/?p=2112"},"modified":"2024-07-04T09:24:58","modified_gmt":"2024-07-04T13:24:58","slug":"se-lanza-trailer-de-el-ladron-de-perros-con-alfredo-castro","status":"publish","type":"post","link":"https:\/\/clientesbrandbits.click\/es\/se-lanza-trailer-de-el-ladron-de-perros-con-alfredo-castro\/","title":{"rendered":"Se lanza tr\u00e1iler de \u00abEl ladr\u00f3n de perros\u00bb con Alfredo Castro"},"content":{"rendered":"<p style=\"text-align: justify;\">\u00abEl ladr\u00f3n de perros\u00bb, primer largometraje en solitario del cineasta chileno Vinko Tomi\u010di\u0107, fue desarrollado en la Residencia Cinefondation de Cannes y en el programa Biennale College Cinema del Festival de Cine de Venecia. Con estas credenciales, y tras un gran estreno en Tribeca, llegar\u00e1 el 29 de agosto a los cines chilenos gracias a la iniciativa de Market Chile.<\/p>\n<p style=\"text-align: justify;\">La pel\u00edcula nos cuenta la historia de Mart\u00edn (Franklin Aro), un adolescente que sufre bullying y trabaja como lustrabotas en las calles de La Paz, Bolivia. Siempre anda con su rostro cubierto, Mat\u00edn un d\u00eda decide robar el perro de su mejor cliente, que es un solitario sastre (Alfredo Castro), al que ha empezado a imaginar como su padre.<\/p>\n<p style=\"text-align: justify;\">\u201cEl ladr\u00f3n de perros\u201d cuenta con las actuaciones de Alfredo Castro, Teresa Ruiz (M\u00e9xico) y Franklin Aro (Bolivia), entre otros. Fue ganador del premio principal WIP Latino Los \u00c1ngeles 2021, obtuvo 7 galardones WIP en FIC Guadalajara 2021 y fue seleccionado como el mejor pitch de Cannes Cin\u00e9fondation 2019, premio del CNC (Centre National du Cin\u00e9ma et l\u2019Image Anim\u00e9e, Francia).<\/p>\n<p style=\"text-align: justify;\"><strong>\u201cEs una de esas pel\u00edculas que te hacen sentir esperanzado en el futuro\u201d<\/strong><\/p>\n<p style=\"text-align: justify;\">El film fue estrenado en el Festival Internacional en Tribeca (Nueva York), \u201cEl ladr\u00f3n de perros\u201d ha recibido elogios de la prensa especializada internacional.<\/p>\n<p style=\"text-align: justify;\">\u00abTransmite su <strong>rica gama de emociones a trav\u00e9s de la fascinante fotograf\u00eda de Sergio Armstrong.<\/strong> Salinas aplica exquisitamente el trabajo de Armstrong para captar la frustraci\u00f3n y el abandono con tomas persistentes de las expresiones cambiantes de los personajes. La ciudad de La Paz tambi\u00e9n es captada con un sentimentalismo un tanto duro pero honesto. Cada desv\u00edo por una calle empedrada o un lugar de reuni\u00f3n informal en edificios centenarios se muestra en toda su belleza. Salinas consigue que la ciudad parezca un ente vivo y que respira, lo que hace que la fotograf\u00eda se convierta en el punto culminante del filme\u201d<strong>,\u00a0<\/strong>escribi\u00f3 Giovanni Lago en Next Best Picture.<\/p>\n<p style=\"text-align: justify;\"><strong>\u201cEl director de fotograf\u00eda Sergio Armstrong filma La Paz como si fuera la ciudad m\u00e1s vibrante del mundo, rebosante de car\u00e1cter\u00bb,\u00a0<\/strong>destaca Olivia Popp de Cineuropa.<\/p>\n<p style=\"text-align: justify;\">El film tuvo una buena recepci\u00f3n en el Festival de Cine de Tribeca y fue una de las <span style=\"color: #ff00ff;\"><a style=\"color: #ff00ff;\" href=\"https:\/\/clientesbrandbits.click\/dos-peliculas-chilenas-estaran-en-el-festival-de-tribeca-2\/\">dos pel\u00edculas chilenas<\/a><\/span> seleccionadas para estar en la programaci\u00f3n de la edici\u00f3n de este a\u00f1o del festival.<\/p>\n<p><strong>La pel\u00edcula se estrenar\u00e1 el 29 de agosto en los cines chilenos. <\/strong><\/p>\n<p>A continuaci\u00f3n, compartimos el tr\u00e1iler de \u201cEl ladr\u00f3n de perros\u201d:<\/p>\n<p><iframe title=\"El ladr\u00f3n de perros: Tr\u00e1iler Oficial\" width=\"1200\" height=\"675\" src=\"https:\/\/www.youtube.com\/embed\/cPdG9IYL1Us?feature=oembed\" frameborder=\"0\" allow=\"accelerometer; autoplay; clipboard-write; encrypted-media; gyroscope; picture-in-picture; web-share\" referrerpolicy=\"strict-origin-when-cross-origin\" allowfullscreen><\/iframe><\/p>\n","protected":false},"excerpt":{"rendered":"<p>\u00abEl ladr\u00f3n de perros\u00bb, primer largometraje en solitario del cineasta chileno Vinko Tomi\u010di\u0107, fue desarrollado en la Residencia Cinefondation de Cannes y en el programa Biennale College Cinema del Festival de Cine de Venecia. Con estas credenciales, y tras un &#8230; <a title=\"Se lanza tr\u00e1iler de \u00abEl ladr\u00f3n de perros\u00bb con Alfredo Castro\" class=\"read-more\" href=\"https:\/\/clientesbrandbits.click\/es\/se-lanza-trailer-de-el-ladron-de-perros-con-alfredo-castro\/\" aria-label=\"Leer m\u00e1s sobre Se lanza tr\u00e1iler de \u00abEl ladr\u00f3n de perros\u00bb con Alfredo Castro\">Leer M\u00e1s<\/a><\/p>\n","protected":false},"author":5,"featured_media":2114,"comment_status":"closed","ping_status":"closed","sticky":false,"template":"","format":"standard","meta":{"_joinchat":[],"footnotes":""},"categories":[10],"tags":[],"class_list":["post-2112","post","type-post","status-publish","format-standard","has-post-thumbnail","hentry","category-films","infinite-scroll-item"],"yoast_head":"<!-- This site is optimized with the Yoast SEO plugin v22.8 - https:\/\/yoast.com\/wordpress\/plugins\/seo\/ -->\n<title>Se lanza tr\u00e1iler de &quot;El ladr\u00f3n de perros&quot; con Alfredo Castro - Spanglish Cinema<\/title>\n<meta name=\"robots\" content=\"index, follow, max-snippet:-1, max-image-preview:large, max-video-preview:-1\" \/>\n<link rel=\"canonical\" href=\"https:\/\/clientesbrandbits.click\/es\/se-lanza-trailer-de-el-ladron-de-perros-con-alfredo-castro\/\" \/>\n<meta property=\"og:locale\" content=\"es_ES\" \/>\n<meta property=\"og:type\" content=\"article\" \/>\n<meta property=\"og:title\" content=\"Se lanza tr\u00e1iler de &quot;El ladr\u00f3n de perros&quot; con Alfredo Castro - Spanglish Cinema\" \/>\n<meta property=\"og:description\" content=\"\u00abEl ladr\u00f3n de perros\u00bb, primer largometraje en solitario del cineasta chileno Vinko Tomi\u010di\u0107, fue desarrollado en la Residencia Cinefondation de Cannes y en el programa Biennale College Cinema del Festival de Cine de Venecia. Con estas credenciales, y tras un ... Leer M\u00e1s\" \/>\n<meta property=\"og:url\" content=\"https:\/\/clientesbrandbits.click\/es\/se-lanza-trailer-de-el-ladron-de-perros-con-alfredo-castro\/\" \/>\n<meta property=\"og:site_name\" content=\"Spanglish Cinema\" \/>\n<meta property=\"article:published_time\" content=\"2024-07-04T20:01:45+00:00\" \/>\n<meta property=\"article:modified_time\" content=\"2024-07-04T13:24:58+00:00\" \/>\n<meta property=\"og:image\" content=\"https:\/\/clientesbrandbits.click\/wp-content\/uploads\/2024\/07\/el-ladron-de-perros.webp\" \/>\n\t<meta property=\"og:image:width\" content=\"1500\" \/>\n\t<meta property=\"og:image:height\" content=\"1055\" \/>\n\t<meta property=\"og:image:type\" content=\"image\/webp\" \/>\n<meta name=\"author\" content=\"Elizabeth Salazar\" \/>\n<meta name=\"twitter:card\" content=\"summary_large_image\" \/>\n<meta name=\"twitter:label1\" content=\"Escrito por\" \/>\n\t<meta name=\"twitter:data1\" content=\"Elizabeth Salazar\" \/>\n\t<meta name=\"twitter:label2\" content=\"Tiempo de lectura\" \/>\n\t<meta name=\"twitter:data2\" content=\"3 minutos\" \/>\n<script type=\"application\/ld+json\" class=\"yoast-schema-graph\">{\"@context\":\"https:\/\/schema.org\",\"@graph\":[{\"@type\":\"Article\",\"@id\":\"https:\/\/clientesbrandbits.click\/se-lanza-trailer-de-el-ladron-de-perros-con-alfredo-castro\/#article\",\"isPartOf\":{\"@id\":\"https:\/\/clientesbrandbits.click\/se-lanza-trailer-de-el-ladron-de-perros-con-alfredo-castro\/\"},\"author\":{\"name\":\"Elizabeth Salazar\",\"@id\":\"https:\/\/clientesbrandbits.click\/#\/schema\/person\/3582a766d1bd629325b8cb5e303f4963\"},\"headline\":\"Se lanza tr\u00e1iler de \u00abEl ladr\u00f3n de perros\u00bb con Alfredo Castro\",\"datePublished\":\"2024-07-04T20:01:45+00:00\",\"dateModified\":\"2024-07-04T13:24:58+00:00\",\"mainEntityOfPage\":{\"@id\":\"https:\/\/clientesbrandbits.click\/se-lanza-trailer-de-el-ladron-de-perros-con-alfredo-castro\/\"},\"wordCount\":462,\"publisher\":{\"@id\":\"https:\/\/clientesbrandbits.click\/#organization\"},\"image\":{\"@id\":\"https:\/\/clientesbrandbits.click\/se-lanza-trailer-de-el-ladron-de-perros-con-alfredo-castro\/#primaryimage\"},\"thumbnailUrl\":\"https:\/\/clientesbrandbits.click\/wp-content\/uploads\/2024\/07\/el-ladron-de-perros.webp\",\"articleSection\":[\"Films\"],\"inLanguage\":\"es\"},{\"@type\":\"WebPage\",\"@id\":\"https:\/\/clientesbrandbits.click\/se-lanza-trailer-de-el-ladron-de-perros-con-alfredo-castro\/\",\"url\":\"https:\/\/clientesbrandbits.click\/se-lanza-trailer-de-el-ladron-de-perros-con-alfredo-castro\/\",\"name\":\"Se lanza tr\u00e1iler de \\\"El ladr\u00f3n de perros\\\" con Alfredo Castro - Spanglish Cinema\",\"isPartOf\":{\"@id\":\"https:\/\/clientesbrandbits.click\/#website\"},\"primaryImageOfPage\":{\"@id\":\"https:\/\/clientesbrandbits.click\/se-lanza-trailer-de-el-ladron-de-perros-con-alfredo-castro\/#primaryimage\"},\"image\":{\"@id\":\"https:\/\/clientesbrandbits.click\/se-lanza-trailer-de-el-ladron-de-perros-con-alfredo-castro\/#primaryimage\"},\"thumbnailUrl\":\"https:\/\/clientesbrandbits.click\/wp-content\/uploads\/2024\/07\/el-ladron-de-perros.webp\",\"datePublished\":\"2024-07-04T20:01:45+00:00\",\"dateModified\":\"2024-07-04T13:24:58+00:00\",\"breadcrumb\":{\"@id\":\"https:\/\/clientesbrandbits.click\/se-lanza-trailer-de-el-ladron-de-perros-con-alfredo-castro\/#breadcrumb\"},\"inLanguage\":\"es\",\"potentialAction\":[{\"@type\":\"ReadAction\",\"target\":[\"https:\/\/clientesbrandbits.click\/se-lanza-trailer-de-el-ladron-de-perros-con-alfredo-castro\/\"]}]},{\"@type\":\"ImageObject\",\"inLanguage\":\"es\",\"@id\":\"https:\/\/clientesbrandbits.click\/se-lanza-trailer-de-el-ladron-de-perros-con-alfredo-castro\/#primaryimage\",\"url\":\"https:\/\/clientesbrandbits.click\/wp-content\/uploads\/2024\/07\/el-ladron-de-perros.webp\",\"contentUrl\":\"https:\/\/clientesbrandbits.click\/wp-content\/uploads\/2024\/07\/el-ladron-de-perros.webp\",\"width\":1500,\"height\":1055},{\"@type\":\"BreadcrumbList\",\"@id\":\"https:\/\/clientesbrandbits.click\/se-lanza-trailer-de-el-ladron-de-perros-con-alfredo-castro\/#breadcrumb\",\"itemListElement\":[{\"@type\":\"ListItem\",\"position\":1,\"name\":\"Portada\",\"item\":\"https:\/\/clientesbrandbits.click\/\"},{\"@type\":\"ListItem\",\"position\":2,\"name\":\"Se lanza tr\u00e1iler de \u00abEl ladr\u00f3n de perros\u00bb con Alfredo Castro\"}]},{\"@type\":\"WebSite\",\"@id\":\"https:\/\/clientesbrandbits.click\/#website\",\"url\":\"https:\/\/clientesbrandbits.click\/\",\"name\":\"Spanglish Cinema\",\"description\":\"\",\"publisher\":{\"@id\":\"https:\/\/clientesbrandbits.click\/#organization\"},\"potentialAction\":[{\"@type\":\"SearchAction\",\"target\":{\"@type\":\"EntryPoint\",\"urlTemplate\":\"https:\/\/clientesbrandbits.click\/?s={search_term_string}\"},\"query-input\":\"required name=search_term_string\"}],\"inLanguage\":\"es\"},{\"@type\":\"Organization\",\"@id\":\"https:\/\/clientesbrandbits.click\/#organization\",\"name\":\"Spanglish Cinema\",\"url\":\"https:\/\/clientesbrandbits.click\/\",\"logo\":{\"@type\":\"ImageObject\",\"inLanguage\":\"es\",\"@id\":\"https:\/\/clientesbrandbits.click\/#\/schema\/logo\/image\/\",\"url\":\"https:\/\/clientesbrandbits.click\/wp-content\/uploads\/2024\/03\/spanglish_cinema.png\",\"contentUrl\":\"https:\/\/clientesbrandbits.click\/wp-content\/uploads\/2024\/03\/spanglish_cinema.png\",\"width\":612,\"height\":225,\"caption\":\"Spanglish Cinema\"},\"image\":{\"@id\":\"https:\/\/clientesbrandbits.click\/#\/schema\/logo\/image\/\"}},{\"@type\":\"Person\",\"@id\":\"https:\/\/clientesbrandbits.click\/#\/schema\/person\/3582a766d1bd629325b8cb5e303f4963\",\"name\":\"Elizabeth Salazar\",\"image\":{\"@type\":\"ImageObject\",\"inLanguage\":\"es\",\"@id\":\"https:\/\/clientesbrandbits.click\/#\/schema\/person\/image\/\",\"url\":\"https:\/\/secure.gravatar.com\/avatar\/ddf69a5ddae2a61929dd4e305eb31658?s=96&d=mm&r=g\",\"contentUrl\":\"https:\/\/secure.gravatar.com\/avatar\/ddf69a5ddae2a61929dd4e305eb31658?s=96&d=mm&r=g\",\"caption\":\"Elizabeth Salazar\"},\"url\":\"https:\/\/clientesbrandbits.click\/es\/author\/elizabeth-salazar\/\"}]}<\/script>\n<!-- \/ Yoast SEO plugin. -->","yoast_head_json":{"title":"Se lanza tr\u00e1iler de \"El ladr\u00f3n de perros\" con Alfredo Castro - Spanglish Cinema","robots":{"index":"index","follow":"follow","max-snippet":"max-snippet:-1","max-image-preview":"max-image-preview:large","max-video-preview":"max-video-preview:-1"},"canonical":"https:\/\/clientesbrandbits.click\/es\/se-lanza-trailer-de-el-ladron-de-perros-con-alfredo-castro\/","og_locale":"es_ES","og_type":"article","og_title":"Se lanza tr\u00e1iler de \"El ladr\u00f3n de perros\" con Alfredo Castro - Spanglish Cinema","og_description":"\u00abEl ladr\u00f3n de perros\u00bb, primer largometraje en solitario del cineasta chileno Vinko Tomi\u010di\u0107, fue desarrollado en la Residencia Cinefondation de Cannes y en el programa Biennale College Cinema del Festival de Cine de Venecia. Con estas credenciales, y tras un ... Leer M\u00e1s","og_url":"https:\/\/clientesbrandbits.click\/es\/se-lanza-trailer-de-el-ladron-de-perros-con-alfredo-castro\/","og_site_name":"Spanglish Cinema","article_published_time":"2024-07-04T20:01:45+00:00","article_modified_time":"2024-07-04T13:24:58+00:00","og_image":[{"width":1500,"height":1055,"url":"https:\/\/clientesbrandbits.click\/wp-content\/uploads\/2024\/07\/el-ladron-de-perros.webp","type":"image\/webp"}],"author":"Elizabeth Salazar","twitter_card":"summary_large_image","twitter_misc":{"Escrito por":"Elizabeth Salazar","Tiempo de lectura":"3 minutos"},"schema":{"@context":"https:\/\/schema.org","@graph":[{"@type":"Article","@id":"https:\/\/clientesbrandbits.click\/se-lanza-trailer-de-el-ladron-de-perros-con-alfredo-castro\/#article","isPartOf":{"@id":"https:\/\/clientesbrandbits.click\/se-lanza-trailer-de-el-ladron-de-perros-con-alfredo-castro\/"},"author":{"name":"Elizabeth Salazar","@id":"https:\/\/clientesbrandbits.click\/#\/schema\/person\/3582a766d1bd629325b8cb5e303f4963"},"headline":"Se lanza tr\u00e1iler de \u00abEl ladr\u00f3n de perros\u00bb con Alfredo Castro","datePublished":"2024-07-04T20:01:45+00:00","dateModified":"2024-07-04T13:24:58+00:00","mainEntityOfPage":{"@id":"https:\/\/clientesbrandbits.click\/se-lanza-trailer-de-el-ladron-de-perros-con-alfredo-castro\/"},"wordCount":462,"publisher":{"@id":"https:\/\/clientesbrandbits.click\/#organization"},"image":{"@id":"https:\/\/clientesbrandbits.click\/se-lanza-trailer-de-el-ladron-de-perros-con-alfredo-castro\/#primaryimage"},"thumbnailUrl":"https:\/\/clientesbrandbits.click\/wp-content\/uploads\/2024\/07\/el-ladron-de-perros.webp","articleSection":["Films"],"inLanguage":"es"},{"@type":"WebPage","@id":"https:\/\/clientesbrandbits.click\/se-lanza-trailer-de-el-ladron-de-perros-con-alfredo-castro\/","url":"https:\/\/clientesbrandbits.click\/se-lanza-trailer-de-el-ladron-de-perros-con-alfredo-castro\/","name":"Se lanza tr\u00e1iler de \"El ladr\u00f3n de perros\" con Alfredo Castro - Spanglish Cinema","isPartOf":{"@id":"https:\/\/clientesbrandbits.click\/#website"},"primaryImageOfPage":{"@id":"https:\/\/clientesbrandbits.click\/se-lanza-trailer-de-el-ladron-de-perros-con-alfredo-castro\/#primaryimage"},"image":{"@id":"https:\/\/clientesbrandbits.click\/se-lanza-trailer-de-el-ladron-de-perros-con-alfredo-castro\/#primaryimage"},"thumbnailUrl":"https:\/\/clientesbrandbits.click\/wp-content\/uploads\/2024\/07\/el-ladron-de-perros.webp","datePublished":"2024-07-04T20:01:45+00:00","dateModified":"2024-07-04T13:24:58+00:00","breadcrumb":{"@id":"https:\/\/clientesbrandbits.click\/se-lanza-trailer-de-el-ladron-de-perros-con-alfredo-castro\/#breadcrumb"},"inLanguage":"es","potentialAction":[{"@type":"ReadAction","target":["https:\/\/clientesbrandbits.click\/se-lanza-trailer-de-el-ladron-de-perros-con-alfredo-castro\/"]}]},{"@type":"ImageObject","inLanguage":"es","@id":"https:\/\/clientesbrandbits.click\/se-lanza-trailer-de-el-ladron-de-perros-con-alfredo-castro\/#primaryimage","url":"https:\/\/clientesbrandbits.click\/wp-content\/uploads\/2024\/07\/el-ladron-de-perros.webp","contentUrl":"https:\/\/clientesbrandbits.click\/wp-content\/uploads\/2024\/07\/el-ladron-de-perros.webp","width":1500,"height":1055},{"@type":"BreadcrumbList","@id":"https:\/\/clientesbrandbits.click\/se-lanza-trailer-de-el-ladron-de-perros-con-alfredo-castro\/#breadcrumb","itemListElement":[{"@type":"ListItem","position":1,"name":"Portada","item":"https:\/\/clientesbrandbits.click\/"},{"@type":"ListItem","position":2,"name":"Se lanza tr\u00e1iler de \u00abEl ladr\u00f3n de perros\u00bb con Alfredo Castro"}]},{"@type":"WebSite","@id":"https:\/\/clientesbrandbits.click\/#website","url":"https:\/\/clientesbrandbits.click\/","name":"Spanglish Cinema","description":"","publisher":{"@id":"https:\/\/clientesbrandbits.click\/#organization"},"potentialAction":[{"@type":"SearchAction","target":{"@type":"EntryPoint","urlTemplate":"https:\/\/clientesbrandbits.click\/?s={search_term_string}"},"query-input":"required name=search_term_string"}],"inLanguage":"es"},{"@type":"Organization","@id":"https:\/\/clientesbrandbits.click\/#organization","name":"Spanglish Cinema","url":"https:\/\/clientesbrandbits.click\/","logo":{"@type":"ImageObject","inLanguage":"es","@id":"https:\/\/clientesbrandbits.click\/#\/schema\/logo\/image\/","url":"https:\/\/clientesbrandbits.click\/wp-content\/uploads\/2024\/03\/spanglish_cinema.png","contentUrl":"https:\/\/clientesbrandbits.click\/wp-content\/uploads\/2024\/03\/spanglish_cinema.png","width":612,"height":225,"caption":"Spanglish Cinema"},"image":{"@id":"https:\/\/clientesbrandbits.click\/#\/schema\/logo\/image\/"}},{"@type":"Person","@id":"https:\/\/clientesbrandbits.click\/#\/schema\/person\/3582a766d1bd629325b8cb5e303f4963","name":"Elizabeth Salazar","image":{"@type":"ImageObject","inLanguage":"es","@id":"https:\/\/clientesbrandbits.click\/#\/schema\/person\/image\/","url":"https:\/\/secure.gravatar.com\/avatar\/ddf69a5ddae2a61929dd4e305eb31658?s=96&d=mm&r=g","contentUrl":"https:\/\/secure.gravatar.com\/avatar\/ddf69a5ddae2a61929dd4e305eb31658?s=96&d=mm&r=g","caption":"Elizabeth Salazar"},"url":"https:\/\/clientesbrandbits.click\/es\/author\/elizabeth-salazar\/"}]}},"_links":{"self":[{"href":"https:\/\/clientesbrandbits.click\/es\/wp-json\/wp\/v2\/posts\/2112"}],"collection":[{"href":"https:\/\/clientesbrandbits.click\/es\/wp-json\/wp\/v2\/posts"}],"about":[{"href":"https:\/\/clientesbrandbits.click\/es\/wp-json\/wp\/v2\/types\/post"}],"author":[{"embeddable":true,"href":"https:\/\/clientesbrandbits.click\/es\/wp-json\/wp\/v2\/users\/5"}],"replies":[{"embeddable":true,"href":"https:\/\/clientesbrandbits.click\/es\/wp-json\/wp\/v2\/comments?post=2112"}],"version-history":[{"count":3,"href":"https:\/\/clientesbrandbits.click\/es\/wp-json\/wp\/v2\/posts\/2112\/revisions"}],"predecessor-version":[{"id":2143,"href":"https:\/\/clientesbrandbits.click\/es\/wp-json\/wp\/v2\/posts\/2112\/revisions\/2143"}],"wp:featuredmedia":[{"embeddable":true,"href":"https:\/\/clientesbrandbits.click\/es\/wp-json\/wp\/v2\/media\/2114"}],"wp:attachment":[{"href":"https:\/\/clientesbrandbits.click\/es\/wp-json\/wp\/v2\/media?parent=2112"}],"wp:term":[{"taxonomy":"category","embeddable":true,"href":"https:\/\/clientesbrandbits.click\/es\/wp-json\/wp\/v2\/categories?post=2112"},{"taxonomy":"post_tag","embeddable":true,"href":"https:\/\/clientesbrandbits.click\/es\/wp-json\/wp\/v2\/tags?post=2112"}],"curies":[{"name":"wp","href":"https:\/\/api.w.org\/{rel}","templated":true}]}}