{"id":2109,"date":"2024-07-04T09:25:23","date_gmt":"2024-07-04T13:25:23","guid":{"rendered":"https:\/\/clientesbrandbits.click\/?p=2109"},"modified":"2024-07-04T09:25:40","modified_gmt":"2024-07-04T13:25:40","slug":"cineteca-nacional-exhibira-peliculas-de-raul-ruiz-en-el-mes-de-su-natalicio","status":"publish","type":"post","link":"https:\/\/clientesbrandbits.click\/es\/cineteca-nacional-exhibira-peliculas-de-raul-ruiz-en-el-mes-de-su-natalicio\/","title":{"rendered":"Cineteca Nacional exhibir\u00e1 pel\u00edculas de Ra\u00fal Ru\u00edz en el mes de su natalicio"},"content":{"rendered":"<p style=\"text-align: justify;\">Hasta el 7 de julio se proyecta la <b>8\u00aa<\/b>\u00a0<b>Semana de Cine Portugu\u00e9s<\/b>, en la\u00a0<b>Cineteca Nacional de Chile<\/b>. La muestra es producida y programada por VAIVEM, con el apoyo del Cam\u00f5es IP, la Embajada de Portugal en Santiago, la Fundaci\u00f3n Calouste Gulbenkian, la Cinemateca Portuguesa y el Museo de Arte Latinoamericano de Buenos Aires (MALBA). Fiel al estilo del encuentro, la programaci\u00f3n est\u00e1 compuesta por pel\u00edculas, que dan cuenta de la creatividad y pluralidad de voces que caracterizan al cine portugu\u00e9s, como\u00a0<b>Os verdes anos (1963), Belarmino (1964), Super Natural (2007) y Onde fica esta rua? (2022)<\/b>.<\/p>\n<p style=\"text-align: justify;\">En el mes del natalicio del reputado realizador\u00a0<b>Ra\u00fal Ruiz<\/b>\u00a0(Puerto Montt, 25 de julio de 1941-Par\u00eds, 19 de agosto de 2011), la Cineteca\u00a0ha preparado la muestra gratuita\u00a0<b>\u201cEl cine del retorno de Ra\u00fal Ruiz<\/b>\u201d, desde el 23 hasta el 31 de julio. Se trata de parte de las pel\u00edculas que el cineasta film\u00f3 a su regreso a Chile, con t\u00edtulos de fines de los 90 y sus \u00faltimos a\u00f1os. La muestra abre con\u00a0<b>D\u00edas de campo (2004)<\/b>, una de sus cintas m\u00e1s destacadas, tras 20 a\u00f1os desde el estreno, el martes 23, a las 20:00 horas, seguida de un conversatorio. (Reserva de tickets en la p\u00e1gina de CCLM).<\/p>\n<p style=\"text-align: justify;\">Tambi\u00e9n se muestran dos\u00a0<b>Cl\u00e1sicos de los &#8217;80<\/b>\u00a0en la categor\u00eda de pel\u00edculas\u00a0<i>coming-of-age<\/i>\u00a0o\u00a0<i>rites-of-passage<\/i>:\u00a0<b>La ley de la calle (1983), de Francis Ford Coppola<\/b>, con Matt Dillon, Mickey Rourke, Nicolas Cage, Diane Lane, Dennis Hopper y Tom Waits; y\u00a0<b>Stand by me (1986), de Rob Reiner<\/b>, con un elenco que incluye a Will Wheaton, River Phoenix, Corey Feldman, Kiefer Sutherland, Jerry O\u2019Connell, John Cusack y Richard Dreyfuss, y con Stephen King, entre los guionistas. S\u00e1bado 6 y 13 de julio, y 20 y 27, respectivamente, a las 16:00 horas.<\/p>\n<p style=\"text-align: justify;\">A tono con los cl\u00e1sicos del mes, desde el 23 hasta el 31 de julio, se presenta \u201c<b>Transitar a la adultez\u201d.\u00a0<\/b>Es una selecci\u00f3n de ocho filmes que retratan las experiencias del dif\u00edcil paso de la infancia a la adultez:\u00a0<b>Mala junta\u00a0<\/b>(Claudia Huaiquimilla, 2016),\u00a0<b>Tarde para morir joven<\/b>\u00a0(Dominga Sotomayor, 2018),\u00a0<b>Juno<\/b>\u00a0(Jason Reitman, 2007),\u00a0<b>Moonrise Kingdom\u00a0<\/b>(Wes Anderson, 2012) y\u00a0<b>Lady Bird<\/b>\u00a0(Greta Gerwig, 2017, entre otros.<\/p>\n<p style=\"text-align: justify;\">Para los amantes del cine de\u00a0<b>Fran\u00e7oisTruffaut<\/b>, hay una funci\u00f3n especial de<b>\u00a0Los\u00a0\u00a0400 golpes (<\/b>1959), el 10 de julio, a las 20:00 horas, con motivo de los 80 a\u00f1os del nacimiento de Jean-Pierre L\u00e9aud. En esta pel\u00edcula, uno de los filmes fundadores de la\u00a0<i>nouvelle vague<\/i>, corriente que renov\u00f3 el cine franc\u00e9s, a fines de los &#8217;50 y comienzos de los &#8217;60, L\u00e9aud interpreta por primera vez a Antoine Doinel, c\u00e9lebre personaje que marcar\u00eda la obra del realizador, desde 1959 hasta 1978.<\/p>\n<p style=\"text-align: justify;\">En cuanto al p\u00fablico infantil, este podr\u00e1 disfrutar de la reprogramaci\u00f3n de la funci\u00f3n gratuita de vacaciones de\u00a0<b>31 Minutos, la pel\u00edcula<\/b>, el 7 de julio a las 15:00 horas, con reserva de ticket. Sala de cine (nivel -2).<\/p>\n<p style=\"text-align: justify;\">La agenda de\u00a0<b>CCLM\u00a0<\/b>para julio incluye asimismo conversatorios. El primero,\u00a0<b>\u201cAdolescentes infractores de ley: desaf\u00edos del sistema de justicia juvenil\u201d<\/b>, dirigido al p\u00fablico general, desde los 14 a\u00f1os, cuenta con la colaboraci\u00f3n de Red de Acci\u00f3n Carcelaria (RAC) y la participaci\u00f3n, entre otros, de Roc\u00edo Fa\u00fandez Garc\u00eda, trabajadora social y licenciada en Ciencias Pol\u00edticas de la Pontificia Universidad Cat\u00f3lica (PUC) y directora Nacional del Servicio Nacional de Reinserci\u00f3n Social Juvenil.\u00a0\u00a09 de julio, a las 18:00 horas, Espacio Wiphala (nivel -1). El 18, a las 11:30 horas, en el\u00a0\u00a0microcine (nivel -2), hay un di\u00e1logo participativo sobre\u00a0<b>\u201cNutrici\u00f3n en la persona mayor\u201d<\/b>, con miras a promover la buena alimentaci\u00f3n en este segmento de la poblaci\u00f3n.\u00a0\u00a0Invitada: Macarena Mellico, geront\u00f3loga interdisciplinar y encargada de difusi\u00f3n y reclutamiento en el centro GERO. (Ambas actividades son gratuitas previa inscripci\u00f3n).<\/p>\n<p style=\"text-align: justify;\">Por \u00faltimo, las exposiciones. Aparte de\u00a0<b>Qhapaq \u00d1an\/Camino del inca. Nudos y encuentros<\/b>, una producci\u00f3n del CCLM por los diez a\u00f1os desde que la ruta andina prehisp\u00e1nica se incluyera como Patrimonio Mundial de la UNESCO, en el nivel -1 tambi\u00e9n puede verse:\u00a0<b>\u00a1Ni\u00f1as y ni\u00f1os tenemos derechos!<\/b>, en la Galer\u00eda Cero (hay recorridos \u201cChiqui tour\u201d).\u00a0<b>Naturaleza y geograf\u00eda de Chile a trav\u00e9s del dise\u00f1o<\/b>\u00a0contin\u00faa hasta el 18 de agosto en Galer\u00eda del Dise\u00f1o (nivel-2) e\u00a0<b>Idearios de la mujer y el territorio. Fot\u00f3grafas de Chile y M\u00e9xico\u00a0<\/b>(que se extender\u00e1 nuevamente, por lo menos, hasta fines de octubre), en la Galer\u00eda de Fotograf\u00eda (nivel -3).<\/p>\n","protected":false},"excerpt":{"rendered":"<p>Hasta el 7 de julio se proyecta la 8\u00aa\u00a0Semana de Cine Portugu\u00e9s, en la\u00a0Cineteca Nacional de Chile. La muestra es producida y programada por VAIVEM, con el apoyo del Cam\u00f5es IP, la Embajada de Portugal en Santiago, la Fundaci\u00f3n Calouste &#8230; <a title=\"Cineteca Nacional exhibir\u00e1 pel\u00edculas de Ra\u00fal Ru\u00edz en el mes de su natalicio\" class=\"read-more\" href=\"https:\/\/clientesbrandbits.click\/es\/cineteca-nacional-exhibira-peliculas-de-raul-ruiz-en-el-mes-de-su-natalicio\/\" aria-label=\"Leer m\u00e1s sobre Cineteca Nacional exhibir\u00e1 pel\u00edculas de Ra\u00fal Ru\u00edz en el mes de su natalicio\">Leer M\u00e1s<\/a><\/p>\n","protected":false},"author":5,"featured_media":2110,"comment_status":"closed","ping_status":"closed","sticky":false,"template":"","format":"standard","meta":{"_joinchat":[],"footnotes":""},"categories":[10],"tags":[118,177],"class_list":["post-2109","post","type-post","status-publish","format-standard","has-post-thumbnail","hentry","category-films","tag-cineteca-nacional","tag-raul-ruiz","infinite-scroll-item"],"yoast_head":"<!-- This site is optimized with the Yoast SEO plugin v22.8 - https:\/\/yoast.com\/wordpress\/plugins\/seo\/ -->\n<title>Cineteca Nacional exhibir\u00e1 pel\u00edculas de Ra\u00fal Ru\u00edz en el mes de su natalicio - Spanglish Cinema<\/title>\n<meta name=\"description\" content=\"Hasta el 7 de julio se proyecta la 8\u00aa\u00a0Semana de Cine Portugu\u00e9s, en la\u00a0Cineteca Nacional de Chile. La muestra es producida y programada por VAIVEM, con el apoyo del Cam\u00f5es IP, la Embajada de Portugal en Santiago, la Fundaci\u00f3n Calouste Gulbenkian, la Cinemateca Portuguesa y el Museo de Arte Latinoamericano de Buenos Aires (MALBA). Fiel al estilo del encuentro, la programaci\u00f3n est\u00e1 compuesta por pel\u00edculas, que dan cuenta de la creatividad y pluralidad de voces que caracterizan al cine portugu\u00e9s, como\u00a0Os verdes anos (1963), Belarmino (1964), Super Natural (2007) y Onde fica esta rua? (2022).\u00a0\" \/>\n<meta name=\"robots\" content=\"index, follow, max-snippet:-1, max-image-preview:large, max-video-preview:-1\" \/>\n<link rel=\"canonical\" href=\"https:\/\/clientesbrandbits.click\/es\/cineteca-nacional-exhibira-peliculas-de-raul-ruiz-en-el-mes-de-su-natalicio\/\" \/>\n<meta property=\"og:locale\" content=\"es_ES\" \/>\n<meta property=\"og:type\" content=\"article\" \/>\n<meta property=\"og:title\" content=\"Cineteca Nacional exhibir\u00e1 pel\u00edculas de Ra\u00fal Ru\u00edz en el mes de su natalicio - Spanglish Cinema\" \/>\n<meta property=\"og:description\" content=\"Hasta el 7 de julio se proyecta la 8\u00aa\u00a0Semana de Cine Portugu\u00e9s, en la\u00a0Cineteca Nacional de Chile. La muestra es producida y programada por VAIVEM, con el apoyo del Cam\u00f5es IP, la Embajada de Portugal en Santiago, la Fundaci\u00f3n Calouste Gulbenkian, la Cinemateca Portuguesa y el Museo de Arte Latinoamericano de Buenos Aires (MALBA). Fiel al estilo del encuentro, la programaci\u00f3n est\u00e1 compuesta por pel\u00edculas, que dan cuenta de la creatividad y pluralidad de voces que caracterizan al cine portugu\u00e9s, como\u00a0Os verdes anos (1963), Belarmino (1964), Super Natural (2007) y Onde fica esta rua? (2022).\u00a0\" \/>\n<meta property=\"og:url\" content=\"https:\/\/clientesbrandbits.click\/es\/cineteca-nacional-exhibira-peliculas-de-raul-ruiz-en-el-mes-de-su-natalicio\/\" \/>\n<meta property=\"og:site_name\" content=\"Spanglish Cinema\" \/>\n<meta property=\"article:published_time\" content=\"2024-07-04T13:25:23+00:00\" \/>\n<meta property=\"article:modified_time\" content=\"2024-07-04T13:25:40+00:00\" \/>\n<meta property=\"og:image\" content=\"https:\/\/clientesbrandbits.click\/wp-content\/uploads\/2024\/07\/la-nuit-den-face2_1.jpg.1100x550_q85_crop-smart_upscale.jpg\" \/>\n\t<meta property=\"og:image:width\" content=\"1100\" \/>\n\t<meta property=\"og:image:height\" content=\"550\" \/>\n\t<meta property=\"og:image:type\" content=\"image\/jpeg\" \/>\n<meta name=\"author\" content=\"Elizabeth Salazar\" \/>\n<meta name=\"twitter:card\" content=\"summary_large_image\" \/>\n<meta name=\"twitter:label1\" content=\"Escrito por\" \/>\n\t<meta name=\"twitter:data1\" content=\"Elizabeth Salazar\" \/>\n\t<meta name=\"twitter:label2\" content=\"Tiempo de lectura\" \/>\n\t<meta name=\"twitter:data2\" content=\"4 minutos\" \/>\n<script type=\"application\/ld+json\" class=\"yoast-schema-graph\">{\"@context\":\"https:\/\/schema.org\",\"@graph\":[{\"@type\":\"Article\",\"@id\":\"https:\/\/clientesbrandbits.click\/cineteca-nacional-exhibira-peliculas-de-raul-ruiz-en-el-mes-de-su-natalicio\/#article\",\"isPartOf\":{\"@id\":\"https:\/\/clientesbrandbits.click\/cineteca-nacional-exhibira-peliculas-de-raul-ruiz-en-el-mes-de-su-natalicio\/\"},\"author\":{\"name\":\"Elizabeth Salazar\",\"@id\":\"https:\/\/clientesbrandbits.click\/#\/schema\/person\/3582a766d1bd629325b8cb5e303f4963\"},\"headline\":\"Cineteca Nacional exhibir\u00e1 pel\u00edculas de Ra\u00fal Ru\u00edz en el mes de su natalicio\",\"datePublished\":\"2024-07-04T13:25:23+00:00\",\"dateModified\":\"2024-07-04T13:25:40+00:00\",\"mainEntityOfPage\":{\"@id\":\"https:\/\/clientesbrandbits.click\/cineteca-nacional-exhibira-peliculas-de-raul-ruiz-en-el-mes-de-su-natalicio\/\"},\"wordCount\":775,\"publisher\":{\"@id\":\"https:\/\/clientesbrandbits.click\/#organization\"},\"image\":{\"@id\":\"https:\/\/clientesbrandbits.click\/cineteca-nacional-exhibira-peliculas-de-raul-ruiz-en-el-mes-de-su-natalicio\/#primaryimage\"},\"thumbnailUrl\":\"https:\/\/clientesbrandbits.click\/wp-content\/uploads\/2024\/07\/la-nuit-den-face2_1.jpg.1100x550_q85_crop-smart_upscale.jpg\",\"keywords\":[\"Cineteca Nacional\",\"Raul Ruiz\"],\"articleSection\":[\"Films\"],\"inLanguage\":\"es\"},{\"@type\":\"WebPage\",\"@id\":\"https:\/\/clientesbrandbits.click\/cineteca-nacional-exhibira-peliculas-de-raul-ruiz-en-el-mes-de-su-natalicio\/\",\"url\":\"https:\/\/clientesbrandbits.click\/cineteca-nacional-exhibira-peliculas-de-raul-ruiz-en-el-mes-de-su-natalicio\/\",\"name\":\"Cineteca Nacional exhibir\u00e1 pel\u00edculas de Ra\u00fal Ru\u00edz en el mes de su natalicio - Spanglish Cinema\",\"isPartOf\":{\"@id\":\"https:\/\/clientesbrandbits.click\/#website\"},\"primaryImageOfPage\":{\"@id\":\"https:\/\/clientesbrandbits.click\/cineteca-nacional-exhibira-peliculas-de-raul-ruiz-en-el-mes-de-su-natalicio\/#primaryimage\"},\"image\":{\"@id\":\"https:\/\/clientesbrandbits.click\/cineteca-nacional-exhibira-peliculas-de-raul-ruiz-en-el-mes-de-su-natalicio\/#primaryimage\"},\"thumbnailUrl\":\"https:\/\/clientesbrandbits.click\/wp-content\/uploads\/2024\/07\/la-nuit-den-face2_1.jpg.1100x550_q85_crop-smart_upscale.jpg\",\"datePublished\":\"2024-07-04T13:25:23+00:00\",\"dateModified\":\"2024-07-04T13:25:40+00:00\",\"description\":\"Hasta el 7 de julio se proyecta la 8\u00aa\u00a0Semana de Cine Portugu\u00e9s, en la\u00a0Cineteca Nacional de Chile. La muestra es producida y programada por VAIVEM, con el apoyo del Cam\u00f5es IP, la Embajada de Portugal en Santiago, la Fundaci\u00f3n Calouste Gulbenkian, la Cinemateca Portuguesa y el Museo de Arte Latinoamericano de Buenos Aires (MALBA). Fiel al estilo del encuentro, la programaci\u00f3n est\u00e1 compuesta por pel\u00edculas, que dan cuenta de la creatividad y pluralidad de voces que caracterizan al cine portugu\u00e9s, como\u00a0Os verdes anos (1963), Belarmino (1964), Super Natural (2007) y Onde fica esta rua? (2022).\u00a0\",\"breadcrumb\":{\"@id\":\"https:\/\/clientesbrandbits.click\/cineteca-nacional-exhibira-peliculas-de-raul-ruiz-en-el-mes-de-su-natalicio\/#breadcrumb\"},\"inLanguage\":\"es\",\"potentialAction\":[{\"@type\":\"ReadAction\",\"target\":[\"https:\/\/clientesbrandbits.click\/cineteca-nacional-exhibira-peliculas-de-raul-ruiz-en-el-mes-de-su-natalicio\/\"]}]},{\"@type\":\"ImageObject\",\"inLanguage\":\"es\",\"@id\":\"https:\/\/clientesbrandbits.click\/cineteca-nacional-exhibira-peliculas-de-raul-ruiz-en-el-mes-de-su-natalicio\/#primaryimage\",\"url\":\"https:\/\/clientesbrandbits.click\/wp-content\/uploads\/2024\/07\/la-nuit-den-face2_1.jpg.1100x550_q85_crop-smart_upscale.jpg\",\"contentUrl\":\"https:\/\/clientesbrandbits.click\/wp-content\/uploads\/2024\/07\/la-nuit-den-face2_1.jpg.1100x550_q85_crop-smart_upscale.jpg\",\"width\":1100,\"height\":550},{\"@type\":\"BreadcrumbList\",\"@id\":\"https:\/\/clientesbrandbits.click\/cineteca-nacional-exhibira-peliculas-de-raul-ruiz-en-el-mes-de-su-natalicio\/#breadcrumb\",\"itemListElement\":[{\"@type\":\"ListItem\",\"position\":1,\"name\":\"Portada\",\"item\":\"https:\/\/clientesbrandbits.click\/\"},{\"@type\":\"ListItem\",\"position\":2,\"name\":\"Cineteca Nacional exhibir\u00e1 pel\u00edculas de Ra\u00fal Ru\u00edz en el mes de su natalicio\"}]},{\"@type\":\"WebSite\",\"@id\":\"https:\/\/clientesbrandbits.click\/#website\",\"url\":\"https:\/\/clientesbrandbits.click\/\",\"name\":\"Spanglish Cinema\",\"description\":\"\",\"publisher\":{\"@id\":\"https:\/\/clientesbrandbits.click\/#organization\"},\"potentialAction\":[{\"@type\":\"SearchAction\",\"target\":{\"@type\":\"EntryPoint\",\"urlTemplate\":\"https:\/\/clientesbrandbits.click\/?s={search_term_string}\"},\"query-input\":\"required name=search_term_string\"}],\"inLanguage\":\"es\"},{\"@type\":\"Organization\",\"@id\":\"https:\/\/clientesbrandbits.click\/#organization\",\"name\":\"Spanglish Cinema\",\"url\":\"https:\/\/clientesbrandbits.click\/\",\"logo\":{\"@type\":\"ImageObject\",\"inLanguage\":\"es\",\"@id\":\"https:\/\/clientesbrandbits.click\/#\/schema\/logo\/image\/\",\"url\":\"https:\/\/clientesbrandbits.click\/wp-content\/uploads\/2024\/03\/spanglish_cinema.png\",\"contentUrl\":\"https:\/\/clientesbrandbits.click\/wp-content\/uploads\/2024\/03\/spanglish_cinema.png\",\"width\":612,\"height\":225,\"caption\":\"Spanglish Cinema\"},\"image\":{\"@id\":\"https:\/\/clientesbrandbits.click\/#\/schema\/logo\/image\/\"}},{\"@type\":\"Person\",\"@id\":\"https:\/\/clientesbrandbits.click\/#\/schema\/person\/3582a766d1bd629325b8cb5e303f4963\",\"name\":\"Elizabeth Salazar\",\"image\":{\"@type\":\"ImageObject\",\"inLanguage\":\"es\",\"@id\":\"https:\/\/clientesbrandbits.click\/#\/schema\/person\/image\/\",\"url\":\"https:\/\/secure.gravatar.com\/avatar\/ddf69a5ddae2a61929dd4e305eb31658?s=96&d=mm&r=g\",\"contentUrl\":\"https:\/\/secure.gravatar.com\/avatar\/ddf69a5ddae2a61929dd4e305eb31658?s=96&d=mm&r=g\",\"caption\":\"Elizabeth Salazar\"},\"url\":\"https:\/\/clientesbrandbits.click\/es\/author\/elizabeth-salazar\/\"}]}<\/script>\n<!-- \/ Yoast SEO plugin. -->","yoast_head_json":{"title":"Cineteca Nacional exhibir\u00e1 pel\u00edculas de Ra\u00fal Ru\u00edz en el mes de su natalicio - Spanglish Cinema","description":"Hasta el 7 de julio se proyecta la 8\u00aa\u00a0Semana de Cine Portugu\u00e9s, en la\u00a0Cineteca Nacional de Chile. La muestra es producida y programada por VAIVEM, con el apoyo del Cam\u00f5es IP, la Embajada de Portugal en Santiago, la Fundaci\u00f3n Calouste Gulbenkian, la Cinemateca Portuguesa y el Museo de Arte Latinoamericano de Buenos Aires (MALBA). Fiel al estilo del encuentro, la programaci\u00f3n est\u00e1 compuesta por pel\u00edculas, que dan cuenta de la creatividad y pluralidad de voces que caracterizan al cine portugu\u00e9s, como\u00a0Os verdes anos (1963), Belarmino (1964), Super Natural (2007) y Onde fica esta rua? (2022).\u00a0","robots":{"index":"index","follow":"follow","max-snippet":"max-snippet:-1","max-image-preview":"max-image-preview:large","max-video-preview":"max-video-preview:-1"},"canonical":"https:\/\/clientesbrandbits.click\/es\/cineteca-nacional-exhibira-peliculas-de-raul-ruiz-en-el-mes-de-su-natalicio\/","og_locale":"es_ES","og_type":"article","og_title":"Cineteca Nacional exhibir\u00e1 pel\u00edculas de Ra\u00fal Ru\u00edz en el mes de su natalicio - Spanglish Cinema","og_description":"Hasta el 7 de julio se proyecta la 8\u00aa\u00a0Semana de Cine Portugu\u00e9s, en la\u00a0Cineteca Nacional de Chile. La muestra es producida y programada por VAIVEM, con el apoyo del Cam\u00f5es IP, la Embajada de Portugal en Santiago, la Fundaci\u00f3n Calouste Gulbenkian, la Cinemateca Portuguesa y el Museo de Arte Latinoamericano de Buenos Aires (MALBA). Fiel al estilo del encuentro, la programaci\u00f3n est\u00e1 compuesta por pel\u00edculas, que dan cuenta de la creatividad y pluralidad de voces que caracterizan al cine portugu\u00e9s, como\u00a0Os verdes anos (1963), Belarmino (1964), Super Natural (2007) y Onde fica esta rua? (2022).\u00a0","og_url":"https:\/\/clientesbrandbits.click\/es\/cineteca-nacional-exhibira-peliculas-de-raul-ruiz-en-el-mes-de-su-natalicio\/","og_site_name":"Spanglish Cinema","article_published_time":"2024-07-04T13:25:23+00:00","article_modified_time":"2024-07-04T13:25:40+00:00","og_image":[{"width":1100,"height":550,"url":"https:\/\/clientesbrandbits.click\/wp-content\/uploads\/2024\/07\/la-nuit-den-face2_1.jpg.1100x550_q85_crop-smart_upscale.jpg","type":"image\/jpeg"}],"author":"Elizabeth Salazar","twitter_card":"summary_large_image","twitter_misc":{"Escrito por":"Elizabeth Salazar","Tiempo de lectura":"4 minutos"},"schema":{"@context":"https:\/\/schema.org","@graph":[{"@type":"Article","@id":"https:\/\/clientesbrandbits.click\/cineteca-nacional-exhibira-peliculas-de-raul-ruiz-en-el-mes-de-su-natalicio\/#article","isPartOf":{"@id":"https:\/\/clientesbrandbits.click\/cineteca-nacional-exhibira-peliculas-de-raul-ruiz-en-el-mes-de-su-natalicio\/"},"author":{"name":"Elizabeth Salazar","@id":"https:\/\/clientesbrandbits.click\/#\/schema\/person\/3582a766d1bd629325b8cb5e303f4963"},"headline":"Cineteca Nacional exhibir\u00e1 pel\u00edculas de Ra\u00fal Ru\u00edz en el mes de su natalicio","datePublished":"2024-07-04T13:25:23+00:00","dateModified":"2024-07-04T13:25:40+00:00","mainEntityOfPage":{"@id":"https:\/\/clientesbrandbits.click\/cineteca-nacional-exhibira-peliculas-de-raul-ruiz-en-el-mes-de-su-natalicio\/"},"wordCount":775,"publisher":{"@id":"https:\/\/clientesbrandbits.click\/#organization"},"image":{"@id":"https:\/\/clientesbrandbits.click\/cineteca-nacional-exhibira-peliculas-de-raul-ruiz-en-el-mes-de-su-natalicio\/#primaryimage"},"thumbnailUrl":"https:\/\/clientesbrandbits.click\/wp-content\/uploads\/2024\/07\/la-nuit-den-face2_1.jpg.1100x550_q85_crop-smart_upscale.jpg","keywords":["Cineteca Nacional","Raul Ruiz"],"articleSection":["Films"],"inLanguage":"es"},{"@type":"WebPage","@id":"https:\/\/clientesbrandbits.click\/cineteca-nacional-exhibira-peliculas-de-raul-ruiz-en-el-mes-de-su-natalicio\/","url":"https:\/\/clientesbrandbits.click\/cineteca-nacional-exhibira-peliculas-de-raul-ruiz-en-el-mes-de-su-natalicio\/","name":"Cineteca Nacional exhibir\u00e1 pel\u00edculas de Ra\u00fal Ru\u00edz en el mes de su natalicio - Spanglish Cinema","isPartOf":{"@id":"https:\/\/clientesbrandbits.click\/#website"},"primaryImageOfPage":{"@id":"https:\/\/clientesbrandbits.click\/cineteca-nacional-exhibira-peliculas-de-raul-ruiz-en-el-mes-de-su-natalicio\/#primaryimage"},"image":{"@id":"https:\/\/clientesbrandbits.click\/cineteca-nacional-exhibira-peliculas-de-raul-ruiz-en-el-mes-de-su-natalicio\/#primaryimage"},"thumbnailUrl":"https:\/\/clientesbrandbits.click\/wp-content\/uploads\/2024\/07\/la-nuit-den-face2_1.jpg.1100x550_q85_crop-smart_upscale.jpg","datePublished":"2024-07-04T13:25:23+00:00","dateModified":"2024-07-04T13:25:40+00:00","description":"Hasta el 7 de julio se proyecta la 8\u00aa\u00a0Semana de Cine Portugu\u00e9s, en la\u00a0Cineteca Nacional de Chile. La muestra es producida y programada por VAIVEM, con el apoyo del Cam\u00f5es IP, la Embajada de Portugal en Santiago, la Fundaci\u00f3n Calouste Gulbenkian, la Cinemateca Portuguesa y el Museo de Arte Latinoamericano de Buenos Aires (MALBA). Fiel al estilo del encuentro, la programaci\u00f3n est\u00e1 compuesta por pel\u00edculas, que dan cuenta de la creatividad y pluralidad de voces que caracterizan al cine portugu\u00e9s, como\u00a0Os verdes anos (1963), Belarmino (1964), Super Natural (2007) y Onde fica esta rua? (2022).\u00a0","breadcrumb":{"@id":"https:\/\/clientesbrandbits.click\/cineteca-nacional-exhibira-peliculas-de-raul-ruiz-en-el-mes-de-su-natalicio\/#breadcrumb"},"inLanguage":"es","potentialAction":[{"@type":"ReadAction","target":["https:\/\/clientesbrandbits.click\/cineteca-nacional-exhibira-peliculas-de-raul-ruiz-en-el-mes-de-su-natalicio\/"]}]},{"@type":"ImageObject","inLanguage":"es","@id":"https:\/\/clientesbrandbits.click\/cineteca-nacional-exhibira-peliculas-de-raul-ruiz-en-el-mes-de-su-natalicio\/#primaryimage","url":"https:\/\/clientesbrandbits.click\/wp-content\/uploads\/2024\/07\/la-nuit-den-face2_1.jpg.1100x550_q85_crop-smart_upscale.jpg","contentUrl":"https:\/\/clientesbrandbits.click\/wp-content\/uploads\/2024\/07\/la-nuit-den-face2_1.jpg.1100x550_q85_crop-smart_upscale.jpg","width":1100,"height":550},{"@type":"BreadcrumbList","@id":"https:\/\/clientesbrandbits.click\/cineteca-nacional-exhibira-peliculas-de-raul-ruiz-en-el-mes-de-su-natalicio\/#breadcrumb","itemListElement":[{"@type":"ListItem","position":1,"name":"Portada","item":"https:\/\/clientesbrandbits.click\/"},{"@type":"ListItem","position":2,"name":"Cineteca Nacional exhibir\u00e1 pel\u00edculas de Ra\u00fal Ru\u00edz en el mes de su natalicio"}]},{"@type":"WebSite","@id":"https:\/\/clientesbrandbits.click\/#website","url":"https:\/\/clientesbrandbits.click\/","name":"Spanglish Cinema","description":"","publisher":{"@id":"https:\/\/clientesbrandbits.click\/#organization"},"potentialAction":[{"@type":"SearchAction","target":{"@type":"EntryPoint","urlTemplate":"https:\/\/clientesbrandbits.click\/?s={search_term_string}"},"query-input":"required name=search_term_string"}],"inLanguage":"es"},{"@type":"Organization","@id":"https:\/\/clientesbrandbits.click\/#organization","name":"Spanglish Cinema","url":"https:\/\/clientesbrandbits.click\/","logo":{"@type":"ImageObject","inLanguage":"es","@id":"https:\/\/clientesbrandbits.click\/#\/schema\/logo\/image\/","url":"https:\/\/clientesbrandbits.click\/wp-content\/uploads\/2024\/03\/spanglish_cinema.png","contentUrl":"https:\/\/clientesbrandbits.click\/wp-content\/uploads\/2024\/03\/spanglish_cinema.png","width":612,"height":225,"caption":"Spanglish Cinema"},"image":{"@id":"https:\/\/clientesbrandbits.click\/#\/schema\/logo\/image\/"}},{"@type":"Person","@id":"https:\/\/clientesbrandbits.click\/#\/schema\/person\/3582a766d1bd629325b8cb5e303f4963","name":"Elizabeth Salazar","image":{"@type":"ImageObject","inLanguage":"es","@id":"https:\/\/clientesbrandbits.click\/#\/schema\/person\/image\/","url":"https:\/\/secure.gravatar.com\/avatar\/ddf69a5ddae2a61929dd4e305eb31658?s=96&d=mm&r=g","contentUrl":"https:\/\/secure.gravatar.com\/avatar\/ddf69a5ddae2a61929dd4e305eb31658?s=96&d=mm&r=g","caption":"Elizabeth Salazar"},"url":"https:\/\/clientesbrandbits.click\/es\/author\/elizabeth-salazar\/"}]}},"_links":{"self":[{"href":"https:\/\/clientesbrandbits.click\/es\/wp-json\/wp\/v2\/posts\/2109"}],"collection":[{"href":"https:\/\/clientesbrandbits.click\/es\/wp-json\/wp\/v2\/posts"}],"about":[{"href":"https:\/\/clientesbrandbits.click\/es\/wp-json\/wp\/v2\/types\/post"}],"author":[{"embeddable":true,"href":"https:\/\/clientesbrandbits.click\/es\/wp-json\/wp\/v2\/users\/5"}],"replies":[{"embeddable":true,"href":"https:\/\/clientesbrandbits.click\/es\/wp-json\/wp\/v2\/comments?post=2109"}],"version-history":[{"count":3,"href":"https:\/\/clientesbrandbits.click\/es\/wp-json\/wp\/v2\/posts\/2109\/revisions"}],"predecessor-version":[{"id":2126,"href":"https:\/\/clientesbrandbits.click\/es\/wp-json\/wp\/v2\/posts\/2109\/revisions\/2126"}],"wp:featuredmedia":[{"embeddable":true,"href":"https:\/\/clientesbrandbits.click\/es\/wp-json\/wp\/v2\/media\/2110"}],"wp:attachment":[{"href":"https:\/\/clientesbrandbits.click\/es\/wp-json\/wp\/v2\/media?parent=2109"}],"wp:term":[{"taxonomy":"category","embeddable":true,"href":"https:\/\/clientesbrandbits.click\/es\/wp-json\/wp\/v2\/categories?post=2109"},{"taxonomy":"post_tag","embeddable":true,"href":"https:\/\/clientesbrandbits.click\/es\/wp-json\/wp\/v2\/tags?post=2109"}],"curies":[{"name":"wp","href":"https:\/\/api.w.org\/{rel}","templated":true}]}}