{"id":2067,"date":"2024-06-30T12:38:32","date_gmt":"2024-06-30T16:38:32","guid":{"rendered":"https:\/\/clientesbrandbits.click\/?p=2067"},"modified":"2024-07-01T12:39:50","modified_gmt":"2024-07-01T16:39:50","slug":"vaivem-presenta-la-8a-semana-de-cine-portugues-en-la-cineteca-nacional","status":"publish","type":"post","link":"https:\/\/clientesbrandbits.click\/es\/vaivem-presenta-la-8a-semana-de-cine-portugues-en-la-cineteca-nacional\/","title":{"rendered":"VAIVEM presenta la 8\u00aa Semana de Cine Portugu\u00e9s en la Cineteca Nacional"},"content":{"rendered":"<p style=\"text-align: justify;\">La\u00a0<b>8\u00aa Semana de Cine Portugu\u00e9s<\/b>\u00a0llega a Santiago, desde el 2 hasta el 7 de julio, y fiel al esp\u00edritu que caracteriza a este encuentro, la programaci\u00f3n est\u00e1 compuesta por algunas de las pel\u00edculas m\u00e1s estimulantes de la actualidad. Estas dan cuenta de la creatividad y pluralidad de voces que caracterizan al cine portugu\u00e9s contempor\u00e1neo.<\/p>\n<p style=\"text-align: justify;\">La muestra arriba en un a\u00f1o especial, ya que el\u00a0<b>25 de abril<\/b>\u00a0se cumplieron\u00a0<b>50 a\u00f1os<\/b>\u00a0del d\u00eda en que\u00a0<b>la Revoluci\u00f3n de los Claveles\u00a0<\/b>puso fin a casi medio siglo de dictadura en Portugal y marc\u00f3 el inicio de un nuevo per\u00edodo de apertura democr\u00e1tica y progresiva descolonizaci\u00f3n.\u00a0A tono con esta efem\u00e9ride, la 8\u00aa Semana de Cine Portugu\u00e9s contar\u00e1 con una funci\u00f3n de apertura especial con tres cortometrajes documentales realizados en los a\u00f1os inmediatamente posteriores a la revoluci\u00f3n<b>.<\/b><\/p>\n<p style=\"text-align: justify;\">El foco\u00a0<b>Lisboa en el Cine Portugu\u00e9s<\/b>\u00a0tiende puentes entre el pasado y el presente de una ciudad que cautiv\u00f3 al s\u00e9ptimo arte desde sus inicios, con pel\u00edculas que la recorren, documentan, sue\u00f1an o imaginan, pasando por registros descarnados de calles y bares de los a\u00f1os 60 en\u00a0<b>Belarmino<\/b>; y obras centrales para la historia del Novo Cinema portugu\u00e9s como\u00a0<b>Os verdes anos<\/b>\u00a0de Paulo Rocha, acompa\u00f1ada por la contempor\u00e1nea\u00a0<b>Onde fica esta rua? Ou sem antes nem depois<\/b>\u00a0de Jo\u00e3o Pedro Rodrigues y Jo\u00e3o Rui Guerra da Mata, que comparte tambi\u00e9n la magn\u00e9tica presencia de Isabel Ruth por esos barrios. O la Lisboa del siglo XXI, que se desdibuja en la gentrificaci\u00f3n en\u00a0<b>A morte de uma cidade<\/b>, opera prima de Jo\u00e3o Rosas.<\/p>\n<p style=\"text-align: justify;\">La secci\u00f3n\u00a0<b>Poscolonialismo<\/b>, un cl\u00e1sico en la programaci\u00f3n de la Semana de Cine Portugu\u00e9s, se compone en esta edici\u00f3n de tres largometrajes que, desde diferentes perspectivas, muestran la relevancia y el impacto que a\u00fan tienen el per\u00edodo colonial y sus pr\u00e1cticas.\u00a0<b>Na\u00e7\u00e3o valente,<\/b>\u00a0segundo filme de Carlos Concei\u00e7\u00e3o (luego de la revelaci\u00f3n que implic\u00f3\u00a0<b>Serpent\u00e1rio,<\/b>\u00a0su \u00f3pera prima, en la 6\u00aa Semana de Cine Portugu\u00e9s);\u00a0<b>Manga d\u2019terra<\/b>, \u00faltima pel\u00edcula de Basil Da Cunha, que sigue trabajando y narrando las periferias m\u00e1s olvidadas de la ciudad de Lisboa; y\u00a0<b>Rosinha e outros bichos do mato<\/b>, documental que recupera una popular exhibici\u00f3n de la d\u00e9cada del \u201830 para rastrear las huellas del racismo.<\/p>\n<p style=\"text-align: justify;\">Por \u00faltimo, el apartado\u00a0<b>Panorama<\/b>, que siempre sirve como instant\u00e1nea del estado del cine portugu\u00e9s y sus diferentes expresiones, cuenta con una selecci\u00f3n de t\u00edtulos resonantes de la actualidad. Re\u00fane filmes que narran finas y sagaces capas de humanidad, como\u00a0<b>L\u00e9gua<\/b>, de Filipa Reis y Jo\u00e3o Miller, o\u00a0<b>Ciudad Rabat<\/b>, Susana Nobre), la prometedora y l\u00facida \u00f3pera prima de Maria Mire;\u00a0<b>Clandestina<\/b>\u00a0y\u00a0<b>Super Natural,\u00a0<\/b>de Jorge J\u00e1come. Esta \u00faltima, un cautivante ejemplo del cine experimental portugu\u00e9s, galardonada con el premio de la cr\u00edtica en el Festival de Berl\u00edn.<\/p>\n<p style=\"text-align: justify;\">Apegada al firme compromiso de difundir el heterog\u00e9neo mapa del cine portugu\u00e9s, sus autores y su historia, la Semana de Cine Portugu\u00e9s vuelve a Santiago con una propuesta que invita a descubrir o reencontrarse con una de las cinematograf\u00edas m\u00e1s cautivadoras de hoy.<\/p>\n","protected":false},"excerpt":{"rendered":"<p>La\u00a08\u00aa Semana de Cine Portugu\u00e9s\u00a0llega a Santiago, desde el 2 hasta el 7 de julio, y fiel al esp\u00edritu que caracteriza a este encuentro, la programaci\u00f3n est\u00e1 compuesta por algunas de las pel\u00edculas m\u00e1s estimulantes de la actualidad. Estas dan &#8230; <a title=\"VAIVEM presenta la 8\u00aa Semana de Cine Portugu\u00e9s en la Cineteca Nacional\" class=\"read-more\" href=\"https:\/\/clientesbrandbits.click\/es\/vaivem-presenta-la-8a-semana-de-cine-portugues-en-la-cineteca-nacional\/\" aria-label=\"Leer m\u00e1s sobre VAIVEM presenta la 8\u00aa Semana de Cine Portugu\u00e9s en la Cineteca Nacional\">Leer M\u00e1s<\/a><\/p>\n","protected":false},"author":5,"featured_media":2068,"comment_status":"closed","ping_status":"closed","sticky":false,"template":"","format":"standard","meta":{"_joinchat":[],"footnotes":""},"categories":[10],"tags":[],"class_list":["post-2067","post","type-post","status-publish","format-standard","has-post-thumbnail","hentry","category-films","infinite-scroll-item"],"yoast_head":"<!-- This site is optimized with the Yoast SEO plugin v22.8 - https:\/\/yoast.com\/wordpress\/plugins\/seo\/ -->\n<title>VAIVEM presenta la 8\u00aa Semana de Cine Portugu\u00e9s en la Cineteca Nacional - Spanglish Cinema<\/title>\n<meta name=\"description\" content=\"La\u00a08\u00aa Semana de Cine Portugu\u00e9s\u00a0llega a Santiago, desde el 2 hasta el 7 de julio, y fiel al esp\u00edritu que caracteriza a este encuentro, la programaci\u00f3n est\u00e1 compuesta por algunas de las pel\u00edculas m\u00e1s estimulantes de la actualidad. Estas dan cuenta de la creatividad y pluralidad de voces que caracterizan al cine portugu\u00e9s contempor\u00e1neo.\" \/>\n<meta name=\"robots\" content=\"index, follow, max-snippet:-1, max-image-preview:large, max-video-preview:-1\" \/>\n<link rel=\"canonical\" href=\"https:\/\/clientesbrandbits.click\/es\/vaivem-presenta-la-8a-semana-de-cine-portugues-en-la-cineteca-nacional\/\" \/>\n<meta property=\"og:locale\" content=\"es_ES\" \/>\n<meta property=\"og:type\" content=\"article\" \/>\n<meta property=\"og:title\" content=\"VAIVEM presenta la 8\u00aa Semana de Cine Portugu\u00e9s en la Cineteca Nacional - Spanglish Cinema\" \/>\n<meta property=\"og:description\" content=\"La\u00a08\u00aa Semana de Cine Portugu\u00e9s\u00a0llega a Santiago, desde el 2 hasta el 7 de julio, y fiel al esp\u00edritu que caracteriza a este encuentro, la programaci\u00f3n est\u00e1 compuesta por algunas de las pel\u00edculas m\u00e1s estimulantes de la actualidad. Estas dan cuenta de la creatividad y pluralidad de voces que caracterizan al cine portugu\u00e9s contempor\u00e1neo.\" \/>\n<meta property=\"og:url\" content=\"https:\/\/clientesbrandbits.click\/es\/vaivem-presenta-la-8a-semana-de-cine-portugues-en-la-cineteca-nacional\/\" \/>\n<meta property=\"og:site_name\" content=\"Spanglish Cinema\" \/>\n<meta property=\"article:published_time\" content=\"2024-06-30T16:38:32+00:00\" \/>\n<meta property=\"article:modified_time\" content=\"2024-07-01T16:39:50+00:00\" \/>\n<meta property=\"og:image\" content=\"https:\/\/clientesbrandbits.click\/wp-content\/uploads\/2024\/07\/unnamed-8.jpg\" \/>\n\t<meta property=\"og:image:width\" content=\"1279\" \/>\n\t<meta property=\"og:image:height\" content=\"720\" \/>\n\t<meta property=\"og:image:type\" content=\"image\/jpeg\" \/>\n<meta name=\"author\" content=\"Elizabeth Salazar\" \/>\n<meta name=\"twitter:card\" content=\"summary_large_image\" \/>\n<meta name=\"twitter:label1\" content=\"Escrito por\" \/>\n\t<meta name=\"twitter:data1\" content=\"Elizabeth Salazar\" \/>\n\t<meta name=\"twitter:label2\" content=\"Tiempo de lectura\" \/>\n\t<meta name=\"twitter:data2\" content=\"3 minutos\" \/>\n<script type=\"application\/ld+json\" class=\"yoast-schema-graph\">{\"@context\":\"https:\/\/schema.org\",\"@graph\":[{\"@type\":\"Article\",\"@id\":\"https:\/\/clientesbrandbits.click\/vaivem-presenta-la-8a-semana-de-cine-portugues-en-la-cineteca-nacional\/#article\",\"isPartOf\":{\"@id\":\"https:\/\/clientesbrandbits.click\/vaivem-presenta-la-8a-semana-de-cine-portugues-en-la-cineteca-nacional\/\"},\"author\":{\"name\":\"Elizabeth Salazar\",\"@id\":\"https:\/\/clientesbrandbits.click\/#\/schema\/person\/3582a766d1bd629325b8cb5e303f4963\"},\"headline\":\"VAIVEM presenta la 8\u00aa Semana de Cine Portugu\u00e9s en la Cineteca Nacional\",\"datePublished\":\"2024-06-30T16:38:32+00:00\",\"dateModified\":\"2024-07-01T16:39:50+00:00\",\"mainEntityOfPage\":{\"@id\":\"https:\/\/clientesbrandbits.click\/vaivem-presenta-la-8a-semana-de-cine-portugues-en-la-cineteca-nacional\/\"},\"wordCount\":575,\"publisher\":{\"@id\":\"https:\/\/clientesbrandbits.click\/#organization\"},\"image\":{\"@id\":\"https:\/\/clientesbrandbits.click\/vaivem-presenta-la-8a-semana-de-cine-portugues-en-la-cineteca-nacional\/#primaryimage\"},\"thumbnailUrl\":\"https:\/\/clientesbrandbits.click\/wp-content\/uploads\/2024\/07\/unnamed-8.jpg\",\"articleSection\":[\"Films\"],\"inLanguage\":\"es\"},{\"@type\":\"WebPage\",\"@id\":\"https:\/\/clientesbrandbits.click\/vaivem-presenta-la-8a-semana-de-cine-portugues-en-la-cineteca-nacional\/\",\"url\":\"https:\/\/clientesbrandbits.click\/vaivem-presenta-la-8a-semana-de-cine-portugues-en-la-cineteca-nacional\/\",\"name\":\"VAIVEM presenta la 8\u00aa Semana de Cine Portugu\u00e9s en la Cineteca Nacional - Spanglish Cinema\",\"isPartOf\":{\"@id\":\"https:\/\/clientesbrandbits.click\/#website\"},\"primaryImageOfPage\":{\"@id\":\"https:\/\/clientesbrandbits.click\/vaivem-presenta-la-8a-semana-de-cine-portugues-en-la-cineteca-nacional\/#primaryimage\"},\"image\":{\"@id\":\"https:\/\/clientesbrandbits.click\/vaivem-presenta-la-8a-semana-de-cine-portugues-en-la-cineteca-nacional\/#primaryimage\"},\"thumbnailUrl\":\"https:\/\/clientesbrandbits.click\/wp-content\/uploads\/2024\/07\/unnamed-8.jpg\",\"datePublished\":\"2024-06-30T16:38:32+00:00\",\"dateModified\":\"2024-07-01T16:39:50+00:00\",\"description\":\"La\u00a08\u00aa Semana de Cine Portugu\u00e9s\u00a0llega a Santiago, desde el 2 hasta el 7 de julio, y fiel al esp\u00edritu que caracteriza a este encuentro, la programaci\u00f3n est\u00e1 compuesta por algunas de las pel\u00edculas m\u00e1s estimulantes de la actualidad. Estas dan cuenta de la creatividad y pluralidad de voces que caracterizan al cine portugu\u00e9s contempor\u00e1neo.\",\"breadcrumb\":{\"@id\":\"https:\/\/clientesbrandbits.click\/vaivem-presenta-la-8a-semana-de-cine-portugues-en-la-cineteca-nacional\/#breadcrumb\"},\"inLanguage\":\"es\",\"potentialAction\":[{\"@type\":\"ReadAction\",\"target\":[\"https:\/\/clientesbrandbits.click\/vaivem-presenta-la-8a-semana-de-cine-portugues-en-la-cineteca-nacional\/\"]}]},{\"@type\":\"ImageObject\",\"inLanguage\":\"es\",\"@id\":\"https:\/\/clientesbrandbits.click\/vaivem-presenta-la-8a-semana-de-cine-portugues-en-la-cineteca-nacional\/#primaryimage\",\"url\":\"https:\/\/clientesbrandbits.click\/wp-content\/uploads\/2024\/07\/unnamed-8.jpg\",\"contentUrl\":\"https:\/\/clientesbrandbits.click\/wp-content\/uploads\/2024\/07\/unnamed-8.jpg\",\"width\":1279,\"height\":720},{\"@type\":\"BreadcrumbList\",\"@id\":\"https:\/\/clientesbrandbits.click\/vaivem-presenta-la-8a-semana-de-cine-portugues-en-la-cineteca-nacional\/#breadcrumb\",\"itemListElement\":[{\"@type\":\"ListItem\",\"position\":1,\"name\":\"Portada\",\"item\":\"https:\/\/clientesbrandbits.click\/\"},{\"@type\":\"ListItem\",\"position\":2,\"name\":\"VAIVEM presenta la 8\u00aa Semana de Cine Portugu\u00e9s en la Cineteca Nacional\"}]},{\"@type\":\"WebSite\",\"@id\":\"https:\/\/clientesbrandbits.click\/#website\",\"url\":\"https:\/\/clientesbrandbits.click\/\",\"name\":\"Spanglish Cinema\",\"description\":\"\",\"publisher\":{\"@id\":\"https:\/\/clientesbrandbits.click\/#organization\"},\"potentialAction\":[{\"@type\":\"SearchAction\",\"target\":{\"@type\":\"EntryPoint\",\"urlTemplate\":\"https:\/\/clientesbrandbits.click\/?s={search_term_string}\"},\"query-input\":\"required name=search_term_string\"}],\"inLanguage\":\"es\"},{\"@type\":\"Organization\",\"@id\":\"https:\/\/clientesbrandbits.click\/#organization\",\"name\":\"Spanglish Cinema\",\"url\":\"https:\/\/clientesbrandbits.click\/\",\"logo\":{\"@type\":\"ImageObject\",\"inLanguage\":\"es\",\"@id\":\"https:\/\/clientesbrandbits.click\/#\/schema\/logo\/image\/\",\"url\":\"https:\/\/clientesbrandbits.click\/wp-content\/uploads\/2024\/03\/spanglish_cinema.png\",\"contentUrl\":\"https:\/\/clientesbrandbits.click\/wp-content\/uploads\/2024\/03\/spanglish_cinema.png\",\"width\":612,\"height\":225,\"caption\":\"Spanglish Cinema\"},\"image\":{\"@id\":\"https:\/\/clientesbrandbits.click\/#\/schema\/logo\/image\/\"}},{\"@type\":\"Person\",\"@id\":\"https:\/\/clientesbrandbits.click\/#\/schema\/person\/3582a766d1bd629325b8cb5e303f4963\",\"name\":\"Elizabeth Salazar\",\"image\":{\"@type\":\"ImageObject\",\"inLanguage\":\"es\",\"@id\":\"https:\/\/clientesbrandbits.click\/#\/schema\/person\/image\/\",\"url\":\"https:\/\/secure.gravatar.com\/avatar\/ddf69a5ddae2a61929dd4e305eb31658?s=96&d=mm&r=g\",\"contentUrl\":\"https:\/\/secure.gravatar.com\/avatar\/ddf69a5ddae2a61929dd4e305eb31658?s=96&d=mm&r=g\",\"caption\":\"Elizabeth Salazar\"},\"url\":\"https:\/\/clientesbrandbits.click\/es\/author\/elizabeth-salazar\/\"}]}<\/script>\n<!-- \/ Yoast SEO plugin. -->","yoast_head_json":{"title":"VAIVEM presenta la 8\u00aa Semana de Cine Portugu\u00e9s en la Cineteca Nacional - Spanglish Cinema","description":"La\u00a08\u00aa Semana de Cine Portugu\u00e9s\u00a0llega a Santiago, desde el 2 hasta el 7 de julio, y fiel al esp\u00edritu que caracteriza a este encuentro, la programaci\u00f3n est\u00e1 compuesta por algunas de las pel\u00edculas m\u00e1s estimulantes de la actualidad. Estas dan cuenta de la creatividad y pluralidad de voces que caracterizan al cine portugu\u00e9s contempor\u00e1neo.","robots":{"index":"index","follow":"follow","max-snippet":"max-snippet:-1","max-image-preview":"max-image-preview:large","max-video-preview":"max-video-preview:-1"},"canonical":"https:\/\/clientesbrandbits.click\/es\/vaivem-presenta-la-8a-semana-de-cine-portugues-en-la-cineteca-nacional\/","og_locale":"es_ES","og_type":"article","og_title":"VAIVEM presenta la 8\u00aa Semana de Cine Portugu\u00e9s en la Cineteca Nacional - Spanglish Cinema","og_description":"La\u00a08\u00aa Semana de Cine Portugu\u00e9s\u00a0llega a Santiago, desde el 2 hasta el 7 de julio, y fiel al esp\u00edritu que caracteriza a este encuentro, la programaci\u00f3n est\u00e1 compuesta por algunas de las pel\u00edculas m\u00e1s estimulantes de la actualidad. Estas dan cuenta de la creatividad y pluralidad de voces que caracterizan al cine portugu\u00e9s contempor\u00e1neo.","og_url":"https:\/\/clientesbrandbits.click\/es\/vaivem-presenta-la-8a-semana-de-cine-portugues-en-la-cineteca-nacional\/","og_site_name":"Spanglish Cinema","article_published_time":"2024-06-30T16:38:32+00:00","article_modified_time":"2024-07-01T16:39:50+00:00","og_image":[{"width":1279,"height":720,"url":"https:\/\/clientesbrandbits.click\/wp-content\/uploads\/2024\/07\/unnamed-8.jpg","type":"image\/jpeg"}],"author":"Elizabeth Salazar","twitter_card":"summary_large_image","twitter_misc":{"Escrito por":"Elizabeth Salazar","Tiempo de lectura":"3 minutos"},"schema":{"@context":"https:\/\/schema.org","@graph":[{"@type":"Article","@id":"https:\/\/clientesbrandbits.click\/vaivem-presenta-la-8a-semana-de-cine-portugues-en-la-cineteca-nacional\/#article","isPartOf":{"@id":"https:\/\/clientesbrandbits.click\/vaivem-presenta-la-8a-semana-de-cine-portugues-en-la-cineteca-nacional\/"},"author":{"name":"Elizabeth Salazar","@id":"https:\/\/clientesbrandbits.click\/#\/schema\/person\/3582a766d1bd629325b8cb5e303f4963"},"headline":"VAIVEM presenta la 8\u00aa Semana de Cine Portugu\u00e9s en la Cineteca Nacional","datePublished":"2024-06-30T16:38:32+00:00","dateModified":"2024-07-01T16:39:50+00:00","mainEntityOfPage":{"@id":"https:\/\/clientesbrandbits.click\/vaivem-presenta-la-8a-semana-de-cine-portugues-en-la-cineteca-nacional\/"},"wordCount":575,"publisher":{"@id":"https:\/\/clientesbrandbits.click\/#organization"},"image":{"@id":"https:\/\/clientesbrandbits.click\/vaivem-presenta-la-8a-semana-de-cine-portugues-en-la-cineteca-nacional\/#primaryimage"},"thumbnailUrl":"https:\/\/clientesbrandbits.click\/wp-content\/uploads\/2024\/07\/unnamed-8.jpg","articleSection":["Films"],"inLanguage":"es"},{"@type":"WebPage","@id":"https:\/\/clientesbrandbits.click\/vaivem-presenta-la-8a-semana-de-cine-portugues-en-la-cineteca-nacional\/","url":"https:\/\/clientesbrandbits.click\/vaivem-presenta-la-8a-semana-de-cine-portugues-en-la-cineteca-nacional\/","name":"VAIVEM presenta la 8\u00aa Semana de Cine Portugu\u00e9s en la Cineteca Nacional - Spanglish Cinema","isPartOf":{"@id":"https:\/\/clientesbrandbits.click\/#website"},"primaryImageOfPage":{"@id":"https:\/\/clientesbrandbits.click\/vaivem-presenta-la-8a-semana-de-cine-portugues-en-la-cineteca-nacional\/#primaryimage"},"image":{"@id":"https:\/\/clientesbrandbits.click\/vaivem-presenta-la-8a-semana-de-cine-portugues-en-la-cineteca-nacional\/#primaryimage"},"thumbnailUrl":"https:\/\/clientesbrandbits.click\/wp-content\/uploads\/2024\/07\/unnamed-8.jpg","datePublished":"2024-06-30T16:38:32+00:00","dateModified":"2024-07-01T16:39:50+00:00","description":"La\u00a08\u00aa Semana de Cine Portugu\u00e9s\u00a0llega a Santiago, desde el 2 hasta el 7 de julio, y fiel al esp\u00edritu que caracteriza a este encuentro, la programaci\u00f3n est\u00e1 compuesta por algunas de las pel\u00edculas m\u00e1s estimulantes de la actualidad. Estas dan cuenta de la creatividad y pluralidad de voces que caracterizan al cine portugu\u00e9s contempor\u00e1neo.","breadcrumb":{"@id":"https:\/\/clientesbrandbits.click\/vaivem-presenta-la-8a-semana-de-cine-portugues-en-la-cineteca-nacional\/#breadcrumb"},"inLanguage":"es","potentialAction":[{"@type":"ReadAction","target":["https:\/\/clientesbrandbits.click\/vaivem-presenta-la-8a-semana-de-cine-portugues-en-la-cineteca-nacional\/"]}]},{"@type":"ImageObject","inLanguage":"es","@id":"https:\/\/clientesbrandbits.click\/vaivem-presenta-la-8a-semana-de-cine-portugues-en-la-cineteca-nacional\/#primaryimage","url":"https:\/\/clientesbrandbits.click\/wp-content\/uploads\/2024\/07\/unnamed-8.jpg","contentUrl":"https:\/\/clientesbrandbits.click\/wp-content\/uploads\/2024\/07\/unnamed-8.jpg","width":1279,"height":720},{"@type":"BreadcrumbList","@id":"https:\/\/clientesbrandbits.click\/vaivem-presenta-la-8a-semana-de-cine-portugues-en-la-cineteca-nacional\/#breadcrumb","itemListElement":[{"@type":"ListItem","position":1,"name":"Portada","item":"https:\/\/clientesbrandbits.click\/"},{"@type":"ListItem","position":2,"name":"VAIVEM presenta la 8\u00aa Semana de Cine Portugu\u00e9s en la Cineteca Nacional"}]},{"@type":"WebSite","@id":"https:\/\/clientesbrandbits.click\/#website","url":"https:\/\/clientesbrandbits.click\/","name":"Spanglish Cinema","description":"","publisher":{"@id":"https:\/\/clientesbrandbits.click\/#organization"},"potentialAction":[{"@type":"SearchAction","target":{"@type":"EntryPoint","urlTemplate":"https:\/\/clientesbrandbits.click\/?s={search_term_string}"},"query-input":"required name=search_term_string"}],"inLanguage":"es"},{"@type":"Organization","@id":"https:\/\/clientesbrandbits.click\/#organization","name":"Spanglish Cinema","url":"https:\/\/clientesbrandbits.click\/","logo":{"@type":"ImageObject","inLanguage":"es","@id":"https:\/\/clientesbrandbits.click\/#\/schema\/logo\/image\/","url":"https:\/\/clientesbrandbits.click\/wp-content\/uploads\/2024\/03\/spanglish_cinema.png","contentUrl":"https:\/\/clientesbrandbits.click\/wp-content\/uploads\/2024\/03\/spanglish_cinema.png","width":612,"height":225,"caption":"Spanglish Cinema"},"image":{"@id":"https:\/\/clientesbrandbits.click\/#\/schema\/logo\/image\/"}},{"@type":"Person","@id":"https:\/\/clientesbrandbits.click\/#\/schema\/person\/3582a766d1bd629325b8cb5e303f4963","name":"Elizabeth Salazar","image":{"@type":"ImageObject","inLanguage":"es","@id":"https:\/\/clientesbrandbits.click\/#\/schema\/person\/image\/","url":"https:\/\/secure.gravatar.com\/avatar\/ddf69a5ddae2a61929dd4e305eb31658?s=96&d=mm&r=g","contentUrl":"https:\/\/secure.gravatar.com\/avatar\/ddf69a5ddae2a61929dd4e305eb31658?s=96&d=mm&r=g","caption":"Elizabeth Salazar"},"url":"https:\/\/clientesbrandbits.click\/es\/author\/elizabeth-salazar\/"}]}},"_links":{"self":[{"href":"https:\/\/clientesbrandbits.click\/es\/wp-json\/wp\/v2\/posts\/2067"}],"collection":[{"href":"https:\/\/clientesbrandbits.click\/es\/wp-json\/wp\/v2\/posts"}],"about":[{"href":"https:\/\/clientesbrandbits.click\/es\/wp-json\/wp\/v2\/types\/post"}],"author":[{"embeddable":true,"href":"https:\/\/clientesbrandbits.click\/es\/wp-json\/wp\/v2\/users\/5"}],"replies":[{"embeddable":true,"href":"https:\/\/clientesbrandbits.click\/es\/wp-json\/wp\/v2\/comments?post=2067"}],"version-history":[{"count":5,"href":"https:\/\/clientesbrandbits.click\/es\/wp-json\/wp\/v2\/posts\/2067\/revisions"}],"predecessor-version":[{"id":2074,"href":"https:\/\/clientesbrandbits.click\/es\/wp-json\/wp\/v2\/posts\/2067\/revisions\/2074"}],"wp:featuredmedia":[{"embeddable":true,"href":"https:\/\/clientesbrandbits.click\/es\/wp-json\/wp\/v2\/media\/2068"}],"wp:attachment":[{"href":"https:\/\/clientesbrandbits.click\/es\/wp-json\/wp\/v2\/media?parent=2067"}],"wp:term":[{"taxonomy":"category","embeddable":true,"href":"https:\/\/clientesbrandbits.click\/es\/wp-json\/wp\/v2\/categories?post=2067"},{"taxonomy":"post_tag","embeddable":true,"href":"https:\/\/clientesbrandbits.click\/es\/wp-json\/wp\/v2\/tags?post=2067"}],"curies":[{"name":"wp","href":"https:\/\/api.w.org\/{rel}","templated":true}]}}