{"id":1910,"date":"2024-06-21T10:25:06","date_gmt":"2024-06-21T14:25:06","guid":{"rendered":"https:\/\/clientesbrandbits.click\/?p=1910"},"modified":"2024-06-22T00:18:26","modified_gmt":"2024-06-22T04:18:26","slug":"sanfic20-anuncia-las-peliculas-de-su-seccion-educa","status":"publish","type":"post","link":"https:\/\/clientesbrandbits.click\/es\/sanfic20-anuncia-las-peliculas-de-su-seccion-educa\/","title":{"rendered":"SANFIC20 anuncia las pel\u00edculas de su secci\u00f3n \u00abEduca\u00bb"},"content":{"rendered":"<p style=\"text-align: justify;\">Este 2024 el Santiago Festival Internacional de Cine (SANFIC) celebrar\u00e1 sus 20 ediciones que lo han consolidado como una plataforma cinematogr\u00e1fica, cultural, art\u00edstica, industrial y educativa a nivel nacional e internacional.<\/p>\n<p style=\"text-align: justify;\">El certamen, organizado por Fundaci\u00f3n CorpArtes y producido por Storyboard Media, anunci\u00f3 las primeras pel\u00edculas que ser\u00e1n parte de los 20 a\u00f1os de festival como parte de la secci\u00f3n <strong>SANFIC Educa<\/strong>, la cual ha sido pensada especialmente para poder <strong>acercar el mundo del cine y producciones de excelencia <\/strong><strong>a ni\u00f1os, j\u00f3venes, adultos, educadores, personas mayores, privadas de libertad, vulneradas de derecho, discapacitadas y neurodivergentes. <\/strong><\/p>\n<p style=\"text-align: justify;\">La programaci\u00f3n de SANFIC Educa,<strong> que se exhibir\u00e1 entre el 18 y 25 de agosto en el marco del festival,<\/strong> <strong>estrenar\u00e1 16 producciones internacionales en Chile, <\/strong>entre las cuales se incluyen cortometrajes dirigidos a preescolares, hasta pel\u00edculas para j\u00f3venes y adultos que abordan tem\u00e1ticas como la resiliencia, el paso a la adolescencia, las relaciones familiares, la amistad, la escuela, crecimiento personal, el duelo y el medio ambiente, adem\u00e1s de incluir t\u00e9cnicas de stop-motion, tratamiento sensorial y animaci\u00f3n.<\/p>\n<p style=\"text-align: justify;\">En cuanto a las instituciones colaboradoras, esta edici\u00f3n retoma el trabajo junto a <strong>Gendarmer\u00eda<\/strong> y personas privadas de libertad; <strong>Fundaci\u00f3n Ciudad del Ni\u00f1o<\/strong>, dedicada a ni\u00f1os y j\u00f3venes con vulneraci\u00f3n de derechos; <strong>Villa Alsino<\/strong>, espacio dedicado a la atenci\u00f3n integral de salud mental y psiquiatr\u00eda comunitaria. Asimismo, con el objetivo de ampliar el acceso a personas mayores, se trabajar\u00e1 con <strong>Cerro Navia Joven<\/strong> y el <strong>departamento de Adulto Mayor de la Municipalidad de Mostazal. <\/strong>Por otro lado, se suma <strong>Fundaci\u00f3n Camino<\/strong>, lugar que acoge a j\u00f3venes con c\u00e1ncer provenientes de regiones que necesitan realizar sus tratamientos oncol\u00f3gicos en la capital, entre otras instituciones.<\/p>\n<p style=\"text-align: justify;\">\u201cEl a\u00f1o pasado, gracias al trabajo que hemos realizado activamente con instituciones educativas y culturales del pa\u00eds, SANFIC Educa permiti\u00f3 el acceso de 17.982 participantes pertenecientes a 19 instituciones de 48 comunas y 13 regiones del pa\u00eds, y este a\u00f1o nuestro trabajo contin\u00faa, con el objetivo de ampliar los p\u00fablicos, comunas y regiones de Chile. Es por eso que ya estamos planificando el trabajo con m\u00e1s de 16 instituciones, quienes nos permitir\u00e1n acercar lo mejor del cine a nuevos espectadores de todas las edades, con especial \u00e9nfasis en programaci\u00f3n para adultos mayores, uno de los p\u00fablicos que menos acceso tiene a la cultura\u201d, valora <strong>Jos\u00e9 Tom\u00e1s Palma, Director General de Fundaci\u00f3n CorpArtes.<\/strong><\/p>\n<p style=\"text-align: justify;\">Para este a\u00f1o se dispondr\u00e1 de <strong>funciones<\/strong> <strong>en salas de diversas instituciones culturales de la Regi\u00f3n Metropolitana y regiones del pa\u00eds que mantienen una alianza con Fundaci\u00f3n CorpArtes<\/strong>, algunas de las cuales ser\u00e1n abiertas a p\u00fablico general y cuya cartelera se informar\u00e1 a trav\u00e9s de <a href=\"http:\/\/www.sanfic.com\">www.sanfic.com<\/a><\/p>\n<p style=\"text-align: justify;\">La <strong>alianza con instituciones considera una perspectiva transversal del mundo audiovisual y del cine<\/strong>, la cual incluye un <strong>visionado de pel\u00edculas y material educativo para asistentes y educadores de la educaci\u00f3n formal y no formal<\/strong>, como fichas de arte, bit\u00e1coras y gu\u00edas para realizar antes y despu\u00e9s de cada funci\u00f3n, que les entrega herramientas aplicables a sus propios contextos formativos.<\/p>\n<p style=\"text-align: justify;\">En cuanto a la cartelera, la nueva versi\u00f3n de SANFIC Educa contemplar\u00e1 cinco largometrajes y 11 cortometrajes de nueve pa\u00edses, algunos de los cuales han sido exhibidos o premiados en destacados festivales internacionales.<\/p>\n<p style=\"text-align: justify;\">\u201cEsta selecci\u00f3n de pel\u00edculas de calidad est\u00e1 pensada para diversos p\u00fablicos, de esta manera buscamos acercar producciones de excelencia, que se est\u00e1n viendo en distintos lugares del mundo, a las audiencias chilenas. As\u00ed, la mirada de cineastas destacados de diferentes latitudes pueden apreciarse a trav\u00e9s de sus pel\u00edculas en nuestro pa\u00eds. Muchas de estas producciones son ganadoras de premios relevantes en el concierto internacional y tratan tem\u00e1ticas muy interesantes, contingentes y que emocionan\u201d, comenta<strong> Carlos N\u00fa\u00f1ez, Fundador y Director Art\u00edstico de SANFIC.<\/strong><\/p>\n<p style=\"text-align: justify;\">Al igual que en ediciones anteriores, la programaci\u00f3n ha sido seleccionada pensando en ofrecer producciones de calidad y con contenido especialmente dirigido a p\u00fablicos de todas las edades de forma transversal. De esta forma, el festival eligi\u00f3 <strong>tres producciones para p\u00fablico preescolar e infantil<\/strong>:<\/p>\n<p style=\"text-align: justify;\"><strong><em>El \u00e1rbol ya fue plantado<\/em><\/strong> (Argentina), un reflexivo cortometraje stop-motion sobre la naturaleza y la vida de Irene Blei Mail; <strong><em>Ice Merchants<\/em><\/strong> (Portugal), vertiginoso cortometraje de Jo\u00e3o Gonzalez sobre la relaci\u00f3n de un padre y su hijo, que particip\u00f3 del <strong>Festival de Cannes<\/strong> y fue la primera producci\u00f3n de este pa\u00eds en ser <strong>nominada a los Premios de la Academia (Oscar)<\/strong> en 2022; y <strong><em>Mironins<\/em><\/strong> (Espa\u00f1a), largometraje de Mikel Mas Bilbao, nominado al <strong>Premio Goya por Mejor Pel\u00edcula Animada 2022<\/strong> y <strong>ganadora a Mejor Animaci\u00f3n en los Gaud\u00ed Awards.<\/strong><\/p>\n<p style=\"text-align: justify;\">En tanto, para <strong>escolares de tercero a sexto b\u00e1sico<\/strong> se han seleccionado <strong><em>Pap\u00e1 consigui\u00f3 trabajo en Marte<\/em><\/strong> (Argentina) de Dami\u00e1n Galateo y Joaqu\u00edn Zelaya, cortometraje animado sobre F\u00e9lix, un ni\u00f1o que juega todo el d\u00eda f\u00fatbol y percibe que en su casa las cosas no est\u00e1n bien; <strong><em>Color-ido<\/em><\/strong> (Colombia), cortometraje de Estefan\u00eda Pi\u00f1eres que ha recorrido diversos festivales de animaci\u00f3n y muestra un m\u00e1gico mundo en blanco y negro; y <strong><em>Las delicias<\/em><\/strong> (Argentina) emotivo largometraje dirigido por Eduardo Crespo \u2013exhibido en el Festival de Cine de Guadalajara y el Festival de Cine Documental de \u00c1msterdam\u2013 sobre la adolescencia y vivencia de escolares de una escuela agro t\u00e9cnica lejos de sus familias.<\/p>\n<p style=\"text-align: justify;\">Para <strong>j\u00f3venes de s\u00e9ptimo a cuarto medio<\/strong> se exhibir\u00e1n <strong><em>Mira ni\u00f1o<\/em><\/strong> (Espa\u00f1a) cortometraje de Sergio Avellaneda \u2013Festival de Cine Fant\u00e1stico de Sitges\u2013 que aborda la relaci\u00f3n entre una madre y un hijo que comparten puestos de trabajo; <strong><em>Los \u00faltimos veranos <\/em><\/strong>(M\u00e9xico), cortometraje de Ricardo Esparragoza \u2013Festival de Cine de Monterrey y de Morelia\u2013 que muestra a Diego, un introvertido adolescente que viaja junto a su familia a la casa de playa de su infancia antes de que la vendan; <strong><em>Myst\u00e8re <\/em><\/strong>(Francia) emotiva pel\u00edcula de Denis Imbert \u2013Festival de Cine Mediterr\u00e1neo de Montpellier\u2013 sobre una ni\u00f1a que queda muda tras la muerte de su madre, pero luego de recibir un cachorro comienza a recuperar el gusto por la vida; y <strong><em>Ibrahim <\/em><\/strong>(Francia), largometraje de Samir Guesmi, que cuenta la historia de un joven que intenta a toda costa reparar la relaci\u00f3n con su padre luego de pagar el precio por un robo que cometi\u00f3.<\/p>\n<p style=\"text-align: justify;\">Adem\u00e1s, para <strong>instituciones con diferentes enfoques sociales que se especializan en trabajo con adultos<\/strong>, se presentar\u00e1n <strong><em>Cacharro <\/em><\/strong>(Venezuela), cortometraje de Anselmo Portillo \u2013exhibido en el Festival Internacional de Cine de Guadalajara\u2013, que transcurre en medio de la nada, donde un padre e hijo fuerzan su cacharro para continuar el camino; <strong><em>Pepedrilo<\/em><\/strong> (M\u00e9xico), cortometraje de V\u00edctor Cartas Valdivia \u2013exhibido en el Festival Internacional de Cine de Guadalajara y de Monterrey\u2013, sobre Pepe, el encargado de cuidar el cocodrilario de Jalisco, un proyecto que busca preservar su riqueza natural y aprender a vivir en armon\u00eda con su entorno; y <strong><em>Al otro lado del muro <\/em><\/strong>(M\u00e9xico y Espa\u00f1a), largometraje de Pau Ortiz exhibido en el Festival de M\u00e1laga y en el Festival Hot Docs de Canad\u00e1, que muestra a dos hermanos migrantes que deben asumir el rol de padres de sus hermanos peque\u00f1os cuando su madre es encarcelada y sentenciada injustamente.<\/p>\n<p style=\"text-align: justify;\">Tambi\u00e9n se exhibir\u00e1n tres cortometrajes <strong>seleccionados especialmente por su trabajo de sonidos sin estridencias, acciones o luminosidad que puedan afectar a personas neurodivergentes, <\/strong>los cuales tambi\u00e9n se presentar\u00e1n en<strong> instituciones que trabajan con adultos mayores<\/strong> y p\u00fablicos cercanos a las tem\u00e1ticas que se abordan en las producciones<strong>:<\/strong><\/p>\n<p style=\"text-align: justify;\"><strong><em>En mi piel<\/em><\/strong> (Espa\u00f1a) del director S\u00e1ndor M. Salas, que ha participado de distintos festivales y muestra el arte del flamenco, donde la discapacidad no es un l\u00edmite, sino un punto de partida creativo e inclusivo para quienes participan; <strong><em>Centella<\/em><\/strong>(Cuba), dirigido por Claudia Claremi \u2013Festival de Cine de Guadalajara y de Raindance\u2013, transcurre en Cuba donde Isabel, una persona mayor, baila junto al vuelo nocturno de las luci\u00e9rnagas; y <strong><em>Cuando se calme la lluvia<\/em><\/strong> (El Salvador), dirigido por Guillermo Argueta y exhibida en el Festival de Cine de Guadalajara, sobre Pablo, un paciente de Alzheimer en etapa avanzada que fue campesino y guerrillero, pero ahora debe lidiar con su rutina diaria y el olvido.<\/p>\n<p><strong><u>Actividades para educadores de educaci\u00f3n formal y no formal<\/u><\/strong><\/p>\n<p style=\"text-align: justify;\">Uno de los p\u00fablicos prioritarios de la secci\u00f3n SANFIC Educa son educadores, por lo cual <strong>entre el 17 de julio y 13 de septiembre<\/strong> se presentar\u00e1n tres instancias con el objetivo de entregarles herramientas aplicables a sus propios contextos:<\/p>\n<ul>\n<li style=\"text-align: justify;\"><strong>Capacitaci\u00f3n para educadores:<\/strong> Antes del desarrollo de los talleres presenciales de SANFIC Educa, se realizar\u00e1 una jornada de capacitaci\u00f3n online que permitir\u00e1 a educadores conocer el contenido y metodolog\u00edas educativas que se aplicar\u00e1n en los talleres para fortalecer su rol activo en la instancia.<\/li>\n<li style=\"text-align: justify;\"><strong>Talleres SANFIC Educa:<\/strong> Esta instancia permitir\u00e1 a educadores poner en pr\u00e1ctica lo aprendido en la jornada de capacitaci\u00f3n y a sus participantes aprender del lenguaje del cine.<\/li>\n<li style=\"text-align: justify;\"><strong>Encuentros de educadores:<\/strong> Espacio abierto a educadores interesados en la mediaci\u00f3n cinematogr\u00e1fica en el aula. El encuentro est\u00e1 enfocado al desarrollo de la apreciaci\u00f3n cinematogr\u00e1fica, el descubrimiento del lenguaje del cine y a sus posibles integraciones en sus propios contextos educativos y formativos.<\/li>\n<\/ul>\n","protected":false},"excerpt":{"rendered":"<p>Este 2024 el Santiago Festival Internacional de Cine (SANFIC) celebrar\u00e1 sus 20 ediciones que lo han consolidado como una plataforma cinematogr\u00e1fica, cultural, art\u00edstica, industrial y educativa a nivel nacional e internacional. El certamen, organizado por Fundaci\u00f3n CorpArtes y producido por &#8230; <a title=\"SANFIC20 anuncia las pel\u00edculas de su secci\u00f3n \u00abEduca\u00bb\" class=\"read-more\" href=\"https:\/\/clientesbrandbits.click\/es\/sanfic20-anuncia-las-peliculas-de-su-seccion-educa\/\" aria-label=\"Leer m\u00e1s sobre SANFIC20 anuncia las pel\u00edculas de su secci\u00f3n \u00abEduca\u00bb\">Leer M\u00e1s<\/a><\/p>\n","protected":false},"author":5,"featured_media":1912,"comment_status":"closed","ping_status":"closed","sticky":false,"template":"","format":"standard","meta":{"_joinchat":[],"footnotes":""},"categories":[11],"tags":[158],"class_list":["post-1910","post","type-post","status-publish","format-standard","has-post-thumbnail","hentry","category-festivales-de-cine","tag-sanfic","infinite-scroll-item"],"yoast_head":"<!-- This site is optimized with the Yoast SEO plugin v22.8 - https:\/\/yoast.com\/wordpress\/plugins\/seo\/ -->\n<title>SANFIC20 anuncia las pel\u00edculas de su secci\u00f3n &quot;Educa&quot; - Spanglish Cinema<\/title>\n<meta name=\"description\" content=\"Este 2024 el Santiago Festival Internacional de Cine (SANFIC) celebrar\u00e1 sus 20 ediciones que lo han consolidado como una plataforma cinematogr\u00e1fica, cultural, art\u00edstica, industrial y educativa a nivel nacional e internacional.\" \/>\n<meta name=\"robots\" content=\"index, follow, max-snippet:-1, max-image-preview:large, max-video-preview:-1\" \/>\n<link rel=\"canonical\" href=\"https:\/\/clientesbrandbits.click\/es\/sanfic20-anuncia-las-peliculas-de-su-seccion-educa\/\" \/>\n<meta property=\"og:locale\" content=\"es_ES\" \/>\n<meta property=\"og:type\" content=\"article\" \/>\n<meta property=\"og:title\" content=\"SANFIC20 anuncia las pel\u00edculas de su secci\u00f3n &quot;Educa&quot; - Spanglish Cinema\" \/>\n<meta property=\"og:description\" content=\"Este 2024 el Santiago Festival Internacional de Cine (SANFIC) celebrar\u00e1 sus 20 ediciones que lo han consolidado como una plataforma cinematogr\u00e1fica, cultural, art\u00edstica, industrial y educativa a nivel nacional e internacional.\" \/>\n<meta property=\"og:url\" content=\"https:\/\/clientesbrandbits.click\/es\/sanfic20-anuncia-las-peliculas-de-su-seccion-educa\/\" \/>\n<meta property=\"og:site_name\" content=\"Spanglish Cinema\" \/>\n<meta property=\"article:published_time\" content=\"2024-06-21T14:25:06+00:00\" \/>\n<meta property=\"article:modified_time\" content=\"2024-06-22T04:18:26+00:00\" \/>\n<meta property=\"og:image\" content=\"https:\/\/clientesbrandbits.click\/wp-content\/uploads\/2024\/06\/descarga.jpg\" \/>\n\t<meta property=\"og:image:width\" content=\"1600\" \/>\n\t<meta property=\"og:image:height\" content=\"900\" \/>\n\t<meta property=\"og:image:type\" content=\"image\/jpeg\" \/>\n<meta name=\"author\" content=\"Elizabeth Salazar\" \/>\n<meta name=\"twitter:card\" content=\"summary_large_image\" \/>\n<meta name=\"twitter:label1\" content=\"Escrito por\" \/>\n\t<meta name=\"twitter:data1\" content=\"Elizabeth Salazar\" \/>\n\t<meta name=\"twitter:label2\" content=\"Tiempo de lectura\" \/>\n\t<meta name=\"twitter:data2\" content=\"7 minutos\" \/>\n<script type=\"application\/ld+json\" class=\"yoast-schema-graph\">{\"@context\":\"https:\/\/schema.org\",\"@graph\":[{\"@type\":\"Article\",\"@id\":\"https:\/\/clientesbrandbits.click\/sanfic20-anuncia-las-peliculas-de-su-seccion-educa\/#article\",\"isPartOf\":{\"@id\":\"https:\/\/clientesbrandbits.click\/sanfic20-anuncia-las-peliculas-de-su-seccion-educa\/\"},\"author\":{\"name\":\"Elizabeth Salazar\",\"@id\":\"https:\/\/clientesbrandbits.click\/#\/schema\/person\/3582a766d1bd629325b8cb5e303f4963\"},\"headline\":\"SANFIC20 anuncia las pel\u00edculas de su secci\u00f3n \u00abEduca\u00bb\",\"datePublished\":\"2024-06-21T14:25:06+00:00\",\"dateModified\":\"2024-06-22T04:18:26+00:00\",\"mainEntityOfPage\":{\"@id\":\"https:\/\/clientesbrandbits.click\/sanfic20-anuncia-las-peliculas-de-su-seccion-educa\/\"},\"wordCount\":1608,\"publisher\":{\"@id\":\"https:\/\/clientesbrandbits.click\/#organization\"},\"image\":{\"@id\":\"https:\/\/clientesbrandbits.click\/sanfic20-anuncia-las-peliculas-de-su-seccion-educa\/#primaryimage\"},\"thumbnailUrl\":\"https:\/\/clientesbrandbits.click\/wp-content\/uploads\/2024\/06\/descarga.jpg\",\"keywords\":[\"SANFIC\"],\"articleSection\":[\"Festivales de Cine\"],\"inLanguage\":\"es\"},{\"@type\":\"WebPage\",\"@id\":\"https:\/\/clientesbrandbits.click\/sanfic20-anuncia-las-peliculas-de-su-seccion-educa\/\",\"url\":\"https:\/\/clientesbrandbits.click\/sanfic20-anuncia-las-peliculas-de-su-seccion-educa\/\",\"name\":\"SANFIC20 anuncia las pel\u00edculas de su secci\u00f3n \\\"Educa\\\" - Spanglish Cinema\",\"isPartOf\":{\"@id\":\"https:\/\/clientesbrandbits.click\/#website\"},\"primaryImageOfPage\":{\"@id\":\"https:\/\/clientesbrandbits.click\/sanfic20-anuncia-las-peliculas-de-su-seccion-educa\/#primaryimage\"},\"image\":{\"@id\":\"https:\/\/clientesbrandbits.click\/sanfic20-anuncia-las-peliculas-de-su-seccion-educa\/#primaryimage\"},\"thumbnailUrl\":\"https:\/\/clientesbrandbits.click\/wp-content\/uploads\/2024\/06\/descarga.jpg\",\"datePublished\":\"2024-06-21T14:25:06+00:00\",\"dateModified\":\"2024-06-22T04:18:26+00:00\",\"description\":\"Este 2024 el Santiago Festival Internacional de Cine (SANFIC) celebrar\u00e1 sus 20 ediciones que lo han consolidado como una plataforma cinematogr\u00e1fica, cultural, art\u00edstica, industrial y educativa a nivel nacional e internacional.\",\"breadcrumb\":{\"@id\":\"https:\/\/clientesbrandbits.click\/sanfic20-anuncia-las-peliculas-de-su-seccion-educa\/#breadcrumb\"},\"inLanguage\":\"es\",\"potentialAction\":[{\"@type\":\"ReadAction\",\"target\":[\"https:\/\/clientesbrandbits.click\/sanfic20-anuncia-las-peliculas-de-su-seccion-educa\/\"]}]},{\"@type\":\"ImageObject\",\"inLanguage\":\"es\",\"@id\":\"https:\/\/clientesbrandbits.click\/sanfic20-anuncia-las-peliculas-de-su-seccion-educa\/#primaryimage\",\"url\":\"https:\/\/clientesbrandbits.click\/wp-content\/uploads\/2024\/06\/descarga.jpg\",\"contentUrl\":\"https:\/\/clientesbrandbits.click\/wp-content\/uploads\/2024\/06\/descarga.jpg\",\"width\":1600,\"height\":900},{\"@type\":\"BreadcrumbList\",\"@id\":\"https:\/\/clientesbrandbits.click\/sanfic20-anuncia-las-peliculas-de-su-seccion-educa\/#breadcrumb\",\"itemListElement\":[{\"@type\":\"ListItem\",\"position\":1,\"name\":\"Portada\",\"item\":\"https:\/\/clientesbrandbits.click\/\"},{\"@type\":\"ListItem\",\"position\":2,\"name\":\"SANFIC20 anuncia las pel\u00edculas de su secci\u00f3n &#8220;Educa&#8221;\"}]},{\"@type\":\"WebSite\",\"@id\":\"https:\/\/clientesbrandbits.click\/#website\",\"url\":\"https:\/\/clientesbrandbits.click\/\",\"name\":\"Spanglish Cinema\",\"description\":\"\",\"publisher\":{\"@id\":\"https:\/\/clientesbrandbits.click\/#organization\"},\"potentialAction\":[{\"@type\":\"SearchAction\",\"target\":{\"@type\":\"EntryPoint\",\"urlTemplate\":\"https:\/\/clientesbrandbits.click\/?s={search_term_string}\"},\"query-input\":\"required name=search_term_string\"}],\"inLanguage\":\"es\"},{\"@type\":\"Organization\",\"@id\":\"https:\/\/clientesbrandbits.click\/#organization\",\"name\":\"Spanglish Cinema\",\"url\":\"https:\/\/clientesbrandbits.click\/\",\"logo\":{\"@type\":\"ImageObject\",\"inLanguage\":\"es\",\"@id\":\"https:\/\/clientesbrandbits.click\/#\/schema\/logo\/image\/\",\"url\":\"https:\/\/clientesbrandbits.click\/wp-content\/uploads\/2024\/03\/spanglish_cinema.png\",\"contentUrl\":\"https:\/\/clientesbrandbits.click\/wp-content\/uploads\/2024\/03\/spanglish_cinema.png\",\"width\":612,\"height\":225,\"caption\":\"Spanglish Cinema\"},\"image\":{\"@id\":\"https:\/\/clientesbrandbits.click\/#\/schema\/logo\/image\/\"}},{\"@type\":\"Person\",\"@id\":\"https:\/\/clientesbrandbits.click\/#\/schema\/person\/3582a766d1bd629325b8cb5e303f4963\",\"name\":\"Elizabeth Salazar\",\"image\":{\"@type\":\"ImageObject\",\"inLanguage\":\"es\",\"@id\":\"https:\/\/clientesbrandbits.click\/#\/schema\/person\/image\/\",\"url\":\"https:\/\/secure.gravatar.com\/avatar\/ddf69a5ddae2a61929dd4e305eb31658?s=96&d=mm&r=g\",\"contentUrl\":\"https:\/\/secure.gravatar.com\/avatar\/ddf69a5ddae2a61929dd4e305eb31658?s=96&d=mm&r=g\",\"caption\":\"Elizabeth Salazar\"},\"url\":\"https:\/\/clientesbrandbits.click\/es\/author\/elizabeth-salazar\/\"}]}<\/script>\n<!-- \/ Yoast SEO plugin. -->","yoast_head_json":{"title":"SANFIC20 anuncia las pel\u00edculas de su secci\u00f3n \"Educa\" - Spanglish Cinema","description":"Este 2024 el Santiago Festival Internacional de Cine (SANFIC) celebrar\u00e1 sus 20 ediciones que lo han consolidado como una plataforma cinematogr\u00e1fica, cultural, art\u00edstica, industrial y educativa a nivel nacional e internacional.","robots":{"index":"index","follow":"follow","max-snippet":"max-snippet:-1","max-image-preview":"max-image-preview:large","max-video-preview":"max-video-preview:-1"},"canonical":"https:\/\/clientesbrandbits.click\/es\/sanfic20-anuncia-las-peliculas-de-su-seccion-educa\/","og_locale":"es_ES","og_type":"article","og_title":"SANFIC20 anuncia las pel\u00edculas de su secci\u00f3n \"Educa\" - Spanglish Cinema","og_description":"Este 2024 el Santiago Festival Internacional de Cine (SANFIC) celebrar\u00e1 sus 20 ediciones que lo han consolidado como una plataforma cinematogr\u00e1fica, cultural, art\u00edstica, industrial y educativa a nivel nacional e internacional.","og_url":"https:\/\/clientesbrandbits.click\/es\/sanfic20-anuncia-las-peliculas-de-su-seccion-educa\/","og_site_name":"Spanglish Cinema","article_published_time":"2024-06-21T14:25:06+00:00","article_modified_time":"2024-06-22T04:18:26+00:00","og_image":[{"width":1600,"height":900,"url":"https:\/\/clientesbrandbits.click\/wp-content\/uploads\/2024\/06\/descarga.jpg","type":"image\/jpeg"}],"author":"Elizabeth Salazar","twitter_card":"summary_large_image","twitter_misc":{"Escrito por":"Elizabeth Salazar","Tiempo de lectura":"7 minutos"},"schema":{"@context":"https:\/\/schema.org","@graph":[{"@type":"Article","@id":"https:\/\/clientesbrandbits.click\/sanfic20-anuncia-las-peliculas-de-su-seccion-educa\/#article","isPartOf":{"@id":"https:\/\/clientesbrandbits.click\/sanfic20-anuncia-las-peliculas-de-su-seccion-educa\/"},"author":{"name":"Elizabeth Salazar","@id":"https:\/\/clientesbrandbits.click\/#\/schema\/person\/3582a766d1bd629325b8cb5e303f4963"},"headline":"SANFIC20 anuncia las pel\u00edculas de su secci\u00f3n \u00abEduca\u00bb","datePublished":"2024-06-21T14:25:06+00:00","dateModified":"2024-06-22T04:18:26+00:00","mainEntityOfPage":{"@id":"https:\/\/clientesbrandbits.click\/sanfic20-anuncia-las-peliculas-de-su-seccion-educa\/"},"wordCount":1608,"publisher":{"@id":"https:\/\/clientesbrandbits.click\/#organization"},"image":{"@id":"https:\/\/clientesbrandbits.click\/sanfic20-anuncia-las-peliculas-de-su-seccion-educa\/#primaryimage"},"thumbnailUrl":"https:\/\/clientesbrandbits.click\/wp-content\/uploads\/2024\/06\/descarga.jpg","keywords":["SANFIC"],"articleSection":["Festivales de Cine"],"inLanguage":"es"},{"@type":"WebPage","@id":"https:\/\/clientesbrandbits.click\/sanfic20-anuncia-las-peliculas-de-su-seccion-educa\/","url":"https:\/\/clientesbrandbits.click\/sanfic20-anuncia-las-peliculas-de-su-seccion-educa\/","name":"SANFIC20 anuncia las pel\u00edculas de su secci\u00f3n \"Educa\" - Spanglish Cinema","isPartOf":{"@id":"https:\/\/clientesbrandbits.click\/#website"},"primaryImageOfPage":{"@id":"https:\/\/clientesbrandbits.click\/sanfic20-anuncia-las-peliculas-de-su-seccion-educa\/#primaryimage"},"image":{"@id":"https:\/\/clientesbrandbits.click\/sanfic20-anuncia-las-peliculas-de-su-seccion-educa\/#primaryimage"},"thumbnailUrl":"https:\/\/clientesbrandbits.click\/wp-content\/uploads\/2024\/06\/descarga.jpg","datePublished":"2024-06-21T14:25:06+00:00","dateModified":"2024-06-22T04:18:26+00:00","description":"Este 2024 el Santiago Festival Internacional de Cine (SANFIC) celebrar\u00e1 sus 20 ediciones que lo han consolidado como una plataforma cinematogr\u00e1fica, cultural, art\u00edstica, industrial y educativa a nivel nacional e internacional.","breadcrumb":{"@id":"https:\/\/clientesbrandbits.click\/sanfic20-anuncia-las-peliculas-de-su-seccion-educa\/#breadcrumb"},"inLanguage":"es","potentialAction":[{"@type":"ReadAction","target":["https:\/\/clientesbrandbits.click\/sanfic20-anuncia-las-peliculas-de-su-seccion-educa\/"]}]},{"@type":"ImageObject","inLanguage":"es","@id":"https:\/\/clientesbrandbits.click\/sanfic20-anuncia-las-peliculas-de-su-seccion-educa\/#primaryimage","url":"https:\/\/clientesbrandbits.click\/wp-content\/uploads\/2024\/06\/descarga.jpg","contentUrl":"https:\/\/clientesbrandbits.click\/wp-content\/uploads\/2024\/06\/descarga.jpg","width":1600,"height":900},{"@type":"BreadcrumbList","@id":"https:\/\/clientesbrandbits.click\/sanfic20-anuncia-las-peliculas-de-su-seccion-educa\/#breadcrumb","itemListElement":[{"@type":"ListItem","position":1,"name":"Portada","item":"https:\/\/clientesbrandbits.click\/"},{"@type":"ListItem","position":2,"name":"SANFIC20 anuncia las pel\u00edculas de su secci\u00f3n &#8220;Educa&#8221;"}]},{"@type":"WebSite","@id":"https:\/\/clientesbrandbits.click\/#website","url":"https:\/\/clientesbrandbits.click\/","name":"Spanglish Cinema","description":"","publisher":{"@id":"https:\/\/clientesbrandbits.click\/#organization"},"potentialAction":[{"@type":"SearchAction","target":{"@type":"EntryPoint","urlTemplate":"https:\/\/clientesbrandbits.click\/?s={search_term_string}"},"query-input":"required name=search_term_string"}],"inLanguage":"es"},{"@type":"Organization","@id":"https:\/\/clientesbrandbits.click\/#organization","name":"Spanglish Cinema","url":"https:\/\/clientesbrandbits.click\/","logo":{"@type":"ImageObject","inLanguage":"es","@id":"https:\/\/clientesbrandbits.click\/#\/schema\/logo\/image\/","url":"https:\/\/clientesbrandbits.click\/wp-content\/uploads\/2024\/03\/spanglish_cinema.png","contentUrl":"https:\/\/clientesbrandbits.click\/wp-content\/uploads\/2024\/03\/spanglish_cinema.png","width":612,"height":225,"caption":"Spanglish Cinema"},"image":{"@id":"https:\/\/clientesbrandbits.click\/#\/schema\/logo\/image\/"}},{"@type":"Person","@id":"https:\/\/clientesbrandbits.click\/#\/schema\/person\/3582a766d1bd629325b8cb5e303f4963","name":"Elizabeth Salazar","image":{"@type":"ImageObject","inLanguage":"es","@id":"https:\/\/clientesbrandbits.click\/#\/schema\/person\/image\/","url":"https:\/\/secure.gravatar.com\/avatar\/ddf69a5ddae2a61929dd4e305eb31658?s=96&d=mm&r=g","contentUrl":"https:\/\/secure.gravatar.com\/avatar\/ddf69a5ddae2a61929dd4e305eb31658?s=96&d=mm&r=g","caption":"Elizabeth Salazar"},"url":"https:\/\/clientesbrandbits.click\/es\/author\/elizabeth-salazar\/"}]}},"_links":{"self":[{"href":"https:\/\/clientesbrandbits.click\/es\/wp-json\/wp\/v2\/posts\/1910"}],"collection":[{"href":"https:\/\/clientesbrandbits.click\/es\/wp-json\/wp\/v2\/posts"}],"about":[{"href":"https:\/\/clientesbrandbits.click\/es\/wp-json\/wp\/v2\/types\/post"}],"author":[{"embeddable":true,"href":"https:\/\/clientesbrandbits.click\/es\/wp-json\/wp\/v2\/users\/5"}],"replies":[{"embeddable":true,"href":"https:\/\/clientesbrandbits.click\/es\/wp-json\/wp\/v2\/comments?post=1910"}],"version-history":[{"count":3,"href":"https:\/\/clientesbrandbits.click\/es\/wp-json\/wp\/v2\/posts\/1910\/revisions"}],"predecessor-version":[{"id":1915,"href":"https:\/\/clientesbrandbits.click\/es\/wp-json\/wp\/v2\/posts\/1910\/revisions\/1915"}],"wp:featuredmedia":[{"embeddable":true,"href":"https:\/\/clientesbrandbits.click\/es\/wp-json\/wp\/v2\/media\/1912"}],"wp:attachment":[{"href":"https:\/\/clientesbrandbits.click\/es\/wp-json\/wp\/v2\/media?parent=1910"}],"wp:term":[{"taxonomy":"category","embeddable":true,"href":"https:\/\/clientesbrandbits.click\/es\/wp-json\/wp\/v2\/categories?post=1910"},{"taxonomy":"post_tag","embeddable":true,"href":"https:\/\/clientesbrandbits.click\/es\/wp-json\/wp\/v2\/tags?post=1910"}],"curies":[{"name":"wp","href":"https:\/\/api.w.org\/{rel}","templated":true}]}}