{"id":1880,"date":"2024-06-19T12:04:32","date_gmt":"2024-06-19T16:04:32","guid":{"rendered":"https:\/\/clientesbrandbits.click\/?p=1880"},"modified":"2024-06-19T12:04:32","modified_gmt":"2024-06-19T16:04:32","slug":"la-tercera-temporada-de-el-encargado-estrena-trailer","status":"publish","type":"post","link":"https:\/\/clientesbrandbits.click\/es\/la-tercera-temporada-de-el-encargado-estrena-trailer\/","title":{"rendered":"La Tercera temporada de \u00abEl encargado\u00bb estrena tr\u00e1iler"},"content":{"rendered":"<p style=\"text-align: justify;\">Ya est\u00e1n disponibles el nuevo tr\u00e1iler de la tercera temporada de <em><strong>El encargado<\/strong><\/em>, la popular serie del sello\u00a0<strong>Star Original Productions<\/strong>\u00a0protagonizada por\u00a0<strong>Guillermo Francella\u00a0<\/strong>y creada por\u00a0<strong>Mariano Cohn<\/strong>\u00a0y\u00a0<strong>Gast\u00f3n Duprat<\/strong>, que desembarca exclusivamente en Disney+ el\u00a0<strong>19 de julio\u00a0<\/strong>con sus primeros dos episodios y luego\u00a0estrena\u00a0un nuevo episodio cada viernes.<\/p>\n<p style=\"text-align: justify;\">Realizada por\u00a0<strong>Pampa Films\u00a0<\/strong>y<strong>\u00a0Gloriamundi Producciones<\/strong>, la nueva temporada de\u00a0<em><strong>El encargado<\/strong><\/em>\u00a0est\u00e1 compuesta por 7 episodios de 30 minutos y cuenta con la direcci\u00f3n de\u00a0<strong>Mariano Cohn<\/strong>,\u00a0<strong>Gast\u00f3n Duprat\u00a0<\/strong>y<strong>\u00a0Jer\u00f3nimo Carranza<\/strong>. Esta entrega encuentra a Eliseo (<strong>Francella<\/strong>) asistiendo como orador a una convenci\u00f3n interamericana de encargados en R\u00edo de Janeiro, Brasil. All\u00ed, rodeado de sus pares, tiene una revelaci\u00f3n sobre el pr\u00f3ximo paso en su vida profesional: fundar su propia empresa de encargados. Es as\u00ed como convencer\u00e1 a diversos consorcios de contratar sus servicios y a los encargados de unirse a \u00e9l. Aunque las cosas ser\u00e1n bastante m\u00e1s complicadas de lo que \u00e9l imagin\u00f3, Eliseo nunca se rendir\u00e1 e ir\u00e1 por todo.<\/p>\n<p style=\"text-align: justify;\">Junto a\u00a0<strong>Francella<\/strong>, lideran el elenco de la nueva entrega\u00a0<strong>Gabriel Goity<\/strong>,\u00a0<strong>Manuel Vicente, Gast\u00f3n Cocchiarale<\/strong>, y\u00a0<strong>Pochi Ducasse,\u00a0<\/strong>junto a las participaciones especiales de\u00a0<strong>Daniel Ar\u00e1oz<\/strong>,\u00a0<strong>Claudia Font\u00e1n, Pepe Novoa, Jos\u00e9 Mar\u00eda Listorti<\/strong>,\u00a0<strong>Alan Sabbagh<\/strong>,\u00a0<strong>Dar\u00edo Barassi, Benjam\u00edn Vicu\u00f1a<\/strong>\u00a0y\u00a0<strong>Norman Briski<\/strong>, entre otras figuras.<\/p>\n<p style=\"text-align: justify;\">Grabada en locaciones de Buenos Aires, Argentina, y de R\u00edo de Janeiro, Brasil, la tercera temporada de la serie, est\u00e1 escrita por\u00a0<strong>Mariano Cohn, Gast\u00f3n Duprat,\u00a0<\/strong>y<strong>\u00a0Emanuel Diez<\/strong>.\u00a0<strong>Mariano Cohn<\/strong>\u00a0y\u00a0<strong>Gast\u00f3n Duprat<\/strong>\u00a0tambi\u00e9n se desempe\u00f1an como\u00a0<em>showrunners\u00a0<\/em>de la serie junto a\u00a0<strong>Diego Bliffeld<\/strong>\u00a0y<strong>\u00a0Jer\u00f3nimo Carranza.<\/strong><\/p>\n<p style=\"text-align: justify;\">La tercera temporada de\u00a0<em><strong>El encargado\u00a0<\/strong><\/em>llega el 19 de julio en exclusiva a Disney+ en Latinoam\u00e9rica, Espa\u00f1a y mercados selectos de Europa, y a Hulu en Estados Unidos. Las temporadas 1 y 2 completas pueden disfrutarse actualmente en Star+ y estar\u00e1n disponibles en Disney+ a partir del relanzamiento de la plataforma en Am\u00e9rica Latina el 26 de junio. A partir de ese d\u00eda, Disney+ ofrecer\u00e1 la propuesta de entretenimiento general de la Compa\u00f1\u00eda agrupada en una nueva secci\u00f3n de Star (donde se podr\u00e1 encontrar\u00a0<em><strong>El encargado<\/strong><\/em>); y la oferta de ESPN, bajo la nueva secci\u00f3n de ESPN; adem\u00e1s de las series, pel\u00edculas y documentales disponibles en las secciones de Disney, Pixar, Marvel, Star Wars y National Geographic<em>.<\/em><\/p>\n<p style=\"text-align: justify;\">Los controles parentales* de Disney+ garantizan que la plataforma contin\u00fae siendo una experiencia de\u00a0<em>streaming<\/em>\u00a0adecuada para todos los miembros de la familia. Los suscriptores pueden crear perfiles protegidos por un PIN y establecer, para determinados perfiles, l\u00edmites de acceso basados en la clasificaci\u00f3n del contenido.<\/p>\n<p><iframe title=\"El Encargado: Nueva temporada | Tr\u00e1iler oficial | Disney+\" width=\"1200\" height=\"675\" src=\"https:\/\/www.youtube.com\/embed\/77aA3DO6IUU?feature=oembed\" frameborder=\"0\" allow=\"accelerometer; autoplay; clipboard-write; encrypted-media; gyroscope; picture-in-picture; web-share\" referrerpolicy=\"strict-origin-when-cross-origin\" allowfullscreen><\/iframe><\/p>\n","protected":false},"excerpt":{"rendered":"<p>Ya est\u00e1n disponibles el nuevo tr\u00e1iler de la tercera temporada de El encargado, la popular serie del sello\u00a0Star Original Productions\u00a0protagonizada por\u00a0Guillermo Francella\u00a0y creada por\u00a0Mariano Cohn\u00a0y\u00a0Gast\u00f3n Duprat, que desembarca exclusivamente en Disney+ el\u00a019 de julio\u00a0con sus primeros dos episodios y luego\u00a0estrena\u00a0un &#8230; <a title=\"La Tercera temporada de \u00abEl encargado\u00bb estrena tr\u00e1iler\" class=\"read-more\" href=\"https:\/\/clientesbrandbits.click\/es\/la-tercera-temporada-de-el-encargado-estrena-trailer\/\" aria-label=\"Leer m\u00e1s sobre La Tercera temporada de \u00abEl encargado\u00bb estrena tr\u00e1iler\">Leer M\u00e1s<\/a><\/p>\n","protected":false},"author":5,"featured_media":1881,"comment_status":"closed","ping_status":"closed","sticky":false,"template":"","format":"standard","meta":{"_joinchat":[],"footnotes":""},"categories":[112,10],"tags":[154],"class_list":["post-1880","post","type-post","status-publish","format-standard","has-post-thumbnail","hentry","category-destacados","category-films","tag-star","infinite-scroll-item"],"yoast_head":"<!-- This site is optimized with the Yoast SEO plugin v22.8 - https:\/\/yoast.com\/wordpress\/plugins\/seo\/ -->\n<title>La Tercera temporada de &quot;El encargado&quot; estrena tr\u00e1iler - Spanglish Cinema<\/title>\n<meta name=\"description\" content=\"Ya est\u00e1n disponibles el nuevo tr\u00e1iler de la tercera temporada de El encargado, la popular serie del sello\u00a0Star Original Productions\u00a0protagonizada por\u00a0Guillermo Francella\u00a0y creada por\u00a0Mariano Cohn\u00a0y\u00a0Gast\u00f3n Duprat, que desembarca exclusivamente en Disney+ el\u00a019 de julio\u00a0con sus primeros dos episodios y luego\u00a0estrena\u00a0un nuevo episodio cada viernes.\" \/>\n<meta name=\"robots\" content=\"index, follow, max-snippet:-1, max-image-preview:large, max-video-preview:-1\" \/>\n<link rel=\"canonical\" href=\"https:\/\/clientesbrandbits.click\/es\/la-tercera-temporada-de-el-encargado-estrena-trailer\/\" \/>\n<meta property=\"og:locale\" content=\"es_ES\" \/>\n<meta property=\"og:type\" content=\"article\" \/>\n<meta property=\"og:title\" content=\"La Tercera temporada de &quot;El encargado&quot; estrena tr\u00e1iler - Spanglish Cinema\" \/>\n<meta property=\"og:description\" content=\"Ya est\u00e1n disponibles el nuevo tr\u00e1iler de la tercera temporada de El encargado, la popular serie del sello\u00a0Star Original Productions\u00a0protagonizada por\u00a0Guillermo Francella\u00a0y creada por\u00a0Mariano Cohn\u00a0y\u00a0Gast\u00f3n Duprat, que desembarca exclusivamente en Disney+ el\u00a019 de julio\u00a0con sus primeros dos episodios y luego\u00a0estrena\u00a0un nuevo episodio cada viernes.\" \/>\n<meta property=\"og:url\" content=\"https:\/\/clientesbrandbits.click\/es\/la-tercera-temporada-de-el-encargado-estrena-trailer\/\" \/>\n<meta property=\"og:site_name\" content=\"Spanglish Cinema\" \/>\n<meta property=\"article:published_time\" content=\"2024-06-19T16:04:32+00:00\" \/>\n<meta property=\"og:image\" content=\"https:\/\/clientesbrandbits.click\/wp-content\/uploads\/2024\/06\/720.jpeg\" \/>\n\t<meta property=\"og:image:width\" content=\"1081\" \/>\n\t<meta property=\"og:image:height\" content=\"720\" \/>\n\t<meta property=\"og:image:type\" content=\"image\/jpeg\" \/>\n<meta name=\"author\" content=\"Elizabeth Salazar\" \/>\n<meta name=\"twitter:card\" content=\"summary_large_image\" \/>\n<meta name=\"twitter:label1\" content=\"Escrito por\" \/>\n\t<meta name=\"twitter:data1\" content=\"Elizabeth Salazar\" \/>\n\t<meta name=\"twitter:label2\" content=\"Tiempo de lectura\" \/>\n\t<meta name=\"twitter:data2\" content=\"3 minutos\" \/>\n<script type=\"application\/ld+json\" class=\"yoast-schema-graph\">{\"@context\":\"https:\/\/schema.org\",\"@graph\":[{\"@type\":\"Article\",\"@id\":\"https:\/\/clientesbrandbits.click\/la-tercera-temporada-de-el-encargado-estrena-trailer\/#article\",\"isPartOf\":{\"@id\":\"https:\/\/clientesbrandbits.click\/la-tercera-temporada-de-el-encargado-estrena-trailer\/\"},\"author\":{\"name\":\"Elizabeth Salazar\",\"@id\":\"https:\/\/clientesbrandbits.click\/#\/schema\/person\/3582a766d1bd629325b8cb5e303f4963\"},\"headline\":\"La Tercera temporada de \u00abEl encargado\u00bb estrena tr\u00e1iler\",\"datePublished\":\"2024-06-19T16:04:32+00:00\",\"dateModified\":\"2024-06-19T16:04:32+00:00\",\"mainEntityOfPage\":{\"@id\":\"https:\/\/clientesbrandbits.click\/la-tercera-temporada-de-el-encargado-estrena-trailer\/\"},\"wordCount\":486,\"publisher\":{\"@id\":\"https:\/\/clientesbrandbits.click\/#organization\"},\"image\":{\"@id\":\"https:\/\/clientesbrandbits.click\/la-tercera-temporada-de-el-encargado-estrena-trailer\/#primaryimage\"},\"thumbnailUrl\":\"https:\/\/clientesbrandbits.click\/wp-content\/uploads\/2024\/06\/720.jpeg\",\"keywords\":[\"Star+\"],\"articleSection\":[\"Destacados\",\"Films\"],\"inLanguage\":\"es\"},{\"@type\":\"WebPage\",\"@id\":\"https:\/\/clientesbrandbits.click\/la-tercera-temporada-de-el-encargado-estrena-trailer\/\",\"url\":\"https:\/\/clientesbrandbits.click\/la-tercera-temporada-de-el-encargado-estrena-trailer\/\",\"name\":\"La Tercera temporada de \\\"El encargado\\\" estrena tr\u00e1iler - Spanglish Cinema\",\"isPartOf\":{\"@id\":\"https:\/\/clientesbrandbits.click\/#website\"},\"primaryImageOfPage\":{\"@id\":\"https:\/\/clientesbrandbits.click\/la-tercera-temporada-de-el-encargado-estrena-trailer\/#primaryimage\"},\"image\":{\"@id\":\"https:\/\/clientesbrandbits.click\/la-tercera-temporada-de-el-encargado-estrena-trailer\/#primaryimage\"},\"thumbnailUrl\":\"https:\/\/clientesbrandbits.click\/wp-content\/uploads\/2024\/06\/720.jpeg\",\"datePublished\":\"2024-06-19T16:04:32+00:00\",\"dateModified\":\"2024-06-19T16:04:32+00:00\",\"description\":\"Ya est\u00e1n disponibles el nuevo tr\u00e1iler de la tercera temporada de El encargado, la popular serie del sello\u00a0Star Original Productions\u00a0protagonizada por\u00a0Guillermo Francella\u00a0y creada por\u00a0Mariano Cohn\u00a0y\u00a0Gast\u00f3n Duprat, que desembarca exclusivamente en Disney+ el\u00a019 de julio\u00a0con sus primeros dos episodios y luego\u00a0estrena\u00a0un nuevo episodio cada viernes.\",\"breadcrumb\":{\"@id\":\"https:\/\/clientesbrandbits.click\/la-tercera-temporada-de-el-encargado-estrena-trailer\/#breadcrumb\"},\"inLanguage\":\"es\",\"potentialAction\":[{\"@type\":\"ReadAction\",\"target\":[\"https:\/\/clientesbrandbits.click\/la-tercera-temporada-de-el-encargado-estrena-trailer\/\"]}]},{\"@type\":\"ImageObject\",\"inLanguage\":\"es\",\"@id\":\"https:\/\/clientesbrandbits.click\/la-tercera-temporada-de-el-encargado-estrena-trailer\/#primaryimage\",\"url\":\"https:\/\/clientesbrandbits.click\/wp-content\/uploads\/2024\/06\/720.jpeg\",\"contentUrl\":\"https:\/\/clientesbrandbits.click\/wp-content\/uploads\/2024\/06\/720.jpeg\",\"width\":1081,\"height\":720},{\"@type\":\"BreadcrumbList\",\"@id\":\"https:\/\/clientesbrandbits.click\/la-tercera-temporada-de-el-encargado-estrena-trailer\/#breadcrumb\",\"itemListElement\":[{\"@type\":\"ListItem\",\"position\":1,\"name\":\"Portada\",\"item\":\"https:\/\/clientesbrandbits.click\/\"},{\"@type\":\"ListItem\",\"position\":2,\"name\":\"La Tercera temporada de &#8220;El encargado&#8221; estrena tr\u00e1iler\"}]},{\"@type\":\"WebSite\",\"@id\":\"https:\/\/clientesbrandbits.click\/#website\",\"url\":\"https:\/\/clientesbrandbits.click\/\",\"name\":\"Spanglish Cinema\",\"description\":\"\",\"publisher\":{\"@id\":\"https:\/\/clientesbrandbits.click\/#organization\"},\"potentialAction\":[{\"@type\":\"SearchAction\",\"target\":{\"@type\":\"EntryPoint\",\"urlTemplate\":\"https:\/\/clientesbrandbits.click\/?s={search_term_string}\"},\"query-input\":\"required name=search_term_string\"}],\"inLanguage\":\"es\"},{\"@type\":\"Organization\",\"@id\":\"https:\/\/clientesbrandbits.click\/#organization\",\"name\":\"Spanglish Cinema\",\"url\":\"https:\/\/clientesbrandbits.click\/\",\"logo\":{\"@type\":\"ImageObject\",\"inLanguage\":\"es\",\"@id\":\"https:\/\/clientesbrandbits.click\/#\/schema\/logo\/image\/\",\"url\":\"https:\/\/clientesbrandbits.click\/wp-content\/uploads\/2024\/03\/spanglish_cinema.png\",\"contentUrl\":\"https:\/\/clientesbrandbits.click\/wp-content\/uploads\/2024\/03\/spanglish_cinema.png\",\"width\":612,\"height\":225,\"caption\":\"Spanglish Cinema\"},\"image\":{\"@id\":\"https:\/\/clientesbrandbits.click\/#\/schema\/logo\/image\/\"}},{\"@type\":\"Person\",\"@id\":\"https:\/\/clientesbrandbits.click\/#\/schema\/person\/3582a766d1bd629325b8cb5e303f4963\",\"name\":\"Elizabeth Salazar\",\"image\":{\"@type\":\"ImageObject\",\"inLanguage\":\"es\",\"@id\":\"https:\/\/clientesbrandbits.click\/#\/schema\/person\/image\/\",\"url\":\"https:\/\/secure.gravatar.com\/avatar\/ddf69a5ddae2a61929dd4e305eb31658?s=96&d=mm&r=g\",\"contentUrl\":\"https:\/\/secure.gravatar.com\/avatar\/ddf69a5ddae2a61929dd4e305eb31658?s=96&d=mm&r=g\",\"caption\":\"Elizabeth Salazar\"},\"url\":\"https:\/\/clientesbrandbits.click\/es\/author\/elizabeth-salazar\/\"}]}<\/script>\n<!-- \/ Yoast SEO plugin. -->","yoast_head_json":{"title":"La Tercera temporada de \"El encargado\" estrena tr\u00e1iler - Spanglish Cinema","description":"Ya est\u00e1n disponibles el nuevo tr\u00e1iler de la tercera temporada de El encargado, la popular serie del sello\u00a0Star Original Productions\u00a0protagonizada por\u00a0Guillermo Francella\u00a0y creada por\u00a0Mariano Cohn\u00a0y\u00a0Gast\u00f3n Duprat, que desembarca exclusivamente en Disney+ el\u00a019 de julio\u00a0con sus primeros dos episodios y luego\u00a0estrena\u00a0un nuevo episodio cada viernes.","robots":{"index":"index","follow":"follow","max-snippet":"max-snippet:-1","max-image-preview":"max-image-preview:large","max-video-preview":"max-video-preview:-1"},"canonical":"https:\/\/clientesbrandbits.click\/es\/la-tercera-temporada-de-el-encargado-estrena-trailer\/","og_locale":"es_ES","og_type":"article","og_title":"La Tercera temporada de \"El encargado\" estrena tr\u00e1iler - Spanglish Cinema","og_description":"Ya est\u00e1n disponibles el nuevo tr\u00e1iler de la tercera temporada de El encargado, la popular serie del sello\u00a0Star Original Productions\u00a0protagonizada por\u00a0Guillermo Francella\u00a0y creada por\u00a0Mariano Cohn\u00a0y\u00a0Gast\u00f3n Duprat, que desembarca exclusivamente en Disney+ el\u00a019 de julio\u00a0con sus primeros dos episodios y luego\u00a0estrena\u00a0un nuevo episodio cada viernes.","og_url":"https:\/\/clientesbrandbits.click\/es\/la-tercera-temporada-de-el-encargado-estrena-trailer\/","og_site_name":"Spanglish Cinema","article_published_time":"2024-06-19T16:04:32+00:00","og_image":[{"width":1081,"height":720,"url":"https:\/\/clientesbrandbits.click\/wp-content\/uploads\/2024\/06\/720.jpeg","type":"image\/jpeg"}],"author":"Elizabeth Salazar","twitter_card":"summary_large_image","twitter_misc":{"Escrito por":"Elizabeth Salazar","Tiempo de lectura":"3 minutos"},"schema":{"@context":"https:\/\/schema.org","@graph":[{"@type":"Article","@id":"https:\/\/clientesbrandbits.click\/la-tercera-temporada-de-el-encargado-estrena-trailer\/#article","isPartOf":{"@id":"https:\/\/clientesbrandbits.click\/la-tercera-temporada-de-el-encargado-estrena-trailer\/"},"author":{"name":"Elizabeth Salazar","@id":"https:\/\/clientesbrandbits.click\/#\/schema\/person\/3582a766d1bd629325b8cb5e303f4963"},"headline":"La Tercera temporada de \u00abEl encargado\u00bb estrena tr\u00e1iler","datePublished":"2024-06-19T16:04:32+00:00","dateModified":"2024-06-19T16:04:32+00:00","mainEntityOfPage":{"@id":"https:\/\/clientesbrandbits.click\/la-tercera-temporada-de-el-encargado-estrena-trailer\/"},"wordCount":486,"publisher":{"@id":"https:\/\/clientesbrandbits.click\/#organization"},"image":{"@id":"https:\/\/clientesbrandbits.click\/la-tercera-temporada-de-el-encargado-estrena-trailer\/#primaryimage"},"thumbnailUrl":"https:\/\/clientesbrandbits.click\/wp-content\/uploads\/2024\/06\/720.jpeg","keywords":["Star+"],"articleSection":["Destacados","Films"],"inLanguage":"es"},{"@type":"WebPage","@id":"https:\/\/clientesbrandbits.click\/la-tercera-temporada-de-el-encargado-estrena-trailer\/","url":"https:\/\/clientesbrandbits.click\/la-tercera-temporada-de-el-encargado-estrena-trailer\/","name":"La Tercera temporada de \"El encargado\" estrena tr\u00e1iler - Spanglish Cinema","isPartOf":{"@id":"https:\/\/clientesbrandbits.click\/#website"},"primaryImageOfPage":{"@id":"https:\/\/clientesbrandbits.click\/la-tercera-temporada-de-el-encargado-estrena-trailer\/#primaryimage"},"image":{"@id":"https:\/\/clientesbrandbits.click\/la-tercera-temporada-de-el-encargado-estrena-trailer\/#primaryimage"},"thumbnailUrl":"https:\/\/clientesbrandbits.click\/wp-content\/uploads\/2024\/06\/720.jpeg","datePublished":"2024-06-19T16:04:32+00:00","dateModified":"2024-06-19T16:04:32+00:00","description":"Ya est\u00e1n disponibles el nuevo tr\u00e1iler de la tercera temporada de El encargado, la popular serie del sello\u00a0Star Original Productions\u00a0protagonizada por\u00a0Guillermo Francella\u00a0y creada por\u00a0Mariano Cohn\u00a0y\u00a0Gast\u00f3n Duprat, que desembarca exclusivamente en Disney+ el\u00a019 de julio\u00a0con sus primeros dos episodios y luego\u00a0estrena\u00a0un nuevo episodio cada viernes.","breadcrumb":{"@id":"https:\/\/clientesbrandbits.click\/la-tercera-temporada-de-el-encargado-estrena-trailer\/#breadcrumb"},"inLanguage":"es","potentialAction":[{"@type":"ReadAction","target":["https:\/\/clientesbrandbits.click\/la-tercera-temporada-de-el-encargado-estrena-trailer\/"]}]},{"@type":"ImageObject","inLanguage":"es","@id":"https:\/\/clientesbrandbits.click\/la-tercera-temporada-de-el-encargado-estrena-trailer\/#primaryimage","url":"https:\/\/clientesbrandbits.click\/wp-content\/uploads\/2024\/06\/720.jpeg","contentUrl":"https:\/\/clientesbrandbits.click\/wp-content\/uploads\/2024\/06\/720.jpeg","width":1081,"height":720},{"@type":"BreadcrumbList","@id":"https:\/\/clientesbrandbits.click\/la-tercera-temporada-de-el-encargado-estrena-trailer\/#breadcrumb","itemListElement":[{"@type":"ListItem","position":1,"name":"Portada","item":"https:\/\/clientesbrandbits.click\/"},{"@type":"ListItem","position":2,"name":"La Tercera temporada de &#8220;El encargado&#8221; estrena tr\u00e1iler"}]},{"@type":"WebSite","@id":"https:\/\/clientesbrandbits.click\/#website","url":"https:\/\/clientesbrandbits.click\/","name":"Spanglish Cinema","description":"","publisher":{"@id":"https:\/\/clientesbrandbits.click\/#organization"},"potentialAction":[{"@type":"SearchAction","target":{"@type":"EntryPoint","urlTemplate":"https:\/\/clientesbrandbits.click\/?s={search_term_string}"},"query-input":"required name=search_term_string"}],"inLanguage":"es"},{"@type":"Organization","@id":"https:\/\/clientesbrandbits.click\/#organization","name":"Spanglish Cinema","url":"https:\/\/clientesbrandbits.click\/","logo":{"@type":"ImageObject","inLanguage":"es","@id":"https:\/\/clientesbrandbits.click\/#\/schema\/logo\/image\/","url":"https:\/\/clientesbrandbits.click\/wp-content\/uploads\/2024\/03\/spanglish_cinema.png","contentUrl":"https:\/\/clientesbrandbits.click\/wp-content\/uploads\/2024\/03\/spanglish_cinema.png","width":612,"height":225,"caption":"Spanglish Cinema"},"image":{"@id":"https:\/\/clientesbrandbits.click\/#\/schema\/logo\/image\/"}},{"@type":"Person","@id":"https:\/\/clientesbrandbits.click\/#\/schema\/person\/3582a766d1bd629325b8cb5e303f4963","name":"Elizabeth Salazar","image":{"@type":"ImageObject","inLanguage":"es","@id":"https:\/\/clientesbrandbits.click\/#\/schema\/person\/image\/","url":"https:\/\/secure.gravatar.com\/avatar\/ddf69a5ddae2a61929dd4e305eb31658?s=96&d=mm&r=g","contentUrl":"https:\/\/secure.gravatar.com\/avatar\/ddf69a5ddae2a61929dd4e305eb31658?s=96&d=mm&r=g","caption":"Elizabeth Salazar"},"url":"https:\/\/clientesbrandbits.click\/es\/author\/elizabeth-salazar\/"}]}},"_links":{"self":[{"href":"https:\/\/clientesbrandbits.click\/es\/wp-json\/wp\/v2\/posts\/1880"}],"collection":[{"href":"https:\/\/clientesbrandbits.click\/es\/wp-json\/wp\/v2\/posts"}],"about":[{"href":"https:\/\/clientesbrandbits.click\/es\/wp-json\/wp\/v2\/types\/post"}],"author":[{"embeddable":true,"href":"https:\/\/clientesbrandbits.click\/es\/wp-json\/wp\/v2\/users\/5"}],"replies":[{"embeddable":true,"href":"https:\/\/clientesbrandbits.click\/es\/wp-json\/wp\/v2\/comments?post=1880"}],"version-history":[{"count":2,"href":"https:\/\/clientesbrandbits.click\/es\/wp-json\/wp\/v2\/posts\/1880\/revisions"}],"predecessor-version":[{"id":1883,"href":"https:\/\/clientesbrandbits.click\/es\/wp-json\/wp\/v2\/posts\/1880\/revisions\/1883"}],"wp:featuredmedia":[{"embeddable":true,"href":"https:\/\/clientesbrandbits.click\/es\/wp-json\/wp\/v2\/media\/1881"}],"wp:attachment":[{"href":"https:\/\/clientesbrandbits.click\/es\/wp-json\/wp\/v2\/media?parent=1880"}],"wp:term":[{"taxonomy":"category","embeddable":true,"href":"https:\/\/clientesbrandbits.click\/es\/wp-json\/wp\/v2\/categories?post=1880"},{"taxonomy":"post_tag","embeddable":true,"href":"https:\/\/clientesbrandbits.click\/es\/wp-json\/wp\/v2\/tags?post=1880"}],"curies":[{"name":"wp","href":"https:\/\/api.w.org\/{rel}","templated":true}]}}