{"id":1869,"date":"2024-06-18T09:42:14","date_gmt":"2024-06-18T13:42:14","guid":{"rendered":"https:\/\/clientesbrandbits.click\/?p=1869"},"modified":"2024-06-18T09:42:14","modified_gmt":"2024-06-18T13:42:14","slug":"las-dos-destacadas-que-nos-dejo-la-seccion-narrativa-spotlight-de-tribeca","status":"publish","type":"post","link":"https:\/\/clientesbrandbits.click\/es\/las-dos-destacadas-que-nos-dejo-la-seccion-narrativa-spotlight-de-tribeca\/","title":{"rendered":"Las Dos Destacadas que nos dej\u00f3 la secci\u00f3n Narrativa Spotlight de Tribeca"},"content":{"rendered":"<p style=\"text-align: justify;\">El festival de Tribeca finaliza pero las pel\u00edculas contin\u00faan. Hoy en Spanglish Cinema les dejamos dos t\u00edtulos que pasaron por la selecci\u00f3n de Narrativa Spotlight, una plataforma de lanzamiento para las pel\u00edculas m\u00e1s esperadas y comentadas del a\u00f1o. Este segmento del festival ofrece al p\u00fablico la oportunidad de disfrutar de estrenos anticipados de cineastas aclamados y actuaciones de estrellas reconocidas.<\/p>\n<p style=\"text-align: justify;\">En esta ocasi\u00f3n pudimos ver \u2018In the Summers\u2019 y \u2018The Shallow Tale of a Writer Who Decided to Write about a Serial Killer\u2019 que incluso gan\u00f3 el segundo lugar en la categor\u00eda de Narrativa en los Premios de la Audiencia.<\/p>\n<p style=\"text-align: justify;\"><strong>In the Summers<\/strong><\/p>\n<p style=\"text-align: justify;\">Esta \u00f3pera prima de la directora Alessandra Lacorazza es toda una sorpresa tanto por composici\u00f3n formal como por la narrativa. El cine siempre nos acerca relatos sobre familias rotas pero pocas veces retrata con tanta empat\u00eda las espinas que hay en las relaciones entre un padre perturbado y sus hijas. As\u00ed es \u201cIn The Summers\u201d que registra los veranos expandidos en 20 a\u00f1os de las hermanas Eva y Violeta que visitan a su padre Vicente, Ren\u00e9 P\u00e9rez Joglar conocido como Residente, otra de las gratas sorpresas que entrega una actuaci\u00f3n que se siente genuina y conmovedora. \u201cIn The Summers\u00bb comienza cuando estas peque\u00f1as visitan a su padre por primera vez en la ciudad de Las Cruces. Con una fotograf\u00eda c\u00e1lida y un montaje calmo, que recuerda a \u2018The Florida Project\u2019 y \u2018Aftersun\u2019, \u201cIn The Summers\u201d dedica especial inter\u00e9s a las miserias que agrietan a las familias y sin cuestionamientos, casi de una forma religiosa permanecemos ah\u00ed. El material que concibe la directora nos ancla en los silencios y el sufrimiento de las hijas por conectar con su padre, un hombre totalmente imperfecto.<\/p>\n<p style=\"text-align: justify;\">Es importante aclarar que las hermanas Violeta y Eva son interpretadas por tres grupos de actrices, incluidas Sasha Calle y L\u00edo Mehiel, ambas actrices dan vida a las ya j\u00f3venes Eva y Violeta quienes logran cristalizar en estas ya adultas el trauma que nos van moldeando en la vida y todo es condensado en un \u00faltimo plano muy memorable.<\/p>\n<p style=\"text-align: justify;\">Ganadora del Gran Premio del Jurado Dram\u00e1tico de EE.UU. en Sundance<strong>, In the Summers<\/strong> es una gran \u00f3pera prima cargada de una sensibilidad notable.<\/p>\n<p style=\"text-align: justify;\"><strong>The Shallow Tale of a Writer Who Decided to Write about a Serial Killer<\/strong><\/p>\n<p style=\"text-align: justify;\">Esta es la fiesta a la que m\u00e1s me gusta concurrir cuando una pel\u00edcula nos invita a subvertir g\u00e9neros. Es que esta propuesta del director turco Tolga Karacelik es toda una rareza en el mejor de los sentidos. Una mezcla de neo-noir con comedia de enredos, con una fotograf\u00eda prominente de la noche en la ciudad de Nueva York donde la muerte acecha pero con unos tonos hilarantes que sacan carcajadas verdaderas.<\/p>\n<p style=\"text-align: justify;\"><em>\u00abSiendo a\u00fan m\u00e1s fuerte que la muerte, quer\u00eda escribir una comedia donde la muerte sea un personaje pero no lo suficientemente significativo como para ser el protagonista.\u00bb<\/em> As\u00ed nos adelantaba el director desde Tribeca de esta pel\u00edcula en la que teje en el mejor tono de comedia una s\u00e1tira sobre el matrimonio, el arte y la muerte.<\/p>\n<p style=\"text-align: justify;\">El film est\u00e1 protagonizado por John Magaro que encarna nuevamente a un escritor llamado Keane, para hayamos visto \u2018Past Lives\u2019 recordaremos a su Arthur que tambi\u00e9n era un escritor intentando sobresalir, pero ac\u00e1 el actor lo lleva a un registro divertid\u00edsimo que es toda una sorpresa aunque Magaro es un incre\u00edble actor pero verlo en este rango despeja cualquier duda. Adem\u00e1s est\u00e1 acompa\u00f1ado por un excelente Steve Buscemi al que no se le mueve un pelo como un asesino en serie retirado y Britt Lower que tambi\u00e9n est\u00e1 espectacular como la esposa de Magaro.La m\u00fasica tambi\u00e9n juega un papel importante moviendo la narrativa de esta comedia oscura que genera un efecto indescriptible.<\/p>\n<p style=\"text-align: justify;\">Sin duda para los amantes de este g\u00e9nero \u201cThe Shallow Tale of a Writer Who Decided to Write about a Serial Killer\u201d es una propuesta imperdible.<\/p>\n","protected":false},"excerpt":{"rendered":"<p>El festival de Tribeca finaliza pero las pel\u00edculas contin\u00faan. Hoy en Spanglish Cinema les dejamos dos t\u00edtulos que pasaron por la selecci\u00f3n de Narrativa Spotlight, una plataforma de lanzamiento para las pel\u00edculas m\u00e1s esperadas y comentadas del a\u00f1o. Este segmento &#8230; <a title=\"Las Dos Destacadas que nos dej\u00f3 la secci\u00f3n Narrativa Spotlight de Tribeca\" class=\"read-more\" href=\"https:\/\/clientesbrandbits.click\/es\/las-dos-destacadas-que-nos-dejo-la-seccion-narrativa-spotlight-de-tribeca\/\" aria-label=\"Leer m\u00e1s sobre Las Dos Destacadas que nos dej\u00f3 la secci\u00f3n Narrativa Spotlight de Tribeca\">Leer M\u00e1s<\/a><\/p>\n","protected":false},"author":4,"featured_media":1870,"comment_status":"closed","ping_status":"closed","sticky":false,"template":"","format":"standard","meta":{"_joinchat":[],"footnotes":""},"categories":[112,11],"tags":[100,146],"class_list":["post-1869","post","type-post","status-publish","format-standard","has-post-thumbnail","hentry","category-destacados","category-festivales-de-cine","tag-festival-de-cine-de-tribeca","tag-tribeca","infinite-scroll-item"],"yoast_head":"<!-- This site is optimized with the Yoast SEO plugin v22.8 - https:\/\/yoast.com\/wordpress\/plugins\/seo\/ -->\n<title>Las Dos Destacadas que nos dej\u00f3 la secci\u00f3n Narrativa Spotlight de Tribeca - Spanglish Cinema<\/title>\n<meta name=\"description\" content=\"El festival de Tribeca finaliza pero las pel\u00edculas contin\u00faan. Hoy en Spanglish Cinema les dejamos dos t\u00edtulos que pasaron por la selecci\u00f3n de Narrativa Spotlight, una plataforma de lanzamiento para las pel\u00edculas m\u00e1s esperadas y comentadas del a\u00f1o. Este segmento del festival ofrece al p\u00fablico la oportunidad de disfrutar de estrenos anticipados de cineastas aclamados y actuaciones de estrellas reconocidas.\" \/>\n<meta name=\"robots\" content=\"index, follow, max-snippet:-1, max-image-preview:large, max-video-preview:-1\" \/>\n<link rel=\"canonical\" href=\"https:\/\/clientesbrandbits.click\/es\/las-dos-destacadas-que-nos-dejo-la-seccion-narrativa-spotlight-de-tribeca\/\" \/>\n<meta property=\"og:locale\" content=\"es_ES\" \/>\n<meta property=\"og:type\" content=\"article\" \/>\n<meta property=\"og:title\" content=\"Las Dos Destacadas que nos dej\u00f3 la secci\u00f3n Narrativa Spotlight de Tribeca - Spanglish Cinema\" \/>\n<meta property=\"og:description\" content=\"El festival de Tribeca finaliza pero las pel\u00edculas contin\u00faan. Hoy en Spanglish Cinema les dejamos dos t\u00edtulos que pasaron por la selecci\u00f3n de Narrativa Spotlight, una plataforma de lanzamiento para las pel\u00edculas m\u00e1s esperadas y comentadas del a\u00f1o. Este segmento del festival ofrece al p\u00fablico la oportunidad de disfrutar de estrenos anticipados de cineastas aclamados y actuaciones de estrellas reconocidas.\" \/>\n<meta property=\"og:url\" content=\"https:\/\/clientesbrandbits.click\/es\/las-dos-destacadas-que-nos-dejo-la-seccion-narrativa-spotlight-de-tribeca\/\" \/>\n<meta property=\"og:site_name\" content=\"Spanglish Cinema\" \/>\n<meta property=\"article:published_time\" content=\"2024-06-18T13:42:14+00:00\" \/>\n<meta property=\"og:image\" content=\"https:\/\/clientesbrandbits.click\/wp-content\/uploads\/2024\/06\/The-Shallow-Tale.jpg\" \/>\n\t<meta property=\"og:image:width\" content=\"1280\" \/>\n\t<meta property=\"og:image:height\" content=\"720\" \/>\n\t<meta property=\"og:image:type\" content=\"image\/jpeg\" \/>\n<meta name=\"author\" content=\"Mery Linares\" \/>\n<meta name=\"twitter:card\" content=\"summary_large_image\" \/>\n<meta name=\"twitter:label1\" content=\"Escrito por\" \/>\n\t<meta name=\"twitter:data1\" content=\"Mery Linares\" \/>\n\t<meta name=\"twitter:label2\" content=\"Tiempo de lectura\" \/>\n\t<meta name=\"twitter:data2\" content=\"4 minutos\" \/>\n<script type=\"application\/ld+json\" class=\"yoast-schema-graph\">{\"@context\":\"https:\/\/schema.org\",\"@graph\":[{\"@type\":\"Article\",\"@id\":\"https:\/\/clientesbrandbits.click\/las-dos-destacadas-que-nos-dejo-la-seccion-narrativa-spotlight-de-tribeca\/#article\",\"isPartOf\":{\"@id\":\"https:\/\/clientesbrandbits.click\/las-dos-destacadas-que-nos-dejo-la-seccion-narrativa-spotlight-de-tribeca\/\"},\"author\":{\"name\":\"Mery Linares\",\"@id\":\"https:\/\/clientesbrandbits.click\/#\/schema\/person\/0d8086d91083c464c71a3ac2294f508b\"},\"headline\":\"Las Dos Destacadas que nos dej\u00f3 la secci\u00f3n Narrativa Spotlight de Tribeca\",\"datePublished\":\"2024-06-18T13:42:14+00:00\",\"dateModified\":\"2024-06-18T13:42:14+00:00\",\"mainEntityOfPage\":{\"@id\":\"https:\/\/clientesbrandbits.click\/las-dos-destacadas-que-nos-dejo-la-seccion-narrativa-spotlight-de-tribeca\/\"},\"wordCount\":703,\"publisher\":{\"@id\":\"https:\/\/clientesbrandbits.click\/#organization\"},\"image\":{\"@id\":\"https:\/\/clientesbrandbits.click\/las-dos-destacadas-que-nos-dejo-la-seccion-narrativa-spotlight-de-tribeca\/#primaryimage\"},\"thumbnailUrl\":\"https:\/\/clientesbrandbits.click\/wp-content\/uploads\/2024\/06\/The-Shallow-Tale.jpg\",\"keywords\":[\"festival de cine de tribeca\",\"Tribeca\"],\"articleSection\":[\"Destacados\",\"Festivales de Cine\"],\"inLanguage\":\"es\"},{\"@type\":\"WebPage\",\"@id\":\"https:\/\/clientesbrandbits.click\/las-dos-destacadas-que-nos-dejo-la-seccion-narrativa-spotlight-de-tribeca\/\",\"url\":\"https:\/\/clientesbrandbits.click\/las-dos-destacadas-que-nos-dejo-la-seccion-narrativa-spotlight-de-tribeca\/\",\"name\":\"Las Dos Destacadas que nos dej\u00f3 la secci\u00f3n Narrativa Spotlight de Tribeca - Spanglish Cinema\",\"isPartOf\":{\"@id\":\"https:\/\/clientesbrandbits.click\/#website\"},\"primaryImageOfPage\":{\"@id\":\"https:\/\/clientesbrandbits.click\/las-dos-destacadas-que-nos-dejo-la-seccion-narrativa-spotlight-de-tribeca\/#primaryimage\"},\"image\":{\"@id\":\"https:\/\/clientesbrandbits.click\/las-dos-destacadas-que-nos-dejo-la-seccion-narrativa-spotlight-de-tribeca\/#primaryimage\"},\"thumbnailUrl\":\"https:\/\/clientesbrandbits.click\/wp-content\/uploads\/2024\/06\/The-Shallow-Tale.jpg\",\"datePublished\":\"2024-06-18T13:42:14+00:00\",\"dateModified\":\"2024-06-18T13:42:14+00:00\",\"description\":\"El festival de Tribeca finaliza pero las pel\u00edculas contin\u00faan. Hoy en Spanglish Cinema les dejamos dos t\u00edtulos que pasaron por la selecci\u00f3n de Narrativa Spotlight, una plataforma de lanzamiento para las pel\u00edculas m\u00e1s esperadas y comentadas del a\u00f1o. Este segmento del festival ofrece al p\u00fablico la oportunidad de disfrutar de estrenos anticipados de cineastas aclamados y actuaciones de estrellas reconocidas.\",\"breadcrumb\":{\"@id\":\"https:\/\/clientesbrandbits.click\/las-dos-destacadas-que-nos-dejo-la-seccion-narrativa-spotlight-de-tribeca\/#breadcrumb\"},\"inLanguage\":\"es\",\"potentialAction\":[{\"@type\":\"ReadAction\",\"target\":[\"https:\/\/clientesbrandbits.click\/las-dos-destacadas-que-nos-dejo-la-seccion-narrativa-spotlight-de-tribeca\/\"]}]},{\"@type\":\"ImageObject\",\"inLanguage\":\"es\",\"@id\":\"https:\/\/clientesbrandbits.click\/las-dos-destacadas-que-nos-dejo-la-seccion-narrativa-spotlight-de-tribeca\/#primaryimage\",\"url\":\"https:\/\/clientesbrandbits.click\/wp-content\/uploads\/2024\/06\/The-Shallow-Tale.jpg\",\"contentUrl\":\"https:\/\/clientesbrandbits.click\/wp-content\/uploads\/2024\/06\/The-Shallow-Tale.jpg\",\"width\":1280,\"height\":720},{\"@type\":\"BreadcrumbList\",\"@id\":\"https:\/\/clientesbrandbits.click\/las-dos-destacadas-que-nos-dejo-la-seccion-narrativa-spotlight-de-tribeca\/#breadcrumb\",\"itemListElement\":[{\"@type\":\"ListItem\",\"position\":1,\"name\":\"Portada\",\"item\":\"https:\/\/clientesbrandbits.click\/\"},{\"@type\":\"ListItem\",\"position\":2,\"name\":\"Las Dos Destacadas que nos dej\u00f3 la secci\u00f3n Narrativa Spotlight de Tribeca\"}]},{\"@type\":\"WebSite\",\"@id\":\"https:\/\/clientesbrandbits.click\/#website\",\"url\":\"https:\/\/clientesbrandbits.click\/\",\"name\":\"Spanglish Cinema\",\"description\":\"\",\"publisher\":{\"@id\":\"https:\/\/clientesbrandbits.click\/#organization\"},\"potentialAction\":[{\"@type\":\"SearchAction\",\"target\":{\"@type\":\"EntryPoint\",\"urlTemplate\":\"https:\/\/clientesbrandbits.click\/?s={search_term_string}\"},\"query-input\":\"required name=search_term_string\"}],\"inLanguage\":\"es\"},{\"@type\":\"Organization\",\"@id\":\"https:\/\/clientesbrandbits.click\/#organization\",\"name\":\"Spanglish Cinema\",\"url\":\"https:\/\/clientesbrandbits.click\/\",\"logo\":{\"@type\":\"ImageObject\",\"inLanguage\":\"es\",\"@id\":\"https:\/\/clientesbrandbits.click\/#\/schema\/logo\/image\/\",\"url\":\"https:\/\/clientesbrandbits.click\/wp-content\/uploads\/2024\/03\/spanglish_cinema.png\",\"contentUrl\":\"https:\/\/clientesbrandbits.click\/wp-content\/uploads\/2024\/03\/spanglish_cinema.png\",\"width\":612,\"height\":225,\"caption\":\"Spanglish Cinema\"},\"image\":{\"@id\":\"https:\/\/clientesbrandbits.click\/#\/schema\/logo\/image\/\"}},{\"@type\":\"Person\",\"@id\":\"https:\/\/clientesbrandbits.click\/#\/schema\/person\/0d8086d91083c464c71a3ac2294f508b\",\"name\":\"Mery Linares\",\"image\":{\"@type\":\"ImageObject\",\"inLanguage\":\"es\",\"@id\":\"https:\/\/clientesbrandbits.click\/#\/schema\/person\/image\/\",\"url\":\"https:\/\/secure.gravatar.com\/avatar\/c2c478fe4bca383b05d541cf087a8cfb?s=96&d=mm&r=g\",\"contentUrl\":\"https:\/\/secure.gravatar.com\/avatar\/c2c478fe4bca383b05d541cf087a8cfb?s=96&d=mm&r=g\",\"caption\":\"Mery Linares\"},\"url\":\"https:\/\/clientesbrandbits.click\/es\/author\/mery-linares\/\"}]}<\/script>\n<!-- \/ Yoast SEO plugin. -->","yoast_head_json":{"title":"Las Dos Destacadas que nos dej\u00f3 la secci\u00f3n Narrativa Spotlight de Tribeca - Spanglish Cinema","description":"El festival de Tribeca finaliza pero las pel\u00edculas contin\u00faan. Hoy en Spanglish Cinema les dejamos dos t\u00edtulos que pasaron por la selecci\u00f3n de Narrativa Spotlight, una plataforma de lanzamiento para las pel\u00edculas m\u00e1s esperadas y comentadas del a\u00f1o. Este segmento del festival ofrece al p\u00fablico la oportunidad de disfrutar de estrenos anticipados de cineastas aclamados y actuaciones de estrellas reconocidas.","robots":{"index":"index","follow":"follow","max-snippet":"max-snippet:-1","max-image-preview":"max-image-preview:large","max-video-preview":"max-video-preview:-1"},"canonical":"https:\/\/clientesbrandbits.click\/es\/las-dos-destacadas-que-nos-dejo-la-seccion-narrativa-spotlight-de-tribeca\/","og_locale":"es_ES","og_type":"article","og_title":"Las Dos Destacadas que nos dej\u00f3 la secci\u00f3n Narrativa Spotlight de Tribeca - Spanglish Cinema","og_description":"El festival de Tribeca finaliza pero las pel\u00edculas contin\u00faan. Hoy en Spanglish Cinema les dejamos dos t\u00edtulos que pasaron por la selecci\u00f3n de Narrativa Spotlight, una plataforma de lanzamiento para las pel\u00edculas m\u00e1s esperadas y comentadas del a\u00f1o. Este segmento del festival ofrece al p\u00fablico la oportunidad de disfrutar de estrenos anticipados de cineastas aclamados y actuaciones de estrellas reconocidas.","og_url":"https:\/\/clientesbrandbits.click\/es\/las-dos-destacadas-que-nos-dejo-la-seccion-narrativa-spotlight-de-tribeca\/","og_site_name":"Spanglish Cinema","article_published_time":"2024-06-18T13:42:14+00:00","og_image":[{"width":1280,"height":720,"url":"https:\/\/clientesbrandbits.click\/wp-content\/uploads\/2024\/06\/The-Shallow-Tale.jpg","type":"image\/jpeg"}],"author":"Mery Linares","twitter_card":"summary_large_image","twitter_misc":{"Escrito por":"Mery Linares","Tiempo de lectura":"4 minutos"},"schema":{"@context":"https:\/\/schema.org","@graph":[{"@type":"Article","@id":"https:\/\/clientesbrandbits.click\/las-dos-destacadas-que-nos-dejo-la-seccion-narrativa-spotlight-de-tribeca\/#article","isPartOf":{"@id":"https:\/\/clientesbrandbits.click\/las-dos-destacadas-que-nos-dejo-la-seccion-narrativa-spotlight-de-tribeca\/"},"author":{"name":"Mery Linares","@id":"https:\/\/clientesbrandbits.click\/#\/schema\/person\/0d8086d91083c464c71a3ac2294f508b"},"headline":"Las Dos Destacadas que nos dej\u00f3 la secci\u00f3n Narrativa Spotlight de Tribeca","datePublished":"2024-06-18T13:42:14+00:00","dateModified":"2024-06-18T13:42:14+00:00","mainEntityOfPage":{"@id":"https:\/\/clientesbrandbits.click\/las-dos-destacadas-que-nos-dejo-la-seccion-narrativa-spotlight-de-tribeca\/"},"wordCount":703,"publisher":{"@id":"https:\/\/clientesbrandbits.click\/#organization"},"image":{"@id":"https:\/\/clientesbrandbits.click\/las-dos-destacadas-que-nos-dejo-la-seccion-narrativa-spotlight-de-tribeca\/#primaryimage"},"thumbnailUrl":"https:\/\/clientesbrandbits.click\/wp-content\/uploads\/2024\/06\/The-Shallow-Tale.jpg","keywords":["festival de cine de tribeca","Tribeca"],"articleSection":["Destacados","Festivales de Cine"],"inLanguage":"es"},{"@type":"WebPage","@id":"https:\/\/clientesbrandbits.click\/las-dos-destacadas-que-nos-dejo-la-seccion-narrativa-spotlight-de-tribeca\/","url":"https:\/\/clientesbrandbits.click\/las-dos-destacadas-que-nos-dejo-la-seccion-narrativa-spotlight-de-tribeca\/","name":"Las Dos Destacadas que nos dej\u00f3 la secci\u00f3n Narrativa Spotlight de Tribeca - Spanglish Cinema","isPartOf":{"@id":"https:\/\/clientesbrandbits.click\/#website"},"primaryImageOfPage":{"@id":"https:\/\/clientesbrandbits.click\/las-dos-destacadas-que-nos-dejo-la-seccion-narrativa-spotlight-de-tribeca\/#primaryimage"},"image":{"@id":"https:\/\/clientesbrandbits.click\/las-dos-destacadas-que-nos-dejo-la-seccion-narrativa-spotlight-de-tribeca\/#primaryimage"},"thumbnailUrl":"https:\/\/clientesbrandbits.click\/wp-content\/uploads\/2024\/06\/The-Shallow-Tale.jpg","datePublished":"2024-06-18T13:42:14+00:00","dateModified":"2024-06-18T13:42:14+00:00","description":"El festival de Tribeca finaliza pero las pel\u00edculas contin\u00faan. Hoy en Spanglish Cinema les dejamos dos t\u00edtulos que pasaron por la selecci\u00f3n de Narrativa Spotlight, una plataforma de lanzamiento para las pel\u00edculas m\u00e1s esperadas y comentadas del a\u00f1o. Este segmento del festival ofrece al p\u00fablico la oportunidad de disfrutar de estrenos anticipados de cineastas aclamados y actuaciones de estrellas reconocidas.","breadcrumb":{"@id":"https:\/\/clientesbrandbits.click\/las-dos-destacadas-que-nos-dejo-la-seccion-narrativa-spotlight-de-tribeca\/#breadcrumb"},"inLanguage":"es","potentialAction":[{"@type":"ReadAction","target":["https:\/\/clientesbrandbits.click\/las-dos-destacadas-que-nos-dejo-la-seccion-narrativa-spotlight-de-tribeca\/"]}]},{"@type":"ImageObject","inLanguage":"es","@id":"https:\/\/clientesbrandbits.click\/las-dos-destacadas-que-nos-dejo-la-seccion-narrativa-spotlight-de-tribeca\/#primaryimage","url":"https:\/\/clientesbrandbits.click\/wp-content\/uploads\/2024\/06\/The-Shallow-Tale.jpg","contentUrl":"https:\/\/clientesbrandbits.click\/wp-content\/uploads\/2024\/06\/The-Shallow-Tale.jpg","width":1280,"height":720},{"@type":"BreadcrumbList","@id":"https:\/\/clientesbrandbits.click\/las-dos-destacadas-que-nos-dejo-la-seccion-narrativa-spotlight-de-tribeca\/#breadcrumb","itemListElement":[{"@type":"ListItem","position":1,"name":"Portada","item":"https:\/\/clientesbrandbits.click\/"},{"@type":"ListItem","position":2,"name":"Las Dos Destacadas que nos dej\u00f3 la secci\u00f3n Narrativa Spotlight de Tribeca"}]},{"@type":"WebSite","@id":"https:\/\/clientesbrandbits.click\/#website","url":"https:\/\/clientesbrandbits.click\/","name":"Spanglish Cinema","description":"","publisher":{"@id":"https:\/\/clientesbrandbits.click\/#organization"},"potentialAction":[{"@type":"SearchAction","target":{"@type":"EntryPoint","urlTemplate":"https:\/\/clientesbrandbits.click\/?s={search_term_string}"},"query-input":"required name=search_term_string"}],"inLanguage":"es"},{"@type":"Organization","@id":"https:\/\/clientesbrandbits.click\/#organization","name":"Spanglish Cinema","url":"https:\/\/clientesbrandbits.click\/","logo":{"@type":"ImageObject","inLanguage":"es","@id":"https:\/\/clientesbrandbits.click\/#\/schema\/logo\/image\/","url":"https:\/\/clientesbrandbits.click\/wp-content\/uploads\/2024\/03\/spanglish_cinema.png","contentUrl":"https:\/\/clientesbrandbits.click\/wp-content\/uploads\/2024\/03\/spanglish_cinema.png","width":612,"height":225,"caption":"Spanglish Cinema"},"image":{"@id":"https:\/\/clientesbrandbits.click\/#\/schema\/logo\/image\/"}},{"@type":"Person","@id":"https:\/\/clientesbrandbits.click\/#\/schema\/person\/0d8086d91083c464c71a3ac2294f508b","name":"Mery Linares","image":{"@type":"ImageObject","inLanguage":"es","@id":"https:\/\/clientesbrandbits.click\/#\/schema\/person\/image\/","url":"https:\/\/secure.gravatar.com\/avatar\/c2c478fe4bca383b05d541cf087a8cfb?s=96&d=mm&r=g","contentUrl":"https:\/\/secure.gravatar.com\/avatar\/c2c478fe4bca383b05d541cf087a8cfb?s=96&d=mm&r=g","caption":"Mery Linares"},"url":"https:\/\/clientesbrandbits.click\/es\/author\/mery-linares\/"}]}},"_links":{"self":[{"href":"https:\/\/clientesbrandbits.click\/es\/wp-json\/wp\/v2\/posts\/1869"}],"collection":[{"href":"https:\/\/clientesbrandbits.click\/es\/wp-json\/wp\/v2\/posts"}],"about":[{"href":"https:\/\/clientesbrandbits.click\/es\/wp-json\/wp\/v2\/types\/post"}],"author":[{"embeddable":true,"href":"https:\/\/clientesbrandbits.click\/es\/wp-json\/wp\/v2\/users\/4"}],"replies":[{"embeddable":true,"href":"https:\/\/clientesbrandbits.click\/es\/wp-json\/wp\/v2\/comments?post=1869"}],"version-history":[{"count":1,"href":"https:\/\/clientesbrandbits.click\/es\/wp-json\/wp\/v2\/posts\/1869\/revisions"}],"predecessor-version":[{"id":1871,"href":"https:\/\/clientesbrandbits.click\/es\/wp-json\/wp\/v2\/posts\/1869\/revisions\/1871"}],"wp:featuredmedia":[{"embeddable":true,"href":"https:\/\/clientesbrandbits.click\/es\/wp-json\/wp\/v2\/media\/1870"}],"wp:attachment":[{"href":"https:\/\/clientesbrandbits.click\/es\/wp-json\/wp\/v2\/media?parent=1869"}],"wp:term":[{"taxonomy":"category","embeddable":true,"href":"https:\/\/clientesbrandbits.click\/es\/wp-json\/wp\/v2\/categories?post=1869"},{"taxonomy":"post_tag","embeddable":true,"href":"https:\/\/clientesbrandbits.click\/es\/wp-json\/wp\/v2\/tags?post=1869"}],"curies":[{"name":"wp","href":"https:\/\/api.w.org\/{rel}","templated":true}]}}