{"id":1840,"date":"2024-06-16T16:13:56","date_gmt":"2024-06-16T20:13:56","guid":{"rendered":"https:\/\/clientesbrandbits.click\/?p=1840"},"modified":"2024-06-23T08:54:09","modified_gmt":"2024-06-23T12:54:09","slug":"alfredo-castro-fue-homenajeado-en-el-festival-internacional-de-cine-de-guadalajara","status":"publish","type":"post","link":"https:\/\/clientesbrandbits.click\/es\/alfredo-castro-fue-homenajeado-en-el-festival-internacional-de-cine-de-guadalajara\/","title":{"rendered":"Alfredo Castro fue homenajeado en el Festival Internacional de Cine de Guadalajara"},"content":{"rendered":"<p style=\"text-align: justify;\">En el certamen n\u00famero 39 del Festival y como parte de su ceremonia de clausura, el actor <strong>Alfredo Castro<\/strong> recibi\u00f3 el Homenaje Mayahuel Iberoamericano por su trayectoria.<\/p>\n<p style=\"text-align: justify;\">Las coproducciones internacionales han marcado la carrera del actor chileno que ha trabajado con diversos actores latinoamericanos y que ha sido mundialmente conocido por sus colaboraciones con el realizador Pablo Larra\u00edn como <strong>Tony Manero, El Club o El Conde.<\/strong><\/p>\n<p style=\"text-align: justify;\">El actor, adem\u00e1s de ser premiado junto a su colega <strong>Diego Luna<\/strong>, se refiri\u00f3 a que la actuaci\u00f3n le ha permitido revisitar otros cuerpos, haciendo alusi\u00f3n a poder ser m\u00e1s de una persona a la vez, lo que lo agradece profundamente. A su vez, y como es consecuente en el actor que es un gran activista pol\u00edtico, hizo un llamado al <strong>apoyo del pueblo palestino y al repudio del genocidio israel\u00ed.<\/strong><\/p>\n<p style=\"text-align: justify;\">\u00abNo puedo dejar de manifestar el repudio al genocidio del Ej\u00e9rcito israel\u00ed en contra del pueblo Palestino\u00bb, y en un sal\u00f3n que se llen\u00f3 de aplausos continu\u00f3<\/p>\n<p style=\"text-align: justify;\">\u201cFrente a ustedes pido humanidad, respeto y paz para el pueblo Palestino\u00bb.<\/p>\n<p style=\"text-align: justify;\">Por otro lado, su colega Diego Luna afirm\u00f3 en el mismo tono pol\u00edtico:<\/p>\n<p style=\"text-align: justify;\">\u201cEn este momento en que estamos viviendo, donde en el mundo se vive una polarizaci\u00f3n brutal y parece que no hay espacio para los matices, un festival como el de Guadalajara nos muestra que s\u00ed, que podemos tener distintas creencias o apuestas pol\u00edticas\u201d, declar\u00f3.<\/p>\n<p style=\"text-align: justify;\">La noche estuvo tambi\u00e9n marcada por el rechazo al actual gobierno de Argentina y las pol\u00edticas que se han dado hasta la fecha reduciendo apoyo para la cultura con parcantas haciendo alusi\u00f3n al conflicto.<\/p>\n<p style=\"text-align: justify;\">Los Festivales de cine este a\u00f1o han sido plataforma para manifestar discursos que no siempre son difundidos en otras instancias, por lo que el aprovechar estos momentos son cruciales para movilizar a los auditores.<\/p>\n<p style=\"text-align: justify;\">En el mismo lugar se dieron a conocer los <strong>ganadores<\/strong> del certamen:<\/p>\n<p style=\"text-align: justify;\">&#8216;Ped\u00e1gio&#8217;, de la directora Carolina Markowicz, fue la gran ganadora del evento al llevarse los premios a <strong>Mejor Largometraje Iberoamericano de Ficci\u00f3n<\/strong>, <strong>Mejor Interpretaci\u00f3n<\/strong> para la actriz Maeve Jinkings y <strong>Mejor Pel\u00edcula del cine de diversidad sexual<\/strong>.<\/p>\n<p style=\"text-align: justify;\"><strong>Mejor Documental Iberoamericano<\/strong> se lo lleva &#8216;La fabulosa maquina de cosechar oro&#8217; de Alfredo Pourailly, que tambi\u00e9n se queda con <strong>Premio de la Federaci\u00f3n de Escuelas de la Imagen y el Sonido de Am\u00e9rica Latina.\u00a0<\/strong><\/p>\n<p style=\"text-align: justify;\">Por \u00faltimo, el <strong>Premio del P\u00fablico y Premio Mezcal<\/strong> se lo llev\u00f3 la cinta mexicana \u00a0&#8216;No nos mover\u00e1n&#8217;, del director Pierre Saint-Martin.<\/p>\n","protected":false},"excerpt":{"rendered":"<p>En el certamen n\u00famero 39 del Festival y como parte de su ceremonia de clausura, el actor Alfredo Castro recibi\u00f3 el Homenaje Mayahuel Iberoamericano por su trayectoria. Las coproducciones internacionales han marcado la carrera del actor chileno que ha trabajado &#8230; <a title=\"Alfredo Castro fue homenajeado en el Festival Internacional de Cine de Guadalajara\" class=\"read-more\" href=\"https:\/\/clientesbrandbits.click\/es\/alfredo-castro-fue-homenajeado-en-el-festival-internacional-de-cine-de-guadalajara\/\" aria-label=\"Leer m\u00e1s sobre Alfredo Castro fue homenajeado en el Festival Internacional de Cine de Guadalajara\">Leer M\u00e1s<\/a><\/p>\n","protected":false},"author":3,"featured_media":1842,"comment_status":"closed","ping_status":"closed","sticky":false,"template":"","format":"standard","meta":{"_joinchat":[],"footnotes":""},"categories":[11,12],"tags":[38,153],"class_list":["post-1840","post","type-post","status-publish","format-standard","has-post-thumbnail","hentry","category-festivales-de-cine","category-premios","tag-alfredo-castro","tag-festival-de-cine-de-guadalajara","infinite-scroll-item"],"yoast_head":"<!-- This site is optimized with the Yoast SEO plugin v22.8 - https:\/\/yoast.com\/wordpress\/plugins\/seo\/ -->\n<title>Alfredo Castro fue homenajeado en el Festival Internacional de Cine de Guadalajara - Spanglish Cinema<\/title>\n<meta name=\"description\" content=\"En el certamen n\u00famero 39 del Festival y como parte de su ceremonia de clausura, el actor Alfredo Castro recibi\u00f3 el Homenaje Mayahuel Iberoamericano por su trayectoria.\" \/>\n<meta name=\"robots\" content=\"index, follow, max-snippet:-1, max-image-preview:large, max-video-preview:-1\" \/>\n<link rel=\"canonical\" href=\"https:\/\/clientesbrandbits.click\/es\/alfredo-castro-fue-homenajeado-en-el-festival-internacional-de-cine-de-guadalajara\/\" \/>\n<meta property=\"og:locale\" content=\"es_ES\" \/>\n<meta property=\"og:type\" content=\"article\" \/>\n<meta property=\"og:title\" content=\"Alfredo Castro fue homenajeado en el Festival Internacional de Cine de Guadalajara - Spanglish Cinema\" \/>\n<meta property=\"og:description\" content=\"En el certamen n\u00famero 39 del Festival y como parte de su ceremonia de clausura, el actor Alfredo Castro recibi\u00f3 el Homenaje Mayahuel Iberoamericano por su trayectoria.\" \/>\n<meta property=\"og:url\" content=\"https:\/\/clientesbrandbits.click\/es\/alfredo-castro-fue-homenajeado-en-el-festival-internacional-de-cine-de-guadalajara\/\" \/>\n<meta property=\"og:site_name\" content=\"Spanglish Cinema\" \/>\n<meta property=\"article:published_time\" content=\"2024-06-16T20:13:56+00:00\" \/>\n<meta property=\"article:modified_time\" content=\"2024-06-23T12:54:09+00:00\" \/>\n<meta property=\"og:image\" content=\"https:\/\/clientesbrandbits.click\/wp-content\/uploads\/2024\/06\/Alfred.jpg\" \/>\n\t<meta property=\"og:image:width\" content=\"1500\" \/>\n\t<meta property=\"og:image:height\" content=\"870\" \/>\n\t<meta property=\"og:image:type\" content=\"image\/jpeg\" \/>\n<meta name=\"author\" content=\"Spanglish Cinema Team\" \/>\n<meta name=\"twitter:card\" content=\"summary_large_image\" \/>\n<meta name=\"twitter:label1\" content=\"Escrito por\" \/>\n\t<meta name=\"twitter:data1\" content=\"Spanglish Cinema Team\" \/>\n\t<meta name=\"twitter:label2\" content=\"Tiempo de lectura\" \/>\n\t<meta name=\"twitter:data2\" content=\"3 minutos\" \/>\n<script type=\"application\/ld+json\" class=\"yoast-schema-graph\">{\"@context\":\"https:\/\/schema.org\",\"@graph\":[{\"@type\":\"Article\",\"@id\":\"https:\/\/clientesbrandbits.click\/alfredo-castro-fue-homenajeado-en-el-festival-internacional-de-cine-de-guadalajara\/#article\",\"isPartOf\":{\"@id\":\"https:\/\/clientesbrandbits.click\/alfredo-castro-fue-homenajeado-en-el-festival-internacional-de-cine-de-guadalajara\/\"},\"author\":{\"name\":\"Spanglish Cinema Team\",\"@id\":\"https:\/\/clientesbrandbits.click\/#\/schema\/person\/678f0477e0f075fdf24e58e342ca80f1\"},\"headline\":\"Alfredo Castro fue homenajeado en el Festival Internacional de Cine de Guadalajara\",\"datePublished\":\"2024-06-16T20:13:56+00:00\",\"dateModified\":\"2024-06-23T12:54:09+00:00\",\"mainEntityOfPage\":{\"@id\":\"https:\/\/clientesbrandbits.click\/alfredo-castro-fue-homenajeado-en-el-festival-internacional-de-cine-de-guadalajara\/\"},\"wordCount\":443,\"publisher\":{\"@id\":\"https:\/\/clientesbrandbits.click\/#organization\"},\"image\":{\"@id\":\"https:\/\/clientesbrandbits.click\/alfredo-castro-fue-homenajeado-en-el-festival-internacional-de-cine-de-guadalajara\/#primaryimage\"},\"thumbnailUrl\":\"https:\/\/clientesbrandbits.click\/wp-content\/uploads\/2024\/06\/Alfred.jpg\",\"keywords\":[\"Alfredo Castro\",\"Festival de cine de Guadalajara\"],\"articleSection\":[\"Festivales de Cine\",\"Premios\"],\"inLanguage\":\"es\"},{\"@type\":\"WebPage\",\"@id\":\"https:\/\/clientesbrandbits.click\/alfredo-castro-fue-homenajeado-en-el-festival-internacional-de-cine-de-guadalajara\/\",\"url\":\"https:\/\/clientesbrandbits.click\/alfredo-castro-fue-homenajeado-en-el-festival-internacional-de-cine-de-guadalajara\/\",\"name\":\"Alfredo Castro fue homenajeado en el Festival Internacional de Cine de Guadalajara - Spanglish Cinema\",\"isPartOf\":{\"@id\":\"https:\/\/clientesbrandbits.click\/#website\"},\"primaryImageOfPage\":{\"@id\":\"https:\/\/clientesbrandbits.click\/alfredo-castro-fue-homenajeado-en-el-festival-internacional-de-cine-de-guadalajara\/#primaryimage\"},\"image\":{\"@id\":\"https:\/\/clientesbrandbits.click\/alfredo-castro-fue-homenajeado-en-el-festival-internacional-de-cine-de-guadalajara\/#primaryimage\"},\"thumbnailUrl\":\"https:\/\/clientesbrandbits.click\/wp-content\/uploads\/2024\/06\/Alfred.jpg\",\"datePublished\":\"2024-06-16T20:13:56+00:00\",\"dateModified\":\"2024-06-23T12:54:09+00:00\",\"description\":\"En el certamen n\u00famero 39 del Festival y como parte de su ceremonia de clausura, el actor Alfredo Castro recibi\u00f3 el Homenaje Mayahuel Iberoamericano por su trayectoria.\",\"breadcrumb\":{\"@id\":\"https:\/\/clientesbrandbits.click\/alfredo-castro-fue-homenajeado-en-el-festival-internacional-de-cine-de-guadalajara\/#breadcrumb\"},\"inLanguage\":\"es\",\"potentialAction\":[{\"@type\":\"ReadAction\",\"target\":[\"https:\/\/clientesbrandbits.click\/alfredo-castro-fue-homenajeado-en-el-festival-internacional-de-cine-de-guadalajara\/\"]}]},{\"@type\":\"ImageObject\",\"inLanguage\":\"es\",\"@id\":\"https:\/\/clientesbrandbits.click\/alfredo-castro-fue-homenajeado-en-el-festival-internacional-de-cine-de-guadalajara\/#primaryimage\",\"url\":\"https:\/\/clientesbrandbits.click\/wp-content\/uploads\/2024\/06\/Alfred.jpg\",\"contentUrl\":\"https:\/\/clientesbrandbits.click\/wp-content\/uploads\/2024\/06\/Alfred.jpg\",\"width\":1500,\"height\":870},{\"@type\":\"BreadcrumbList\",\"@id\":\"https:\/\/clientesbrandbits.click\/alfredo-castro-fue-homenajeado-en-el-festival-internacional-de-cine-de-guadalajara\/#breadcrumb\",\"itemListElement\":[{\"@type\":\"ListItem\",\"position\":1,\"name\":\"Portada\",\"item\":\"https:\/\/clientesbrandbits.click\/\"},{\"@type\":\"ListItem\",\"position\":2,\"name\":\"Alfredo Castro fue homenajeado en el Festival Internacional de Cine de Guadalajara\"}]},{\"@type\":\"WebSite\",\"@id\":\"https:\/\/clientesbrandbits.click\/#website\",\"url\":\"https:\/\/clientesbrandbits.click\/\",\"name\":\"Spanglish Cinema\",\"description\":\"\",\"publisher\":{\"@id\":\"https:\/\/clientesbrandbits.click\/#organization\"},\"potentialAction\":[{\"@type\":\"SearchAction\",\"target\":{\"@type\":\"EntryPoint\",\"urlTemplate\":\"https:\/\/clientesbrandbits.click\/?s={search_term_string}\"},\"query-input\":\"required name=search_term_string\"}],\"inLanguage\":\"es\"},{\"@type\":\"Organization\",\"@id\":\"https:\/\/clientesbrandbits.click\/#organization\",\"name\":\"Spanglish Cinema\",\"url\":\"https:\/\/clientesbrandbits.click\/\",\"logo\":{\"@type\":\"ImageObject\",\"inLanguage\":\"es\",\"@id\":\"https:\/\/clientesbrandbits.click\/#\/schema\/logo\/image\/\",\"url\":\"https:\/\/clientesbrandbits.click\/wp-content\/uploads\/2024\/03\/spanglish_cinema.png\",\"contentUrl\":\"https:\/\/clientesbrandbits.click\/wp-content\/uploads\/2024\/03\/spanglish_cinema.png\",\"width\":612,\"height\":225,\"caption\":\"Spanglish Cinema\"},\"image\":{\"@id\":\"https:\/\/clientesbrandbits.click\/#\/schema\/logo\/image\/\"}},{\"@type\":\"Person\",\"@id\":\"https:\/\/clientesbrandbits.click\/#\/schema\/person\/678f0477e0f075fdf24e58e342ca80f1\",\"name\":\"Spanglish Cinema Team\",\"image\":{\"@type\":\"ImageObject\",\"inLanguage\":\"es\",\"@id\":\"https:\/\/clientesbrandbits.click\/#\/schema\/person\/image\/\",\"url\":\"https:\/\/secure.gravatar.com\/avatar\/3eef20e32ea53867d5b6a361c9e8e2ee?s=96&d=mm&r=g\",\"contentUrl\":\"https:\/\/secure.gravatar.com\/avatar\/3eef20e32ea53867d5b6a361c9e8e2ee?s=96&d=mm&r=g\",\"caption\":\"Spanglish Cinema Team\"},\"url\":\"https:\/\/clientesbrandbits.click\/es\/author\/spanglish-cinema\/\"}]}<\/script>\n<!-- \/ Yoast SEO plugin. -->","yoast_head_json":{"title":"Alfredo Castro fue homenajeado en el Festival Internacional de Cine de Guadalajara - Spanglish Cinema","description":"En el certamen n\u00famero 39 del Festival y como parte de su ceremonia de clausura, el actor Alfredo Castro recibi\u00f3 el Homenaje Mayahuel Iberoamericano por su trayectoria.","robots":{"index":"index","follow":"follow","max-snippet":"max-snippet:-1","max-image-preview":"max-image-preview:large","max-video-preview":"max-video-preview:-1"},"canonical":"https:\/\/clientesbrandbits.click\/es\/alfredo-castro-fue-homenajeado-en-el-festival-internacional-de-cine-de-guadalajara\/","og_locale":"es_ES","og_type":"article","og_title":"Alfredo Castro fue homenajeado en el Festival Internacional de Cine de Guadalajara - Spanglish Cinema","og_description":"En el certamen n\u00famero 39 del Festival y como parte de su ceremonia de clausura, el actor Alfredo Castro recibi\u00f3 el Homenaje Mayahuel Iberoamericano por su trayectoria.","og_url":"https:\/\/clientesbrandbits.click\/es\/alfredo-castro-fue-homenajeado-en-el-festival-internacional-de-cine-de-guadalajara\/","og_site_name":"Spanglish Cinema","article_published_time":"2024-06-16T20:13:56+00:00","article_modified_time":"2024-06-23T12:54:09+00:00","og_image":[{"width":1500,"height":870,"url":"https:\/\/clientesbrandbits.click\/wp-content\/uploads\/2024\/06\/Alfred.jpg","type":"image\/jpeg"}],"author":"Spanglish Cinema Team","twitter_card":"summary_large_image","twitter_misc":{"Escrito por":"Spanglish Cinema Team","Tiempo de lectura":"3 minutos"},"schema":{"@context":"https:\/\/schema.org","@graph":[{"@type":"Article","@id":"https:\/\/clientesbrandbits.click\/alfredo-castro-fue-homenajeado-en-el-festival-internacional-de-cine-de-guadalajara\/#article","isPartOf":{"@id":"https:\/\/clientesbrandbits.click\/alfredo-castro-fue-homenajeado-en-el-festival-internacional-de-cine-de-guadalajara\/"},"author":{"name":"Spanglish Cinema Team","@id":"https:\/\/clientesbrandbits.click\/#\/schema\/person\/678f0477e0f075fdf24e58e342ca80f1"},"headline":"Alfredo Castro fue homenajeado en el Festival Internacional de Cine de Guadalajara","datePublished":"2024-06-16T20:13:56+00:00","dateModified":"2024-06-23T12:54:09+00:00","mainEntityOfPage":{"@id":"https:\/\/clientesbrandbits.click\/alfredo-castro-fue-homenajeado-en-el-festival-internacional-de-cine-de-guadalajara\/"},"wordCount":443,"publisher":{"@id":"https:\/\/clientesbrandbits.click\/#organization"},"image":{"@id":"https:\/\/clientesbrandbits.click\/alfredo-castro-fue-homenajeado-en-el-festival-internacional-de-cine-de-guadalajara\/#primaryimage"},"thumbnailUrl":"https:\/\/clientesbrandbits.click\/wp-content\/uploads\/2024\/06\/Alfred.jpg","keywords":["Alfredo Castro","Festival de cine de Guadalajara"],"articleSection":["Festivales de Cine","Premios"],"inLanguage":"es"},{"@type":"WebPage","@id":"https:\/\/clientesbrandbits.click\/alfredo-castro-fue-homenajeado-en-el-festival-internacional-de-cine-de-guadalajara\/","url":"https:\/\/clientesbrandbits.click\/alfredo-castro-fue-homenajeado-en-el-festival-internacional-de-cine-de-guadalajara\/","name":"Alfredo Castro fue homenajeado en el Festival Internacional de Cine de Guadalajara - Spanglish Cinema","isPartOf":{"@id":"https:\/\/clientesbrandbits.click\/#website"},"primaryImageOfPage":{"@id":"https:\/\/clientesbrandbits.click\/alfredo-castro-fue-homenajeado-en-el-festival-internacional-de-cine-de-guadalajara\/#primaryimage"},"image":{"@id":"https:\/\/clientesbrandbits.click\/alfredo-castro-fue-homenajeado-en-el-festival-internacional-de-cine-de-guadalajara\/#primaryimage"},"thumbnailUrl":"https:\/\/clientesbrandbits.click\/wp-content\/uploads\/2024\/06\/Alfred.jpg","datePublished":"2024-06-16T20:13:56+00:00","dateModified":"2024-06-23T12:54:09+00:00","description":"En el certamen n\u00famero 39 del Festival y como parte de su ceremonia de clausura, el actor Alfredo Castro recibi\u00f3 el Homenaje Mayahuel Iberoamericano por su trayectoria.","breadcrumb":{"@id":"https:\/\/clientesbrandbits.click\/alfredo-castro-fue-homenajeado-en-el-festival-internacional-de-cine-de-guadalajara\/#breadcrumb"},"inLanguage":"es","potentialAction":[{"@type":"ReadAction","target":["https:\/\/clientesbrandbits.click\/alfredo-castro-fue-homenajeado-en-el-festival-internacional-de-cine-de-guadalajara\/"]}]},{"@type":"ImageObject","inLanguage":"es","@id":"https:\/\/clientesbrandbits.click\/alfredo-castro-fue-homenajeado-en-el-festival-internacional-de-cine-de-guadalajara\/#primaryimage","url":"https:\/\/clientesbrandbits.click\/wp-content\/uploads\/2024\/06\/Alfred.jpg","contentUrl":"https:\/\/clientesbrandbits.click\/wp-content\/uploads\/2024\/06\/Alfred.jpg","width":1500,"height":870},{"@type":"BreadcrumbList","@id":"https:\/\/clientesbrandbits.click\/alfredo-castro-fue-homenajeado-en-el-festival-internacional-de-cine-de-guadalajara\/#breadcrumb","itemListElement":[{"@type":"ListItem","position":1,"name":"Portada","item":"https:\/\/clientesbrandbits.click\/"},{"@type":"ListItem","position":2,"name":"Alfredo Castro fue homenajeado en el Festival Internacional de Cine de Guadalajara"}]},{"@type":"WebSite","@id":"https:\/\/clientesbrandbits.click\/#website","url":"https:\/\/clientesbrandbits.click\/","name":"Spanglish Cinema","description":"","publisher":{"@id":"https:\/\/clientesbrandbits.click\/#organization"},"potentialAction":[{"@type":"SearchAction","target":{"@type":"EntryPoint","urlTemplate":"https:\/\/clientesbrandbits.click\/?s={search_term_string}"},"query-input":"required name=search_term_string"}],"inLanguage":"es"},{"@type":"Organization","@id":"https:\/\/clientesbrandbits.click\/#organization","name":"Spanglish Cinema","url":"https:\/\/clientesbrandbits.click\/","logo":{"@type":"ImageObject","inLanguage":"es","@id":"https:\/\/clientesbrandbits.click\/#\/schema\/logo\/image\/","url":"https:\/\/clientesbrandbits.click\/wp-content\/uploads\/2024\/03\/spanglish_cinema.png","contentUrl":"https:\/\/clientesbrandbits.click\/wp-content\/uploads\/2024\/03\/spanglish_cinema.png","width":612,"height":225,"caption":"Spanglish Cinema"},"image":{"@id":"https:\/\/clientesbrandbits.click\/#\/schema\/logo\/image\/"}},{"@type":"Person","@id":"https:\/\/clientesbrandbits.click\/#\/schema\/person\/678f0477e0f075fdf24e58e342ca80f1","name":"Spanglish Cinema Team","image":{"@type":"ImageObject","inLanguage":"es","@id":"https:\/\/clientesbrandbits.click\/#\/schema\/person\/image\/","url":"https:\/\/secure.gravatar.com\/avatar\/3eef20e32ea53867d5b6a361c9e8e2ee?s=96&d=mm&r=g","contentUrl":"https:\/\/secure.gravatar.com\/avatar\/3eef20e32ea53867d5b6a361c9e8e2ee?s=96&d=mm&r=g","caption":"Spanglish Cinema Team"},"url":"https:\/\/clientesbrandbits.click\/es\/author\/spanglish-cinema\/"}]}},"_links":{"self":[{"href":"https:\/\/clientesbrandbits.click\/es\/wp-json\/wp\/v2\/posts\/1840"}],"collection":[{"href":"https:\/\/clientesbrandbits.click\/es\/wp-json\/wp\/v2\/posts"}],"about":[{"href":"https:\/\/clientesbrandbits.click\/es\/wp-json\/wp\/v2\/types\/post"}],"author":[{"embeddable":true,"href":"https:\/\/clientesbrandbits.click\/es\/wp-json\/wp\/v2\/users\/3"}],"replies":[{"embeddable":true,"href":"https:\/\/clientesbrandbits.click\/es\/wp-json\/wp\/v2\/comments?post=1840"}],"version-history":[{"count":2,"href":"https:\/\/clientesbrandbits.click\/es\/wp-json\/wp\/v2\/posts\/1840\/revisions"}],"predecessor-version":[{"id":1845,"href":"https:\/\/clientesbrandbits.click\/es\/wp-json\/wp\/v2\/posts\/1840\/revisions\/1845"}],"wp:featuredmedia":[{"embeddable":true,"href":"https:\/\/clientesbrandbits.click\/es\/wp-json\/wp\/v2\/media\/1842"}],"wp:attachment":[{"href":"https:\/\/clientesbrandbits.click\/es\/wp-json\/wp\/v2\/media?parent=1840"}],"wp:term":[{"taxonomy":"category","embeddable":true,"href":"https:\/\/clientesbrandbits.click\/es\/wp-json\/wp\/v2\/categories?post=1840"},{"taxonomy":"post_tag","embeddable":true,"href":"https:\/\/clientesbrandbits.click\/es\/wp-json\/wp\/v2\/tags?post=1840"}],"curies":[{"name":"wp","href":"https:\/\/api.w.org\/{rel}","templated":true}]}}