{"id":1826,"date":"2024-06-14T17:33:12","date_gmt":"2024-06-14T21:33:12","guid":{"rendered":"https:\/\/clientesbrandbits.click\/?p=1826"},"modified":"2024-06-14T17:33:12","modified_gmt":"2024-06-14T21:33:12","slug":"juan-jose-campanella-dirige-episodio-n550-de-la-ley-y-el-orden","status":"publish","type":"post","link":"https:\/\/clientesbrandbits.click\/es\/juan-jose-campanella-dirige-episodio-n550-de-la-ley-y-el-orden\/","title":{"rendered":"Juan Jos\u00e9 Campanella dirige episodio N\u00b0550 de \u201cLa ley y el orden\u201d"},"content":{"rendered":"<p style=\"text-align: justify;\"><a><strong>Universal TV<\/strong><\/a>\u00a0anuncia el estreno del episodio n\u00famero 550 de la serie m\u00e1s longeva y exitosa de la televisi\u00f3n\u00a0<strong>\u201cLa Ley y el Orden: Unidad de V\u00edctimas Especiales\u201d<\/strong>\u00a0dirigido por el director argentino y ganador del Oscar\u00a0<strong>Juan Jos\u00e9 Campanella<\/strong>. El episodio titulado<strong><em>\u201cMarauder\u201d<\/em><\/strong>\u00a0(<em>Merodeador<\/em>) se podr\u00e1 ver este 18 de junioa las 9pm LATAM s\u00f3lo por Universal TV.<\/p>\n<p style=\"text-align: justify;\">El nuevo episodio dirigido por Campanella cuenta con gui\u00f3n del creador del show,\u00a0<strong>Dick Wolf<\/strong>, junto a\u00a0<strong>Gabriel Vallejo<\/strong>\u00a0(<em>Survivor<\/em>) y\u00a0<strong>Greg Contaldi\u00a0<\/strong><em>(The Drew Barrymore Show),<\/em>y narra la lucha de la Agente Sykes (Jordana Spiro) por sobrellevar el aniversario de la desaparici\u00f3n de su hermana.\u00a0<strong>Olivia Benson<\/strong>\u00a0(Mariska Hargitay) sospecha que una investigaci\u00f3n sin resolver podr\u00eda ayudarla a cerrar su caso.<\/p>\n<p style=\"text-align: justify;\">Creada por el inagotable Dick Wolf en 1999,\u00a0<strong>\u201cLa Ley y el Orden: UVE\u201d<\/strong>\u00a0se centra en un grupo de detectives que investiga y procesa v\u00edctimas de cr\u00edmenes sexuales, abuso infantil y cr\u00edmenes contra ancianos.<\/p>\n<p style=\"text-align: justify;\">Protagonizado por\u00a0<strong>Mariska Hargitay<\/strong>\u00a0como la legendar\u00eda Capitana Olivia Benson,\u00a0<strong>Ice-T<\/strong>\u00a0como el sargento Odafin Tutuola,\u00a0<strong>Peter Scanavino<\/strong>\u00a0como el fiscal de distrito Dominick Carisi, Jr,\u00a0<strong>Octavio Pisano\u00a0<\/strong>como el detective Joe Velasco, entre muchas estrellas m\u00e1s que llegan para sorprender a los fans bajo la direcci\u00f3n de uno de los directores m\u00e1s aplaudidos de Latinoam\u00e9rica.<\/p>\n<p><strong>El secreto del \u00e9xito<\/strong><\/p>\n<p><strong>25 A\u00f1os manteniendo intacto el inter\u00e9s de la audiencia\u00a0<\/strong><\/p>\n<p style=\"text-align: justify;\">Esta colaboraci\u00f3n hace honor al peso cultural de la franquicia en la historia de la televisi\u00f3n mundial al mismo tiempo que resalta su influencia en la trayectoria de destacados cineastas. La participaci\u00f3n de Campanella en este nuevo hito es un testimonio de la relevancia de\u00a0<strong>\u201cLa Ley y el Orden: UVE\u201d<\/strong>\u00a0en el \u00e1mbito del entretenimiento global y del profundo lazo que une a sus creadores a lo largo de los a\u00f1os.<\/p>\n<p>La profundidad de las historias que\u00a0<strong>\u201cLa Ley y el Orden: UVE\u201d<\/strong>\u00a0ha explorado a lo largo de sus veinticinco a\u00f1os la ha catapultado como un sello indiscutido del drama policiaco a nivel mundial. Sus episodios invitan a una reflexi\u00f3n sobre las realidades sociales, culturales y legales que enfrentan las v\u00edctimas de cr\u00edmenes sexuales. El enfoque en la humanidad de las v\u00edctimas, el \u00e9nfasis en la importancia de la justicia restaurativa y la dedicaci\u00f3n inquebrantable de sus personajes hacia el esclarecimiento de la verdad, han sido s\u00f3lo algunos de sus componentes claves en su \u00e9xito y duraci\u00f3n.<\/p>\n<p style=\"text-align: justify;\">Este nuevo episodio especial promete honrar su legado como una voz fundamental en la lucha por la justicia en una sociedad compleja y cambiante. Como una prueba m\u00e1s de que sus guiones se adaptan al paso del tiempo y la realidad social y denuncian las limitaciones que el sistema judicial mantiene para que muchas veces se haga justicia.<\/p>\n<p><img fetchpriority=\"high\" decoding=\"async\" class=\"aligncenter wp-image-1830 size-large\" src=\"https:\/\/clientesbrandbits.click\/wp-content\/uploads\/2024\/06\/eOlpF1EWK_1200x0__1-1024x683.jpg\" alt=\"\" width=\"1024\" height=\"683\" srcset=\"https:\/\/clientesbrandbits.click\/wp-content\/uploads\/2024\/06\/eOlpF1EWK_1200x0__1-1024x683.jpg 1024w, https:\/\/clientesbrandbits.click\/wp-content\/uploads\/2024\/06\/eOlpF1EWK_1200x0__1-300x200.jpg 300w, https:\/\/clientesbrandbits.click\/wp-content\/uploads\/2024\/06\/eOlpF1EWK_1200x0__1-768x512.jpg 768w, https:\/\/clientesbrandbits.click\/wp-content\/uploads\/2024\/06\/eOlpF1EWK_1200x0__1-18x12.jpg 18w, https:\/\/clientesbrandbits.click\/wp-content\/uploads\/2024\/06\/eOlpF1EWK_1200x0__1.jpg 1200w\" sizes=\"(max-width: 1024px) 100vw, 1024px\" \/><\/p>\n","protected":false},"excerpt":{"rendered":"<p>Universal TV\u00a0anuncia el estreno del episodio n\u00famero 550 de la serie m\u00e1s longeva y exitosa de la televisi\u00f3n\u00a0\u201cLa Ley y el Orden: Unidad de V\u00edctimas Especiales\u201d\u00a0dirigido por el director argentino y ganador del Oscar\u00a0Juan Jos\u00e9 Campanella. El episodio titulado\u201cMarauder\u201d\u00a0(Merodeador) se &#8230; <a title=\"Juan Jos\u00e9 Campanella dirige episodio N\u00b0550 de \u201cLa ley y el orden\u201d\" class=\"read-more\" href=\"https:\/\/clientesbrandbits.click\/es\/juan-jose-campanella-dirige-episodio-n550-de-la-ley-y-el-orden\/\" aria-label=\"Leer m\u00e1s sobre Juan Jos\u00e9 Campanella dirige episodio N\u00b0550 de \u201cLa ley y el orden\u201d\">Leer M\u00e1s<\/a><\/p>\n","protected":false},"author":5,"featured_media":1829,"comment_status":"closed","ping_status":"closed","sticky":false,"template":"","format":"standard","meta":{"_joinchat":[],"footnotes":""},"categories":[10],"tags":[],"class_list":["post-1826","post","type-post","status-publish","format-standard","has-post-thumbnail","hentry","category-films","infinite-scroll-item"],"yoast_head":"<!-- This site is optimized with the Yoast SEO plugin v22.8 - https:\/\/yoast.com\/wordpress\/plugins\/seo\/ -->\n<title>Juan Jos\u00e9 Campanella dirige episodio N\u00b0550 de \u201cLa ley y el orden\u201d - Spanglish Cinema<\/title>\n<meta name=\"description\" content=\"Universal TV\u00a0anuncia el estreno del episodio n\u00famero 550 de la serie m\u00e1s longeva y exitosa de la televisi\u00f3n\u00a0\u201cLa Ley y el Orden: Unidad de V\u00edctimas Especiales\u201d\u00a0dirigido por el director argentino y ganador del Oscar\u00a0Juan Jos\u00e9 Campanella. El episodio titulado\u201cMarauder\u201d\u00a0(Merodeador) se podr\u00e1 ver este 18 de junioa las 9pm LATAMs\u00f3lo por Universal TV.\" \/>\n<meta name=\"robots\" content=\"index, follow, max-snippet:-1, max-image-preview:large, max-video-preview:-1\" \/>\n<link rel=\"canonical\" href=\"https:\/\/clientesbrandbits.click\/es\/juan-jose-campanella-dirige-episodio-n550-de-la-ley-y-el-orden\/\" \/>\n<meta property=\"og:locale\" content=\"es_ES\" \/>\n<meta property=\"og:type\" content=\"article\" \/>\n<meta property=\"og:title\" content=\"Juan Jos\u00e9 Campanella dirige episodio N\u00b0550 de \u201cLa ley y el orden\u201d - Spanglish Cinema\" \/>\n<meta property=\"og:description\" content=\"Universal TV\u00a0anuncia el estreno del episodio n\u00famero 550 de la serie m\u00e1s longeva y exitosa de la televisi\u00f3n\u00a0\u201cLa Ley y el Orden: Unidad de V\u00edctimas Especiales\u201d\u00a0dirigido por el director argentino y ganador del Oscar\u00a0Juan Jos\u00e9 Campanella. El episodio titulado\u201cMarauder\u201d\u00a0(Merodeador) se podr\u00e1 ver este 18 de junioa las 9pm LATAMs\u00f3lo por Universal TV.\" \/>\n<meta property=\"og:url\" content=\"https:\/\/clientesbrandbits.click\/es\/juan-jose-campanella-dirige-episodio-n550-de-la-ley-y-el-orden\/\" \/>\n<meta property=\"og:site_name\" content=\"Spanglish Cinema\" \/>\n<meta property=\"article:published_time\" content=\"2024-06-14T21:33:12+00:00\" \/>\n<meta property=\"og:image\" content=\"https:\/\/clientesbrandbits.click\/wp-content\/uploads\/2024\/06\/1709926247769webp.webp\" \/>\n\t<meta property=\"og:image:width\" content=\"1000\" \/>\n\t<meta property=\"og:image:height\" content=\"750\" \/>\n\t<meta property=\"og:image:type\" content=\"image\/webp\" \/>\n<meta name=\"author\" content=\"Elizabeth Salazar\" \/>\n<meta name=\"twitter:card\" content=\"summary_large_image\" \/>\n<meta name=\"twitter:label1\" content=\"Escrito por\" \/>\n\t<meta name=\"twitter:data1\" content=\"Elizabeth Salazar\" \/>\n\t<meta name=\"twitter:label2\" content=\"Tiempo de lectura\" \/>\n\t<meta name=\"twitter:data2\" content=\"3 minutos\" \/>\n<script type=\"application\/ld+json\" class=\"yoast-schema-graph\">{\"@context\":\"https:\/\/schema.org\",\"@graph\":[{\"@type\":\"Article\",\"@id\":\"https:\/\/clientesbrandbits.click\/juan-jose-campanella-dirige-episodio-n550-de-la-ley-y-el-orden\/#article\",\"isPartOf\":{\"@id\":\"https:\/\/clientesbrandbits.click\/juan-jose-campanella-dirige-episodio-n550-de-la-ley-y-el-orden\/\"},\"author\":{\"name\":\"Elizabeth Salazar\",\"@id\":\"https:\/\/clientesbrandbits.click\/#\/schema\/person\/3582a766d1bd629325b8cb5e303f4963\"},\"headline\":\"Juan Jos\u00e9 Campanella dirige episodio N\u00b0550 de \u201cLa ley y el orden\u201d\",\"datePublished\":\"2024-06-14T21:33:12+00:00\",\"dateModified\":\"2024-06-14T21:33:12+00:00\",\"mainEntityOfPage\":{\"@id\":\"https:\/\/clientesbrandbits.click\/juan-jose-campanella-dirige-episodio-n550-de-la-ley-y-el-orden\/\"},\"wordCount\":493,\"publisher\":{\"@id\":\"https:\/\/clientesbrandbits.click\/#organization\"},\"image\":{\"@id\":\"https:\/\/clientesbrandbits.click\/juan-jose-campanella-dirige-episodio-n550-de-la-ley-y-el-orden\/#primaryimage\"},\"thumbnailUrl\":\"https:\/\/clientesbrandbits.click\/wp-content\/uploads\/2024\/06\/1709926247769webp.webp\",\"articleSection\":[\"Films\"],\"inLanguage\":\"es\"},{\"@type\":\"WebPage\",\"@id\":\"https:\/\/clientesbrandbits.click\/juan-jose-campanella-dirige-episodio-n550-de-la-ley-y-el-orden\/\",\"url\":\"https:\/\/clientesbrandbits.click\/juan-jose-campanella-dirige-episodio-n550-de-la-ley-y-el-orden\/\",\"name\":\"Juan Jos\u00e9 Campanella dirige episodio N\u00b0550 de \u201cLa ley y el orden\u201d - Spanglish Cinema\",\"isPartOf\":{\"@id\":\"https:\/\/clientesbrandbits.click\/#website\"},\"primaryImageOfPage\":{\"@id\":\"https:\/\/clientesbrandbits.click\/juan-jose-campanella-dirige-episodio-n550-de-la-ley-y-el-orden\/#primaryimage\"},\"image\":{\"@id\":\"https:\/\/clientesbrandbits.click\/juan-jose-campanella-dirige-episodio-n550-de-la-ley-y-el-orden\/#primaryimage\"},\"thumbnailUrl\":\"https:\/\/clientesbrandbits.click\/wp-content\/uploads\/2024\/06\/1709926247769webp.webp\",\"datePublished\":\"2024-06-14T21:33:12+00:00\",\"dateModified\":\"2024-06-14T21:33:12+00:00\",\"description\":\"Universal TV\u00a0anuncia el estreno del episodio n\u00famero 550 de la serie m\u00e1s longeva y exitosa de la televisi\u00f3n\u00a0\u201cLa Ley y el Orden: Unidad de V\u00edctimas Especiales\u201d\u00a0dirigido por el director argentino y ganador del Oscar\u00a0Juan Jos\u00e9 Campanella. El episodio titulado\u201cMarauder\u201d\u00a0(Merodeador) se podr\u00e1 ver este 18 de junioa las 9pm LATAMs\u00f3lo por Universal TV.\",\"breadcrumb\":{\"@id\":\"https:\/\/clientesbrandbits.click\/juan-jose-campanella-dirige-episodio-n550-de-la-ley-y-el-orden\/#breadcrumb\"},\"inLanguage\":\"es\",\"potentialAction\":[{\"@type\":\"ReadAction\",\"target\":[\"https:\/\/clientesbrandbits.click\/juan-jose-campanella-dirige-episodio-n550-de-la-ley-y-el-orden\/\"]}]},{\"@type\":\"ImageObject\",\"inLanguage\":\"es\",\"@id\":\"https:\/\/clientesbrandbits.click\/juan-jose-campanella-dirige-episodio-n550-de-la-ley-y-el-orden\/#primaryimage\",\"url\":\"https:\/\/clientesbrandbits.click\/wp-content\/uploads\/2024\/06\/1709926247769webp.webp\",\"contentUrl\":\"https:\/\/clientesbrandbits.click\/wp-content\/uploads\/2024\/06\/1709926247769webp.webp\",\"width\":1000,\"height\":750},{\"@type\":\"BreadcrumbList\",\"@id\":\"https:\/\/clientesbrandbits.click\/juan-jose-campanella-dirige-episodio-n550-de-la-ley-y-el-orden\/#breadcrumb\",\"itemListElement\":[{\"@type\":\"ListItem\",\"position\":1,\"name\":\"Portada\",\"item\":\"https:\/\/clientesbrandbits.click\/\"},{\"@type\":\"ListItem\",\"position\":2,\"name\":\"Juan Jos\u00e9 Campanella dirige episodio N\u00b0550 de \u201cLa ley y el orden\u201d\"}]},{\"@type\":\"WebSite\",\"@id\":\"https:\/\/clientesbrandbits.click\/#website\",\"url\":\"https:\/\/clientesbrandbits.click\/\",\"name\":\"Spanglish Cinema\",\"description\":\"\",\"publisher\":{\"@id\":\"https:\/\/clientesbrandbits.click\/#organization\"},\"potentialAction\":[{\"@type\":\"SearchAction\",\"target\":{\"@type\":\"EntryPoint\",\"urlTemplate\":\"https:\/\/clientesbrandbits.click\/?s={search_term_string}\"},\"query-input\":\"required name=search_term_string\"}],\"inLanguage\":\"es\"},{\"@type\":\"Organization\",\"@id\":\"https:\/\/clientesbrandbits.click\/#organization\",\"name\":\"Spanglish Cinema\",\"url\":\"https:\/\/clientesbrandbits.click\/\",\"logo\":{\"@type\":\"ImageObject\",\"inLanguage\":\"es\",\"@id\":\"https:\/\/clientesbrandbits.click\/#\/schema\/logo\/image\/\",\"url\":\"https:\/\/clientesbrandbits.click\/wp-content\/uploads\/2024\/03\/spanglish_cinema.png\",\"contentUrl\":\"https:\/\/clientesbrandbits.click\/wp-content\/uploads\/2024\/03\/spanglish_cinema.png\",\"width\":612,\"height\":225,\"caption\":\"Spanglish Cinema\"},\"image\":{\"@id\":\"https:\/\/clientesbrandbits.click\/#\/schema\/logo\/image\/\"}},{\"@type\":\"Person\",\"@id\":\"https:\/\/clientesbrandbits.click\/#\/schema\/person\/3582a766d1bd629325b8cb5e303f4963\",\"name\":\"Elizabeth Salazar\",\"image\":{\"@type\":\"ImageObject\",\"inLanguage\":\"es\",\"@id\":\"https:\/\/clientesbrandbits.click\/#\/schema\/person\/image\/\",\"url\":\"https:\/\/secure.gravatar.com\/avatar\/ddf69a5ddae2a61929dd4e305eb31658?s=96&d=mm&r=g\",\"contentUrl\":\"https:\/\/secure.gravatar.com\/avatar\/ddf69a5ddae2a61929dd4e305eb31658?s=96&d=mm&r=g\",\"caption\":\"Elizabeth Salazar\"},\"url\":\"https:\/\/clientesbrandbits.click\/es\/author\/elizabeth-salazar\/\"}]}<\/script>\n<!-- \/ Yoast SEO plugin. -->","yoast_head_json":{"title":"Juan Jos\u00e9 Campanella dirige episodio N\u00b0550 de \u201cLa ley y el orden\u201d - Spanglish Cinema","description":"Universal TV\u00a0anuncia el estreno del episodio n\u00famero 550 de la serie m\u00e1s longeva y exitosa de la televisi\u00f3n\u00a0\u201cLa Ley y el Orden: Unidad de V\u00edctimas Especiales\u201d\u00a0dirigido por el director argentino y ganador del Oscar\u00a0Juan Jos\u00e9 Campanella. El episodio titulado\u201cMarauder\u201d\u00a0(Merodeador) se podr\u00e1 ver este 18 de junioa las 9pm LATAMs\u00f3lo por Universal TV.","robots":{"index":"index","follow":"follow","max-snippet":"max-snippet:-1","max-image-preview":"max-image-preview:large","max-video-preview":"max-video-preview:-1"},"canonical":"https:\/\/clientesbrandbits.click\/es\/juan-jose-campanella-dirige-episodio-n550-de-la-ley-y-el-orden\/","og_locale":"es_ES","og_type":"article","og_title":"Juan Jos\u00e9 Campanella dirige episodio N\u00b0550 de \u201cLa ley y el orden\u201d - Spanglish Cinema","og_description":"Universal TV\u00a0anuncia el estreno del episodio n\u00famero 550 de la serie m\u00e1s longeva y exitosa de la televisi\u00f3n\u00a0\u201cLa Ley y el Orden: Unidad de V\u00edctimas Especiales\u201d\u00a0dirigido por el director argentino y ganador del Oscar\u00a0Juan Jos\u00e9 Campanella. El episodio titulado\u201cMarauder\u201d\u00a0(Merodeador) se podr\u00e1 ver este 18 de junioa las 9pm LATAMs\u00f3lo por Universal TV.","og_url":"https:\/\/clientesbrandbits.click\/es\/juan-jose-campanella-dirige-episodio-n550-de-la-ley-y-el-orden\/","og_site_name":"Spanglish Cinema","article_published_time":"2024-06-14T21:33:12+00:00","og_image":[{"width":1000,"height":750,"url":"https:\/\/clientesbrandbits.click\/wp-content\/uploads\/2024\/06\/1709926247769webp.webp","type":"image\/webp"}],"author":"Elizabeth Salazar","twitter_card":"summary_large_image","twitter_misc":{"Escrito por":"Elizabeth Salazar","Tiempo de lectura":"3 minutos"},"schema":{"@context":"https:\/\/schema.org","@graph":[{"@type":"Article","@id":"https:\/\/clientesbrandbits.click\/juan-jose-campanella-dirige-episodio-n550-de-la-ley-y-el-orden\/#article","isPartOf":{"@id":"https:\/\/clientesbrandbits.click\/juan-jose-campanella-dirige-episodio-n550-de-la-ley-y-el-orden\/"},"author":{"name":"Elizabeth Salazar","@id":"https:\/\/clientesbrandbits.click\/#\/schema\/person\/3582a766d1bd629325b8cb5e303f4963"},"headline":"Juan Jos\u00e9 Campanella dirige episodio N\u00b0550 de \u201cLa ley y el orden\u201d","datePublished":"2024-06-14T21:33:12+00:00","dateModified":"2024-06-14T21:33:12+00:00","mainEntityOfPage":{"@id":"https:\/\/clientesbrandbits.click\/juan-jose-campanella-dirige-episodio-n550-de-la-ley-y-el-orden\/"},"wordCount":493,"publisher":{"@id":"https:\/\/clientesbrandbits.click\/#organization"},"image":{"@id":"https:\/\/clientesbrandbits.click\/juan-jose-campanella-dirige-episodio-n550-de-la-ley-y-el-orden\/#primaryimage"},"thumbnailUrl":"https:\/\/clientesbrandbits.click\/wp-content\/uploads\/2024\/06\/1709926247769webp.webp","articleSection":["Films"],"inLanguage":"es"},{"@type":"WebPage","@id":"https:\/\/clientesbrandbits.click\/juan-jose-campanella-dirige-episodio-n550-de-la-ley-y-el-orden\/","url":"https:\/\/clientesbrandbits.click\/juan-jose-campanella-dirige-episodio-n550-de-la-ley-y-el-orden\/","name":"Juan Jos\u00e9 Campanella dirige episodio N\u00b0550 de \u201cLa ley y el orden\u201d - Spanglish Cinema","isPartOf":{"@id":"https:\/\/clientesbrandbits.click\/#website"},"primaryImageOfPage":{"@id":"https:\/\/clientesbrandbits.click\/juan-jose-campanella-dirige-episodio-n550-de-la-ley-y-el-orden\/#primaryimage"},"image":{"@id":"https:\/\/clientesbrandbits.click\/juan-jose-campanella-dirige-episodio-n550-de-la-ley-y-el-orden\/#primaryimage"},"thumbnailUrl":"https:\/\/clientesbrandbits.click\/wp-content\/uploads\/2024\/06\/1709926247769webp.webp","datePublished":"2024-06-14T21:33:12+00:00","dateModified":"2024-06-14T21:33:12+00:00","description":"Universal TV\u00a0anuncia el estreno del episodio n\u00famero 550 de la serie m\u00e1s longeva y exitosa de la televisi\u00f3n\u00a0\u201cLa Ley y el Orden: Unidad de V\u00edctimas Especiales\u201d\u00a0dirigido por el director argentino y ganador del Oscar\u00a0Juan Jos\u00e9 Campanella. El episodio titulado\u201cMarauder\u201d\u00a0(Merodeador) se podr\u00e1 ver este 18 de junioa las 9pm LATAMs\u00f3lo por Universal TV.","breadcrumb":{"@id":"https:\/\/clientesbrandbits.click\/juan-jose-campanella-dirige-episodio-n550-de-la-ley-y-el-orden\/#breadcrumb"},"inLanguage":"es","potentialAction":[{"@type":"ReadAction","target":["https:\/\/clientesbrandbits.click\/juan-jose-campanella-dirige-episodio-n550-de-la-ley-y-el-orden\/"]}]},{"@type":"ImageObject","inLanguage":"es","@id":"https:\/\/clientesbrandbits.click\/juan-jose-campanella-dirige-episodio-n550-de-la-ley-y-el-orden\/#primaryimage","url":"https:\/\/clientesbrandbits.click\/wp-content\/uploads\/2024\/06\/1709926247769webp.webp","contentUrl":"https:\/\/clientesbrandbits.click\/wp-content\/uploads\/2024\/06\/1709926247769webp.webp","width":1000,"height":750},{"@type":"BreadcrumbList","@id":"https:\/\/clientesbrandbits.click\/juan-jose-campanella-dirige-episodio-n550-de-la-ley-y-el-orden\/#breadcrumb","itemListElement":[{"@type":"ListItem","position":1,"name":"Portada","item":"https:\/\/clientesbrandbits.click\/"},{"@type":"ListItem","position":2,"name":"Juan Jos\u00e9 Campanella dirige episodio N\u00b0550 de \u201cLa ley y el orden\u201d"}]},{"@type":"WebSite","@id":"https:\/\/clientesbrandbits.click\/#website","url":"https:\/\/clientesbrandbits.click\/","name":"Spanglish Cinema","description":"","publisher":{"@id":"https:\/\/clientesbrandbits.click\/#organization"},"potentialAction":[{"@type":"SearchAction","target":{"@type":"EntryPoint","urlTemplate":"https:\/\/clientesbrandbits.click\/?s={search_term_string}"},"query-input":"required name=search_term_string"}],"inLanguage":"es"},{"@type":"Organization","@id":"https:\/\/clientesbrandbits.click\/#organization","name":"Spanglish Cinema","url":"https:\/\/clientesbrandbits.click\/","logo":{"@type":"ImageObject","inLanguage":"es","@id":"https:\/\/clientesbrandbits.click\/#\/schema\/logo\/image\/","url":"https:\/\/clientesbrandbits.click\/wp-content\/uploads\/2024\/03\/spanglish_cinema.png","contentUrl":"https:\/\/clientesbrandbits.click\/wp-content\/uploads\/2024\/03\/spanglish_cinema.png","width":612,"height":225,"caption":"Spanglish Cinema"},"image":{"@id":"https:\/\/clientesbrandbits.click\/#\/schema\/logo\/image\/"}},{"@type":"Person","@id":"https:\/\/clientesbrandbits.click\/#\/schema\/person\/3582a766d1bd629325b8cb5e303f4963","name":"Elizabeth Salazar","image":{"@type":"ImageObject","inLanguage":"es","@id":"https:\/\/clientesbrandbits.click\/#\/schema\/person\/image\/","url":"https:\/\/secure.gravatar.com\/avatar\/ddf69a5ddae2a61929dd4e305eb31658?s=96&d=mm&r=g","contentUrl":"https:\/\/secure.gravatar.com\/avatar\/ddf69a5ddae2a61929dd4e305eb31658?s=96&d=mm&r=g","caption":"Elizabeth Salazar"},"url":"https:\/\/clientesbrandbits.click\/es\/author\/elizabeth-salazar\/"}]}},"_links":{"self":[{"href":"https:\/\/clientesbrandbits.click\/es\/wp-json\/wp\/v2\/posts\/1826"}],"collection":[{"href":"https:\/\/clientesbrandbits.click\/es\/wp-json\/wp\/v2\/posts"}],"about":[{"href":"https:\/\/clientesbrandbits.click\/es\/wp-json\/wp\/v2\/types\/post"}],"author":[{"embeddable":true,"href":"https:\/\/clientesbrandbits.click\/es\/wp-json\/wp\/v2\/users\/5"}],"replies":[{"embeddable":true,"href":"https:\/\/clientesbrandbits.click\/es\/wp-json\/wp\/v2\/comments?post=1826"}],"version-history":[{"count":3,"href":"https:\/\/clientesbrandbits.click\/es\/wp-json\/wp\/v2\/posts\/1826\/revisions"}],"predecessor-version":[{"id":1833,"href":"https:\/\/clientesbrandbits.click\/es\/wp-json\/wp\/v2\/posts\/1826\/revisions\/1833"}],"wp:featuredmedia":[{"embeddable":true,"href":"https:\/\/clientesbrandbits.click\/es\/wp-json\/wp\/v2\/media\/1829"}],"wp:attachment":[{"href":"https:\/\/clientesbrandbits.click\/es\/wp-json\/wp\/v2\/media?parent=1826"}],"wp:term":[{"taxonomy":"category","embeddable":true,"href":"https:\/\/clientesbrandbits.click\/es\/wp-json\/wp\/v2\/categories?post=1826"},{"taxonomy":"post_tag","embeddable":true,"href":"https:\/\/clientesbrandbits.click\/es\/wp-json\/wp\/v2\/tags?post=1826"}],"curies":[{"name":"wp","href":"https:\/\/api.w.org\/{rel}","templated":true}]}}