{"id":1799,"date":"2024-06-12T11:09:38","date_gmt":"2024-06-12T15:09:38","guid":{"rendered":"https:\/\/clientesbrandbits.click\/?p=1799"},"modified":"2024-06-12T11:09:38","modified_gmt":"2024-06-12T15:09:38","slug":"el-centro-cultural-quilpue-audiovisual-exhibira-los-colonos","status":"publish","type":"post","link":"https:\/\/clientesbrandbits.click\/es\/el-centro-cultural-quilpue-audiovisual-exhibira-los-colonos\/","title":{"rendered":"El Centro Cultural Quilpu\u00e9 Audiovisual exhibir\u00e1 \u201cLos Colonos\u201d"},"content":{"rendered":"<p style=\"text-align: justify;\">Con el fin de seguir difundiendo el cine chileno en la regi\u00f3n de Valpara\u00edso, el CC Quilpu\u00e9 Audiovisual en colaboraci\u00f3n con el CFT PUCV exhibir\u00e1n este\u00a0<strong>viernes 14<\/strong> <strong>de junio<\/strong>\u00a0a las\u00a0<strong>16:30 horas <\/strong>en el auditorio del CFT Sede Quillota la pel\u00edcula \u201cLos Colonos\u201d.<\/p>\n<p style=\"text-align: justify;\">\u201cLos Colonos\u201d es la \u00f3pera prima del director Felipe G\u00e1lvez y retrata el genocidio del pueblo Selk\u2019nam en Tierra del Fuego. Chile, 1901. Un estanciero rico en Tierra del Fuego contrata a un teniente ingl\u00e9s y un mercenario estadounidense para abrir una ruta para sus ovejas hasta el Atl\u00e1ntico. Losgu\u00eda Segundo, un chileno mestizo que se vuelve c\u00f3mplice involuntario de una violenta cacer\u00eda de ind\u00edgenas. Siete a\u00f1os despu\u00e9s, un enviado del Presidente visita las tierras civilizadas. El a\u00f1o pasado, fue premiada por la cr\u00edtica en su ruta por festivales. Hay que destacar, que obtuvo el premio FIPRESCI, en el Festival de Cannes 2023, convirti\u00e9ndose la primera pel\u00edcula chilena en triunfar en esa categor\u00eda.<\/p>\n<p style=\"text-align: justify;\">La actividad es con entrada liberada y est\u00e1 dirigida a todo el p\u00fablico estudiantil. Al respecto,\u00a0<strong>Makarena Ibaceta C\u00f3rdova<\/strong>, Directora de Vinculaci\u00f3n con el Medio de CFT PUCV, menciona que\u00a0<em>\u201c<\/em><em>realizar intervenciones de ciclos de Cine Chileno en el marco del desarrollo cultural y las econom\u00edas creativas, puede aportar a la formaci\u00f3n integral de las y los estudiantes, promover la cultura nacional, estimular la creatividad, fomentar el debate y la reflexi\u00f3n abordando una amplia gama de temas sociales, culturales y humanos. Tambi\u00e9n, es importante apoyar a la industria audiovisual regional y fortalecer las alianzas estrat\u00e9gicas en el \u00e1mbito cinematogr\u00e1fico, por lo que se transforma en una herramienta valiosa para educar de una manera diferente\u201d.<\/em><\/p>\n<p style=\"text-align: justify;\">Por su parte, <strong>Laura Espinoza<\/strong>, encargada de mediaci\u00f3n y p\u00fablicos de Quilpu\u00e9 Audiovisual expresa que est\u00e1n muy felices de poder expandir la programaci\u00f3n de cine a otros espacios:\u00a0<em>\u201cNos alegra mucho poder llevar el cine chileno a otras esferas de la ciudadan\u00eda pudiendo llegar esta vez a los y las estudiantes del CFT, a quienes invitamos a ver esta pel\u00edcula de gran factura y a reflexionar a trav\u00e9s del cine sobre lo que fue el genocidio Selk\u00b4nam en el sur de Chile\u201d.<\/em><\/p>\n<p style=\"text-align: justify;\"><strong>Esta iniciativa cuenta con el financiamiento del Ministerio de las Culturas, las Artes y el Patrimonio<\/strong>\u00a0a trav\u00e9s de su Programa de Apoyo a Organizaciones Culturales Colaboradoras\u00a0y cuenta con la colaboraci\u00f3n de la\u00a0<strong>Municipalidad de Quillota, el Centro de Formaci\u00f3n T\u00e9cnica de la PUCV y EFE Trenes Valpara\u00edso.<\/strong><\/p>\n<p>Para m\u00e1s detalles sobre la cartelera mensual revisar\u00a0<a href=\"http:\/\/www.quilpueaudiovisual.cl\/\">www.quilpueaudiovisual.cl<\/a><\/p>\n<p><iframe title=\"LOS COLONOS | Tr\u00e1iler Oficial | Enero 25 en cines\" width=\"1200\" height=\"675\" src=\"https:\/\/www.youtube.com\/embed\/WDQ9PvSxrTI?feature=oembed\" frameborder=\"0\" allow=\"accelerometer; autoplay; clipboard-write; encrypted-media; gyroscope; picture-in-picture; web-share\" referrerpolicy=\"strict-origin-when-cross-origin\" allowfullscreen><\/iframe><\/p>\n","protected":false},"excerpt":{"rendered":"<p>Con el fin de seguir difundiendo el cine chileno en la regi\u00f3n de Valpara\u00edso, el CC Quilpu\u00e9 Audiovisual en colaboraci\u00f3n con el CFT PUCV exhibir\u00e1n este\u00a0viernes 14 de junio\u00a0a las\u00a016:30 horas en el auditorio del CFT Sede Quillota la pel\u00edcula &#8230; <a title=\"El Centro Cultural Quilpu\u00e9 Audiovisual exhibir\u00e1 \u201cLos Colonos\u201d\" class=\"read-more\" href=\"https:\/\/clientesbrandbits.click\/es\/el-centro-cultural-quilpue-audiovisual-exhibira-los-colonos\/\" aria-label=\"Leer m\u00e1s sobre El Centro Cultural Quilpu\u00e9 Audiovisual exhibir\u00e1 \u201cLos Colonos\u201d\">Leer M\u00e1s<\/a><\/p>\n","protected":false},"author":5,"featured_media":1800,"comment_status":"closed","ping_status":"closed","sticky":false,"template":"","format":"image","meta":{"_joinchat":[],"footnotes":""},"categories":[112,10],"tags":[152],"class_list":["post-1799","post","type-post","status-publish","format-image","has-post-thumbnail","hentry","category-destacados","category-films","tag-los-colonos","post_format-post-format-image","infinite-scroll-item"],"yoast_head":"<!-- This site is optimized with the Yoast SEO plugin v22.8 - https:\/\/yoast.com\/wordpress\/plugins\/seo\/ -->\n<title>El Centro Cultural Quilpu\u00e9 Audiovisual exhibir\u00e1 \u201cLos Colonos\u201d - Spanglish Cinema<\/title>\n<meta name=\"description\" content=\"Con el fin de seguir difundiendo el cine chileno en la regi\u00f3n de Valpara\u00edso, el CC Quilpu\u00e9 Audiovisual en colaboraci\u00f3n con el CFT PUCV exhibir\u00e1n este\u00a0viernes 14 de junio\u00a0a las\u00a016:30 horas en el auditorio del CFT Sede Quillota la pel\u00edcula \u201cLos Colonos\u201d.\" \/>\n<meta name=\"robots\" content=\"index, follow, max-snippet:-1, max-image-preview:large, max-video-preview:-1\" \/>\n<link rel=\"canonical\" href=\"https:\/\/clientesbrandbits.click\/es\/el-centro-cultural-quilpue-audiovisual-exhibira-los-colonos\/\" \/>\n<meta property=\"og:locale\" content=\"es_ES\" \/>\n<meta property=\"og:type\" content=\"article\" \/>\n<meta property=\"og:title\" content=\"El Centro Cultural Quilpu\u00e9 Audiovisual exhibir\u00e1 \u201cLos Colonos\u201d - Spanglish Cinema\" \/>\n<meta property=\"og:description\" content=\"Con el fin de seguir difundiendo el cine chileno en la regi\u00f3n de Valpara\u00edso, el CC Quilpu\u00e9 Audiovisual en colaboraci\u00f3n con el CFT PUCV exhibir\u00e1n este\u00a0viernes 14 de junio\u00a0a las\u00a016:30 horas en el auditorio del CFT Sede Quillota la pel\u00edcula \u201cLos Colonos\u201d.\" \/>\n<meta property=\"og:url\" content=\"https:\/\/clientesbrandbits.click\/es\/el-centro-cultural-quilpue-audiovisual-exhibira-los-colonos\/\" \/>\n<meta property=\"og:site_name\" content=\"Spanglish Cinema\" \/>\n<meta property=\"article:published_time\" content=\"2024-06-12T15:09:38+00:00\" \/>\n<meta property=\"og:image\" content=\"https:\/\/clientesbrandbits.click\/wp-content\/uploads\/2024\/06\/45b468b726.jpg\" \/>\n\t<meta property=\"og:image:width\" content=\"1024\" \/>\n\t<meta property=\"og:image:height\" content=\"576\" \/>\n\t<meta property=\"og:image:type\" content=\"image\/jpeg\" \/>\n<meta name=\"author\" content=\"Elizabeth Salazar\" \/>\n<meta name=\"twitter:card\" content=\"summary_large_image\" \/>\n<meta name=\"twitter:label1\" content=\"Escrito por\" \/>\n\t<meta name=\"twitter:data1\" content=\"Elizabeth Salazar\" \/>\n\t<meta name=\"twitter:label2\" content=\"Tiempo de lectura\" \/>\n\t<meta name=\"twitter:data2\" content=\"3 minutos\" \/>\n<script type=\"application\/ld+json\" class=\"yoast-schema-graph\">{\"@context\":\"https:\/\/schema.org\",\"@graph\":[{\"@type\":\"Article\",\"@id\":\"https:\/\/clientesbrandbits.click\/el-centro-cultural-quilpue-audiovisual-exhibira-los-colonos\/#article\",\"isPartOf\":{\"@id\":\"https:\/\/clientesbrandbits.click\/el-centro-cultural-quilpue-audiovisual-exhibira-los-colonos\/\"},\"author\":{\"name\":\"Elizabeth Salazar\",\"@id\":\"https:\/\/clientesbrandbits.click\/#\/schema\/person\/3582a766d1bd629325b8cb5e303f4963\"},\"headline\":\"El Centro Cultural Quilpu\u00e9 Audiovisual exhibir\u00e1 \u201cLos Colonos\u201d\",\"datePublished\":\"2024-06-12T15:09:38+00:00\",\"dateModified\":\"2024-06-12T15:09:38+00:00\",\"mainEntityOfPage\":{\"@id\":\"https:\/\/clientesbrandbits.click\/el-centro-cultural-quilpue-audiovisual-exhibira-los-colonos\/\"},\"wordCount\":477,\"publisher\":{\"@id\":\"https:\/\/clientesbrandbits.click\/#organization\"},\"image\":{\"@id\":\"https:\/\/clientesbrandbits.click\/el-centro-cultural-quilpue-audiovisual-exhibira-los-colonos\/#primaryimage\"},\"thumbnailUrl\":\"https:\/\/clientesbrandbits.click\/wp-content\/uploads\/2024\/06\/45b468b726.jpg\",\"keywords\":[\"Los Colonos\"],\"articleSection\":[\"Destacados\",\"Films\"],\"inLanguage\":\"es\"},{\"@type\":\"WebPage\",\"@id\":\"https:\/\/clientesbrandbits.click\/el-centro-cultural-quilpue-audiovisual-exhibira-los-colonos\/\",\"url\":\"https:\/\/clientesbrandbits.click\/el-centro-cultural-quilpue-audiovisual-exhibira-los-colonos\/\",\"name\":\"El Centro Cultural Quilpu\u00e9 Audiovisual exhibir\u00e1 \u201cLos Colonos\u201d - Spanglish Cinema\",\"isPartOf\":{\"@id\":\"https:\/\/clientesbrandbits.click\/#website\"},\"primaryImageOfPage\":{\"@id\":\"https:\/\/clientesbrandbits.click\/el-centro-cultural-quilpue-audiovisual-exhibira-los-colonos\/#primaryimage\"},\"image\":{\"@id\":\"https:\/\/clientesbrandbits.click\/el-centro-cultural-quilpue-audiovisual-exhibira-los-colonos\/#primaryimage\"},\"thumbnailUrl\":\"https:\/\/clientesbrandbits.click\/wp-content\/uploads\/2024\/06\/45b468b726.jpg\",\"datePublished\":\"2024-06-12T15:09:38+00:00\",\"dateModified\":\"2024-06-12T15:09:38+00:00\",\"description\":\"Con el fin de seguir difundiendo el cine chileno en la regi\u00f3n de Valpara\u00edso, el CC Quilpu\u00e9 Audiovisual en colaboraci\u00f3n con el CFT PUCV exhibir\u00e1n este\u00a0viernes 14 de junio\u00a0a las\u00a016:30 horas en el auditorio del CFT Sede Quillota la pel\u00edcula \u201cLos Colonos\u201d.\",\"breadcrumb\":{\"@id\":\"https:\/\/clientesbrandbits.click\/el-centro-cultural-quilpue-audiovisual-exhibira-los-colonos\/#breadcrumb\"},\"inLanguage\":\"es\",\"potentialAction\":[{\"@type\":\"ReadAction\",\"target\":[\"https:\/\/clientesbrandbits.click\/el-centro-cultural-quilpue-audiovisual-exhibira-los-colonos\/\"]}]},{\"@type\":\"ImageObject\",\"inLanguage\":\"es\",\"@id\":\"https:\/\/clientesbrandbits.click\/el-centro-cultural-quilpue-audiovisual-exhibira-los-colonos\/#primaryimage\",\"url\":\"https:\/\/clientesbrandbits.click\/wp-content\/uploads\/2024\/06\/45b468b726.jpg\",\"contentUrl\":\"https:\/\/clientesbrandbits.click\/wp-content\/uploads\/2024\/06\/45b468b726.jpg\",\"width\":1024,\"height\":576},{\"@type\":\"BreadcrumbList\",\"@id\":\"https:\/\/clientesbrandbits.click\/el-centro-cultural-quilpue-audiovisual-exhibira-los-colonos\/#breadcrumb\",\"itemListElement\":[{\"@type\":\"ListItem\",\"position\":1,\"name\":\"Portada\",\"item\":\"https:\/\/clientesbrandbits.click\/\"},{\"@type\":\"ListItem\",\"position\":2,\"name\":\"El Centro Cultural Quilpu\u00e9 Audiovisual exhibir\u00e1 \u201cLos Colonos\u201d\"}]},{\"@type\":\"WebSite\",\"@id\":\"https:\/\/clientesbrandbits.click\/#website\",\"url\":\"https:\/\/clientesbrandbits.click\/\",\"name\":\"Spanglish Cinema\",\"description\":\"\",\"publisher\":{\"@id\":\"https:\/\/clientesbrandbits.click\/#organization\"},\"potentialAction\":[{\"@type\":\"SearchAction\",\"target\":{\"@type\":\"EntryPoint\",\"urlTemplate\":\"https:\/\/clientesbrandbits.click\/?s={search_term_string}\"},\"query-input\":\"required name=search_term_string\"}],\"inLanguage\":\"es\"},{\"@type\":\"Organization\",\"@id\":\"https:\/\/clientesbrandbits.click\/#organization\",\"name\":\"Spanglish Cinema\",\"url\":\"https:\/\/clientesbrandbits.click\/\",\"logo\":{\"@type\":\"ImageObject\",\"inLanguage\":\"es\",\"@id\":\"https:\/\/clientesbrandbits.click\/#\/schema\/logo\/image\/\",\"url\":\"https:\/\/clientesbrandbits.click\/wp-content\/uploads\/2024\/03\/spanglish_cinema.png\",\"contentUrl\":\"https:\/\/clientesbrandbits.click\/wp-content\/uploads\/2024\/03\/spanglish_cinema.png\",\"width\":612,\"height\":225,\"caption\":\"Spanglish Cinema\"},\"image\":{\"@id\":\"https:\/\/clientesbrandbits.click\/#\/schema\/logo\/image\/\"}},{\"@type\":\"Person\",\"@id\":\"https:\/\/clientesbrandbits.click\/#\/schema\/person\/3582a766d1bd629325b8cb5e303f4963\",\"name\":\"Elizabeth Salazar\",\"image\":{\"@type\":\"ImageObject\",\"inLanguage\":\"es\",\"@id\":\"https:\/\/clientesbrandbits.click\/#\/schema\/person\/image\/\",\"url\":\"https:\/\/secure.gravatar.com\/avatar\/ddf69a5ddae2a61929dd4e305eb31658?s=96&d=mm&r=g\",\"contentUrl\":\"https:\/\/secure.gravatar.com\/avatar\/ddf69a5ddae2a61929dd4e305eb31658?s=96&d=mm&r=g\",\"caption\":\"Elizabeth Salazar\"},\"url\":\"https:\/\/clientesbrandbits.click\/es\/author\/elizabeth-salazar\/\"}]}<\/script>\n<!-- \/ Yoast SEO plugin. -->","yoast_head_json":{"title":"El Centro Cultural Quilpu\u00e9 Audiovisual exhibir\u00e1 \u201cLos Colonos\u201d - Spanglish Cinema","description":"Con el fin de seguir difundiendo el cine chileno en la regi\u00f3n de Valpara\u00edso, el CC Quilpu\u00e9 Audiovisual en colaboraci\u00f3n con el CFT PUCV exhibir\u00e1n este\u00a0viernes 14 de junio\u00a0a las\u00a016:30 horas en el auditorio del CFT Sede Quillota la pel\u00edcula \u201cLos Colonos\u201d.","robots":{"index":"index","follow":"follow","max-snippet":"max-snippet:-1","max-image-preview":"max-image-preview:large","max-video-preview":"max-video-preview:-1"},"canonical":"https:\/\/clientesbrandbits.click\/es\/el-centro-cultural-quilpue-audiovisual-exhibira-los-colonos\/","og_locale":"es_ES","og_type":"article","og_title":"El Centro Cultural Quilpu\u00e9 Audiovisual exhibir\u00e1 \u201cLos Colonos\u201d - Spanglish Cinema","og_description":"Con el fin de seguir difundiendo el cine chileno en la regi\u00f3n de Valpara\u00edso, el CC Quilpu\u00e9 Audiovisual en colaboraci\u00f3n con el CFT PUCV exhibir\u00e1n este\u00a0viernes 14 de junio\u00a0a las\u00a016:30 horas en el auditorio del CFT Sede Quillota la pel\u00edcula \u201cLos Colonos\u201d.","og_url":"https:\/\/clientesbrandbits.click\/es\/el-centro-cultural-quilpue-audiovisual-exhibira-los-colonos\/","og_site_name":"Spanglish Cinema","article_published_time":"2024-06-12T15:09:38+00:00","og_image":[{"width":1024,"height":576,"url":"https:\/\/clientesbrandbits.click\/wp-content\/uploads\/2024\/06\/45b468b726.jpg","type":"image\/jpeg"}],"author":"Elizabeth Salazar","twitter_card":"summary_large_image","twitter_misc":{"Escrito por":"Elizabeth Salazar","Tiempo de lectura":"3 minutos"},"schema":{"@context":"https:\/\/schema.org","@graph":[{"@type":"Article","@id":"https:\/\/clientesbrandbits.click\/el-centro-cultural-quilpue-audiovisual-exhibira-los-colonos\/#article","isPartOf":{"@id":"https:\/\/clientesbrandbits.click\/el-centro-cultural-quilpue-audiovisual-exhibira-los-colonos\/"},"author":{"name":"Elizabeth Salazar","@id":"https:\/\/clientesbrandbits.click\/#\/schema\/person\/3582a766d1bd629325b8cb5e303f4963"},"headline":"El Centro Cultural Quilpu\u00e9 Audiovisual exhibir\u00e1 \u201cLos Colonos\u201d","datePublished":"2024-06-12T15:09:38+00:00","dateModified":"2024-06-12T15:09:38+00:00","mainEntityOfPage":{"@id":"https:\/\/clientesbrandbits.click\/el-centro-cultural-quilpue-audiovisual-exhibira-los-colonos\/"},"wordCount":477,"publisher":{"@id":"https:\/\/clientesbrandbits.click\/#organization"},"image":{"@id":"https:\/\/clientesbrandbits.click\/el-centro-cultural-quilpue-audiovisual-exhibira-los-colonos\/#primaryimage"},"thumbnailUrl":"https:\/\/clientesbrandbits.click\/wp-content\/uploads\/2024\/06\/45b468b726.jpg","keywords":["Los Colonos"],"articleSection":["Destacados","Films"],"inLanguage":"es"},{"@type":"WebPage","@id":"https:\/\/clientesbrandbits.click\/el-centro-cultural-quilpue-audiovisual-exhibira-los-colonos\/","url":"https:\/\/clientesbrandbits.click\/el-centro-cultural-quilpue-audiovisual-exhibira-los-colonos\/","name":"El Centro Cultural Quilpu\u00e9 Audiovisual exhibir\u00e1 \u201cLos Colonos\u201d - Spanglish Cinema","isPartOf":{"@id":"https:\/\/clientesbrandbits.click\/#website"},"primaryImageOfPage":{"@id":"https:\/\/clientesbrandbits.click\/el-centro-cultural-quilpue-audiovisual-exhibira-los-colonos\/#primaryimage"},"image":{"@id":"https:\/\/clientesbrandbits.click\/el-centro-cultural-quilpue-audiovisual-exhibira-los-colonos\/#primaryimage"},"thumbnailUrl":"https:\/\/clientesbrandbits.click\/wp-content\/uploads\/2024\/06\/45b468b726.jpg","datePublished":"2024-06-12T15:09:38+00:00","dateModified":"2024-06-12T15:09:38+00:00","description":"Con el fin de seguir difundiendo el cine chileno en la regi\u00f3n de Valpara\u00edso, el CC Quilpu\u00e9 Audiovisual en colaboraci\u00f3n con el CFT PUCV exhibir\u00e1n este\u00a0viernes 14 de junio\u00a0a las\u00a016:30 horas en el auditorio del CFT Sede Quillota la pel\u00edcula \u201cLos Colonos\u201d.","breadcrumb":{"@id":"https:\/\/clientesbrandbits.click\/el-centro-cultural-quilpue-audiovisual-exhibira-los-colonos\/#breadcrumb"},"inLanguage":"es","potentialAction":[{"@type":"ReadAction","target":["https:\/\/clientesbrandbits.click\/el-centro-cultural-quilpue-audiovisual-exhibira-los-colonos\/"]}]},{"@type":"ImageObject","inLanguage":"es","@id":"https:\/\/clientesbrandbits.click\/el-centro-cultural-quilpue-audiovisual-exhibira-los-colonos\/#primaryimage","url":"https:\/\/clientesbrandbits.click\/wp-content\/uploads\/2024\/06\/45b468b726.jpg","contentUrl":"https:\/\/clientesbrandbits.click\/wp-content\/uploads\/2024\/06\/45b468b726.jpg","width":1024,"height":576},{"@type":"BreadcrumbList","@id":"https:\/\/clientesbrandbits.click\/el-centro-cultural-quilpue-audiovisual-exhibira-los-colonos\/#breadcrumb","itemListElement":[{"@type":"ListItem","position":1,"name":"Portada","item":"https:\/\/clientesbrandbits.click\/"},{"@type":"ListItem","position":2,"name":"El Centro Cultural Quilpu\u00e9 Audiovisual exhibir\u00e1 \u201cLos Colonos\u201d"}]},{"@type":"WebSite","@id":"https:\/\/clientesbrandbits.click\/#website","url":"https:\/\/clientesbrandbits.click\/","name":"Spanglish Cinema","description":"","publisher":{"@id":"https:\/\/clientesbrandbits.click\/#organization"},"potentialAction":[{"@type":"SearchAction","target":{"@type":"EntryPoint","urlTemplate":"https:\/\/clientesbrandbits.click\/?s={search_term_string}"},"query-input":"required name=search_term_string"}],"inLanguage":"es"},{"@type":"Organization","@id":"https:\/\/clientesbrandbits.click\/#organization","name":"Spanglish Cinema","url":"https:\/\/clientesbrandbits.click\/","logo":{"@type":"ImageObject","inLanguage":"es","@id":"https:\/\/clientesbrandbits.click\/#\/schema\/logo\/image\/","url":"https:\/\/clientesbrandbits.click\/wp-content\/uploads\/2024\/03\/spanglish_cinema.png","contentUrl":"https:\/\/clientesbrandbits.click\/wp-content\/uploads\/2024\/03\/spanglish_cinema.png","width":612,"height":225,"caption":"Spanglish Cinema"},"image":{"@id":"https:\/\/clientesbrandbits.click\/#\/schema\/logo\/image\/"}},{"@type":"Person","@id":"https:\/\/clientesbrandbits.click\/#\/schema\/person\/3582a766d1bd629325b8cb5e303f4963","name":"Elizabeth Salazar","image":{"@type":"ImageObject","inLanguage":"es","@id":"https:\/\/clientesbrandbits.click\/#\/schema\/person\/image\/","url":"https:\/\/secure.gravatar.com\/avatar\/ddf69a5ddae2a61929dd4e305eb31658?s=96&d=mm&r=g","contentUrl":"https:\/\/secure.gravatar.com\/avatar\/ddf69a5ddae2a61929dd4e305eb31658?s=96&d=mm&r=g","caption":"Elizabeth Salazar"},"url":"https:\/\/clientesbrandbits.click\/es\/author\/elizabeth-salazar\/"}]}},"_links":{"self":[{"href":"https:\/\/clientesbrandbits.click\/es\/wp-json\/wp\/v2\/posts\/1799"}],"collection":[{"href":"https:\/\/clientesbrandbits.click\/es\/wp-json\/wp\/v2\/posts"}],"about":[{"href":"https:\/\/clientesbrandbits.click\/es\/wp-json\/wp\/v2\/types\/post"}],"author":[{"embeddable":true,"href":"https:\/\/clientesbrandbits.click\/es\/wp-json\/wp\/v2\/users\/5"}],"replies":[{"embeddable":true,"href":"https:\/\/clientesbrandbits.click\/es\/wp-json\/wp\/v2\/comments?post=1799"}],"version-history":[{"count":3,"href":"https:\/\/clientesbrandbits.click\/es\/wp-json\/wp\/v2\/posts\/1799\/revisions"}],"predecessor-version":[{"id":1803,"href":"https:\/\/clientesbrandbits.click\/es\/wp-json\/wp\/v2\/posts\/1799\/revisions\/1803"}],"wp:featuredmedia":[{"embeddable":true,"href":"https:\/\/clientesbrandbits.click\/es\/wp-json\/wp\/v2\/media\/1800"}],"wp:attachment":[{"href":"https:\/\/clientesbrandbits.click\/es\/wp-json\/wp\/v2\/media?parent=1799"}],"wp:term":[{"taxonomy":"category","embeddable":true,"href":"https:\/\/clientesbrandbits.click\/es\/wp-json\/wp\/v2\/categories?post=1799"},{"taxonomy":"post_tag","embeddable":true,"href":"https:\/\/clientesbrandbits.click\/es\/wp-json\/wp\/v2\/tags?post=1799"}],"curies":[{"name":"wp","href":"https:\/\/api.w.org\/{rel}","templated":true}]}}