{"id":1769,"date":"2024-06-10T13:13:21","date_gmt":"2024-06-10T17:13:21","guid":{"rendered":"https:\/\/clientesbrandbits.click\/?p=1769"},"modified":"2024-06-10T17:47:09","modified_gmt":"2024-06-10T21:47:09","slug":"entrevista-a-cecilia-murga-y-joaquin-furriel-por-el-aroma-del-pasto-recien-cortado","status":"publish","type":"post","link":"https:\/\/clientesbrandbits.click\/es\/entrevista-a-cecilia-murga-y-joaquin-furriel-por-el-aroma-del-pasto-recien-cortado\/","title":{"rendered":"Entrevista a Celina Murga y Joaqu\u00edn Furriel por \u201cEl aroma del pasto reci\u00e9n cortado\u201d"},"content":{"rendered":"<p style=\"text-align: justify;\">Este s\u00e1bado reci\u00e9n pasado en el marco del Festival de Cine de Tribeca de Nueva York, la directora y guionista Celina Murga junto al elenco del film, que incluye a Joaqu\u00edn Furriel y Marina de Tavira, presentaron su pel\u00edcula y estuvieron en una recepci\u00f3n con Scorsese, quien es el productor ejecutivo.<\/p>\n<p style=\"text-align: justify;\"><strong>El contexto<\/strong><\/p>\n<p style=\"text-align: justify;\">Ver a Martin Scorsese presentar una pel\u00edcula argentina en la ciudad que vive y ama, Nueva York, tiene un sabor especial para quien lo asiste desde lejos siendo latinoamericano, un logro as\u00ed no se da en vano y menos para una cineasta. Pero Celina Murga, y su exitosa carrera, ha logrado contar con el apoyo del experimentado director desde los inicios. La realizadora conoci\u00f3 a Scorsese gracias a una mentor\u00eda de Rolex para cineastas y luego siguieron su camino de trabajo conjunto hasta hoy, donde se convierte en el productor ejecutivo de \u201cEl aroma del pasto reci\u00e9n cortado\u201d.<\/p>\n<p style=\"text-align: justify;\">El Film es parte de la parrilla program\u00e1tica de este certamen del Festival de Cine de Tribeca y tuvo una muy buena recepci\u00f3n por parte de la audiencia. La narrativa, escrita por la misma directora junto a Luc\u00eda Osorio y Juan Villegas, expone en torno a una historia paralela, la crisis de Pablo (Furriel) y Natalia (Tavira) quienes respectivamente est\u00e1n en siendo infieles en sus matrimonios pero que comparten lugar de trabajo en la Universidad en la Facultad de Agronom\u00eda.<\/p>\n<p style=\"text-align: justify;\">Esto permite ir transitando el viaje de ambos protagonistas de forma paralela y, de manera sutil y disfrazada en la cotidianidad, se comienzan a relevar todas las diferencias que est\u00e1n arraigadas y naturalizadas en la sociedad con el tratamiento que se le da a Natalia por ser mujer versus lo que vive Pablo, en una sociedad patriarcal.<\/p>\n<p style=\"text-align: justify;\">Una de las grandes virtudes del film es que es un activista de reflexi\u00f3n, profunda pero no forzada, ante la invisibilizaci\u00f3n de estas tem\u00e1ticas y c\u00f3mo se viven desde las distintas perspectivas dependiendo el g\u00e9nero. As\u00ed lo conversamos con su directora y guionista, quien tambi\u00e9n tuvo un espacio para hablar de lo que est\u00e1 pasando en su pa\u00eds en torno a la reducci\u00f3n presupuestaria y vulnerabilidad a la que queda expuesta el cine argentino en la actualidad.<\/p>\n<p style=\"text-align: justify;\">En ese contexto, una foto con una bandera Argentina en apoyo a su cine fuera del consulado de ese pa\u00eds en Nueva York se vuelve simb\u00f3lica y que el director Martin Scorsese fuera a apoyarlos es un gesto inigualable para la realizadora que solo tiene palabras de agradecimiento ante la generosidad del aclamado director.<\/p>\n<p style=\"text-align: justify;\">Conversamos con Celina Murga y Joaqu\u00edn Furriel, quienes nos contaron c\u00f3mo vivieron la experiencia y cu\u00e1les fueron los puntos clave de la pel\u00edcula, puedes ver la entrevista completa ac\u00e1:<\/p>\n<p><iframe title=\"Entrevista a Celina Murga y Joaqu\u00edn Furriel\" width=\"1200\" height=\"675\" src=\"https:\/\/www.youtube.com\/embed\/i14SJG_Iy28?feature=oembed\" frameborder=\"0\" allow=\"accelerometer; autoplay; clipboard-write; encrypted-media; gyroscope; picture-in-picture; web-share\" referrerpolicy=\"strict-origin-when-cross-origin\" allowfullscreen><\/iframe><\/p>\n","protected":false},"excerpt":{"rendered":"<p>Este s\u00e1bado reci\u00e9n pasado en el marco del Festival de Cine de Tribeca de Nueva York, la directora y guionista Celina Murga junto al elenco del film, que incluye a Joaqu\u00edn Furriel y Marina de Tavira, presentaron su pel\u00edcula y &#8230; <a title=\"Entrevista a Celina Murga y Joaqu\u00edn Furriel por \u201cEl aroma del pasto reci\u00e9n cortado\u201d\" class=\"read-more\" href=\"https:\/\/clientesbrandbits.click\/es\/entrevista-a-cecilia-murga-y-joaquin-furriel-por-el-aroma-del-pasto-recien-cortado\/\" aria-label=\"Leer m\u00e1s sobre Entrevista a Celina Murga y Joaqu\u00edn Furriel por \u201cEl aroma del pasto reci\u00e9n cortado\u201d\">Leer M\u00e1s<\/a><\/p>\n","protected":false},"author":2,"featured_media":1770,"comment_status":"closed","ping_status":"closed","sticky":false,"template":"","format":"standard","meta":{"_joinchat":[],"footnotes":""},"categories":[112,13],"tags":[100,146],"class_list":["post-1769","post","type-post","status-publish","format-standard","has-post-thumbnail","hentry","category-destacados","category-entrevistas","tag-festival-de-cine-de-tribeca","tag-tribeca","infinite-scroll-item"],"yoast_head":"<!-- This site is optimized with the Yoast SEO plugin v22.8 - https:\/\/yoast.com\/wordpress\/plugins\/seo\/ -->\n<title>Entrevista a Celina Murga y Joaqu\u00edn Furriel por \u201cEl aroma del pasto reci\u00e9n cortado\u201d - Spanglish Cinema<\/title>\n<meta name=\"description\" content=\"Este s\u00e1bado reci\u00e9n pasado en el marco del Festival de Cine de Tribeca de Nueva York, la directora y guionista Cecilia Murga junto al elenco del film, que incluye a Joaqu\u00edn Furriel y Marina de Tavira, presentaron su pel\u00edcula y estuvieron en una recepci\u00f3n con Scorsese, quien es el productor ejecutivo.\" \/>\n<meta name=\"robots\" content=\"index, follow, max-snippet:-1, max-image-preview:large, max-video-preview:-1\" \/>\n<link rel=\"canonical\" href=\"https:\/\/clientesbrandbits.click\/es\/entrevista-a-cecilia-murga-y-joaquin-furriel-por-el-aroma-del-pasto-recien-cortado\/\" \/>\n<meta property=\"og:locale\" content=\"es_ES\" \/>\n<meta property=\"og:type\" content=\"article\" \/>\n<meta property=\"og:title\" content=\"Entrevista a Celina Murga y Joaqu\u00edn Furriel por \u201cEl aroma del pasto reci\u00e9n cortado\u201d - Spanglish Cinema\" \/>\n<meta property=\"og:description\" content=\"Este s\u00e1bado reci\u00e9n pasado en el marco del Festival de Cine de Tribeca de Nueva York, la directora y guionista Cecilia Murga junto al elenco del film, que incluye a Joaqu\u00edn Furriel y Marina de Tavira, presentaron su pel\u00edcula y estuvieron en una recepci\u00f3n con Scorsese, quien es el productor ejecutivo.\" \/>\n<meta property=\"og:url\" content=\"https:\/\/clientesbrandbits.click\/es\/entrevista-a-cecilia-murga-y-joaquin-furriel-por-el-aroma-del-pasto-recien-cortado\/\" \/>\n<meta property=\"og:site_name\" content=\"Spanglish Cinema\" \/>\n<meta property=\"article:published_time\" content=\"2024-06-10T17:13:21+00:00\" \/>\n<meta property=\"article:modified_time\" content=\"2024-06-10T21:47:09+00:00\" \/>\n<meta property=\"og:image\" content=\"https:\/\/clientesbrandbits.click\/wp-content\/uploads\/2024\/06\/WhatsApp-Image-2024-06-10-at-13.12.14.jpeg\" \/>\n\t<meta property=\"og:image:width\" content=\"787\" \/>\n\t<meta property=\"og:image:height\" content=\"469\" \/>\n\t<meta property=\"og:image:type\" content=\"image\/jpeg\" \/>\n<meta name=\"author\" content=\"Francisca Romero\" \/>\n<meta name=\"twitter:card\" content=\"summary_large_image\" \/>\n<meta name=\"twitter:label1\" content=\"Escrito por\" \/>\n\t<meta name=\"twitter:data1\" content=\"Francisca Romero\" \/>\n\t<meta name=\"twitter:label2\" content=\"Tiempo de lectura\" \/>\n\t<meta name=\"twitter:data2\" content=\"3 minutos\" \/>\n<script type=\"application\/ld+json\" class=\"yoast-schema-graph\">{\"@context\":\"https:\/\/schema.org\",\"@graph\":[{\"@type\":\"Article\",\"@id\":\"https:\/\/clientesbrandbits.click\/entrevista-a-cecilia-murga-y-joaquin-furriel-por-el-aroma-del-pasto-recien-cortado\/#article\",\"isPartOf\":{\"@id\":\"https:\/\/clientesbrandbits.click\/entrevista-a-cecilia-murga-y-joaquin-furriel-por-el-aroma-del-pasto-recien-cortado\/\"},\"author\":{\"name\":\"Francisca Romero\",\"@id\":\"https:\/\/clientesbrandbits.click\/#\/schema\/person\/fedc39f5790928deafca5719b3588db2\"},\"headline\":\"Entrevista a Celina Murga y Joaqu\u00edn Furriel por \u201cEl aroma del pasto reci\u00e9n cortado\u201d\",\"datePublished\":\"2024-06-10T17:13:21+00:00\",\"dateModified\":\"2024-06-10T21:47:09+00:00\",\"mainEntityOfPage\":{\"@id\":\"https:\/\/clientesbrandbits.click\/entrevista-a-cecilia-murga-y-joaquin-furriel-por-el-aroma-del-pasto-recien-cortado\/\"},\"wordCount\":503,\"publisher\":{\"@id\":\"https:\/\/clientesbrandbits.click\/#organization\"},\"image\":{\"@id\":\"https:\/\/clientesbrandbits.click\/entrevista-a-cecilia-murga-y-joaquin-furriel-por-el-aroma-del-pasto-recien-cortado\/#primaryimage\"},\"thumbnailUrl\":\"https:\/\/clientesbrandbits.click\/wp-content\/uploads\/2024\/06\/WhatsApp-Image-2024-06-10-at-13.12.14.jpeg\",\"keywords\":[\"festival de cine de tribeca\",\"Tribeca\"],\"articleSection\":[\"Destacados\",\"Entrevistas\"],\"inLanguage\":\"es\"},{\"@type\":\"WebPage\",\"@id\":\"https:\/\/clientesbrandbits.click\/entrevista-a-cecilia-murga-y-joaquin-furriel-por-el-aroma-del-pasto-recien-cortado\/\",\"url\":\"https:\/\/clientesbrandbits.click\/entrevista-a-cecilia-murga-y-joaquin-furriel-por-el-aroma-del-pasto-recien-cortado\/\",\"name\":\"Entrevista a Celina Murga y Joaqu\u00edn Furriel por \u201cEl aroma del pasto reci\u00e9n cortado\u201d - Spanglish Cinema\",\"isPartOf\":{\"@id\":\"https:\/\/clientesbrandbits.click\/#website\"},\"primaryImageOfPage\":{\"@id\":\"https:\/\/clientesbrandbits.click\/entrevista-a-cecilia-murga-y-joaquin-furriel-por-el-aroma-del-pasto-recien-cortado\/#primaryimage\"},\"image\":{\"@id\":\"https:\/\/clientesbrandbits.click\/entrevista-a-cecilia-murga-y-joaquin-furriel-por-el-aroma-del-pasto-recien-cortado\/#primaryimage\"},\"thumbnailUrl\":\"https:\/\/clientesbrandbits.click\/wp-content\/uploads\/2024\/06\/WhatsApp-Image-2024-06-10-at-13.12.14.jpeg\",\"datePublished\":\"2024-06-10T17:13:21+00:00\",\"dateModified\":\"2024-06-10T21:47:09+00:00\",\"description\":\"Este s\u00e1bado reci\u00e9n pasado en el marco del Festival de Cine de Tribeca de Nueva York, la directora y guionista Cecilia Murga junto al elenco del film, que incluye a Joaqu\u00edn Furriel y Marina de Tavira, presentaron su pel\u00edcula y estuvieron en una recepci\u00f3n con Scorsese, quien es el productor ejecutivo.\",\"breadcrumb\":{\"@id\":\"https:\/\/clientesbrandbits.click\/entrevista-a-cecilia-murga-y-joaquin-furriel-por-el-aroma-del-pasto-recien-cortado\/#breadcrumb\"},\"inLanguage\":\"es\",\"potentialAction\":[{\"@type\":\"ReadAction\",\"target\":[\"https:\/\/clientesbrandbits.click\/entrevista-a-cecilia-murga-y-joaquin-furriel-por-el-aroma-del-pasto-recien-cortado\/\"]}]},{\"@type\":\"ImageObject\",\"inLanguage\":\"es\",\"@id\":\"https:\/\/clientesbrandbits.click\/entrevista-a-cecilia-murga-y-joaquin-furriel-por-el-aroma-del-pasto-recien-cortado\/#primaryimage\",\"url\":\"https:\/\/clientesbrandbits.click\/wp-content\/uploads\/2024\/06\/WhatsApp-Image-2024-06-10-at-13.12.14.jpeg\",\"contentUrl\":\"https:\/\/clientesbrandbits.click\/wp-content\/uploads\/2024\/06\/WhatsApp-Image-2024-06-10-at-13.12.14.jpeg\",\"width\":787,\"height\":469},{\"@type\":\"BreadcrumbList\",\"@id\":\"https:\/\/clientesbrandbits.click\/entrevista-a-cecilia-murga-y-joaquin-furriel-por-el-aroma-del-pasto-recien-cortado\/#breadcrumb\",\"itemListElement\":[{\"@type\":\"ListItem\",\"position\":1,\"name\":\"Portada\",\"item\":\"https:\/\/clientesbrandbits.click\/\"},{\"@type\":\"ListItem\",\"position\":2,\"name\":\"Entrevista a Celina Murga y Joaqu\u00edn Furriel por \u201cEl aroma del pasto reci\u00e9n cortado\u201d\"}]},{\"@type\":\"WebSite\",\"@id\":\"https:\/\/clientesbrandbits.click\/#website\",\"url\":\"https:\/\/clientesbrandbits.click\/\",\"name\":\"Spanglish Cinema\",\"description\":\"\",\"publisher\":{\"@id\":\"https:\/\/clientesbrandbits.click\/#organization\"},\"potentialAction\":[{\"@type\":\"SearchAction\",\"target\":{\"@type\":\"EntryPoint\",\"urlTemplate\":\"https:\/\/clientesbrandbits.click\/?s={search_term_string}\"},\"query-input\":\"required name=search_term_string\"}],\"inLanguage\":\"es\"},{\"@type\":\"Organization\",\"@id\":\"https:\/\/clientesbrandbits.click\/#organization\",\"name\":\"Spanglish Cinema\",\"url\":\"https:\/\/clientesbrandbits.click\/\",\"logo\":{\"@type\":\"ImageObject\",\"inLanguage\":\"es\",\"@id\":\"https:\/\/clientesbrandbits.click\/#\/schema\/logo\/image\/\",\"url\":\"https:\/\/clientesbrandbits.click\/wp-content\/uploads\/2024\/03\/spanglish_cinema.png\",\"contentUrl\":\"https:\/\/clientesbrandbits.click\/wp-content\/uploads\/2024\/03\/spanglish_cinema.png\",\"width\":612,\"height\":225,\"caption\":\"Spanglish Cinema\"},\"image\":{\"@id\":\"https:\/\/clientesbrandbits.click\/#\/schema\/logo\/image\/\"}},{\"@type\":\"Person\",\"@id\":\"https:\/\/clientesbrandbits.click\/#\/schema\/person\/fedc39f5790928deafca5719b3588db2\",\"name\":\"Francisca Romero\",\"image\":{\"@type\":\"ImageObject\",\"inLanguage\":\"es\",\"@id\":\"https:\/\/clientesbrandbits.click\/#\/schema\/person\/image\/\",\"url\":\"https:\/\/secure.gravatar.com\/avatar\/59bbcac6a15502dc7740d8ba94724e62?s=96&d=mm&r=g\",\"contentUrl\":\"https:\/\/secure.gravatar.com\/avatar\/59bbcac6a15502dc7740d8ba94724e62?s=96&d=mm&r=g\",\"caption\":\"Francisca Romero\"},\"url\":\"https:\/\/clientesbrandbits.click\/es\/author\/francisca-romero\/\"}]}<\/script>\n<!-- \/ Yoast SEO plugin. -->","yoast_head_json":{"title":"Entrevista a Celina Murga y Joaqu\u00edn Furriel por \u201cEl aroma del pasto reci\u00e9n cortado\u201d - Spanglish Cinema","description":"Este s\u00e1bado reci\u00e9n pasado en el marco del Festival de Cine de Tribeca de Nueva York, la directora y guionista Cecilia Murga junto al elenco del film, que incluye a Joaqu\u00edn Furriel y Marina de Tavira, presentaron su pel\u00edcula y estuvieron en una recepci\u00f3n con Scorsese, quien es el productor ejecutivo.","robots":{"index":"index","follow":"follow","max-snippet":"max-snippet:-1","max-image-preview":"max-image-preview:large","max-video-preview":"max-video-preview:-1"},"canonical":"https:\/\/clientesbrandbits.click\/es\/entrevista-a-cecilia-murga-y-joaquin-furriel-por-el-aroma-del-pasto-recien-cortado\/","og_locale":"es_ES","og_type":"article","og_title":"Entrevista a Celina Murga y Joaqu\u00edn Furriel por \u201cEl aroma del pasto reci\u00e9n cortado\u201d - Spanglish Cinema","og_description":"Este s\u00e1bado reci\u00e9n pasado en el marco del Festival de Cine de Tribeca de Nueva York, la directora y guionista Cecilia Murga junto al elenco del film, que incluye a Joaqu\u00edn Furriel y Marina de Tavira, presentaron su pel\u00edcula y estuvieron en una recepci\u00f3n con Scorsese, quien es el productor ejecutivo.","og_url":"https:\/\/clientesbrandbits.click\/es\/entrevista-a-cecilia-murga-y-joaquin-furriel-por-el-aroma-del-pasto-recien-cortado\/","og_site_name":"Spanglish Cinema","article_published_time":"2024-06-10T17:13:21+00:00","article_modified_time":"2024-06-10T21:47:09+00:00","og_image":[{"width":787,"height":469,"url":"https:\/\/clientesbrandbits.click\/wp-content\/uploads\/2024\/06\/WhatsApp-Image-2024-06-10-at-13.12.14.jpeg","type":"image\/jpeg"}],"author":"Francisca Romero","twitter_card":"summary_large_image","twitter_misc":{"Escrito por":"Francisca Romero","Tiempo de lectura":"3 minutos"},"schema":{"@context":"https:\/\/schema.org","@graph":[{"@type":"Article","@id":"https:\/\/clientesbrandbits.click\/entrevista-a-cecilia-murga-y-joaquin-furriel-por-el-aroma-del-pasto-recien-cortado\/#article","isPartOf":{"@id":"https:\/\/clientesbrandbits.click\/entrevista-a-cecilia-murga-y-joaquin-furriel-por-el-aroma-del-pasto-recien-cortado\/"},"author":{"name":"Francisca Romero","@id":"https:\/\/clientesbrandbits.click\/#\/schema\/person\/fedc39f5790928deafca5719b3588db2"},"headline":"Entrevista a Celina Murga y Joaqu\u00edn Furriel por \u201cEl aroma del pasto reci\u00e9n cortado\u201d","datePublished":"2024-06-10T17:13:21+00:00","dateModified":"2024-06-10T21:47:09+00:00","mainEntityOfPage":{"@id":"https:\/\/clientesbrandbits.click\/entrevista-a-cecilia-murga-y-joaquin-furriel-por-el-aroma-del-pasto-recien-cortado\/"},"wordCount":503,"publisher":{"@id":"https:\/\/clientesbrandbits.click\/#organization"},"image":{"@id":"https:\/\/clientesbrandbits.click\/entrevista-a-cecilia-murga-y-joaquin-furriel-por-el-aroma-del-pasto-recien-cortado\/#primaryimage"},"thumbnailUrl":"https:\/\/clientesbrandbits.click\/wp-content\/uploads\/2024\/06\/WhatsApp-Image-2024-06-10-at-13.12.14.jpeg","keywords":["festival de cine de tribeca","Tribeca"],"articleSection":["Destacados","Entrevistas"],"inLanguage":"es"},{"@type":"WebPage","@id":"https:\/\/clientesbrandbits.click\/entrevista-a-cecilia-murga-y-joaquin-furriel-por-el-aroma-del-pasto-recien-cortado\/","url":"https:\/\/clientesbrandbits.click\/entrevista-a-cecilia-murga-y-joaquin-furriel-por-el-aroma-del-pasto-recien-cortado\/","name":"Entrevista a Celina Murga y Joaqu\u00edn Furriel por \u201cEl aroma del pasto reci\u00e9n cortado\u201d - Spanglish Cinema","isPartOf":{"@id":"https:\/\/clientesbrandbits.click\/#website"},"primaryImageOfPage":{"@id":"https:\/\/clientesbrandbits.click\/entrevista-a-cecilia-murga-y-joaquin-furriel-por-el-aroma-del-pasto-recien-cortado\/#primaryimage"},"image":{"@id":"https:\/\/clientesbrandbits.click\/entrevista-a-cecilia-murga-y-joaquin-furriel-por-el-aroma-del-pasto-recien-cortado\/#primaryimage"},"thumbnailUrl":"https:\/\/clientesbrandbits.click\/wp-content\/uploads\/2024\/06\/WhatsApp-Image-2024-06-10-at-13.12.14.jpeg","datePublished":"2024-06-10T17:13:21+00:00","dateModified":"2024-06-10T21:47:09+00:00","description":"Este s\u00e1bado reci\u00e9n pasado en el marco del Festival de Cine de Tribeca de Nueva York, la directora y guionista Cecilia Murga junto al elenco del film, que incluye a Joaqu\u00edn Furriel y Marina de Tavira, presentaron su pel\u00edcula y estuvieron en una recepci\u00f3n con Scorsese, quien es el productor ejecutivo.","breadcrumb":{"@id":"https:\/\/clientesbrandbits.click\/entrevista-a-cecilia-murga-y-joaquin-furriel-por-el-aroma-del-pasto-recien-cortado\/#breadcrumb"},"inLanguage":"es","potentialAction":[{"@type":"ReadAction","target":["https:\/\/clientesbrandbits.click\/entrevista-a-cecilia-murga-y-joaquin-furriel-por-el-aroma-del-pasto-recien-cortado\/"]}]},{"@type":"ImageObject","inLanguage":"es","@id":"https:\/\/clientesbrandbits.click\/entrevista-a-cecilia-murga-y-joaquin-furriel-por-el-aroma-del-pasto-recien-cortado\/#primaryimage","url":"https:\/\/clientesbrandbits.click\/wp-content\/uploads\/2024\/06\/WhatsApp-Image-2024-06-10-at-13.12.14.jpeg","contentUrl":"https:\/\/clientesbrandbits.click\/wp-content\/uploads\/2024\/06\/WhatsApp-Image-2024-06-10-at-13.12.14.jpeg","width":787,"height":469},{"@type":"BreadcrumbList","@id":"https:\/\/clientesbrandbits.click\/entrevista-a-cecilia-murga-y-joaquin-furriel-por-el-aroma-del-pasto-recien-cortado\/#breadcrumb","itemListElement":[{"@type":"ListItem","position":1,"name":"Portada","item":"https:\/\/clientesbrandbits.click\/"},{"@type":"ListItem","position":2,"name":"Entrevista a Celina Murga y Joaqu\u00edn Furriel por \u201cEl aroma del pasto reci\u00e9n cortado\u201d"}]},{"@type":"WebSite","@id":"https:\/\/clientesbrandbits.click\/#website","url":"https:\/\/clientesbrandbits.click\/","name":"Spanglish Cinema","description":"","publisher":{"@id":"https:\/\/clientesbrandbits.click\/#organization"},"potentialAction":[{"@type":"SearchAction","target":{"@type":"EntryPoint","urlTemplate":"https:\/\/clientesbrandbits.click\/?s={search_term_string}"},"query-input":"required name=search_term_string"}],"inLanguage":"es"},{"@type":"Organization","@id":"https:\/\/clientesbrandbits.click\/#organization","name":"Spanglish Cinema","url":"https:\/\/clientesbrandbits.click\/","logo":{"@type":"ImageObject","inLanguage":"es","@id":"https:\/\/clientesbrandbits.click\/#\/schema\/logo\/image\/","url":"https:\/\/clientesbrandbits.click\/wp-content\/uploads\/2024\/03\/spanglish_cinema.png","contentUrl":"https:\/\/clientesbrandbits.click\/wp-content\/uploads\/2024\/03\/spanglish_cinema.png","width":612,"height":225,"caption":"Spanglish Cinema"},"image":{"@id":"https:\/\/clientesbrandbits.click\/#\/schema\/logo\/image\/"}},{"@type":"Person","@id":"https:\/\/clientesbrandbits.click\/#\/schema\/person\/fedc39f5790928deafca5719b3588db2","name":"Francisca Romero","image":{"@type":"ImageObject","inLanguage":"es","@id":"https:\/\/clientesbrandbits.click\/#\/schema\/person\/image\/","url":"https:\/\/secure.gravatar.com\/avatar\/59bbcac6a15502dc7740d8ba94724e62?s=96&d=mm&r=g","contentUrl":"https:\/\/secure.gravatar.com\/avatar\/59bbcac6a15502dc7740d8ba94724e62?s=96&d=mm&r=g","caption":"Francisca Romero"},"url":"https:\/\/clientesbrandbits.click\/es\/author\/francisca-romero\/"}]}},"_links":{"self":[{"href":"https:\/\/clientesbrandbits.click\/es\/wp-json\/wp\/v2\/posts\/1769"}],"collection":[{"href":"https:\/\/clientesbrandbits.click\/es\/wp-json\/wp\/v2\/posts"}],"about":[{"href":"https:\/\/clientesbrandbits.click\/es\/wp-json\/wp\/v2\/types\/post"}],"author":[{"embeddable":true,"href":"https:\/\/clientesbrandbits.click\/es\/wp-json\/wp\/v2\/users\/2"}],"replies":[{"embeddable":true,"href":"https:\/\/clientesbrandbits.click\/es\/wp-json\/wp\/v2\/comments?post=1769"}],"version-history":[{"count":4,"href":"https:\/\/clientesbrandbits.click\/es\/wp-json\/wp\/v2\/posts\/1769\/revisions"}],"predecessor-version":[{"id":1786,"href":"https:\/\/clientesbrandbits.click\/es\/wp-json\/wp\/v2\/posts\/1769\/revisions\/1786"}],"wp:featuredmedia":[{"embeddable":true,"href":"https:\/\/clientesbrandbits.click\/es\/wp-json\/wp\/v2\/media\/1770"}],"wp:attachment":[{"href":"https:\/\/clientesbrandbits.click\/es\/wp-json\/wp\/v2\/media?parent=1769"}],"wp:term":[{"taxonomy":"category","embeddable":true,"href":"https:\/\/clientesbrandbits.click\/es\/wp-json\/wp\/v2\/categories?post=1769"},{"taxonomy":"post_tag","embeddable":true,"href":"https:\/\/clientesbrandbits.click\/es\/wp-json\/wp\/v2\/tags?post=1769"}],"curies":[{"name":"wp","href":"https:\/\/api.w.org\/{rel}","templated":true}]}}