{"id":1765,"date":"2024-06-10T11:50:29","date_gmt":"2024-06-10T15:50:29","guid":{"rendered":"https:\/\/clientesbrandbits.click\/?p=1765"},"modified":"2024-06-27T11:57:04","modified_gmt":"2024-06-27T15:57:04","slug":"dualidades-que-brotan-en-el-aroma-del-pasto-recien-cortado","status":"publish","type":"post","link":"https:\/\/clientesbrandbits.click\/es\/dualidades-que-brotan-en-el-aroma-del-pasto-recien-cortado\/","title":{"rendered":"Dualidades que brotan en \u00abEl aroma del pasto reci\u00e9n cortado\u00bb"},"content":{"rendered":"<p style=\"text-align: justify;\">Lleg\u00f3 al Festival de Tribeca \u2018El aroma del pasto reci\u00e9n cortado\u2019 un drama que observa con atenci\u00f3n los brotes de los roles de g\u00e9nero en nuestra sociedad. La pel\u00edcula est\u00e1 dirigida por la cineasta argentina Celina Murga (Ana y los Otros) y adem\u00e1s escribi\u00f3 el gui\u00f3n junto a Juan Villegas y Luc\u00eda Osorio.<\/p>\n<p style=\"text-align: justify;\"><strong>Competencia Internacional de Narrativa, Tribeca Film Festival<\/strong><\/p>\n<p style=\"text-align: justify;\"><strong> \u00abEl aroma del pasto reci\u00e9n cortado\u00bb<\/strong><strong>\u00a0<\/strong><\/p>\n<p style=\"text-align: justify;\">La directora nos adentra a una facultad de ciencias del ambiente. Aqu\u00ed comienza a germinar esta historia que se riega en espejos entre dos profesores que nunca se ver\u00e1n pero que caminan por los mismos surcos te\u00f1idos de crisis existenciales.\u00a0 Estos dos profesores son Natalia (Marina de Tavira) y Pablo (Joaqu\u00edn Furriel), que dan clases sobre los tipos de suelos. La directora aprovecha la luz del d\u00eda para demostrarnos que estos personajes se sienten con vida en ese espacio y\u00a0 los encuadra de una manera que parecen ser vastos porque las clases son todav\u00eda el \u00fanico nutriente que les queda. Donde todo parece estar muerto es en sus hogares. Ambos personajes se muestran distantes con sus parejas, distra\u00eddos y ap\u00e1ticos. La directora los encuadra de una manera claustrof\u00f3bica para encerrarnos en sus supuestos pensamientos.<\/p>\n<p style=\"text-align: justify;\">Cada movimiento, cada di\u00e1logo, cada silencio est\u00e1n meticulosamente elaborados y proyectan la idea de que nunca estamos solos en este mundo, siempre puede haber otro pasando por lo mismo. Pero cuando estos dos profesores deciden plantar sus deseos ah\u00ed el espectador deber\u00e1 estar atento a la sutilezas que la directora plantea sobre c\u00f3mo las mismas situaciones no son iguales para los hombres que las mujeres. M\u00e1s cuando se trata de roles que requieren de una \u2018supuesta \u00e9tica y moral\u2019 como es la docencia y que implican una base de din\u00e1micas de poder.<\/p>\n<p style=\"text-align: justify;\">Mientras la directora aprovecha la puesta en escena y plaga de verde, un color que est\u00e1 presente en casi todos los planos, resulta en un s\u00edmbolo de ox\u00edgeno y de vida, como lo es la naturaleza. Estos profesores deciden limpiar sus malezas, involucr\u00e1ndose de manera sexo afectiva con uno de sus alumnos. Ambos sumidos por las diferencias y desgastes de sus matrimonios, las presiones de la maternidad y paternidad.<\/p>\n<p style=\"text-align: justify;\">Natalia tiene dos hijas y Pablo dos hijos, deciden ir por el autodescubrimiento y la conexi\u00f3n con sus alumnos de sus equipos de investigaci\u00f3n. En el caso de Pablo con una alumna m\u00e1s joven que \u00e9l, Luciana (Ver\u00f3nica Gerez) y Natalia con un alumno m\u00e1s joven tambi\u00e9n, Gonzalo (Emanuel Parga). A partir de ah\u00ed, la directora aprovecha las narrativas gemelas para delimitar l\u00edneas delgadas sobre algunas diferencias que pueden seguir permeando en las expectativas de roles en la sociedad. Y pareciera perseguir preguntas que todav\u00eda quedan en el tintero \u00bfSigue habiendo tierra f\u00e9rtil para que el patriarcado contin\u00fae?<\/p>\n<p style=\"text-align: justify;\">Murga, en el film, propone un montaje pausado y melanc\u00f3lico que elimina todo tipo de melodrama, tensi\u00f3n y di\u00e1logos edulcorados. M\u00e1s bien decide fabricar secuencias donde el silencio y las miradas abundan y detalla personajes ensimismados, reflexivos y en b\u00fasqueda de regar sus ra\u00edces. Una historia que recorre en paralelo dos tallos distintos pero que se encuentran en el mismo espacio cultural pero que invita a trav\u00e9s de sutilezas a seguir deconstruyendo ra\u00edces patriarcales y avanzar como sociedad.<\/p>\n<p style=\"text-align: justify;\">Para la directora <em>&#8216;el cine es todo menos una conclusi\u00f3n&#8217; <\/em>\u00a0como dice Jean Claude Carriere, y as\u00ed es \u2018El aroma del pasto reci\u00e9n cortado\u2019 es una semilla en suelo f\u00e9rtil que escurre la \u00fanica verdad y que invita a reflexionar c\u00f3mo trascender en las dicotom\u00edas.<\/p>\n<p style=\"text-align: justify;\">Por \u00faltimo, por fuera de la pel\u00edcula, \u201cEl aroma del pasto reci\u00e9n cortado\u201d es una coproducci\u00f3n entre cinco pa\u00edses: Argentina, Uruguay, Alemania, M\u00e9xico y Estados Unidos. Adem\u00e1s tiene un padrinaje especial ya que est\u00e1 producida ejecutivamente por nada m\u00e1s ni nada menos que Martin Scorsese, el director que ha sido mentor de la cineasta en sus a\u00f1os de formaci\u00f3n en Nueva York. A partir de ah\u00ed ha florecido una uni\u00f3n que hoy los tiene presentando una pel\u00edcula en el Festival de Tribeca.<\/p>\n","protected":false},"excerpt":{"rendered":"<p>Lleg\u00f3 al Festival de Tribeca \u2018El aroma del pasto reci\u00e9n cortado\u2019 un drama que observa con atenci\u00f3n los brotes de los roles de g\u00e9nero en nuestra sociedad. La pel\u00edcula est\u00e1 dirigida por la cineasta argentina Celina Murga (Ana y los &#8230; <a title=\"Dualidades que brotan en \u00abEl aroma del pasto reci\u00e9n cortado\u00bb\" class=\"read-more\" href=\"https:\/\/clientesbrandbits.click\/es\/dualidades-que-brotan-en-el-aroma-del-pasto-recien-cortado\/\" aria-label=\"Leer m\u00e1s sobre Dualidades que brotan en \u00abEl aroma del pasto reci\u00e9n cortado\u00bb\">Leer M\u00e1s<\/a><\/p>\n","protected":false},"author":4,"featured_media":1768,"comment_status":"closed","ping_status":"closed","sticky":false,"template":"","format":"standard","meta":{"_joinchat":[],"footnotes":""},"categories":[112,11],"tags":[149,164,150,100,146],"class_list":["post-1765","post","type-post","status-publish","format-standard","has-post-thumbnail","hentry","category-destacados","category-festivales-de-cine","tag-argentina","tag-destacados","tag-el-aromadel-pasto-recien-cortado","tag-festival-de-cine-de-tribeca","tag-tribeca","infinite-scroll-item"],"yoast_head":"<!-- This site is optimized with the Yoast SEO plugin v22.8 - https:\/\/yoast.com\/wordpress\/plugins\/seo\/ -->\n<title>Dualidades que brotan en &quot;El aroma del pasto reci\u00e9n cortado&quot; - Spanglish Cinema<\/title>\n<meta name=\"description\" content=\"Lleg\u00f3 al Festival de Tribeca \u2018El aroma del pasto reci\u00e9n cortado\u2019 un drama que observa con atenci\u00f3n los brotes de los roles de g\u00e9nero en nuestra sociedad. La pel\u00edcula est\u00e1 dirigida por la cineasta argentina Celina Murga (Ana y los Otros) y adem\u00e1s escribi\u00f3 el gui\u00f3n junto a Juan Villegas y Luc\u00eda Osorio.\" \/>\n<meta name=\"robots\" content=\"index, follow, max-snippet:-1, max-image-preview:large, max-video-preview:-1\" \/>\n<link rel=\"canonical\" href=\"https:\/\/clientesbrandbits.click\/es\/dualidades-que-brotan-en-el-aroma-del-pasto-recien-cortado\/\" \/>\n<meta property=\"og:locale\" content=\"es_ES\" \/>\n<meta property=\"og:type\" content=\"article\" \/>\n<meta property=\"og:title\" content=\"Dualidades que brotan en &quot;El aroma del pasto reci\u00e9n cortado&quot; - Spanglish Cinema\" \/>\n<meta property=\"og:description\" content=\"Lleg\u00f3 al Festival de Tribeca \u2018El aroma del pasto reci\u00e9n cortado\u2019 un drama que observa con atenci\u00f3n los brotes de los roles de g\u00e9nero en nuestra sociedad. La pel\u00edcula est\u00e1 dirigida por la cineasta argentina Celina Murga (Ana y los Otros) y adem\u00e1s escribi\u00f3 el gui\u00f3n junto a Juan Villegas y Luc\u00eda Osorio.\" \/>\n<meta property=\"og:url\" content=\"https:\/\/clientesbrandbits.click\/es\/dualidades-que-brotan-en-el-aroma-del-pasto-recien-cortado\/\" \/>\n<meta property=\"og:site_name\" content=\"Spanglish Cinema\" \/>\n<meta property=\"article:published_time\" content=\"2024-06-10T15:50:29+00:00\" \/>\n<meta property=\"article:modified_time\" content=\"2024-06-27T15:57:04+00:00\" \/>\n<meta property=\"og:image\" content=\"https:\/\/clientesbrandbits.click\/wp-content\/uploads\/2024\/06\/freshlycutgrassthumb-1717604862682.png\" \/>\n\t<meta property=\"og:image:width\" content=\"1280\" \/>\n\t<meta property=\"og:image:height\" content=\"720\" \/>\n\t<meta property=\"og:image:type\" content=\"image\/png\" \/>\n<meta name=\"author\" content=\"Mery Linares\" \/>\n<meta name=\"twitter:card\" content=\"summary_large_image\" \/>\n<meta name=\"twitter:label1\" content=\"Escrito por\" \/>\n\t<meta name=\"twitter:data1\" content=\"Mery Linares\" \/>\n\t<meta name=\"twitter:label2\" content=\"Tiempo de lectura\" \/>\n\t<meta name=\"twitter:data2\" content=\"4 minutos\" \/>\n<script type=\"application\/ld+json\" class=\"yoast-schema-graph\">{\"@context\":\"https:\/\/schema.org\",\"@graph\":[{\"@type\":\"Article\",\"@id\":\"https:\/\/clientesbrandbits.click\/dualidades-que-brotan-en-el-aroma-del-pasto-recien-cortado\/#article\",\"isPartOf\":{\"@id\":\"https:\/\/clientesbrandbits.click\/dualidades-que-brotan-en-el-aroma-del-pasto-recien-cortado\/\"},\"author\":{\"name\":\"Mery Linares\",\"@id\":\"https:\/\/clientesbrandbits.click\/#\/schema\/person\/0d8086d91083c464c71a3ac2294f508b\"},\"headline\":\"Dualidades que brotan en \u00abEl aroma del pasto reci\u00e9n cortado\u00bb\",\"datePublished\":\"2024-06-10T15:50:29+00:00\",\"dateModified\":\"2024-06-27T15:57:04+00:00\",\"mainEntityOfPage\":{\"@id\":\"https:\/\/clientesbrandbits.click\/dualidades-que-brotan-en-el-aroma-del-pasto-recien-cortado\/\"},\"wordCount\":733,\"publisher\":{\"@id\":\"https:\/\/clientesbrandbits.click\/#organization\"},\"image\":{\"@id\":\"https:\/\/clientesbrandbits.click\/dualidades-que-brotan-en-el-aroma-del-pasto-recien-cortado\/#primaryimage\"},\"thumbnailUrl\":\"https:\/\/clientesbrandbits.click\/wp-content\/uploads\/2024\/06\/freshlycutgrassthumb-1717604862682.png\",\"keywords\":[\"Argentina\",\"Destacados\",\"El aromadel pasto recien cortado\",\"festival de cine de tribeca\",\"Tribeca\"],\"articleSection\":[\"Destacados\",\"Festivales de Cine\"],\"inLanguage\":\"es\"},{\"@type\":\"WebPage\",\"@id\":\"https:\/\/clientesbrandbits.click\/dualidades-que-brotan-en-el-aroma-del-pasto-recien-cortado\/\",\"url\":\"https:\/\/clientesbrandbits.click\/dualidades-que-brotan-en-el-aroma-del-pasto-recien-cortado\/\",\"name\":\"Dualidades que brotan en \\\"El aroma del pasto reci\u00e9n cortado\\\" - Spanglish Cinema\",\"isPartOf\":{\"@id\":\"https:\/\/clientesbrandbits.click\/#website\"},\"primaryImageOfPage\":{\"@id\":\"https:\/\/clientesbrandbits.click\/dualidades-que-brotan-en-el-aroma-del-pasto-recien-cortado\/#primaryimage\"},\"image\":{\"@id\":\"https:\/\/clientesbrandbits.click\/dualidades-que-brotan-en-el-aroma-del-pasto-recien-cortado\/#primaryimage\"},\"thumbnailUrl\":\"https:\/\/clientesbrandbits.click\/wp-content\/uploads\/2024\/06\/freshlycutgrassthumb-1717604862682.png\",\"datePublished\":\"2024-06-10T15:50:29+00:00\",\"dateModified\":\"2024-06-27T15:57:04+00:00\",\"description\":\"Lleg\u00f3 al Festival de Tribeca \u2018El aroma del pasto reci\u00e9n cortado\u2019 un drama que observa con atenci\u00f3n los brotes de los roles de g\u00e9nero en nuestra sociedad. La pel\u00edcula est\u00e1 dirigida por la cineasta argentina Celina Murga (Ana y los Otros) y adem\u00e1s escribi\u00f3 el gui\u00f3n junto a Juan Villegas y Luc\u00eda Osorio.\",\"breadcrumb\":{\"@id\":\"https:\/\/clientesbrandbits.click\/dualidades-que-brotan-en-el-aroma-del-pasto-recien-cortado\/#breadcrumb\"},\"inLanguage\":\"es\",\"potentialAction\":[{\"@type\":\"ReadAction\",\"target\":[\"https:\/\/clientesbrandbits.click\/dualidades-que-brotan-en-el-aroma-del-pasto-recien-cortado\/\"]}]},{\"@type\":\"ImageObject\",\"inLanguage\":\"es\",\"@id\":\"https:\/\/clientesbrandbits.click\/dualidades-que-brotan-en-el-aroma-del-pasto-recien-cortado\/#primaryimage\",\"url\":\"https:\/\/clientesbrandbits.click\/wp-content\/uploads\/2024\/06\/freshlycutgrassthumb-1717604862682.png\",\"contentUrl\":\"https:\/\/clientesbrandbits.click\/wp-content\/uploads\/2024\/06\/freshlycutgrassthumb-1717604862682.png\",\"width\":1280,\"height\":720},{\"@type\":\"BreadcrumbList\",\"@id\":\"https:\/\/clientesbrandbits.click\/dualidades-que-brotan-en-el-aroma-del-pasto-recien-cortado\/#breadcrumb\",\"itemListElement\":[{\"@type\":\"ListItem\",\"position\":1,\"name\":\"Portada\",\"item\":\"https:\/\/clientesbrandbits.click\/\"},{\"@type\":\"ListItem\",\"position\":2,\"name\":\"Dualidades que brotan en &#8220;El aroma del pasto reci\u00e9n cortado&#8221;\"}]},{\"@type\":\"WebSite\",\"@id\":\"https:\/\/clientesbrandbits.click\/#website\",\"url\":\"https:\/\/clientesbrandbits.click\/\",\"name\":\"Spanglish Cinema\",\"description\":\"\",\"publisher\":{\"@id\":\"https:\/\/clientesbrandbits.click\/#organization\"},\"potentialAction\":[{\"@type\":\"SearchAction\",\"target\":{\"@type\":\"EntryPoint\",\"urlTemplate\":\"https:\/\/clientesbrandbits.click\/?s={search_term_string}\"},\"query-input\":\"required name=search_term_string\"}],\"inLanguage\":\"es\"},{\"@type\":\"Organization\",\"@id\":\"https:\/\/clientesbrandbits.click\/#organization\",\"name\":\"Spanglish Cinema\",\"url\":\"https:\/\/clientesbrandbits.click\/\",\"logo\":{\"@type\":\"ImageObject\",\"inLanguage\":\"es\",\"@id\":\"https:\/\/clientesbrandbits.click\/#\/schema\/logo\/image\/\",\"url\":\"https:\/\/clientesbrandbits.click\/wp-content\/uploads\/2024\/03\/spanglish_cinema.png\",\"contentUrl\":\"https:\/\/clientesbrandbits.click\/wp-content\/uploads\/2024\/03\/spanglish_cinema.png\",\"width\":612,\"height\":225,\"caption\":\"Spanglish Cinema\"},\"image\":{\"@id\":\"https:\/\/clientesbrandbits.click\/#\/schema\/logo\/image\/\"}},{\"@type\":\"Person\",\"@id\":\"https:\/\/clientesbrandbits.click\/#\/schema\/person\/0d8086d91083c464c71a3ac2294f508b\",\"name\":\"Mery Linares\",\"image\":{\"@type\":\"ImageObject\",\"inLanguage\":\"es\",\"@id\":\"https:\/\/clientesbrandbits.click\/#\/schema\/person\/image\/\",\"url\":\"https:\/\/secure.gravatar.com\/avatar\/c2c478fe4bca383b05d541cf087a8cfb?s=96&d=mm&r=g\",\"contentUrl\":\"https:\/\/secure.gravatar.com\/avatar\/c2c478fe4bca383b05d541cf087a8cfb?s=96&d=mm&r=g\",\"caption\":\"Mery Linares\"},\"url\":\"https:\/\/clientesbrandbits.click\/es\/author\/mery-linares\/\"}]}<\/script>\n<!-- \/ Yoast SEO plugin. -->","yoast_head_json":{"title":"Dualidades que brotan en \"El aroma del pasto reci\u00e9n cortado\" - Spanglish Cinema","description":"Lleg\u00f3 al Festival de Tribeca \u2018El aroma del pasto reci\u00e9n cortado\u2019 un drama que observa con atenci\u00f3n los brotes de los roles de g\u00e9nero en nuestra sociedad. La pel\u00edcula est\u00e1 dirigida por la cineasta argentina Celina Murga (Ana y los Otros) y adem\u00e1s escribi\u00f3 el gui\u00f3n junto a Juan Villegas y Luc\u00eda Osorio.","robots":{"index":"index","follow":"follow","max-snippet":"max-snippet:-1","max-image-preview":"max-image-preview:large","max-video-preview":"max-video-preview:-1"},"canonical":"https:\/\/clientesbrandbits.click\/es\/dualidades-que-brotan-en-el-aroma-del-pasto-recien-cortado\/","og_locale":"es_ES","og_type":"article","og_title":"Dualidades que brotan en \"El aroma del pasto reci\u00e9n cortado\" - Spanglish Cinema","og_description":"Lleg\u00f3 al Festival de Tribeca \u2018El aroma del pasto reci\u00e9n cortado\u2019 un drama que observa con atenci\u00f3n los brotes de los roles de g\u00e9nero en nuestra sociedad. La pel\u00edcula est\u00e1 dirigida por la cineasta argentina Celina Murga (Ana y los Otros) y adem\u00e1s escribi\u00f3 el gui\u00f3n junto a Juan Villegas y Luc\u00eda Osorio.","og_url":"https:\/\/clientesbrandbits.click\/es\/dualidades-que-brotan-en-el-aroma-del-pasto-recien-cortado\/","og_site_name":"Spanglish Cinema","article_published_time":"2024-06-10T15:50:29+00:00","article_modified_time":"2024-06-27T15:57:04+00:00","og_image":[{"width":1280,"height":720,"url":"https:\/\/clientesbrandbits.click\/wp-content\/uploads\/2024\/06\/freshlycutgrassthumb-1717604862682.png","type":"image\/png"}],"author":"Mery Linares","twitter_card":"summary_large_image","twitter_misc":{"Escrito por":"Mery Linares","Tiempo de lectura":"4 minutos"},"schema":{"@context":"https:\/\/schema.org","@graph":[{"@type":"Article","@id":"https:\/\/clientesbrandbits.click\/dualidades-que-brotan-en-el-aroma-del-pasto-recien-cortado\/#article","isPartOf":{"@id":"https:\/\/clientesbrandbits.click\/dualidades-que-brotan-en-el-aroma-del-pasto-recien-cortado\/"},"author":{"name":"Mery Linares","@id":"https:\/\/clientesbrandbits.click\/#\/schema\/person\/0d8086d91083c464c71a3ac2294f508b"},"headline":"Dualidades que brotan en \u00abEl aroma del pasto reci\u00e9n cortado\u00bb","datePublished":"2024-06-10T15:50:29+00:00","dateModified":"2024-06-27T15:57:04+00:00","mainEntityOfPage":{"@id":"https:\/\/clientesbrandbits.click\/dualidades-que-brotan-en-el-aroma-del-pasto-recien-cortado\/"},"wordCount":733,"publisher":{"@id":"https:\/\/clientesbrandbits.click\/#organization"},"image":{"@id":"https:\/\/clientesbrandbits.click\/dualidades-que-brotan-en-el-aroma-del-pasto-recien-cortado\/#primaryimage"},"thumbnailUrl":"https:\/\/clientesbrandbits.click\/wp-content\/uploads\/2024\/06\/freshlycutgrassthumb-1717604862682.png","keywords":["Argentina","Destacados","El aromadel pasto recien cortado","festival de cine de tribeca","Tribeca"],"articleSection":["Destacados","Festivales de Cine"],"inLanguage":"es"},{"@type":"WebPage","@id":"https:\/\/clientesbrandbits.click\/dualidades-que-brotan-en-el-aroma-del-pasto-recien-cortado\/","url":"https:\/\/clientesbrandbits.click\/dualidades-que-brotan-en-el-aroma-del-pasto-recien-cortado\/","name":"Dualidades que brotan en \"El aroma del pasto reci\u00e9n cortado\" - Spanglish Cinema","isPartOf":{"@id":"https:\/\/clientesbrandbits.click\/#website"},"primaryImageOfPage":{"@id":"https:\/\/clientesbrandbits.click\/dualidades-que-brotan-en-el-aroma-del-pasto-recien-cortado\/#primaryimage"},"image":{"@id":"https:\/\/clientesbrandbits.click\/dualidades-que-brotan-en-el-aroma-del-pasto-recien-cortado\/#primaryimage"},"thumbnailUrl":"https:\/\/clientesbrandbits.click\/wp-content\/uploads\/2024\/06\/freshlycutgrassthumb-1717604862682.png","datePublished":"2024-06-10T15:50:29+00:00","dateModified":"2024-06-27T15:57:04+00:00","description":"Lleg\u00f3 al Festival de Tribeca \u2018El aroma del pasto reci\u00e9n cortado\u2019 un drama que observa con atenci\u00f3n los brotes de los roles de g\u00e9nero en nuestra sociedad. La pel\u00edcula est\u00e1 dirigida por la cineasta argentina Celina Murga (Ana y los Otros) y adem\u00e1s escribi\u00f3 el gui\u00f3n junto a Juan Villegas y Luc\u00eda Osorio.","breadcrumb":{"@id":"https:\/\/clientesbrandbits.click\/dualidades-que-brotan-en-el-aroma-del-pasto-recien-cortado\/#breadcrumb"},"inLanguage":"es","potentialAction":[{"@type":"ReadAction","target":["https:\/\/clientesbrandbits.click\/dualidades-que-brotan-en-el-aroma-del-pasto-recien-cortado\/"]}]},{"@type":"ImageObject","inLanguage":"es","@id":"https:\/\/clientesbrandbits.click\/dualidades-que-brotan-en-el-aroma-del-pasto-recien-cortado\/#primaryimage","url":"https:\/\/clientesbrandbits.click\/wp-content\/uploads\/2024\/06\/freshlycutgrassthumb-1717604862682.png","contentUrl":"https:\/\/clientesbrandbits.click\/wp-content\/uploads\/2024\/06\/freshlycutgrassthumb-1717604862682.png","width":1280,"height":720},{"@type":"BreadcrumbList","@id":"https:\/\/clientesbrandbits.click\/dualidades-que-brotan-en-el-aroma-del-pasto-recien-cortado\/#breadcrumb","itemListElement":[{"@type":"ListItem","position":1,"name":"Portada","item":"https:\/\/clientesbrandbits.click\/"},{"@type":"ListItem","position":2,"name":"Dualidades que brotan en &#8220;El aroma del pasto reci\u00e9n cortado&#8221;"}]},{"@type":"WebSite","@id":"https:\/\/clientesbrandbits.click\/#website","url":"https:\/\/clientesbrandbits.click\/","name":"Spanglish Cinema","description":"","publisher":{"@id":"https:\/\/clientesbrandbits.click\/#organization"},"potentialAction":[{"@type":"SearchAction","target":{"@type":"EntryPoint","urlTemplate":"https:\/\/clientesbrandbits.click\/?s={search_term_string}"},"query-input":"required name=search_term_string"}],"inLanguage":"es"},{"@type":"Organization","@id":"https:\/\/clientesbrandbits.click\/#organization","name":"Spanglish Cinema","url":"https:\/\/clientesbrandbits.click\/","logo":{"@type":"ImageObject","inLanguage":"es","@id":"https:\/\/clientesbrandbits.click\/#\/schema\/logo\/image\/","url":"https:\/\/clientesbrandbits.click\/wp-content\/uploads\/2024\/03\/spanglish_cinema.png","contentUrl":"https:\/\/clientesbrandbits.click\/wp-content\/uploads\/2024\/03\/spanglish_cinema.png","width":612,"height":225,"caption":"Spanglish Cinema"},"image":{"@id":"https:\/\/clientesbrandbits.click\/#\/schema\/logo\/image\/"}},{"@type":"Person","@id":"https:\/\/clientesbrandbits.click\/#\/schema\/person\/0d8086d91083c464c71a3ac2294f508b","name":"Mery Linares","image":{"@type":"ImageObject","inLanguage":"es","@id":"https:\/\/clientesbrandbits.click\/#\/schema\/person\/image\/","url":"https:\/\/secure.gravatar.com\/avatar\/c2c478fe4bca383b05d541cf087a8cfb?s=96&d=mm&r=g","contentUrl":"https:\/\/secure.gravatar.com\/avatar\/c2c478fe4bca383b05d541cf087a8cfb?s=96&d=mm&r=g","caption":"Mery Linares"},"url":"https:\/\/clientesbrandbits.click\/es\/author\/mery-linares\/"}]}},"_links":{"self":[{"href":"https:\/\/clientesbrandbits.click\/es\/wp-json\/wp\/v2\/posts\/1765"}],"collection":[{"href":"https:\/\/clientesbrandbits.click\/es\/wp-json\/wp\/v2\/posts"}],"about":[{"href":"https:\/\/clientesbrandbits.click\/es\/wp-json\/wp\/v2\/types\/post"}],"author":[{"embeddable":true,"href":"https:\/\/clientesbrandbits.click\/es\/wp-json\/wp\/v2\/users\/4"}],"replies":[{"embeddable":true,"href":"https:\/\/clientesbrandbits.click\/es\/wp-json\/wp\/v2\/comments?post=1765"}],"version-history":[{"count":1,"href":"https:\/\/clientesbrandbits.click\/es\/wp-json\/wp\/v2\/posts\/1765\/revisions"}],"predecessor-version":[{"id":1767,"href":"https:\/\/clientesbrandbits.click\/es\/wp-json\/wp\/v2\/posts\/1765\/revisions\/1767"}],"wp:featuredmedia":[{"embeddable":true,"href":"https:\/\/clientesbrandbits.click\/es\/wp-json\/wp\/v2\/media\/1768"}],"wp:attachment":[{"href":"https:\/\/clientesbrandbits.click\/es\/wp-json\/wp\/v2\/media?parent=1765"}],"wp:term":[{"taxonomy":"category","embeddable":true,"href":"https:\/\/clientesbrandbits.click\/es\/wp-json\/wp\/v2\/categories?post=1765"},{"taxonomy":"post_tag","embeddable":true,"href":"https:\/\/clientesbrandbits.click\/es\/wp-json\/wp\/v2\/tags?post=1765"}],"curies":[{"name":"wp","href":"https:\/\/api.w.org\/{rel}","templated":true}]}}