{"id":1754,"date":"2024-05-21T14:05:14","date_gmt":"2024-05-21T18:05:14","guid":{"rendered":"https:\/\/clientesbrandbits.click\/?p=1754"},"modified":"2024-06-08T14:13:43","modified_gmt":"2024-06-08T18:13:43","slug":"entrevista-al-director-iar-said-por-su-pelicula-most-people-die-on-sunday","status":"publish","type":"post","link":"https:\/\/clientesbrandbits.click\/es\/entrevista-al-director-iar-said-por-su-pelicula-most-people-die-on-sunday\/","title":{"rendered":"Cannes: Entrevista al director Iair Said por su pel\u00edcula \u00abMost People Die on Sunday\u00bb"},"content":{"rendered":"<p style=\"text-align: justify;\">En el marco del ACID, Cannes hablamos con el actor y cineasta argentino Iar Said por la selecci\u00f3n de su pel\u00edcula <strong>\u201cMost People Die on Sunday\u201d <\/strong>para la parilla program\u00e1tica de ese certamen.<\/p>\n<p style=\"text-align: justify;\"><strong>\u201cMost People Die on Sunday\u201d \u00bfde qu\u00e9 se trata?<\/strong><\/p>\n<p style=\"text-align: justify;\">Con un elenco de lujo, que incluye a las aclamadas actrices Antonia Zegers (El Club) y la gran Rita Cortese (Relatos Salvajes), el director y protagonista Iair Said narra la historia de David que llega a Argentina, luego de un a\u00f1o en Europa, y debe enfrentarse a la muerte de su t\u00edo y a la realidad que su padre est\u00e1 coma y la disyuntiva de desconectarlo o no. Con todo lo que sabemos que eso conlleva.<\/p>\n<p style=\"text-align: justify;\"><strong>La Entrevista<\/strong><\/p>\n<p style=\"text-align: justify;\">Esta pel\u00edcula naci\u00f3 desde la misma experiencia del director con la muerte de su padre y se transform\u00f3 en una necesidad realizar algo creativo para poder superar la pena que ten\u00eda a dentro. Tuvimos el placer de hablar con el realizador en el Festival de Cannes \u00a0y esto fue lo que nos cont\u00f3.<\/p>\n<p style=\"text-align: justify;\"><strong>Spanglish Cinema: Hola Iair, mi nombre es Fran Romero de Spanglish Cinema Chile. Primero, felicitaciones. Estuviste en el 2015 en Cannes con tu primer cortometraje. \u00bfC\u00f3mo recibiste la noticia de estar nominado al ACID?<\/strong><\/p>\n<p style=\"text-align: justify;\"><strong>Iair Said:<\/strong> Yo no sab\u00eda lo que era el<strong> Acid<\/strong> y as\u00ed me lleg\u00f3 la noticia y obviamente siempre que te dicen: bueno, que quedes en cualquier festival ya es muy bueno, porque para este tipo de pel\u00edculas les sirve mucho, que estas pel\u00edculas queden en estos festivales siempre es muy importante porque es un empuje muy grande para las pel\u00edculas que no tienen tanta difusi\u00f3n, que no son tan mainstream. Y que sea ac\u00e1 le aporta el triple porque tambi\u00e9n le da muchas m\u00e1s posibilidades de expansi\u00f3n a nivel global. Y tambi\u00e9n es muy buena prensa para para la Argentina, para Latinoam\u00e9rica, donde ya tengo asegurado el estreno. Entonces, muy buena noticia.<\/p>\n<p style=\"text-align: justify;\"><strong>Bueno, ayer fue tu estreno. \u00bfCu\u00e9ntame un poco c\u00f3mo te sentiste con la recepci\u00f3n del p\u00fablico, con todo lo que pas\u00f3 ah\u00ed?<\/strong><\/p>\n<p style=\"text-align: justify;\"><strong>I:<\/strong> Bueno, tengo un poco la suerte que es una pel\u00edcula emotiva y tragic\u00f3mica. Entonces no es que la gente no te puede decir nada porque sale como rota, sino es como bueno, te dicen cosas. \u201cMe divert\u00ed mucho\u201d, \u201cme emocion\u00e9 mucho\u201d, siempre algo le pasa o \u201cla odi\u00e9\u201d, pero bueno, eso no me entero (Sonr\u00ede). Pero yo estuve muy tranquilo, muy c\u00f3modo. O sea, esta soy como espectador tambi\u00e9n de la pel\u00edcula, entonces, la disfrut\u00e9 mucho, salvo cuando prenden los celulares, cuando alguien tose. Como todo eso, me agarr\u00f3 una neurosis.<\/p>\n<p style=\"text-align: justify;\"><strong>Y cu\u00e9ntame un poco c\u00f3mo nace la idea de hacer esta pel\u00edcula, porque tiene que ver en parte por tu historia personal, pero cu\u00e9ntanos un poco m\u00e1s. <\/strong><\/p>\n<p style=\"text-align: justify;\"><strong>I:<\/strong> Bueno, s\u00ed, representa un poco. Viene a reflejar un estado de \u00e1nimo que yo atravesaba en una \u00e9poca y que me dur\u00f3 mucho (y me dura), que tiene que ver con el dolor de la p\u00e9rdida de un ser querido y puntualmente de mi padre. Mi pap\u00e1 estuvo muchos a\u00f1os enfermo, entonces, hay algo de ese estado que yo necesitaba expresarlo de alguna manera, porque no estaba pudiendo poner en palabras lo que me pasaba y lo que necesitaba decir y lo que lo que bueno, lo que sent\u00eda y mostr\u00e1ndolo de esta manera siento que fue el camino m\u00e1s sencillo para m\u00ed para expresarme. Fue como casi terap\u00e9utico.<\/p>\n<p style=\"text-align: justify;\"><strong>Eso te iba a preguntar \u00bfcu\u00e1n cat\u00e1rtico fue transitar este proceso de hacer la pel\u00edcula para sacar ese dolor?<\/strong><\/p>\n<p style=\"text-align: justify;\"><strong>I:<\/strong> Muy cat\u00e1rtico. Cada vez que yo ten\u00eda un no como respuesta a un fondo o algo as\u00ed, era una frustraci\u00f3n porque yo necesitaba que entendieran que yo necesitaba hacer la pel\u00edcula. Lo hablaba con mi terapeuta porque parezco un poco exagerado, pero la realidad es que es como si tuviera todas las palabras en mi cabeza, pero no las puedo decir y sent\u00eda mucha impotencia ahora que ya pude. Tambi\u00e9n es medio absurdo decir bueno, solo puedo hablar a trav\u00e9s del cine. No, no es eso. Pero s\u00ed es que me ayud\u00f3 mucho para poder liberar una parte de m\u00ed, s\u00ed. De sacar mis sensaciones y compartirlas, porque tambi\u00e9n cuando alguien muere, en mi caso fue as\u00ed, me sent\u00ed un poco solo, como porque hasta que alguna persona que yo conoc\u00eda me dijo algo as\u00ed como \u201cBienvenido al club\u201d que tambi\u00e9n hab\u00eda perdido al padre y dije bueno, como no estoy solo, entonces hay algo de compartirle al mundo eso que me hace sentir un poco m\u00e1s protegido o m\u00e1s acompa\u00f1ado. En San Sebasti\u00e1n nos pas\u00f3 mucho eso que se me acercaba el jurado, nosotros ganamos el de San Sebasti\u00e1n el a\u00f1o pasado y se me acercaban \u201cYo perd\u00ed a mi mam\u00e1 hace 20 d\u00edas\u201d y hay algo de eso que es terap\u00e9utico para todos, porque yo siento que pude poner en palabras algo que nadie nos hab\u00eda explicado que tiene que ver con eso y tiene que ver con los tr\u00e1mites. S\u00ed, tiene que ver con. Ah, bueno, hay que hacer esto y despu\u00e9s hay que hacer esto, que a uno le agarra todo por sorpresa porque est\u00e1 llorando a tu familiar y de repente ten\u00e9s que ir a pagar por su tumba. Entonces un poco de eso me sent\u00ed tranquilo, que la gente se sent\u00eda identificada.<\/p>\n<p style=\"text-align: justify;\"><strong>S\u00ed, definitivamente. Una escena me marc\u00f3, la de cena con toda tu familia. \u00bfC\u00f3mo fu\u00e9 esa escena? \u00bfC\u00f3mo sali\u00f3 de ti?<\/strong><\/p>\n<p style=\"text-align: justify;\"><strong>I:<\/strong> La escena de Pascuas jud\u00edas es muy significativa. Esa festividad para m\u00ed puntualmente porque es la \u00fanica que es muy distinta a otras como yo. Creo que en otras religiones no hay tanta diferencia entre las fiestas. No es que eh en Navidad hacerse una ceremonia y en no s\u00e9, en Pascuas haces otra comen en la que tiene las Pascuas jud\u00edas. Es que cantas canciones, lees un libro, cont\u00e1s una historia y eso hace que esa noche sea distinta a otras noches y. Y la escena fue muy ca\u00f3tica, filmada, pero tambi\u00e9n muy arm\u00f3nica. Estaba toda ensayada. La ensayamos, la que llevaba m\u00e1s la batuta y era Antonia Zegers, eh, La actriz que hace la t\u00eda chilena, mi amiga Antonia y ella la ten\u00eda muy ensayada. Entonces fue f\u00e1cil despu\u00e9s jugar con todo lo que hab\u00eda alrededor. Hay cosas improvisadas, pero mayormente yo lo que quer\u00eda es que se sintiera casi un documental en ese momento, una cena familiar, arm\u00f3nica \u00bfo no?<\/p>\n<p style=\"text-align: justify;\"><strong>Muchas gracias. <\/strong><\/p>\n<p style=\"text-align: justify;\"><strong>I:<\/strong> A vos. Muchas gracias, Francisca.<\/p>\n","protected":false},"excerpt":{"rendered":"<p>En el marco del ACID, Cannes hablamos con el actor y cineasta argentino Iar Said por la selecci\u00f3n de su pel\u00edcula \u201cMost People Die on Sunday\u201d para la parilla program\u00e1tica de ese certamen. \u201cMost People Die on Sunday\u201d \u00bfde qu\u00e9 &#8230; <a title=\"Cannes: Entrevista al director Iair Said por su pel\u00edcula \u00abMost People Die on Sunday\u00bb\" class=\"read-more\" href=\"https:\/\/clientesbrandbits.click\/es\/entrevista-al-director-iar-said-por-su-pelicula-most-people-die-on-sunday\/\" aria-label=\"Leer m\u00e1s sobre Cannes: Entrevista al director Iair Said por su pel\u00edcula \u00abMost People Die on Sunday\u00bb\">Leer M\u00e1s<\/a><\/p>\n","protected":false},"author":2,"featured_media":1756,"comment_status":"closed","ping_status":"closed","sticky":false,"template":"","format":"standard","meta":{"_joinchat":[],"footnotes":""},"categories":[13],"tags":[33],"class_list":["post-1754","post","type-post","status-publish","format-standard","has-post-thumbnail","hentry","category-entrevistas","tag-festival-de-cannes","infinite-scroll-item"],"yoast_head":"<!-- This site is optimized with the Yoast SEO plugin v22.8 - https:\/\/yoast.com\/wordpress\/plugins\/seo\/ -->\n<title>Cannes: Entrevista al director Iair Said por su pel\u00edcula &quot;Most People Die on Sunday&quot; - Spanglish Cinema<\/title>\n<meta name=\"description\" content=\"En el marco del ACID, Cannes hablamos con el actor y cineasta argentino Iar Said por la selecci\u00f3n de su pel\u00edcula \u201cMost People Die on Sunday\u201d para la parilla program\u00e1tica de ese certamen.\" \/>\n<meta name=\"robots\" content=\"index, follow, max-snippet:-1, max-image-preview:large, max-video-preview:-1\" \/>\n<link rel=\"canonical\" href=\"https:\/\/clientesbrandbits.click\/es\/entrevista-al-director-iar-said-por-su-pelicula-most-people-die-on-sunday\/\" \/>\n<meta property=\"og:locale\" content=\"es_ES\" \/>\n<meta property=\"og:type\" content=\"article\" \/>\n<meta property=\"og:title\" content=\"Cannes: Entrevista al director Iair Said por su pel\u00edcula &quot;Most People Die on Sunday&quot; - Spanglish Cinema\" \/>\n<meta property=\"og:description\" content=\"En el marco del ACID, Cannes hablamos con el actor y cineasta argentino Iar Said por la selecci\u00f3n de su pel\u00edcula \u201cMost People Die on Sunday\u201d para la parilla program\u00e1tica de ese certamen.\" \/>\n<meta property=\"og:url\" content=\"https:\/\/clientesbrandbits.click\/es\/entrevista-al-director-iar-said-por-su-pelicula-most-people-die-on-sunday\/\" \/>\n<meta property=\"og:site_name\" content=\"Spanglish Cinema\" \/>\n<meta property=\"article:published_time\" content=\"2024-05-21T18:05:14+00:00\" \/>\n<meta property=\"article:modified_time\" content=\"2024-06-08T18:13:43+00:00\" \/>\n<meta property=\"og:image\" content=\"https:\/\/clientesbrandbits.click\/wp-content\/uploads\/2024\/05\/iair-1.jpg\" \/>\n\t<meta property=\"og:image:width\" content=\"644\" \/>\n\t<meta property=\"og:image:height\" content=\"429\" \/>\n\t<meta property=\"og:image:type\" content=\"image\/jpeg\" \/>\n<meta name=\"author\" content=\"Francisca Romero\" \/>\n<meta name=\"twitter:card\" content=\"summary_large_image\" \/>\n<meta name=\"twitter:label1\" content=\"Escrito por\" \/>\n\t<meta name=\"twitter:data1\" content=\"Francisca Romero\" \/>\n\t<meta name=\"twitter:label2\" content=\"Tiempo de lectura\" \/>\n\t<meta name=\"twitter:data2\" content=\"6 minutos\" \/>\n<script type=\"application\/ld+json\" class=\"yoast-schema-graph\">{\"@context\":\"https:\/\/schema.org\",\"@graph\":[{\"@type\":\"Article\",\"@id\":\"https:\/\/clientesbrandbits.click\/entrevista-al-director-iar-said-por-su-pelicula-most-people-die-on-sunday\/#article\",\"isPartOf\":{\"@id\":\"https:\/\/clientesbrandbits.click\/entrevista-al-director-iar-said-por-su-pelicula-most-people-die-on-sunday\/\"},\"author\":{\"name\":\"Francisca Romero\",\"@id\":\"https:\/\/clientesbrandbits.click\/#\/schema\/person\/fedc39f5790928deafca5719b3588db2\"},\"headline\":\"Cannes: Entrevista al director Iair Said por su pel\u00edcula \u00abMost People Die on Sunday\u00bb\",\"datePublished\":\"2024-05-21T18:05:14+00:00\",\"dateModified\":\"2024-06-08T18:13:43+00:00\",\"mainEntityOfPage\":{\"@id\":\"https:\/\/clientesbrandbits.click\/entrevista-al-director-iar-said-por-su-pelicula-most-people-die-on-sunday\/\"},\"wordCount\":1177,\"publisher\":{\"@id\":\"https:\/\/clientesbrandbits.click\/#organization\"},\"image\":{\"@id\":\"https:\/\/clientesbrandbits.click\/entrevista-al-director-iar-said-por-su-pelicula-most-people-die-on-sunday\/#primaryimage\"},\"thumbnailUrl\":\"https:\/\/clientesbrandbits.click\/wp-content\/uploads\/2024\/05\/iair-1.jpg\",\"keywords\":[\"festival de cannes\"],\"articleSection\":[\"Entrevistas\"],\"inLanguage\":\"es\"},{\"@type\":\"WebPage\",\"@id\":\"https:\/\/clientesbrandbits.click\/entrevista-al-director-iar-said-por-su-pelicula-most-people-die-on-sunday\/\",\"url\":\"https:\/\/clientesbrandbits.click\/entrevista-al-director-iar-said-por-su-pelicula-most-people-die-on-sunday\/\",\"name\":\"Cannes: Entrevista al director Iair Said por su pel\u00edcula \\\"Most People Die on Sunday\\\" - Spanglish Cinema\",\"isPartOf\":{\"@id\":\"https:\/\/clientesbrandbits.click\/#website\"},\"primaryImageOfPage\":{\"@id\":\"https:\/\/clientesbrandbits.click\/entrevista-al-director-iar-said-por-su-pelicula-most-people-die-on-sunday\/#primaryimage\"},\"image\":{\"@id\":\"https:\/\/clientesbrandbits.click\/entrevista-al-director-iar-said-por-su-pelicula-most-people-die-on-sunday\/#primaryimage\"},\"thumbnailUrl\":\"https:\/\/clientesbrandbits.click\/wp-content\/uploads\/2024\/05\/iair-1.jpg\",\"datePublished\":\"2024-05-21T18:05:14+00:00\",\"dateModified\":\"2024-06-08T18:13:43+00:00\",\"description\":\"En el marco del ACID, Cannes hablamos con el actor y cineasta argentino Iar Said por la selecci\u00f3n de su pel\u00edcula \u201cMost People Die on Sunday\u201d para la parilla program\u00e1tica de ese certamen.\",\"breadcrumb\":{\"@id\":\"https:\/\/clientesbrandbits.click\/entrevista-al-director-iar-said-por-su-pelicula-most-people-die-on-sunday\/#breadcrumb\"},\"inLanguage\":\"es\",\"potentialAction\":[{\"@type\":\"ReadAction\",\"target\":[\"https:\/\/clientesbrandbits.click\/entrevista-al-director-iar-said-por-su-pelicula-most-people-die-on-sunday\/\"]}]},{\"@type\":\"ImageObject\",\"inLanguage\":\"es\",\"@id\":\"https:\/\/clientesbrandbits.click\/entrevista-al-director-iar-said-por-su-pelicula-most-people-die-on-sunday\/#primaryimage\",\"url\":\"https:\/\/clientesbrandbits.click\/wp-content\/uploads\/2024\/05\/iair-1.jpg\",\"contentUrl\":\"https:\/\/clientesbrandbits.click\/wp-content\/uploads\/2024\/05\/iair-1.jpg\",\"width\":644,\"height\":429},{\"@type\":\"BreadcrumbList\",\"@id\":\"https:\/\/clientesbrandbits.click\/entrevista-al-director-iar-said-por-su-pelicula-most-people-die-on-sunday\/#breadcrumb\",\"itemListElement\":[{\"@type\":\"ListItem\",\"position\":1,\"name\":\"Portada\",\"item\":\"https:\/\/clientesbrandbits.click\/\"},{\"@type\":\"ListItem\",\"position\":2,\"name\":\"Cannes: Entrevista al director Iair Said por su pel\u00edcula &#8220;Most People Die on Sunday&#8221;\"}]},{\"@type\":\"WebSite\",\"@id\":\"https:\/\/clientesbrandbits.click\/#website\",\"url\":\"https:\/\/clientesbrandbits.click\/\",\"name\":\"Spanglish Cinema\",\"description\":\"\",\"publisher\":{\"@id\":\"https:\/\/clientesbrandbits.click\/#organization\"},\"potentialAction\":[{\"@type\":\"SearchAction\",\"target\":{\"@type\":\"EntryPoint\",\"urlTemplate\":\"https:\/\/clientesbrandbits.click\/?s={search_term_string}\"},\"query-input\":\"required name=search_term_string\"}],\"inLanguage\":\"es\"},{\"@type\":\"Organization\",\"@id\":\"https:\/\/clientesbrandbits.click\/#organization\",\"name\":\"Spanglish Cinema\",\"url\":\"https:\/\/clientesbrandbits.click\/\",\"logo\":{\"@type\":\"ImageObject\",\"inLanguage\":\"es\",\"@id\":\"https:\/\/clientesbrandbits.click\/#\/schema\/logo\/image\/\",\"url\":\"https:\/\/clientesbrandbits.click\/wp-content\/uploads\/2024\/03\/spanglish_cinema.png\",\"contentUrl\":\"https:\/\/clientesbrandbits.click\/wp-content\/uploads\/2024\/03\/spanglish_cinema.png\",\"width\":612,\"height\":225,\"caption\":\"Spanglish Cinema\"},\"image\":{\"@id\":\"https:\/\/clientesbrandbits.click\/#\/schema\/logo\/image\/\"}},{\"@type\":\"Person\",\"@id\":\"https:\/\/clientesbrandbits.click\/#\/schema\/person\/fedc39f5790928deafca5719b3588db2\",\"name\":\"Francisca Romero\",\"image\":{\"@type\":\"ImageObject\",\"inLanguage\":\"es\",\"@id\":\"https:\/\/clientesbrandbits.click\/#\/schema\/person\/image\/\",\"url\":\"https:\/\/secure.gravatar.com\/avatar\/59bbcac6a15502dc7740d8ba94724e62?s=96&d=mm&r=g\",\"contentUrl\":\"https:\/\/secure.gravatar.com\/avatar\/59bbcac6a15502dc7740d8ba94724e62?s=96&d=mm&r=g\",\"caption\":\"Francisca Romero\"},\"url\":\"https:\/\/clientesbrandbits.click\/es\/author\/francisca-romero\/\"}]}<\/script>\n<!-- \/ Yoast SEO plugin. -->","yoast_head_json":{"title":"Cannes: Entrevista al director Iair Said por su pel\u00edcula \"Most People Die on Sunday\" - Spanglish Cinema","description":"En el marco del ACID, Cannes hablamos con el actor y cineasta argentino Iar Said por la selecci\u00f3n de su pel\u00edcula \u201cMost People Die on Sunday\u201d para la parilla program\u00e1tica de ese certamen.","robots":{"index":"index","follow":"follow","max-snippet":"max-snippet:-1","max-image-preview":"max-image-preview:large","max-video-preview":"max-video-preview:-1"},"canonical":"https:\/\/clientesbrandbits.click\/es\/entrevista-al-director-iar-said-por-su-pelicula-most-people-die-on-sunday\/","og_locale":"es_ES","og_type":"article","og_title":"Cannes: Entrevista al director Iair Said por su pel\u00edcula \"Most People Die on Sunday\" - Spanglish Cinema","og_description":"En el marco del ACID, Cannes hablamos con el actor y cineasta argentino Iar Said por la selecci\u00f3n de su pel\u00edcula \u201cMost People Die on Sunday\u201d para la parilla program\u00e1tica de ese certamen.","og_url":"https:\/\/clientesbrandbits.click\/es\/entrevista-al-director-iar-said-por-su-pelicula-most-people-die-on-sunday\/","og_site_name":"Spanglish Cinema","article_published_time":"2024-05-21T18:05:14+00:00","article_modified_time":"2024-06-08T18:13:43+00:00","og_image":[{"width":644,"height":429,"url":"https:\/\/clientesbrandbits.click\/wp-content\/uploads\/2024\/05\/iair-1.jpg","type":"image\/jpeg"}],"author":"Francisca Romero","twitter_card":"summary_large_image","twitter_misc":{"Escrito por":"Francisca Romero","Tiempo de lectura":"6 minutos"},"schema":{"@context":"https:\/\/schema.org","@graph":[{"@type":"Article","@id":"https:\/\/clientesbrandbits.click\/entrevista-al-director-iar-said-por-su-pelicula-most-people-die-on-sunday\/#article","isPartOf":{"@id":"https:\/\/clientesbrandbits.click\/entrevista-al-director-iar-said-por-su-pelicula-most-people-die-on-sunday\/"},"author":{"name":"Francisca Romero","@id":"https:\/\/clientesbrandbits.click\/#\/schema\/person\/fedc39f5790928deafca5719b3588db2"},"headline":"Cannes: Entrevista al director Iair Said por su pel\u00edcula \u00abMost People Die on Sunday\u00bb","datePublished":"2024-05-21T18:05:14+00:00","dateModified":"2024-06-08T18:13:43+00:00","mainEntityOfPage":{"@id":"https:\/\/clientesbrandbits.click\/entrevista-al-director-iar-said-por-su-pelicula-most-people-die-on-sunday\/"},"wordCount":1177,"publisher":{"@id":"https:\/\/clientesbrandbits.click\/#organization"},"image":{"@id":"https:\/\/clientesbrandbits.click\/entrevista-al-director-iar-said-por-su-pelicula-most-people-die-on-sunday\/#primaryimage"},"thumbnailUrl":"https:\/\/clientesbrandbits.click\/wp-content\/uploads\/2024\/05\/iair-1.jpg","keywords":["festival de cannes"],"articleSection":["Entrevistas"],"inLanguage":"es"},{"@type":"WebPage","@id":"https:\/\/clientesbrandbits.click\/entrevista-al-director-iar-said-por-su-pelicula-most-people-die-on-sunday\/","url":"https:\/\/clientesbrandbits.click\/entrevista-al-director-iar-said-por-su-pelicula-most-people-die-on-sunday\/","name":"Cannes: Entrevista al director Iair Said por su pel\u00edcula \"Most People Die on Sunday\" - Spanglish Cinema","isPartOf":{"@id":"https:\/\/clientesbrandbits.click\/#website"},"primaryImageOfPage":{"@id":"https:\/\/clientesbrandbits.click\/entrevista-al-director-iar-said-por-su-pelicula-most-people-die-on-sunday\/#primaryimage"},"image":{"@id":"https:\/\/clientesbrandbits.click\/entrevista-al-director-iar-said-por-su-pelicula-most-people-die-on-sunday\/#primaryimage"},"thumbnailUrl":"https:\/\/clientesbrandbits.click\/wp-content\/uploads\/2024\/05\/iair-1.jpg","datePublished":"2024-05-21T18:05:14+00:00","dateModified":"2024-06-08T18:13:43+00:00","description":"En el marco del ACID, Cannes hablamos con el actor y cineasta argentino Iar Said por la selecci\u00f3n de su pel\u00edcula \u201cMost People Die on Sunday\u201d para la parilla program\u00e1tica de ese certamen.","breadcrumb":{"@id":"https:\/\/clientesbrandbits.click\/entrevista-al-director-iar-said-por-su-pelicula-most-people-die-on-sunday\/#breadcrumb"},"inLanguage":"es","potentialAction":[{"@type":"ReadAction","target":["https:\/\/clientesbrandbits.click\/entrevista-al-director-iar-said-por-su-pelicula-most-people-die-on-sunday\/"]}]},{"@type":"ImageObject","inLanguage":"es","@id":"https:\/\/clientesbrandbits.click\/entrevista-al-director-iar-said-por-su-pelicula-most-people-die-on-sunday\/#primaryimage","url":"https:\/\/clientesbrandbits.click\/wp-content\/uploads\/2024\/05\/iair-1.jpg","contentUrl":"https:\/\/clientesbrandbits.click\/wp-content\/uploads\/2024\/05\/iair-1.jpg","width":644,"height":429},{"@type":"BreadcrumbList","@id":"https:\/\/clientesbrandbits.click\/entrevista-al-director-iar-said-por-su-pelicula-most-people-die-on-sunday\/#breadcrumb","itemListElement":[{"@type":"ListItem","position":1,"name":"Portada","item":"https:\/\/clientesbrandbits.click\/"},{"@type":"ListItem","position":2,"name":"Cannes: Entrevista al director Iair Said por su pel\u00edcula &#8220;Most People Die on Sunday&#8221;"}]},{"@type":"WebSite","@id":"https:\/\/clientesbrandbits.click\/#website","url":"https:\/\/clientesbrandbits.click\/","name":"Spanglish Cinema","description":"","publisher":{"@id":"https:\/\/clientesbrandbits.click\/#organization"},"potentialAction":[{"@type":"SearchAction","target":{"@type":"EntryPoint","urlTemplate":"https:\/\/clientesbrandbits.click\/?s={search_term_string}"},"query-input":"required name=search_term_string"}],"inLanguage":"es"},{"@type":"Organization","@id":"https:\/\/clientesbrandbits.click\/#organization","name":"Spanglish Cinema","url":"https:\/\/clientesbrandbits.click\/","logo":{"@type":"ImageObject","inLanguage":"es","@id":"https:\/\/clientesbrandbits.click\/#\/schema\/logo\/image\/","url":"https:\/\/clientesbrandbits.click\/wp-content\/uploads\/2024\/03\/spanglish_cinema.png","contentUrl":"https:\/\/clientesbrandbits.click\/wp-content\/uploads\/2024\/03\/spanglish_cinema.png","width":612,"height":225,"caption":"Spanglish Cinema"},"image":{"@id":"https:\/\/clientesbrandbits.click\/#\/schema\/logo\/image\/"}},{"@type":"Person","@id":"https:\/\/clientesbrandbits.click\/#\/schema\/person\/fedc39f5790928deafca5719b3588db2","name":"Francisca Romero","image":{"@type":"ImageObject","inLanguage":"es","@id":"https:\/\/clientesbrandbits.click\/#\/schema\/person\/image\/","url":"https:\/\/secure.gravatar.com\/avatar\/59bbcac6a15502dc7740d8ba94724e62?s=96&d=mm&r=g","contentUrl":"https:\/\/secure.gravatar.com\/avatar\/59bbcac6a15502dc7740d8ba94724e62?s=96&d=mm&r=g","caption":"Francisca Romero"},"url":"https:\/\/clientesbrandbits.click\/es\/author\/francisca-romero\/"}]}},"_links":{"self":[{"href":"https:\/\/clientesbrandbits.click\/es\/wp-json\/wp\/v2\/posts\/1754"}],"collection":[{"href":"https:\/\/clientesbrandbits.click\/es\/wp-json\/wp\/v2\/posts"}],"about":[{"href":"https:\/\/clientesbrandbits.click\/es\/wp-json\/wp\/v2\/types\/post"}],"author":[{"embeddable":true,"href":"https:\/\/clientesbrandbits.click\/es\/wp-json\/wp\/v2\/users\/2"}],"replies":[{"embeddable":true,"href":"https:\/\/clientesbrandbits.click\/es\/wp-json\/wp\/v2\/comments?post=1754"}],"version-history":[{"count":1,"href":"https:\/\/clientesbrandbits.click\/es\/wp-json\/wp\/v2\/posts\/1754\/revisions"}],"predecessor-version":[{"id":1755,"href":"https:\/\/clientesbrandbits.click\/es\/wp-json\/wp\/v2\/posts\/1754\/revisions\/1755"}],"wp:featuredmedia":[{"embeddable":true,"href":"https:\/\/clientesbrandbits.click\/es\/wp-json\/wp\/v2\/media\/1756"}],"wp:attachment":[{"href":"https:\/\/clientesbrandbits.click\/es\/wp-json\/wp\/v2\/media?parent=1754"}],"wp:term":[{"taxonomy":"category","embeddable":true,"href":"https:\/\/clientesbrandbits.click\/es\/wp-json\/wp\/v2\/categories?post=1754"},{"taxonomy":"post_tag","embeddable":true,"href":"https:\/\/clientesbrandbits.click\/es\/wp-json\/wp\/v2\/tags?post=1754"}],"curies":[{"name":"wp","href":"https:\/\/api.w.org\/{rel}","templated":true}]}}