{"id":1732,"date":"2024-05-29T13:28:38","date_gmt":"2024-05-29T17:28:38","guid":{"rendered":"https:\/\/clientesbrandbits.click\/?p=1732"},"modified":"2024-06-08T14:19:55","modified_gmt":"2024-06-08T18:19:55","slug":"entrevista-a-la-directora-y-guionista-de-subtext-en-cannesentrevista-a-la-directora-y-guionista-de-subtext-en-cannes","status":"publish","type":"post","link":"https:\/\/clientesbrandbits.click\/es\/entrevista-a-la-directora-y-guionista-de-subtext-en-cannesentrevista-a-la-directora-y-guionista-de-subtext-en-cannes\/","title":{"rendered":"Entrevista a la directora y guionista de \u00ab[Subtext]short film\u00bb en Cannes"},"content":{"rendered":"<p style=\"text-align: justify;\">Estuvimos con Olivia Haller (guionista) y Erin Thomas (directora) del corto seleccionado como parte de la parrilla program\u00e1tica de \u201cEmerging Filmmakers\u201d del Pabell\u00f3n Americano en su programaci\u00f3n Paralela del Festival de Cannes 2024.<\/p>\n<p style=\"text-align: justify;\"><strong>\u00bfDe qu\u00e9 va?<\/strong><\/p>\n<p style=\"text-align: justify;\">[Subtext] es un cortometraje. Trata de dos personas en una primera cita que dicen su subtexto, sus pensamientos en voz alta. Pero el otro personaje no lo escucha. Solo la audiencia lo escucha. Luego, hay un evento que sucede en medio de la cita que les hace decir lo que realmente est\u00e1n pensando, pero no te dir\u00e9 qu\u00e9 es.<\/p>\n<p><img fetchpriority=\"high\" decoding=\"async\" class=\"aligncenter wp-image-1734 size-large\" src=\"https:\/\/clientesbrandbits.click\/wp-content\/uploads\/2024\/06\/subtext-2-1024x432.jpg\" alt=\"\" width=\"1024\" height=\"432\" srcset=\"https:\/\/clientesbrandbits.click\/wp-content\/uploads\/2024\/06\/subtext-2-1024x432.jpg 1024w, https:\/\/clientesbrandbits.click\/wp-content\/uploads\/2024\/06\/subtext-2-300x127.jpg 300w, https:\/\/clientesbrandbits.click\/wp-content\/uploads\/2024\/06\/subtext-2-768x324.jpg 768w, https:\/\/clientesbrandbits.click\/wp-content\/uploads\/2024\/06\/subtext-2-1536x648.jpg 1536w, https:\/\/clientesbrandbits.click\/wp-content\/uploads\/2024\/06\/subtext-2-2048x864.jpg 2048w\" sizes=\"(max-width: 1024px) 100vw, 1024px\" \/><\/p>\n<p>&nbsp;<\/p>\n<p style=\"text-align: justify;\"><strong>La Entrevista<\/strong><\/p>\n<p style=\"text-align: justify;\"><strong>Hola, Olivia, Erin, soy Fran de Spanglish Cinema, encantado de conocerlas. \u00bfCu\u00e1l fue la inspiraci\u00f3n para esta historia?<\/strong><\/p>\n<p style=\"text-align: justify;\">Vino de un momento en mi vida cuando era nueva en Los \u00c1ngeles (California) y estaba conociendo a muchas personas nuevas y tratando de ponerme esta fachada, como, \u00bfpor qu\u00e9 deber\u00eda impresionarte hablar contigo? Como, \u00bfpor qu\u00e9 te importar\u00eda? Y pensando en todas estas razones, como estas cosas buenas sobre m\u00ed. Pero luego descubr\u00ed que cuanto m\u00e1s abierta y honesta era y m\u00e1s vulnerable era con las personas, es cuando hac\u00eda conexiones genuinas. Y fue como cuando dec\u00eda: oh, en realidad estoy muy estresada por esto o estoy ansiosa por esto, la gente dec\u00eda: yo tambi\u00e9n. Y entonces, creo que todos estamos pasando por algo. As\u00ed que abrirnos sobre lo que estamos pasando nos ayuda a sanar, avanzar y conectar.<\/p>\n<p style=\"text-align: justify;\"><strong>\u00bfC\u00f3mo encontraste a la directora para tu historia?<\/strong><\/p>\n<p style=\"text-align: justify;\">Nos conocimos en un grupo de escritores. Yo era nueva en Los \u00c1ngeles, as\u00ed que me hab\u00eda conectado con este grupo de escritores realmente genial, y Aaron hab\u00eda coescrito un guion de largometraje que me gust\u00f3 mucho. Yo estaba como, necesito conocer a esta persona. Parece genial. Y luego, cuando nos conocimos, me dijo que quer\u00eda dirigir algo nuevo y que si hab\u00eda escrito alg\u00fan cortometraje. Y yo estaba como, no, pero me gustar\u00eda escribir uno. Me gustar\u00eda hacer un cortometraje. As\u00ed que simplemente comenzamos, le mostr\u00e9 un guion y comenzamos a colaborar y trabajarlo. El resto es historia.<\/p>\n<p style=\"text-align: justify;\"><strong>\u00bfC\u00f3mo fue para ti recibir esta historia?<\/strong><\/p>\n<p style=\"text-align: justify;\">Ahora que lo pienso, es una locura c\u00f3mo un almuerzo puede cambiar tu vida, \u00bfverdad? Y, como, lo importante que es simplemente decir lo que est\u00e1s buscando, porque si no lo hubiera dicho, tal vez no estar\u00edamos aqu\u00ed ahora. Con el guion en s\u00ed, reson\u00e9. Reson\u00f3 con los temas m\u00e1s profundos de \u00e9l.<\/p>\n<p style=\"text-align: justify;\">[Subtext] tiene un gran giro en el que la pel\u00edcula comienza con un cierto patr\u00f3n que te hace sentir, oh, ya he visto esta pel\u00edcula antes. Esto es divertido, un truco lindo, pero me lo estoy pasando bien. Pero luego Olivia es una escritora tan brillante y subvierte eso con este giro que te lleva a un significado m\u00e1s profundo. Y me atrajo ese aspecto de la pel\u00edcula, y luego supe que la primera parte de la pel\u00edcula ser\u00eda realmente divertida. Me atrajo el desaf\u00edo de esta pel\u00edcula desde el punto de vista de la ejecuci\u00f3n, y tambi\u00e9n me atrajeron los significados m\u00e1s profundos y la sorpresa, los significados m\u00e1s profundos, las cosas que no esperas que salgan.<\/p>\n<p style=\"text-align: justify;\"><strong>\u00bfErin, y c\u00f3mo recibiste la noticia de que vas a estar en Cannes?<\/strong><\/p>\n<p style=\"text-align: justify;\">Estaba en el trabajo, y recibimos una llamada. La llamada de Monica o recibimos un correo electr\u00f3nico de Monica, y Aaron dijo, tenemos que llamarla. As\u00ed que luego nos ponemos al tel\u00e9fono y yo estoy en mi escritorio en el trabajo. Como, voy a ir a Cannes, todo el mundo como, lo siento. Todos est\u00e1n como, s\u00ed, vas a ir.<\/p>\n<p style=\"text-align: justify;\"><strong>\u00bfY qu\u00e9 importancia ha tenido el programa del American Pavilion tambi\u00e9n en este tipo de visualizaci\u00f3n de tu trabajo?<\/strong><\/p>\n<p style=\"text-align: justify;\">Estoy agradecida por el American Pavilion. Por un lado, esta es mi segunda vez proyectando aqu\u00ed, y se siente bien ser apoyada por ellos. Creo que el hecho de que haya un programa para exalumnos es maravilloso porque me permite regresar y aprovechar las conexiones que hice la vez anterior que estuve aqu\u00ed. Tambi\u00e9n s\u00e9 que Cannes, aunque muestra muchas pel\u00edculas maravillosas, es un poco un club de insiders. Y el American Pavilion est\u00e1 creando oportunidades para que particularmente los estadounidenses, especialmente personas que tienen piezas comercialmente viables, vengan a Francia y tengan una proyecci\u00f3n real, lo que eleva tu red de contactos, lo que hace que toda la experiencia de estar aqu\u00ed sea m\u00e1s fruct\u00edfera. As\u00ed que estoy muy agradecida. Tambi\u00e9n, el a\u00f1o pasado y este a\u00f1o estoy viendo pel\u00edculas maravillosas aqu\u00ed. Es encantador conectar con alguien y luego ver su pel\u00edcula y decir: wow, eres incre\u00edble. Hagamos algo juntos.<\/p>\n<p style=\"text-align: justify;\"><strong>\u00bfY cu\u00e1les son tus esperanzas para tu pel\u00edcula [Subtext]?<\/strong><\/p>\n<p style=\"text-align: justify;\">Mi esperanza para [Subtext] es que la gente la disfrute primero, simplemente verla como un miembro de la audiencia, y se involucre completamente en ella como espectador. Espero que, al reflexionar sobre ella despu\u00e9s, reconozcan que es una pel\u00edcula bastante dif\u00edcil de armar. Tienes a los actores respondiendo porque actuar es reaccionar, pero estos actores est\u00e1n reaccionando a l\u00edneas que no tendr\u00edan sentido para su personaje. Y creo que cuando desglosas la pel\u00edcula, tom\u00f3 mucho tiempo, no podr\u00eda haber hecho esta pel\u00edcula hace diez a\u00f1os, probablemente ni siquiera hace cinco a\u00f1os, al nivel de \u00e9xito que tiene ahora. As\u00ed que, para m\u00ed, lo que espero es que la gente reconozca la excelencia en ella, lo que podr\u00eda abrir oportunidades para mis pr\u00f3ximos proyectos. Tengo proyectos que he escrito y estoy buscando financiamiento. Tambi\u00e9n estoy buscando unirme a proyectos de otras personas como directora a sueldo. As\u00ed que s\u00ed, solo me est\u00e1 ayudando a que suceda lo pr\u00f3ximo.<\/p>\n<p style=\"text-align: justify;\"><strong>Y eso es genial. Y en ese contexto, \u00bfqu\u00e9 aprendieron la una de la otra haciendo esto?<\/strong><\/p>\n<p style=\"text-align: justify;\">Eso es genial. Nadie nos hab\u00eda preguntado eso antes. Esa es una gran pregunta. Eres buena en esto. Esto es bueno, como trabajar en el set, pero tambi\u00e9n luego tener el viaje de ir a los festivales de cine despu\u00e9s. Te respeto por simplemente ser una persona que toma la iniciativa y no, como, dices que har\u00e1s algo y luego lo haces y no te detienes hasta que lo logras. Pero tambi\u00e9n, no tienes miedo de abogar por ti misma. Y siempre hay un equilibrio. Creo que tambi\u00e9n como mujer. Pero caminar esa l\u00ednea entre ser como, no me gusta presumir de m\u00ed misma. Pero tambi\u00e9n es importante decir: esto es lo que he hecho. Esto es lo que estoy interesada en hacer. Tengo capacidades y fortalezas y t\u00fa eres alguien que no se aleja de eso. As\u00ed que creo que he aprendido mucho sobre eso de ti.<\/p>\n<p style=\"text-align: justify;\">S\u00ed. Es tan gracioso. Dir\u00eda cosas similares sobre Olivia. Creo que est\u00e1bamos hablando el otro d\u00eda sobre c\u00f3mo ser genuinos y darnos cuenta de la autenticidad, lo siento.<\/p>\n<p style=\"text-align: justify;\">Reconozco cosas similares a lo que Olivia dijo sobre m\u00ed en ella. Est\u00e1bamos hablando el otro d\u00eda sobre c\u00f3mo ambos realmente queremos ser personas genuinas y podemos reconocer la autenticidad y la autenticidad en los dem\u00e1s, y eso es algo que he visto en el circuito de festivales. Ella realmente, como, no ten\u00eda idea de lo extrovertida que pod\u00edas ser cuando nos conocimos, pero eres as\u00ed. No deber\u00eda sorprenderme porque fuiste t\u00fa quien dijo: conectemos. Pero s\u00e9 que tambi\u00e9n eres una persona a la que le gusta su propio tiempo y espacio. Pero cuando estamos fuera y sobre el circuito de festivales, eres realmente. Ella es sociable. Sabe c\u00f3mo conocer gente, sabe c\u00f3mo causar una gran impresi\u00f3n. Y creo que la gente simplemente se siente atra\u00edda por lo real que es, c\u00f3mo, sabes, no pone muchas fachadas, lo cual es refrescante. Es realmente refrescante, sabes. As\u00ed que eso es maravilloso. Pero tambi\u00e9n en el lado comercial de las cosas, tambi\u00e9n siento que cuando dices que vas a hacer algo, lo haces. Creo que ambos bromeamos sobre c\u00f3mo siempre estamos tomando demasiado. Pero tambi\u00e9n creo que me est\u00e1s ense\u00f1ando c\u00f3mo decir: oh, espera, tal vez no deber\u00eda tomar m\u00e1s ahora. Creo que estamos creciendo en nuestra capacidad de tener l\u00edmites para nosotros mismos y decidir a qu\u00e9 decir s\u00ed, porque es dif\u00edcil decir no a veces cuando las oportunidades vienen. Y as\u00ed, creo que estamos aprendiendo el uno del otro. \u00bfCu\u00e1les son las oportunidades a las que decir s\u00ed? \u00bfD\u00f3nde guardo mi tiempo y energ\u00eda? \u00bfD\u00f3nde invierto? Y eso es algo que aprendes con el tiempo, pero puedes aprenderlo observando a otras personas.<\/p>\n<p style=\"text-align: justify;\">Eso es algo grande que he aprendido \u00faltimamente, decir no a una cosa es decir s\u00ed a otra que est\u00e1 m\u00e1s alineada. Es dif\u00edcil. Es dif\u00edcil. Todav\u00eda, es una lucha diaria. Vuelvo repetidamente a la misma lecci\u00f3n.<\/p>\n<p style=\"text-align: justify;\"><strong>\u00bfHay algo que no te pregunt\u00e9? Para ti, es realmente importante decir sobre el film<\/strong><\/p>\n<p style=\"text-align: justify;\">Estamos planeando lanzar la pel\u00edcula pronto. No tengo una fecha exacta todav\u00eda, pero creo que, si est\u00e1s interesado en ver esta pel\u00edcula, lo mejor que puedes hacer es seguir @[Subtext]shortfilm en Instagram.<\/p>\n","protected":false},"excerpt":{"rendered":"<p>Estuvimos con Olivia Haller (guionista) y Erin Thomas (directora) del corto seleccionado como parte de la parrilla program\u00e1tica de \u201cEmerging Filmmakers\u201d del Pabell\u00f3n Americano en su programaci\u00f3n Paralela del Festival de Cannes 2024. \u00bfDe qu\u00e9 va? [Subtext] es un cortometraje. &#8230; <a title=\"Entrevista a la directora y guionista de \u00ab[Subtext]short film\u00bb en Cannes\" class=\"read-more\" href=\"https:\/\/clientesbrandbits.click\/es\/entrevista-a-la-directora-y-guionista-de-subtext-en-cannesentrevista-a-la-directora-y-guionista-de-subtext-en-cannes\/\" aria-label=\"Leer m\u00e1s sobre Entrevista a la directora y guionista de \u00ab[Subtext]short film\u00bb en Cannes\">Leer M\u00e1s<\/a><\/p>\n","protected":false},"author":2,"featured_media":1733,"comment_status":"closed","ping_status":"closed","sticky":false,"template":"","format":"standard","meta":{"_joinchat":[],"footnotes":""},"categories":[13],"tags":[125,122,126],"class_list":["post-1732","post","type-post","status-publish","format-standard","has-post-thumbnail","hentry","category-entrevistas","tag-american-pavilion","tag-ampav","tag-pabellon-americano","infinite-scroll-item"],"yoast_head":"<!-- This site is optimized with the Yoast SEO plugin v22.8 - https:\/\/yoast.com\/wordpress\/plugins\/seo\/ -->\n<title>Entrevista a la directora y guionista de &quot;[Subtext]short film&quot; en Cannes - Spanglish Cinema<\/title>\n<meta name=\"description\" content=\"Estuvimos con Olivia Haller (guionista) y Erin Thomas (directora) del corto seleccionado como parte de la parrilla program\u00e1tica de \u201cEmerging Filmmakers\u201d del Pabell\u00f3n Americano en su programaci\u00f3n Paralela del Festival de Cannes 2024.\" \/>\n<meta name=\"robots\" content=\"index, follow, max-snippet:-1, max-image-preview:large, max-video-preview:-1\" \/>\n<link rel=\"canonical\" href=\"https:\/\/clientesbrandbits.click\/es\/entrevista-a-la-directora-y-guionista-de-subtext-en-cannesentrevista-a-la-directora-y-guionista-de-subtext-en-cannes\/\" \/>\n<meta property=\"og:locale\" content=\"es_ES\" \/>\n<meta property=\"og:type\" content=\"article\" \/>\n<meta property=\"og:title\" content=\"Entrevista a la directora y guionista de &quot;[Subtext]short film&quot; en Cannes - Spanglish Cinema\" \/>\n<meta property=\"og:description\" content=\"Estuvimos con Olivia Haller (guionista) y Erin Thomas (directora) del corto seleccionado como parte de la parrilla program\u00e1tica de \u201cEmerging Filmmakers\u201d del Pabell\u00f3n Americano en su programaci\u00f3n Paralela del Festival de Cannes 2024.\" \/>\n<meta property=\"og:url\" content=\"https:\/\/clientesbrandbits.click\/es\/entrevista-a-la-directora-y-guionista-de-subtext-en-cannesentrevista-a-la-directora-y-guionista-de-subtext-en-cannes\/\" \/>\n<meta property=\"og:site_name\" content=\"Spanglish Cinema\" \/>\n<meta property=\"article:published_time\" content=\"2024-05-29T17:28:38+00:00\" \/>\n<meta property=\"article:modified_time\" content=\"2024-06-08T18:19:55+00:00\" \/>\n<meta property=\"og:image\" content=\"https:\/\/clientesbrandbits.click\/wp-content\/uploads\/2024\/06\/subtext.jpg\" \/>\n\t<meta property=\"og:image:width\" content=\"2048\" \/>\n\t<meta property=\"og:image:height\" content=\"1365\" \/>\n\t<meta property=\"og:image:type\" content=\"image\/jpeg\" \/>\n<meta name=\"author\" content=\"Francisca Romero\" \/>\n<meta name=\"twitter:card\" content=\"summary_large_image\" \/>\n<meta name=\"twitter:label1\" content=\"Escrito por\" \/>\n\t<meta name=\"twitter:data1\" content=\"Francisca Romero\" \/>\n\t<meta name=\"twitter:label2\" content=\"Tiempo de lectura\" \/>\n\t<meta name=\"twitter:data2\" content=\"8 minutos\" \/>\n<script type=\"application\/ld+json\" class=\"yoast-schema-graph\">{\"@context\":\"https:\/\/schema.org\",\"@graph\":[{\"@type\":\"Article\",\"@id\":\"https:\/\/clientesbrandbits.click\/entrevista-a-la-directora-y-guionista-de-subtext-en-cannesentrevista-a-la-directora-y-guionista-de-subtext-en-cannes\/#article\",\"isPartOf\":{\"@id\":\"https:\/\/clientesbrandbits.click\/entrevista-a-la-directora-y-guionista-de-subtext-en-cannesentrevista-a-la-directora-y-guionista-de-subtext-en-cannes\/\"},\"author\":{\"name\":\"Francisca Romero\",\"@id\":\"https:\/\/clientesbrandbits.click\/#\/schema\/person\/fedc39f5790928deafca5719b3588db2\"},\"headline\":\"Entrevista a la directora y guionista de \u00ab[Subtext]short film\u00bb en Cannes\",\"datePublished\":\"2024-05-29T17:28:38+00:00\",\"dateModified\":\"2024-06-08T18:19:55+00:00\",\"mainEntityOfPage\":{\"@id\":\"https:\/\/clientesbrandbits.click\/entrevista-a-la-directora-y-guionista-de-subtext-en-cannesentrevista-a-la-directora-y-guionista-de-subtext-en-cannes\/\"},\"wordCount\":1614,\"publisher\":{\"@id\":\"https:\/\/clientesbrandbits.click\/#organization\"},\"image\":{\"@id\":\"https:\/\/clientesbrandbits.click\/entrevista-a-la-directora-y-guionista-de-subtext-en-cannesentrevista-a-la-directora-y-guionista-de-subtext-en-cannes\/#primaryimage\"},\"thumbnailUrl\":\"https:\/\/clientesbrandbits.click\/wp-content\/uploads\/2024\/06\/subtext.jpg\",\"keywords\":[\"American Pavilion\",\"Ampav\",\"Pabellon Americano\"],\"articleSection\":[\"Entrevistas\"],\"inLanguage\":\"es\"},{\"@type\":\"WebPage\",\"@id\":\"https:\/\/clientesbrandbits.click\/entrevista-a-la-directora-y-guionista-de-subtext-en-cannesentrevista-a-la-directora-y-guionista-de-subtext-en-cannes\/\",\"url\":\"https:\/\/clientesbrandbits.click\/entrevista-a-la-directora-y-guionista-de-subtext-en-cannesentrevista-a-la-directora-y-guionista-de-subtext-en-cannes\/\",\"name\":\"Entrevista a la directora y guionista de \\\"[Subtext]short film\\\" en Cannes - Spanglish Cinema\",\"isPartOf\":{\"@id\":\"https:\/\/clientesbrandbits.click\/#website\"},\"primaryImageOfPage\":{\"@id\":\"https:\/\/clientesbrandbits.click\/entrevista-a-la-directora-y-guionista-de-subtext-en-cannesentrevista-a-la-directora-y-guionista-de-subtext-en-cannes\/#primaryimage\"},\"image\":{\"@id\":\"https:\/\/clientesbrandbits.click\/entrevista-a-la-directora-y-guionista-de-subtext-en-cannesentrevista-a-la-directora-y-guionista-de-subtext-en-cannes\/#primaryimage\"},\"thumbnailUrl\":\"https:\/\/clientesbrandbits.click\/wp-content\/uploads\/2024\/06\/subtext.jpg\",\"datePublished\":\"2024-05-29T17:28:38+00:00\",\"dateModified\":\"2024-06-08T18:19:55+00:00\",\"description\":\"Estuvimos con Olivia Haller (guionista) y Erin Thomas (directora) del corto seleccionado como parte de la parrilla program\u00e1tica de \u201cEmerging Filmmakers\u201d del Pabell\u00f3n Americano en su programaci\u00f3n Paralela del Festival de Cannes 2024.\",\"breadcrumb\":{\"@id\":\"https:\/\/clientesbrandbits.click\/entrevista-a-la-directora-y-guionista-de-subtext-en-cannesentrevista-a-la-directora-y-guionista-de-subtext-en-cannes\/#breadcrumb\"},\"inLanguage\":\"es\",\"potentialAction\":[{\"@type\":\"ReadAction\",\"target\":[\"https:\/\/clientesbrandbits.click\/entrevista-a-la-directora-y-guionista-de-subtext-en-cannesentrevista-a-la-directora-y-guionista-de-subtext-en-cannes\/\"]}]},{\"@type\":\"ImageObject\",\"inLanguage\":\"es\",\"@id\":\"https:\/\/clientesbrandbits.click\/entrevista-a-la-directora-y-guionista-de-subtext-en-cannesentrevista-a-la-directora-y-guionista-de-subtext-en-cannes\/#primaryimage\",\"url\":\"https:\/\/clientesbrandbits.click\/wp-content\/uploads\/2024\/06\/subtext.jpg\",\"contentUrl\":\"https:\/\/clientesbrandbits.click\/wp-content\/uploads\/2024\/06\/subtext.jpg\",\"width\":2048,\"height\":1365},{\"@type\":\"BreadcrumbList\",\"@id\":\"https:\/\/clientesbrandbits.click\/entrevista-a-la-directora-y-guionista-de-subtext-en-cannesentrevista-a-la-directora-y-guionista-de-subtext-en-cannes\/#breadcrumb\",\"itemListElement\":[{\"@type\":\"ListItem\",\"position\":1,\"name\":\"Portada\",\"item\":\"https:\/\/clientesbrandbits.click\/\"},{\"@type\":\"ListItem\",\"position\":2,\"name\":\"Entrevista a la directora y guionista de &#8220;[Subtext]short film&#8221; en Cannes\"}]},{\"@type\":\"WebSite\",\"@id\":\"https:\/\/clientesbrandbits.click\/#website\",\"url\":\"https:\/\/clientesbrandbits.click\/\",\"name\":\"Spanglish Cinema\",\"description\":\"\",\"publisher\":{\"@id\":\"https:\/\/clientesbrandbits.click\/#organization\"},\"potentialAction\":[{\"@type\":\"SearchAction\",\"target\":{\"@type\":\"EntryPoint\",\"urlTemplate\":\"https:\/\/clientesbrandbits.click\/?s={search_term_string}\"},\"query-input\":\"required name=search_term_string\"}],\"inLanguage\":\"es\"},{\"@type\":\"Organization\",\"@id\":\"https:\/\/clientesbrandbits.click\/#organization\",\"name\":\"Spanglish Cinema\",\"url\":\"https:\/\/clientesbrandbits.click\/\",\"logo\":{\"@type\":\"ImageObject\",\"inLanguage\":\"es\",\"@id\":\"https:\/\/clientesbrandbits.click\/#\/schema\/logo\/image\/\",\"url\":\"https:\/\/clientesbrandbits.click\/wp-content\/uploads\/2024\/03\/spanglish_cinema.png\",\"contentUrl\":\"https:\/\/clientesbrandbits.click\/wp-content\/uploads\/2024\/03\/spanglish_cinema.png\",\"width\":612,\"height\":225,\"caption\":\"Spanglish Cinema\"},\"image\":{\"@id\":\"https:\/\/clientesbrandbits.click\/#\/schema\/logo\/image\/\"}},{\"@type\":\"Person\",\"@id\":\"https:\/\/clientesbrandbits.click\/#\/schema\/person\/fedc39f5790928deafca5719b3588db2\",\"name\":\"Francisca Romero\",\"image\":{\"@type\":\"ImageObject\",\"inLanguage\":\"es\",\"@id\":\"https:\/\/clientesbrandbits.click\/#\/schema\/person\/image\/\",\"url\":\"https:\/\/secure.gravatar.com\/avatar\/59bbcac6a15502dc7740d8ba94724e62?s=96&d=mm&r=g\",\"contentUrl\":\"https:\/\/secure.gravatar.com\/avatar\/59bbcac6a15502dc7740d8ba94724e62?s=96&d=mm&r=g\",\"caption\":\"Francisca Romero\"},\"url\":\"https:\/\/clientesbrandbits.click\/es\/author\/francisca-romero\/\"}]}<\/script>\n<!-- \/ Yoast SEO plugin. -->","yoast_head_json":{"title":"Entrevista a la directora y guionista de \"[Subtext]short film\" en Cannes - Spanglish Cinema","description":"Estuvimos con Olivia Haller (guionista) y Erin Thomas (directora) del corto seleccionado como parte de la parrilla program\u00e1tica de \u201cEmerging Filmmakers\u201d del Pabell\u00f3n Americano en su programaci\u00f3n Paralela del Festival de Cannes 2024.","robots":{"index":"index","follow":"follow","max-snippet":"max-snippet:-1","max-image-preview":"max-image-preview:large","max-video-preview":"max-video-preview:-1"},"canonical":"https:\/\/clientesbrandbits.click\/es\/entrevista-a-la-directora-y-guionista-de-subtext-en-cannesentrevista-a-la-directora-y-guionista-de-subtext-en-cannes\/","og_locale":"es_ES","og_type":"article","og_title":"Entrevista a la directora y guionista de \"[Subtext]short film\" en Cannes - Spanglish Cinema","og_description":"Estuvimos con Olivia Haller (guionista) y Erin Thomas (directora) del corto seleccionado como parte de la parrilla program\u00e1tica de \u201cEmerging Filmmakers\u201d del Pabell\u00f3n Americano en su programaci\u00f3n Paralela del Festival de Cannes 2024.","og_url":"https:\/\/clientesbrandbits.click\/es\/entrevista-a-la-directora-y-guionista-de-subtext-en-cannesentrevista-a-la-directora-y-guionista-de-subtext-en-cannes\/","og_site_name":"Spanglish Cinema","article_published_time":"2024-05-29T17:28:38+00:00","article_modified_time":"2024-06-08T18:19:55+00:00","og_image":[{"width":2048,"height":1365,"url":"https:\/\/clientesbrandbits.click\/wp-content\/uploads\/2024\/06\/subtext.jpg","type":"image\/jpeg"}],"author":"Francisca Romero","twitter_card":"summary_large_image","twitter_misc":{"Escrito por":"Francisca Romero","Tiempo de lectura":"8 minutos"},"schema":{"@context":"https:\/\/schema.org","@graph":[{"@type":"Article","@id":"https:\/\/clientesbrandbits.click\/entrevista-a-la-directora-y-guionista-de-subtext-en-cannesentrevista-a-la-directora-y-guionista-de-subtext-en-cannes\/#article","isPartOf":{"@id":"https:\/\/clientesbrandbits.click\/entrevista-a-la-directora-y-guionista-de-subtext-en-cannesentrevista-a-la-directora-y-guionista-de-subtext-en-cannes\/"},"author":{"name":"Francisca Romero","@id":"https:\/\/clientesbrandbits.click\/#\/schema\/person\/fedc39f5790928deafca5719b3588db2"},"headline":"Entrevista a la directora y guionista de \u00ab[Subtext]short film\u00bb en Cannes","datePublished":"2024-05-29T17:28:38+00:00","dateModified":"2024-06-08T18:19:55+00:00","mainEntityOfPage":{"@id":"https:\/\/clientesbrandbits.click\/entrevista-a-la-directora-y-guionista-de-subtext-en-cannesentrevista-a-la-directora-y-guionista-de-subtext-en-cannes\/"},"wordCount":1614,"publisher":{"@id":"https:\/\/clientesbrandbits.click\/#organization"},"image":{"@id":"https:\/\/clientesbrandbits.click\/entrevista-a-la-directora-y-guionista-de-subtext-en-cannesentrevista-a-la-directora-y-guionista-de-subtext-en-cannes\/#primaryimage"},"thumbnailUrl":"https:\/\/clientesbrandbits.click\/wp-content\/uploads\/2024\/06\/subtext.jpg","keywords":["American Pavilion","Ampav","Pabellon Americano"],"articleSection":["Entrevistas"],"inLanguage":"es"},{"@type":"WebPage","@id":"https:\/\/clientesbrandbits.click\/entrevista-a-la-directora-y-guionista-de-subtext-en-cannesentrevista-a-la-directora-y-guionista-de-subtext-en-cannes\/","url":"https:\/\/clientesbrandbits.click\/entrevista-a-la-directora-y-guionista-de-subtext-en-cannesentrevista-a-la-directora-y-guionista-de-subtext-en-cannes\/","name":"Entrevista a la directora y guionista de \"[Subtext]short film\" en Cannes - Spanglish Cinema","isPartOf":{"@id":"https:\/\/clientesbrandbits.click\/#website"},"primaryImageOfPage":{"@id":"https:\/\/clientesbrandbits.click\/entrevista-a-la-directora-y-guionista-de-subtext-en-cannesentrevista-a-la-directora-y-guionista-de-subtext-en-cannes\/#primaryimage"},"image":{"@id":"https:\/\/clientesbrandbits.click\/entrevista-a-la-directora-y-guionista-de-subtext-en-cannesentrevista-a-la-directora-y-guionista-de-subtext-en-cannes\/#primaryimage"},"thumbnailUrl":"https:\/\/clientesbrandbits.click\/wp-content\/uploads\/2024\/06\/subtext.jpg","datePublished":"2024-05-29T17:28:38+00:00","dateModified":"2024-06-08T18:19:55+00:00","description":"Estuvimos con Olivia Haller (guionista) y Erin Thomas (directora) del corto seleccionado como parte de la parrilla program\u00e1tica de \u201cEmerging Filmmakers\u201d del Pabell\u00f3n Americano en su programaci\u00f3n Paralela del Festival de Cannes 2024.","breadcrumb":{"@id":"https:\/\/clientesbrandbits.click\/entrevista-a-la-directora-y-guionista-de-subtext-en-cannesentrevista-a-la-directora-y-guionista-de-subtext-en-cannes\/#breadcrumb"},"inLanguage":"es","potentialAction":[{"@type":"ReadAction","target":["https:\/\/clientesbrandbits.click\/entrevista-a-la-directora-y-guionista-de-subtext-en-cannesentrevista-a-la-directora-y-guionista-de-subtext-en-cannes\/"]}]},{"@type":"ImageObject","inLanguage":"es","@id":"https:\/\/clientesbrandbits.click\/entrevista-a-la-directora-y-guionista-de-subtext-en-cannesentrevista-a-la-directora-y-guionista-de-subtext-en-cannes\/#primaryimage","url":"https:\/\/clientesbrandbits.click\/wp-content\/uploads\/2024\/06\/subtext.jpg","contentUrl":"https:\/\/clientesbrandbits.click\/wp-content\/uploads\/2024\/06\/subtext.jpg","width":2048,"height":1365},{"@type":"BreadcrumbList","@id":"https:\/\/clientesbrandbits.click\/entrevista-a-la-directora-y-guionista-de-subtext-en-cannesentrevista-a-la-directora-y-guionista-de-subtext-en-cannes\/#breadcrumb","itemListElement":[{"@type":"ListItem","position":1,"name":"Portada","item":"https:\/\/clientesbrandbits.click\/"},{"@type":"ListItem","position":2,"name":"Entrevista a la directora y guionista de &#8220;[Subtext]short film&#8221; en Cannes"}]},{"@type":"WebSite","@id":"https:\/\/clientesbrandbits.click\/#website","url":"https:\/\/clientesbrandbits.click\/","name":"Spanglish Cinema","description":"","publisher":{"@id":"https:\/\/clientesbrandbits.click\/#organization"},"potentialAction":[{"@type":"SearchAction","target":{"@type":"EntryPoint","urlTemplate":"https:\/\/clientesbrandbits.click\/?s={search_term_string}"},"query-input":"required name=search_term_string"}],"inLanguage":"es"},{"@type":"Organization","@id":"https:\/\/clientesbrandbits.click\/#organization","name":"Spanglish Cinema","url":"https:\/\/clientesbrandbits.click\/","logo":{"@type":"ImageObject","inLanguage":"es","@id":"https:\/\/clientesbrandbits.click\/#\/schema\/logo\/image\/","url":"https:\/\/clientesbrandbits.click\/wp-content\/uploads\/2024\/03\/spanglish_cinema.png","contentUrl":"https:\/\/clientesbrandbits.click\/wp-content\/uploads\/2024\/03\/spanglish_cinema.png","width":612,"height":225,"caption":"Spanglish Cinema"},"image":{"@id":"https:\/\/clientesbrandbits.click\/#\/schema\/logo\/image\/"}},{"@type":"Person","@id":"https:\/\/clientesbrandbits.click\/#\/schema\/person\/fedc39f5790928deafca5719b3588db2","name":"Francisca Romero","image":{"@type":"ImageObject","inLanguage":"es","@id":"https:\/\/clientesbrandbits.click\/#\/schema\/person\/image\/","url":"https:\/\/secure.gravatar.com\/avatar\/59bbcac6a15502dc7740d8ba94724e62?s=96&d=mm&r=g","contentUrl":"https:\/\/secure.gravatar.com\/avatar\/59bbcac6a15502dc7740d8ba94724e62?s=96&d=mm&r=g","caption":"Francisca Romero"},"url":"https:\/\/clientesbrandbits.click\/es\/author\/francisca-romero\/"}]}},"_links":{"self":[{"href":"https:\/\/clientesbrandbits.click\/es\/wp-json\/wp\/v2\/posts\/1732"}],"collection":[{"href":"https:\/\/clientesbrandbits.click\/es\/wp-json\/wp\/v2\/posts"}],"about":[{"href":"https:\/\/clientesbrandbits.click\/es\/wp-json\/wp\/v2\/types\/post"}],"author":[{"embeddable":true,"href":"https:\/\/clientesbrandbits.click\/es\/wp-json\/wp\/v2\/users\/2"}],"replies":[{"embeddable":true,"href":"https:\/\/clientesbrandbits.click\/es\/wp-json\/wp\/v2\/comments?post=1732"}],"version-history":[{"count":4,"href":"https:\/\/clientesbrandbits.click\/es\/wp-json\/wp\/v2\/posts\/1732\/revisions"}],"predecessor-version":[{"id":1757,"href":"https:\/\/clientesbrandbits.click\/es\/wp-json\/wp\/v2\/posts\/1732\/revisions\/1757"}],"wp:featuredmedia":[{"embeddable":true,"href":"https:\/\/clientesbrandbits.click\/es\/wp-json\/wp\/v2\/media\/1733"}],"wp:attachment":[{"href":"https:\/\/clientesbrandbits.click\/es\/wp-json\/wp\/v2\/media?parent=1732"}],"wp:term":[{"taxonomy":"category","embeddable":true,"href":"https:\/\/clientesbrandbits.click\/es\/wp-json\/wp\/v2\/categories?post=1732"},{"taxonomy":"post_tag","embeddable":true,"href":"https:\/\/clientesbrandbits.click\/es\/wp-json\/wp\/v2\/tags?post=1732"}],"curies":[{"name":"wp","href":"https:\/\/api.w.org\/{rel}","templated":true}]}}