{"id":1698,"date":"2024-06-05T13:23:57","date_gmt":"2024-06-05T17:23:57","guid":{"rendered":"https:\/\/clientesbrandbits.click\/?p=1698"},"modified":"2024-06-08T18:15:55","modified_gmt":"2024-06-08T22:15:55","slug":"dos-peliculas-chilenas-estaran-en-el-festival-de-tribeca-2","status":"publish","type":"post","link":"https:\/\/clientesbrandbits.click\/es\/dos-peliculas-chilenas-estaran-en-el-festival-de-tribeca-2\/","title":{"rendered":"Dos Pel\u00edculas Chilenas estar\u00e1n en el Festival de Tribeca"},"content":{"rendered":"<p style=\"text-align: justify;\"><strong>\u201cPir\u00f3polis\u201d y \u201cEl ladr\u00f3n de Perros\u201d<\/strong>, dos pel\u00edculas chilenas, estar\u00e1n en la selecci\u00f3n del Festival de Cine de Tribeca.<\/p>\n<p style=\"text-align: justify;\">El prestigioso Festival de Tribeca trae buenas noticias para el cine chileno. Dos producciones nacionales forman parte de la selecci\u00f3n oficial<\/p>\n<p style=\"text-align: justify;\"><strong>Pir\u00f3polis<\/strong> del director Nicol\u00e1s Molina competir\u00e1 en la secci\u00f3n DOCUMENTARY COMPETITION. Este documental, que tendr\u00e1 su estreno mundial en Tribeca, nos adentra en la ciudad puerto de Valpara\u00edso, Chile. La producci\u00f3n est\u00e1 a cargo de Jos\u00e9phine Schroeder y Francisca Barraza.<\/p>\n<p><img fetchpriority=\"high\" decoding=\"async\" class=\"aligncenter wp-image-1678 \" src=\"https:\/\/clientesbrandbits.click\/wp-content\/uploads\/2024\/04\/piropolis.jpg\" alt=\"\" width=\"826\" height=\"436\" srcset=\"https:\/\/clientesbrandbits.click\/wp-content\/uploads\/2024\/04\/piropolis.jpg 768w, https:\/\/clientesbrandbits.click\/wp-content\/uploads\/2024\/04\/piropolis-300x158.jpg 300w\" sizes=\"(max-width: 826px) 100vw, 826px\" \/><\/p>\n<p style=\"text-align: justify;\"><strong>Pir\u00f3polis,<\/strong> es la cuarta pel\u00edcula del c\u00e9lebre director chileno Nicol\u00e1s Molina (Gaucho Americano), tendr\u00e1 su estreno mundial en la Competencia Documental de la 23\u00aa edici\u00f3n del Festival de Tribeca, que se celebrar\u00e1 del 5 al 16 de junio de 2024 en la ciudad de Nueva York; seguido por su estreno europeo en la 31\u00aa edici\u00f3n del Sheffield DocFest, que se llevar\u00e1 a cabo del 12 al 17 de junio de 2024 en el Reino Unido.<\/p>\n<p style=\"text-align: justify;\">Empleando una narrativa v\u00e9rit\u00e9 fascinante, Pir\u00f3polis sumerge a los espectadores en la ciudad de residencia del director, la ciudad portuaria chilena, a trav\u00e9s de una brigada de bomberos voluntarios con v\u00ednculos franceses llamada \u00abPompe France\u00bb. La ciudad, un sitio del Patrimonio Mundial de la UNESCO, y la brigada de bomberos se encuentran en medio de una agitaci\u00f3n social mientras el pa\u00eds es sacudido por protestas nacionales y un refer\u00e9ndum para reescribir la constituci\u00f3n nacional.<\/p>\n<p style=\"text-align: justify;\">Liderada por un carism\u00e1tico capit\u00e1n obsesionado con todo lo franc\u00e9s, la brigada de bomberos recibe a un invitado de Francia para ayudar a desarrollar nuevas t\u00e9cnicas para combatir la cada vez m\u00e1s intensa temporada de incendios forestales, alimentada por el cambio clim\u00e1tico y la adopci\u00f3n de una monocultura de eucaliptos. Mientras estalla una crisis social, la compa\u00f1\u00eda de bomberos es desplegada tanto al frente de la temporada de incendios forestales de verano como para responder a las protestas.<\/p>\n<p style=\"text-align: justify;\">Un basti\u00f3n de la tradici\u00f3n en la sociedad chilena, la antigua instituci\u00f3n de bomberos celebra sus hist\u00f3ricos v\u00ednculos con Francia, el c\u00f3digo militar y la jerarqu\u00eda. Sin embargo, las generaciones m\u00e1s j\u00f3venes de bomberos est\u00e1n desafiando estos valores obsoletos, esforz\u00e1ndose por profesionalizar las compa\u00f1\u00edas e incluir a nuevas reclutas femeninas. \u00abPompe France\u00bb captura la transformaci\u00f3n de una sociedad como un microcosmos de una naci\u00f3n polarizada.<\/p>\n<p style=\"text-align: justify;\">La ciudad de Valpara\u00edso es particularmente vulnerable a incendios devastadores; el pasado verano en Chile result\u00f3 en la p\u00e9rdida de 131 vidas y la destrucci\u00f3n de 12,500 hogares. La extensa monocultura de eucaliptos en la regi\u00f3n, que cubre vastas extensiones de tierra, contribuye a la p\u00e9rdida de biodiversidad, la erosi\u00f3n del suelo y la escasez de agua, mientras que los \u00e1rboles de eucalipto de ra\u00edces poco profundas aumentan el riesgo de deslizamientos de tierra. La presencia de estas monoculturas, particularmente cerca de barrios empobrecidos, magnifica la conexi\u00f3n entre la equidad social y la degradaci\u00f3n ambiental.<\/p>\n<p style=\"text-align: justify;\">Ambientada en el contexto de los incendios forestales intensificados en todo el mundo y el refer\u00e9ndum constitucional chileno, la hermosa y inquietante cinematograf\u00eda de Pir\u00f3polis atestigua la desigual lucha contra el fuego en una sociedad fracturada.<\/p>\n<p style=\"text-align: justify;\">Por otro lado, la pel\u00edcula El <strong>Ladr\u00f3n de Perros<\/strong>, dirigida y escrita por Vinko Tomi\u010di\u0107 Salinas, participar\u00e1 en la INTERNATIONAL NARRATIVE COMPETITION. Esta coproducci\u00f3n entre Bolivia, Chile, M\u00e9xico, Ecuador, Francia e Italia tambi\u00e9n tendr\u00e1 su estreno mundial en Tribeca. L Con las actuaciones de Alfredo Castro, Franklin Aro, Teresa Ruiz y Mar\u00eda Luque, esta pel\u00edcula promete ser una emotiva exploraci\u00f3n de la familia, la soledad y la b\u00fasqueda de un lugar en el mundo. La producci\u00f3n est\u00e1 a cargo de \u00c1lvaro Manzano Zambrana.<\/p>\n<p style=\"text-align: justify;\">Estas selecciones en Tribeca 2024 son un gran reconocimiento al talento y creatividad del cine chileno. Ambas pel\u00edculas, sin duda, dar\u00e1n mucho que hablar en el festival y aportar\u00e1n miradas \u00fanicas a sus respectivas competencias.<\/p>\n","protected":false},"excerpt":{"rendered":"<p>\u201cPir\u00f3polis\u201d y \u201cEl ladr\u00f3n de Perros\u201d, dos pel\u00edculas chilenas, estar\u00e1n en la selecci\u00f3n del Festival de Cine de Tribeca. El prestigioso Festival de Tribeca trae buenas noticias para el cine chileno. Dos producciones nacionales forman parte de la selecci\u00f3n oficial &#8230; <a title=\"Dos Pel\u00edculas Chilenas estar\u00e1n en el Festival de Tribeca\" class=\"read-more\" href=\"https:\/\/clientesbrandbits.click\/es\/dos-peliculas-chilenas-estaran-en-el-festival-de-tribeca-2\/\" aria-label=\"Leer m\u00e1s sobre Dos Pel\u00edculas Chilenas estar\u00e1n en el Festival de Tribeca\">Leer M\u00e1s<\/a><\/p>\n","protected":false},"author":2,"featured_media":1018,"comment_status":"closed","ping_status":"closed","sticky":false,"template":"","format":"standard","meta":{"_joinchat":[],"footnotes":""},"categories":[112,11],"tags":[37,96,146],"class_list":["post-1698","post","type-post","status-publish","format-standard","has-post-thumbnail","hentry","category-destacados","category-festivales-de-cine","tag-cine-chileno","tag-festival-de-cine-dd-tribeca","tag-tribeca","infinite-scroll-item"],"yoast_head":"<!-- This site is optimized with the Yoast SEO plugin v22.8 - https:\/\/yoast.com\/wordpress\/plugins\/seo\/ -->\n<title>Dos Pel\u00edculas Chilenas estar\u00e1n en el Festival de Tribeca - Spanglish Cinema<\/title>\n<meta name=\"description\" content=\"\u201cPir\u00f3polis\u201d y \u201cEl ladr\u00f3n de Perros\u201d, dos pel\u00edculas chilenas, estar\u00e1n en la selecci\u00f3n del Festival de Cine de Tribeca.\" \/>\n<meta name=\"robots\" content=\"index, follow, max-snippet:-1, max-image-preview:large, max-video-preview:-1\" \/>\n<link rel=\"canonical\" href=\"https:\/\/clientesbrandbits.click\/es\/dos-peliculas-chilenas-estaran-en-el-festival-de-tribeca-2\/\" \/>\n<meta property=\"og:locale\" content=\"es_ES\" \/>\n<meta property=\"og:type\" content=\"article\" \/>\n<meta property=\"og:title\" content=\"Dos Pel\u00edculas Chilenas estar\u00e1n en el Festival de Tribeca - Spanglish Cinema\" \/>\n<meta property=\"og:description\" content=\"\u201cPir\u00f3polis\u201d y \u201cEl ladr\u00f3n de Perros\u201d, dos pel\u00edculas chilenas, estar\u00e1n en la selecci\u00f3n del Festival de Cine de Tribeca.\" \/>\n<meta property=\"og:url\" content=\"https:\/\/clientesbrandbits.click\/es\/dos-peliculas-chilenas-estaran-en-el-festival-de-tribeca-2\/\" \/>\n<meta property=\"og:site_name\" content=\"Spanglish Cinema\" \/>\n<meta property=\"article:published_time\" content=\"2024-06-05T17:23:57+00:00\" \/>\n<meta property=\"article:modified_time\" content=\"2024-06-08T22:15:55+00:00\" \/>\n<meta property=\"og:image\" content=\"https:\/\/clientesbrandbits.click\/wp-content\/uploads\/2024\/04\/maxresdefault-1.jpg\" \/>\n\t<meta property=\"og:image:width\" content=\"1280\" \/>\n\t<meta property=\"og:image:height\" content=\"720\" \/>\n\t<meta property=\"og:image:type\" content=\"image\/jpeg\" \/>\n<meta name=\"author\" content=\"Francisca Romero\" \/>\n<meta name=\"twitter:card\" content=\"summary_large_image\" \/>\n<meta name=\"twitter:label1\" content=\"Escrito por\" \/>\n\t<meta name=\"twitter:data1\" content=\"Francisca Romero\" \/>\n\t<meta name=\"twitter:label2\" content=\"Tiempo de lectura\" \/>\n\t<meta name=\"twitter:data2\" content=\"4 minutos\" \/>\n<script type=\"application\/ld+json\" class=\"yoast-schema-graph\">{\"@context\":\"https:\/\/schema.org\",\"@graph\":[{\"@type\":\"Article\",\"@id\":\"https:\/\/clientesbrandbits.click\/dos-peliculas-chilenas-estaran-en-el-festival-de-tribeca-2\/#article\",\"isPartOf\":{\"@id\":\"https:\/\/clientesbrandbits.click\/dos-peliculas-chilenas-estaran-en-el-festival-de-tribeca-2\/\"},\"author\":{\"name\":\"Francisca Romero\",\"@id\":\"https:\/\/clientesbrandbits.click\/#\/schema\/person\/fedc39f5790928deafca5719b3588db2\"},\"headline\":\"Dos Pel\u00edculas Chilenas estar\u00e1n en el Festival de Tribeca\",\"datePublished\":\"2024-06-05T17:23:57+00:00\",\"dateModified\":\"2024-06-08T22:15:55+00:00\",\"mainEntityOfPage\":{\"@id\":\"https:\/\/clientesbrandbits.click\/dos-peliculas-chilenas-estaran-en-el-festival-de-tribeca-2\/\"},\"wordCount\":695,\"publisher\":{\"@id\":\"https:\/\/clientesbrandbits.click\/#organization\"},\"image\":{\"@id\":\"https:\/\/clientesbrandbits.click\/dos-peliculas-chilenas-estaran-en-el-festival-de-tribeca-2\/#primaryimage\"},\"thumbnailUrl\":\"https:\/\/clientesbrandbits.click\/wp-content\/uploads\/2024\/04\/maxresdefault-1.jpg\",\"keywords\":[\"Cine Chileno\",\"Festival de Cine dd Tribeca\",\"Tribeca\"],\"articleSection\":[\"Destacados\",\"Festivales de Cine\"],\"inLanguage\":\"es\"},{\"@type\":\"WebPage\",\"@id\":\"https:\/\/clientesbrandbits.click\/dos-peliculas-chilenas-estaran-en-el-festival-de-tribeca-2\/\",\"url\":\"https:\/\/clientesbrandbits.click\/dos-peliculas-chilenas-estaran-en-el-festival-de-tribeca-2\/\",\"name\":\"Dos Pel\u00edculas Chilenas estar\u00e1n en el Festival de Tribeca - Spanglish Cinema\",\"isPartOf\":{\"@id\":\"https:\/\/clientesbrandbits.click\/#website\"},\"primaryImageOfPage\":{\"@id\":\"https:\/\/clientesbrandbits.click\/dos-peliculas-chilenas-estaran-en-el-festival-de-tribeca-2\/#primaryimage\"},\"image\":{\"@id\":\"https:\/\/clientesbrandbits.click\/dos-peliculas-chilenas-estaran-en-el-festival-de-tribeca-2\/#primaryimage\"},\"thumbnailUrl\":\"https:\/\/clientesbrandbits.click\/wp-content\/uploads\/2024\/04\/maxresdefault-1.jpg\",\"datePublished\":\"2024-06-05T17:23:57+00:00\",\"dateModified\":\"2024-06-08T22:15:55+00:00\",\"description\":\"\u201cPir\u00f3polis\u201d y \u201cEl ladr\u00f3n de Perros\u201d, dos pel\u00edculas chilenas, estar\u00e1n en la selecci\u00f3n del Festival de Cine de Tribeca.\",\"breadcrumb\":{\"@id\":\"https:\/\/clientesbrandbits.click\/dos-peliculas-chilenas-estaran-en-el-festival-de-tribeca-2\/#breadcrumb\"},\"inLanguage\":\"es\",\"potentialAction\":[{\"@type\":\"ReadAction\",\"target\":[\"https:\/\/clientesbrandbits.click\/dos-peliculas-chilenas-estaran-en-el-festival-de-tribeca-2\/\"]}]},{\"@type\":\"ImageObject\",\"inLanguage\":\"es\",\"@id\":\"https:\/\/clientesbrandbits.click\/dos-peliculas-chilenas-estaran-en-el-festival-de-tribeca-2\/#primaryimage\",\"url\":\"https:\/\/clientesbrandbits.click\/wp-content\/uploads\/2024\/04\/maxresdefault-1.jpg\",\"contentUrl\":\"https:\/\/clientesbrandbits.click\/wp-content\/uploads\/2024\/04\/maxresdefault-1.jpg\",\"width\":1280,\"height\":720},{\"@type\":\"BreadcrumbList\",\"@id\":\"https:\/\/clientesbrandbits.click\/dos-peliculas-chilenas-estaran-en-el-festival-de-tribeca-2\/#breadcrumb\",\"itemListElement\":[{\"@type\":\"ListItem\",\"position\":1,\"name\":\"Portada\",\"item\":\"https:\/\/clientesbrandbits.click\/\"},{\"@type\":\"ListItem\",\"position\":2,\"name\":\"Dos Pel\u00edculas Chilenas estar\u00e1n en el Festival de Tribeca\"}]},{\"@type\":\"WebSite\",\"@id\":\"https:\/\/clientesbrandbits.click\/#website\",\"url\":\"https:\/\/clientesbrandbits.click\/\",\"name\":\"Spanglish Cinema\",\"description\":\"\",\"publisher\":{\"@id\":\"https:\/\/clientesbrandbits.click\/#organization\"},\"potentialAction\":[{\"@type\":\"SearchAction\",\"target\":{\"@type\":\"EntryPoint\",\"urlTemplate\":\"https:\/\/clientesbrandbits.click\/?s={search_term_string}\"},\"query-input\":\"required name=search_term_string\"}],\"inLanguage\":\"es\"},{\"@type\":\"Organization\",\"@id\":\"https:\/\/clientesbrandbits.click\/#organization\",\"name\":\"Spanglish Cinema\",\"url\":\"https:\/\/clientesbrandbits.click\/\",\"logo\":{\"@type\":\"ImageObject\",\"inLanguage\":\"es\",\"@id\":\"https:\/\/clientesbrandbits.click\/#\/schema\/logo\/image\/\",\"url\":\"https:\/\/clientesbrandbits.click\/wp-content\/uploads\/2024\/03\/spanglish_cinema.png\",\"contentUrl\":\"https:\/\/clientesbrandbits.click\/wp-content\/uploads\/2024\/03\/spanglish_cinema.png\",\"width\":612,\"height\":225,\"caption\":\"Spanglish Cinema\"},\"image\":{\"@id\":\"https:\/\/clientesbrandbits.click\/#\/schema\/logo\/image\/\"}},{\"@type\":\"Person\",\"@id\":\"https:\/\/clientesbrandbits.click\/#\/schema\/person\/fedc39f5790928deafca5719b3588db2\",\"name\":\"Francisca Romero\",\"image\":{\"@type\":\"ImageObject\",\"inLanguage\":\"es\",\"@id\":\"https:\/\/clientesbrandbits.click\/#\/schema\/person\/image\/\",\"url\":\"https:\/\/secure.gravatar.com\/avatar\/59bbcac6a15502dc7740d8ba94724e62?s=96&d=mm&r=g\",\"contentUrl\":\"https:\/\/secure.gravatar.com\/avatar\/59bbcac6a15502dc7740d8ba94724e62?s=96&d=mm&r=g\",\"caption\":\"Francisca Romero\"},\"url\":\"https:\/\/clientesbrandbits.click\/es\/author\/francisca-romero\/\"}]}<\/script>\n<!-- \/ Yoast SEO plugin. -->","yoast_head_json":{"title":"Dos Pel\u00edculas Chilenas estar\u00e1n en el Festival de Tribeca - Spanglish Cinema","description":"\u201cPir\u00f3polis\u201d y \u201cEl ladr\u00f3n de Perros\u201d, dos pel\u00edculas chilenas, estar\u00e1n en la selecci\u00f3n del Festival de Cine de Tribeca.","robots":{"index":"index","follow":"follow","max-snippet":"max-snippet:-1","max-image-preview":"max-image-preview:large","max-video-preview":"max-video-preview:-1"},"canonical":"https:\/\/clientesbrandbits.click\/es\/dos-peliculas-chilenas-estaran-en-el-festival-de-tribeca-2\/","og_locale":"es_ES","og_type":"article","og_title":"Dos Pel\u00edculas Chilenas estar\u00e1n en el Festival de Tribeca - Spanglish Cinema","og_description":"\u201cPir\u00f3polis\u201d y \u201cEl ladr\u00f3n de Perros\u201d, dos pel\u00edculas chilenas, estar\u00e1n en la selecci\u00f3n del Festival de Cine de Tribeca.","og_url":"https:\/\/clientesbrandbits.click\/es\/dos-peliculas-chilenas-estaran-en-el-festival-de-tribeca-2\/","og_site_name":"Spanglish Cinema","article_published_time":"2024-06-05T17:23:57+00:00","article_modified_time":"2024-06-08T22:15:55+00:00","og_image":[{"width":1280,"height":720,"url":"https:\/\/clientesbrandbits.click\/wp-content\/uploads\/2024\/04\/maxresdefault-1.jpg","type":"image\/jpeg"}],"author":"Francisca Romero","twitter_card":"summary_large_image","twitter_misc":{"Escrito por":"Francisca Romero","Tiempo de lectura":"4 minutos"},"schema":{"@context":"https:\/\/schema.org","@graph":[{"@type":"Article","@id":"https:\/\/clientesbrandbits.click\/dos-peliculas-chilenas-estaran-en-el-festival-de-tribeca-2\/#article","isPartOf":{"@id":"https:\/\/clientesbrandbits.click\/dos-peliculas-chilenas-estaran-en-el-festival-de-tribeca-2\/"},"author":{"name":"Francisca Romero","@id":"https:\/\/clientesbrandbits.click\/#\/schema\/person\/fedc39f5790928deafca5719b3588db2"},"headline":"Dos Pel\u00edculas Chilenas estar\u00e1n en el Festival de Tribeca","datePublished":"2024-06-05T17:23:57+00:00","dateModified":"2024-06-08T22:15:55+00:00","mainEntityOfPage":{"@id":"https:\/\/clientesbrandbits.click\/dos-peliculas-chilenas-estaran-en-el-festival-de-tribeca-2\/"},"wordCount":695,"publisher":{"@id":"https:\/\/clientesbrandbits.click\/#organization"},"image":{"@id":"https:\/\/clientesbrandbits.click\/dos-peliculas-chilenas-estaran-en-el-festival-de-tribeca-2\/#primaryimage"},"thumbnailUrl":"https:\/\/clientesbrandbits.click\/wp-content\/uploads\/2024\/04\/maxresdefault-1.jpg","keywords":["Cine Chileno","Festival de Cine dd Tribeca","Tribeca"],"articleSection":["Destacados","Festivales de Cine"],"inLanguage":"es"},{"@type":"WebPage","@id":"https:\/\/clientesbrandbits.click\/dos-peliculas-chilenas-estaran-en-el-festival-de-tribeca-2\/","url":"https:\/\/clientesbrandbits.click\/dos-peliculas-chilenas-estaran-en-el-festival-de-tribeca-2\/","name":"Dos Pel\u00edculas Chilenas estar\u00e1n en el Festival de Tribeca - Spanglish Cinema","isPartOf":{"@id":"https:\/\/clientesbrandbits.click\/#website"},"primaryImageOfPage":{"@id":"https:\/\/clientesbrandbits.click\/dos-peliculas-chilenas-estaran-en-el-festival-de-tribeca-2\/#primaryimage"},"image":{"@id":"https:\/\/clientesbrandbits.click\/dos-peliculas-chilenas-estaran-en-el-festival-de-tribeca-2\/#primaryimage"},"thumbnailUrl":"https:\/\/clientesbrandbits.click\/wp-content\/uploads\/2024\/04\/maxresdefault-1.jpg","datePublished":"2024-06-05T17:23:57+00:00","dateModified":"2024-06-08T22:15:55+00:00","description":"\u201cPir\u00f3polis\u201d y \u201cEl ladr\u00f3n de Perros\u201d, dos pel\u00edculas chilenas, estar\u00e1n en la selecci\u00f3n del Festival de Cine de Tribeca.","breadcrumb":{"@id":"https:\/\/clientesbrandbits.click\/dos-peliculas-chilenas-estaran-en-el-festival-de-tribeca-2\/#breadcrumb"},"inLanguage":"es","potentialAction":[{"@type":"ReadAction","target":["https:\/\/clientesbrandbits.click\/dos-peliculas-chilenas-estaran-en-el-festival-de-tribeca-2\/"]}]},{"@type":"ImageObject","inLanguage":"es","@id":"https:\/\/clientesbrandbits.click\/dos-peliculas-chilenas-estaran-en-el-festival-de-tribeca-2\/#primaryimage","url":"https:\/\/clientesbrandbits.click\/wp-content\/uploads\/2024\/04\/maxresdefault-1.jpg","contentUrl":"https:\/\/clientesbrandbits.click\/wp-content\/uploads\/2024\/04\/maxresdefault-1.jpg","width":1280,"height":720},{"@type":"BreadcrumbList","@id":"https:\/\/clientesbrandbits.click\/dos-peliculas-chilenas-estaran-en-el-festival-de-tribeca-2\/#breadcrumb","itemListElement":[{"@type":"ListItem","position":1,"name":"Portada","item":"https:\/\/clientesbrandbits.click\/"},{"@type":"ListItem","position":2,"name":"Dos Pel\u00edculas Chilenas estar\u00e1n en el Festival de Tribeca"}]},{"@type":"WebSite","@id":"https:\/\/clientesbrandbits.click\/#website","url":"https:\/\/clientesbrandbits.click\/","name":"Spanglish Cinema","description":"","publisher":{"@id":"https:\/\/clientesbrandbits.click\/#organization"},"potentialAction":[{"@type":"SearchAction","target":{"@type":"EntryPoint","urlTemplate":"https:\/\/clientesbrandbits.click\/?s={search_term_string}"},"query-input":"required name=search_term_string"}],"inLanguage":"es"},{"@type":"Organization","@id":"https:\/\/clientesbrandbits.click\/#organization","name":"Spanglish Cinema","url":"https:\/\/clientesbrandbits.click\/","logo":{"@type":"ImageObject","inLanguage":"es","@id":"https:\/\/clientesbrandbits.click\/#\/schema\/logo\/image\/","url":"https:\/\/clientesbrandbits.click\/wp-content\/uploads\/2024\/03\/spanglish_cinema.png","contentUrl":"https:\/\/clientesbrandbits.click\/wp-content\/uploads\/2024\/03\/spanglish_cinema.png","width":612,"height":225,"caption":"Spanglish Cinema"},"image":{"@id":"https:\/\/clientesbrandbits.click\/#\/schema\/logo\/image\/"}},{"@type":"Person","@id":"https:\/\/clientesbrandbits.click\/#\/schema\/person\/fedc39f5790928deafca5719b3588db2","name":"Francisca Romero","image":{"@type":"ImageObject","inLanguage":"es","@id":"https:\/\/clientesbrandbits.click\/#\/schema\/person\/image\/","url":"https:\/\/secure.gravatar.com\/avatar\/59bbcac6a15502dc7740d8ba94724e62?s=96&d=mm&r=g","contentUrl":"https:\/\/secure.gravatar.com\/avatar\/59bbcac6a15502dc7740d8ba94724e62?s=96&d=mm&r=g","caption":"Francisca Romero"},"url":"https:\/\/clientesbrandbits.click\/es\/author\/francisca-romero\/"}]}},"_links":{"self":[{"href":"https:\/\/clientesbrandbits.click\/es\/wp-json\/wp\/v2\/posts\/1698"}],"collection":[{"href":"https:\/\/clientesbrandbits.click\/es\/wp-json\/wp\/v2\/posts"}],"about":[{"href":"https:\/\/clientesbrandbits.click\/es\/wp-json\/wp\/v2\/types\/post"}],"author":[{"embeddable":true,"href":"https:\/\/clientesbrandbits.click\/es\/wp-json\/wp\/v2\/users\/2"}],"replies":[{"embeddable":true,"href":"https:\/\/clientesbrandbits.click\/es\/wp-json\/wp\/v2\/comments?post=1698"}],"version-history":[{"count":1,"href":"https:\/\/clientesbrandbits.click\/es\/wp-json\/wp\/v2\/posts\/1698\/revisions"}],"predecessor-version":[{"id":1699,"href":"https:\/\/clientesbrandbits.click\/es\/wp-json\/wp\/v2\/posts\/1698\/revisions\/1699"}],"wp:featuredmedia":[{"embeddable":true,"href":"https:\/\/clientesbrandbits.click\/es\/wp-json\/wp\/v2\/media\/1018"}],"wp:attachment":[{"href":"https:\/\/clientesbrandbits.click\/es\/wp-json\/wp\/v2\/media?parent=1698"}],"wp:term":[{"taxonomy":"category","embeddable":true,"href":"https:\/\/clientesbrandbits.click\/es\/wp-json\/wp\/v2\/categories?post=1698"},{"taxonomy":"post_tag","embeddable":true,"href":"https:\/\/clientesbrandbits.click\/es\/wp-json\/wp\/v2\/tags?post=1698"}],"curies":[{"name":"wp","href":"https:\/\/api.w.org\/{rel}","templated":true}]}}