{"id":1695,"date":"2024-06-04T15:40:02","date_gmt":"2024-06-04T19:40:02","guid":{"rendered":"https:\/\/clientesbrandbits.click\/?p=1695"},"modified":"2024-06-06T06:38:55","modified_gmt":"2024-06-06T10:38:55","slug":"el-26o-festival-de-cine-europeo-estrenara-ocho-premiados-documentales","status":"publish","type":"post","link":"https:\/\/clientesbrandbits.click\/es\/el-26o-festival-de-cine-europeo-estrenara-ocho-premiados-documentales\/","title":{"rendered":"El 26\u00ba Festival de Cine Europeo estrenar\u00e1 ocho premiados documentales"},"content":{"rendered":"<p style=\"text-align: justify;\">En su misi\u00f3n de acercar las pel\u00edculas europeas al p\u00fablico chileno, el\u00a0<span class=\"il\">Festival<\/span>\u00a0de\u00a0<span class=\"il\">Cine<\/span>\u00a0<span class=\"il\">Europeo<\/span>\u00a0program\u00f3 una relevante selecci\u00f3n de documentales que se realiza en los pa\u00edses participantes. Este a\u00f1o, en la 26\u00aa edici\u00f3n del evento, se proyectar\u00e1n ocho obras que demuestran la calidad del\u00a0<span class=\"il\">cine<\/span>\u00a0de realidad.<\/p>\n<p style=\"text-align: justify;\">Todas las exhibiciones son gratuitas y cada edici\u00f3n ofrece adem\u00e1s actividades paralelas de mediaci\u00f3n y educaci\u00f3n en torno a los filmes. Estos recorrer\u00e1n Chile, de Arica a Punta Arenas, gracias a una alianza con la Red de Salas que permitir\u00e1 que la programaci\u00f3n sea apreciada en 23 sedes a lo largo del pa\u00eds.<\/p>\n<p style=\"text-align: justify;\">El evento se realizar\u00e1 del 5 al 16 de junio, ofreciendo una experiencia cinematogr\u00e1fica \u00fanica para todos los amantes del\u00a0<span class=\"il\">cine<\/span>\u00a0en Chile.<\/p>\n<p style=\"text-align: justify;\">El\u00a0<span class=\"il\">Festival<\/span>\u00a0de\u00a0<span class=\"il\">Cine<\/span>\u00a0<span class=\"il\">Europeo<\/span>\u00a0es una actividad coordinada por la Delegaci\u00f3n de la Uni\u00f3n Europea en Chile, en conjunto con los centros culturales europeos y pa\u00edses europeos participantes.<\/p>\n<p>M\u00e1s informaci\u00f3n y programaci\u00f3n en\u00a0<a href=\"http:\/\/festivalcineeuropeo.cl\/\" target=\"_blank\" rel=\"noopener\" data-saferedirecturl=\"https:\/\/www.google.com\/url?q=http:\/\/festivalcineeuropeo.cl&amp;source=gmail&amp;ust=1717692682441000&amp;usg=AOvVaw3P4qVDY4alJnGyz5BwOosr\">festivalcineeuropeo.cl<\/a><\/p>\n<p style=\"text-align: justify;\"><strong>RETRATOS DE ARTISTAS: De Herzog a Polanski\u00a0<\/strong><br \/>\nEn la programaci\u00f3n destacan algunos documentales sobre cineastas y artistas que vale la pena descubrir.<\/p>\n<p style=\"text-align: justify;\"><strong>\u201cWerner Herzog: Radical dreamer\u201d (Thomas von Steinaecker, Alemania).<\/strong><br \/>\nLa pel\u00edcula que abrir\u00e1 el\u00a0<span class=\"il\">festival<\/span>\u00a0este a\u00f1o es un retrato del gran cineasta alem\u00e1n Werner Herzog. El director Thomas von Steinaecker analiza el trabajo de este so\u00f1ador visionario. El propio director, acompa\u00f1ado de su entorno m\u00e1s cercano, incluida su mujer, revisan su carrera desde sus inicios en el\u00a0<span class=\"il\">cine<\/span>. Junto a ellos, Nicole Kidman, Christian Bale y Robert Pattinson repasan sus trabajos con \u00e9l, Wim Wenders relata c\u00f3mo el director le ayud\u00f3 a llegar a un p\u00fablico m\u00e1s amplio y Chloe Zhao habla de su admiraci\u00f3n por el cineasta alem\u00e1n. Estos son algunos de los rostros que acompa\u00f1an a Wener Herzog, esta vez para hablar de los hechos.<br \/>\nThomas von Steinaecker se\u00f1ala:\u00a0<strong>\u201cCreo que hay dos razones principales por la que \u00e9l acept\u00f3 que lo siga con mi c\u00e1mara. La primera es que cumplir 80 a\u00f1os es diferente de cumplir 70; sabes que probablemente cumplir 90 no ser\u00e1 tan agradable como cumplir 80. Y, por supuesto, empiezas a preocuparte -como experiment\u00e9 con Werner- por tu legado y por lo que pasar\u00e1 despu\u00e9s de tu muerte\u201d.<\/strong><\/p>\n<p style=\"text-align: justify;\"><strong>\u201cPolanski, Horowitz. Hometown\u201d (Mateusz Kudla, Anna Kokoszka-Romer, Polonia)<\/strong><br \/>\nEste conmovedor documental cuenta la historia de dos amigos de infancia: el cineasta Roman Polanski y el fot\u00f3grafo Ryszard Horowitz, quienes vuelven a encontrarse en Cracovia, donde de ni\u00f1os vivieron encerrados en el gueto jud\u00edo. Horowitz, uno de los nombres de la lista de Schindler, fue llevado al campo de concentraci\u00f3n de Auchwitz con tan s\u00f3lo cinco a\u00f1os. Polanski logr\u00f3 escapar del gueto y sobrevivi\u00f3 acogido por una familia polaca. Ochenta a\u00f1os despu\u00e9s juntos recorren las calles cracovianas rememorando aquel tiempo, recordando el horror de la guerra, reflexionando sobre sus vidas, su amistad y el destino que compartieron.<br \/>\nSeg\u00fan Kudla, uno de los realizadores, es un documental sobre \u201cmemoria, confrontaci\u00f3n con el pasado, trauma y destino\u201d.<\/p>\n<p style=\"text-align: justify;\"><strong>\u201cHistorja\u201d (Thomas Jackson, Suecia)<\/strong><br \/>\nEste filme presenta la sorprendente historia de la artista sami Britta Marakatt-Labba. Su arte describe la cultura Sami, actual e hist\u00f3ricamente, y la cr\u00eda de renos, amenazada por la crisis clim\u00e1tica global. Ha representado durante d\u00e9cadas la mitolog\u00eda, la relaci\u00f3n con la naturaleza y la lucha pol\u00edtica del pueblo ind\u00edgena sam\u00ed. Ahora se enfrenta a una \u00faltima pelea; la batalla por su cultura contra las amenazas del cambio clim\u00e1tico.<\/p>\n<p style=\"text-align: justify;\"><strong>Canciones, culturas y paisajes\u00a0<\/strong><br \/>\nEl\u00a0<span class=\"il\">Festival<\/span>\u00a0de\u00a0<span class=\"il\">Cine<\/span>\u00a0<span class=\"il\">Europeo<\/span>\u00a0tambi\u00e9n permitir\u00e1 a los espectadores acercarse a cultura y paisajes de lugares remotos a trav\u00e9s de un par de aclamados documentales.<\/p>\n<p style=\"text-align: justify;\"><strong>\u201cNorth Circular\u201d (Luke McManus, Irlanda)<\/strong><br \/>\nEste bello y estilizado documental musical recorre la carretera North Circular de Dubl\u00edn, tropezando con sus habitantes y escuchando sus historias y canciones. Aplaudido en festivales como Sheffield Doc Fest, llega avalado por la cr\u00edtica. The Guardian lo calific\u00f3 como \u201cResonante, v\u00edvido y hermosamente filmado\u201d.<\/p>\n<p style=\"text-align: justify;\"><strong>\u201cNous, \u00c9tudiants!\u201d (Rafiki Fariala, RDC\/Central Africa\/Francia)<\/strong><br \/>\nEn este documental, el cineasta Rafiki Fariala gira la c\u00e1mara hacia s\u00ed mismo y sus amigos, captando su vida cotidiana como estudiantes de la Universidad de Bangui. A la vez l\u00facidos y po\u00e9ticos, comparten sus reflexiones sobre su futuro en la Rep\u00fablica Centroafricana. Un retrato de la cultura, las costumbres y los sue\u00f1os de la juventud en esa zona de \u00c1frica.<br \/>\n\u201cNunca ha habido una pel\u00edcula centroafricana en la Berlinale. Es la primera vez que se proyecta una pel\u00edcula de la Rep\u00fablica Centroafricana en el\u00a0<span class=\"il\">Festival<\/span>\u00a0Internacional de\u00a0<span class=\"il\">Cine<\/span>\u00a0de Berl\u00edn. Para nosotros, es una manera de dar a conocer a\u00fan m\u00e1s la cultura centroafricana y de dar m\u00e1s visibilidad diciendo: nosotros, estudiantes de la Rep\u00fablica Centroafricana, estamos aqu\u00ed y nos presentamos internacionalmente. Mostramos nuestra cultura al mundo\u201d, dijo el director en el estreno de la pel\u00edcula en el\u00a0<span class=\"il\">festival<\/span>\u00a0alem\u00e1n.<\/p>\n<p style=\"text-align: justify;\"><strong>\u201cTales of the Sleeping Giants\u201d (Marko R\u00f6hr, Finlandia)<\/strong><br \/>\nEsta visualmente asombrosa pel\u00edcula ofrece un paseo por la naturaleza m\u00e1s m\u00edtica: las monta\u00f1as, lagos y r\u00edos de Laponia. Es un viaje a la rica mitolog\u00eda de los antiguos escandinavos y lapones contado en forma de pel\u00edcula sobre la naturaleza.<br \/>\n\u201cLas pel\u00edculas de naturaleza de Marko son de la m\u00e1xima calidad; tiene una verdadera mentalidad cinematogr\u00e1fica y entiende los requisitos visuales para llenar la gran pantalla\u201d, elogia el productor Sophokles Tasioulis, quien tambi\u00e9n estuvo detr\u00e1s de la exitosa \u201cEarth\u201d.<\/p>\n<p style=\"text-align: justify;\"><strong>Conflictos Mundiales<\/strong><br \/>\nEl\u00a0<span class=\"il\">festival<\/span>\u00a0proyectar\u00e1 tambi\u00e9n documentales que dan cuenta de choques culturales y conflictos en el mundo. Una preocupaci\u00f3n por el estado del mundo que siempre est\u00e1 presente en la muestra.<\/p>\n<p style=\"text-align: justify;\"><strong>\u201cAl Djanat, The original Paradise\u201d (Chlo\u00e9 A\u00efcha Boro, Burkina Faso\/Francia)<\/strong><br \/>\nTras la muerte de su t\u00edo, un dignatario mandingo islamista, la directora filma el patio de su familia. Ha estallado una disputa por la propiedad entre los defensores del derecho tradicional y los partidarios del derecho oficial, heredado de la colonizaci\u00f3n europea. El patio se convierte en el teatro donde se juega el futuro de una familia emblem\u00e1tica.<\/p>\n<p style=\"text-align: justify;\"><strong>\u201cCartas a uma ditadura\u201d (In\u00eas De Medeiros, Portugal)<\/strong><br \/>\nCientos de cartas escritas en 1958 por mujeres portuguesas son descubiertas en una librer\u00eda de usados. Se trata de respuestas a una circular enviada por el Movimiento Nacional de Mujeres Portuguesas, un misterioso \u00f3rgano de propaganda.<\/p>\n<p><iframe title=\"Spot 26\u00b0 Festival de Cine Europeo\" width=\"1200\" height=\"675\" src=\"https:\/\/www.youtube.com\/embed\/SoeytPnOIko?feature=oembed\" frameborder=\"0\" allow=\"accelerometer; autoplay; clipboard-write; encrypted-media; gyroscope; picture-in-picture; web-share\" referrerpolicy=\"strict-origin-when-cross-origin\" allowfullscreen><\/iframe><\/p>\n","protected":false},"excerpt":{"rendered":"<p>En su misi\u00f3n de acercar las pel\u00edculas europeas al p\u00fablico chileno, el\u00a0Festival\u00a0de\u00a0Cine\u00a0Europeo\u00a0program\u00f3 una relevante selecci\u00f3n de documentales que se realiza en los pa\u00edses participantes. Este a\u00f1o, en la 26\u00aa edici\u00f3n del evento, se proyectar\u00e1n ocho obras que demuestran la calidad &#8230; <a title=\"El 26\u00ba Festival de Cine Europeo estrenar\u00e1 ocho premiados documentales\" class=\"read-more\" href=\"https:\/\/clientesbrandbits.click\/es\/el-26o-festival-de-cine-europeo-estrenara-ocho-premiados-documentales\/\" aria-label=\"Leer m\u00e1s sobre El 26\u00ba Festival de Cine Europeo estrenar\u00e1 ocho premiados documentales\">Leer M\u00e1s<\/a><\/p>\n","protected":false},"author":5,"featured_media":1697,"comment_status":"closed","ping_status":"closed","sticky":false,"template":"","format":"standard","meta":{"_joinchat":[],"footnotes":""},"categories":[112,11],"tags":[147],"class_list":["post-1695","post","type-post","status-publish","format-standard","has-post-thumbnail","hentry","category-destacados","category-festivales-de-cine","tag-festival-de-cine-europeo","infinite-scroll-item"],"yoast_head":"<!-- This site is optimized with the Yoast SEO plugin v22.8 - https:\/\/yoast.com\/wordpress\/plugins\/seo\/ -->\n<title>El 26\u00ba Festival de Cine Europeo estrenar\u00e1 ocho premiados documentales - Spanglish Cinema<\/title>\n<meta name=\"description\" content=\"En su misi\u00f3n de acercar las pel\u00edculas europeas al p\u00fablico chileno, el\u00a0Festival\u00a0de\u00a0Cine\u00a0Europeo\u00a0program\u00f3 una relevante selecci\u00f3n de documentales que se realiza en los pa\u00edses participantes. Este a\u00f1o, en la 26\u00aa edici\u00f3n del evento, se proyectar\u00e1n ocho obras que demuestran la calidad del\u00a0cine\u00a0de realidad.\" \/>\n<meta name=\"robots\" content=\"index, follow, max-snippet:-1, max-image-preview:large, max-video-preview:-1\" \/>\n<link rel=\"canonical\" href=\"https:\/\/clientesbrandbits.click\/es\/el-26o-festival-de-cine-europeo-estrenara-ocho-premiados-documentales\/\" \/>\n<meta property=\"og:locale\" content=\"es_ES\" \/>\n<meta property=\"og:type\" content=\"article\" \/>\n<meta property=\"og:title\" content=\"El 26\u00ba Festival de Cine Europeo estrenar\u00e1 ocho premiados documentales - Spanglish Cinema\" \/>\n<meta property=\"og:description\" content=\"En su misi\u00f3n de acercar las pel\u00edculas europeas al p\u00fablico chileno, el\u00a0Festival\u00a0de\u00a0Cine\u00a0Europeo\u00a0program\u00f3 una relevante selecci\u00f3n de documentales que se realiza en los pa\u00edses participantes. Este a\u00f1o, en la 26\u00aa edici\u00f3n del evento, se proyectar\u00e1n ocho obras que demuestran la calidad del\u00a0cine\u00a0de realidad.\" \/>\n<meta property=\"og:url\" content=\"https:\/\/clientesbrandbits.click\/es\/el-26o-festival-de-cine-europeo-estrenara-ocho-premiados-documentales\/\" \/>\n<meta property=\"og:site_name\" content=\"Spanglish Cinema\" \/>\n<meta property=\"article:published_time\" content=\"2024-06-04T19:40:02+00:00\" \/>\n<meta property=\"article:modified_time\" content=\"2024-06-06T10:38:55+00:00\" \/>\n<meta property=\"og:image\" content=\"https:\/\/clientesbrandbits.click\/wp-content\/uploads\/2024\/06\/c424eb7f68dcf9b88df76bde2df6a49591e5c02ad3adf33bb6dde5a48fe6cd6b._SX1080_FMjpg_.jpg\" \/>\n\t<meta property=\"og:image:width\" content=\"1080\" \/>\n\t<meta property=\"og:image:height\" content=\"608\" \/>\n\t<meta property=\"og:image:type\" content=\"image\/jpeg\" \/>\n<meta name=\"author\" content=\"Elizabeth Salazar\" \/>\n<meta name=\"twitter:card\" content=\"summary_large_image\" \/>\n<meta name=\"twitter:label1\" content=\"Escrito por\" \/>\n\t<meta name=\"twitter:data1\" content=\"Elizabeth Salazar\" \/>\n\t<meta name=\"twitter:label2\" content=\"Tiempo de lectura\" \/>\n\t<meta name=\"twitter:data2\" content=\"5 minutos\" \/>\n<script type=\"application\/ld+json\" class=\"yoast-schema-graph\">{\"@context\":\"https:\/\/schema.org\",\"@graph\":[{\"@type\":\"Article\",\"@id\":\"https:\/\/clientesbrandbits.click\/el-26o-festival-de-cine-europeo-estrenara-ocho-premiados-documentales\/#article\",\"isPartOf\":{\"@id\":\"https:\/\/clientesbrandbits.click\/el-26o-festival-de-cine-europeo-estrenara-ocho-premiados-documentales\/\"},\"author\":{\"name\":\"Elizabeth Salazar\",\"@id\":\"https:\/\/clientesbrandbits.click\/#\/schema\/person\/3582a766d1bd629325b8cb5e303f4963\"},\"headline\":\"El 26\u00ba Festival de Cine Europeo estrenar\u00e1 ocho premiados documentales\",\"datePublished\":\"2024-06-04T19:40:02+00:00\",\"dateModified\":\"2024-06-06T10:38:55+00:00\",\"mainEntityOfPage\":{\"@id\":\"https:\/\/clientesbrandbits.click\/el-26o-festival-de-cine-europeo-estrenara-ocho-premiados-documentales\/\"},\"wordCount\":1130,\"publisher\":{\"@id\":\"https:\/\/clientesbrandbits.click\/#organization\"},\"image\":{\"@id\":\"https:\/\/clientesbrandbits.click\/el-26o-festival-de-cine-europeo-estrenara-ocho-premiados-documentales\/#primaryimage\"},\"thumbnailUrl\":\"https:\/\/clientesbrandbits.click\/wp-content\/uploads\/2024\/06\/c424eb7f68dcf9b88df76bde2df6a49591e5c02ad3adf33bb6dde5a48fe6cd6b._SX1080_FMjpg_.jpg\",\"keywords\":[\"Festival de Cine Europeo\"],\"articleSection\":[\"Destacados\",\"Festivales de Cine\"],\"inLanguage\":\"es\"},{\"@type\":\"WebPage\",\"@id\":\"https:\/\/clientesbrandbits.click\/el-26o-festival-de-cine-europeo-estrenara-ocho-premiados-documentales\/\",\"url\":\"https:\/\/clientesbrandbits.click\/el-26o-festival-de-cine-europeo-estrenara-ocho-premiados-documentales\/\",\"name\":\"El 26\u00ba Festival de Cine Europeo estrenar\u00e1 ocho premiados documentales - Spanglish Cinema\",\"isPartOf\":{\"@id\":\"https:\/\/clientesbrandbits.click\/#website\"},\"primaryImageOfPage\":{\"@id\":\"https:\/\/clientesbrandbits.click\/el-26o-festival-de-cine-europeo-estrenara-ocho-premiados-documentales\/#primaryimage\"},\"image\":{\"@id\":\"https:\/\/clientesbrandbits.click\/el-26o-festival-de-cine-europeo-estrenara-ocho-premiados-documentales\/#primaryimage\"},\"thumbnailUrl\":\"https:\/\/clientesbrandbits.click\/wp-content\/uploads\/2024\/06\/c424eb7f68dcf9b88df76bde2df6a49591e5c02ad3adf33bb6dde5a48fe6cd6b._SX1080_FMjpg_.jpg\",\"datePublished\":\"2024-06-04T19:40:02+00:00\",\"dateModified\":\"2024-06-06T10:38:55+00:00\",\"description\":\"En su misi\u00f3n de acercar las pel\u00edculas europeas al p\u00fablico chileno, el\u00a0Festival\u00a0de\u00a0Cine\u00a0Europeo\u00a0program\u00f3 una relevante selecci\u00f3n de documentales que se realiza en los pa\u00edses participantes. Este a\u00f1o, en la 26\u00aa edici\u00f3n del evento, se proyectar\u00e1n ocho obras que demuestran la calidad del\u00a0cine\u00a0de realidad.\",\"breadcrumb\":{\"@id\":\"https:\/\/clientesbrandbits.click\/el-26o-festival-de-cine-europeo-estrenara-ocho-premiados-documentales\/#breadcrumb\"},\"inLanguage\":\"es\",\"potentialAction\":[{\"@type\":\"ReadAction\",\"target\":[\"https:\/\/clientesbrandbits.click\/el-26o-festival-de-cine-europeo-estrenara-ocho-premiados-documentales\/\"]}]},{\"@type\":\"ImageObject\",\"inLanguage\":\"es\",\"@id\":\"https:\/\/clientesbrandbits.click\/el-26o-festival-de-cine-europeo-estrenara-ocho-premiados-documentales\/#primaryimage\",\"url\":\"https:\/\/clientesbrandbits.click\/wp-content\/uploads\/2024\/06\/c424eb7f68dcf9b88df76bde2df6a49591e5c02ad3adf33bb6dde5a48fe6cd6b._SX1080_FMjpg_.jpg\",\"contentUrl\":\"https:\/\/clientesbrandbits.click\/wp-content\/uploads\/2024\/06\/c424eb7f68dcf9b88df76bde2df6a49591e5c02ad3adf33bb6dde5a48fe6cd6b._SX1080_FMjpg_.jpg\",\"width\":1080,\"height\":608},{\"@type\":\"BreadcrumbList\",\"@id\":\"https:\/\/clientesbrandbits.click\/el-26o-festival-de-cine-europeo-estrenara-ocho-premiados-documentales\/#breadcrumb\",\"itemListElement\":[{\"@type\":\"ListItem\",\"position\":1,\"name\":\"Portada\",\"item\":\"https:\/\/clientesbrandbits.click\/\"},{\"@type\":\"ListItem\",\"position\":2,\"name\":\"El 26\u00ba Festival de Cine Europeo estrenar\u00e1 ocho premiados documentales\"}]},{\"@type\":\"WebSite\",\"@id\":\"https:\/\/clientesbrandbits.click\/#website\",\"url\":\"https:\/\/clientesbrandbits.click\/\",\"name\":\"Spanglish Cinema\",\"description\":\"\",\"publisher\":{\"@id\":\"https:\/\/clientesbrandbits.click\/#organization\"},\"potentialAction\":[{\"@type\":\"SearchAction\",\"target\":{\"@type\":\"EntryPoint\",\"urlTemplate\":\"https:\/\/clientesbrandbits.click\/?s={search_term_string}\"},\"query-input\":\"required name=search_term_string\"}],\"inLanguage\":\"es\"},{\"@type\":\"Organization\",\"@id\":\"https:\/\/clientesbrandbits.click\/#organization\",\"name\":\"Spanglish Cinema\",\"url\":\"https:\/\/clientesbrandbits.click\/\",\"logo\":{\"@type\":\"ImageObject\",\"inLanguage\":\"es\",\"@id\":\"https:\/\/clientesbrandbits.click\/#\/schema\/logo\/image\/\",\"url\":\"https:\/\/clientesbrandbits.click\/wp-content\/uploads\/2024\/03\/spanglish_cinema.png\",\"contentUrl\":\"https:\/\/clientesbrandbits.click\/wp-content\/uploads\/2024\/03\/spanglish_cinema.png\",\"width\":612,\"height\":225,\"caption\":\"Spanglish Cinema\"},\"image\":{\"@id\":\"https:\/\/clientesbrandbits.click\/#\/schema\/logo\/image\/\"}},{\"@type\":\"Person\",\"@id\":\"https:\/\/clientesbrandbits.click\/#\/schema\/person\/3582a766d1bd629325b8cb5e303f4963\",\"name\":\"Elizabeth Salazar\",\"image\":{\"@type\":\"ImageObject\",\"inLanguage\":\"es\",\"@id\":\"https:\/\/clientesbrandbits.click\/#\/schema\/person\/image\/\",\"url\":\"https:\/\/secure.gravatar.com\/avatar\/ddf69a5ddae2a61929dd4e305eb31658?s=96&d=mm&r=g\",\"contentUrl\":\"https:\/\/secure.gravatar.com\/avatar\/ddf69a5ddae2a61929dd4e305eb31658?s=96&d=mm&r=g\",\"caption\":\"Elizabeth Salazar\"},\"url\":\"https:\/\/clientesbrandbits.click\/es\/author\/elizabeth-salazar\/\"}]}<\/script>\n<!-- \/ Yoast SEO plugin. -->","yoast_head_json":{"title":"El 26\u00ba Festival de Cine Europeo estrenar\u00e1 ocho premiados documentales - Spanglish Cinema","description":"En su misi\u00f3n de acercar las pel\u00edculas europeas al p\u00fablico chileno, el\u00a0Festival\u00a0de\u00a0Cine\u00a0Europeo\u00a0program\u00f3 una relevante selecci\u00f3n de documentales que se realiza en los pa\u00edses participantes. Este a\u00f1o, en la 26\u00aa edici\u00f3n del evento, se proyectar\u00e1n ocho obras que demuestran la calidad del\u00a0cine\u00a0de realidad.","robots":{"index":"index","follow":"follow","max-snippet":"max-snippet:-1","max-image-preview":"max-image-preview:large","max-video-preview":"max-video-preview:-1"},"canonical":"https:\/\/clientesbrandbits.click\/es\/el-26o-festival-de-cine-europeo-estrenara-ocho-premiados-documentales\/","og_locale":"es_ES","og_type":"article","og_title":"El 26\u00ba Festival de Cine Europeo estrenar\u00e1 ocho premiados documentales - Spanglish Cinema","og_description":"En su misi\u00f3n de acercar las pel\u00edculas europeas al p\u00fablico chileno, el\u00a0Festival\u00a0de\u00a0Cine\u00a0Europeo\u00a0program\u00f3 una relevante selecci\u00f3n de documentales que se realiza en los pa\u00edses participantes. Este a\u00f1o, en la 26\u00aa edici\u00f3n del evento, se proyectar\u00e1n ocho obras que demuestran la calidad del\u00a0cine\u00a0de realidad.","og_url":"https:\/\/clientesbrandbits.click\/es\/el-26o-festival-de-cine-europeo-estrenara-ocho-premiados-documentales\/","og_site_name":"Spanglish Cinema","article_published_time":"2024-06-04T19:40:02+00:00","article_modified_time":"2024-06-06T10:38:55+00:00","og_image":[{"width":1080,"height":608,"url":"https:\/\/clientesbrandbits.click\/wp-content\/uploads\/2024\/06\/c424eb7f68dcf9b88df76bde2df6a49591e5c02ad3adf33bb6dde5a48fe6cd6b._SX1080_FMjpg_.jpg","type":"image\/jpeg"}],"author":"Elizabeth Salazar","twitter_card":"summary_large_image","twitter_misc":{"Escrito por":"Elizabeth Salazar","Tiempo de lectura":"5 minutos"},"schema":{"@context":"https:\/\/schema.org","@graph":[{"@type":"Article","@id":"https:\/\/clientesbrandbits.click\/el-26o-festival-de-cine-europeo-estrenara-ocho-premiados-documentales\/#article","isPartOf":{"@id":"https:\/\/clientesbrandbits.click\/el-26o-festival-de-cine-europeo-estrenara-ocho-premiados-documentales\/"},"author":{"name":"Elizabeth Salazar","@id":"https:\/\/clientesbrandbits.click\/#\/schema\/person\/3582a766d1bd629325b8cb5e303f4963"},"headline":"El 26\u00ba Festival de Cine Europeo estrenar\u00e1 ocho premiados documentales","datePublished":"2024-06-04T19:40:02+00:00","dateModified":"2024-06-06T10:38:55+00:00","mainEntityOfPage":{"@id":"https:\/\/clientesbrandbits.click\/el-26o-festival-de-cine-europeo-estrenara-ocho-premiados-documentales\/"},"wordCount":1130,"publisher":{"@id":"https:\/\/clientesbrandbits.click\/#organization"},"image":{"@id":"https:\/\/clientesbrandbits.click\/el-26o-festival-de-cine-europeo-estrenara-ocho-premiados-documentales\/#primaryimage"},"thumbnailUrl":"https:\/\/clientesbrandbits.click\/wp-content\/uploads\/2024\/06\/c424eb7f68dcf9b88df76bde2df6a49591e5c02ad3adf33bb6dde5a48fe6cd6b._SX1080_FMjpg_.jpg","keywords":["Festival de Cine Europeo"],"articleSection":["Destacados","Festivales de Cine"],"inLanguage":"es"},{"@type":"WebPage","@id":"https:\/\/clientesbrandbits.click\/el-26o-festival-de-cine-europeo-estrenara-ocho-premiados-documentales\/","url":"https:\/\/clientesbrandbits.click\/el-26o-festival-de-cine-europeo-estrenara-ocho-premiados-documentales\/","name":"El 26\u00ba Festival de Cine Europeo estrenar\u00e1 ocho premiados documentales - Spanglish Cinema","isPartOf":{"@id":"https:\/\/clientesbrandbits.click\/#website"},"primaryImageOfPage":{"@id":"https:\/\/clientesbrandbits.click\/el-26o-festival-de-cine-europeo-estrenara-ocho-premiados-documentales\/#primaryimage"},"image":{"@id":"https:\/\/clientesbrandbits.click\/el-26o-festival-de-cine-europeo-estrenara-ocho-premiados-documentales\/#primaryimage"},"thumbnailUrl":"https:\/\/clientesbrandbits.click\/wp-content\/uploads\/2024\/06\/c424eb7f68dcf9b88df76bde2df6a49591e5c02ad3adf33bb6dde5a48fe6cd6b._SX1080_FMjpg_.jpg","datePublished":"2024-06-04T19:40:02+00:00","dateModified":"2024-06-06T10:38:55+00:00","description":"En su misi\u00f3n de acercar las pel\u00edculas europeas al p\u00fablico chileno, el\u00a0Festival\u00a0de\u00a0Cine\u00a0Europeo\u00a0program\u00f3 una relevante selecci\u00f3n de documentales que se realiza en los pa\u00edses participantes. Este a\u00f1o, en la 26\u00aa edici\u00f3n del evento, se proyectar\u00e1n ocho obras que demuestran la calidad del\u00a0cine\u00a0de realidad.","breadcrumb":{"@id":"https:\/\/clientesbrandbits.click\/el-26o-festival-de-cine-europeo-estrenara-ocho-premiados-documentales\/#breadcrumb"},"inLanguage":"es","potentialAction":[{"@type":"ReadAction","target":["https:\/\/clientesbrandbits.click\/el-26o-festival-de-cine-europeo-estrenara-ocho-premiados-documentales\/"]}]},{"@type":"ImageObject","inLanguage":"es","@id":"https:\/\/clientesbrandbits.click\/el-26o-festival-de-cine-europeo-estrenara-ocho-premiados-documentales\/#primaryimage","url":"https:\/\/clientesbrandbits.click\/wp-content\/uploads\/2024\/06\/c424eb7f68dcf9b88df76bde2df6a49591e5c02ad3adf33bb6dde5a48fe6cd6b._SX1080_FMjpg_.jpg","contentUrl":"https:\/\/clientesbrandbits.click\/wp-content\/uploads\/2024\/06\/c424eb7f68dcf9b88df76bde2df6a49591e5c02ad3adf33bb6dde5a48fe6cd6b._SX1080_FMjpg_.jpg","width":1080,"height":608},{"@type":"BreadcrumbList","@id":"https:\/\/clientesbrandbits.click\/el-26o-festival-de-cine-europeo-estrenara-ocho-premiados-documentales\/#breadcrumb","itemListElement":[{"@type":"ListItem","position":1,"name":"Portada","item":"https:\/\/clientesbrandbits.click\/"},{"@type":"ListItem","position":2,"name":"El 26\u00ba Festival de Cine Europeo estrenar\u00e1 ocho premiados documentales"}]},{"@type":"WebSite","@id":"https:\/\/clientesbrandbits.click\/#website","url":"https:\/\/clientesbrandbits.click\/","name":"Spanglish Cinema","description":"","publisher":{"@id":"https:\/\/clientesbrandbits.click\/#organization"},"potentialAction":[{"@type":"SearchAction","target":{"@type":"EntryPoint","urlTemplate":"https:\/\/clientesbrandbits.click\/?s={search_term_string}"},"query-input":"required name=search_term_string"}],"inLanguage":"es"},{"@type":"Organization","@id":"https:\/\/clientesbrandbits.click\/#organization","name":"Spanglish Cinema","url":"https:\/\/clientesbrandbits.click\/","logo":{"@type":"ImageObject","inLanguage":"es","@id":"https:\/\/clientesbrandbits.click\/#\/schema\/logo\/image\/","url":"https:\/\/clientesbrandbits.click\/wp-content\/uploads\/2024\/03\/spanglish_cinema.png","contentUrl":"https:\/\/clientesbrandbits.click\/wp-content\/uploads\/2024\/03\/spanglish_cinema.png","width":612,"height":225,"caption":"Spanglish Cinema"},"image":{"@id":"https:\/\/clientesbrandbits.click\/#\/schema\/logo\/image\/"}},{"@type":"Person","@id":"https:\/\/clientesbrandbits.click\/#\/schema\/person\/3582a766d1bd629325b8cb5e303f4963","name":"Elizabeth Salazar","image":{"@type":"ImageObject","inLanguage":"es","@id":"https:\/\/clientesbrandbits.click\/#\/schema\/person\/image\/","url":"https:\/\/secure.gravatar.com\/avatar\/ddf69a5ddae2a61929dd4e305eb31658?s=96&d=mm&r=g","contentUrl":"https:\/\/secure.gravatar.com\/avatar\/ddf69a5ddae2a61929dd4e305eb31658?s=96&d=mm&r=g","caption":"Elizabeth Salazar"},"url":"https:\/\/clientesbrandbits.click\/es\/author\/elizabeth-salazar\/"}]}},"_links":{"self":[{"href":"https:\/\/clientesbrandbits.click\/es\/wp-json\/wp\/v2\/posts\/1695"}],"collection":[{"href":"https:\/\/clientesbrandbits.click\/es\/wp-json\/wp\/v2\/posts"}],"about":[{"href":"https:\/\/clientesbrandbits.click\/es\/wp-json\/wp\/v2\/types\/post"}],"author":[{"embeddable":true,"href":"https:\/\/clientesbrandbits.click\/es\/wp-json\/wp\/v2\/users\/5"}],"replies":[{"embeddable":true,"href":"https:\/\/clientesbrandbits.click\/es\/wp-json\/wp\/v2\/comments?post=1695"}],"version-history":[{"count":4,"href":"https:\/\/clientesbrandbits.click\/es\/wp-json\/wp\/v2\/posts\/1695\/revisions"}],"predecessor-version":[{"id":1705,"href":"https:\/\/clientesbrandbits.click\/es\/wp-json\/wp\/v2\/posts\/1695\/revisions\/1705"}],"wp:featuredmedia":[{"embeddable":true,"href":"https:\/\/clientesbrandbits.click\/es\/wp-json\/wp\/v2\/media\/1697"}],"wp:attachment":[{"href":"https:\/\/clientesbrandbits.click\/es\/wp-json\/wp\/v2\/media?parent=1695"}],"wp:term":[{"taxonomy":"category","embeddable":true,"href":"https:\/\/clientesbrandbits.click\/es\/wp-json\/wp\/v2\/categories?post=1695"},{"taxonomy":"post_tag","embeddable":true,"href":"https:\/\/clientesbrandbits.click\/es\/wp-json\/wp\/v2\/tags?post=1695"}],"curies":[{"name":"wp","href":"https:\/\/api.w.org\/{rel}","templated":true}]}}