{"id":1682,"date":"2024-06-04T15:43:32","date_gmt":"2024-06-04T19:43:32","guid":{"rendered":"https:\/\/clientesbrandbits.click\/?p=1682"},"modified":"2024-06-06T06:40:34","modified_gmt":"2024-06-06T10:40:34","slug":"este-miercoles-comienza-el-festival-todos-somos-diferentes","status":"publish","type":"post","link":"https:\/\/clientesbrandbits.click\/es\/este-miercoles-comienza-el-festival-todos-somos-diferentes\/","title":{"rendered":"Este mi\u00e9rcoles comienza el Festival Todos Somos Diferentes"},"content":{"rendered":"<p dir=\"ltr\" style=\"text-align: justify;\">Este mi\u00e9rcoles 5 de junio comenzar\u00e1 la novena edici\u00f3n del Festival Internacional de Cine Todos Somos Diferentes, en Antofagasta. A partir de las 10:00 horas, el taller Cine de Bolsillo dar\u00e1 el vamos a la interesante programaci\u00f3n del encuentro f\u00edlmico. Si bien esta instancia agot\u00f3 sus cupos, el p\u00fablico a\u00fan puede inscribirse en los talleres \u201cP\u00fablicos diversos y dise\u00f1o universal\u201d y \u201cDes-jerarquizaci\u00f3n de los sentidos para la creaci\u00f3n multisensorial\u201d.<\/p>\n<p dir=\"ltr\" style=\"text-align: justify;\">La primera competencia en ser exhibida ser\u00e1 la de Cortometraje Internacional, desde las 16:00 horas en Esquina Retornable. Este bloque estar\u00e1 compuesto por siete pel\u00edculas de Australia, Marruecos, Espa\u00f1a, Brasil y Ecuador. En cuanto al jurado, este lo conforman el director y productor antofagastino Jorge Donoso, la directora regional del Servicio Nacional de Discapacidad de Antofagasta, Vianney Sierralta, y la fot\u00f3grafa y documentalista mexicana Dana Albiker.<\/p>\n<p dir=\"ltr\" style=\"text-align: justify;\">En la competencia de Cortometraje Nacional, a desarrollarse este jueves tambi\u00e9n desde las 16:00, los jurados ser\u00e1n el comunicador audiovisual Maquito Sanhueza, la artista multidisciplinar V. Vejar Salazar y el cineasta colombiano Christian Ossa. A la misma hora, pero el viernes, ser\u00e1 el turno de la competencia de Cortometrajes de Organizaciones e Instituciones Educacionales, cuyo jurado estar\u00e1 compuesto por el\/la artista esc\u00e9nico Diego Ramos, el\/la artista visual Bruno Vera y la docente investigadora en Antropolog\u00eda de la Universidad de Antofagasta, Mailing Rivera.<\/p>\n<p dir=\"ltr\"><strong>Muestras Accesibles\u00a0<\/strong><\/p>\n<p dir=\"ltr\" style=\"text-align: justify;\">Adem\u00e1s de sus competencias oficiales y talleres, Todos Somos Diferentes tambi\u00e9n ofrecer\u00e1 una atractiva programaci\u00f3n de muestras accesibles. Este jueves y viernes, a las 12:00 y 19:00 horas, se exhibir\u00e1n las siguientes pel\u00edculas respectivamente: Ana y Bruno; Albertina y los muertos; El Sembrador y Harley Queen.<\/p>\n<p dir=\"ltr\">Tanto Ana y Bruno como El Sembrador son parte de un proyecto llamado Cine para Imaginar, cuyo objetivo es acercar a las personas con discapacidad y a las personas de la Comunidad Sorda de M\u00e9xico al cine mexicano, a trav\u00e9s de la accesibilidad: audiodescripci\u00f3n y mediaci\u00f3n ling\u00fc\u00edstica y cultural en Lengua de Se\u00f1as Mexicana.<\/p>\n<p dir=\"ltr\" style=\"text-align: justify;\">En el mediod\u00eda de este s\u00e1bado, el p\u00fablico antofagastino podr\u00e1 asistir al ciclo We Cam Fest, gracias a la colaboraci\u00f3n del certamen local con el festival de cine inclusivo y accesible m\u00e1s importante de Colombia, organizado por la Fundaci\u00f3n Cine Social y la Fundaci\u00f3n CIREC, que re\u00fane contenidos cinematogr\u00e1ficos relacionados con la discapacidad.<\/p>\n<p dir=\"ltr\"><strong>Entradas<\/strong><\/p>\n<p dir=\"ltr\" style=\"text-align: justify;\">Todas las exhibiciones del evento cinematogr\u00e1fico ser\u00e1n gratuitas y se realizar\u00e1n en Esquina Retornable Cine Club + Arte (El Tabo #665), en el sector Playa Blanca de Antofagasta. Para asegurar tus cupos es necesario ingresar a la web <a href=\"http:\/\/diferentes.cl\/\" target=\"_blank\" rel=\"noopener\" data-saferedirecturl=\"https:\/\/www.google.com\/url?q=http:\/\/diferentes.cl&amp;source=gmail&amp;ust=1717615575150000&amp;usg=AOvVaw3wKtIV7a3Wn4NQZw3U4DS1\">diferentes.cl<\/a> e inscribirte en los formularios disponibles para cada exhibici\u00f3n y taller. Estos tambi\u00e9n se pueden encontrar en las cuentas de Todos Somos Diferentes en redes sociales.<\/p>\n<p style=\"text-align: justify;\">Este proyecto es financiado por el Servicio Nacional de la Discapacidad \u2013 SENADIS, a trav\u00e9s del Fondo Nacional de Proyectos Inclusivos &#8211; FONAPI 2023, y organizado y producido por Retornable Centro Art\u00edstico Cultural, el encuentro cinematogr\u00e1fico busca visibilizar obras audiovisuales que abordan tem\u00e1ticas relacionadas con la participaci\u00f3n social y derechos de la comunidad de Personas con Discapacidad o Diversidad Funcional, tales como la desigualdad de oportunidades, inclusi\u00f3n, accesibilidad entre otros aspectos de la vida en sociedad.<\/p>\n<p><img fetchpriority=\"high\" decoding=\"async\" class=\"alignnone wp-image-1684 size-large\" src=\"https:\/\/clientesbrandbits.click\/wp-content\/uploads\/2024\/06\/Apuntes-para-Silvia-1024x576.jpg\" alt=\"\" width=\"1024\" height=\"576\" \/><\/p>\n","protected":false},"excerpt":{"rendered":"<p>Este mi\u00e9rcoles 5 de junio comenzar\u00e1 la novena edici\u00f3n del Festival Internacional de Cine Todos Somos Diferentes, en Antofagasta. A partir de las 10:00 horas, el taller Cine de Bolsillo dar\u00e1 el vamos a la interesante programaci\u00f3n del encuentro f\u00edlmico. &#8230; <a title=\"Este mi\u00e9rcoles comienza el Festival Todos Somos Diferentes\" class=\"read-more\" href=\"https:\/\/clientesbrandbits.click\/es\/este-miercoles-comienza-el-festival-todos-somos-diferentes\/\" aria-label=\"Leer m\u00e1s sobre Este mi\u00e9rcoles comienza el Festival Todos Somos Diferentes\">Leer M\u00e1s<\/a><\/p>\n","protected":false},"author":5,"featured_media":1683,"comment_status":"closed","ping_status":"closed","sticky":false,"template":"","format":"standard","meta":{"_joinchat":[],"footnotes":""},"categories":[11],"tags":[],"class_list":["post-1682","post","type-post","status-publish","format-standard","has-post-thumbnail","hentry","category-festivales-de-cine","infinite-scroll-item"],"yoast_head":"<!-- This site is optimized with the Yoast SEO plugin v22.8 - https:\/\/yoast.com\/wordpress\/plugins\/seo\/ -->\n<title>Este mi\u00e9rcoles comienza el Festival Todos Somos Diferentes - Spanglish Cinema<\/title>\n<meta name=\"description\" content=\"Este mi\u00e9rcoles 5 de junio comenzar\u00e1 la novena edici\u00f3n del Festival Internacional de Cine Todos Somos Diferentes, en Antofagasta. A partir de las 10:00 horas, el taller Cine de Bolsillo dar\u00e1 el vamos a la interesante programaci\u00f3n del encuentro f\u00edlmico. Si bien esta instancia agot\u00f3 sus cupos, el p\u00fablico a\u00fan puede inscribirse en los talleres \u201cP\u00fablicos diversos y dise\u00f1o universal\u201d y \u201cDes-jerarquizaci\u00f3n de los sentidos para la creaci\u00f3n multisensorial\u201d.\" \/>\n<meta name=\"robots\" content=\"index, follow, max-snippet:-1, max-image-preview:large, max-video-preview:-1\" \/>\n<link rel=\"canonical\" href=\"https:\/\/clientesbrandbits.click\/es\/este-miercoles-comienza-el-festival-todos-somos-diferentes\/\" \/>\n<meta property=\"og:locale\" content=\"es_ES\" \/>\n<meta property=\"og:type\" content=\"article\" \/>\n<meta property=\"og:title\" content=\"Este mi\u00e9rcoles comienza el Festival Todos Somos Diferentes - Spanglish Cinema\" \/>\n<meta property=\"og:description\" content=\"Este mi\u00e9rcoles 5 de junio comenzar\u00e1 la novena edici\u00f3n del Festival Internacional de Cine Todos Somos Diferentes, en Antofagasta. A partir de las 10:00 horas, el taller Cine de Bolsillo dar\u00e1 el vamos a la interesante programaci\u00f3n del encuentro f\u00edlmico. Si bien esta instancia agot\u00f3 sus cupos, el p\u00fablico a\u00fan puede inscribirse en los talleres \u201cP\u00fablicos diversos y dise\u00f1o universal\u201d y \u201cDes-jerarquizaci\u00f3n de los sentidos para la creaci\u00f3n multisensorial\u201d.\" \/>\n<meta property=\"og:url\" content=\"https:\/\/clientesbrandbits.click\/es\/este-miercoles-comienza-el-festival-todos-somos-diferentes\/\" \/>\n<meta property=\"og:site_name\" content=\"Spanglish Cinema\" \/>\n<meta property=\"article:published_time\" content=\"2024-06-04T19:43:32+00:00\" \/>\n<meta property=\"article:modified_time\" content=\"2024-06-06T10:40:34+00:00\" \/>\n<meta property=\"og:image\" content=\"https:\/\/clientesbrandbits.click\/wp-content\/uploads\/2024\/06\/Albertina-y-los-muertos-e1717533163164.jpeg\" \/>\n\t<meta property=\"og:image:width\" content=\"1020\" \/>\n\t<meta property=\"og:image:height\" content=\"574\" \/>\n\t<meta property=\"og:image:type\" content=\"image\/jpeg\" \/>\n<meta name=\"author\" content=\"Elizabeth Salazar\" \/>\n<meta name=\"twitter:card\" content=\"summary_large_image\" \/>\n<meta name=\"twitter:label1\" content=\"Escrito por\" \/>\n\t<meta name=\"twitter:data1\" content=\"Elizabeth Salazar\" \/>\n\t<meta name=\"twitter:label2\" content=\"Tiempo de lectura\" \/>\n\t<meta name=\"twitter:data2\" content=\"3 minutos\" \/>\n<script type=\"application\/ld+json\" class=\"yoast-schema-graph\">{\"@context\":\"https:\/\/schema.org\",\"@graph\":[{\"@type\":\"Article\",\"@id\":\"https:\/\/clientesbrandbits.click\/este-miercoles-comienza-el-festival-todos-somos-diferentes\/#article\",\"isPartOf\":{\"@id\":\"https:\/\/clientesbrandbits.click\/este-miercoles-comienza-el-festival-todos-somos-diferentes\/\"},\"author\":{\"name\":\"Elizabeth Salazar\",\"@id\":\"https:\/\/clientesbrandbits.click\/#\/schema\/person\/3582a766d1bd629325b8cb5e303f4963\"},\"headline\":\"Este mi\u00e9rcoles comienza el Festival Todos Somos Diferentes\",\"datePublished\":\"2024-06-04T19:43:32+00:00\",\"dateModified\":\"2024-06-06T10:40:34+00:00\",\"mainEntityOfPage\":{\"@id\":\"https:\/\/clientesbrandbits.click\/este-miercoles-comienza-el-festival-todos-somos-diferentes\/\"},\"wordCount\":564,\"publisher\":{\"@id\":\"https:\/\/clientesbrandbits.click\/#organization\"},\"image\":{\"@id\":\"https:\/\/clientesbrandbits.click\/este-miercoles-comienza-el-festival-todos-somos-diferentes\/#primaryimage\"},\"thumbnailUrl\":\"https:\/\/clientesbrandbits.click\/wp-content\/uploads\/2024\/06\/Albertina-y-los-muertos-e1717533163164.jpeg\",\"articleSection\":[\"Festivales de Cine\"],\"inLanguage\":\"es\"},{\"@type\":\"WebPage\",\"@id\":\"https:\/\/clientesbrandbits.click\/este-miercoles-comienza-el-festival-todos-somos-diferentes\/\",\"url\":\"https:\/\/clientesbrandbits.click\/este-miercoles-comienza-el-festival-todos-somos-diferentes\/\",\"name\":\"Este mi\u00e9rcoles comienza el Festival Todos Somos Diferentes - Spanglish Cinema\",\"isPartOf\":{\"@id\":\"https:\/\/clientesbrandbits.click\/#website\"},\"primaryImageOfPage\":{\"@id\":\"https:\/\/clientesbrandbits.click\/este-miercoles-comienza-el-festival-todos-somos-diferentes\/#primaryimage\"},\"image\":{\"@id\":\"https:\/\/clientesbrandbits.click\/este-miercoles-comienza-el-festival-todos-somos-diferentes\/#primaryimage\"},\"thumbnailUrl\":\"https:\/\/clientesbrandbits.click\/wp-content\/uploads\/2024\/06\/Albertina-y-los-muertos-e1717533163164.jpeg\",\"datePublished\":\"2024-06-04T19:43:32+00:00\",\"dateModified\":\"2024-06-06T10:40:34+00:00\",\"description\":\"Este mi\u00e9rcoles 5 de junio comenzar\u00e1 la novena edici\u00f3n del Festival Internacional de Cine Todos Somos Diferentes, en Antofagasta. A partir de las 10:00 horas, el taller Cine de Bolsillo dar\u00e1 el vamos a la interesante programaci\u00f3n del encuentro f\u00edlmico. Si bien esta instancia agot\u00f3 sus cupos, el p\u00fablico a\u00fan puede inscribirse en los talleres \u201cP\u00fablicos diversos y dise\u00f1o universal\u201d y \u201cDes-jerarquizaci\u00f3n de los sentidos para la creaci\u00f3n multisensorial\u201d.\",\"breadcrumb\":{\"@id\":\"https:\/\/clientesbrandbits.click\/este-miercoles-comienza-el-festival-todos-somos-diferentes\/#breadcrumb\"},\"inLanguage\":\"es\",\"potentialAction\":[{\"@type\":\"ReadAction\",\"target\":[\"https:\/\/clientesbrandbits.click\/este-miercoles-comienza-el-festival-todos-somos-diferentes\/\"]}]},{\"@type\":\"ImageObject\",\"inLanguage\":\"es\",\"@id\":\"https:\/\/clientesbrandbits.click\/este-miercoles-comienza-el-festival-todos-somos-diferentes\/#primaryimage\",\"url\":\"https:\/\/clientesbrandbits.click\/wp-content\/uploads\/2024\/06\/Albertina-y-los-muertos-e1717533163164.jpeg\",\"contentUrl\":\"https:\/\/clientesbrandbits.click\/wp-content\/uploads\/2024\/06\/Albertina-y-los-muertos-e1717533163164.jpeg\",\"width\":1020,\"height\":574},{\"@type\":\"BreadcrumbList\",\"@id\":\"https:\/\/clientesbrandbits.click\/este-miercoles-comienza-el-festival-todos-somos-diferentes\/#breadcrumb\",\"itemListElement\":[{\"@type\":\"ListItem\",\"position\":1,\"name\":\"Portada\",\"item\":\"https:\/\/clientesbrandbits.click\/\"},{\"@type\":\"ListItem\",\"position\":2,\"name\":\"Este mi\u00e9rcoles comienza el Festival Todos Somos Diferentes\"}]},{\"@type\":\"WebSite\",\"@id\":\"https:\/\/clientesbrandbits.click\/#website\",\"url\":\"https:\/\/clientesbrandbits.click\/\",\"name\":\"Spanglish Cinema\",\"description\":\"\",\"publisher\":{\"@id\":\"https:\/\/clientesbrandbits.click\/#organization\"},\"potentialAction\":[{\"@type\":\"SearchAction\",\"target\":{\"@type\":\"EntryPoint\",\"urlTemplate\":\"https:\/\/clientesbrandbits.click\/?s={search_term_string}\"},\"query-input\":\"required name=search_term_string\"}],\"inLanguage\":\"es\"},{\"@type\":\"Organization\",\"@id\":\"https:\/\/clientesbrandbits.click\/#organization\",\"name\":\"Spanglish Cinema\",\"url\":\"https:\/\/clientesbrandbits.click\/\",\"logo\":{\"@type\":\"ImageObject\",\"inLanguage\":\"es\",\"@id\":\"https:\/\/clientesbrandbits.click\/#\/schema\/logo\/image\/\",\"url\":\"https:\/\/clientesbrandbits.click\/wp-content\/uploads\/2024\/03\/spanglish_cinema.png\",\"contentUrl\":\"https:\/\/clientesbrandbits.click\/wp-content\/uploads\/2024\/03\/spanglish_cinema.png\",\"width\":612,\"height\":225,\"caption\":\"Spanglish Cinema\"},\"image\":{\"@id\":\"https:\/\/clientesbrandbits.click\/#\/schema\/logo\/image\/\"}},{\"@type\":\"Person\",\"@id\":\"https:\/\/clientesbrandbits.click\/#\/schema\/person\/3582a766d1bd629325b8cb5e303f4963\",\"name\":\"Elizabeth Salazar\",\"image\":{\"@type\":\"ImageObject\",\"inLanguage\":\"es\",\"@id\":\"https:\/\/clientesbrandbits.click\/#\/schema\/person\/image\/\",\"url\":\"https:\/\/secure.gravatar.com\/avatar\/ddf69a5ddae2a61929dd4e305eb31658?s=96&d=mm&r=g\",\"contentUrl\":\"https:\/\/secure.gravatar.com\/avatar\/ddf69a5ddae2a61929dd4e305eb31658?s=96&d=mm&r=g\",\"caption\":\"Elizabeth Salazar\"},\"url\":\"https:\/\/clientesbrandbits.click\/es\/author\/elizabeth-salazar\/\"}]}<\/script>\n<!-- \/ Yoast SEO plugin. -->","yoast_head_json":{"title":"Este mi\u00e9rcoles comienza el Festival Todos Somos Diferentes - Spanglish Cinema","description":"Este mi\u00e9rcoles 5 de junio comenzar\u00e1 la novena edici\u00f3n del Festival Internacional de Cine Todos Somos Diferentes, en Antofagasta. A partir de las 10:00 horas, el taller Cine de Bolsillo dar\u00e1 el vamos a la interesante programaci\u00f3n del encuentro f\u00edlmico. Si bien esta instancia agot\u00f3 sus cupos, el p\u00fablico a\u00fan puede inscribirse en los talleres \u201cP\u00fablicos diversos y dise\u00f1o universal\u201d y \u201cDes-jerarquizaci\u00f3n de los sentidos para la creaci\u00f3n multisensorial\u201d.","robots":{"index":"index","follow":"follow","max-snippet":"max-snippet:-1","max-image-preview":"max-image-preview:large","max-video-preview":"max-video-preview:-1"},"canonical":"https:\/\/clientesbrandbits.click\/es\/este-miercoles-comienza-el-festival-todos-somos-diferentes\/","og_locale":"es_ES","og_type":"article","og_title":"Este mi\u00e9rcoles comienza el Festival Todos Somos Diferentes - Spanglish Cinema","og_description":"Este mi\u00e9rcoles 5 de junio comenzar\u00e1 la novena edici\u00f3n del Festival Internacional de Cine Todos Somos Diferentes, en Antofagasta. A partir de las 10:00 horas, el taller Cine de Bolsillo dar\u00e1 el vamos a la interesante programaci\u00f3n del encuentro f\u00edlmico. Si bien esta instancia agot\u00f3 sus cupos, el p\u00fablico a\u00fan puede inscribirse en los talleres \u201cP\u00fablicos diversos y dise\u00f1o universal\u201d y \u201cDes-jerarquizaci\u00f3n de los sentidos para la creaci\u00f3n multisensorial\u201d.","og_url":"https:\/\/clientesbrandbits.click\/es\/este-miercoles-comienza-el-festival-todos-somos-diferentes\/","og_site_name":"Spanglish Cinema","article_published_time":"2024-06-04T19:43:32+00:00","article_modified_time":"2024-06-06T10:40:34+00:00","og_image":[{"width":1020,"height":574,"url":"https:\/\/clientesbrandbits.click\/wp-content\/uploads\/2024\/06\/Albertina-y-los-muertos-e1717533163164.jpeg","type":"image\/jpeg"}],"author":"Elizabeth Salazar","twitter_card":"summary_large_image","twitter_misc":{"Escrito por":"Elizabeth Salazar","Tiempo de lectura":"3 minutos"},"schema":{"@context":"https:\/\/schema.org","@graph":[{"@type":"Article","@id":"https:\/\/clientesbrandbits.click\/este-miercoles-comienza-el-festival-todos-somos-diferentes\/#article","isPartOf":{"@id":"https:\/\/clientesbrandbits.click\/este-miercoles-comienza-el-festival-todos-somos-diferentes\/"},"author":{"name":"Elizabeth Salazar","@id":"https:\/\/clientesbrandbits.click\/#\/schema\/person\/3582a766d1bd629325b8cb5e303f4963"},"headline":"Este mi\u00e9rcoles comienza el Festival Todos Somos Diferentes","datePublished":"2024-06-04T19:43:32+00:00","dateModified":"2024-06-06T10:40:34+00:00","mainEntityOfPage":{"@id":"https:\/\/clientesbrandbits.click\/este-miercoles-comienza-el-festival-todos-somos-diferentes\/"},"wordCount":564,"publisher":{"@id":"https:\/\/clientesbrandbits.click\/#organization"},"image":{"@id":"https:\/\/clientesbrandbits.click\/este-miercoles-comienza-el-festival-todos-somos-diferentes\/#primaryimage"},"thumbnailUrl":"https:\/\/clientesbrandbits.click\/wp-content\/uploads\/2024\/06\/Albertina-y-los-muertos-e1717533163164.jpeg","articleSection":["Festivales de Cine"],"inLanguage":"es"},{"@type":"WebPage","@id":"https:\/\/clientesbrandbits.click\/este-miercoles-comienza-el-festival-todos-somos-diferentes\/","url":"https:\/\/clientesbrandbits.click\/este-miercoles-comienza-el-festival-todos-somos-diferentes\/","name":"Este mi\u00e9rcoles comienza el Festival Todos Somos Diferentes - Spanglish Cinema","isPartOf":{"@id":"https:\/\/clientesbrandbits.click\/#website"},"primaryImageOfPage":{"@id":"https:\/\/clientesbrandbits.click\/este-miercoles-comienza-el-festival-todos-somos-diferentes\/#primaryimage"},"image":{"@id":"https:\/\/clientesbrandbits.click\/este-miercoles-comienza-el-festival-todos-somos-diferentes\/#primaryimage"},"thumbnailUrl":"https:\/\/clientesbrandbits.click\/wp-content\/uploads\/2024\/06\/Albertina-y-los-muertos-e1717533163164.jpeg","datePublished":"2024-06-04T19:43:32+00:00","dateModified":"2024-06-06T10:40:34+00:00","description":"Este mi\u00e9rcoles 5 de junio comenzar\u00e1 la novena edici\u00f3n del Festival Internacional de Cine Todos Somos Diferentes, en Antofagasta. A partir de las 10:00 horas, el taller Cine de Bolsillo dar\u00e1 el vamos a la interesante programaci\u00f3n del encuentro f\u00edlmico. Si bien esta instancia agot\u00f3 sus cupos, el p\u00fablico a\u00fan puede inscribirse en los talleres \u201cP\u00fablicos diversos y dise\u00f1o universal\u201d y \u201cDes-jerarquizaci\u00f3n de los sentidos para la creaci\u00f3n multisensorial\u201d.","breadcrumb":{"@id":"https:\/\/clientesbrandbits.click\/este-miercoles-comienza-el-festival-todos-somos-diferentes\/#breadcrumb"},"inLanguage":"es","potentialAction":[{"@type":"ReadAction","target":["https:\/\/clientesbrandbits.click\/este-miercoles-comienza-el-festival-todos-somos-diferentes\/"]}]},{"@type":"ImageObject","inLanguage":"es","@id":"https:\/\/clientesbrandbits.click\/este-miercoles-comienza-el-festival-todos-somos-diferentes\/#primaryimage","url":"https:\/\/clientesbrandbits.click\/wp-content\/uploads\/2024\/06\/Albertina-y-los-muertos-e1717533163164.jpeg","contentUrl":"https:\/\/clientesbrandbits.click\/wp-content\/uploads\/2024\/06\/Albertina-y-los-muertos-e1717533163164.jpeg","width":1020,"height":574},{"@type":"BreadcrumbList","@id":"https:\/\/clientesbrandbits.click\/este-miercoles-comienza-el-festival-todos-somos-diferentes\/#breadcrumb","itemListElement":[{"@type":"ListItem","position":1,"name":"Portada","item":"https:\/\/clientesbrandbits.click\/"},{"@type":"ListItem","position":2,"name":"Este mi\u00e9rcoles comienza el Festival Todos Somos Diferentes"}]},{"@type":"WebSite","@id":"https:\/\/clientesbrandbits.click\/#website","url":"https:\/\/clientesbrandbits.click\/","name":"Spanglish Cinema","description":"","publisher":{"@id":"https:\/\/clientesbrandbits.click\/#organization"},"potentialAction":[{"@type":"SearchAction","target":{"@type":"EntryPoint","urlTemplate":"https:\/\/clientesbrandbits.click\/?s={search_term_string}"},"query-input":"required name=search_term_string"}],"inLanguage":"es"},{"@type":"Organization","@id":"https:\/\/clientesbrandbits.click\/#organization","name":"Spanglish Cinema","url":"https:\/\/clientesbrandbits.click\/","logo":{"@type":"ImageObject","inLanguage":"es","@id":"https:\/\/clientesbrandbits.click\/#\/schema\/logo\/image\/","url":"https:\/\/clientesbrandbits.click\/wp-content\/uploads\/2024\/03\/spanglish_cinema.png","contentUrl":"https:\/\/clientesbrandbits.click\/wp-content\/uploads\/2024\/03\/spanglish_cinema.png","width":612,"height":225,"caption":"Spanglish Cinema"},"image":{"@id":"https:\/\/clientesbrandbits.click\/#\/schema\/logo\/image\/"}},{"@type":"Person","@id":"https:\/\/clientesbrandbits.click\/#\/schema\/person\/3582a766d1bd629325b8cb5e303f4963","name":"Elizabeth Salazar","image":{"@type":"ImageObject","inLanguage":"es","@id":"https:\/\/clientesbrandbits.click\/#\/schema\/person\/image\/","url":"https:\/\/secure.gravatar.com\/avatar\/ddf69a5ddae2a61929dd4e305eb31658?s=96&d=mm&r=g","contentUrl":"https:\/\/secure.gravatar.com\/avatar\/ddf69a5ddae2a61929dd4e305eb31658?s=96&d=mm&r=g","caption":"Elizabeth Salazar"},"url":"https:\/\/clientesbrandbits.click\/es\/author\/elizabeth-salazar\/"}]}},"_links":{"self":[{"href":"https:\/\/clientesbrandbits.click\/es\/wp-json\/wp\/v2\/posts\/1682"}],"collection":[{"href":"https:\/\/clientesbrandbits.click\/es\/wp-json\/wp\/v2\/posts"}],"about":[{"href":"https:\/\/clientesbrandbits.click\/es\/wp-json\/wp\/v2\/types\/post"}],"author":[{"embeddable":true,"href":"https:\/\/clientesbrandbits.click\/es\/wp-json\/wp\/v2\/users\/5"}],"replies":[{"embeddable":true,"href":"https:\/\/clientesbrandbits.click\/es\/wp-json\/wp\/v2\/comments?post=1682"}],"version-history":[{"count":3,"href":"https:\/\/clientesbrandbits.click\/es\/wp-json\/wp\/v2\/posts\/1682\/revisions"}],"predecessor-version":[{"id":1709,"href":"https:\/\/clientesbrandbits.click\/es\/wp-json\/wp\/v2\/posts\/1682\/revisions\/1709"}],"wp:featuredmedia":[{"embeddable":true,"href":"https:\/\/clientesbrandbits.click\/es\/wp-json\/wp\/v2\/media\/1683"}],"wp:attachment":[{"href":"https:\/\/clientesbrandbits.click\/es\/wp-json\/wp\/v2\/media?parent=1682"}],"wp:term":[{"taxonomy":"category","embeddable":true,"href":"https:\/\/clientesbrandbits.click\/es\/wp-json\/wp\/v2\/categories?post=1682"},{"taxonomy":"post_tag","embeddable":true,"href":"https:\/\/clientesbrandbits.click\/es\/wp-json\/wp\/v2\/tags?post=1682"}],"curies":[{"name":"wp","href":"https:\/\/api.w.org\/{rel}","templated":true}]}}