{"id":1668,"date":"2024-06-06T10:43:28","date_gmt":"2024-06-06T14:43:28","guid":{"rendered":"https:\/\/clientesbrandbits.click\/?p=1668"},"modified":"2024-06-06T14:58:15","modified_gmt":"2024-06-06T18:58:15","slug":"federer-los-ultimos-12-dias-tendra-su-estreno-oficial-en-tribeca","status":"publish","type":"post","link":"https:\/\/clientesbrandbits.click\/es\/federer-los-ultimos-12-dias-tendra-su-estreno-oficial-en-tribeca\/","title":{"rendered":"\u00abFederer: Los \u00faltimos 12 d\u00edas\u00bb tendr\u00e1 su estreno oficial en Tribeca"},"content":{"rendered":"<p style=\"font-weight: 400; text-align: justify;\">Los amantes del tenis y del cine esperan con ansias el documental de la leyenda del Tenis Roger Federer y cada vez queda m\u00e1s poco para poder verla.<\/p>\n<p style=\"font-weight: 400; text-align: justify;\">La pel\u00edcula tendr\u00e1 su estreno mundial en el Festival de Cine de Tribeca, el festival del gran Robert De niro, el d\u00eda lunes 10 de junio, en la ciudad de Nueva York y hoy, Prime Video comparti\u00f3 el avance oficial y las im\u00e1genes principales de <strong>\u00ab<em>Federer: Los \u00faltimos 12 d\u00edas\u00bb<\/em><\/strong>.<\/p>\n<p style=\"font-weight: 400; text-align: justify;\">Para poder verla en streaming no ser\u00e1 mucho lo que los espectadores tendr\u00e1n que esperar ya que la pel\u00edcula documental <strong>se estrenar\u00e1 el 20 de junio, exclusivamente en Prime Video, en m\u00e1s de 240 pa\u00edses y territorios en todo el mundo, lo que permitir\u00e1 disfrutarla por todos los fan\u00e1ticos que no pudieron verla en el Festival.<\/strong><\/p>\n<p style=\"font-weight: 400; text-align: justify;\">Bajo la <strong>direcci\u00f3n de Asif Kapadia, ganador del Oscar, y de Joe Sabia, \u00ab<em>Federer<\/em>:\u00a0<em>Los \u00faltimos 12 d\u00edas\u00bb<\/em><\/strong>\u00a0es un recorrido \u00edntimo que acompa\u00f1a a Roger Federer durante los \u00faltimos 12 d\u00edas de su ilustre carrera.La pel\u00edcula, que en sus inicios fue una filmaci\u00f3n para uso personal, no pensada para ser vista por el p\u00fablico, muestra a Federer en su forma m\u00e1s vulnerable y sincera, mientras se despide del deporte y de los fan\u00e1ticos que moldearon su vida durante las \u00faltimas dos d\u00e9cadas.\u00a0Con entrevistas de amigos y rivales legendarios como Rafael Nadal, Novak Djokovic y Andy Murray,\u00a0<em>Federer<\/em>:\u00a0<em>Los \u00faltimos 12 d\u00edas\u00a0<\/em>proporciona un acceso sin precedentes a la r<strong>elaci\u00f3n entre estas estrellas inigualables.<\/strong><\/p>\n<p style=\"font-weight: 400; text-align: justify;\">Presentada por <strong>Prime Video Sports,\u00a0<em>Federer<\/em>:\u00a0<\/strong><em><strong>Los \u00faltimos 12 d\u00edas<\/strong>\u00a0<\/em>es una producci\u00f3n de Lafcadia Productions. La pel\u00edcula est\u00e1 producida por Asif Kapadia y George Chignell, y dirigida por Kapadia y Joe Sabia.<\/p>\n<p style=\"font-weight: 400; text-align: justify;\"><em>Federer<\/em>:\u00a0<em>Los \u00faltimos 12 d\u00edas\u00a0<\/em>se unir\u00e1 a miles de pel\u00edculas internacionales y series de TV en el cat\u00e1logo de Prime Video, incluyendo las producciones chilenas Amazon Originals como<em>\u00a0Sayen, Desconectados, Los Sobrevivientes: Colonia Dignidad y La Jaur\u00eda<\/em>, as\u00ed como a las galardonadas series Amazon Originals aclamadas por la cr\u00edtica que incluyen a<em>\u00a0The Idea of You, Fallout, Upgraded, Citadel, The Boys, y El Se\u00f1or de los Anillos: Los Anillos de Poder,\u00a0<\/em>todas en Prime Video.<\/p>\n<p><strong>Estaremos cubriendo con Spanglishcinema el Festival de Cine de Tribeca<\/strong> y podremos tener en exclusiva las primeras impresiones del documental antes de su estreno.<\/p>\n<p><iframe title=\"Federer: Twelve Final Days - Official Trailer | Prime Video\" width=\"1200\" height=\"675\" src=\"https:\/\/www.youtube.com\/embed\/p9Xn8Olq5-0?feature=oembed\" frameborder=\"0\" allow=\"accelerometer; autoplay; clipboard-write; encrypted-media; gyroscope; picture-in-picture; web-share\" referrerpolicy=\"strict-origin-when-cross-origin\" allowfullscreen><\/iframe><\/p>\n","protected":false},"excerpt":{"rendered":"<p>Los amantes del tenis y del cine esperan con ansias el documental de la leyenda del Tenis Roger Federer y cada vez queda m\u00e1s poco para poder verla. La pel\u00edcula tendr\u00e1 su estreno mundial en el Festival de Cine de &#8230; <a title=\"\u00abFederer: Los \u00faltimos 12 d\u00edas\u00bb tendr\u00e1 su estreno oficial en Tribeca\" class=\"read-more\" href=\"https:\/\/clientesbrandbits.click\/es\/federer-los-ultimos-12-dias-tendra-su-estreno-oficial-en-tribeca\/\" aria-label=\"Leer m\u00e1s sobre \u00abFederer: Los \u00faltimos 12 d\u00edas\u00bb tendr\u00e1 su estreno oficial en Tribeca\">Leer M\u00e1s<\/a><\/p>\n","protected":false},"author":3,"featured_media":1669,"comment_status":"closed","ping_status":"closed","sticky":false,"template":"","format":"standard","meta":{"_joinchat":[],"footnotes":""},"categories":[11],"tags":[100,146],"class_list":["post-1668","post","type-post","status-publish","format-standard","has-post-thumbnail","hentry","category-festivales-de-cine","tag-festival-de-cine-de-tribeca","tag-tribeca","infinite-scroll-item"],"yoast_head":"<!-- This site is optimized with the Yoast SEO plugin v22.8 - https:\/\/yoast.com\/wordpress\/plugins\/seo\/ -->\n<title>&quot;Federer: Los \u00faltimos 12 d\u00edas&quot; tendr\u00e1 su estreno oficial en Tribeca - Spanglish Cinema<\/title>\n<meta name=\"description\" content=\"Hoy, Prime Video comparti\u00f3 el avance oficial y las im\u00e1genes principales de\u00a0Federer: Los \u00faltimos 12 d\u00edas. La pel\u00edcula documental se estrenar\u00e1 el 20 de junio, exclusivamente en Prime Video, en m\u00e1s de 240 pa\u00edses y territorios en todo el mundo. La pel\u00edcula tambi\u00e9n tendr\u00e1 su estreno mundial en el Festival de Cine de Tribeca, el lunes 10 de junio, en la ciudad de Nueva York.\" \/>\n<meta name=\"robots\" content=\"index, follow, max-snippet:-1, max-image-preview:large, max-video-preview:-1\" \/>\n<link rel=\"canonical\" href=\"https:\/\/clientesbrandbits.click\/es\/federer-los-ultimos-12-dias-tendra-su-estreno-oficial-en-tribeca\/\" \/>\n<meta property=\"og:locale\" content=\"es_ES\" \/>\n<meta property=\"og:type\" content=\"article\" \/>\n<meta property=\"og:title\" content=\"&quot;Federer: Los \u00faltimos 12 d\u00edas&quot; tendr\u00e1 su estreno oficial en Tribeca - Spanglish Cinema\" \/>\n<meta property=\"og:description\" content=\"Hoy, Prime Video comparti\u00f3 el avance oficial y las im\u00e1genes principales de\u00a0Federer: Los \u00faltimos 12 d\u00edas. La pel\u00edcula documental se estrenar\u00e1 el 20 de junio, exclusivamente en Prime Video, en m\u00e1s de 240 pa\u00edses y territorios en todo el mundo. La pel\u00edcula tambi\u00e9n tendr\u00e1 su estreno mundial en el Festival de Cine de Tribeca, el lunes 10 de junio, en la ciudad de Nueva York.\" \/>\n<meta property=\"og:url\" content=\"https:\/\/clientesbrandbits.click\/es\/federer-los-ultimos-12-dias-tendra-su-estreno-oficial-en-tribeca\/\" \/>\n<meta property=\"og:site_name\" content=\"Spanglish Cinema\" \/>\n<meta property=\"article:published_time\" content=\"2024-06-06T14:43:28+00:00\" \/>\n<meta property=\"article:modified_time\" content=\"2024-06-06T18:58:15+00:00\" \/>\n<meta property=\"og:image\" content=\"https:\/\/clientesbrandbits.click\/wp-content\/uploads\/2024\/06\/full_Federer-02.jpg\" \/>\n\t<meta property=\"og:image:width\" content=\"1280\" \/>\n\t<meta property=\"og:image:height\" content=\"720\" \/>\n\t<meta property=\"og:image:type\" content=\"image\/jpeg\" \/>\n<meta name=\"author\" content=\"Spanglish Cinema Team\" \/>\n<meta name=\"twitter:card\" content=\"summary_large_image\" \/>\n<meta name=\"twitter:label1\" content=\"Escrito por\" \/>\n\t<meta name=\"twitter:data1\" content=\"Spanglish Cinema Team\" \/>\n\t<meta name=\"twitter:label2\" content=\"Tiempo de lectura\" \/>\n\t<meta name=\"twitter:data2\" content=\"2 minutos\" \/>\n<script type=\"application\/ld+json\" class=\"yoast-schema-graph\">{\"@context\":\"https:\/\/schema.org\",\"@graph\":[{\"@type\":\"Article\",\"@id\":\"https:\/\/clientesbrandbits.click\/federer-los-ultimos-12-dias-tendra-su-estreno-oficial-en-tribeca\/#article\",\"isPartOf\":{\"@id\":\"https:\/\/clientesbrandbits.click\/federer-los-ultimos-12-dias-tendra-su-estreno-oficial-en-tribeca\/\"},\"author\":{\"name\":\"Spanglish Cinema Team\",\"@id\":\"https:\/\/clientesbrandbits.click\/#\/schema\/person\/678f0477e0f075fdf24e58e342ca80f1\"},\"headline\":\"\u00abFederer: Los \u00faltimos 12 d\u00edas\u00bb tendr\u00e1 su estreno oficial en Tribeca\",\"datePublished\":\"2024-06-06T14:43:28+00:00\",\"dateModified\":\"2024-06-06T18:58:15+00:00\",\"mainEntityOfPage\":{\"@id\":\"https:\/\/clientesbrandbits.click\/federer-los-ultimos-12-dias-tendra-su-estreno-oficial-en-tribeca\/\"},\"wordCount\":428,\"publisher\":{\"@id\":\"https:\/\/clientesbrandbits.click\/#organization\"},\"image\":{\"@id\":\"https:\/\/clientesbrandbits.click\/federer-los-ultimos-12-dias-tendra-su-estreno-oficial-en-tribeca\/#primaryimage\"},\"thumbnailUrl\":\"https:\/\/clientesbrandbits.click\/wp-content\/uploads\/2024\/06\/full_Federer-02.jpg\",\"keywords\":[\"festival de cine de tribeca\",\"Tribeca\"],\"articleSection\":[\"Festivales de Cine\"],\"inLanguage\":\"es\"},{\"@type\":\"WebPage\",\"@id\":\"https:\/\/clientesbrandbits.click\/federer-los-ultimos-12-dias-tendra-su-estreno-oficial-en-tribeca\/\",\"url\":\"https:\/\/clientesbrandbits.click\/federer-los-ultimos-12-dias-tendra-su-estreno-oficial-en-tribeca\/\",\"name\":\"\\\"Federer: Los \u00faltimos 12 d\u00edas\\\" tendr\u00e1 su estreno oficial en Tribeca - Spanglish Cinema\",\"isPartOf\":{\"@id\":\"https:\/\/clientesbrandbits.click\/#website\"},\"primaryImageOfPage\":{\"@id\":\"https:\/\/clientesbrandbits.click\/federer-los-ultimos-12-dias-tendra-su-estreno-oficial-en-tribeca\/#primaryimage\"},\"image\":{\"@id\":\"https:\/\/clientesbrandbits.click\/federer-los-ultimos-12-dias-tendra-su-estreno-oficial-en-tribeca\/#primaryimage\"},\"thumbnailUrl\":\"https:\/\/clientesbrandbits.click\/wp-content\/uploads\/2024\/06\/full_Federer-02.jpg\",\"datePublished\":\"2024-06-06T14:43:28+00:00\",\"dateModified\":\"2024-06-06T18:58:15+00:00\",\"description\":\"Hoy, Prime Video comparti\u00f3 el avance oficial y las im\u00e1genes principales de\u00a0Federer: Los \u00faltimos 12 d\u00edas. La pel\u00edcula documental se estrenar\u00e1 el 20 de junio, exclusivamente en Prime Video, en m\u00e1s de 240 pa\u00edses y territorios en todo el mundo. La pel\u00edcula tambi\u00e9n tendr\u00e1 su estreno mundial en el Festival de Cine de Tribeca, el lunes 10 de junio, en la ciudad de Nueva York.\",\"breadcrumb\":{\"@id\":\"https:\/\/clientesbrandbits.click\/federer-los-ultimos-12-dias-tendra-su-estreno-oficial-en-tribeca\/#breadcrumb\"},\"inLanguage\":\"es\",\"potentialAction\":[{\"@type\":\"ReadAction\",\"target\":[\"https:\/\/clientesbrandbits.click\/federer-los-ultimos-12-dias-tendra-su-estreno-oficial-en-tribeca\/\"]}]},{\"@type\":\"ImageObject\",\"inLanguage\":\"es\",\"@id\":\"https:\/\/clientesbrandbits.click\/federer-los-ultimos-12-dias-tendra-su-estreno-oficial-en-tribeca\/#primaryimage\",\"url\":\"https:\/\/clientesbrandbits.click\/wp-content\/uploads\/2024\/06\/full_Federer-02.jpg\",\"contentUrl\":\"https:\/\/clientesbrandbits.click\/wp-content\/uploads\/2024\/06\/full_Federer-02.jpg\",\"width\":1280,\"height\":720},{\"@type\":\"BreadcrumbList\",\"@id\":\"https:\/\/clientesbrandbits.click\/federer-los-ultimos-12-dias-tendra-su-estreno-oficial-en-tribeca\/#breadcrumb\",\"itemListElement\":[{\"@type\":\"ListItem\",\"position\":1,\"name\":\"Portada\",\"item\":\"https:\/\/clientesbrandbits.click\/\"},{\"@type\":\"ListItem\",\"position\":2,\"name\":\"&#8220;Federer: Los \u00faltimos 12 d\u00edas&#8221; tendr\u00e1 su estreno oficial en Tribeca\"}]},{\"@type\":\"WebSite\",\"@id\":\"https:\/\/clientesbrandbits.click\/#website\",\"url\":\"https:\/\/clientesbrandbits.click\/\",\"name\":\"Spanglish Cinema\",\"description\":\"\",\"publisher\":{\"@id\":\"https:\/\/clientesbrandbits.click\/#organization\"},\"potentialAction\":[{\"@type\":\"SearchAction\",\"target\":{\"@type\":\"EntryPoint\",\"urlTemplate\":\"https:\/\/clientesbrandbits.click\/?s={search_term_string}\"},\"query-input\":\"required name=search_term_string\"}],\"inLanguage\":\"es\"},{\"@type\":\"Organization\",\"@id\":\"https:\/\/clientesbrandbits.click\/#organization\",\"name\":\"Spanglish Cinema\",\"url\":\"https:\/\/clientesbrandbits.click\/\",\"logo\":{\"@type\":\"ImageObject\",\"inLanguage\":\"es\",\"@id\":\"https:\/\/clientesbrandbits.click\/#\/schema\/logo\/image\/\",\"url\":\"https:\/\/clientesbrandbits.click\/wp-content\/uploads\/2024\/03\/spanglish_cinema.png\",\"contentUrl\":\"https:\/\/clientesbrandbits.click\/wp-content\/uploads\/2024\/03\/spanglish_cinema.png\",\"width\":612,\"height\":225,\"caption\":\"Spanglish Cinema\"},\"image\":{\"@id\":\"https:\/\/clientesbrandbits.click\/#\/schema\/logo\/image\/\"}},{\"@type\":\"Person\",\"@id\":\"https:\/\/clientesbrandbits.click\/#\/schema\/person\/678f0477e0f075fdf24e58e342ca80f1\",\"name\":\"Spanglish Cinema Team\",\"image\":{\"@type\":\"ImageObject\",\"inLanguage\":\"es\",\"@id\":\"https:\/\/clientesbrandbits.click\/#\/schema\/person\/image\/\",\"url\":\"https:\/\/secure.gravatar.com\/avatar\/3eef20e32ea53867d5b6a361c9e8e2ee?s=96&d=mm&r=g\",\"contentUrl\":\"https:\/\/secure.gravatar.com\/avatar\/3eef20e32ea53867d5b6a361c9e8e2ee?s=96&d=mm&r=g\",\"caption\":\"Spanglish Cinema Team\"},\"url\":\"https:\/\/clientesbrandbits.click\/es\/author\/spanglish-cinema\/\"}]}<\/script>\n<!-- \/ Yoast SEO plugin. -->","yoast_head_json":{"title":"\"Federer: Los \u00faltimos 12 d\u00edas\" tendr\u00e1 su estreno oficial en Tribeca - Spanglish Cinema","description":"Hoy, Prime Video comparti\u00f3 el avance oficial y las im\u00e1genes principales de\u00a0Federer: Los \u00faltimos 12 d\u00edas. La pel\u00edcula documental se estrenar\u00e1 el 20 de junio, exclusivamente en Prime Video, en m\u00e1s de 240 pa\u00edses y territorios en todo el mundo. La pel\u00edcula tambi\u00e9n tendr\u00e1 su estreno mundial en el Festival de Cine de Tribeca, el lunes 10 de junio, en la ciudad de Nueva York.","robots":{"index":"index","follow":"follow","max-snippet":"max-snippet:-1","max-image-preview":"max-image-preview:large","max-video-preview":"max-video-preview:-1"},"canonical":"https:\/\/clientesbrandbits.click\/es\/federer-los-ultimos-12-dias-tendra-su-estreno-oficial-en-tribeca\/","og_locale":"es_ES","og_type":"article","og_title":"\"Federer: Los \u00faltimos 12 d\u00edas\" tendr\u00e1 su estreno oficial en Tribeca - Spanglish Cinema","og_description":"Hoy, Prime Video comparti\u00f3 el avance oficial y las im\u00e1genes principales de\u00a0Federer: Los \u00faltimos 12 d\u00edas. La pel\u00edcula documental se estrenar\u00e1 el 20 de junio, exclusivamente en Prime Video, en m\u00e1s de 240 pa\u00edses y territorios en todo el mundo. La pel\u00edcula tambi\u00e9n tendr\u00e1 su estreno mundial en el Festival de Cine de Tribeca, el lunes 10 de junio, en la ciudad de Nueva York.","og_url":"https:\/\/clientesbrandbits.click\/es\/federer-los-ultimos-12-dias-tendra-su-estreno-oficial-en-tribeca\/","og_site_name":"Spanglish Cinema","article_published_time":"2024-06-06T14:43:28+00:00","article_modified_time":"2024-06-06T18:58:15+00:00","og_image":[{"width":1280,"height":720,"url":"https:\/\/clientesbrandbits.click\/wp-content\/uploads\/2024\/06\/full_Federer-02.jpg","type":"image\/jpeg"}],"author":"Spanglish Cinema Team","twitter_card":"summary_large_image","twitter_misc":{"Escrito por":"Spanglish Cinema Team","Tiempo de lectura":"2 minutos"},"schema":{"@context":"https:\/\/schema.org","@graph":[{"@type":"Article","@id":"https:\/\/clientesbrandbits.click\/federer-los-ultimos-12-dias-tendra-su-estreno-oficial-en-tribeca\/#article","isPartOf":{"@id":"https:\/\/clientesbrandbits.click\/federer-los-ultimos-12-dias-tendra-su-estreno-oficial-en-tribeca\/"},"author":{"name":"Spanglish Cinema Team","@id":"https:\/\/clientesbrandbits.click\/#\/schema\/person\/678f0477e0f075fdf24e58e342ca80f1"},"headline":"\u00abFederer: Los \u00faltimos 12 d\u00edas\u00bb tendr\u00e1 su estreno oficial en Tribeca","datePublished":"2024-06-06T14:43:28+00:00","dateModified":"2024-06-06T18:58:15+00:00","mainEntityOfPage":{"@id":"https:\/\/clientesbrandbits.click\/federer-los-ultimos-12-dias-tendra-su-estreno-oficial-en-tribeca\/"},"wordCount":428,"publisher":{"@id":"https:\/\/clientesbrandbits.click\/#organization"},"image":{"@id":"https:\/\/clientesbrandbits.click\/federer-los-ultimos-12-dias-tendra-su-estreno-oficial-en-tribeca\/#primaryimage"},"thumbnailUrl":"https:\/\/clientesbrandbits.click\/wp-content\/uploads\/2024\/06\/full_Federer-02.jpg","keywords":["festival de cine de tribeca","Tribeca"],"articleSection":["Festivales de Cine"],"inLanguage":"es"},{"@type":"WebPage","@id":"https:\/\/clientesbrandbits.click\/federer-los-ultimos-12-dias-tendra-su-estreno-oficial-en-tribeca\/","url":"https:\/\/clientesbrandbits.click\/federer-los-ultimos-12-dias-tendra-su-estreno-oficial-en-tribeca\/","name":"\"Federer: Los \u00faltimos 12 d\u00edas\" tendr\u00e1 su estreno oficial en Tribeca - Spanglish Cinema","isPartOf":{"@id":"https:\/\/clientesbrandbits.click\/#website"},"primaryImageOfPage":{"@id":"https:\/\/clientesbrandbits.click\/federer-los-ultimos-12-dias-tendra-su-estreno-oficial-en-tribeca\/#primaryimage"},"image":{"@id":"https:\/\/clientesbrandbits.click\/federer-los-ultimos-12-dias-tendra-su-estreno-oficial-en-tribeca\/#primaryimage"},"thumbnailUrl":"https:\/\/clientesbrandbits.click\/wp-content\/uploads\/2024\/06\/full_Federer-02.jpg","datePublished":"2024-06-06T14:43:28+00:00","dateModified":"2024-06-06T18:58:15+00:00","description":"Hoy, Prime Video comparti\u00f3 el avance oficial y las im\u00e1genes principales de\u00a0Federer: Los \u00faltimos 12 d\u00edas. La pel\u00edcula documental se estrenar\u00e1 el 20 de junio, exclusivamente en Prime Video, en m\u00e1s de 240 pa\u00edses y territorios en todo el mundo. La pel\u00edcula tambi\u00e9n tendr\u00e1 su estreno mundial en el Festival de Cine de Tribeca, el lunes 10 de junio, en la ciudad de Nueva York.","breadcrumb":{"@id":"https:\/\/clientesbrandbits.click\/federer-los-ultimos-12-dias-tendra-su-estreno-oficial-en-tribeca\/#breadcrumb"},"inLanguage":"es","potentialAction":[{"@type":"ReadAction","target":["https:\/\/clientesbrandbits.click\/federer-los-ultimos-12-dias-tendra-su-estreno-oficial-en-tribeca\/"]}]},{"@type":"ImageObject","inLanguage":"es","@id":"https:\/\/clientesbrandbits.click\/federer-los-ultimos-12-dias-tendra-su-estreno-oficial-en-tribeca\/#primaryimage","url":"https:\/\/clientesbrandbits.click\/wp-content\/uploads\/2024\/06\/full_Federer-02.jpg","contentUrl":"https:\/\/clientesbrandbits.click\/wp-content\/uploads\/2024\/06\/full_Federer-02.jpg","width":1280,"height":720},{"@type":"BreadcrumbList","@id":"https:\/\/clientesbrandbits.click\/federer-los-ultimos-12-dias-tendra-su-estreno-oficial-en-tribeca\/#breadcrumb","itemListElement":[{"@type":"ListItem","position":1,"name":"Portada","item":"https:\/\/clientesbrandbits.click\/"},{"@type":"ListItem","position":2,"name":"&#8220;Federer: Los \u00faltimos 12 d\u00edas&#8221; tendr\u00e1 su estreno oficial en Tribeca"}]},{"@type":"WebSite","@id":"https:\/\/clientesbrandbits.click\/#website","url":"https:\/\/clientesbrandbits.click\/","name":"Spanglish Cinema","description":"","publisher":{"@id":"https:\/\/clientesbrandbits.click\/#organization"},"potentialAction":[{"@type":"SearchAction","target":{"@type":"EntryPoint","urlTemplate":"https:\/\/clientesbrandbits.click\/?s={search_term_string}"},"query-input":"required name=search_term_string"}],"inLanguage":"es"},{"@type":"Organization","@id":"https:\/\/clientesbrandbits.click\/#organization","name":"Spanglish Cinema","url":"https:\/\/clientesbrandbits.click\/","logo":{"@type":"ImageObject","inLanguage":"es","@id":"https:\/\/clientesbrandbits.click\/#\/schema\/logo\/image\/","url":"https:\/\/clientesbrandbits.click\/wp-content\/uploads\/2024\/03\/spanglish_cinema.png","contentUrl":"https:\/\/clientesbrandbits.click\/wp-content\/uploads\/2024\/03\/spanglish_cinema.png","width":612,"height":225,"caption":"Spanglish Cinema"},"image":{"@id":"https:\/\/clientesbrandbits.click\/#\/schema\/logo\/image\/"}},{"@type":"Person","@id":"https:\/\/clientesbrandbits.click\/#\/schema\/person\/678f0477e0f075fdf24e58e342ca80f1","name":"Spanglish Cinema Team","image":{"@type":"ImageObject","inLanguage":"es","@id":"https:\/\/clientesbrandbits.click\/#\/schema\/person\/image\/","url":"https:\/\/secure.gravatar.com\/avatar\/3eef20e32ea53867d5b6a361c9e8e2ee?s=96&d=mm&r=g","contentUrl":"https:\/\/secure.gravatar.com\/avatar\/3eef20e32ea53867d5b6a361c9e8e2ee?s=96&d=mm&r=g","caption":"Spanglish Cinema Team"},"url":"https:\/\/clientesbrandbits.click\/es\/author\/spanglish-cinema\/"}]}},"_links":{"self":[{"href":"https:\/\/clientesbrandbits.click\/es\/wp-json\/wp\/v2\/posts\/1668"}],"collection":[{"href":"https:\/\/clientesbrandbits.click\/es\/wp-json\/wp\/v2\/posts"}],"about":[{"href":"https:\/\/clientesbrandbits.click\/es\/wp-json\/wp\/v2\/types\/post"}],"author":[{"embeddable":true,"href":"https:\/\/clientesbrandbits.click\/es\/wp-json\/wp\/v2\/users\/3"}],"replies":[{"embeddable":true,"href":"https:\/\/clientesbrandbits.click\/es\/wp-json\/wp\/v2\/comments?post=1668"}],"version-history":[{"count":1,"href":"https:\/\/clientesbrandbits.click\/es\/wp-json\/wp\/v2\/posts\/1668\/revisions"}],"predecessor-version":[{"id":1670,"href":"https:\/\/clientesbrandbits.click\/es\/wp-json\/wp\/v2\/posts\/1668\/revisions\/1670"}],"wp:featuredmedia":[{"embeddable":true,"href":"https:\/\/clientesbrandbits.click\/es\/wp-json\/wp\/v2\/media\/1669"}],"wp:attachment":[{"href":"https:\/\/clientesbrandbits.click\/es\/wp-json\/wp\/v2\/media?parent=1668"}],"wp:term":[{"taxonomy":"category","embeddable":true,"href":"https:\/\/clientesbrandbits.click\/es\/wp-json\/wp\/v2\/categories?post=1668"},{"taxonomy":"post_tag","embeddable":true,"href":"https:\/\/clientesbrandbits.click\/es\/wp-json\/wp\/v2\/tags?post=1668"}],"curies":[{"name":"wp","href":"https:\/\/api.w.org\/{rel}","templated":true}]}}