{"id":1661,"date":"2024-06-05T07:11:28","date_gmt":"2024-06-05T11:11:28","guid":{"rendered":"https:\/\/clientesbrandbits.click\/?p=1661"},"modified":"2024-06-06T06:38:46","modified_gmt":"2024-06-06T10:38:46","slug":"tribeca-el-documental-mas-esperado-del-festival","status":"publish","type":"post","link":"https:\/\/clientesbrandbits.click\/es\/tribeca-el-documental-mas-esperado-del-festival\/","title":{"rendered":"Tribeca: El documental m\u00e1s esperado del festival"},"content":{"rendered":"<p>El Festival de Cine de Tribeca funciona hace m\u00e1s de 20 a\u00f1os y lo cierto es que se ha convertido en una fiesta de creatividad en la zona de Tribeca en New York. Un epicentro que ya forma parte de la identidad del \u2018New Yorker\u2019 y muchas veces se proyectan propuestas relacionadas a la ciudad.<\/p>\n<p>Este a\u00f1o no ser\u00e1 la excepci\u00f3n. A d\u00edas de la pr\u00f3xima edici\u00f3n, que se llevar\u00e1 a cabo del 5 al 16 de junio, tendr\u00e1 como estreno mundial el nuevo documental de Liza Minnelli, una de las grandes exponentes del arte en el coraz\u00f3n de la gran manzana: la actriz que dej\u00f3 su alma en cada tarima de Broadway.<\/p>\n<p><img fetchpriority=\"high\" decoding=\"async\" class=\"aligncenter wp-image-1042 size-full\" src=\"https:\/\/clientesbrandbits.click\/wp-content\/uploads\/2024\/04\/liza.png\" alt=\"\" width=\"980\" height=\"551\" srcset=\"https:\/\/clientesbrandbits.click\/wp-content\/uploads\/2024\/04\/liza.png 980w, https:\/\/clientesbrandbits.click\/wp-content\/uploads\/2024\/04\/liza-300x169.png 300w, https:\/\/clientesbrandbits.click\/wp-content\/uploads\/2024\/04\/liza-768x432.png 768w, https:\/\/clientesbrandbits.click\/wp-content\/uploads\/2024\/04\/liza-18x10.png 18w\" sizes=\"(max-width: 980px) 100vw, 980px\" \/><\/p>\n<p>El documental titulado \u201cLIZA: A Truly Terrific Absolutely True Story\u201d est\u00e1 dirigido por Bruce David Klein, y cuenta con valiosas piezas de archivo y, esto es lo m\u00e1s importante, tiene la perspectiva \u00fanica de Liza Minnelli. Esta pizza documental\u00a0 rinde homenaje a una artista joven rebosante de un talento aut\u00e9ntico y sin l\u00edmites, as\u00ed como a las relaciones creativas profundas que mantuvo con sus mentores e influencias.<\/p>\n<p>As\u00ed es como la gran Liza Minelli decide contar su pasado como nunca antes visto y ella misma lo anunci\u00f3 hace un d\u00eda en su cuenta oficial de instagram:<\/p>\n<p><em>\u00a1Hola, chicos! \u00a1Si\u00e9ntense, porque esta es una historia larga! La gente siempre se pregunta qu\u00e9 estoy haciendo&#8230; \u00bfcu\u00e1ndo har\u00e9 otra pel\u00edcula? \u00a1Ya lo hice! La semana pasada les dije: me estoy divirtiendo, haciendo cosas geniales y las conocer\u00e1n aqu\u00ed. \u00a1Ta Da! Este es uno de mis muchos nuevos proyectos. He estado trabajando en silencio con un brillante director, Bruce David Klein y @atlasmediacorp para contar la verdadera historia de c\u00f3mo comenz\u00f3 mi carrera en el cine y m\u00e1s. Y no estoy hablando de mi debut como beb\u00e9 en MGM con Mam\u00e1&#8230; eso fue puro nepotismo. Me ver\u00e1n cont\u00e1ndolo todo en \u00abLIZA: Una Historia Verdaderamente Asombrosa Absolutamente Verdadera\u00bb \u2014 un documental fabuloso con im\u00e1genes de m\u00ed hoy y de mis archivos. Nuestra pel\u00edcula tendr\u00e1 un gran estreno en la incre\u00edble #TribecaFestival en junio. \u00a1Estoy tan emocionada! \u00a1No lo aguanto! Est\u00e9n atentos, beb\u00e9s&#8230; \u00a1hay mucho m\u00e1s por compartir! Gracias por siempre amarme. Yo los quiero absolutamente a cada uno de ustedes.<\/em><\/p>\n<p>As\u00ed es como la magn\u00edfica cantante y actriz hija del matrimonio de Vicente Minelli y Judy Garland, que debut\u00f3 con tan solo 17 a\u00f1os en Broadway, que pas\u00f3 por el cine bajo la direcci\u00f3n de Bob Fosse y Mar\u00edn Scorsese entre otros, que gan\u00f3 numerosos premios, decide compartir su historia de c\u00f3mo empoder\u00f3 su talento derribando el nepotismo.<\/p>\n<p>&nbsp;<\/p>\n<p>&nbsp;<\/p>\n","protected":false},"excerpt":{"rendered":"<p>El Festival de Cine de Tribeca funciona hace m\u00e1s de 20 a\u00f1os y lo cierto es que se ha convertido en una fiesta de creatividad en la zona de Tribeca en New York. Un epicentro que ya forma parte de &#8230; <a title=\"Tribeca: El documental m\u00e1s esperado del festival\" class=\"read-more\" href=\"https:\/\/clientesbrandbits.click\/es\/tribeca-el-documental-mas-esperado-del-festival\/\" aria-label=\"Leer m\u00e1s sobre Tribeca: El documental m\u00e1s esperado del festival\">Leer M\u00e1s<\/a><\/p>\n","protected":false},"author":4,"featured_media":1043,"comment_status":"closed","ping_status":"closed","sticky":false,"template":"","format":"standard","meta":{"_joinchat":[],"footnotes":""},"categories":[11],"tags":[100,95,101,146],"class_list":["post-1661","post","type-post","status-publish","format-standard","has-post-thumbnail","hentry","category-festivales-de-cine","tag-festival-de-cine-de-tribeca","tag-festival-de-tribeca","tag-liza-minelli","tag-tribeca","infinite-scroll-item"],"yoast_head":"<!-- This site is optimized with the Yoast SEO plugin v22.8 - https:\/\/yoast.com\/wordpress\/plugins\/seo\/ -->\n<title>Tribeca: El documental m\u00e1s esperado del festival - Spanglish Cinema<\/title>\n<meta name=\"robots\" content=\"index, follow, max-snippet:-1, max-image-preview:large, max-video-preview:-1\" \/>\n<link rel=\"canonical\" href=\"https:\/\/clientesbrandbits.click\/es\/tribeca-el-documental-mas-esperado-del-festival\/\" \/>\n<meta property=\"og:locale\" content=\"es_ES\" \/>\n<meta property=\"og:type\" content=\"article\" \/>\n<meta property=\"og:title\" content=\"Tribeca: El documental m\u00e1s esperado del festival - Spanglish Cinema\" \/>\n<meta property=\"og:description\" content=\"El Festival de Cine de Tribeca funciona hace m\u00e1s de 20 a\u00f1os y lo cierto es que se ha convertido en una fiesta de creatividad en la zona de Tribeca en New York. Un epicentro que ya forma parte de ... Leer M\u00e1s\" \/>\n<meta property=\"og:url\" content=\"https:\/\/clientesbrandbits.click\/es\/tribeca-el-documental-mas-esperado-del-festival\/\" \/>\n<meta property=\"og:site_name\" content=\"Spanglish Cinema\" \/>\n<meta property=\"article:published_time\" content=\"2024-06-05T11:11:28+00:00\" \/>\n<meta property=\"article:modified_time\" content=\"2024-06-06T10:38:46+00:00\" \/>\n<meta property=\"og:image\" content=\"https:\/\/clientesbrandbits.click\/wp-content\/uploads\/2024\/04\/Liza-Minnelli.jpg\" \/>\n\t<meta property=\"og:image:width\" content=\"2048\" \/>\n\t<meta property=\"og:image:height\" content=\"1152\" \/>\n\t<meta property=\"og:image:type\" content=\"image\/jpeg\" \/>\n<meta name=\"author\" content=\"Mery Linares\" \/>\n<meta name=\"twitter:card\" content=\"summary_large_image\" \/>\n<meta name=\"twitter:label1\" content=\"Escrito por\" \/>\n\t<meta name=\"twitter:data1\" content=\"Mery Linares\" \/>\n\t<meta name=\"twitter:label2\" content=\"Tiempo de lectura\" \/>\n\t<meta name=\"twitter:data2\" content=\"3 minutos\" \/>\n<script type=\"application\/ld+json\" class=\"yoast-schema-graph\">{\"@context\":\"https:\/\/schema.org\",\"@graph\":[{\"@type\":\"Article\",\"@id\":\"https:\/\/clientesbrandbits.click\/tribeca-el-documental-mas-esperado-del-festival\/#article\",\"isPartOf\":{\"@id\":\"https:\/\/clientesbrandbits.click\/tribeca-el-documental-mas-esperado-del-festival\/\"},\"author\":{\"name\":\"Mery Linares\",\"@id\":\"https:\/\/clientesbrandbits.click\/#\/schema\/person\/0d8086d91083c464c71a3ac2294f508b\"},\"headline\":\"Tribeca: El documental m\u00e1s esperado del festival\",\"datePublished\":\"2024-06-05T11:11:28+00:00\",\"dateModified\":\"2024-06-06T10:38:46+00:00\",\"mainEntityOfPage\":{\"@id\":\"https:\/\/clientesbrandbits.click\/tribeca-el-documental-mas-esperado-del-festival\/\"},\"wordCount\":462,\"publisher\":{\"@id\":\"https:\/\/clientesbrandbits.click\/#organization\"},\"image\":{\"@id\":\"https:\/\/clientesbrandbits.click\/tribeca-el-documental-mas-esperado-del-festival\/#primaryimage\"},\"thumbnailUrl\":\"https:\/\/clientesbrandbits.click\/wp-content\/uploads\/2024\/04\/Liza-Minnelli.jpg\",\"keywords\":[\"festival de cine de tribeca\",\"Festival de Tribeca\",\"liza minelli\",\"Tribeca\"],\"articleSection\":[\"Festivales de Cine\"],\"inLanguage\":\"es\"},{\"@type\":\"WebPage\",\"@id\":\"https:\/\/clientesbrandbits.click\/tribeca-el-documental-mas-esperado-del-festival\/\",\"url\":\"https:\/\/clientesbrandbits.click\/tribeca-el-documental-mas-esperado-del-festival\/\",\"name\":\"Tribeca: El documental m\u00e1s esperado del festival - Spanglish Cinema\",\"isPartOf\":{\"@id\":\"https:\/\/clientesbrandbits.click\/#website\"},\"primaryImageOfPage\":{\"@id\":\"https:\/\/clientesbrandbits.click\/tribeca-el-documental-mas-esperado-del-festival\/#primaryimage\"},\"image\":{\"@id\":\"https:\/\/clientesbrandbits.click\/tribeca-el-documental-mas-esperado-del-festival\/#primaryimage\"},\"thumbnailUrl\":\"https:\/\/clientesbrandbits.click\/wp-content\/uploads\/2024\/04\/Liza-Minnelli.jpg\",\"datePublished\":\"2024-06-05T11:11:28+00:00\",\"dateModified\":\"2024-06-06T10:38:46+00:00\",\"breadcrumb\":{\"@id\":\"https:\/\/clientesbrandbits.click\/tribeca-el-documental-mas-esperado-del-festival\/#breadcrumb\"},\"inLanguage\":\"es\",\"potentialAction\":[{\"@type\":\"ReadAction\",\"target\":[\"https:\/\/clientesbrandbits.click\/tribeca-el-documental-mas-esperado-del-festival\/\"]}]},{\"@type\":\"ImageObject\",\"inLanguage\":\"es\",\"@id\":\"https:\/\/clientesbrandbits.click\/tribeca-el-documental-mas-esperado-del-festival\/#primaryimage\",\"url\":\"https:\/\/clientesbrandbits.click\/wp-content\/uploads\/2024\/04\/Liza-Minnelli.jpg\",\"contentUrl\":\"https:\/\/clientesbrandbits.click\/wp-content\/uploads\/2024\/04\/Liza-Minnelli.jpg\",\"width\":2048,\"height\":1152},{\"@type\":\"BreadcrumbList\",\"@id\":\"https:\/\/clientesbrandbits.click\/tribeca-el-documental-mas-esperado-del-festival\/#breadcrumb\",\"itemListElement\":[{\"@type\":\"ListItem\",\"position\":1,\"name\":\"Portada\",\"item\":\"https:\/\/clientesbrandbits.click\/\"},{\"@type\":\"ListItem\",\"position\":2,\"name\":\"Tribeca: El documental m\u00e1s esperado del festival\"}]},{\"@type\":\"WebSite\",\"@id\":\"https:\/\/clientesbrandbits.click\/#website\",\"url\":\"https:\/\/clientesbrandbits.click\/\",\"name\":\"Spanglish Cinema\",\"description\":\"\",\"publisher\":{\"@id\":\"https:\/\/clientesbrandbits.click\/#organization\"},\"potentialAction\":[{\"@type\":\"SearchAction\",\"target\":{\"@type\":\"EntryPoint\",\"urlTemplate\":\"https:\/\/clientesbrandbits.click\/?s={search_term_string}\"},\"query-input\":\"required name=search_term_string\"}],\"inLanguage\":\"es\"},{\"@type\":\"Organization\",\"@id\":\"https:\/\/clientesbrandbits.click\/#organization\",\"name\":\"Spanglish Cinema\",\"url\":\"https:\/\/clientesbrandbits.click\/\",\"logo\":{\"@type\":\"ImageObject\",\"inLanguage\":\"es\",\"@id\":\"https:\/\/clientesbrandbits.click\/#\/schema\/logo\/image\/\",\"url\":\"https:\/\/clientesbrandbits.click\/wp-content\/uploads\/2024\/03\/spanglish_cinema.png\",\"contentUrl\":\"https:\/\/clientesbrandbits.click\/wp-content\/uploads\/2024\/03\/spanglish_cinema.png\",\"width\":612,\"height\":225,\"caption\":\"Spanglish Cinema\"},\"image\":{\"@id\":\"https:\/\/clientesbrandbits.click\/#\/schema\/logo\/image\/\"}},{\"@type\":\"Person\",\"@id\":\"https:\/\/clientesbrandbits.click\/#\/schema\/person\/0d8086d91083c464c71a3ac2294f508b\",\"name\":\"Mery Linares\",\"image\":{\"@type\":\"ImageObject\",\"inLanguage\":\"es\",\"@id\":\"https:\/\/clientesbrandbits.click\/#\/schema\/person\/image\/\",\"url\":\"https:\/\/secure.gravatar.com\/avatar\/c2c478fe4bca383b05d541cf087a8cfb?s=96&d=mm&r=g\",\"contentUrl\":\"https:\/\/secure.gravatar.com\/avatar\/c2c478fe4bca383b05d541cf087a8cfb?s=96&d=mm&r=g\",\"caption\":\"Mery Linares\"},\"url\":\"https:\/\/clientesbrandbits.click\/es\/author\/mery-linares\/\"}]}<\/script>\n<!-- \/ Yoast SEO plugin. -->","yoast_head_json":{"title":"Tribeca: El documental m\u00e1s esperado del festival - Spanglish Cinema","robots":{"index":"index","follow":"follow","max-snippet":"max-snippet:-1","max-image-preview":"max-image-preview:large","max-video-preview":"max-video-preview:-1"},"canonical":"https:\/\/clientesbrandbits.click\/es\/tribeca-el-documental-mas-esperado-del-festival\/","og_locale":"es_ES","og_type":"article","og_title":"Tribeca: El documental m\u00e1s esperado del festival - Spanglish Cinema","og_description":"El Festival de Cine de Tribeca funciona hace m\u00e1s de 20 a\u00f1os y lo cierto es que se ha convertido en una fiesta de creatividad en la zona de Tribeca en New York. Un epicentro que ya forma parte de ... Leer M\u00e1s","og_url":"https:\/\/clientesbrandbits.click\/es\/tribeca-el-documental-mas-esperado-del-festival\/","og_site_name":"Spanglish Cinema","article_published_time":"2024-06-05T11:11:28+00:00","article_modified_time":"2024-06-06T10:38:46+00:00","og_image":[{"width":2048,"height":1152,"url":"https:\/\/clientesbrandbits.click\/wp-content\/uploads\/2024\/04\/Liza-Minnelli.jpg","type":"image\/jpeg"}],"author":"Mery Linares","twitter_card":"summary_large_image","twitter_misc":{"Escrito por":"Mery Linares","Tiempo de lectura":"3 minutos"},"schema":{"@context":"https:\/\/schema.org","@graph":[{"@type":"Article","@id":"https:\/\/clientesbrandbits.click\/tribeca-el-documental-mas-esperado-del-festival\/#article","isPartOf":{"@id":"https:\/\/clientesbrandbits.click\/tribeca-el-documental-mas-esperado-del-festival\/"},"author":{"name":"Mery Linares","@id":"https:\/\/clientesbrandbits.click\/#\/schema\/person\/0d8086d91083c464c71a3ac2294f508b"},"headline":"Tribeca: El documental m\u00e1s esperado del festival","datePublished":"2024-06-05T11:11:28+00:00","dateModified":"2024-06-06T10:38:46+00:00","mainEntityOfPage":{"@id":"https:\/\/clientesbrandbits.click\/tribeca-el-documental-mas-esperado-del-festival\/"},"wordCount":462,"publisher":{"@id":"https:\/\/clientesbrandbits.click\/#organization"},"image":{"@id":"https:\/\/clientesbrandbits.click\/tribeca-el-documental-mas-esperado-del-festival\/#primaryimage"},"thumbnailUrl":"https:\/\/clientesbrandbits.click\/wp-content\/uploads\/2024\/04\/Liza-Minnelli.jpg","keywords":["festival de cine de tribeca","Festival de Tribeca","liza minelli","Tribeca"],"articleSection":["Festivales de Cine"],"inLanguage":"es"},{"@type":"WebPage","@id":"https:\/\/clientesbrandbits.click\/tribeca-el-documental-mas-esperado-del-festival\/","url":"https:\/\/clientesbrandbits.click\/tribeca-el-documental-mas-esperado-del-festival\/","name":"Tribeca: El documental m\u00e1s esperado del festival - Spanglish Cinema","isPartOf":{"@id":"https:\/\/clientesbrandbits.click\/#website"},"primaryImageOfPage":{"@id":"https:\/\/clientesbrandbits.click\/tribeca-el-documental-mas-esperado-del-festival\/#primaryimage"},"image":{"@id":"https:\/\/clientesbrandbits.click\/tribeca-el-documental-mas-esperado-del-festival\/#primaryimage"},"thumbnailUrl":"https:\/\/clientesbrandbits.click\/wp-content\/uploads\/2024\/04\/Liza-Minnelli.jpg","datePublished":"2024-06-05T11:11:28+00:00","dateModified":"2024-06-06T10:38:46+00:00","breadcrumb":{"@id":"https:\/\/clientesbrandbits.click\/tribeca-el-documental-mas-esperado-del-festival\/#breadcrumb"},"inLanguage":"es","potentialAction":[{"@type":"ReadAction","target":["https:\/\/clientesbrandbits.click\/tribeca-el-documental-mas-esperado-del-festival\/"]}]},{"@type":"ImageObject","inLanguage":"es","@id":"https:\/\/clientesbrandbits.click\/tribeca-el-documental-mas-esperado-del-festival\/#primaryimage","url":"https:\/\/clientesbrandbits.click\/wp-content\/uploads\/2024\/04\/Liza-Minnelli.jpg","contentUrl":"https:\/\/clientesbrandbits.click\/wp-content\/uploads\/2024\/04\/Liza-Minnelli.jpg","width":2048,"height":1152},{"@type":"BreadcrumbList","@id":"https:\/\/clientesbrandbits.click\/tribeca-el-documental-mas-esperado-del-festival\/#breadcrumb","itemListElement":[{"@type":"ListItem","position":1,"name":"Portada","item":"https:\/\/clientesbrandbits.click\/"},{"@type":"ListItem","position":2,"name":"Tribeca: El documental m\u00e1s esperado del festival"}]},{"@type":"WebSite","@id":"https:\/\/clientesbrandbits.click\/#website","url":"https:\/\/clientesbrandbits.click\/","name":"Spanglish Cinema","description":"","publisher":{"@id":"https:\/\/clientesbrandbits.click\/#organization"},"potentialAction":[{"@type":"SearchAction","target":{"@type":"EntryPoint","urlTemplate":"https:\/\/clientesbrandbits.click\/?s={search_term_string}"},"query-input":"required name=search_term_string"}],"inLanguage":"es"},{"@type":"Organization","@id":"https:\/\/clientesbrandbits.click\/#organization","name":"Spanglish Cinema","url":"https:\/\/clientesbrandbits.click\/","logo":{"@type":"ImageObject","inLanguage":"es","@id":"https:\/\/clientesbrandbits.click\/#\/schema\/logo\/image\/","url":"https:\/\/clientesbrandbits.click\/wp-content\/uploads\/2024\/03\/spanglish_cinema.png","contentUrl":"https:\/\/clientesbrandbits.click\/wp-content\/uploads\/2024\/03\/spanglish_cinema.png","width":612,"height":225,"caption":"Spanglish Cinema"},"image":{"@id":"https:\/\/clientesbrandbits.click\/#\/schema\/logo\/image\/"}},{"@type":"Person","@id":"https:\/\/clientesbrandbits.click\/#\/schema\/person\/0d8086d91083c464c71a3ac2294f508b","name":"Mery Linares","image":{"@type":"ImageObject","inLanguage":"es","@id":"https:\/\/clientesbrandbits.click\/#\/schema\/person\/image\/","url":"https:\/\/secure.gravatar.com\/avatar\/c2c478fe4bca383b05d541cf087a8cfb?s=96&d=mm&r=g","contentUrl":"https:\/\/secure.gravatar.com\/avatar\/c2c478fe4bca383b05d541cf087a8cfb?s=96&d=mm&r=g","caption":"Mery Linares"},"url":"https:\/\/clientesbrandbits.click\/es\/author\/mery-linares\/"}]}},"_links":{"self":[{"href":"https:\/\/clientesbrandbits.click\/es\/wp-json\/wp\/v2\/posts\/1661"}],"collection":[{"href":"https:\/\/clientesbrandbits.click\/es\/wp-json\/wp\/v2\/posts"}],"about":[{"href":"https:\/\/clientesbrandbits.click\/es\/wp-json\/wp\/v2\/types\/post"}],"author":[{"embeddable":true,"href":"https:\/\/clientesbrandbits.click\/es\/wp-json\/wp\/v2\/users\/4"}],"replies":[{"embeddable":true,"href":"https:\/\/clientesbrandbits.click\/es\/wp-json\/wp\/v2\/comments?post=1661"}],"version-history":[{"count":1,"href":"https:\/\/clientesbrandbits.click\/es\/wp-json\/wp\/v2\/posts\/1661\/revisions"}],"predecessor-version":[{"id":1662,"href":"https:\/\/clientesbrandbits.click\/es\/wp-json\/wp\/v2\/posts\/1661\/revisions\/1662"}],"wp:featuredmedia":[{"embeddable":true,"href":"https:\/\/clientesbrandbits.click\/es\/wp-json\/wp\/v2\/media\/1043"}],"wp:attachment":[{"href":"https:\/\/clientesbrandbits.click\/es\/wp-json\/wp\/v2\/media?parent=1661"}],"wp:term":[{"taxonomy":"category","embeddable":true,"href":"https:\/\/clientesbrandbits.click\/es\/wp-json\/wp\/v2\/categories?post=1661"},{"taxonomy":"post_tag","embeddable":true,"href":"https:\/\/clientesbrandbits.click\/es\/wp-json\/wp\/v2\/tags?post=1661"}],"curies":[{"name":"wp","href":"https:\/\/api.w.org\/{rel}","templated":true}]}}