{"id":1659,"date":"2024-06-06T09:09:57","date_gmt":"2024-06-06T13:09:57","guid":{"rendered":"https:\/\/clientesbrandbits.click\/?p=1659"},"modified":"2024-06-07T12:54:21","modified_gmt":"2024-06-07T16:54:21","slug":"el-coming-of-age-de-kirsten-stewart-y-michael-cera-que-llega-a-tribeca-2","status":"publish","type":"post","link":"https:\/\/clientesbrandbits.click\/es\/el-coming-of-age-de-kirsten-stewart-y-michael-cera-que-llega-a-tribeca-2\/","title":{"rendered":"El Coming of Age de Kirsten Stewart y Michael Cera que llega a Tribeca"},"content":{"rendered":"<p>Ya en una nueva edici\u00f3n del Festival de Cine de Tribeca y, luego de su exitoso paso por Sundance con \u00abLove Lies Bleeding\u00bb, Kirsten Stewart estar\u00e1 presente en el Festival de Cine de Tribeca con \u201cSacramento\u201d donde compartir\u00e1 pantalla con Michael Cera, Michael Angarano y Maya Erskine.<\/p>\n<p><img fetchpriority=\"high\" decoding=\"async\" class=\"aligncenter wp-image-1086 size-large\" src=\"https:\/\/clientesbrandbits.click\/wp-content\/uploads\/2024\/04\/6a1fe9f8a60ac93b6a68f9dc471dd0d4-1024x577.jpg\" alt=\"\" width=\"1024\" height=\"577\" srcset=\"https:\/\/clientesbrandbits.click\/wp-content\/uploads\/2024\/04\/6a1fe9f8a60ac93b6a68f9dc471dd0d4-1024x577.jpg 1024w, https:\/\/clientesbrandbits.click\/wp-content\/uploads\/2024\/04\/6a1fe9f8a60ac93b6a68f9dc471dd0d4-300x169.jpg 300w, https:\/\/clientesbrandbits.click\/wp-content\/uploads\/2024\/04\/6a1fe9f8a60ac93b6a68f9dc471dd0d4-768x433.jpg 768w, https:\/\/clientesbrandbits.click\/wp-content\/uploads\/2024\/04\/6a1fe9f8a60ac93b6a68f9dc471dd0d4-18x10.jpg 18w, https:\/\/clientesbrandbits.click\/wp-content\/uploads\/2024\/04\/6a1fe9f8a60ac93b6a68f9dc471dd0d4.jpg 1200w\" sizes=\"(max-width: 1024px) 100vw, 1024px\" \/><\/p>\n<p>\u201cSacramento\u201d es la segunda pel\u00edcula detr\u00e1s de c\u00e1mara para \u201cMichael Angarano\u201d que ya hab\u00eda realizado \u201cAvenues\u201d y que formar\u00e1 parte de la categor\u00eda de competencia US Narrative en el festival que se realizar\u00e1 en la ciudad de Nueva York este pr\u00f3ximo 12 al 16 de junio.<\/p>\n<p>El film fue co- escrito por el mismo Angarano junto a Chris Smith y se describe como una comedia con tintes de Coming of Age. La pel\u00edcula que ya ha generado bastante expectativa tanto en la cr\u00edtica como en la audiencia narra la historia de Rickey, un joven en\u00e9rgico y de esp\u00edritu libre, que convence a Glenn, su viejo amigo que lleva una vida estable, para que emprenda un viaje improvisado por carretera de Los \u00c1ngeles a Sacramento.<\/p>\n<p>La locaci\u00f3n de filmaci\u00f3n, que se realiz\u00f3 durante el a\u00f1o 2023, fue efectivamente la ciudad de Sacramento y se incluyeron ic\u00f3nicos parajes del lugar como el local de helados \u201cGunther\u201d o la calle corredor R que representan diferentes sectores de la ciudad, que no olvidemos tiene admirables directores nativos del lugar como Greta Gerwig.<\/p>\n<p>A solo algunas horas de los \u00c1ngeles en un viaje a la ciudad de Sacramento podremos ver a estos dos amigos que emprenden un viaje en esta transitada e ic\u00f3nica ruta como ya lo han hecho otros personajes ic\u00f3nicos del s\u00e9ptimo arte.<\/p>\n<p>Estaremos expectantes a su estreno en el Festival de Cine de Tribeca.<\/p>\n<p>&nbsp;<\/p>\n","protected":false},"excerpt":{"rendered":"<p>Ya en una nueva edici\u00f3n del Festival de Cine de Tribeca y, luego de su exitoso paso por Sundance con \u00abLove Lies Bleeding\u00bb, Kirsten Stewart estar\u00e1 presente en el Festival de Cine de Tribeca con \u201cSacramento\u201d donde compartir\u00e1 pantalla con &#8230; <a title=\"El Coming of Age de Kirsten Stewart y Michael Cera que llega a Tribeca\" class=\"read-more\" href=\"https:\/\/clientesbrandbits.click\/es\/el-coming-of-age-de-kirsten-stewart-y-michael-cera-que-llega-a-tribeca-2\/\" aria-label=\"Leer m\u00e1s sobre El Coming of Age de Kirsten Stewart y Michael Cera que llega a Tribeca\">Leer M\u00e1s<\/a><\/p>\n","protected":false},"author":2,"featured_media":1085,"comment_status":"closed","ping_status":"closed","sticky":false,"template":"","format":"standard","meta":{"_joinchat":[],"footnotes":""},"categories":[112,11],"tags":[100,146],"class_list":["post-1659","post","type-post","status-publish","format-standard","has-post-thumbnail","hentry","category-destacados","category-festivales-de-cine","tag-festival-de-cine-de-tribeca","tag-tribeca","infinite-scroll-item"],"yoast_head":"<!-- This site is optimized with the Yoast SEO plugin v22.8 - https:\/\/yoast.com\/wordpress\/plugins\/seo\/ -->\n<title>El Coming of Age de Kirsten Stewart y Michael Cera que llega a Tribeca - Spanglish Cinema<\/title>\n<meta name=\"description\" content=\"Luego de su exitoso paso por Sundance con Love Lies Bleeding, Kirsten Stewart estar\u00e1 presente en el Festival de Cine de Tribeca con \u201cSacramento\u201d donde compartir\u00e1 pantalla con Michael Cera, Michael Angarano y Maya Erskine.\" \/>\n<meta name=\"robots\" content=\"index, follow, max-snippet:-1, max-image-preview:large, max-video-preview:-1\" \/>\n<link rel=\"canonical\" href=\"https:\/\/clientesbrandbits.click\/es\/el-coming-of-age-de-kirsten-stewart-y-michael-cera-que-llega-a-tribeca-2\/\" \/>\n<meta property=\"og:locale\" content=\"es_ES\" \/>\n<meta property=\"og:type\" content=\"article\" \/>\n<meta property=\"og:title\" content=\"El Coming of Age de Kirsten Stewart y Michael Cera que llega a Tribeca - Spanglish Cinema\" \/>\n<meta property=\"og:description\" content=\"Luego de su exitoso paso por Sundance con Love Lies Bleeding, Kirsten Stewart estar\u00e1 presente en el Festival de Cine de Tribeca con \u201cSacramento\u201d donde compartir\u00e1 pantalla con Michael Cera, Michael Angarano y Maya Erskine.\" \/>\n<meta property=\"og:url\" content=\"https:\/\/clientesbrandbits.click\/es\/el-coming-of-age-de-kirsten-stewart-y-michael-cera-que-llega-a-tribeca-2\/\" \/>\n<meta property=\"og:site_name\" content=\"Spanglish Cinema\" \/>\n<meta property=\"article:published_time\" content=\"2024-06-06T13:09:57+00:00\" \/>\n<meta property=\"article:modified_time\" content=\"2024-06-07T16:54:21+00:00\" \/>\n<meta property=\"og:image\" content=\"https:\/\/clientesbrandbits.click\/wp-content\/uploads\/2024\/04\/michael-cera-kristen-stewart.jpg\" \/>\n\t<meta property=\"og:image:width\" content=\"1280\" \/>\n\t<meta property=\"og:image:height\" content=\"720\" \/>\n\t<meta property=\"og:image:type\" content=\"image\/jpeg\" \/>\n<meta name=\"author\" content=\"Francisca Romero\" \/>\n<meta name=\"twitter:card\" content=\"summary_large_image\" \/>\n<meta name=\"twitter:label1\" content=\"Escrito por\" \/>\n\t<meta name=\"twitter:data1\" content=\"Francisca Romero\" \/>\n\t<meta name=\"twitter:label2\" content=\"Tiempo de lectura\" \/>\n\t<meta name=\"twitter:data2\" content=\"2 minutos\" \/>\n<script type=\"application\/ld+json\" class=\"yoast-schema-graph\">{\"@context\":\"https:\/\/schema.org\",\"@graph\":[{\"@type\":\"Article\",\"@id\":\"https:\/\/clientesbrandbits.click\/el-coming-of-age-de-kirsten-stewart-y-michael-cera-que-llega-a-tribeca-2\/#article\",\"isPartOf\":{\"@id\":\"https:\/\/clientesbrandbits.click\/el-coming-of-age-de-kirsten-stewart-y-michael-cera-que-llega-a-tribeca-2\/\"},\"author\":{\"name\":\"Francisca Romero\",\"@id\":\"https:\/\/clientesbrandbits.click\/#\/schema\/person\/fedc39f5790928deafca5719b3588db2\"},\"headline\":\"El Coming of Age de Kirsten Stewart y Michael Cera que llega a Tribeca\",\"datePublished\":\"2024-06-06T13:09:57+00:00\",\"dateModified\":\"2024-06-07T16:54:21+00:00\",\"mainEntityOfPage\":{\"@id\":\"https:\/\/clientesbrandbits.click\/el-coming-of-age-de-kirsten-stewart-y-michael-cera-que-llega-a-tribeca-2\/\"},\"wordCount\":309,\"publisher\":{\"@id\":\"https:\/\/clientesbrandbits.click\/#organization\"},\"image\":{\"@id\":\"https:\/\/clientesbrandbits.click\/el-coming-of-age-de-kirsten-stewart-y-michael-cera-que-llega-a-tribeca-2\/#primaryimage\"},\"thumbnailUrl\":\"https:\/\/clientesbrandbits.click\/wp-content\/uploads\/2024\/04\/michael-cera-kristen-stewart.jpg\",\"keywords\":[\"festival de cine de tribeca\",\"Tribeca\"],\"articleSection\":[\"Destacados\",\"Festivales de Cine\"],\"inLanguage\":\"es\"},{\"@type\":\"WebPage\",\"@id\":\"https:\/\/clientesbrandbits.click\/el-coming-of-age-de-kirsten-stewart-y-michael-cera-que-llega-a-tribeca-2\/\",\"url\":\"https:\/\/clientesbrandbits.click\/el-coming-of-age-de-kirsten-stewart-y-michael-cera-que-llega-a-tribeca-2\/\",\"name\":\"El Coming of Age de Kirsten Stewart y Michael Cera que llega a Tribeca - Spanglish Cinema\",\"isPartOf\":{\"@id\":\"https:\/\/clientesbrandbits.click\/#website\"},\"primaryImageOfPage\":{\"@id\":\"https:\/\/clientesbrandbits.click\/el-coming-of-age-de-kirsten-stewart-y-michael-cera-que-llega-a-tribeca-2\/#primaryimage\"},\"image\":{\"@id\":\"https:\/\/clientesbrandbits.click\/el-coming-of-age-de-kirsten-stewart-y-michael-cera-que-llega-a-tribeca-2\/#primaryimage\"},\"thumbnailUrl\":\"https:\/\/clientesbrandbits.click\/wp-content\/uploads\/2024\/04\/michael-cera-kristen-stewart.jpg\",\"datePublished\":\"2024-06-06T13:09:57+00:00\",\"dateModified\":\"2024-06-07T16:54:21+00:00\",\"description\":\"Luego de su exitoso paso por Sundance con Love Lies Bleeding, Kirsten Stewart estar\u00e1 presente en el Festival de Cine de Tribeca con \u201cSacramento\u201d donde compartir\u00e1 pantalla con Michael Cera, Michael Angarano y Maya Erskine.\",\"breadcrumb\":{\"@id\":\"https:\/\/clientesbrandbits.click\/el-coming-of-age-de-kirsten-stewart-y-michael-cera-que-llega-a-tribeca-2\/#breadcrumb\"},\"inLanguage\":\"es\",\"potentialAction\":[{\"@type\":\"ReadAction\",\"target\":[\"https:\/\/clientesbrandbits.click\/el-coming-of-age-de-kirsten-stewart-y-michael-cera-que-llega-a-tribeca-2\/\"]}]},{\"@type\":\"ImageObject\",\"inLanguage\":\"es\",\"@id\":\"https:\/\/clientesbrandbits.click\/el-coming-of-age-de-kirsten-stewart-y-michael-cera-que-llega-a-tribeca-2\/#primaryimage\",\"url\":\"https:\/\/clientesbrandbits.click\/wp-content\/uploads\/2024\/04\/michael-cera-kristen-stewart.jpg\",\"contentUrl\":\"https:\/\/clientesbrandbits.click\/wp-content\/uploads\/2024\/04\/michael-cera-kristen-stewart.jpg\",\"width\":1280,\"height\":720},{\"@type\":\"BreadcrumbList\",\"@id\":\"https:\/\/clientesbrandbits.click\/el-coming-of-age-de-kirsten-stewart-y-michael-cera-que-llega-a-tribeca-2\/#breadcrumb\",\"itemListElement\":[{\"@type\":\"ListItem\",\"position\":1,\"name\":\"Portada\",\"item\":\"https:\/\/clientesbrandbits.click\/\"},{\"@type\":\"ListItem\",\"position\":2,\"name\":\"El Coming of Age de Kirsten Stewart y Michael Cera que llega a Tribeca\"}]},{\"@type\":\"WebSite\",\"@id\":\"https:\/\/clientesbrandbits.click\/#website\",\"url\":\"https:\/\/clientesbrandbits.click\/\",\"name\":\"Spanglish Cinema\",\"description\":\"\",\"publisher\":{\"@id\":\"https:\/\/clientesbrandbits.click\/#organization\"},\"potentialAction\":[{\"@type\":\"SearchAction\",\"target\":{\"@type\":\"EntryPoint\",\"urlTemplate\":\"https:\/\/clientesbrandbits.click\/?s={search_term_string}\"},\"query-input\":\"required name=search_term_string\"}],\"inLanguage\":\"es\"},{\"@type\":\"Organization\",\"@id\":\"https:\/\/clientesbrandbits.click\/#organization\",\"name\":\"Spanglish Cinema\",\"url\":\"https:\/\/clientesbrandbits.click\/\",\"logo\":{\"@type\":\"ImageObject\",\"inLanguage\":\"es\",\"@id\":\"https:\/\/clientesbrandbits.click\/#\/schema\/logo\/image\/\",\"url\":\"https:\/\/clientesbrandbits.click\/wp-content\/uploads\/2024\/03\/spanglish_cinema.png\",\"contentUrl\":\"https:\/\/clientesbrandbits.click\/wp-content\/uploads\/2024\/03\/spanglish_cinema.png\",\"width\":612,\"height\":225,\"caption\":\"Spanglish Cinema\"},\"image\":{\"@id\":\"https:\/\/clientesbrandbits.click\/#\/schema\/logo\/image\/\"}},{\"@type\":\"Person\",\"@id\":\"https:\/\/clientesbrandbits.click\/#\/schema\/person\/fedc39f5790928deafca5719b3588db2\",\"name\":\"Francisca Romero\",\"image\":{\"@type\":\"ImageObject\",\"inLanguage\":\"es\",\"@id\":\"https:\/\/clientesbrandbits.click\/#\/schema\/person\/image\/\",\"url\":\"https:\/\/secure.gravatar.com\/avatar\/59bbcac6a15502dc7740d8ba94724e62?s=96&d=mm&r=g\",\"contentUrl\":\"https:\/\/secure.gravatar.com\/avatar\/59bbcac6a15502dc7740d8ba94724e62?s=96&d=mm&r=g\",\"caption\":\"Francisca Romero\"},\"url\":\"https:\/\/clientesbrandbits.click\/es\/author\/francisca-romero\/\"}]}<\/script>\n<!-- \/ Yoast SEO plugin. -->","yoast_head_json":{"title":"El Coming of Age de Kirsten Stewart y Michael Cera que llega a Tribeca - Spanglish Cinema","description":"Luego de su exitoso paso por Sundance con Love Lies Bleeding, Kirsten Stewart estar\u00e1 presente en el Festival de Cine de Tribeca con \u201cSacramento\u201d donde compartir\u00e1 pantalla con Michael Cera, Michael Angarano y Maya Erskine.","robots":{"index":"index","follow":"follow","max-snippet":"max-snippet:-1","max-image-preview":"max-image-preview:large","max-video-preview":"max-video-preview:-1"},"canonical":"https:\/\/clientesbrandbits.click\/es\/el-coming-of-age-de-kirsten-stewart-y-michael-cera-que-llega-a-tribeca-2\/","og_locale":"es_ES","og_type":"article","og_title":"El Coming of Age de Kirsten Stewart y Michael Cera que llega a Tribeca - Spanglish Cinema","og_description":"Luego de su exitoso paso por Sundance con Love Lies Bleeding, Kirsten Stewart estar\u00e1 presente en el Festival de Cine de Tribeca con \u201cSacramento\u201d donde compartir\u00e1 pantalla con Michael Cera, Michael Angarano y Maya Erskine.","og_url":"https:\/\/clientesbrandbits.click\/es\/el-coming-of-age-de-kirsten-stewart-y-michael-cera-que-llega-a-tribeca-2\/","og_site_name":"Spanglish Cinema","article_published_time":"2024-06-06T13:09:57+00:00","article_modified_time":"2024-06-07T16:54:21+00:00","og_image":[{"width":1280,"height":720,"url":"https:\/\/clientesbrandbits.click\/wp-content\/uploads\/2024\/04\/michael-cera-kristen-stewart.jpg","type":"image\/jpeg"}],"author":"Francisca Romero","twitter_card":"summary_large_image","twitter_misc":{"Escrito por":"Francisca Romero","Tiempo de lectura":"2 minutos"},"schema":{"@context":"https:\/\/schema.org","@graph":[{"@type":"Article","@id":"https:\/\/clientesbrandbits.click\/el-coming-of-age-de-kirsten-stewart-y-michael-cera-que-llega-a-tribeca-2\/#article","isPartOf":{"@id":"https:\/\/clientesbrandbits.click\/el-coming-of-age-de-kirsten-stewart-y-michael-cera-que-llega-a-tribeca-2\/"},"author":{"name":"Francisca Romero","@id":"https:\/\/clientesbrandbits.click\/#\/schema\/person\/fedc39f5790928deafca5719b3588db2"},"headline":"El Coming of Age de Kirsten Stewart y Michael Cera que llega a Tribeca","datePublished":"2024-06-06T13:09:57+00:00","dateModified":"2024-06-07T16:54:21+00:00","mainEntityOfPage":{"@id":"https:\/\/clientesbrandbits.click\/el-coming-of-age-de-kirsten-stewart-y-michael-cera-que-llega-a-tribeca-2\/"},"wordCount":309,"publisher":{"@id":"https:\/\/clientesbrandbits.click\/#organization"},"image":{"@id":"https:\/\/clientesbrandbits.click\/el-coming-of-age-de-kirsten-stewart-y-michael-cera-que-llega-a-tribeca-2\/#primaryimage"},"thumbnailUrl":"https:\/\/clientesbrandbits.click\/wp-content\/uploads\/2024\/04\/michael-cera-kristen-stewart.jpg","keywords":["festival de cine de tribeca","Tribeca"],"articleSection":["Destacados","Festivales de Cine"],"inLanguage":"es"},{"@type":"WebPage","@id":"https:\/\/clientesbrandbits.click\/el-coming-of-age-de-kirsten-stewart-y-michael-cera-que-llega-a-tribeca-2\/","url":"https:\/\/clientesbrandbits.click\/el-coming-of-age-de-kirsten-stewart-y-michael-cera-que-llega-a-tribeca-2\/","name":"El Coming of Age de Kirsten Stewart y Michael Cera que llega a Tribeca - Spanglish Cinema","isPartOf":{"@id":"https:\/\/clientesbrandbits.click\/#website"},"primaryImageOfPage":{"@id":"https:\/\/clientesbrandbits.click\/el-coming-of-age-de-kirsten-stewart-y-michael-cera-que-llega-a-tribeca-2\/#primaryimage"},"image":{"@id":"https:\/\/clientesbrandbits.click\/el-coming-of-age-de-kirsten-stewart-y-michael-cera-que-llega-a-tribeca-2\/#primaryimage"},"thumbnailUrl":"https:\/\/clientesbrandbits.click\/wp-content\/uploads\/2024\/04\/michael-cera-kristen-stewart.jpg","datePublished":"2024-06-06T13:09:57+00:00","dateModified":"2024-06-07T16:54:21+00:00","description":"Luego de su exitoso paso por Sundance con Love Lies Bleeding, Kirsten Stewart estar\u00e1 presente en el Festival de Cine de Tribeca con \u201cSacramento\u201d donde compartir\u00e1 pantalla con Michael Cera, Michael Angarano y Maya Erskine.","breadcrumb":{"@id":"https:\/\/clientesbrandbits.click\/el-coming-of-age-de-kirsten-stewart-y-michael-cera-que-llega-a-tribeca-2\/#breadcrumb"},"inLanguage":"es","potentialAction":[{"@type":"ReadAction","target":["https:\/\/clientesbrandbits.click\/el-coming-of-age-de-kirsten-stewart-y-michael-cera-que-llega-a-tribeca-2\/"]}]},{"@type":"ImageObject","inLanguage":"es","@id":"https:\/\/clientesbrandbits.click\/el-coming-of-age-de-kirsten-stewart-y-michael-cera-que-llega-a-tribeca-2\/#primaryimage","url":"https:\/\/clientesbrandbits.click\/wp-content\/uploads\/2024\/04\/michael-cera-kristen-stewart.jpg","contentUrl":"https:\/\/clientesbrandbits.click\/wp-content\/uploads\/2024\/04\/michael-cera-kristen-stewart.jpg","width":1280,"height":720},{"@type":"BreadcrumbList","@id":"https:\/\/clientesbrandbits.click\/el-coming-of-age-de-kirsten-stewart-y-michael-cera-que-llega-a-tribeca-2\/#breadcrumb","itemListElement":[{"@type":"ListItem","position":1,"name":"Portada","item":"https:\/\/clientesbrandbits.click\/"},{"@type":"ListItem","position":2,"name":"El Coming of Age de Kirsten Stewart y Michael Cera que llega a Tribeca"}]},{"@type":"WebSite","@id":"https:\/\/clientesbrandbits.click\/#website","url":"https:\/\/clientesbrandbits.click\/","name":"Spanglish Cinema","description":"","publisher":{"@id":"https:\/\/clientesbrandbits.click\/#organization"},"potentialAction":[{"@type":"SearchAction","target":{"@type":"EntryPoint","urlTemplate":"https:\/\/clientesbrandbits.click\/?s={search_term_string}"},"query-input":"required name=search_term_string"}],"inLanguage":"es"},{"@type":"Organization","@id":"https:\/\/clientesbrandbits.click\/#organization","name":"Spanglish Cinema","url":"https:\/\/clientesbrandbits.click\/","logo":{"@type":"ImageObject","inLanguage":"es","@id":"https:\/\/clientesbrandbits.click\/#\/schema\/logo\/image\/","url":"https:\/\/clientesbrandbits.click\/wp-content\/uploads\/2024\/03\/spanglish_cinema.png","contentUrl":"https:\/\/clientesbrandbits.click\/wp-content\/uploads\/2024\/03\/spanglish_cinema.png","width":612,"height":225,"caption":"Spanglish Cinema"},"image":{"@id":"https:\/\/clientesbrandbits.click\/#\/schema\/logo\/image\/"}},{"@type":"Person","@id":"https:\/\/clientesbrandbits.click\/#\/schema\/person\/fedc39f5790928deafca5719b3588db2","name":"Francisca Romero","image":{"@type":"ImageObject","inLanguage":"es","@id":"https:\/\/clientesbrandbits.click\/#\/schema\/person\/image\/","url":"https:\/\/secure.gravatar.com\/avatar\/59bbcac6a15502dc7740d8ba94724e62?s=96&d=mm&r=g","contentUrl":"https:\/\/secure.gravatar.com\/avatar\/59bbcac6a15502dc7740d8ba94724e62?s=96&d=mm&r=g","caption":"Francisca Romero"},"url":"https:\/\/clientesbrandbits.click\/es\/author\/francisca-romero\/"}]}},"_links":{"self":[{"href":"https:\/\/clientesbrandbits.click\/es\/wp-json\/wp\/v2\/posts\/1659"}],"collection":[{"href":"https:\/\/clientesbrandbits.click\/es\/wp-json\/wp\/v2\/posts"}],"about":[{"href":"https:\/\/clientesbrandbits.click\/es\/wp-json\/wp\/v2\/types\/post"}],"author":[{"embeddable":true,"href":"https:\/\/clientesbrandbits.click\/es\/wp-json\/wp\/v2\/users\/2"}],"replies":[{"embeddable":true,"href":"https:\/\/clientesbrandbits.click\/es\/wp-json\/wp\/v2\/comments?post=1659"}],"version-history":[{"count":2,"href":"https:\/\/clientesbrandbits.click\/es\/wp-json\/wp\/v2\/posts\/1659\/revisions"}],"predecessor-version":[{"id":1746,"href":"https:\/\/clientesbrandbits.click\/es\/wp-json\/wp\/v2\/posts\/1659\/revisions\/1746"}],"wp:featuredmedia":[{"embeddable":true,"href":"https:\/\/clientesbrandbits.click\/es\/wp-json\/wp\/v2\/media\/1085"}],"wp:attachment":[{"href":"https:\/\/clientesbrandbits.click\/es\/wp-json\/wp\/v2\/media?parent=1659"}],"wp:term":[{"taxonomy":"category","embeddable":true,"href":"https:\/\/clientesbrandbits.click\/es\/wp-json\/wp\/v2\/categories?post=1659"},{"taxonomy":"post_tag","embeddable":true,"href":"https:\/\/clientesbrandbits.click\/es\/wp-json\/wp\/v2\/tags?post=1659"}],"curies":[{"name":"wp","href":"https:\/\/api.w.org\/{rel}","templated":true}]}}