{"id":1508,"date":"2024-05-25T07:03:49","date_gmt":"2024-05-25T11:03:49","guid":{"rendered":"https:\/\/clientesbrandbits.click\/?p=1508"},"modified":"2024-05-25T11:50:43","modified_gmt":"2024-05-25T15:50:43","slug":"cannes-dia-12-wim-wenders-presento-paris-texas-restaurada-en-cannes-classics","status":"publish","type":"post","link":"https:\/\/clientesbrandbits.click\/es\/cannes-dia-12-wim-wenders-presento-paris-texas-restaurada-en-cannes-classics\/","title":{"rendered":"Cannes D\u00eda 12: Wim Wenders present\u00f3 \u00abPar\u00eds, Texas\u00bb restaurada en Cannes Classics"},"content":{"rendered":"<p style=\"text-align: justify;\">Cuarenta a\u00f1os despu\u00e9s de que \u00abPar\u00eds, Texas\u00bb ganara la Palma de Oro, el aclamado director Wim Wenders estuvo presente en la proyecci\u00f3n de una versi\u00f3n restaurada de esta emblem\u00e1tica pel\u00edcula en la secci\u00f3n Cannes Classics del Festival de Cannes. Fue como un renacimiento cinematogr\u00e1fico que nos lleva de vuelta al viaje introspectivo a trav\u00e9s del desierto hasta la ciudad de Par\u00eds, Texas, protagonizado por Harry Dean Stanton, Nastassja Kinski, Dean Stockwell y Aurore Cl\u00e9ment.<\/p>\n<p style=\"text-align: justify;\"><strong>Una restauraci\u00f3n minuciosa y nost\u00e1lgica<\/strong><\/p>\n<p style=\"text-align: justify;\">Wenders describe la restauraci\u00f3n como \u00abun viaje al pasado\u00bb. Reflexionando sobre los cuarenta a\u00f1os que han pasado desde que dirigi\u00f3 la pel\u00edcula, coment\u00f3 ayer:<em> \u00abTen\u00eda 38 a\u00f1os cuando film\u00e9 &#8216;Par\u00eds, Texas&#8217;. Hoy tengo m\u00e1s del doble de edad. En ese tiempo, tanto la pel\u00edcula como yo podr\u00edamos haber desarrollado m\u00e9todos de filmaci\u00f3n completamente diferentes, pero no sent\u00ed este cambio. Sent\u00ed una fe ciega en los elementos que ten\u00eda a mi disposici\u00f3n en 1983.\u00bb<\/em><\/p>\n<p style=\"text-align: justify;\"><em>\u00a0<\/em><\/p>\n<p style=\"text-align: justify;\">El cineasta tambi\u00e9n habl\u00f3 sobre\u00a0 la importancia de la calidad del escaneo del material anal\u00f3gico para la restauraci\u00f3n: <em>\u00abEscanear el material de pel\u00edcula anal\u00f3gica es el paso m\u00e1s crucial. La calidad del escaneo determina el resultado de la restauraci\u00f3n, y se convertir\u00e1 en el nuevo negativo. Trabajamos con laboratorios que utilizan el equipo de escaneo m\u00e1s avanzado y con un equipo de postproducci\u00f3n que entiende la cantidad correcta de retoques.\u00bb <\/em>La restauraci\u00f3n en 4K permite ver la pel\u00edcula con una claridad impresionante, capturando toda la belleza original de las im\u00e1genes filmadas por el director de fotograf\u00eda Robby M\u00fcller.<\/p>\n<figure id=\"attachment_1510\" aria-describedby=\"caption-attachment-1510\" style=\"width: 793px\" class=\"wp-caption aligncenter\"><img fetchpriority=\"high\" decoding=\"async\" class=\"wp-image-1510 \" src=\"https:\/\/clientesbrandbits.click\/wp-content\/uploads\/2024\/05\/PARIS-TEXAS-HERO.jpg\" alt=\"\" width=\"803\" height=\"450\" srcset=\"https:\/\/clientesbrandbits.click\/wp-content\/uploads\/2024\/05\/PARIS-TEXAS-HERO.jpg 620w, https:\/\/clientesbrandbits.click\/wp-content\/uploads\/2024\/05\/PARIS-TEXAS-HERO-300x168.jpg 300w, https:\/\/clientesbrandbits.click\/wp-content\/uploads\/2024\/05\/PARIS-TEXAS-HERO-18x10.jpg 18w\" sizes=\"(max-width: 803px) 100vw, 803px\" \/><figcaption id=\"caption-attachment-1510\" class=\"wp-caption-text\">Paris Texas-movie<\/figcaption><\/figure>\n<p style=\"text-align: justify;\"><strong>\u00abPar\u00eds, Texas\u00bb en el coraz\u00f3n de Wenders<\/strong><\/p>\n<p style=\"text-align: justify;\">Aunque Wenders afirma que todas sus pel\u00edculas tienen un lugar especial en su coraz\u00f3n, \u00abPar\u00eds, Texas\u00bb ha dejado una huella profunda en su vida art\u00edstica y personal. El director confes\u00f3 a coraz\u00f3n abierto: <em>\u00abEl \u00e9xito mundial de la pel\u00edcula me confront\u00f3 en ese momento con un problema: la expectativa. Me tom\u00f3 tres a\u00f1os superarlo y no hacer lo que todos esperaban: &#8216;otra&#8217; como &#8216;Par\u00eds, Texas&#8217;. En cambio, hice todo lo contrario: una pel\u00edcula en blanco y negro con \u00e1ngeles guardianes en Berl\u00edn.\u00bb<\/em><em>\u00a0<\/em><\/p>\n<p style=\"text-align: justify;\"><strong>Un regreso emotivo a Cannes<\/strong><\/p>\n<p style=\"text-align: justify;\">Volver a Cannes con \u00abPar\u00eds, Texas\u00bb despu\u00e9s de 40 a\u00f1os es para Wim Wenders\u00a0 \u00abcomo un viaje al pasado\u00bb, y as\u00ed fue para cada uno que nos reencontramos en esa sala.\u00a0 El director record\u00f3 sus experiencias en el festival desde su primera vez en 1976 con \u00abKings of the Road\u00bb hasta su participaci\u00f3n el a\u00f1o pasado con \u00abAnselm\u00bb y \u00abPerfect Days\u00bb. El cineasta alem\u00e1n concluy\u00f3: \u00abCannes ha sido uno de los lugares m\u00e1s importantes en mi vida\u00bb.<\/p>\n<p style=\"text-align: justify;\">Cada fotograma de \u00abPar\u00eds, Texas\u00bb volvi\u00f3 a conquistar los corazones cin\u00e9filos como hace cuatro d\u00e9cadas atr\u00e1s, con ese mismo aura de nostalgia como la pel\u00edcula misma.<\/p>\n","protected":false},"excerpt":{"rendered":"<p>Cuarenta a\u00f1os despu\u00e9s de que \u00abPar\u00eds, Texas\u00bb ganara la Palma de Oro, el aclamado director Wim Wenders estuvo presente en la proyecci\u00f3n de una versi\u00f3n restaurada de esta emblem\u00e1tica pel\u00edcula en la secci\u00f3n Cannes Classics del Festival de Cannes. Fue &#8230; <a title=\"Cannes D\u00eda 12: Wim Wenders present\u00f3 \u00abPar\u00eds, Texas\u00bb restaurada en Cannes Classics\" class=\"read-more\" href=\"https:\/\/clientesbrandbits.click\/es\/cannes-dia-12-wim-wenders-presento-paris-texas-restaurada-en-cannes-classics\/\" aria-label=\"Leer m\u00e1s sobre Cannes D\u00eda 12: Wim Wenders present\u00f3 \u00abPar\u00eds, Texas\u00bb restaurada en Cannes Classics\">Leer M\u00e1s<\/a><\/p>\n","protected":false},"author":4,"featured_media":1509,"comment_status":"closed","ping_status":"closed","sticky":false,"template":"","format":"standard","meta":{"_joinchat":[],"footnotes":""},"categories":[11,10],"tags":[33,140],"class_list":["post-1508","post","type-post","status-publish","format-standard","has-post-thumbnail","hentry","category-festivales-de-cine","category-films","tag-festival-de-cannes","tag-wim-wenders","infinite-scroll-item"],"yoast_head":"<!-- This site is optimized with the Yoast SEO plugin v22.8 - https:\/\/yoast.com\/wordpress\/plugins\/seo\/ -->\n<title>Cannes D\u00eda 12: Wim Wenders present\u00f3 &quot;Par\u00eds, Texas&quot; restaurada en Cannes Classics - Spanglish Cinema<\/title>\n<meta name=\"description\" content=\"Cuarenta a\u00f1os despu\u00e9s de que &quot;Par\u00eds, Texas&quot; ganara la Palma de Oro, el aclamado director Wim Wenders estuvo presente en la proyecci\u00f3n de una versi\u00f3n restaurada de esta emblem\u00e1tica pel\u00edcula en la secci\u00f3n Cannes Classics del Festival de Cannes. Fue como un renacimiento cinematogr\u00e1fico que nos lleva de vuelta al viaje introspectivo a trav\u00e9s del desierto hasta la ciudad de Par\u00eds, Texas, protagonizado por Harry Dean Stanton, Nastassja Kinski, Dean Stockwell y Aurore Cl\u00e9ment.\" \/>\n<meta name=\"robots\" content=\"index, follow, max-snippet:-1, max-image-preview:large, max-video-preview:-1\" \/>\n<link rel=\"canonical\" href=\"https:\/\/clientesbrandbits.click\/es\/cannes-dia-12-wim-wenders-presento-paris-texas-restaurada-en-cannes-classics\/\" \/>\n<meta property=\"og:locale\" content=\"es_ES\" \/>\n<meta property=\"og:type\" content=\"article\" \/>\n<meta property=\"og:title\" content=\"Cannes D\u00eda 12: Wim Wenders present\u00f3 &quot;Par\u00eds, Texas&quot; restaurada en Cannes Classics - Spanglish Cinema\" \/>\n<meta property=\"og:description\" content=\"Cuarenta a\u00f1os despu\u00e9s de que &quot;Par\u00eds, Texas&quot; ganara la Palma de Oro, el aclamado director Wim Wenders estuvo presente en la proyecci\u00f3n de una versi\u00f3n restaurada de esta emblem\u00e1tica pel\u00edcula en la secci\u00f3n Cannes Classics del Festival de Cannes. Fue como un renacimiento cinematogr\u00e1fico que nos lleva de vuelta al viaje introspectivo a trav\u00e9s del desierto hasta la ciudad de Par\u00eds, Texas, protagonizado por Harry Dean Stanton, Nastassja Kinski, Dean Stockwell y Aurore Cl\u00e9ment.\" \/>\n<meta property=\"og:url\" content=\"https:\/\/clientesbrandbits.click\/es\/cannes-dia-12-wim-wenders-presento-paris-texas-restaurada-en-cannes-classics\/\" \/>\n<meta property=\"og:site_name\" content=\"Spanglish Cinema\" \/>\n<meta property=\"article:published_time\" content=\"2024-05-25T11:03:49+00:00\" \/>\n<meta property=\"article:modified_time\" content=\"2024-05-25T15:50:43+00:00\" \/>\n<meta property=\"og:image\" content=\"https:\/\/clientesbrandbits.click\/wp-content\/uploads\/2024\/05\/le-realisateur-wim-wenders-sur-le-tapis-rouge-cannois-jeudi-photo-sipa-jp-pariente-1685041125.jpg\" \/>\n\t<meta property=\"og:image:width\" content=\"1600\" \/>\n\t<meta property=\"og:image:height\" content=\"1067\" \/>\n\t<meta property=\"og:image:type\" content=\"image\/jpeg\" \/>\n<meta name=\"author\" content=\"Mery Linares\" \/>\n<meta name=\"twitter:card\" content=\"summary_large_image\" \/>\n<meta name=\"twitter:label1\" content=\"Escrito por\" \/>\n\t<meta name=\"twitter:data1\" content=\"Mery Linares\" \/>\n\t<meta name=\"twitter:label2\" content=\"Tiempo de lectura\" \/>\n\t<meta name=\"twitter:data2\" content=\"3 minutos\" \/>\n<script type=\"application\/ld+json\" class=\"yoast-schema-graph\">{\"@context\":\"https:\/\/schema.org\",\"@graph\":[{\"@type\":\"Article\",\"@id\":\"https:\/\/clientesbrandbits.click\/cannes-dia-12-wim-wenders-presento-paris-texas-restaurada-en-cannes-classics\/#article\",\"isPartOf\":{\"@id\":\"https:\/\/clientesbrandbits.click\/cannes-dia-12-wim-wenders-presento-paris-texas-restaurada-en-cannes-classics\/\"},\"author\":{\"name\":\"Mery Linares\",\"@id\":\"https:\/\/clientesbrandbits.click\/#\/schema\/person\/0d8086d91083c464c71a3ac2294f508b\"},\"headline\":\"Cannes D\u00eda 12: Wim Wenders present\u00f3 \u00abPar\u00eds, Texas\u00bb restaurada en Cannes Classics\",\"datePublished\":\"2024-05-25T11:03:49+00:00\",\"dateModified\":\"2024-05-25T15:50:43+00:00\",\"mainEntityOfPage\":{\"@id\":\"https:\/\/clientesbrandbits.click\/cannes-dia-12-wim-wenders-presento-paris-texas-restaurada-en-cannes-classics\/\"},\"wordCount\":530,\"publisher\":{\"@id\":\"https:\/\/clientesbrandbits.click\/#organization\"},\"image\":{\"@id\":\"https:\/\/clientesbrandbits.click\/cannes-dia-12-wim-wenders-presento-paris-texas-restaurada-en-cannes-classics\/#primaryimage\"},\"thumbnailUrl\":\"https:\/\/clientesbrandbits.click\/wp-content\/uploads\/2024\/05\/le-realisateur-wim-wenders-sur-le-tapis-rouge-cannois-jeudi-photo-sipa-jp-pariente-1685041125.jpg\",\"keywords\":[\"festival de cannes\",\"Wim Wenders\"],\"articleSection\":[\"Festivales de Cine\",\"Films\"],\"inLanguage\":\"es\"},{\"@type\":\"WebPage\",\"@id\":\"https:\/\/clientesbrandbits.click\/cannes-dia-12-wim-wenders-presento-paris-texas-restaurada-en-cannes-classics\/\",\"url\":\"https:\/\/clientesbrandbits.click\/cannes-dia-12-wim-wenders-presento-paris-texas-restaurada-en-cannes-classics\/\",\"name\":\"Cannes D\u00eda 12: Wim Wenders present\u00f3 \\\"Par\u00eds, Texas\\\" restaurada en Cannes Classics - Spanglish Cinema\",\"isPartOf\":{\"@id\":\"https:\/\/clientesbrandbits.click\/#website\"},\"primaryImageOfPage\":{\"@id\":\"https:\/\/clientesbrandbits.click\/cannes-dia-12-wim-wenders-presento-paris-texas-restaurada-en-cannes-classics\/#primaryimage\"},\"image\":{\"@id\":\"https:\/\/clientesbrandbits.click\/cannes-dia-12-wim-wenders-presento-paris-texas-restaurada-en-cannes-classics\/#primaryimage\"},\"thumbnailUrl\":\"https:\/\/clientesbrandbits.click\/wp-content\/uploads\/2024\/05\/le-realisateur-wim-wenders-sur-le-tapis-rouge-cannois-jeudi-photo-sipa-jp-pariente-1685041125.jpg\",\"datePublished\":\"2024-05-25T11:03:49+00:00\",\"dateModified\":\"2024-05-25T15:50:43+00:00\",\"description\":\"Cuarenta a\u00f1os despu\u00e9s de que \\\"Par\u00eds, Texas\\\" ganara la Palma de Oro, el aclamado director Wim Wenders estuvo presente en la proyecci\u00f3n de una versi\u00f3n restaurada de esta emblem\u00e1tica pel\u00edcula en la secci\u00f3n Cannes Classics del Festival de Cannes. Fue como un renacimiento cinematogr\u00e1fico que nos lleva de vuelta al viaje introspectivo a trav\u00e9s del desierto hasta la ciudad de Par\u00eds, Texas, protagonizado por Harry Dean Stanton, Nastassja Kinski, Dean Stockwell y Aurore Cl\u00e9ment.\",\"breadcrumb\":{\"@id\":\"https:\/\/clientesbrandbits.click\/cannes-dia-12-wim-wenders-presento-paris-texas-restaurada-en-cannes-classics\/#breadcrumb\"},\"inLanguage\":\"es\",\"potentialAction\":[{\"@type\":\"ReadAction\",\"target\":[\"https:\/\/clientesbrandbits.click\/cannes-dia-12-wim-wenders-presento-paris-texas-restaurada-en-cannes-classics\/\"]}]},{\"@type\":\"ImageObject\",\"inLanguage\":\"es\",\"@id\":\"https:\/\/clientesbrandbits.click\/cannes-dia-12-wim-wenders-presento-paris-texas-restaurada-en-cannes-classics\/#primaryimage\",\"url\":\"https:\/\/clientesbrandbits.click\/wp-content\/uploads\/2024\/05\/le-realisateur-wim-wenders-sur-le-tapis-rouge-cannois-jeudi-photo-sipa-jp-pariente-1685041125.jpg\",\"contentUrl\":\"https:\/\/clientesbrandbits.click\/wp-content\/uploads\/2024\/05\/le-realisateur-wim-wenders-sur-le-tapis-rouge-cannois-jeudi-photo-sipa-jp-pariente-1685041125.jpg\",\"width\":1600,\"height\":1067},{\"@type\":\"BreadcrumbList\",\"@id\":\"https:\/\/clientesbrandbits.click\/cannes-dia-12-wim-wenders-presento-paris-texas-restaurada-en-cannes-classics\/#breadcrumb\",\"itemListElement\":[{\"@type\":\"ListItem\",\"position\":1,\"name\":\"Portada\",\"item\":\"https:\/\/clientesbrandbits.click\/\"},{\"@type\":\"ListItem\",\"position\":2,\"name\":\"Cannes D\u00eda 12: Wim Wenders present\u00f3 &#8220;Par\u00eds, Texas&#8221; restaurada en Cannes Classics\"}]},{\"@type\":\"WebSite\",\"@id\":\"https:\/\/clientesbrandbits.click\/#website\",\"url\":\"https:\/\/clientesbrandbits.click\/\",\"name\":\"Spanglish Cinema\",\"description\":\"\",\"publisher\":{\"@id\":\"https:\/\/clientesbrandbits.click\/#organization\"},\"potentialAction\":[{\"@type\":\"SearchAction\",\"target\":{\"@type\":\"EntryPoint\",\"urlTemplate\":\"https:\/\/clientesbrandbits.click\/?s={search_term_string}\"},\"query-input\":\"required name=search_term_string\"}],\"inLanguage\":\"es\"},{\"@type\":\"Organization\",\"@id\":\"https:\/\/clientesbrandbits.click\/#organization\",\"name\":\"Spanglish Cinema\",\"url\":\"https:\/\/clientesbrandbits.click\/\",\"logo\":{\"@type\":\"ImageObject\",\"inLanguage\":\"es\",\"@id\":\"https:\/\/clientesbrandbits.click\/#\/schema\/logo\/image\/\",\"url\":\"https:\/\/clientesbrandbits.click\/wp-content\/uploads\/2024\/03\/spanglish_cinema.png\",\"contentUrl\":\"https:\/\/clientesbrandbits.click\/wp-content\/uploads\/2024\/03\/spanglish_cinema.png\",\"width\":612,\"height\":225,\"caption\":\"Spanglish Cinema\"},\"image\":{\"@id\":\"https:\/\/clientesbrandbits.click\/#\/schema\/logo\/image\/\"}},{\"@type\":\"Person\",\"@id\":\"https:\/\/clientesbrandbits.click\/#\/schema\/person\/0d8086d91083c464c71a3ac2294f508b\",\"name\":\"Mery Linares\",\"image\":{\"@type\":\"ImageObject\",\"inLanguage\":\"es\",\"@id\":\"https:\/\/clientesbrandbits.click\/#\/schema\/person\/image\/\",\"url\":\"https:\/\/secure.gravatar.com\/avatar\/c2c478fe4bca383b05d541cf087a8cfb?s=96&d=mm&r=g\",\"contentUrl\":\"https:\/\/secure.gravatar.com\/avatar\/c2c478fe4bca383b05d541cf087a8cfb?s=96&d=mm&r=g\",\"caption\":\"Mery Linares\"},\"url\":\"https:\/\/clientesbrandbits.click\/es\/author\/mery-linares\/\"}]}<\/script>\n<!-- \/ Yoast SEO plugin. -->","yoast_head_json":{"title":"Cannes D\u00eda 12: Wim Wenders present\u00f3 \"Par\u00eds, Texas\" restaurada en Cannes Classics - Spanglish Cinema","description":"Cuarenta a\u00f1os despu\u00e9s de que \"Par\u00eds, Texas\" ganara la Palma de Oro, el aclamado director Wim Wenders estuvo presente en la proyecci\u00f3n de una versi\u00f3n restaurada de esta emblem\u00e1tica pel\u00edcula en la secci\u00f3n Cannes Classics del Festival de Cannes. Fue como un renacimiento cinematogr\u00e1fico que nos lleva de vuelta al viaje introspectivo a trav\u00e9s del desierto hasta la ciudad de Par\u00eds, Texas, protagonizado por Harry Dean Stanton, Nastassja Kinski, Dean Stockwell y Aurore Cl\u00e9ment.","robots":{"index":"index","follow":"follow","max-snippet":"max-snippet:-1","max-image-preview":"max-image-preview:large","max-video-preview":"max-video-preview:-1"},"canonical":"https:\/\/clientesbrandbits.click\/es\/cannes-dia-12-wim-wenders-presento-paris-texas-restaurada-en-cannes-classics\/","og_locale":"es_ES","og_type":"article","og_title":"Cannes D\u00eda 12: Wim Wenders present\u00f3 \"Par\u00eds, Texas\" restaurada en Cannes Classics - Spanglish Cinema","og_description":"Cuarenta a\u00f1os despu\u00e9s de que \"Par\u00eds, Texas\" ganara la Palma de Oro, el aclamado director Wim Wenders estuvo presente en la proyecci\u00f3n de una versi\u00f3n restaurada de esta emblem\u00e1tica pel\u00edcula en la secci\u00f3n Cannes Classics del Festival de Cannes. Fue como un renacimiento cinematogr\u00e1fico que nos lleva de vuelta al viaje introspectivo a trav\u00e9s del desierto hasta la ciudad de Par\u00eds, Texas, protagonizado por Harry Dean Stanton, Nastassja Kinski, Dean Stockwell y Aurore Cl\u00e9ment.","og_url":"https:\/\/clientesbrandbits.click\/es\/cannes-dia-12-wim-wenders-presento-paris-texas-restaurada-en-cannes-classics\/","og_site_name":"Spanglish Cinema","article_published_time":"2024-05-25T11:03:49+00:00","article_modified_time":"2024-05-25T15:50:43+00:00","og_image":[{"width":1600,"height":1067,"url":"https:\/\/clientesbrandbits.click\/wp-content\/uploads\/2024\/05\/le-realisateur-wim-wenders-sur-le-tapis-rouge-cannois-jeudi-photo-sipa-jp-pariente-1685041125.jpg","type":"image\/jpeg"}],"author":"Mery Linares","twitter_card":"summary_large_image","twitter_misc":{"Escrito por":"Mery Linares","Tiempo de lectura":"3 minutos"},"schema":{"@context":"https:\/\/schema.org","@graph":[{"@type":"Article","@id":"https:\/\/clientesbrandbits.click\/cannes-dia-12-wim-wenders-presento-paris-texas-restaurada-en-cannes-classics\/#article","isPartOf":{"@id":"https:\/\/clientesbrandbits.click\/cannes-dia-12-wim-wenders-presento-paris-texas-restaurada-en-cannes-classics\/"},"author":{"name":"Mery Linares","@id":"https:\/\/clientesbrandbits.click\/#\/schema\/person\/0d8086d91083c464c71a3ac2294f508b"},"headline":"Cannes D\u00eda 12: Wim Wenders present\u00f3 \u00abPar\u00eds, Texas\u00bb restaurada en Cannes Classics","datePublished":"2024-05-25T11:03:49+00:00","dateModified":"2024-05-25T15:50:43+00:00","mainEntityOfPage":{"@id":"https:\/\/clientesbrandbits.click\/cannes-dia-12-wim-wenders-presento-paris-texas-restaurada-en-cannes-classics\/"},"wordCount":530,"publisher":{"@id":"https:\/\/clientesbrandbits.click\/#organization"},"image":{"@id":"https:\/\/clientesbrandbits.click\/cannes-dia-12-wim-wenders-presento-paris-texas-restaurada-en-cannes-classics\/#primaryimage"},"thumbnailUrl":"https:\/\/clientesbrandbits.click\/wp-content\/uploads\/2024\/05\/le-realisateur-wim-wenders-sur-le-tapis-rouge-cannois-jeudi-photo-sipa-jp-pariente-1685041125.jpg","keywords":["festival de cannes","Wim Wenders"],"articleSection":["Festivales de Cine","Films"],"inLanguage":"es"},{"@type":"WebPage","@id":"https:\/\/clientesbrandbits.click\/cannes-dia-12-wim-wenders-presento-paris-texas-restaurada-en-cannes-classics\/","url":"https:\/\/clientesbrandbits.click\/cannes-dia-12-wim-wenders-presento-paris-texas-restaurada-en-cannes-classics\/","name":"Cannes D\u00eda 12: Wim Wenders present\u00f3 \"Par\u00eds, Texas\" restaurada en Cannes Classics - Spanglish Cinema","isPartOf":{"@id":"https:\/\/clientesbrandbits.click\/#website"},"primaryImageOfPage":{"@id":"https:\/\/clientesbrandbits.click\/cannes-dia-12-wim-wenders-presento-paris-texas-restaurada-en-cannes-classics\/#primaryimage"},"image":{"@id":"https:\/\/clientesbrandbits.click\/cannes-dia-12-wim-wenders-presento-paris-texas-restaurada-en-cannes-classics\/#primaryimage"},"thumbnailUrl":"https:\/\/clientesbrandbits.click\/wp-content\/uploads\/2024\/05\/le-realisateur-wim-wenders-sur-le-tapis-rouge-cannois-jeudi-photo-sipa-jp-pariente-1685041125.jpg","datePublished":"2024-05-25T11:03:49+00:00","dateModified":"2024-05-25T15:50:43+00:00","description":"Cuarenta a\u00f1os despu\u00e9s de que \"Par\u00eds, Texas\" ganara la Palma de Oro, el aclamado director Wim Wenders estuvo presente en la proyecci\u00f3n de una versi\u00f3n restaurada de esta emblem\u00e1tica pel\u00edcula en la secci\u00f3n Cannes Classics del Festival de Cannes. Fue como un renacimiento cinematogr\u00e1fico que nos lleva de vuelta al viaje introspectivo a trav\u00e9s del desierto hasta la ciudad de Par\u00eds, Texas, protagonizado por Harry Dean Stanton, Nastassja Kinski, Dean Stockwell y Aurore Cl\u00e9ment.","breadcrumb":{"@id":"https:\/\/clientesbrandbits.click\/cannes-dia-12-wim-wenders-presento-paris-texas-restaurada-en-cannes-classics\/#breadcrumb"},"inLanguage":"es","potentialAction":[{"@type":"ReadAction","target":["https:\/\/clientesbrandbits.click\/cannes-dia-12-wim-wenders-presento-paris-texas-restaurada-en-cannes-classics\/"]}]},{"@type":"ImageObject","inLanguage":"es","@id":"https:\/\/clientesbrandbits.click\/cannes-dia-12-wim-wenders-presento-paris-texas-restaurada-en-cannes-classics\/#primaryimage","url":"https:\/\/clientesbrandbits.click\/wp-content\/uploads\/2024\/05\/le-realisateur-wim-wenders-sur-le-tapis-rouge-cannois-jeudi-photo-sipa-jp-pariente-1685041125.jpg","contentUrl":"https:\/\/clientesbrandbits.click\/wp-content\/uploads\/2024\/05\/le-realisateur-wim-wenders-sur-le-tapis-rouge-cannois-jeudi-photo-sipa-jp-pariente-1685041125.jpg","width":1600,"height":1067},{"@type":"BreadcrumbList","@id":"https:\/\/clientesbrandbits.click\/cannes-dia-12-wim-wenders-presento-paris-texas-restaurada-en-cannes-classics\/#breadcrumb","itemListElement":[{"@type":"ListItem","position":1,"name":"Portada","item":"https:\/\/clientesbrandbits.click\/"},{"@type":"ListItem","position":2,"name":"Cannes D\u00eda 12: Wim Wenders present\u00f3 &#8220;Par\u00eds, Texas&#8221; restaurada en Cannes Classics"}]},{"@type":"WebSite","@id":"https:\/\/clientesbrandbits.click\/#website","url":"https:\/\/clientesbrandbits.click\/","name":"Spanglish Cinema","description":"","publisher":{"@id":"https:\/\/clientesbrandbits.click\/#organization"},"potentialAction":[{"@type":"SearchAction","target":{"@type":"EntryPoint","urlTemplate":"https:\/\/clientesbrandbits.click\/?s={search_term_string}"},"query-input":"required name=search_term_string"}],"inLanguage":"es"},{"@type":"Organization","@id":"https:\/\/clientesbrandbits.click\/#organization","name":"Spanglish Cinema","url":"https:\/\/clientesbrandbits.click\/","logo":{"@type":"ImageObject","inLanguage":"es","@id":"https:\/\/clientesbrandbits.click\/#\/schema\/logo\/image\/","url":"https:\/\/clientesbrandbits.click\/wp-content\/uploads\/2024\/03\/spanglish_cinema.png","contentUrl":"https:\/\/clientesbrandbits.click\/wp-content\/uploads\/2024\/03\/spanglish_cinema.png","width":612,"height":225,"caption":"Spanglish Cinema"},"image":{"@id":"https:\/\/clientesbrandbits.click\/#\/schema\/logo\/image\/"}},{"@type":"Person","@id":"https:\/\/clientesbrandbits.click\/#\/schema\/person\/0d8086d91083c464c71a3ac2294f508b","name":"Mery Linares","image":{"@type":"ImageObject","inLanguage":"es","@id":"https:\/\/clientesbrandbits.click\/#\/schema\/person\/image\/","url":"https:\/\/secure.gravatar.com\/avatar\/c2c478fe4bca383b05d541cf087a8cfb?s=96&d=mm&r=g","contentUrl":"https:\/\/secure.gravatar.com\/avatar\/c2c478fe4bca383b05d541cf087a8cfb?s=96&d=mm&r=g","caption":"Mery Linares"},"url":"https:\/\/clientesbrandbits.click\/es\/author\/mery-linares\/"}]}},"_links":{"self":[{"href":"https:\/\/clientesbrandbits.click\/es\/wp-json\/wp\/v2\/posts\/1508"}],"collection":[{"href":"https:\/\/clientesbrandbits.click\/es\/wp-json\/wp\/v2\/posts"}],"about":[{"href":"https:\/\/clientesbrandbits.click\/es\/wp-json\/wp\/v2\/types\/post"}],"author":[{"embeddable":true,"href":"https:\/\/clientesbrandbits.click\/es\/wp-json\/wp\/v2\/users\/4"}],"replies":[{"embeddable":true,"href":"https:\/\/clientesbrandbits.click\/es\/wp-json\/wp\/v2\/comments?post=1508"}],"version-history":[{"count":1,"href":"https:\/\/clientesbrandbits.click\/es\/wp-json\/wp\/v2\/posts\/1508\/revisions"}],"predecessor-version":[{"id":1511,"href":"https:\/\/clientesbrandbits.click\/es\/wp-json\/wp\/v2\/posts\/1508\/revisions\/1511"}],"wp:featuredmedia":[{"embeddable":true,"href":"https:\/\/clientesbrandbits.click\/es\/wp-json\/wp\/v2\/media\/1509"}],"wp:attachment":[{"href":"https:\/\/clientesbrandbits.click\/es\/wp-json\/wp\/v2\/media?parent=1508"}],"wp:term":[{"taxonomy":"category","embeddable":true,"href":"https:\/\/clientesbrandbits.click\/es\/wp-json\/wp\/v2\/categories?post=1508"},{"taxonomy":"post_tag","embeddable":true,"href":"https:\/\/clientesbrandbits.click\/es\/wp-json\/wp\/v2\/tags?post=1508"}],"curies":[{"name":"wp","href":"https:\/\/api.w.org\/{rel}","templated":true}]}}