{"id":1498,"date":"2024-05-23T16:22:51","date_gmt":"2024-05-23T20:22:51","guid":{"rendered":"https:\/\/clientesbrandbits.click\/?p=1498"},"modified":"2024-05-24T16:23:31","modified_gmt":"2024-05-24T20:23:31","slug":"cannes-dia-10-simon-de-la-montana-gana-la-semana-de-la-critica","status":"publish","type":"post","link":"https:\/\/clientesbrandbits.click\/es\/cannes-dia-10-simon-de-la-montana-gana-la-semana-de-la-critica\/","title":{"rendered":"Cannes D\u00eda 10: \u00abSim\u00f3n de La Monta\u00f1a\u00bb gana la Semana de La Cr\u00edtica"},"content":{"rendered":"<p style=\"text-align: justify;\">Estamos a horas de que termine el gran Festival de Cine Internacional de Cannes, y mientras Fran nos regala una cobertura espectacular desde la riviera francesa con todo lo que tenemos que saber en materia de las pel\u00edculas y promesas en competencia de este 2024, desde ac\u00e1, en Spanglish Cinema la acompa\u00f1amos repasando qu\u00e9 nos dej\u00f3 la secci\u00f3n de<strong> \u2018La Semana de la Cr\u00edtica de Cannes\u2019.<\/strong><\/p>\n<p style=\"text-align: justify;\">Esta prestigiosa secci\u00f3n paralela del Festival de Cannes, creada en 1962 por la Uni\u00f3n Francesa de Cr\u00edticos de Cine, se dedica a descubrir y promover a los cineastas emergentes de todo el mundo.<\/p>\n<p style=\"text-align: justify;\">Cada a\u00f1o,<strong><em> La Semaine de la Critique <\/em><\/strong>presenta una selecci\u00f3n de 10 cortometrajes y 10 largometrajes elegidos por un comit\u00e9 de cr\u00edticos franceses. Esta plataforma ha lanzado las carreras de directores reconocidos como Alejandro Gonz\u00e1lez I\u00f1\u00e1rritu, Julia Ducournau, Santiago Mitre, Rebecca Zlotowski entre otros.<\/p>\n<p style=\"text-align: justify;\">Este a\u00f1o el Premio mayor se ti\u00f1\u00f3 de blanco y celeste ya que la ganadora del Premio Mayor fue para la pel\u00edcula argentina<strong> \u201cSim\u00f3n de la monta\u00f1a\u00bb<\/strong>, de Federico Luis y est\u00e1 protagonizada por Lorenzo Toto Ferro (El \u00e1ngel). El film narra una historia de autodescubrimiento y aprendizaje. Su personaje principal, un joven solitario de 21 a\u00f1os y \u00fanico hijo, empieza a explorar un mundo nuevo lleno de revelaciones y emociones al unirse a un grupo de j\u00f3venes con diversas discapacidades.<\/p>\n<p><img fetchpriority=\"high\" decoding=\"async\" class=\"aligncenter wp-image-1500 \" src=\"https:\/\/clientesbrandbits.click\/wp-content\/uploads\/2024\/05\/simon.jpg\" alt=\"\" width=\"827\" height=\"551\" srcset=\"https:\/\/clientesbrandbits.click\/wp-content\/uploads\/2024\/05\/simon.jpg 620w, https:\/\/clientesbrandbits.click\/wp-content\/uploads\/2024\/05\/simon-300x200.jpg 300w, https:\/\/clientesbrandbits.click\/wp-content\/uploads\/2024\/05\/simon-18x12.jpg 18w\" sizes=\"(max-width: 827px) 100vw, 827px\" \/><\/p>\n<p style=\"text-align: justify;\">La presidenta del jurado, la guionista y productora francesa Sylvie Pialat entreg\u00f3 el premio con l\u00e1grimas entre los ojos y dijo: \u00abEsta es una pel\u00edcula generosa. Respeta a cada personaje y al espectador, permitiendo m\u00faltiples interpretaciones, todas igualmente v\u00e1lidas. Queremos otorgar este premio no solo a su director, sino tambi\u00e9n al elenco, al talentoso actor principal y a la escena del beso m\u00e1s hermosa en la historia del cine\u00bb.<\/p>\n<p style=\"text-align: justify;\">\u00abEn casa, algunas personas a\u00fan creen que hacemos pel\u00edculas que nadie quiere ver. Espero que esto cambie y que los argentinos, y luego el mundo entero, empiecen a ver cine argentino\u00bb, declar\u00f3 el director al recibir el Gran Premio de la Semana de la Cr\u00edtica en su 63\u00aa edici\u00f3n.<\/p>\n<p style=\"text-align: justify;\">El jurado de la Semana de la Cr\u00edtica que seleccion\u00f3 a <strong>\u00abSim\u00f3n de la monta\u00f1a\u00bb<\/strong> como la mejor pel\u00edcula presentada este a\u00f1o en esta prestigiosa secci\u00f3n estuvo compuesto, adem\u00e1s de Pialat, por la directora francesa Iris Kaltenb\u00e4ck, la directora de fotograf\u00eda polaco-belga Virginie Surdej, el actor y director ruand\u00e9s radicado en Francia Eliane Umuhire, y el cr\u00edtico canadiense Ben Croll.<\/p>\n","protected":false},"excerpt":{"rendered":"<p>Estamos a horas de que termine el gran Festival de Cine Internacional de Cannes, y mientras Fran nos regala una cobertura espectacular desde la riviera francesa con todo lo que tenemos que saber en materia de las pel\u00edculas y promesas &#8230; <a title=\"Cannes D\u00eda 10: \u00abSim\u00f3n de La Monta\u00f1a\u00bb gana la Semana de La Cr\u00edtica\" class=\"read-more\" href=\"https:\/\/clientesbrandbits.click\/es\/cannes-dia-10-simon-de-la-montana-gana-la-semana-de-la-critica\/\" aria-label=\"Leer m\u00e1s sobre Cannes D\u00eda 10: \u00abSim\u00f3n de La Monta\u00f1a\u00bb gana la Semana de La Cr\u00edtica\">Leer M\u00e1s<\/a><\/p>\n","protected":false},"author":4,"featured_media":1499,"comment_status":"closed","ping_status":"closed","sticky":false,"template":"","format":"standard","meta":{"_joinchat":[],"footnotes":""},"categories":[11,10],"tags":[33],"class_list":["post-1498","post","type-post","status-publish","format-standard","has-post-thumbnail","hentry","category-festivales-de-cine","category-films","tag-festival-de-cannes","infinite-scroll-item"],"yoast_head":"<!-- This site is optimized with the Yoast SEO plugin v22.8 - https:\/\/yoast.com\/wordpress\/plugins\/seo\/ -->\n<title>Cannes D\u00eda 10: &quot;Sim\u00f3n de La Monta\u00f1a&quot; gana la Semana de La Cr\u00edtica - Spanglish Cinema<\/title>\n<meta name=\"description\" content=\"Estamos a horas de que termine el gran Festival de Cine Internacional de Cannes, y mientras Fran nos regala una cobertura espectacular desde la riviera francesa con todo lo que tenemos que saber en materia de las pel\u00edculas y promesas en competencia de este 2024, desde ac\u00e1, en Spanglish Cinema la acompa\u00f1amos repasando qu\u00e9 nos dej\u00f3 la secci\u00f3n de \u2018La Semana de la Cr\u00edtica de Cannes\u2019.\" \/>\n<meta name=\"robots\" content=\"index, follow, max-snippet:-1, max-image-preview:large, max-video-preview:-1\" \/>\n<link rel=\"canonical\" href=\"https:\/\/clientesbrandbits.click\/es\/cannes-dia-10-simon-de-la-montana-gana-la-semana-de-la-critica\/\" \/>\n<meta property=\"og:locale\" content=\"es_ES\" \/>\n<meta property=\"og:type\" content=\"article\" \/>\n<meta property=\"og:title\" content=\"Cannes D\u00eda 10: &quot;Sim\u00f3n de La Monta\u00f1a&quot; gana la Semana de La Cr\u00edtica - Spanglish Cinema\" \/>\n<meta property=\"og:description\" content=\"Estamos a horas de que termine el gran Festival de Cine Internacional de Cannes, y mientras Fran nos regala una cobertura espectacular desde la riviera francesa con todo lo que tenemos que saber en materia de las pel\u00edculas y promesas en competencia de este 2024, desde ac\u00e1, en Spanglish Cinema la acompa\u00f1amos repasando qu\u00e9 nos dej\u00f3 la secci\u00f3n de \u2018La Semana de la Cr\u00edtica de Cannes\u2019.\" \/>\n<meta property=\"og:url\" content=\"https:\/\/clientesbrandbits.click\/es\/cannes-dia-10-simon-de-la-montana-gana-la-semana-de-la-critica\/\" \/>\n<meta property=\"og:site_name\" content=\"Spanglish Cinema\" \/>\n<meta property=\"article:published_time\" content=\"2024-05-23T20:22:51+00:00\" \/>\n<meta property=\"article:modified_time\" content=\"2024-05-24T20:23:31+00:00\" \/>\n<meta property=\"og:image\" content=\"https:\/\/clientesbrandbits.click\/wp-content\/uploads\/2024\/05\/Siom-2.jpg\" \/>\n\t<meta property=\"og:image:width\" content=\"1000\" \/>\n\t<meta property=\"og:image:height\" content=\"600\" \/>\n\t<meta property=\"og:image:type\" content=\"image\/jpeg\" \/>\n<meta name=\"author\" content=\"Mery Linares\" \/>\n<meta name=\"twitter:card\" content=\"summary_large_image\" \/>\n<meta name=\"twitter:label1\" content=\"Escrito por\" \/>\n\t<meta name=\"twitter:data1\" content=\"Mery Linares\" \/>\n\t<meta name=\"twitter:label2\" content=\"Tiempo de lectura\" \/>\n\t<meta name=\"twitter:data2\" content=\"3 minutos\" \/>\n<script type=\"application\/ld+json\" class=\"yoast-schema-graph\">{\"@context\":\"https:\/\/schema.org\",\"@graph\":[{\"@type\":\"Article\",\"@id\":\"https:\/\/clientesbrandbits.click\/cannes-dia-10-simon-de-la-montana-gana-la-semana-de-la-critica\/#article\",\"isPartOf\":{\"@id\":\"https:\/\/clientesbrandbits.click\/cannes-dia-10-simon-de-la-montana-gana-la-semana-de-la-critica\/\"},\"author\":{\"name\":\"Mery Linares\",\"@id\":\"https:\/\/clientesbrandbits.click\/#\/schema\/person\/0d8086d91083c464c71a3ac2294f508b\"},\"headline\":\"Cannes D\u00eda 10: \u00abSim\u00f3n de La Monta\u00f1a\u00bb gana la Semana de La Cr\u00edtica\",\"datePublished\":\"2024-05-23T20:22:51+00:00\",\"dateModified\":\"2024-05-24T20:23:31+00:00\",\"mainEntityOfPage\":{\"@id\":\"https:\/\/clientesbrandbits.click\/cannes-dia-10-simon-de-la-montana-gana-la-semana-de-la-critica\/\"},\"wordCount\":451,\"publisher\":{\"@id\":\"https:\/\/clientesbrandbits.click\/#organization\"},\"image\":{\"@id\":\"https:\/\/clientesbrandbits.click\/cannes-dia-10-simon-de-la-montana-gana-la-semana-de-la-critica\/#primaryimage\"},\"thumbnailUrl\":\"https:\/\/clientesbrandbits.click\/wp-content\/uploads\/2024\/05\/Siom-2.jpg\",\"keywords\":[\"festival de cannes\"],\"articleSection\":[\"Festivales de Cine\",\"Films\"],\"inLanguage\":\"es\"},{\"@type\":\"WebPage\",\"@id\":\"https:\/\/clientesbrandbits.click\/cannes-dia-10-simon-de-la-montana-gana-la-semana-de-la-critica\/\",\"url\":\"https:\/\/clientesbrandbits.click\/cannes-dia-10-simon-de-la-montana-gana-la-semana-de-la-critica\/\",\"name\":\"Cannes D\u00eda 10: \\\"Sim\u00f3n de La Monta\u00f1a\\\" gana la Semana de La Cr\u00edtica - Spanglish Cinema\",\"isPartOf\":{\"@id\":\"https:\/\/clientesbrandbits.click\/#website\"},\"primaryImageOfPage\":{\"@id\":\"https:\/\/clientesbrandbits.click\/cannes-dia-10-simon-de-la-montana-gana-la-semana-de-la-critica\/#primaryimage\"},\"image\":{\"@id\":\"https:\/\/clientesbrandbits.click\/cannes-dia-10-simon-de-la-montana-gana-la-semana-de-la-critica\/#primaryimage\"},\"thumbnailUrl\":\"https:\/\/clientesbrandbits.click\/wp-content\/uploads\/2024\/05\/Siom-2.jpg\",\"datePublished\":\"2024-05-23T20:22:51+00:00\",\"dateModified\":\"2024-05-24T20:23:31+00:00\",\"description\":\"Estamos a horas de que termine el gran Festival de Cine Internacional de Cannes, y mientras Fran nos regala una cobertura espectacular desde la riviera francesa con todo lo que tenemos que saber en materia de las pel\u00edculas y promesas en competencia de este 2024, desde ac\u00e1, en Spanglish Cinema la acompa\u00f1amos repasando qu\u00e9 nos dej\u00f3 la secci\u00f3n de \u2018La Semana de la Cr\u00edtica de Cannes\u2019.\",\"breadcrumb\":{\"@id\":\"https:\/\/clientesbrandbits.click\/cannes-dia-10-simon-de-la-montana-gana-la-semana-de-la-critica\/#breadcrumb\"},\"inLanguage\":\"es\",\"potentialAction\":[{\"@type\":\"ReadAction\",\"target\":[\"https:\/\/clientesbrandbits.click\/cannes-dia-10-simon-de-la-montana-gana-la-semana-de-la-critica\/\"]}]},{\"@type\":\"ImageObject\",\"inLanguage\":\"es\",\"@id\":\"https:\/\/clientesbrandbits.click\/cannes-dia-10-simon-de-la-montana-gana-la-semana-de-la-critica\/#primaryimage\",\"url\":\"https:\/\/clientesbrandbits.click\/wp-content\/uploads\/2024\/05\/Siom-2.jpg\",\"contentUrl\":\"https:\/\/clientesbrandbits.click\/wp-content\/uploads\/2024\/05\/Siom-2.jpg\",\"width\":1000,\"height\":600},{\"@type\":\"BreadcrumbList\",\"@id\":\"https:\/\/clientesbrandbits.click\/cannes-dia-10-simon-de-la-montana-gana-la-semana-de-la-critica\/#breadcrumb\",\"itemListElement\":[{\"@type\":\"ListItem\",\"position\":1,\"name\":\"Portada\",\"item\":\"https:\/\/clientesbrandbits.click\/\"},{\"@type\":\"ListItem\",\"position\":2,\"name\":\"Cannes D\u00eda 10: &#8220;Sim\u00f3n de La Monta\u00f1a&#8221; gana la Semana de La Cr\u00edtica\"}]},{\"@type\":\"WebSite\",\"@id\":\"https:\/\/clientesbrandbits.click\/#website\",\"url\":\"https:\/\/clientesbrandbits.click\/\",\"name\":\"Spanglish Cinema\",\"description\":\"\",\"publisher\":{\"@id\":\"https:\/\/clientesbrandbits.click\/#organization\"},\"potentialAction\":[{\"@type\":\"SearchAction\",\"target\":{\"@type\":\"EntryPoint\",\"urlTemplate\":\"https:\/\/clientesbrandbits.click\/?s={search_term_string}\"},\"query-input\":\"required name=search_term_string\"}],\"inLanguage\":\"es\"},{\"@type\":\"Organization\",\"@id\":\"https:\/\/clientesbrandbits.click\/#organization\",\"name\":\"Spanglish Cinema\",\"url\":\"https:\/\/clientesbrandbits.click\/\",\"logo\":{\"@type\":\"ImageObject\",\"inLanguage\":\"es\",\"@id\":\"https:\/\/clientesbrandbits.click\/#\/schema\/logo\/image\/\",\"url\":\"https:\/\/clientesbrandbits.click\/wp-content\/uploads\/2024\/03\/spanglish_cinema.png\",\"contentUrl\":\"https:\/\/clientesbrandbits.click\/wp-content\/uploads\/2024\/03\/spanglish_cinema.png\",\"width\":612,\"height\":225,\"caption\":\"Spanglish Cinema\"},\"image\":{\"@id\":\"https:\/\/clientesbrandbits.click\/#\/schema\/logo\/image\/\"}},{\"@type\":\"Person\",\"@id\":\"https:\/\/clientesbrandbits.click\/#\/schema\/person\/0d8086d91083c464c71a3ac2294f508b\",\"name\":\"Mery Linares\",\"image\":{\"@type\":\"ImageObject\",\"inLanguage\":\"es\",\"@id\":\"https:\/\/clientesbrandbits.click\/#\/schema\/person\/image\/\",\"url\":\"https:\/\/secure.gravatar.com\/avatar\/c2c478fe4bca383b05d541cf087a8cfb?s=96&d=mm&r=g\",\"contentUrl\":\"https:\/\/secure.gravatar.com\/avatar\/c2c478fe4bca383b05d541cf087a8cfb?s=96&d=mm&r=g\",\"caption\":\"Mery Linares\"},\"url\":\"https:\/\/clientesbrandbits.click\/es\/author\/mery-linares\/\"}]}<\/script>\n<!-- \/ Yoast SEO plugin. -->","yoast_head_json":{"title":"Cannes D\u00eda 10: \"Sim\u00f3n de La Monta\u00f1a\" gana la Semana de La Cr\u00edtica - Spanglish Cinema","description":"Estamos a horas de que termine el gran Festival de Cine Internacional de Cannes, y mientras Fran nos regala una cobertura espectacular desde la riviera francesa con todo lo que tenemos que saber en materia de las pel\u00edculas y promesas en competencia de este 2024, desde ac\u00e1, en Spanglish Cinema la acompa\u00f1amos repasando qu\u00e9 nos dej\u00f3 la secci\u00f3n de \u2018La Semana de la Cr\u00edtica de Cannes\u2019.","robots":{"index":"index","follow":"follow","max-snippet":"max-snippet:-1","max-image-preview":"max-image-preview:large","max-video-preview":"max-video-preview:-1"},"canonical":"https:\/\/clientesbrandbits.click\/es\/cannes-dia-10-simon-de-la-montana-gana-la-semana-de-la-critica\/","og_locale":"es_ES","og_type":"article","og_title":"Cannes D\u00eda 10: \"Sim\u00f3n de La Monta\u00f1a\" gana la Semana de La Cr\u00edtica - Spanglish Cinema","og_description":"Estamos a horas de que termine el gran Festival de Cine Internacional de Cannes, y mientras Fran nos regala una cobertura espectacular desde la riviera francesa con todo lo que tenemos que saber en materia de las pel\u00edculas y promesas en competencia de este 2024, desde ac\u00e1, en Spanglish Cinema la acompa\u00f1amos repasando qu\u00e9 nos dej\u00f3 la secci\u00f3n de \u2018La Semana de la Cr\u00edtica de Cannes\u2019.","og_url":"https:\/\/clientesbrandbits.click\/es\/cannes-dia-10-simon-de-la-montana-gana-la-semana-de-la-critica\/","og_site_name":"Spanglish Cinema","article_published_time":"2024-05-23T20:22:51+00:00","article_modified_time":"2024-05-24T20:23:31+00:00","og_image":[{"width":1000,"height":600,"url":"https:\/\/clientesbrandbits.click\/wp-content\/uploads\/2024\/05\/Siom-2.jpg","type":"image\/jpeg"}],"author":"Mery Linares","twitter_card":"summary_large_image","twitter_misc":{"Escrito por":"Mery Linares","Tiempo de lectura":"3 minutos"},"schema":{"@context":"https:\/\/schema.org","@graph":[{"@type":"Article","@id":"https:\/\/clientesbrandbits.click\/cannes-dia-10-simon-de-la-montana-gana-la-semana-de-la-critica\/#article","isPartOf":{"@id":"https:\/\/clientesbrandbits.click\/cannes-dia-10-simon-de-la-montana-gana-la-semana-de-la-critica\/"},"author":{"name":"Mery Linares","@id":"https:\/\/clientesbrandbits.click\/#\/schema\/person\/0d8086d91083c464c71a3ac2294f508b"},"headline":"Cannes D\u00eda 10: \u00abSim\u00f3n de La Monta\u00f1a\u00bb gana la Semana de La Cr\u00edtica","datePublished":"2024-05-23T20:22:51+00:00","dateModified":"2024-05-24T20:23:31+00:00","mainEntityOfPage":{"@id":"https:\/\/clientesbrandbits.click\/cannes-dia-10-simon-de-la-montana-gana-la-semana-de-la-critica\/"},"wordCount":451,"publisher":{"@id":"https:\/\/clientesbrandbits.click\/#organization"},"image":{"@id":"https:\/\/clientesbrandbits.click\/cannes-dia-10-simon-de-la-montana-gana-la-semana-de-la-critica\/#primaryimage"},"thumbnailUrl":"https:\/\/clientesbrandbits.click\/wp-content\/uploads\/2024\/05\/Siom-2.jpg","keywords":["festival de cannes"],"articleSection":["Festivales de Cine","Films"],"inLanguage":"es"},{"@type":"WebPage","@id":"https:\/\/clientesbrandbits.click\/cannes-dia-10-simon-de-la-montana-gana-la-semana-de-la-critica\/","url":"https:\/\/clientesbrandbits.click\/cannes-dia-10-simon-de-la-montana-gana-la-semana-de-la-critica\/","name":"Cannes D\u00eda 10: \"Sim\u00f3n de La Monta\u00f1a\" gana la Semana de La Cr\u00edtica - Spanglish Cinema","isPartOf":{"@id":"https:\/\/clientesbrandbits.click\/#website"},"primaryImageOfPage":{"@id":"https:\/\/clientesbrandbits.click\/cannes-dia-10-simon-de-la-montana-gana-la-semana-de-la-critica\/#primaryimage"},"image":{"@id":"https:\/\/clientesbrandbits.click\/cannes-dia-10-simon-de-la-montana-gana-la-semana-de-la-critica\/#primaryimage"},"thumbnailUrl":"https:\/\/clientesbrandbits.click\/wp-content\/uploads\/2024\/05\/Siom-2.jpg","datePublished":"2024-05-23T20:22:51+00:00","dateModified":"2024-05-24T20:23:31+00:00","description":"Estamos a horas de que termine el gran Festival de Cine Internacional de Cannes, y mientras Fran nos regala una cobertura espectacular desde la riviera francesa con todo lo que tenemos que saber en materia de las pel\u00edculas y promesas en competencia de este 2024, desde ac\u00e1, en Spanglish Cinema la acompa\u00f1amos repasando qu\u00e9 nos dej\u00f3 la secci\u00f3n de \u2018La Semana de la Cr\u00edtica de Cannes\u2019.","breadcrumb":{"@id":"https:\/\/clientesbrandbits.click\/cannes-dia-10-simon-de-la-montana-gana-la-semana-de-la-critica\/#breadcrumb"},"inLanguage":"es","potentialAction":[{"@type":"ReadAction","target":["https:\/\/clientesbrandbits.click\/cannes-dia-10-simon-de-la-montana-gana-la-semana-de-la-critica\/"]}]},{"@type":"ImageObject","inLanguage":"es","@id":"https:\/\/clientesbrandbits.click\/cannes-dia-10-simon-de-la-montana-gana-la-semana-de-la-critica\/#primaryimage","url":"https:\/\/clientesbrandbits.click\/wp-content\/uploads\/2024\/05\/Siom-2.jpg","contentUrl":"https:\/\/clientesbrandbits.click\/wp-content\/uploads\/2024\/05\/Siom-2.jpg","width":1000,"height":600},{"@type":"BreadcrumbList","@id":"https:\/\/clientesbrandbits.click\/cannes-dia-10-simon-de-la-montana-gana-la-semana-de-la-critica\/#breadcrumb","itemListElement":[{"@type":"ListItem","position":1,"name":"Portada","item":"https:\/\/clientesbrandbits.click\/"},{"@type":"ListItem","position":2,"name":"Cannes D\u00eda 10: &#8220;Sim\u00f3n de La Monta\u00f1a&#8221; gana la Semana de La Cr\u00edtica"}]},{"@type":"WebSite","@id":"https:\/\/clientesbrandbits.click\/#website","url":"https:\/\/clientesbrandbits.click\/","name":"Spanglish Cinema","description":"","publisher":{"@id":"https:\/\/clientesbrandbits.click\/#organization"},"potentialAction":[{"@type":"SearchAction","target":{"@type":"EntryPoint","urlTemplate":"https:\/\/clientesbrandbits.click\/?s={search_term_string}"},"query-input":"required name=search_term_string"}],"inLanguage":"es"},{"@type":"Organization","@id":"https:\/\/clientesbrandbits.click\/#organization","name":"Spanglish Cinema","url":"https:\/\/clientesbrandbits.click\/","logo":{"@type":"ImageObject","inLanguage":"es","@id":"https:\/\/clientesbrandbits.click\/#\/schema\/logo\/image\/","url":"https:\/\/clientesbrandbits.click\/wp-content\/uploads\/2024\/03\/spanglish_cinema.png","contentUrl":"https:\/\/clientesbrandbits.click\/wp-content\/uploads\/2024\/03\/spanglish_cinema.png","width":612,"height":225,"caption":"Spanglish Cinema"},"image":{"@id":"https:\/\/clientesbrandbits.click\/#\/schema\/logo\/image\/"}},{"@type":"Person","@id":"https:\/\/clientesbrandbits.click\/#\/schema\/person\/0d8086d91083c464c71a3ac2294f508b","name":"Mery Linares","image":{"@type":"ImageObject","inLanguage":"es","@id":"https:\/\/clientesbrandbits.click\/#\/schema\/person\/image\/","url":"https:\/\/secure.gravatar.com\/avatar\/c2c478fe4bca383b05d541cf087a8cfb?s=96&d=mm&r=g","contentUrl":"https:\/\/secure.gravatar.com\/avatar\/c2c478fe4bca383b05d541cf087a8cfb?s=96&d=mm&r=g","caption":"Mery Linares"},"url":"https:\/\/clientesbrandbits.click\/es\/author\/mery-linares\/"}]}},"_links":{"self":[{"href":"https:\/\/clientesbrandbits.click\/es\/wp-json\/wp\/v2\/posts\/1498"}],"collection":[{"href":"https:\/\/clientesbrandbits.click\/es\/wp-json\/wp\/v2\/posts"}],"about":[{"href":"https:\/\/clientesbrandbits.click\/es\/wp-json\/wp\/v2\/types\/post"}],"author":[{"embeddable":true,"href":"https:\/\/clientesbrandbits.click\/es\/wp-json\/wp\/v2\/users\/4"}],"replies":[{"embeddable":true,"href":"https:\/\/clientesbrandbits.click\/es\/wp-json\/wp\/v2\/comments?post=1498"}],"version-history":[{"count":3,"href":"https:\/\/clientesbrandbits.click\/es\/wp-json\/wp\/v2\/posts\/1498\/revisions"}],"predecessor-version":[{"id":1503,"href":"https:\/\/clientesbrandbits.click\/es\/wp-json\/wp\/v2\/posts\/1498\/revisions\/1503"}],"wp:featuredmedia":[{"embeddable":true,"href":"https:\/\/clientesbrandbits.click\/es\/wp-json\/wp\/v2\/media\/1499"}],"wp:attachment":[{"href":"https:\/\/clientesbrandbits.click\/es\/wp-json\/wp\/v2\/media?parent=1498"}],"wp:term":[{"taxonomy":"category","embeddable":true,"href":"https:\/\/clientesbrandbits.click\/es\/wp-json\/wp\/v2\/categories?post=1498"},{"taxonomy":"post_tag","embeddable":true,"href":"https:\/\/clientesbrandbits.click\/es\/wp-json\/wp\/v2\/tags?post=1498"}],"curies":[{"name":"wp","href":"https:\/\/api.w.org\/{rel}","templated":true}]}}