{"id":1494,"date":"2024-05-24T15:26:11","date_gmt":"2024-05-24T19:26:11","guid":{"rendered":"https:\/\/clientesbrandbits.click\/?p=1494"},"modified":"2024-05-24T15:26:11","modified_gmt":"2024-05-24T19:26:11","slug":"cannes-dia-11-george-lucas-ovacionado-en-la-palma-de-oro-honoraria","status":"publish","type":"post","link":"https:\/\/clientesbrandbits.click\/es\/cannes-dia-11-george-lucas-ovacionado-en-la-palma-de-oro-honoraria\/","title":{"rendered":"Cannes D\u00eda 11: George Lucas ovacionado en la Palma de Oro Honoraria"},"content":{"rendered":"<p style=\"text-align: justify;\">Con un clip de su incre\u00edble carrera el delegado del Festival presentaba a sala llena al gran realizador George Lucas. En cuanto anunci\u00f3 su nombre ya todo el p\u00fablico estaba euf\u00f3rico aplaudiendo de pie lo que se mantuvo por m\u00e1s de cinco minutos.<\/p>\n<p style=\"text-align: justify;\">Lucas se mostr\u00f3 anonadado mirando de lado a lado la sala Debussy del Palacio del Festival que retumbaba ante la efusividad de la audiencia y a lo que \u00e9l respond\u00eda con un r\u00e1pido gesto de hola. M\u00e1s que hablar de su carrera, se concentr\u00f3 en los inicios y en c\u00f3mo la construy\u00f3, c\u00f3mo conoci\u00f3 a Francisca Ford Coppola y que fue \u00e9l quien crey\u00f3 en \u00e9l fervientemente para convertirse en quien es hoy.<\/p>\n<p><img fetchpriority=\"high\" decoding=\"async\" class=\"aligncenter wp-image-1496 size-full\" src=\"https:\/\/clientesbrandbits.click\/wp-content\/uploads\/2024\/05\/George-Lucas-in-Light-And-Magic.jpg\" alt=\"\" width=\"1000\" height=\"562\" srcset=\"https:\/\/clientesbrandbits.click\/wp-content\/uploads\/2024\/05\/George-Lucas-in-Light-And-Magic.jpg 1000w, https:\/\/clientesbrandbits.click\/wp-content\/uploads\/2024\/05\/George-Lucas-in-Light-And-Magic-300x169.jpg 300w, https:\/\/clientesbrandbits.click\/wp-content\/uploads\/2024\/05\/George-Lucas-in-Light-And-Magic-768x432.jpg 768w, https:\/\/clientesbrandbits.click\/wp-content\/uploads\/2024\/05\/George-Lucas-in-Light-And-Magic-18x10.jpg 18w\" sizes=\"(max-width: 1000px) 100vw, 1000px\" \/><\/p>\n<p style=\"text-align: justify;\">El cineasta, escritor y productor habl\u00f3 de su pasi\u00f3n por la antropolog\u00eda y las ciencias sociales, y se nota en su discurso que es as\u00ed. Cuando habla de Star Wars, habla de ese sentido de rep\u00fablica donde no solo hay hombres blancos (cr\u00edtica que dijo haber recibido por sus pel\u00edculas), sino tambi\u00e9n todo tipo de humanos y no humanos que viven ah\u00ed, todos son diferentes y han tenido que vivir en comunidad, comentaba Lucas.<\/p>\n<p style=\"text-align: justify;\">La reflexi\u00f3n que hace sobre su cine es que es algo que le ha apasionado hacer desde que lo conoci\u00f3, que se aburr\u00eda en las pel\u00edculas de Hollywood y se iba al estudio de animaci\u00f3n a pasar el rato pensando en sus personajes de ciencia ficci\u00f3n. Vivir en San Francisco, USA, le cambi\u00f3 un poco la vida en t\u00e9rminos de su amor por la tecnolog\u00eda y el avance digital, recordando que ah\u00ed esta la cuna de la exploraci\u00f3n de la tecnolog\u00eda de California y muchas veces mundial en Sillicon Valley.<\/p>\n<p style=\"text-align: justify;\">Cuando le preguntaron qu\u00e9 sinti\u00f3 la primera vez que escuch\u00f3 la m\u00fasica de John Williams para \u201cStar Wars\u201d dijo que quien lo convenci\u00f3 fue Steve (Causando risas en la audiencia cuando el moderador dijo te refieres a Steven Spielberg \u00bfcierto?), al principio el coment\u00f3 a Spielberg que John Williams hac\u00eda Jazz, pero el director de \u201cThe Fabelmans\u201d afirm\u00f3 que hac\u00eda m\u00fasica cl\u00e1sica que ser\u00eda perfecta para esta pel\u00edcula. Lucas, afirm\u00f3 al p\u00fablico que estaban grabando en los estudios Abbey Road (El mismo que The Beatles) y de pronto una orquesta completa lo tom\u00f3 por sorpresa cuando escuch\u00f3 la que ser\u00eda la Marcha Imperial de su pel\u00edcula, logro espetar un \u201cwow\u201d y el resto es historia con un \u00e9xito tan grande que ya es parte del inconsciente colectivo mundial.<\/p>\n<p style=\"text-align: justify;\">George Lucas, se mostr\u00f3 tranquilo, humilde y llev\u00f3 la conversaci\u00f3n donde quer\u00eda, retratar que los sue\u00f1os terminan moviendo monta\u00f1as y que, si alguien cree en ti, puede ser la puerta que estuviste esperando siempre, lo \u00fanico que hay que hacer es aprovecharla, incluso si otros, no saben si lo vas a lograr. As\u00ed demostr\u00f3 su trabajo, a pulso, recordando que fue el primer screening de \u201cStar Wars\u201d para un grupo peque\u00f1o el que caus\u00f3 un boca a boca tan grande que le permiti\u00f3 seguir desarrollando lo que m\u00e1s quer\u00eda y que se convertir\u00eda en una de las sagas m\u00e1s querida en el mundo entero.<\/p>\n","protected":false},"excerpt":{"rendered":"<p>Con un clip de su incre\u00edble carrera el delegado del Festival presentaba a sala llena al gran realizador George Lucas. En cuanto anunci\u00f3 su nombre ya todo el p\u00fablico estaba euf\u00f3rico aplaudiendo de pie lo que se mantuvo por m\u00e1s &#8230; <a title=\"Cannes D\u00eda 11: George Lucas ovacionado en la Palma de Oro Honoraria\" class=\"read-more\" href=\"https:\/\/clientesbrandbits.click\/es\/cannes-dia-11-george-lucas-ovacionado-en-la-palma-de-oro-honoraria\/\" aria-label=\"Leer m\u00e1s sobre Cannes D\u00eda 11: George Lucas ovacionado en la Palma de Oro Honoraria\">Leer M\u00e1s<\/a><\/p>\n","protected":false},"author":2,"featured_media":1495,"comment_status":"closed","ping_status":"closed","sticky":false,"template":"","format":"standard","meta":{"_joinchat":[],"footnotes":""},"categories":[11,10],"tags":[33],"class_list":["post-1494","post","type-post","status-publish","format-standard","has-post-thumbnail","hentry","category-festivales-de-cine","category-films","tag-festival-de-cannes","infinite-scroll-item"],"yoast_head":"<!-- This site is optimized with the Yoast SEO plugin v22.8 - https:\/\/yoast.com\/wordpress\/plugins\/seo\/ -->\n<title>Cannes D\u00eda 11: George Lucas ovacionado en la Palma de Oro Honoraria - Spanglish Cinema<\/title>\n<meta name=\"robots\" content=\"index, follow, max-snippet:-1, max-image-preview:large, max-video-preview:-1\" \/>\n<link rel=\"canonical\" href=\"https:\/\/clientesbrandbits.click\/es\/cannes-dia-11-george-lucas-ovacionado-en-la-palma-de-oro-honoraria\/\" \/>\n<meta property=\"og:locale\" content=\"es_ES\" \/>\n<meta property=\"og:type\" content=\"article\" \/>\n<meta property=\"og:title\" content=\"Cannes D\u00eda 11: George Lucas ovacionado en la Palma de Oro Honoraria - Spanglish Cinema\" \/>\n<meta property=\"og:description\" content=\"Con un clip de su incre\u00edble carrera el delegado del Festival presentaba a sala llena al gran realizador George Lucas. En cuanto anunci\u00f3 su nombre ya todo el p\u00fablico estaba euf\u00f3rico aplaudiendo de pie lo que se mantuvo por m\u00e1s ... Leer M\u00e1s\" \/>\n<meta property=\"og:url\" content=\"https:\/\/clientesbrandbits.click\/es\/cannes-dia-11-george-lucas-ovacionado-en-la-palma-de-oro-honoraria\/\" \/>\n<meta property=\"og:site_name\" content=\"Spanglish Cinema\" \/>\n<meta property=\"article:published_time\" content=\"2024-05-24T19:26:11+00:00\" \/>\n<meta property=\"og:image\" content=\"https:\/\/clientesbrandbits.click\/wp-content\/uploads\/2024\/05\/george-lucas-cannes-052424_3269-d818c268eaa7423c81f9eb46eb2524bc.jpg\" \/>\n\t<meta property=\"og:image:width\" content=\"1500\" \/>\n\t<meta property=\"og:image:height\" content=\"1000\" \/>\n\t<meta property=\"og:image:type\" content=\"image\/jpeg\" \/>\n<meta name=\"author\" content=\"Francisca Romero\" \/>\n<meta name=\"twitter:card\" content=\"summary_large_image\" \/>\n<meta name=\"twitter:label1\" content=\"Escrito por\" \/>\n\t<meta name=\"twitter:data1\" content=\"Francisca Romero\" \/>\n\t<meta name=\"twitter:label2\" content=\"Tiempo de lectura\" \/>\n\t<meta name=\"twitter:data2\" content=\"3 minutos\" \/>\n<script type=\"application\/ld+json\" class=\"yoast-schema-graph\">{\"@context\":\"https:\/\/schema.org\",\"@graph\":[{\"@type\":\"Article\",\"@id\":\"https:\/\/clientesbrandbits.click\/cannes-dia-11-george-lucas-ovacionado-en-la-palma-de-oro-honoraria\/#article\",\"isPartOf\":{\"@id\":\"https:\/\/clientesbrandbits.click\/cannes-dia-11-george-lucas-ovacionado-en-la-palma-de-oro-honoraria\/\"},\"author\":{\"name\":\"Francisca Romero\",\"@id\":\"https:\/\/clientesbrandbits.click\/#\/schema\/person\/fedc39f5790928deafca5719b3588db2\"},\"headline\":\"Cannes D\u00eda 11: George Lucas ovacionado en la Palma de Oro Honoraria\",\"datePublished\":\"2024-05-24T19:26:11+00:00\",\"dateModified\":\"2024-05-24T19:26:11+00:00\",\"mainEntityOfPage\":{\"@id\":\"https:\/\/clientesbrandbits.click\/cannes-dia-11-george-lucas-ovacionado-en-la-palma-de-oro-honoraria\/\"},\"wordCount\":567,\"publisher\":{\"@id\":\"https:\/\/clientesbrandbits.click\/#organization\"},\"image\":{\"@id\":\"https:\/\/clientesbrandbits.click\/cannes-dia-11-george-lucas-ovacionado-en-la-palma-de-oro-honoraria\/#primaryimage\"},\"thumbnailUrl\":\"https:\/\/clientesbrandbits.click\/wp-content\/uploads\/2024\/05\/george-lucas-cannes-052424_3269-d818c268eaa7423c81f9eb46eb2524bc.jpg\",\"keywords\":[\"festival de cannes\"],\"articleSection\":[\"Festivales de Cine\",\"Films\"],\"inLanguage\":\"es\"},{\"@type\":\"WebPage\",\"@id\":\"https:\/\/clientesbrandbits.click\/cannes-dia-11-george-lucas-ovacionado-en-la-palma-de-oro-honoraria\/\",\"url\":\"https:\/\/clientesbrandbits.click\/cannes-dia-11-george-lucas-ovacionado-en-la-palma-de-oro-honoraria\/\",\"name\":\"Cannes D\u00eda 11: George Lucas ovacionado en la Palma de Oro Honoraria - Spanglish Cinema\",\"isPartOf\":{\"@id\":\"https:\/\/clientesbrandbits.click\/#website\"},\"primaryImageOfPage\":{\"@id\":\"https:\/\/clientesbrandbits.click\/cannes-dia-11-george-lucas-ovacionado-en-la-palma-de-oro-honoraria\/#primaryimage\"},\"image\":{\"@id\":\"https:\/\/clientesbrandbits.click\/cannes-dia-11-george-lucas-ovacionado-en-la-palma-de-oro-honoraria\/#primaryimage\"},\"thumbnailUrl\":\"https:\/\/clientesbrandbits.click\/wp-content\/uploads\/2024\/05\/george-lucas-cannes-052424_3269-d818c268eaa7423c81f9eb46eb2524bc.jpg\",\"datePublished\":\"2024-05-24T19:26:11+00:00\",\"dateModified\":\"2024-05-24T19:26:11+00:00\",\"breadcrumb\":{\"@id\":\"https:\/\/clientesbrandbits.click\/cannes-dia-11-george-lucas-ovacionado-en-la-palma-de-oro-honoraria\/#breadcrumb\"},\"inLanguage\":\"es\",\"potentialAction\":[{\"@type\":\"ReadAction\",\"target\":[\"https:\/\/clientesbrandbits.click\/cannes-dia-11-george-lucas-ovacionado-en-la-palma-de-oro-honoraria\/\"]}]},{\"@type\":\"ImageObject\",\"inLanguage\":\"es\",\"@id\":\"https:\/\/clientesbrandbits.click\/cannes-dia-11-george-lucas-ovacionado-en-la-palma-de-oro-honoraria\/#primaryimage\",\"url\":\"https:\/\/clientesbrandbits.click\/wp-content\/uploads\/2024\/05\/george-lucas-cannes-052424_3269-d818c268eaa7423c81f9eb46eb2524bc.jpg\",\"contentUrl\":\"https:\/\/clientesbrandbits.click\/wp-content\/uploads\/2024\/05\/george-lucas-cannes-052424_3269-d818c268eaa7423c81f9eb46eb2524bc.jpg\",\"width\":1500,\"height\":1000},{\"@type\":\"BreadcrumbList\",\"@id\":\"https:\/\/clientesbrandbits.click\/cannes-dia-11-george-lucas-ovacionado-en-la-palma-de-oro-honoraria\/#breadcrumb\",\"itemListElement\":[{\"@type\":\"ListItem\",\"position\":1,\"name\":\"Portada\",\"item\":\"https:\/\/clientesbrandbits.click\/\"},{\"@type\":\"ListItem\",\"position\":2,\"name\":\"Cannes D\u00eda 11: George Lucas ovacionado en la Palma de Oro Honoraria\"}]},{\"@type\":\"WebSite\",\"@id\":\"https:\/\/clientesbrandbits.click\/#website\",\"url\":\"https:\/\/clientesbrandbits.click\/\",\"name\":\"Spanglish Cinema\",\"description\":\"\",\"publisher\":{\"@id\":\"https:\/\/clientesbrandbits.click\/#organization\"},\"potentialAction\":[{\"@type\":\"SearchAction\",\"target\":{\"@type\":\"EntryPoint\",\"urlTemplate\":\"https:\/\/clientesbrandbits.click\/?s={search_term_string}\"},\"query-input\":\"required name=search_term_string\"}],\"inLanguage\":\"es\"},{\"@type\":\"Organization\",\"@id\":\"https:\/\/clientesbrandbits.click\/#organization\",\"name\":\"Spanglish Cinema\",\"url\":\"https:\/\/clientesbrandbits.click\/\",\"logo\":{\"@type\":\"ImageObject\",\"inLanguage\":\"es\",\"@id\":\"https:\/\/clientesbrandbits.click\/#\/schema\/logo\/image\/\",\"url\":\"https:\/\/clientesbrandbits.click\/wp-content\/uploads\/2024\/03\/spanglish_cinema.png\",\"contentUrl\":\"https:\/\/clientesbrandbits.click\/wp-content\/uploads\/2024\/03\/spanglish_cinema.png\",\"width\":612,\"height\":225,\"caption\":\"Spanglish Cinema\"},\"image\":{\"@id\":\"https:\/\/clientesbrandbits.click\/#\/schema\/logo\/image\/\"}},{\"@type\":\"Person\",\"@id\":\"https:\/\/clientesbrandbits.click\/#\/schema\/person\/fedc39f5790928deafca5719b3588db2\",\"name\":\"Francisca Romero\",\"image\":{\"@type\":\"ImageObject\",\"inLanguage\":\"es\",\"@id\":\"https:\/\/clientesbrandbits.click\/#\/schema\/person\/image\/\",\"url\":\"https:\/\/secure.gravatar.com\/avatar\/59bbcac6a15502dc7740d8ba94724e62?s=96&d=mm&r=g\",\"contentUrl\":\"https:\/\/secure.gravatar.com\/avatar\/59bbcac6a15502dc7740d8ba94724e62?s=96&d=mm&r=g\",\"caption\":\"Francisca Romero\"},\"url\":\"https:\/\/clientesbrandbits.click\/es\/author\/francisca-romero\/\"}]}<\/script>\n<!-- \/ Yoast SEO plugin. -->","yoast_head_json":{"title":"Cannes D\u00eda 11: George Lucas ovacionado en la Palma de Oro Honoraria - Spanglish Cinema","robots":{"index":"index","follow":"follow","max-snippet":"max-snippet:-1","max-image-preview":"max-image-preview:large","max-video-preview":"max-video-preview:-1"},"canonical":"https:\/\/clientesbrandbits.click\/es\/cannes-dia-11-george-lucas-ovacionado-en-la-palma-de-oro-honoraria\/","og_locale":"es_ES","og_type":"article","og_title":"Cannes D\u00eda 11: George Lucas ovacionado en la Palma de Oro Honoraria - Spanglish Cinema","og_description":"Con un clip de su incre\u00edble carrera el delegado del Festival presentaba a sala llena al gran realizador George Lucas. En cuanto anunci\u00f3 su nombre ya todo el p\u00fablico estaba euf\u00f3rico aplaudiendo de pie lo que se mantuvo por m\u00e1s ... Leer M\u00e1s","og_url":"https:\/\/clientesbrandbits.click\/es\/cannes-dia-11-george-lucas-ovacionado-en-la-palma-de-oro-honoraria\/","og_site_name":"Spanglish Cinema","article_published_time":"2024-05-24T19:26:11+00:00","og_image":[{"width":1500,"height":1000,"url":"https:\/\/clientesbrandbits.click\/wp-content\/uploads\/2024\/05\/george-lucas-cannes-052424_3269-d818c268eaa7423c81f9eb46eb2524bc.jpg","type":"image\/jpeg"}],"author":"Francisca Romero","twitter_card":"summary_large_image","twitter_misc":{"Escrito por":"Francisca Romero","Tiempo de lectura":"3 minutos"},"schema":{"@context":"https:\/\/schema.org","@graph":[{"@type":"Article","@id":"https:\/\/clientesbrandbits.click\/cannes-dia-11-george-lucas-ovacionado-en-la-palma-de-oro-honoraria\/#article","isPartOf":{"@id":"https:\/\/clientesbrandbits.click\/cannes-dia-11-george-lucas-ovacionado-en-la-palma-de-oro-honoraria\/"},"author":{"name":"Francisca Romero","@id":"https:\/\/clientesbrandbits.click\/#\/schema\/person\/fedc39f5790928deafca5719b3588db2"},"headline":"Cannes D\u00eda 11: George Lucas ovacionado en la Palma de Oro Honoraria","datePublished":"2024-05-24T19:26:11+00:00","dateModified":"2024-05-24T19:26:11+00:00","mainEntityOfPage":{"@id":"https:\/\/clientesbrandbits.click\/cannes-dia-11-george-lucas-ovacionado-en-la-palma-de-oro-honoraria\/"},"wordCount":567,"publisher":{"@id":"https:\/\/clientesbrandbits.click\/#organization"},"image":{"@id":"https:\/\/clientesbrandbits.click\/cannes-dia-11-george-lucas-ovacionado-en-la-palma-de-oro-honoraria\/#primaryimage"},"thumbnailUrl":"https:\/\/clientesbrandbits.click\/wp-content\/uploads\/2024\/05\/george-lucas-cannes-052424_3269-d818c268eaa7423c81f9eb46eb2524bc.jpg","keywords":["festival de cannes"],"articleSection":["Festivales de Cine","Films"],"inLanguage":"es"},{"@type":"WebPage","@id":"https:\/\/clientesbrandbits.click\/cannes-dia-11-george-lucas-ovacionado-en-la-palma-de-oro-honoraria\/","url":"https:\/\/clientesbrandbits.click\/cannes-dia-11-george-lucas-ovacionado-en-la-palma-de-oro-honoraria\/","name":"Cannes D\u00eda 11: George Lucas ovacionado en la Palma de Oro Honoraria - Spanglish Cinema","isPartOf":{"@id":"https:\/\/clientesbrandbits.click\/#website"},"primaryImageOfPage":{"@id":"https:\/\/clientesbrandbits.click\/cannes-dia-11-george-lucas-ovacionado-en-la-palma-de-oro-honoraria\/#primaryimage"},"image":{"@id":"https:\/\/clientesbrandbits.click\/cannes-dia-11-george-lucas-ovacionado-en-la-palma-de-oro-honoraria\/#primaryimage"},"thumbnailUrl":"https:\/\/clientesbrandbits.click\/wp-content\/uploads\/2024\/05\/george-lucas-cannes-052424_3269-d818c268eaa7423c81f9eb46eb2524bc.jpg","datePublished":"2024-05-24T19:26:11+00:00","dateModified":"2024-05-24T19:26:11+00:00","breadcrumb":{"@id":"https:\/\/clientesbrandbits.click\/cannes-dia-11-george-lucas-ovacionado-en-la-palma-de-oro-honoraria\/#breadcrumb"},"inLanguage":"es","potentialAction":[{"@type":"ReadAction","target":["https:\/\/clientesbrandbits.click\/cannes-dia-11-george-lucas-ovacionado-en-la-palma-de-oro-honoraria\/"]}]},{"@type":"ImageObject","inLanguage":"es","@id":"https:\/\/clientesbrandbits.click\/cannes-dia-11-george-lucas-ovacionado-en-la-palma-de-oro-honoraria\/#primaryimage","url":"https:\/\/clientesbrandbits.click\/wp-content\/uploads\/2024\/05\/george-lucas-cannes-052424_3269-d818c268eaa7423c81f9eb46eb2524bc.jpg","contentUrl":"https:\/\/clientesbrandbits.click\/wp-content\/uploads\/2024\/05\/george-lucas-cannes-052424_3269-d818c268eaa7423c81f9eb46eb2524bc.jpg","width":1500,"height":1000},{"@type":"BreadcrumbList","@id":"https:\/\/clientesbrandbits.click\/cannes-dia-11-george-lucas-ovacionado-en-la-palma-de-oro-honoraria\/#breadcrumb","itemListElement":[{"@type":"ListItem","position":1,"name":"Portada","item":"https:\/\/clientesbrandbits.click\/"},{"@type":"ListItem","position":2,"name":"Cannes D\u00eda 11: George Lucas ovacionado en la Palma de Oro Honoraria"}]},{"@type":"WebSite","@id":"https:\/\/clientesbrandbits.click\/#website","url":"https:\/\/clientesbrandbits.click\/","name":"Spanglish Cinema","description":"","publisher":{"@id":"https:\/\/clientesbrandbits.click\/#organization"},"potentialAction":[{"@type":"SearchAction","target":{"@type":"EntryPoint","urlTemplate":"https:\/\/clientesbrandbits.click\/?s={search_term_string}"},"query-input":"required name=search_term_string"}],"inLanguage":"es"},{"@type":"Organization","@id":"https:\/\/clientesbrandbits.click\/#organization","name":"Spanglish Cinema","url":"https:\/\/clientesbrandbits.click\/","logo":{"@type":"ImageObject","inLanguage":"es","@id":"https:\/\/clientesbrandbits.click\/#\/schema\/logo\/image\/","url":"https:\/\/clientesbrandbits.click\/wp-content\/uploads\/2024\/03\/spanglish_cinema.png","contentUrl":"https:\/\/clientesbrandbits.click\/wp-content\/uploads\/2024\/03\/spanglish_cinema.png","width":612,"height":225,"caption":"Spanglish Cinema"},"image":{"@id":"https:\/\/clientesbrandbits.click\/#\/schema\/logo\/image\/"}},{"@type":"Person","@id":"https:\/\/clientesbrandbits.click\/#\/schema\/person\/fedc39f5790928deafca5719b3588db2","name":"Francisca Romero","image":{"@type":"ImageObject","inLanguage":"es","@id":"https:\/\/clientesbrandbits.click\/#\/schema\/person\/image\/","url":"https:\/\/secure.gravatar.com\/avatar\/59bbcac6a15502dc7740d8ba94724e62?s=96&d=mm&r=g","contentUrl":"https:\/\/secure.gravatar.com\/avatar\/59bbcac6a15502dc7740d8ba94724e62?s=96&d=mm&r=g","caption":"Francisca Romero"},"url":"https:\/\/clientesbrandbits.click\/es\/author\/francisca-romero\/"}]}},"_links":{"self":[{"href":"https:\/\/clientesbrandbits.click\/es\/wp-json\/wp\/v2\/posts\/1494"}],"collection":[{"href":"https:\/\/clientesbrandbits.click\/es\/wp-json\/wp\/v2\/posts"}],"about":[{"href":"https:\/\/clientesbrandbits.click\/es\/wp-json\/wp\/v2\/types\/post"}],"author":[{"embeddable":true,"href":"https:\/\/clientesbrandbits.click\/es\/wp-json\/wp\/v2\/users\/2"}],"replies":[{"embeddable":true,"href":"https:\/\/clientesbrandbits.click\/es\/wp-json\/wp\/v2\/comments?post=1494"}],"version-history":[{"count":1,"href":"https:\/\/clientesbrandbits.click\/es\/wp-json\/wp\/v2\/posts\/1494\/revisions"}],"predecessor-version":[{"id":1497,"href":"https:\/\/clientesbrandbits.click\/es\/wp-json\/wp\/v2\/posts\/1494\/revisions\/1497"}],"wp:featuredmedia":[{"embeddable":true,"href":"https:\/\/clientesbrandbits.click\/es\/wp-json\/wp\/v2\/media\/1495"}],"wp:attachment":[{"href":"https:\/\/clientesbrandbits.click\/es\/wp-json\/wp\/v2\/media?parent=1494"}],"wp:term":[{"taxonomy":"category","embeddable":true,"href":"https:\/\/clientesbrandbits.click\/es\/wp-json\/wp\/v2\/categories?post=1494"},{"taxonomy":"post_tag","embeddable":true,"href":"https:\/\/clientesbrandbits.click\/es\/wp-json\/wp\/v2\/tags?post=1494"}],"curies":[{"name":"wp","href":"https:\/\/api.w.org\/{rel}","templated":true}]}}