{"id":147,"date":"2024-02-13T12:12:30","date_gmt":"2024-02-13T15:12:30","guid":{"rendered":"https:\/\/clientesbrandbits.click\/?p=147"},"modified":"2024-03-25T20:38:47","modified_gmt":"2024-03-25T23:38:47","slug":"hablamos-con-mark-ruffalo-luego-de-que-reciba-su-premio-en-el-festival-de-santa-barbara","status":"publish","type":"post","link":"https:\/\/clientesbrandbits.click\/es\/hablamos-con-mark-ruffalo-luego-de-que-reciba-su-premio-en-el-festival-de-santa-barbara\/","title":{"rendered":"Hablamos con Mark Ruffalo luego de que reciba su premio en el Festival de Santa B\u00e1rbara."},"content":{"rendered":"<p style=\"text-align: justify;\">Mark Ruffalo fue homenajeado en el Festival de Santa B\u00e1rbara y pudimos hacerle una pregunta.<\/p>\n<p style=\"text-align: justify;\">El actor, nominado nuevamente a los premios de La Academia como Mejor actor de Reparto por su trabajo en Poor Things, fue honrado con el American Riviera Award por su extraordinaria carrera actoral.<\/p>\n<p style=\"text-align: justify;\">El actor, que ha sido ganador del Emmy y tiene su cuarta nominaci\u00f3n a los premios Oscar este a\u00f1o despu\u00e9s de sus papeles en \u201cSpotlight\u201d, \u201cFoxcatcher\u201d y \u201cThe Kids are Alright\u201d replet\u00f3 el Arlington Theatre de Santa B\u00e1rbara en su reconocimiento.<\/p>\n<p><img fetchpriority=\"high\" decoding=\"async\" class=\"aligncenter size-full wp-image-149\" src=\"https:\/\/clientesbrandbits.click\/wp-content\/uploads\/2024\/03\/Mark-en-SIFF.jpg\" alt=\"\" width=\"1024\" height=\"570\" srcset=\"https:\/\/clientesbrandbits.click\/wp-content\/uploads\/2024\/03\/Mark-en-SIFF.jpg 1024w, https:\/\/clientesbrandbits.click\/wp-content\/uploads\/2024\/03\/Mark-en-SIFF-300x167.jpg 300w, https:\/\/clientesbrandbits.click\/wp-content\/uploads\/2024\/03\/Mark-en-SIFF-768x428.jpg 768w\" sizes=\"(max-width: 1024px) 100vw, 1024px\" \/><\/p>\n<p style=\"text-align: justify;\">Mark Ruffalo no solo es un multipremiado actor de la industria, sino tambi\u00e9n uno de los m\u00e1s queridos de Hollywood donde utiliza su plataforma para ser un constante activista de las causas medio ambientales mundiales y de energ\u00eda limpia, buscando permanentemente su protecci\u00f3n y desarrollo.<\/p>\n<p style=\"text-align: justify;\">Atr\u00e1s de C\u00e1mara, de hecho el actor ha producido proyectos por la lucha de los derechos de los pueblos ind\u00edgenas y comunidades afectadas por el cambio clim\u00e1tico. Entre ellas destacan las pel\u00edculas \u201cLakota Nation vs United State\u201d, \u201cInvisible Hand\u201d y \u201cDear President Obama: The Clean Energy Revolution is Now\u201d.<\/p>\n<p style=\"text-align: justify;\">El premio de American Riviera realizado por el festival de Cine de Santa B\u00e1rbara reconoce actores que han realizado una contribuci\u00f3n significativa al cine. En esta ocasi\u00f3n, Ruffalo recibi\u00f3 de las manos de Emma Stone, su co-protagonista en la nueva pel\u00edcula de Yorgos Lanthimos \u201cPoor Things\u201d, el galard\u00f3n y en un discurso aclamando su extensa y exitosa carrera, la actriz irradi\u00f3\u00a0 alegr\u00eda y orgullo ante su admirado compa\u00f1ero de trabajo quien acaba de recibir recientemente una estrella en el Paseo de la Fama.<\/p>\n<p style=\"text-align: justify;\">Anne Thompson, de Indiewire, fue quien lider\u00f3 la conversaci\u00f3n en el homenaje con el actor, a qui\u00e9n comenz\u00f3 pregunt\u00e1ndole \u00bfc\u00f3mo hace para que incluso en sus papeles m\u00e1s viles el p\u00fablico lo sigue queriendo tanto\u2019. A lo que Ruffalo contest\u00f3 con un avergonzado \u201cNo lo s\u00e9\u201d causando risas en la audiencia.<\/p>\n<p style=\"text-align: justify;\"><img decoding=\"async\" class=\"aligncenter size-full wp-image-150\" src=\"https:\/\/clientesbrandbits.click\/wp-content\/uploads\/2024\/03\/Tributo.jpg\" alt=\"\" width=\"1191\" height=\"832\" srcset=\"https:\/\/clientesbrandbits.click\/wp-content\/uploads\/2024\/03\/Tributo.jpg 1191w, https:\/\/clientesbrandbits.click\/wp-content\/uploads\/2024\/03\/Tributo-300x210.jpg 300w, https:\/\/clientesbrandbits.click\/wp-content\/uploads\/2024\/03\/Tributo-1024x715.jpg 1024w, https:\/\/clientesbrandbits.click\/wp-content\/uploads\/2024\/03\/Tributo-768x537.jpg 768w\" sizes=\"(max-width: 1191px) 100vw, 1191px\" \/><\/p>\n<p style=\"text-align: justify;\">Luego se sum\u00f3 a esta conversaci\u00f3n Emma Stone manifestando: \u201cPor fin voy a poder decir cosas maravillosas de \u00e9l y no puede hacer nada para detenerme. Por si no sab\u00edan uno de sus superpoderes es la inmunidad a los cumplidos\u201d. Stone continu\u00f3 el discurso comentando.<\/p>\n<p style=\"text-align: justify;\">\u201cRecuerdo perfectamente cuando me enamor\u00e9 de \u00e9l como actor, cuando hizo \u201cYou Can Count on Me\u201d y me impresion\u00f3 con su carisma y su encanto\u201d. As\u00ed sigui\u00f3 alabando a su compa\u00f1ero diciendo que desde ah\u00ed ella sab\u00eda que ser\u00eda un honor trabajar con \u00e9l y que por fin lo hab\u00eda logrado en \u201cPoor Things\u201d este a\u00f1o como la coprotagonista de su personaje, Bella Baxter.<\/p>\n<p style=\"text-align: justify;\">Con un teatro que lo aplaudi\u00f3 a rabiar Mark Ruffalo se vio notablemente emocionado al igual que en su paso por la Alfombra Roja del lugar donde le pudimos hacer una pregunta. M\u00edrala ac\u00e1:<\/p>\n<p>&nbsp;<\/p>\n<blockquote class=\"instagram-media\" style=\"background: #FFF; border: 0; border-radius: 3px; box-shadow: 0 0 1px 0 rgba(0,0,0,0.5),0 1px 10px 0 rgba(0,0,0,0.15); margin: 1px; max-width: 540px; min-width: 326px; padding: 0; width: calc(100% - 2px);\" data-instgrm-captioned=\"\" data-instgrm-permalink=\"https:\/\/www.instagram.com\/reel\/C3QGtfNLj10\/?utm_source=ig_embed&amp;utm_campaign=loading\" data-instgrm-version=\"14\">\n<div style=\"padding: 16px;\">\n<p>&nbsp;<\/p>\n<div style=\"display: flex; flex-direction: row; align-items: center;\">\n<div style=\"background-color: #f4f4f4; border-radius: 50%; flex-grow: 0; height: 40px; margin-right: 14px; width: 40px;\"><\/div>\n<div style=\"display: flex; flex-direction: column; flex-grow: 1; justify-content: center;\">\n<div style=\"background-color: #f4f4f4; border-radius: 4px; flex-grow: 0; height: 14px; margin-bottom: 6px; width: 100px;\"><\/div>\n<div style=\"background-color: #f4f4f4; border-radius: 4px; flex-grow: 0; height: 14px; width: 60px;\"><\/div>\n<\/div>\n<\/div>\n<div style=\"padding: 19% 0;\"><\/div>\n<div style=\"display: block; height: 50px; margin: 0 auto 12px; width: 50px;\"><\/div>\n<div style=\"padding-top: 8px;\">\n<div style=\"color: #3897f0; font-family: Arial,sans-serif; font-size: 14px; font-style: normal; font-weight: 550; line-height: 18px;\">Ver esta publicaci\u00f3n en Instagram<\/div>\n<\/div>\n<div style=\"padding: 12.5% 0;\"><\/div>\n<div style=\"display: flex; flex-direction: row; margin-bottom: 14px; align-items: center;\">\n<div>\n<div style=\"background-color: #f4f4f4; border-radius: 50%; height: 12.5px; width: 12.5px; transform: translateX(0px) translateY(7px);\"><\/div>\n<div style=\"background-color: #f4f4f4; height: 12.5px; transform: rotate(-45deg) translateX(3px) translateY(1px); width: 12.5px; flex-grow: 0; margin-right: 14px; margin-left: 2px;\"><\/div>\n<div style=\"background-color: #f4f4f4; border-radius: 50%; height: 12.5px; width: 12.5px; transform: translateX(9px) translateY(-18px);\"><\/div>\n<\/div>\n<div style=\"margin-left: 8px;\">\n<div style=\"background-color: #f4f4f4; border-radius: 50%; flex-grow: 0; height: 20px; width: 20px;\"><\/div>\n<div style=\"width: 0; height: 0; border-top: 2px solid transparent; border-left: 6px solid #f4f4f4; border-bottom: 2px solid transparent; transform: translateX(16px) translateY(-4px) rotate(30deg);\"><\/div>\n<\/div>\n<div style=\"margin-left: auto;\">\n<div style=\"width: 0px; border-top: 8px solid #F4F4F4; border-right: 8px solid transparent; transform: translateY(16px);\"><\/div>\n<div style=\"background-color: #f4f4f4; flex-grow: 0; height: 12px; width: 16px; transform: translateY(-4px);\"><\/div>\n<div style=\"width: 0; height: 0; border-top: 8px solid #F4F4F4; border-left: 8px solid transparent; transform: translateY(-4px) translateX(8px);\"><\/div>\n<\/div>\n<\/div>\n<div style=\"display: flex; flex-direction: column; flex-grow: 1; justify-content: center; margin-bottom: 24px;\">\n<div style=\"background-color: #f4f4f4; border-radius: 4px; flex-grow: 0; height: 14px; margin-bottom: 6px; width: 224px;\"><\/div>\n<div style=\"background-color: #f4f4f4; border-radius: 4px; flex-grow: 0; height: 14px; width: 144px;\"><\/div>\n<\/div>\n<p>&nbsp;<\/p>\n<p style=\"color: #c9c8cd; font-family: Arial,sans-serif; font-size: 14px; line-height: 17px; margin-bottom: 0; margin-top: 8px; overflow: hidden; padding: 8px 0 7px; text-align: center; text-overflow: ellipsis; white-space: nowrap;\"><a style=\"color: #c9c8cd; font-family: Arial,sans-serif; font-size: 14px; font-style: normal; font-weight: normal; line-height: 17px; text-decoration: none;\" href=\"https:\/\/www.instagram.com\/reel\/C3QGtfNLj10\/?utm_source=ig_embed&amp;utm_campaign=loading\" target=\"_blank\" rel=\"noopener\">Una publicaci\u00f3n compartida de Spanglish (@spanglishcinema)<\/a><\/p>\n<\/div>\n<\/blockquote>\n<p><script async src=\"\/\/www.instagram.com\/embed.js\"><\/script><\/p>\n","protected":false},"excerpt":{"rendered":"<p>Mark Ruffalo fue homenajeado en el Festival de Santa B\u00e1rbara y pudimos hacerle una pregunta. El actor, nominado nuevamente a los premios de La Academia como Mejor actor de Reparto por su trabajo en Poor Things, fue honrado con el &#8230; <a title=\"Hablamos con Mark Ruffalo luego de que reciba su premio en el Festival de Santa B\u00e1rbara.\" class=\"read-more\" href=\"https:\/\/clientesbrandbits.click\/es\/hablamos-con-mark-ruffalo-luego-de-que-reciba-su-premio-en-el-festival-de-santa-barbara\/\" aria-label=\"Leer m\u00e1s sobre Hablamos con Mark Ruffalo luego de que reciba su premio en el Festival de Santa B\u00e1rbara.\">Leer M\u00e1s<\/a><\/p>\n","protected":false},"author":2,"featured_media":148,"comment_status":"closed","ping_status":"closed","sticky":false,"template":"","format":"standard","meta":{"_joinchat":[],"footnotes":""},"categories":[13,11],"tags":[17,18],"class_list":["post-147","post","type-post","status-publish","format-standard","has-post-thumbnail","hentry","category-entrevistas","category-festivales-de-cine","tag-festival-de-santa-barbara","tag-mark-ruffalo","infinite-scroll-item"],"yoast_head":"<!-- This site is optimized with the Yoast SEO plugin v22.8 - https:\/\/yoast.com\/wordpress\/plugins\/seo\/ -->\n<title>Hablamos con Mark Ruffalo luego de que reciba su premio en el Festival de Santa B\u00e1rbara. - Spanglish Cinema<\/title>\n<meta name=\"robots\" content=\"index, follow, max-snippet:-1, max-image-preview:large, max-video-preview:-1\" \/>\n<link rel=\"canonical\" href=\"https:\/\/clientesbrandbits.click\/es\/hablamos-con-mark-ruffalo-luego-de-que-reciba-su-premio-en-el-festival-de-santa-barbara\/\" \/>\n<meta property=\"og:locale\" content=\"es_ES\" \/>\n<meta property=\"og:type\" content=\"article\" \/>\n<meta property=\"og:title\" content=\"Hablamos con Mark Ruffalo luego de que reciba su premio en el Festival de Santa B\u00e1rbara. - Spanglish Cinema\" \/>\n<meta property=\"og:description\" content=\"Mark Ruffalo fue homenajeado en el Festival de Santa B\u00e1rbara y pudimos hacerle una pregunta. El actor, nominado nuevamente a los premios de La Academia como Mejor actor de Reparto por su trabajo en Poor Things, fue honrado con el ... Leer M\u00e1s\" \/>\n<meta property=\"og:url\" content=\"https:\/\/clientesbrandbits.click\/es\/hablamos-con-mark-ruffalo-luego-de-que-reciba-su-premio-en-el-festival-de-santa-barbara\/\" \/>\n<meta property=\"og:site_name\" content=\"Spanglish Cinema\" \/>\n<meta property=\"article:published_time\" content=\"2024-02-13T15:12:30+00:00\" \/>\n<meta property=\"article:modified_time\" content=\"2024-03-25T23:38:47+00:00\" \/>\n<meta property=\"og:image\" content=\"https:\/\/clientesbrandbits.click\/wp-content\/uploads\/2024\/03\/mark-ruffalo.webp\" \/>\n\t<meta property=\"og:image:width\" content=\"990\" \/>\n\t<meta property=\"og:image:height\" content=\"557\" \/>\n\t<meta property=\"og:image:type\" content=\"image\/webp\" \/>\n<meta name=\"author\" content=\"Francisca Romero\" \/>\n<meta name=\"twitter:card\" content=\"summary_large_image\" \/>\n<meta name=\"twitter:label1\" content=\"Escrito por\" \/>\n\t<meta name=\"twitter:data1\" content=\"Francisca Romero\" \/>\n\t<meta name=\"twitter:label2\" content=\"Tiempo de lectura\" \/>\n\t<meta name=\"twitter:data2\" content=\"3 minutos\" \/>\n<script type=\"application\/ld+json\" class=\"yoast-schema-graph\">{\"@context\":\"https:\/\/schema.org\",\"@graph\":[{\"@type\":\"Article\",\"@id\":\"https:\/\/clientesbrandbits.click\/hablamos-con-mark-ruffalo-luego-de-que-reciba-su-premio-en-el-festival-de-santa-barbara\/#article\",\"isPartOf\":{\"@id\":\"https:\/\/clientesbrandbits.click\/hablamos-con-mark-ruffalo-luego-de-que-reciba-su-premio-en-el-festival-de-santa-barbara\/\"},\"author\":{\"name\":\"Francisca Romero\",\"@id\":\"https:\/\/clientesbrandbits.click\/#\/schema\/person\/fedc39f5790928deafca5719b3588db2\"},\"headline\":\"Hablamos con Mark Ruffalo luego de que reciba su premio en el Festival de Santa B\u00e1rbara.\",\"datePublished\":\"2024-02-13T15:12:30+00:00\",\"dateModified\":\"2024-03-25T23:38:47+00:00\",\"mainEntityOfPage\":{\"@id\":\"https:\/\/clientesbrandbits.click\/hablamos-con-mark-ruffalo-luego-de-que-reciba-su-premio-en-el-festival-de-santa-barbara\/\"},\"wordCount\":528,\"publisher\":{\"@id\":\"https:\/\/clientesbrandbits.click\/#organization\"},\"image\":{\"@id\":\"https:\/\/clientesbrandbits.click\/hablamos-con-mark-ruffalo-luego-de-que-reciba-su-premio-en-el-festival-de-santa-barbara\/#primaryimage\"},\"thumbnailUrl\":\"https:\/\/clientesbrandbits.click\/wp-content\/uploads\/2024\/03\/mark-ruffalo.webp\",\"keywords\":[\"Festival de Santa B\u00e1rbara\",\"Mark Ruffalo\"],\"articleSection\":[\"Entrevistas\",\"Festivales de Cine\"],\"inLanguage\":\"es\"},{\"@type\":\"WebPage\",\"@id\":\"https:\/\/clientesbrandbits.click\/hablamos-con-mark-ruffalo-luego-de-que-reciba-su-premio-en-el-festival-de-santa-barbara\/\",\"url\":\"https:\/\/clientesbrandbits.click\/hablamos-con-mark-ruffalo-luego-de-que-reciba-su-premio-en-el-festival-de-santa-barbara\/\",\"name\":\"Hablamos con Mark Ruffalo luego de que reciba su premio en el Festival de Santa B\u00e1rbara. - Spanglish Cinema\",\"isPartOf\":{\"@id\":\"https:\/\/clientesbrandbits.click\/#website\"},\"primaryImageOfPage\":{\"@id\":\"https:\/\/clientesbrandbits.click\/hablamos-con-mark-ruffalo-luego-de-que-reciba-su-premio-en-el-festival-de-santa-barbara\/#primaryimage\"},\"image\":{\"@id\":\"https:\/\/clientesbrandbits.click\/hablamos-con-mark-ruffalo-luego-de-que-reciba-su-premio-en-el-festival-de-santa-barbara\/#primaryimage\"},\"thumbnailUrl\":\"https:\/\/clientesbrandbits.click\/wp-content\/uploads\/2024\/03\/mark-ruffalo.webp\",\"datePublished\":\"2024-02-13T15:12:30+00:00\",\"dateModified\":\"2024-03-25T23:38:47+00:00\",\"breadcrumb\":{\"@id\":\"https:\/\/clientesbrandbits.click\/hablamos-con-mark-ruffalo-luego-de-que-reciba-su-premio-en-el-festival-de-santa-barbara\/#breadcrumb\"},\"inLanguage\":\"es\",\"potentialAction\":[{\"@type\":\"ReadAction\",\"target\":[\"https:\/\/clientesbrandbits.click\/hablamos-con-mark-ruffalo-luego-de-que-reciba-su-premio-en-el-festival-de-santa-barbara\/\"]}]},{\"@type\":\"ImageObject\",\"inLanguage\":\"es\",\"@id\":\"https:\/\/clientesbrandbits.click\/hablamos-con-mark-ruffalo-luego-de-que-reciba-su-premio-en-el-festival-de-santa-barbara\/#primaryimage\",\"url\":\"https:\/\/clientesbrandbits.click\/wp-content\/uploads\/2024\/03\/mark-ruffalo.webp\",\"contentUrl\":\"https:\/\/clientesbrandbits.click\/wp-content\/uploads\/2024\/03\/mark-ruffalo.webp\",\"width\":990,\"height\":557,\"caption\":\"mark-ruffalo\"},{\"@type\":\"BreadcrumbList\",\"@id\":\"https:\/\/clientesbrandbits.click\/hablamos-con-mark-ruffalo-luego-de-que-reciba-su-premio-en-el-festival-de-santa-barbara\/#breadcrumb\",\"itemListElement\":[{\"@type\":\"ListItem\",\"position\":1,\"name\":\"Portada\",\"item\":\"https:\/\/clientesbrandbits.click\/\"},{\"@type\":\"ListItem\",\"position\":2,\"name\":\"Hablamos con Mark Ruffalo luego de que reciba su premio en el Festival de Santa B\u00e1rbara.\"}]},{\"@type\":\"WebSite\",\"@id\":\"https:\/\/clientesbrandbits.click\/#website\",\"url\":\"https:\/\/clientesbrandbits.click\/\",\"name\":\"Spanglish Cinema\",\"description\":\"\",\"publisher\":{\"@id\":\"https:\/\/clientesbrandbits.click\/#organization\"},\"potentialAction\":[{\"@type\":\"SearchAction\",\"target\":{\"@type\":\"EntryPoint\",\"urlTemplate\":\"https:\/\/clientesbrandbits.click\/?s={search_term_string}\"},\"query-input\":\"required name=search_term_string\"}],\"inLanguage\":\"es\"},{\"@type\":\"Organization\",\"@id\":\"https:\/\/clientesbrandbits.click\/#organization\",\"name\":\"Spanglish Cinema\",\"url\":\"https:\/\/clientesbrandbits.click\/\",\"logo\":{\"@type\":\"ImageObject\",\"inLanguage\":\"es\",\"@id\":\"https:\/\/clientesbrandbits.click\/#\/schema\/logo\/image\/\",\"url\":\"https:\/\/clientesbrandbits.click\/wp-content\/uploads\/2024\/03\/spanglish_cinema.png\",\"contentUrl\":\"https:\/\/clientesbrandbits.click\/wp-content\/uploads\/2024\/03\/spanglish_cinema.png\",\"width\":612,\"height\":225,\"caption\":\"Spanglish Cinema\"},\"image\":{\"@id\":\"https:\/\/clientesbrandbits.click\/#\/schema\/logo\/image\/\"}},{\"@type\":\"Person\",\"@id\":\"https:\/\/clientesbrandbits.click\/#\/schema\/person\/fedc39f5790928deafca5719b3588db2\",\"name\":\"Francisca Romero\",\"image\":{\"@type\":\"ImageObject\",\"inLanguage\":\"es\",\"@id\":\"https:\/\/clientesbrandbits.click\/#\/schema\/person\/image\/\",\"url\":\"https:\/\/secure.gravatar.com\/avatar\/59bbcac6a15502dc7740d8ba94724e62?s=96&d=mm&r=g\",\"contentUrl\":\"https:\/\/secure.gravatar.com\/avatar\/59bbcac6a15502dc7740d8ba94724e62?s=96&d=mm&r=g\",\"caption\":\"Francisca Romero\"},\"url\":\"https:\/\/clientesbrandbits.click\/es\/author\/francisca-romero\/\"}]}<\/script>\n<!-- \/ Yoast SEO plugin. -->","yoast_head_json":{"title":"Hablamos con Mark Ruffalo luego de que reciba su premio en el Festival de Santa B\u00e1rbara. - Spanglish Cinema","robots":{"index":"index","follow":"follow","max-snippet":"max-snippet:-1","max-image-preview":"max-image-preview:large","max-video-preview":"max-video-preview:-1"},"canonical":"https:\/\/clientesbrandbits.click\/es\/hablamos-con-mark-ruffalo-luego-de-que-reciba-su-premio-en-el-festival-de-santa-barbara\/","og_locale":"es_ES","og_type":"article","og_title":"Hablamos con Mark Ruffalo luego de que reciba su premio en el Festival de Santa B\u00e1rbara. - Spanglish Cinema","og_description":"Mark Ruffalo fue homenajeado en el Festival de Santa B\u00e1rbara y pudimos hacerle una pregunta. El actor, nominado nuevamente a los premios de La Academia como Mejor actor de Reparto por su trabajo en Poor Things, fue honrado con el ... Leer M\u00e1s","og_url":"https:\/\/clientesbrandbits.click\/es\/hablamos-con-mark-ruffalo-luego-de-que-reciba-su-premio-en-el-festival-de-santa-barbara\/","og_site_name":"Spanglish Cinema","article_published_time":"2024-02-13T15:12:30+00:00","article_modified_time":"2024-03-25T23:38:47+00:00","og_image":[{"width":990,"height":557,"url":"https:\/\/clientesbrandbits.click\/wp-content\/uploads\/2024\/03\/mark-ruffalo.webp","type":"image\/webp"}],"author":"Francisca Romero","twitter_card":"summary_large_image","twitter_misc":{"Escrito por":"Francisca Romero","Tiempo de lectura":"3 minutos"},"schema":{"@context":"https:\/\/schema.org","@graph":[{"@type":"Article","@id":"https:\/\/clientesbrandbits.click\/hablamos-con-mark-ruffalo-luego-de-que-reciba-su-premio-en-el-festival-de-santa-barbara\/#article","isPartOf":{"@id":"https:\/\/clientesbrandbits.click\/hablamos-con-mark-ruffalo-luego-de-que-reciba-su-premio-en-el-festival-de-santa-barbara\/"},"author":{"name":"Francisca Romero","@id":"https:\/\/clientesbrandbits.click\/#\/schema\/person\/fedc39f5790928deafca5719b3588db2"},"headline":"Hablamos con Mark Ruffalo luego de que reciba su premio en el Festival de Santa B\u00e1rbara.","datePublished":"2024-02-13T15:12:30+00:00","dateModified":"2024-03-25T23:38:47+00:00","mainEntityOfPage":{"@id":"https:\/\/clientesbrandbits.click\/hablamos-con-mark-ruffalo-luego-de-que-reciba-su-premio-en-el-festival-de-santa-barbara\/"},"wordCount":528,"publisher":{"@id":"https:\/\/clientesbrandbits.click\/#organization"},"image":{"@id":"https:\/\/clientesbrandbits.click\/hablamos-con-mark-ruffalo-luego-de-que-reciba-su-premio-en-el-festival-de-santa-barbara\/#primaryimage"},"thumbnailUrl":"https:\/\/clientesbrandbits.click\/wp-content\/uploads\/2024\/03\/mark-ruffalo.webp","keywords":["Festival de Santa B\u00e1rbara","Mark Ruffalo"],"articleSection":["Entrevistas","Festivales de Cine"],"inLanguage":"es"},{"@type":"WebPage","@id":"https:\/\/clientesbrandbits.click\/hablamos-con-mark-ruffalo-luego-de-que-reciba-su-premio-en-el-festival-de-santa-barbara\/","url":"https:\/\/clientesbrandbits.click\/hablamos-con-mark-ruffalo-luego-de-que-reciba-su-premio-en-el-festival-de-santa-barbara\/","name":"Hablamos con Mark Ruffalo luego de que reciba su premio en el Festival de Santa B\u00e1rbara. - Spanglish Cinema","isPartOf":{"@id":"https:\/\/clientesbrandbits.click\/#website"},"primaryImageOfPage":{"@id":"https:\/\/clientesbrandbits.click\/hablamos-con-mark-ruffalo-luego-de-que-reciba-su-premio-en-el-festival-de-santa-barbara\/#primaryimage"},"image":{"@id":"https:\/\/clientesbrandbits.click\/hablamos-con-mark-ruffalo-luego-de-que-reciba-su-premio-en-el-festival-de-santa-barbara\/#primaryimage"},"thumbnailUrl":"https:\/\/clientesbrandbits.click\/wp-content\/uploads\/2024\/03\/mark-ruffalo.webp","datePublished":"2024-02-13T15:12:30+00:00","dateModified":"2024-03-25T23:38:47+00:00","breadcrumb":{"@id":"https:\/\/clientesbrandbits.click\/hablamos-con-mark-ruffalo-luego-de-que-reciba-su-premio-en-el-festival-de-santa-barbara\/#breadcrumb"},"inLanguage":"es","potentialAction":[{"@type":"ReadAction","target":["https:\/\/clientesbrandbits.click\/hablamos-con-mark-ruffalo-luego-de-que-reciba-su-premio-en-el-festival-de-santa-barbara\/"]}]},{"@type":"ImageObject","inLanguage":"es","@id":"https:\/\/clientesbrandbits.click\/hablamos-con-mark-ruffalo-luego-de-que-reciba-su-premio-en-el-festival-de-santa-barbara\/#primaryimage","url":"https:\/\/clientesbrandbits.click\/wp-content\/uploads\/2024\/03\/mark-ruffalo.webp","contentUrl":"https:\/\/clientesbrandbits.click\/wp-content\/uploads\/2024\/03\/mark-ruffalo.webp","width":990,"height":557,"caption":"mark-ruffalo"},{"@type":"BreadcrumbList","@id":"https:\/\/clientesbrandbits.click\/hablamos-con-mark-ruffalo-luego-de-que-reciba-su-premio-en-el-festival-de-santa-barbara\/#breadcrumb","itemListElement":[{"@type":"ListItem","position":1,"name":"Portada","item":"https:\/\/clientesbrandbits.click\/"},{"@type":"ListItem","position":2,"name":"Hablamos con Mark Ruffalo luego de que reciba su premio en el Festival de Santa B\u00e1rbara."}]},{"@type":"WebSite","@id":"https:\/\/clientesbrandbits.click\/#website","url":"https:\/\/clientesbrandbits.click\/","name":"Spanglish Cinema","description":"","publisher":{"@id":"https:\/\/clientesbrandbits.click\/#organization"},"potentialAction":[{"@type":"SearchAction","target":{"@type":"EntryPoint","urlTemplate":"https:\/\/clientesbrandbits.click\/?s={search_term_string}"},"query-input":"required name=search_term_string"}],"inLanguage":"es"},{"@type":"Organization","@id":"https:\/\/clientesbrandbits.click\/#organization","name":"Spanglish Cinema","url":"https:\/\/clientesbrandbits.click\/","logo":{"@type":"ImageObject","inLanguage":"es","@id":"https:\/\/clientesbrandbits.click\/#\/schema\/logo\/image\/","url":"https:\/\/clientesbrandbits.click\/wp-content\/uploads\/2024\/03\/spanglish_cinema.png","contentUrl":"https:\/\/clientesbrandbits.click\/wp-content\/uploads\/2024\/03\/spanglish_cinema.png","width":612,"height":225,"caption":"Spanglish Cinema"},"image":{"@id":"https:\/\/clientesbrandbits.click\/#\/schema\/logo\/image\/"}},{"@type":"Person","@id":"https:\/\/clientesbrandbits.click\/#\/schema\/person\/fedc39f5790928deafca5719b3588db2","name":"Francisca Romero","image":{"@type":"ImageObject","inLanguage":"es","@id":"https:\/\/clientesbrandbits.click\/#\/schema\/person\/image\/","url":"https:\/\/secure.gravatar.com\/avatar\/59bbcac6a15502dc7740d8ba94724e62?s=96&d=mm&r=g","contentUrl":"https:\/\/secure.gravatar.com\/avatar\/59bbcac6a15502dc7740d8ba94724e62?s=96&d=mm&r=g","caption":"Francisca Romero"},"url":"https:\/\/clientesbrandbits.click\/es\/author\/francisca-romero\/"}]}},"_links":{"self":[{"href":"https:\/\/clientesbrandbits.click\/es\/wp-json\/wp\/v2\/posts\/147"}],"collection":[{"href":"https:\/\/clientesbrandbits.click\/es\/wp-json\/wp\/v2\/posts"}],"about":[{"href":"https:\/\/clientesbrandbits.click\/es\/wp-json\/wp\/v2\/types\/post"}],"author":[{"embeddable":true,"href":"https:\/\/clientesbrandbits.click\/es\/wp-json\/wp\/v2\/users\/2"}],"replies":[{"embeddable":true,"href":"https:\/\/clientesbrandbits.click\/es\/wp-json\/wp\/v2\/comments?post=147"}],"version-history":[{"count":1,"href":"https:\/\/clientesbrandbits.click\/es\/wp-json\/wp\/v2\/posts\/147\/revisions"}],"predecessor-version":[{"id":151,"href":"https:\/\/clientesbrandbits.click\/es\/wp-json\/wp\/v2\/posts\/147\/revisions\/151"}],"wp:featuredmedia":[{"embeddable":true,"href":"https:\/\/clientesbrandbits.click\/es\/wp-json\/wp\/v2\/media\/148"}],"wp:attachment":[{"href":"https:\/\/clientesbrandbits.click\/es\/wp-json\/wp\/v2\/media?parent=147"}],"wp:term":[{"taxonomy":"category","embeddable":true,"href":"https:\/\/clientesbrandbits.click\/es\/wp-json\/wp\/v2\/categories?post=147"},{"taxonomy":"post_tag","embeddable":true,"href":"https:\/\/clientesbrandbits.click\/es\/wp-json\/wp\/v2\/tags?post=147"}],"curies":[{"name":"wp","href":"https:\/\/api.w.org\/{rel}","templated":true}]}}