{"id":1456,"date":"2024-05-20T12:51:48","date_gmt":"2024-05-20T16:51:48","guid":{"rendered":"https:\/\/clientesbrandbits.click\/?p=1456"},"modified":"2024-05-28T12:20:59","modified_gmt":"2024-05-28T16:20:59","slug":"cannes-dia-8-se-entrego-la-palma-de-oro-honoraria-a-studio-ghibli","status":"publish","type":"post","link":"https:\/\/clientesbrandbits.click\/es\/cannes-dia-8-se-entrego-la-palma-de-oro-honoraria-a-studio-ghibli\/","title":{"rendered":"Cannes D\u00eda 7: Se entreg\u00f3 La Palma de Oro Honoraria a Studio Ghibli"},"content":{"rendered":"<p style=\"text-align: justify;\">A sala repleta y con una <strong>ovaci\u00f3n gigantesca<\/strong>, el d\u00eda 19 de Mayo, el delegado general del Festival de Cannes, Thierry Fr\u00e9maux present\u00f3 el clip de la recopilaci\u00f3n de pel\u00edculas del Studio Ghibli como se suele hacer en todo Rendez-Vouz u ocasiones especiales en Cannes, y tambi\u00e9n, a <strong>Goro Miyasaki quien recibi\u00f3 un aplauso de pie que se extendi\u00f3 por m\u00e1s de cinco minutos y donde visiblemente se emocion\u00f3 con lo que estaba pasando en el lugar.<\/strong><\/p>\n<p style=\"text-align: justify;\">Miyasaki, sabe que lo que est\u00e1 pasando es un hecho hist\u00f3rico y es que por primera vez se le entrega la Palma de Oro a un grupo y no solo a un individuo, m\u00e1s a\u00fan a un estudio, causando algo in\u00e9dito para el festival. Es que el legado que ha construido <strong>Hayao Miyasaki trasciende fronteras, pantallas y lenguajes. Ha sido alabado en el mundo entero y ha traspasado generaciones de audiencias<\/strong> que inmersas en sus pel\u00edculas han gozado con este mundo lleno de alegor\u00edas, simbolismos y mensajes de reflexi\u00f3n.<\/p>\n<p style=\"text-align: justify;\">Con la humildad de un grande,<strong> Hayao Miyasaki, se siente inc\u00f3modo con los premios que se le entregan como director, coment\u00f3 en su momento Toshio Suzuki<\/strong>, su m\u00e1s fiel colaborador y co-fundador, que tambi\u00e9n se refiri\u00f3 a la timidez del realizador.<\/p>\n<p style=\"text-align: justify;\"><strong>Iris Knobloch, la presidenta del festival<\/strong> fue enf\u00e1tica en decir;<\/p>\n<p style=\"text-align: justify;\">\u201cPor primera vez en nuestra historia, esto no es para una persona, sino para una instituci\u00f3n a la que hemos querido celebrar. Como a todos los \u00edconos del S\u00e9ptimo Arte, estos personajes se tomaron nuestra imaginaci\u00f3n con universos coloridos y narraciones emotivas y comprometidas. Ghibli se erige como una de las grandes aventuras cin\u00e9filas, entre la tradici\u00f3n y la modernidad\u201d.<\/p>\n<p><img fetchpriority=\"high\" decoding=\"async\" class=\"aligncenter wp-image-1458 \" src=\"https:\/\/clientesbrandbits.click\/wp-content\/uploads\/2024\/05\/miyasaki.jpeg\" alt=\"\" width=\"789\" height=\"443\" srcset=\"https:\/\/clientesbrandbits.click\/wp-content\/uploads\/2024\/05\/miyasaki.jpeg 652w, https:\/\/clientesbrandbits.click\/wp-content\/uploads\/2024\/05\/miyasaki-300x168.jpeg 300w, https:\/\/clientesbrandbits.click\/wp-content\/uploads\/2024\/05\/miyasaki-18x10.jpeg 18w\" sizes=\"(max-width: 789px) 100vw, 789px\" \/><\/p>\n<p style=\"text-align: justify;\"><strong>El Inicio de todo<\/strong><\/p>\n<p style=\"text-align: justify;\">Respecto a los inicios del estudio estaban muy enfocados en solo hacer y hacer films, Suzuki dice:<\/p>\n<p style=\"text-align: justify;\">\u201cEst\u00e1bamos muy ocupados para pensar en metas, estamos haciendo el primer film y si nos resultaba ese tendr\u00edamos la posibilidad de hacer otro. Pero sab\u00edamos que si no resultaba o a la gente no le gustaba ser\u00eda el fin para nosotros. As\u00ed solo nos preocup\u00e1bamos de ese film\u201d.<\/p>\n<p style=\"text-align: justify;\">El esp\u00edritu Ghibli se sinti\u00f3 en la sala no solo con profesionales del cine, sino quienes comparten su pasi\u00f3n por el s\u00e9ptimo arte como fan del estudio, haciendo que la Palma de Oro Honoraria fuera a\u00fan m\u00e1s valiosa para sus acreedores y fue finalmente entregada por el jurado Juan Antonio Bayona.<\/p>\n<p><img decoding=\"async\" class=\"aligncenter wp-image-1457 size-full\" src=\"https:\/\/clientesbrandbits.click\/wp-content\/uploads\/2024\/05\/ghibli-2_2024_05_21_15_01_32.jpg\" alt=\"\" width=\"1280\" height=\"640\" srcset=\"https:\/\/clientesbrandbits.click\/wp-content\/uploads\/2024\/05\/ghibli-2_2024_05_21_15_01_32.jpg 1280w, https:\/\/clientesbrandbits.click\/wp-content\/uploads\/2024\/05\/ghibli-2_2024_05_21_15_01_32-300x150.jpg 300w, https:\/\/clientesbrandbits.click\/wp-content\/uploads\/2024\/05\/ghibli-2_2024_05_21_15_01_32-1024x512.jpg 1024w, https:\/\/clientesbrandbits.click\/wp-content\/uploads\/2024\/05\/ghibli-2_2024_05_21_15_01_32-768x384.jpg 768w, https:\/\/clientesbrandbits.click\/wp-content\/uploads\/2024\/05\/ghibli-2_2024_05_21_15_01_32-18x9.jpg 18w\" sizes=\"(max-width: 1280px) 100vw, 1280px\" \/><\/p>\n","protected":false},"excerpt":{"rendered":"<p>A sala repleta y con una ovaci\u00f3n gigantesca, el d\u00eda 19 de Mayo, el delegado general del Festival de Cannes, Thierry Fr\u00e9maux present\u00f3 el clip de la recopilaci\u00f3n de pel\u00edculas del Studio Ghibli como se suele hacer en todo Rendez-Vouz &#8230; <a title=\"Cannes D\u00eda 7: Se entreg\u00f3 La Palma de Oro Honoraria a Studio Ghibli\" class=\"read-more\" href=\"https:\/\/clientesbrandbits.click\/es\/cannes-dia-8-se-entrego-la-palma-de-oro-honoraria-a-studio-ghibli\/\" aria-label=\"Leer m\u00e1s sobre Cannes D\u00eda 7: Se entreg\u00f3 La Palma de Oro Honoraria a Studio Ghibli\">Leer M\u00e1s<\/a><\/p>\n","protected":false},"author":2,"featured_media":1459,"comment_status":"closed","ping_status":"closed","sticky":false,"template":"","format":"standard","meta":{"_joinchat":[],"footnotes":""},"categories":[11,10],"tags":[33,136],"class_list":["post-1456","post","type-post","status-publish","format-standard","has-post-thumbnail","hentry","category-festivales-de-cine","category-films","tag-festival-de-cannes","tag-studio-ghibli","infinite-scroll-item"],"yoast_head":"<!-- This site is optimized with the Yoast SEO plugin v22.8 - https:\/\/yoast.com\/wordpress\/plugins\/seo\/ -->\n<title>Cannes D\u00eda 7: Se entreg\u00f3 La Palma de Oro Honoraria a Studio Ghibli - Spanglish Cinema<\/title>\n<meta name=\"description\" content=\"A sala repleta y con una ovaci\u00f3n gigantesca el delegado general del Festival de Cannes, Thierry Fr\u00e9maux present\u00f3 el clip de la recopilaci\u00f3n de Studio Ghibli, como se suele hacer en todo Rendez-Vouz u ocasiones especiales en Cannes y tambi\u00e9n, a Goro Miyasaki quien recibi\u00f3 un aplauso de pie que se extendi\u00f3 por m\u00e1s de cinco minutos y donde visiblemente se emociona con lo que est\u00e1 pasando en el lugar.\" \/>\n<meta name=\"robots\" content=\"index, follow, max-snippet:-1, max-image-preview:large, max-video-preview:-1\" \/>\n<link rel=\"canonical\" href=\"https:\/\/clientesbrandbits.click\/es\/cannes-dia-8-se-entrego-la-palma-de-oro-honoraria-a-studio-ghibli\/\" \/>\n<meta property=\"og:locale\" content=\"es_ES\" \/>\n<meta property=\"og:type\" content=\"article\" \/>\n<meta property=\"og:title\" content=\"Cannes D\u00eda 7: Se entreg\u00f3 La Palma de Oro Honoraria a Studio Ghibli - Spanglish Cinema\" \/>\n<meta property=\"og:description\" content=\"A sala repleta y con una ovaci\u00f3n gigantesca el delegado general del Festival de Cannes, Thierry Fr\u00e9maux present\u00f3 el clip de la recopilaci\u00f3n de Studio Ghibli, como se suele hacer en todo Rendez-Vouz u ocasiones especiales en Cannes y tambi\u00e9n, a Goro Miyasaki quien recibi\u00f3 un aplauso de pie que se extendi\u00f3 por m\u00e1s de cinco minutos y donde visiblemente se emociona con lo que est\u00e1 pasando en el lugar.\" \/>\n<meta property=\"og:url\" content=\"https:\/\/clientesbrandbits.click\/es\/cannes-dia-8-se-entrego-la-palma-de-oro-honoraria-a-studio-ghibli\/\" \/>\n<meta property=\"og:site_name\" content=\"Spanglish Cinema\" \/>\n<meta property=\"article:published_time\" content=\"2024-05-20T16:51:48+00:00\" \/>\n<meta property=\"article:modified_time\" content=\"2024-05-28T16:20:59+00:00\" \/>\n<meta property=\"og:image\" content=\"https:\/\/clientesbrandbits.click\/wp-content\/uploads\/2024\/05\/el-estudio-de-animacion-japones-ghibli-recibe-la-palma-de-oro-honorifica-en-cannes.jpg\" \/>\n\t<meta property=\"og:image:width\" content=\"1280\" \/>\n\t<meta property=\"og:image:height\" content=\"720\" \/>\n\t<meta property=\"og:image:type\" content=\"image\/jpeg\" \/>\n<meta name=\"author\" content=\"Francisca Romero\" \/>\n<meta name=\"twitter:card\" content=\"summary_large_image\" \/>\n<meta name=\"twitter:label1\" content=\"Escrito por\" \/>\n\t<meta name=\"twitter:data1\" content=\"Francisca Romero\" \/>\n\t<meta name=\"twitter:label2\" content=\"Tiempo de lectura\" \/>\n\t<meta name=\"twitter:data2\" content=\"3 minutos\" \/>\n<script type=\"application\/ld+json\" class=\"yoast-schema-graph\">{\"@context\":\"https:\/\/schema.org\",\"@graph\":[{\"@type\":\"Article\",\"@id\":\"https:\/\/clientesbrandbits.click\/cannes-dia-8-se-entrego-la-palma-de-oro-honoraria-a-studio-ghibli\/#article\",\"isPartOf\":{\"@id\":\"https:\/\/clientesbrandbits.click\/cannes-dia-8-se-entrego-la-palma-de-oro-honoraria-a-studio-ghibli\/\"},\"author\":{\"name\":\"Francisca Romero\",\"@id\":\"https:\/\/clientesbrandbits.click\/#\/schema\/person\/fedc39f5790928deafca5719b3588db2\"},\"headline\":\"Cannes D\u00eda 7: Se entreg\u00f3 La Palma de Oro Honoraria a Studio Ghibli\",\"datePublished\":\"2024-05-20T16:51:48+00:00\",\"dateModified\":\"2024-05-28T16:20:59+00:00\",\"mainEntityOfPage\":{\"@id\":\"https:\/\/clientesbrandbits.click\/cannes-dia-8-se-entrego-la-palma-de-oro-honoraria-a-studio-ghibli\/\"},\"wordCount\":442,\"publisher\":{\"@id\":\"https:\/\/clientesbrandbits.click\/#organization\"},\"image\":{\"@id\":\"https:\/\/clientesbrandbits.click\/cannes-dia-8-se-entrego-la-palma-de-oro-honoraria-a-studio-ghibli\/#primaryimage\"},\"thumbnailUrl\":\"https:\/\/clientesbrandbits.click\/wp-content\/uploads\/2024\/05\/el-estudio-de-animacion-japones-ghibli-recibe-la-palma-de-oro-honorifica-en-cannes.jpg\",\"keywords\":[\"festival de cannes\",\"Studio Ghibli\"],\"articleSection\":[\"Festivales de Cine\",\"Films\"],\"inLanguage\":\"es\"},{\"@type\":\"WebPage\",\"@id\":\"https:\/\/clientesbrandbits.click\/cannes-dia-8-se-entrego-la-palma-de-oro-honoraria-a-studio-ghibli\/\",\"url\":\"https:\/\/clientesbrandbits.click\/cannes-dia-8-se-entrego-la-palma-de-oro-honoraria-a-studio-ghibli\/\",\"name\":\"Cannes D\u00eda 7: Se entreg\u00f3 La Palma de Oro Honoraria a Studio Ghibli - Spanglish Cinema\",\"isPartOf\":{\"@id\":\"https:\/\/clientesbrandbits.click\/#website\"},\"primaryImageOfPage\":{\"@id\":\"https:\/\/clientesbrandbits.click\/cannes-dia-8-se-entrego-la-palma-de-oro-honoraria-a-studio-ghibli\/#primaryimage\"},\"image\":{\"@id\":\"https:\/\/clientesbrandbits.click\/cannes-dia-8-se-entrego-la-palma-de-oro-honoraria-a-studio-ghibli\/#primaryimage\"},\"thumbnailUrl\":\"https:\/\/clientesbrandbits.click\/wp-content\/uploads\/2024\/05\/el-estudio-de-animacion-japones-ghibli-recibe-la-palma-de-oro-honorifica-en-cannes.jpg\",\"datePublished\":\"2024-05-20T16:51:48+00:00\",\"dateModified\":\"2024-05-28T16:20:59+00:00\",\"description\":\"A sala repleta y con una ovaci\u00f3n gigantesca el delegado general del Festival de Cannes, Thierry Fr\u00e9maux present\u00f3 el clip de la recopilaci\u00f3n de Studio Ghibli, como se suele hacer en todo Rendez-Vouz u ocasiones especiales en Cannes y tambi\u00e9n, a Goro Miyasaki quien recibi\u00f3 un aplauso de pie que se extendi\u00f3 por m\u00e1s de cinco minutos y donde visiblemente se emociona con lo que est\u00e1 pasando en el lugar.\",\"breadcrumb\":{\"@id\":\"https:\/\/clientesbrandbits.click\/cannes-dia-8-se-entrego-la-palma-de-oro-honoraria-a-studio-ghibli\/#breadcrumb\"},\"inLanguage\":\"es\",\"potentialAction\":[{\"@type\":\"ReadAction\",\"target\":[\"https:\/\/clientesbrandbits.click\/cannes-dia-8-se-entrego-la-palma-de-oro-honoraria-a-studio-ghibli\/\"]}]},{\"@type\":\"ImageObject\",\"inLanguage\":\"es\",\"@id\":\"https:\/\/clientesbrandbits.click\/cannes-dia-8-se-entrego-la-palma-de-oro-honoraria-a-studio-ghibli\/#primaryimage\",\"url\":\"https:\/\/clientesbrandbits.click\/wp-content\/uploads\/2024\/05\/el-estudio-de-animacion-japones-ghibli-recibe-la-palma-de-oro-honorifica-en-cannes.jpg\",\"contentUrl\":\"https:\/\/clientesbrandbits.click\/wp-content\/uploads\/2024\/05\/el-estudio-de-animacion-japones-ghibli-recibe-la-palma-de-oro-honorifica-en-cannes.jpg\",\"width\":1280,\"height\":720},{\"@type\":\"BreadcrumbList\",\"@id\":\"https:\/\/clientesbrandbits.click\/cannes-dia-8-se-entrego-la-palma-de-oro-honoraria-a-studio-ghibli\/#breadcrumb\",\"itemListElement\":[{\"@type\":\"ListItem\",\"position\":1,\"name\":\"Portada\",\"item\":\"https:\/\/clientesbrandbits.click\/\"},{\"@type\":\"ListItem\",\"position\":2,\"name\":\"Cannes D\u00eda 7: Se entreg\u00f3 La Palma de Oro Honoraria a Studio Ghibli\"}]},{\"@type\":\"WebSite\",\"@id\":\"https:\/\/clientesbrandbits.click\/#website\",\"url\":\"https:\/\/clientesbrandbits.click\/\",\"name\":\"Spanglish Cinema\",\"description\":\"\",\"publisher\":{\"@id\":\"https:\/\/clientesbrandbits.click\/#organization\"},\"potentialAction\":[{\"@type\":\"SearchAction\",\"target\":{\"@type\":\"EntryPoint\",\"urlTemplate\":\"https:\/\/clientesbrandbits.click\/?s={search_term_string}\"},\"query-input\":\"required name=search_term_string\"}],\"inLanguage\":\"es\"},{\"@type\":\"Organization\",\"@id\":\"https:\/\/clientesbrandbits.click\/#organization\",\"name\":\"Spanglish Cinema\",\"url\":\"https:\/\/clientesbrandbits.click\/\",\"logo\":{\"@type\":\"ImageObject\",\"inLanguage\":\"es\",\"@id\":\"https:\/\/clientesbrandbits.click\/#\/schema\/logo\/image\/\",\"url\":\"https:\/\/clientesbrandbits.click\/wp-content\/uploads\/2024\/03\/spanglish_cinema.png\",\"contentUrl\":\"https:\/\/clientesbrandbits.click\/wp-content\/uploads\/2024\/03\/spanglish_cinema.png\",\"width\":612,\"height\":225,\"caption\":\"Spanglish Cinema\"},\"image\":{\"@id\":\"https:\/\/clientesbrandbits.click\/#\/schema\/logo\/image\/\"}},{\"@type\":\"Person\",\"@id\":\"https:\/\/clientesbrandbits.click\/#\/schema\/person\/fedc39f5790928deafca5719b3588db2\",\"name\":\"Francisca Romero\",\"image\":{\"@type\":\"ImageObject\",\"inLanguage\":\"es\",\"@id\":\"https:\/\/clientesbrandbits.click\/#\/schema\/person\/image\/\",\"url\":\"https:\/\/secure.gravatar.com\/avatar\/59bbcac6a15502dc7740d8ba94724e62?s=96&d=mm&r=g\",\"contentUrl\":\"https:\/\/secure.gravatar.com\/avatar\/59bbcac6a15502dc7740d8ba94724e62?s=96&d=mm&r=g\",\"caption\":\"Francisca Romero\"},\"url\":\"https:\/\/clientesbrandbits.click\/es\/author\/francisca-romero\/\"}]}<\/script>\n<!-- \/ Yoast SEO plugin. -->","yoast_head_json":{"title":"Cannes D\u00eda 7: Se entreg\u00f3 La Palma de Oro Honoraria a Studio Ghibli - Spanglish Cinema","description":"A sala repleta y con una ovaci\u00f3n gigantesca el delegado general del Festival de Cannes, Thierry Fr\u00e9maux present\u00f3 el clip de la recopilaci\u00f3n de Studio Ghibli, como se suele hacer en todo Rendez-Vouz u ocasiones especiales en Cannes y tambi\u00e9n, a Goro Miyasaki quien recibi\u00f3 un aplauso de pie que se extendi\u00f3 por m\u00e1s de cinco minutos y donde visiblemente se emociona con lo que est\u00e1 pasando en el lugar.","robots":{"index":"index","follow":"follow","max-snippet":"max-snippet:-1","max-image-preview":"max-image-preview:large","max-video-preview":"max-video-preview:-1"},"canonical":"https:\/\/clientesbrandbits.click\/es\/cannes-dia-8-se-entrego-la-palma-de-oro-honoraria-a-studio-ghibli\/","og_locale":"es_ES","og_type":"article","og_title":"Cannes D\u00eda 7: Se entreg\u00f3 La Palma de Oro Honoraria a Studio Ghibli - Spanglish Cinema","og_description":"A sala repleta y con una ovaci\u00f3n gigantesca el delegado general del Festival de Cannes, Thierry Fr\u00e9maux present\u00f3 el clip de la recopilaci\u00f3n de Studio Ghibli, como se suele hacer en todo Rendez-Vouz u ocasiones especiales en Cannes y tambi\u00e9n, a Goro Miyasaki quien recibi\u00f3 un aplauso de pie que se extendi\u00f3 por m\u00e1s de cinco minutos y donde visiblemente se emociona con lo que est\u00e1 pasando en el lugar.","og_url":"https:\/\/clientesbrandbits.click\/es\/cannes-dia-8-se-entrego-la-palma-de-oro-honoraria-a-studio-ghibli\/","og_site_name":"Spanglish Cinema","article_published_time":"2024-05-20T16:51:48+00:00","article_modified_time":"2024-05-28T16:20:59+00:00","og_image":[{"width":1280,"height":720,"url":"https:\/\/clientesbrandbits.click\/wp-content\/uploads\/2024\/05\/el-estudio-de-animacion-japones-ghibli-recibe-la-palma-de-oro-honorifica-en-cannes.jpg","type":"image\/jpeg"}],"author":"Francisca Romero","twitter_card":"summary_large_image","twitter_misc":{"Escrito por":"Francisca Romero","Tiempo de lectura":"3 minutos"},"schema":{"@context":"https:\/\/schema.org","@graph":[{"@type":"Article","@id":"https:\/\/clientesbrandbits.click\/cannes-dia-8-se-entrego-la-palma-de-oro-honoraria-a-studio-ghibli\/#article","isPartOf":{"@id":"https:\/\/clientesbrandbits.click\/cannes-dia-8-se-entrego-la-palma-de-oro-honoraria-a-studio-ghibli\/"},"author":{"name":"Francisca Romero","@id":"https:\/\/clientesbrandbits.click\/#\/schema\/person\/fedc39f5790928deafca5719b3588db2"},"headline":"Cannes D\u00eda 7: Se entreg\u00f3 La Palma de Oro Honoraria a Studio Ghibli","datePublished":"2024-05-20T16:51:48+00:00","dateModified":"2024-05-28T16:20:59+00:00","mainEntityOfPage":{"@id":"https:\/\/clientesbrandbits.click\/cannes-dia-8-se-entrego-la-palma-de-oro-honoraria-a-studio-ghibli\/"},"wordCount":442,"publisher":{"@id":"https:\/\/clientesbrandbits.click\/#organization"},"image":{"@id":"https:\/\/clientesbrandbits.click\/cannes-dia-8-se-entrego-la-palma-de-oro-honoraria-a-studio-ghibli\/#primaryimage"},"thumbnailUrl":"https:\/\/clientesbrandbits.click\/wp-content\/uploads\/2024\/05\/el-estudio-de-animacion-japones-ghibli-recibe-la-palma-de-oro-honorifica-en-cannes.jpg","keywords":["festival de cannes","Studio Ghibli"],"articleSection":["Festivales de Cine","Films"],"inLanguage":"es"},{"@type":"WebPage","@id":"https:\/\/clientesbrandbits.click\/cannes-dia-8-se-entrego-la-palma-de-oro-honoraria-a-studio-ghibli\/","url":"https:\/\/clientesbrandbits.click\/cannes-dia-8-se-entrego-la-palma-de-oro-honoraria-a-studio-ghibli\/","name":"Cannes D\u00eda 7: Se entreg\u00f3 La Palma de Oro Honoraria a Studio Ghibli - Spanglish Cinema","isPartOf":{"@id":"https:\/\/clientesbrandbits.click\/#website"},"primaryImageOfPage":{"@id":"https:\/\/clientesbrandbits.click\/cannes-dia-8-se-entrego-la-palma-de-oro-honoraria-a-studio-ghibli\/#primaryimage"},"image":{"@id":"https:\/\/clientesbrandbits.click\/cannes-dia-8-se-entrego-la-palma-de-oro-honoraria-a-studio-ghibli\/#primaryimage"},"thumbnailUrl":"https:\/\/clientesbrandbits.click\/wp-content\/uploads\/2024\/05\/el-estudio-de-animacion-japones-ghibli-recibe-la-palma-de-oro-honorifica-en-cannes.jpg","datePublished":"2024-05-20T16:51:48+00:00","dateModified":"2024-05-28T16:20:59+00:00","description":"A sala repleta y con una ovaci\u00f3n gigantesca el delegado general del Festival de Cannes, Thierry Fr\u00e9maux present\u00f3 el clip de la recopilaci\u00f3n de Studio Ghibli, como se suele hacer en todo Rendez-Vouz u ocasiones especiales en Cannes y tambi\u00e9n, a Goro Miyasaki quien recibi\u00f3 un aplauso de pie que se extendi\u00f3 por m\u00e1s de cinco minutos y donde visiblemente se emociona con lo que est\u00e1 pasando en el lugar.","breadcrumb":{"@id":"https:\/\/clientesbrandbits.click\/cannes-dia-8-se-entrego-la-palma-de-oro-honoraria-a-studio-ghibli\/#breadcrumb"},"inLanguage":"es","potentialAction":[{"@type":"ReadAction","target":["https:\/\/clientesbrandbits.click\/cannes-dia-8-se-entrego-la-palma-de-oro-honoraria-a-studio-ghibli\/"]}]},{"@type":"ImageObject","inLanguage":"es","@id":"https:\/\/clientesbrandbits.click\/cannes-dia-8-se-entrego-la-palma-de-oro-honoraria-a-studio-ghibli\/#primaryimage","url":"https:\/\/clientesbrandbits.click\/wp-content\/uploads\/2024\/05\/el-estudio-de-animacion-japones-ghibli-recibe-la-palma-de-oro-honorifica-en-cannes.jpg","contentUrl":"https:\/\/clientesbrandbits.click\/wp-content\/uploads\/2024\/05\/el-estudio-de-animacion-japones-ghibli-recibe-la-palma-de-oro-honorifica-en-cannes.jpg","width":1280,"height":720},{"@type":"BreadcrumbList","@id":"https:\/\/clientesbrandbits.click\/cannes-dia-8-se-entrego-la-palma-de-oro-honoraria-a-studio-ghibli\/#breadcrumb","itemListElement":[{"@type":"ListItem","position":1,"name":"Portada","item":"https:\/\/clientesbrandbits.click\/"},{"@type":"ListItem","position":2,"name":"Cannes D\u00eda 7: Se entreg\u00f3 La Palma de Oro Honoraria a Studio Ghibli"}]},{"@type":"WebSite","@id":"https:\/\/clientesbrandbits.click\/#website","url":"https:\/\/clientesbrandbits.click\/","name":"Spanglish Cinema","description":"","publisher":{"@id":"https:\/\/clientesbrandbits.click\/#organization"},"potentialAction":[{"@type":"SearchAction","target":{"@type":"EntryPoint","urlTemplate":"https:\/\/clientesbrandbits.click\/?s={search_term_string}"},"query-input":"required name=search_term_string"}],"inLanguage":"es"},{"@type":"Organization","@id":"https:\/\/clientesbrandbits.click\/#organization","name":"Spanglish Cinema","url":"https:\/\/clientesbrandbits.click\/","logo":{"@type":"ImageObject","inLanguage":"es","@id":"https:\/\/clientesbrandbits.click\/#\/schema\/logo\/image\/","url":"https:\/\/clientesbrandbits.click\/wp-content\/uploads\/2024\/03\/spanglish_cinema.png","contentUrl":"https:\/\/clientesbrandbits.click\/wp-content\/uploads\/2024\/03\/spanglish_cinema.png","width":612,"height":225,"caption":"Spanglish Cinema"},"image":{"@id":"https:\/\/clientesbrandbits.click\/#\/schema\/logo\/image\/"}},{"@type":"Person","@id":"https:\/\/clientesbrandbits.click\/#\/schema\/person\/fedc39f5790928deafca5719b3588db2","name":"Francisca Romero","image":{"@type":"ImageObject","inLanguage":"es","@id":"https:\/\/clientesbrandbits.click\/#\/schema\/person\/image\/","url":"https:\/\/secure.gravatar.com\/avatar\/59bbcac6a15502dc7740d8ba94724e62?s=96&d=mm&r=g","contentUrl":"https:\/\/secure.gravatar.com\/avatar\/59bbcac6a15502dc7740d8ba94724e62?s=96&d=mm&r=g","caption":"Francisca Romero"},"url":"https:\/\/clientesbrandbits.click\/es\/author\/francisca-romero\/"}]}},"_links":{"self":[{"href":"https:\/\/clientesbrandbits.click\/es\/wp-json\/wp\/v2\/posts\/1456"}],"collection":[{"href":"https:\/\/clientesbrandbits.click\/es\/wp-json\/wp\/v2\/posts"}],"about":[{"href":"https:\/\/clientesbrandbits.click\/es\/wp-json\/wp\/v2\/types\/post"}],"author":[{"embeddable":true,"href":"https:\/\/clientesbrandbits.click\/es\/wp-json\/wp\/v2\/users\/2"}],"replies":[{"embeddable":true,"href":"https:\/\/clientesbrandbits.click\/es\/wp-json\/wp\/v2\/comments?post=1456"}],"version-history":[{"count":4,"href":"https:\/\/clientesbrandbits.click\/es\/wp-json\/wp\/v2\/posts\/1456\/revisions"}],"predecessor-version":[{"id":1551,"href":"https:\/\/clientesbrandbits.click\/es\/wp-json\/wp\/v2\/posts\/1456\/revisions\/1551"}],"wp:featuredmedia":[{"embeddable":true,"href":"https:\/\/clientesbrandbits.click\/es\/wp-json\/wp\/v2\/media\/1459"}],"wp:attachment":[{"href":"https:\/\/clientesbrandbits.click\/es\/wp-json\/wp\/v2\/media?parent=1456"}],"wp:term":[{"taxonomy":"category","embeddable":true,"href":"https:\/\/clientesbrandbits.click\/es\/wp-json\/wp\/v2\/categories?post=1456"},{"taxonomy":"post_tag","embeddable":true,"href":"https:\/\/clientesbrandbits.click\/es\/wp-json\/wp\/v2\/tags?post=1456"}],"curies":[{"name":"wp","href":"https:\/\/api.w.org\/{rel}","templated":true}]}}