{"id":1434,"date":"2024-05-29T11:47:27","date_gmt":"2024-05-29T15:47:27","guid":{"rendered":"https:\/\/clientesbrandbits.click\/?p=1434"},"modified":"2024-05-29T11:47:27","modified_gmt":"2024-05-29T15:47:27","slug":"cineteca-nacional-exhibira-retrospectiva-de-pedro-chaskel","status":"publish","type":"post","link":"https:\/\/clientesbrandbits.click\/es\/cineteca-nacional-exhibira-retrospectiva-de-pedro-chaskel\/","title":{"rendered":"Cineteca Nacional exhibir\u00e1 retrospectiva de Pedro Chaskel"},"content":{"rendered":"<p style=\"text-align: justify;\">La <strong>Cineteca Nacional<\/strong>\u00a0dedica una retrospectiva a\u00a0<strong>Pedro Chaskel<\/strong>, uno de los precursores del\u00a0<strong>Nuevo Cine Chileno<\/strong>. El ciclo comienza el lunes 20 de mayo, a las 19 horas, con <strong>Una foto recorre el mundo<\/strong>\u00a0(1981), seguida de\u00a0<strong>Los ojos de mi pap\u00e1<\/strong>\u00a0(1979). Son diez documentales en total, filmados en el extranjero y en Chile, entre los que tambi\u00e9n se cuentan:\u00a0<strong>Aborto<\/strong>\u00a0(1965) y\u00a0<strong>Venceremos\u00a0<\/strong>(1970), realizada con H\u00e9ctor R\u00edos; y Somos + (1986), dirigida con Pablo Salas.<\/p>\n<p style=\"text-align: justify;\">Documentalista y montajista, entre otros, de\u00a0<strong>La batalla de Chile\u00a0<\/strong>(1975), de Patricio Guzm\u00e1n, Chaskel fue fundador e integrante de la Cineteca de la Universidad de Chile, acad\u00e9mico y director del departamento de Cine de esa casa universitaria. Desde ah\u00ed promovi\u00f3 la b\u00fasqueda de un cine que reflejara los conflictos sociales de su \u00e9poca y form\u00f3 a nuevas generaciones de realizadores, entre los que se contaron Ra\u00fal Ruiz y Miguel Littin.<\/p>\n<p style=\"text-align: justify;\">Nacido en Alemania, en el seno\u00a0de una familia jud\u00eda que arrib\u00f3 a Chile a comienzos de la Segunda Guerra Mundial, cuando \u00e9l ten\u00eda seis a\u00f1os, Chaskel vivi\u00f3 primero en Valpara\u00edso y luego en Santiago. Junto con Sergio Bravo, quien hab\u00eda creado el Instituto F\u00edlmico en la Universidad Cat\u00f3lica, cofund\u00f3, en 1954, el Cine Club de la Federaci\u00f3n de Estudiantes de la U de Chile que, posteriormente, pasar\u00eda a llamarse Centro de Cine Experimental. Poco despu\u00e9s conoci\u00f3 a Naum Kramarenco, que era director, publicista y corresponsal de Hollywood. Y, como su asistente, aprendi\u00f3 los aspectos t\u00e9cnicos del oficio cinematogr\u00e1fico.<\/p>\n<p style=\"text-align: justify;\">Chaskel,\u00a0quien falleci\u00f3 en febrero pasado, a los 91 a\u00f1os,\u00a0dirigi\u00f3 igualmente la revista S\u00e9ptimo Arte, que conten\u00eda cr\u00edticas, rese\u00f1as y tendencias del cine. En 1964, hizo su primer documental,\u00a0<strong>Aqu\u00ed vivieron<\/strong>. El golpe de Estado de 1973 lo sorprendi\u00f3 en las dependencias de Cine de la universidad, que se encontraba en calle Amun\u00e1tegui, a pocos pasos de La Moneda. Desde el departamento de un amigo, film\u00f3 uno de los escasos registros del asalto al palacio,\u00a0con una c\u00e1mara de 16 mil\u00edmetros. Luego estuvo exiliado en Cuba.<\/p>\n<p>Entre los galardones que recibi\u00f3 figuran: la Orden al m\u00e9rito art\u00edstico y cultural \u2018Pablo Neruda\u2019, Consejo Nacional de la Cultura y las Artes del Gobierno de Chile (2005), la Medalla Rectoral de la Universidad de Chile (2006), el Premio Altazor por su contribuci\u00f3n al arte cinematogr\u00e1fico (2009 y el Premio Pedro Sienna a la trayectoria cinematogr\u00e1fica del Consejo Nacional de la Cultura y las Artes del Gobierno de Chile (2009).<\/p>\n<p>Cartelera completa en:\u00a0<a href=\"http:\/\/cinetecanacional.cl\/\" data-saferedirecturl=\"https:\/\/www.google.com\/url?q=http:\/\/cinetecanacional.cl&amp;source=gmail&amp;ust=1716313672962000&amp;usg=AOvVaw1mZXOJz3u4v0XzuZa98-2y\">cinetecanacional.cl<\/a><\/p>\n<p><b>Coordenadas<\/b><\/p>\n<p><b>Retrospectiva Pedro Chaskel<\/b><\/p>\n<p>20-24 de mayo | Cineteca Nacional (nivel -2) | Centro Cultural La Moneda.<\/p>\n","protected":false},"excerpt":{"rendered":"<p>La Cineteca Nacional\u00a0dedica una retrospectiva a\u00a0Pedro Chaskel, uno de los precursores del\u00a0Nuevo Cine Chileno. El ciclo comienza el lunes 20 de mayo, a las 19 horas, con Una foto recorre el mundo\u00a0(1981), seguida de\u00a0Los ojos de mi pap\u00e1\u00a0(1979). Son diez &#8230; <a title=\"Cineteca Nacional exhibir\u00e1 retrospectiva de Pedro Chaskel\" class=\"read-more\" href=\"https:\/\/clientesbrandbits.click\/es\/cineteca-nacional-exhibira-retrospectiva-de-pedro-chaskel\/\" aria-label=\"Leer m\u00e1s sobre Cineteca Nacional exhibir\u00e1 retrospectiva de Pedro Chaskel\">Leer M\u00e1s<\/a><\/p>\n","protected":false},"author":5,"featured_media":1435,"comment_status":"closed","ping_status":"closed","sticky":false,"template":"","format":"standard","meta":{"_joinchat":[],"footnotes":""},"categories":[10],"tags":[],"class_list":["post-1434","post","type-post","status-publish","format-standard","has-post-thumbnail","hentry","category-films","infinite-scroll-item"],"yoast_head":"<!-- This site is optimized with the Yoast SEO plugin v22.8 - https:\/\/yoast.com\/wordpress\/plugins\/seo\/ -->\n<title>Cineteca Nacional exhibir\u00e1 retrospectiva de Pedro Chaskel - Spanglish Cinema<\/title>\n<meta name=\"description\" content=\"La Cineteca Nacional\u00a0dedica una retrospectiva a\u00a0Pedro Chaskel, uno de los precursores del\u00a0Nuevo Cine Chileno. El ciclo comienza el lunes 20 de mayo, a las 19 horas, con Una foto recorre el mundo\u00a0(1981), seguida de\u00a0Los ojos de mi pap\u00e1\u00a0(1979). Son diez documentales en total, filmados en el extranjero y en Chile, entre los que tambi\u00e9n se cuentan:\u00a0Aborto\u00a0(1965) y\u00a0Venceremos\u00a0(1970), realizada con H\u00e9ctor R\u00edos; y Somos + (1986), dirigida con Pablo Salas.\" \/>\n<meta name=\"robots\" content=\"index, follow, max-snippet:-1, max-image-preview:large, max-video-preview:-1\" \/>\n<link rel=\"canonical\" href=\"https:\/\/clientesbrandbits.click\/es\/cineteca-nacional-exhibira-retrospectiva-de-pedro-chaskel\/\" \/>\n<meta property=\"og:locale\" content=\"es_ES\" \/>\n<meta property=\"og:type\" content=\"article\" \/>\n<meta property=\"og:title\" content=\"Cineteca Nacional exhibir\u00e1 retrospectiva de Pedro Chaskel - Spanglish Cinema\" \/>\n<meta property=\"og:description\" content=\"La Cineteca Nacional\u00a0dedica una retrospectiva a\u00a0Pedro Chaskel, uno de los precursores del\u00a0Nuevo Cine Chileno. El ciclo comienza el lunes 20 de mayo, a las 19 horas, con Una foto recorre el mundo\u00a0(1981), seguida de\u00a0Los ojos de mi pap\u00e1\u00a0(1979). Son diez documentales en total, filmados en el extranjero y en Chile, entre los que tambi\u00e9n se cuentan:\u00a0Aborto\u00a0(1965) y\u00a0Venceremos\u00a0(1970), realizada con H\u00e9ctor R\u00edos; y Somos + (1986), dirigida con Pablo Salas.\" \/>\n<meta property=\"og:url\" content=\"https:\/\/clientesbrandbits.click\/es\/cineteca-nacional-exhibira-retrospectiva-de-pedro-chaskel\/\" \/>\n<meta property=\"og:site_name\" content=\"Spanglish Cinema\" \/>\n<meta property=\"article:published_time\" content=\"2024-05-29T15:47:27+00:00\" \/>\n<meta property=\"og:image\" content=\"https:\/\/clientesbrandbits.click\/wp-content\/uploads\/2024\/05\/PEDRO-CHASKEL.jpg\" \/>\n\t<meta property=\"og:image:width\" content=\"1280\" \/>\n\t<meta property=\"og:image:height\" content=\"720\" \/>\n\t<meta property=\"og:image:type\" content=\"image\/jpeg\" \/>\n<meta name=\"author\" content=\"Elizabeth Salazar\" \/>\n<meta name=\"twitter:card\" content=\"summary_large_image\" \/>\n<meta name=\"twitter:label1\" content=\"Escrito por\" \/>\n\t<meta name=\"twitter:data1\" content=\"Elizabeth Salazar\" \/>\n\t<meta name=\"twitter:label2\" content=\"Tiempo de lectura\" \/>\n\t<meta name=\"twitter:data2\" content=\"3 minutos\" \/>\n<script type=\"application\/ld+json\" class=\"yoast-schema-graph\">{\"@context\":\"https:\/\/schema.org\",\"@graph\":[{\"@type\":\"Article\",\"@id\":\"https:\/\/clientesbrandbits.click\/cineteca-nacional-exhibira-retrospectiva-de-pedro-chaskel\/#article\",\"isPartOf\":{\"@id\":\"https:\/\/clientesbrandbits.click\/cineteca-nacional-exhibira-retrospectiva-de-pedro-chaskel\/\"},\"author\":{\"name\":\"Elizabeth Salazar\",\"@id\":\"https:\/\/clientesbrandbits.click\/#\/schema\/person\/3582a766d1bd629325b8cb5e303f4963\"},\"headline\":\"Cineteca Nacional exhibir\u00e1 retrospectiva de Pedro Chaskel\",\"datePublished\":\"2024-05-29T15:47:27+00:00\",\"dateModified\":\"2024-05-29T15:47:27+00:00\",\"mainEntityOfPage\":{\"@id\":\"https:\/\/clientesbrandbits.click\/cineteca-nacional-exhibira-retrospectiva-de-pedro-chaskel\/\"},\"wordCount\":447,\"publisher\":{\"@id\":\"https:\/\/clientesbrandbits.click\/#organization\"},\"image\":{\"@id\":\"https:\/\/clientesbrandbits.click\/cineteca-nacional-exhibira-retrospectiva-de-pedro-chaskel\/#primaryimage\"},\"thumbnailUrl\":\"https:\/\/clientesbrandbits.click\/wp-content\/uploads\/2024\/05\/PEDRO-CHASKEL.jpg\",\"articleSection\":[\"Films\"],\"inLanguage\":\"es\"},{\"@type\":\"WebPage\",\"@id\":\"https:\/\/clientesbrandbits.click\/cineteca-nacional-exhibira-retrospectiva-de-pedro-chaskel\/\",\"url\":\"https:\/\/clientesbrandbits.click\/cineteca-nacional-exhibira-retrospectiva-de-pedro-chaskel\/\",\"name\":\"Cineteca Nacional exhibir\u00e1 retrospectiva de Pedro Chaskel - Spanglish Cinema\",\"isPartOf\":{\"@id\":\"https:\/\/clientesbrandbits.click\/#website\"},\"primaryImageOfPage\":{\"@id\":\"https:\/\/clientesbrandbits.click\/cineteca-nacional-exhibira-retrospectiva-de-pedro-chaskel\/#primaryimage\"},\"image\":{\"@id\":\"https:\/\/clientesbrandbits.click\/cineteca-nacional-exhibira-retrospectiva-de-pedro-chaskel\/#primaryimage\"},\"thumbnailUrl\":\"https:\/\/clientesbrandbits.click\/wp-content\/uploads\/2024\/05\/PEDRO-CHASKEL.jpg\",\"datePublished\":\"2024-05-29T15:47:27+00:00\",\"dateModified\":\"2024-05-29T15:47:27+00:00\",\"description\":\"La Cineteca Nacional\u00a0dedica una retrospectiva a\u00a0Pedro Chaskel, uno de los precursores del\u00a0Nuevo Cine Chileno. El ciclo comienza el lunes 20 de mayo, a las 19 horas, con Una foto recorre el mundo\u00a0(1981), seguida de\u00a0Los ojos de mi pap\u00e1\u00a0(1979). Son diez documentales en total, filmados en el extranjero y en Chile, entre los que tambi\u00e9n se cuentan:\u00a0Aborto\u00a0(1965) y\u00a0Venceremos\u00a0(1970), realizada con H\u00e9ctor R\u00edos; y Somos + (1986), dirigida con Pablo Salas.\",\"breadcrumb\":{\"@id\":\"https:\/\/clientesbrandbits.click\/cineteca-nacional-exhibira-retrospectiva-de-pedro-chaskel\/#breadcrumb\"},\"inLanguage\":\"es\",\"potentialAction\":[{\"@type\":\"ReadAction\",\"target\":[\"https:\/\/clientesbrandbits.click\/cineteca-nacional-exhibira-retrospectiva-de-pedro-chaskel\/\"]}]},{\"@type\":\"ImageObject\",\"inLanguage\":\"es\",\"@id\":\"https:\/\/clientesbrandbits.click\/cineteca-nacional-exhibira-retrospectiva-de-pedro-chaskel\/#primaryimage\",\"url\":\"https:\/\/clientesbrandbits.click\/wp-content\/uploads\/2024\/05\/PEDRO-CHASKEL.jpg\",\"contentUrl\":\"https:\/\/clientesbrandbits.click\/wp-content\/uploads\/2024\/05\/PEDRO-CHASKEL.jpg\",\"width\":1280,\"height\":720},{\"@type\":\"BreadcrumbList\",\"@id\":\"https:\/\/clientesbrandbits.click\/cineteca-nacional-exhibira-retrospectiva-de-pedro-chaskel\/#breadcrumb\",\"itemListElement\":[{\"@type\":\"ListItem\",\"position\":1,\"name\":\"Portada\",\"item\":\"https:\/\/clientesbrandbits.click\/\"},{\"@type\":\"ListItem\",\"position\":2,\"name\":\"Cineteca Nacional exhibir\u00e1 retrospectiva de Pedro Chaskel\"}]},{\"@type\":\"WebSite\",\"@id\":\"https:\/\/clientesbrandbits.click\/#website\",\"url\":\"https:\/\/clientesbrandbits.click\/\",\"name\":\"Spanglish Cinema\",\"description\":\"\",\"publisher\":{\"@id\":\"https:\/\/clientesbrandbits.click\/#organization\"},\"potentialAction\":[{\"@type\":\"SearchAction\",\"target\":{\"@type\":\"EntryPoint\",\"urlTemplate\":\"https:\/\/clientesbrandbits.click\/?s={search_term_string}\"},\"query-input\":\"required name=search_term_string\"}],\"inLanguage\":\"es\"},{\"@type\":\"Organization\",\"@id\":\"https:\/\/clientesbrandbits.click\/#organization\",\"name\":\"Spanglish Cinema\",\"url\":\"https:\/\/clientesbrandbits.click\/\",\"logo\":{\"@type\":\"ImageObject\",\"inLanguage\":\"es\",\"@id\":\"https:\/\/clientesbrandbits.click\/#\/schema\/logo\/image\/\",\"url\":\"https:\/\/clientesbrandbits.click\/wp-content\/uploads\/2024\/03\/spanglish_cinema.png\",\"contentUrl\":\"https:\/\/clientesbrandbits.click\/wp-content\/uploads\/2024\/03\/spanglish_cinema.png\",\"width\":612,\"height\":225,\"caption\":\"Spanglish Cinema\"},\"image\":{\"@id\":\"https:\/\/clientesbrandbits.click\/#\/schema\/logo\/image\/\"}},{\"@type\":\"Person\",\"@id\":\"https:\/\/clientesbrandbits.click\/#\/schema\/person\/3582a766d1bd629325b8cb5e303f4963\",\"name\":\"Elizabeth Salazar\",\"image\":{\"@type\":\"ImageObject\",\"inLanguage\":\"es\",\"@id\":\"https:\/\/clientesbrandbits.click\/#\/schema\/person\/image\/\",\"url\":\"https:\/\/secure.gravatar.com\/avatar\/ddf69a5ddae2a61929dd4e305eb31658?s=96&d=mm&r=g\",\"contentUrl\":\"https:\/\/secure.gravatar.com\/avatar\/ddf69a5ddae2a61929dd4e305eb31658?s=96&d=mm&r=g\",\"caption\":\"Elizabeth Salazar\"},\"url\":\"https:\/\/clientesbrandbits.click\/es\/author\/elizabeth-salazar\/\"}]}<\/script>\n<!-- \/ Yoast SEO plugin. -->","yoast_head_json":{"title":"Cineteca Nacional exhibir\u00e1 retrospectiva de Pedro Chaskel - Spanglish Cinema","description":"La Cineteca Nacional\u00a0dedica una retrospectiva a\u00a0Pedro Chaskel, uno de los precursores del\u00a0Nuevo Cine Chileno. El ciclo comienza el lunes 20 de mayo, a las 19 horas, con Una foto recorre el mundo\u00a0(1981), seguida de\u00a0Los ojos de mi pap\u00e1\u00a0(1979). Son diez documentales en total, filmados en el extranjero y en Chile, entre los que tambi\u00e9n se cuentan:\u00a0Aborto\u00a0(1965) y\u00a0Venceremos\u00a0(1970), realizada con H\u00e9ctor R\u00edos; y Somos + (1986), dirigida con Pablo Salas.","robots":{"index":"index","follow":"follow","max-snippet":"max-snippet:-1","max-image-preview":"max-image-preview:large","max-video-preview":"max-video-preview:-1"},"canonical":"https:\/\/clientesbrandbits.click\/es\/cineteca-nacional-exhibira-retrospectiva-de-pedro-chaskel\/","og_locale":"es_ES","og_type":"article","og_title":"Cineteca Nacional exhibir\u00e1 retrospectiva de Pedro Chaskel - Spanglish Cinema","og_description":"La Cineteca Nacional\u00a0dedica una retrospectiva a\u00a0Pedro Chaskel, uno de los precursores del\u00a0Nuevo Cine Chileno. El ciclo comienza el lunes 20 de mayo, a las 19 horas, con Una foto recorre el mundo\u00a0(1981), seguida de\u00a0Los ojos de mi pap\u00e1\u00a0(1979). Son diez documentales en total, filmados en el extranjero y en Chile, entre los que tambi\u00e9n se cuentan:\u00a0Aborto\u00a0(1965) y\u00a0Venceremos\u00a0(1970), realizada con H\u00e9ctor R\u00edos; y Somos + (1986), dirigida con Pablo Salas.","og_url":"https:\/\/clientesbrandbits.click\/es\/cineteca-nacional-exhibira-retrospectiva-de-pedro-chaskel\/","og_site_name":"Spanglish Cinema","article_published_time":"2024-05-29T15:47:27+00:00","og_image":[{"width":1280,"height":720,"url":"https:\/\/clientesbrandbits.click\/wp-content\/uploads\/2024\/05\/PEDRO-CHASKEL.jpg","type":"image\/jpeg"}],"author":"Elizabeth Salazar","twitter_card":"summary_large_image","twitter_misc":{"Escrito por":"Elizabeth Salazar","Tiempo de lectura":"3 minutos"},"schema":{"@context":"https:\/\/schema.org","@graph":[{"@type":"Article","@id":"https:\/\/clientesbrandbits.click\/cineteca-nacional-exhibira-retrospectiva-de-pedro-chaskel\/#article","isPartOf":{"@id":"https:\/\/clientesbrandbits.click\/cineteca-nacional-exhibira-retrospectiva-de-pedro-chaskel\/"},"author":{"name":"Elizabeth Salazar","@id":"https:\/\/clientesbrandbits.click\/#\/schema\/person\/3582a766d1bd629325b8cb5e303f4963"},"headline":"Cineteca Nacional exhibir\u00e1 retrospectiva de Pedro Chaskel","datePublished":"2024-05-29T15:47:27+00:00","dateModified":"2024-05-29T15:47:27+00:00","mainEntityOfPage":{"@id":"https:\/\/clientesbrandbits.click\/cineteca-nacional-exhibira-retrospectiva-de-pedro-chaskel\/"},"wordCount":447,"publisher":{"@id":"https:\/\/clientesbrandbits.click\/#organization"},"image":{"@id":"https:\/\/clientesbrandbits.click\/cineteca-nacional-exhibira-retrospectiva-de-pedro-chaskel\/#primaryimage"},"thumbnailUrl":"https:\/\/clientesbrandbits.click\/wp-content\/uploads\/2024\/05\/PEDRO-CHASKEL.jpg","articleSection":["Films"],"inLanguage":"es"},{"@type":"WebPage","@id":"https:\/\/clientesbrandbits.click\/cineteca-nacional-exhibira-retrospectiva-de-pedro-chaskel\/","url":"https:\/\/clientesbrandbits.click\/cineteca-nacional-exhibira-retrospectiva-de-pedro-chaskel\/","name":"Cineteca Nacional exhibir\u00e1 retrospectiva de Pedro Chaskel - Spanglish Cinema","isPartOf":{"@id":"https:\/\/clientesbrandbits.click\/#website"},"primaryImageOfPage":{"@id":"https:\/\/clientesbrandbits.click\/cineteca-nacional-exhibira-retrospectiva-de-pedro-chaskel\/#primaryimage"},"image":{"@id":"https:\/\/clientesbrandbits.click\/cineteca-nacional-exhibira-retrospectiva-de-pedro-chaskel\/#primaryimage"},"thumbnailUrl":"https:\/\/clientesbrandbits.click\/wp-content\/uploads\/2024\/05\/PEDRO-CHASKEL.jpg","datePublished":"2024-05-29T15:47:27+00:00","dateModified":"2024-05-29T15:47:27+00:00","description":"La Cineteca Nacional\u00a0dedica una retrospectiva a\u00a0Pedro Chaskel, uno de los precursores del\u00a0Nuevo Cine Chileno. El ciclo comienza el lunes 20 de mayo, a las 19 horas, con Una foto recorre el mundo\u00a0(1981), seguida de\u00a0Los ojos de mi pap\u00e1\u00a0(1979). Son diez documentales en total, filmados en el extranjero y en Chile, entre los que tambi\u00e9n se cuentan:\u00a0Aborto\u00a0(1965) y\u00a0Venceremos\u00a0(1970), realizada con H\u00e9ctor R\u00edos; y Somos + (1986), dirigida con Pablo Salas.","breadcrumb":{"@id":"https:\/\/clientesbrandbits.click\/cineteca-nacional-exhibira-retrospectiva-de-pedro-chaskel\/#breadcrumb"},"inLanguage":"es","potentialAction":[{"@type":"ReadAction","target":["https:\/\/clientesbrandbits.click\/cineteca-nacional-exhibira-retrospectiva-de-pedro-chaskel\/"]}]},{"@type":"ImageObject","inLanguage":"es","@id":"https:\/\/clientesbrandbits.click\/cineteca-nacional-exhibira-retrospectiva-de-pedro-chaskel\/#primaryimage","url":"https:\/\/clientesbrandbits.click\/wp-content\/uploads\/2024\/05\/PEDRO-CHASKEL.jpg","contentUrl":"https:\/\/clientesbrandbits.click\/wp-content\/uploads\/2024\/05\/PEDRO-CHASKEL.jpg","width":1280,"height":720},{"@type":"BreadcrumbList","@id":"https:\/\/clientesbrandbits.click\/cineteca-nacional-exhibira-retrospectiva-de-pedro-chaskel\/#breadcrumb","itemListElement":[{"@type":"ListItem","position":1,"name":"Portada","item":"https:\/\/clientesbrandbits.click\/"},{"@type":"ListItem","position":2,"name":"Cineteca Nacional exhibir\u00e1 retrospectiva de Pedro Chaskel"}]},{"@type":"WebSite","@id":"https:\/\/clientesbrandbits.click\/#website","url":"https:\/\/clientesbrandbits.click\/","name":"Spanglish Cinema","description":"","publisher":{"@id":"https:\/\/clientesbrandbits.click\/#organization"},"potentialAction":[{"@type":"SearchAction","target":{"@type":"EntryPoint","urlTemplate":"https:\/\/clientesbrandbits.click\/?s={search_term_string}"},"query-input":"required name=search_term_string"}],"inLanguage":"es"},{"@type":"Organization","@id":"https:\/\/clientesbrandbits.click\/#organization","name":"Spanglish Cinema","url":"https:\/\/clientesbrandbits.click\/","logo":{"@type":"ImageObject","inLanguage":"es","@id":"https:\/\/clientesbrandbits.click\/#\/schema\/logo\/image\/","url":"https:\/\/clientesbrandbits.click\/wp-content\/uploads\/2024\/03\/spanglish_cinema.png","contentUrl":"https:\/\/clientesbrandbits.click\/wp-content\/uploads\/2024\/03\/spanglish_cinema.png","width":612,"height":225,"caption":"Spanglish Cinema"},"image":{"@id":"https:\/\/clientesbrandbits.click\/#\/schema\/logo\/image\/"}},{"@type":"Person","@id":"https:\/\/clientesbrandbits.click\/#\/schema\/person\/3582a766d1bd629325b8cb5e303f4963","name":"Elizabeth Salazar","image":{"@type":"ImageObject","inLanguage":"es","@id":"https:\/\/clientesbrandbits.click\/#\/schema\/person\/image\/","url":"https:\/\/secure.gravatar.com\/avatar\/ddf69a5ddae2a61929dd4e305eb31658?s=96&d=mm&r=g","contentUrl":"https:\/\/secure.gravatar.com\/avatar\/ddf69a5ddae2a61929dd4e305eb31658?s=96&d=mm&r=g","caption":"Elizabeth Salazar"},"url":"https:\/\/clientesbrandbits.click\/es\/author\/elizabeth-salazar\/"}]}},"_links":{"self":[{"href":"https:\/\/clientesbrandbits.click\/es\/wp-json\/wp\/v2\/posts\/1434"}],"collection":[{"href":"https:\/\/clientesbrandbits.click\/es\/wp-json\/wp\/v2\/posts"}],"about":[{"href":"https:\/\/clientesbrandbits.click\/es\/wp-json\/wp\/v2\/types\/post"}],"author":[{"embeddable":true,"href":"https:\/\/clientesbrandbits.click\/es\/wp-json\/wp\/v2\/users\/5"}],"replies":[{"embeddable":true,"href":"https:\/\/clientesbrandbits.click\/es\/wp-json\/wp\/v2\/comments?post=1434"}],"version-history":[{"count":3,"href":"https:\/\/clientesbrandbits.click\/es\/wp-json\/wp\/v2\/posts\/1434\/revisions"}],"predecessor-version":[{"id":1565,"href":"https:\/\/clientesbrandbits.click\/es\/wp-json\/wp\/v2\/posts\/1434\/revisions\/1565"}],"wp:featuredmedia":[{"embeddable":true,"href":"https:\/\/clientesbrandbits.click\/es\/wp-json\/wp\/v2\/media\/1435"}],"wp:attachment":[{"href":"https:\/\/clientesbrandbits.click\/es\/wp-json\/wp\/v2\/media?parent=1434"}],"wp:term":[{"taxonomy":"category","embeddable":true,"href":"https:\/\/clientesbrandbits.click\/es\/wp-json\/wp\/v2\/categories?post=1434"},{"taxonomy":"post_tag","embeddable":true,"href":"https:\/\/clientesbrandbits.click\/es\/wp-json\/wp\/v2\/tags?post=1434"}],"curies":[{"name":"wp","href":"https:\/\/api.w.org\/{rel}","templated":true}]}}