{"id":1433,"date":"2024-05-21T07:28:14","date_gmt":"2024-05-21T11:28:14","guid":{"rendered":"https:\/\/clientesbrandbits.click\/?p=1433"},"modified":"2024-06-06T06:33:40","modified_gmt":"2024-06-06T10:33:40","slug":"cannes-dia-7-the-apprentice-sebastian-stan-bestial-como-donald-trump","status":"publish","type":"post","link":"https:\/\/clientesbrandbits.click\/es\/cannes-dia-7-the-apprentice-sebastian-stan-bestial-como-donald-trump\/","title":{"rendered":"Cannes D\u00eda 8: \u00abThe Apprentice\u00bb, Sebastian Stan, bestial, como Donald Trump"},"content":{"rendered":"<p style=\"text-align: justify;\">La pel\u00edcula de Ali Abassi se estren\u00f3 hoy en el Festival de Cannes y las actuaciones de Sebastian Stan como Donald Trump y Jeremy Strong como Roy Cohn son espectaculares.<\/p>\n<p style=\"text-align: justify;\">El film narra el paso de un com\u00fan y corriente Donald Trump al narciso empresario del imperio inmobiliario. En esta etapa es el abogado Roy Cohn (Strong) quien apoya al joven Trump ante sus problemas con hacienda y le ense\u00f1a tres lecciones que le cambiar\u00e1n la vida.<\/p>\n<p style=\"text-align: justify;\">Niega absolutamente todo, nunca aceptes un fracaso, ni lo reconozcas. As\u00ed, obnubilado por el dinero y la fama, comienza a utilizar a quien tenga por delante para lograr su objetivo volvi\u00e9ndose cada vez m\u00e1s narciso y megaloman\u00edaco.<\/p>\n<p style=\"text-align: justify;\">Es interesante ver como en el film retratan este cambio y a pesar de que fue criado, como le dec\u00eda su padre, para ser un \u201cKiller\u201d (asesino), bajo el lema \u201cexisten los que matan y los que mueren\u201d, son las oportunidades las que van formando a este hombre que se alimenta de su ego y no tiene ning\u00fan tipo de v\u00ednculo con nadie m\u00e1s que el mismo.<\/p>\n<p style=\"text-align: justify;\">Un joven y desconocido Donald Trump (Stan) est\u00e1 sentado en uno de los bares m\u00e1s exclusivos de Nueva York y a su cita, le recita todos los nombres de los grandes empresarios de la gran manzana. Hasta que una mirada no se despega de \u00e9l y lo invita a su mesa. Roy Cohn, un espectacular Jeremy Strong, es uno de los abogados m\u00e1s prestigiosos y radicales del mercado, el solo gana y eso se lo hace saber a Trump que comienza a aprender cada uno de sus trucos. Desde c\u00f3mo vestirse a c\u00f3mo contesta el tel\u00e9fono.<\/p>\n<p style=\"text-align: justify;\">El director transita muy bien esta relaci\u00f3n maestro-pupilo que poco a poco se va convirtiendo en una de igual a igual y que termina en el desconocimiento de la ayuda absoluta de quien lo construy\u00f3 por parte de Trump.<\/p>\n<p style=\"text-align: justify;\">Al principio del film la incredulidad asoma \u00bfestar\u00e1 humaniz\u00e1ndolo?, \u00bfnos querr\u00e1 mostrar el director el contexto de la familia del personaje para hacernos empatizar con \u00e9l?, pero por suerte para los espectadores esto cambia y comienza a erigirse el Trump que ya el mundo conoce, el que no mide consecuencias y el que es capaz de darle la espalda al mundo entero por obtener lo que quiere. As\u00ed, el director comienza a mostrar c\u00f3mo las piezas claves que fueron en su momento indispensables para el magnate de los bienes inmobiliarios comienzan a ser desechadas cual basura que debe sacarse del lugar y eso incluye familia, amigos, pareja (una espectacular Maria Bakalova como Ivana Trump) y con quienes trabaja.<\/p>\n<p style=\"text-align: justify;\">El maquillaje es espectacular, hay im\u00e1genes de Sebastian Stan irreconocibles y casi igual a Donal Trump entre los a\u00f1os 70\u2019s y 80\u00b4s que es la temporalidad en que ocurre la pel\u00edcula. Por otra parte, las actuaciones, dejaron at\u00f3nitos a la audiencia de Cannes que ovacion\u00f3 a Sebastian Stan por 8 minutos con un aplauso cerrado a sala llena en el Teatro Lumiere del Palacio del Festival, y la actuaci\u00f3n de Jeremy Strong y todo su arco de personaje desde el \u201ctibur\u00f3n\u201d m\u00e1s grande de Nueva York hasta la vulnerabilidad de tener que recibir una negativa a que Trump le contestara el tel\u00e9fono despu\u00e9s de todo lo que hizo por \u00e9l.<\/p>\n<p style=\"text-align: justify;\">Si bien la pel\u00edcula tiene escenas bastante pol\u00e9micas de la vida \u00edntima del expresidente en su etapa pre-pol\u00edtica, es una pel\u00edcula que perfectamente puede estar fuera del programa del festival. Es interesante, sin duda, hay im\u00e1genes que se sienten y que llevan al espectador (seg\u00fan su ala pol\u00edtica) a ser provocado por la impunidad con la que se mueve y c\u00f3mo el dinero, a veces, si lo compra todo. Es una pel\u00edcula que toma una posici\u00f3n pol\u00edtica y eso se agradece en tiempos convulsos.<\/p>\n","protected":false},"excerpt":{"rendered":"<p>La pel\u00edcula de Ali Abassi se estren\u00f3 hoy en el Festival de Cannes y las actuaciones de Sebastian Stan como Donald Trump y Jeremy Strong como Roy Cohn son espectaculares. El film narra el paso de un com\u00fan y corriente &#8230; <a title=\"Cannes D\u00eda 8: \u00abThe Apprentice\u00bb, Sebastian Stan, bestial, como Donald Trump\" class=\"read-more\" href=\"https:\/\/clientesbrandbits.click\/es\/cannes-dia-7-the-apprentice-sebastian-stan-bestial-como-donald-trump\/\" aria-label=\"Leer m\u00e1s sobre Cannes D\u00eda 8: \u00abThe Apprentice\u00bb, Sebastian Stan, bestial, como Donald Trump\">Leer M\u00e1s<\/a><\/p>\n","protected":false},"author":2,"featured_media":1442,"comment_status":"closed","ping_status":"closed","sticky":false,"template":"","format":"standard","meta":{"_joinchat":[],"footnotes":""},"categories":[112,11,10],"tags":[33],"class_list":["post-1433","post","type-post","status-publish","format-standard","has-post-thumbnail","hentry","category-destacados","category-festivales-de-cine","category-films","tag-festival-de-cannes","infinite-scroll-item"],"yoast_head":"<!-- This site is optimized with the Yoast SEO plugin v22.8 - https:\/\/yoast.com\/wordpress\/plugins\/seo\/ -->\n<title>Cannes D\u00eda 8: &quot;The Apprentice&quot;, Sebastian Stan, bestial, como Donald Trump - Spanglish Cinema<\/title>\n<meta name=\"description\" content=\"La pel\u00edcula de Ali Abassi se estren\u00f3 hoy en el Festival de Cannes y las actuaciones de Sebastian Stan como Donald Trump y Jeremy Strong como Roy Cohn son espectaculares.\" \/>\n<meta name=\"robots\" content=\"index, follow, max-snippet:-1, max-image-preview:large, max-video-preview:-1\" \/>\n<link rel=\"canonical\" href=\"https:\/\/clientesbrandbits.click\/es\/cannes-dia-7-the-apprentice-sebastian-stan-bestial-como-donald-trump\/\" \/>\n<meta property=\"og:locale\" content=\"es_ES\" \/>\n<meta property=\"og:type\" content=\"article\" \/>\n<meta property=\"og:title\" content=\"Cannes D\u00eda 8: &quot;The Apprentice&quot;, Sebastian Stan, bestial, como Donald Trump - Spanglish Cinema\" \/>\n<meta property=\"og:description\" content=\"La pel\u00edcula de Ali Abassi se estren\u00f3 hoy en el Festival de Cannes y las actuaciones de Sebastian Stan como Donald Trump y Jeremy Strong como Roy Cohn son espectaculares.\" \/>\n<meta property=\"og:url\" content=\"https:\/\/clientesbrandbits.click\/es\/cannes-dia-7-the-apprentice-sebastian-stan-bestial-como-donald-trump\/\" \/>\n<meta property=\"og:site_name\" content=\"Spanglish Cinema\" \/>\n<meta property=\"article:published_time\" content=\"2024-05-21T11:28:14+00:00\" \/>\n<meta property=\"article:modified_time\" content=\"2024-06-06T10:33:40+00:00\" \/>\n<meta property=\"og:image\" content=\"https:\/\/clientesbrandbits.click\/wp-content\/uploads\/2024\/05\/Sebastian.jpg\" \/>\n\t<meta property=\"og:image:width\" content=\"1024\" \/>\n\t<meta property=\"og:image:height\" content=\"768\" \/>\n\t<meta property=\"og:image:type\" content=\"image\/jpeg\" \/>\n<meta name=\"author\" content=\"Francisca Romero\" \/>\n<meta name=\"twitter:card\" content=\"summary_large_image\" \/>\n<meta name=\"twitter:label1\" content=\"Escrito por\" \/>\n\t<meta name=\"twitter:data1\" content=\"Francisca Romero\" \/>\n\t<meta name=\"twitter:label2\" content=\"Tiempo de lectura\" \/>\n\t<meta name=\"twitter:data2\" content=\"4 minutos\" \/>\n<script type=\"application\/ld+json\" class=\"yoast-schema-graph\">{\"@context\":\"https:\/\/schema.org\",\"@graph\":[{\"@type\":\"Article\",\"@id\":\"https:\/\/clientesbrandbits.click\/cannes-dia-7-the-apprentice-sebastian-stan-bestial-como-donald-trump\/#article\",\"isPartOf\":{\"@id\":\"https:\/\/clientesbrandbits.click\/cannes-dia-7-the-apprentice-sebastian-stan-bestial-como-donald-trump\/\"},\"author\":{\"name\":\"Francisca Romero\",\"@id\":\"https:\/\/clientesbrandbits.click\/#\/schema\/person\/fedc39f5790928deafca5719b3588db2\"},\"headline\":\"Cannes D\u00eda 8: \u00abThe Apprentice\u00bb, Sebastian Stan, bestial, como Donald Trump\",\"datePublished\":\"2024-05-21T11:28:14+00:00\",\"dateModified\":\"2024-06-06T10:33:40+00:00\",\"mainEntityOfPage\":{\"@id\":\"https:\/\/clientesbrandbits.click\/cannes-dia-7-the-apprentice-sebastian-stan-bestial-como-donald-trump\/\"},\"wordCount\":677,\"publisher\":{\"@id\":\"https:\/\/clientesbrandbits.click\/#organization\"},\"image\":{\"@id\":\"https:\/\/clientesbrandbits.click\/cannes-dia-7-the-apprentice-sebastian-stan-bestial-como-donald-trump\/#primaryimage\"},\"thumbnailUrl\":\"https:\/\/clientesbrandbits.click\/wp-content\/uploads\/2024\/05\/Sebastian.jpg\",\"keywords\":[\"festival de cannes\"],\"articleSection\":[\"Destacados\",\"Festivales de Cine\",\"Films\"],\"inLanguage\":\"es\"},{\"@type\":\"WebPage\",\"@id\":\"https:\/\/clientesbrandbits.click\/cannes-dia-7-the-apprentice-sebastian-stan-bestial-como-donald-trump\/\",\"url\":\"https:\/\/clientesbrandbits.click\/cannes-dia-7-the-apprentice-sebastian-stan-bestial-como-donald-trump\/\",\"name\":\"Cannes D\u00eda 8: \\\"The Apprentice\\\", Sebastian Stan, bestial, como Donald Trump - Spanglish Cinema\",\"isPartOf\":{\"@id\":\"https:\/\/clientesbrandbits.click\/#website\"},\"primaryImageOfPage\":{\"@id\":\"https:\/\/clientesbrandbits.click\/cannes-dia-7-the-apprentice-sebastian-stan-bestial-como-donald-trump\/#primaryimage\"},\"image\":{\"@id\":\"https:\/\/clientesbrandbits.click\/cannes-dia-7-the-apprentice-sebastian-stan-bestial-como-donald-trump\/#primaryimage\"},\"thumbnailUrl\":\"https:\/\/clientesbrandbits.click\/wp-content\/uploads\/2024\/05\/Sebastian.jpg\",\"datePublished\":\"2024-05-21T11:28:14+00:00\",\"dateModified\":\"2024-06-06T10:33:40+00:00\",\"description\":\"La pel\u00edcula de Ali Abassi se estren\u00f3 hoy en el Festival de Cannes y las actuaciones de Sebastian Stan como Donald Trump y Jeremy Strong como Roy Cohn son espectaculares.\",\"breadcrumb\":{\"@id\":\"https:\/\/clientesbrandbits.click\/cannes-dia-7-the-apprentice-sebastian-stan-bestial-como-donald-trump\/#breadcrumb\"},\"inLanguage\":\"es\",\"potentialAction\":[{\"@type\":\"ReadAction\",\"target\":[\"https:\/\/clientesbrandbits.click\/cannes-dia-7-the-apprentice-sebastian-stan-bestial-como-donald-trump\/\"]}]},{\"@type\":\"ImageObject\",\"inLanguage\":\"es\",\"@id\":\"https:\/\/clientesbrandbits.click\/cannes-dia-7-the-apprentice-sebastian-stan-bestial-como-donald-trump\/#primaryimage\",\"url\":\"https:\/\/clientesbrandbits.click\/wp-content\/uploads\/2024\/05\/Sebastian.jpg\",\"contentUrl\":\"https:\/\/clientesbrandbits.click\/wp-content\/uploads\/2024\/05\/Sebastian.jpg\",\"width\":1024,\"height\":768},{\"@type\":\"BreadcrumbList\",\"@id\":\"https:\/\/clientesbrandbits.click\/cannes-dia-7-the-apprentice-sebastian-stan-bestial-como-donald-trump\/#breadcrumb\",\"itemListElement\":[{\"@type\":\"ListItem\",\"position\":1,\"name\":\"Portada\",\"item\":\"https:\/\/clientesbrandbits.click\/\"},{\"@type\":\"ListItem\",\"position\":2,\"name\":\"Cannes D\u00eda 8: &#8220;The Apprentice&#8221;, Sebastian Stan, bestial, como Donald Trump\"}]},{\"@type\":\"WebSite\",\"@id\":\"https:\/\/clientesbrandbits.click\/#website\",\"url\":\"https:\/\/clientesbrandbits.click\/\",\"name\":\"Spanglish Cinema\",\"description\":\"\",\"publisher\":{\"@id\":\"https:\/\/clientesbrandbits.click\/#organization\"},\"potentialAction\":[{\"@type\":\"SearchAction\",\"target\":{\"@type\":\"EntryPoint\",\"urlTemplate\":\"https:\/\/clientesbrandbits.click\/?s={search_term_string}\"},\"query-input\":\"required name=search_term_string\"}],\"inLanguage\":\"es\"},{\"@type\":\"Organization\",\"@id\":\"https:\/\/clientesbrandbits.click\/#organization\",\"name\":\"Spanglish Cinema\",\"url\":\"https:\/\/clientesbrandbits.click\/\",\"logo\":{\"@type\":\"ImageObject\",\"inLanguage\":\"es\",\"@id\":\"https:\/\/clientesbrandbits.click\/#\/schema\/logo\/image\/\",\"url\":\"https:\/\/clientesbrandbits.click\/wp-content\/uploads\/2024\/03\/spanglish_cinema.png\",\"contentUrl\":\"https:\/\/clientesbrandbits.click\/wp-content\/uploads\/2024\/03\/spanglish_cinema.png\",\"width\":612,\"height\":225,\"caption\":\"Spanglish Cinema\"},\"image\":{\"@id\":\"https:\/\/clientesbrandbits.click\/#\/schema\/logo\/image\/\"}},{\"@type\":\"Person\",\"@id\":\"https:\/\/clientesbrandbits.click\/#\/schema\/person\/fedc39f5790928deafca5719b3588db2\",\"name\":\"Francisca Romero\",\"image\":{\"@type\":\"ImageObject\",\"inLanguage\":\"es\",\"@id\":\"https:\/\/clientesbrandbits.click\/#\/schema\/person\/image\/\",\"url\":\"https:\/\/secure.gravatar.com\/avatar\/59bbcac6a15502dc7740d8ba94724e62?s=96&d=mm&r=g\",\"contentUrl\":\"https:\/\/secure.gravatar.com\/avatar\/59bbcac6a15502dc7740d8ba94724e62?s=96&d=mm&r=g\",\"caption\":\"Francisca Romero\"},\"url\":\"https:\/\/clientesbrandbits.click\/es\/author\/francisca-romero\/\"}]}<\/script>\n<!-- \/ Yoast SEO plugin. -->","yoast_head_json":{"title":"Cannes D\u00eda 8: \"The Apprentice\", Sebastian Stan, bestial, como Donald Trump - Spanglish Cinema","description":"La pel\u00edcula de Ali Abassi se estren\u00f3 hoy en el Festival de Cannes y las actuaciones de Sebastian Stan como Donald Trump y Jeremy Strong como Roy Cohn son espectaculares.","robots":{"index":"index","follow":"follow","max-snippet":"max-snippet:-1","max-image-preview":"max-image-preview:large","max-video-preview":"max-video-preview:-1"},"canonical":"https:\/\/clientesbrandbits.click\/es\/cannes-dia-7-the-apprentice-sebastian-stan-bestial-como-donald-trump\/","og_locale":"es_ES","og_type":"article","og_title":"Cannes D\u00eda 8: \"The Apprentice\", Sebastian Stan, bestial, como Donald Trump - Spanglish Cinema","og_description":"La pel\u00edcula de Ali Abassi se estren\u00f3 hoy en el Festival de Cannes y las actuaciones de Sebastian Stan como Donald Trump y Jeremy Strong como Roy Cohn son espectaculares.","og_url":"https:\/\/clientesbrandbits.click\/es\/cannes-dia-7-the-apprentice-sebastian-stan-bestial-como-donald-trump\/","og_site_name":"Spanglish Cinema","article_published_time":"2024-05-21T11:28:14+00:00","article_modified_time":"2024-06-06T10:33:40+00:00","og_image":[{"width":1024,"height":768,"url":"https:\/\/clientesbrandbits.click\/wp-content\/uploads\/2024\/05\/Sebastian.jpg","type":"image\/jpeg"}],"author":"Francisca Romero","twitter_card":"summary_large_image","twitter_misc":{"Escrito por":"Francisca Romero","Tiempo de lectura":"4 minutos"},"schema":{"@context":"https:\/\/schema.org","@graph":[{"@type":"Article","@id":"https:\/\/clientesbrandbits.click\/cannes-dia-7-the-apprentice-sebastian-stan-bestial-como-donald-trump\/#article","isPartOf":{"@id":"https:\/\/clientesbrandbits.click\/cannes-dia-7-the-apprentice-sebastian-stan-bestial-como-donald-trump\/"},"author":{"name":"Francisca Romero","@id":"https:\/\/clientesbrandbits.click\/#\/schema\/person\/fedc39f5790928deafca5719b3588db2"},"headline":"Cannes D\u00eda 8: \u00abThe Apprentice\u00bb, Sebastian Stan, bestial, como Donald Trump","datePublished":"2024-05-21T11:28:14+00:00","dateModified":"2024-06-06T10:33:40+00:00","mainEntityOfPage":{"@id":"https:\/\/clientesbrandbits.click\/cannes-dia-7-the-apprentice-sebastian-stan-bestial-como-donald-trump\/"},"wordCount":677,"publisher":{"@id":"https:\/\/clientesbrandbits.click\/#organization"},"image":{"@id":"https:\/\/clientesbrandbits.click\/cannes-dia-7-the-apprentice-sebastian-stan-bestial-como-donald-trump\/#primaryimage"},"thumbnailUrl":"https:\/\/clientesbrandbits.click\/wp-content\/uploads\/2024\/05\/Sebastian.jpg","keywords":["festival de cannes"],"articleSection":["Destacados","Festivales de Cine","Films"],"inLanguage":"es"},{"@type":"WebPage","@id":"https:\/\/clientesbrandbits.click\/cannes-dia-7-the-apprentice-sebastian-stan-bestial-como-donald-trump\/","url":"https:\/\/clientesbrandbits.click\/cannes-dia-7-the-apprentice-sebastian-stan-bestial-como-donald-trump\/","name":"Cannes D\u00eda 8: \"The Apprentice\", Sebastian Stan, bestial, como Donald Trump - Spanglish Cinema","isPartOf":{"@id":"https:\/\/clientesbrandbits.click\/#website"},"primaryImageOfPage":{"@id":"https:\/\/clientesbrandbits.click\/cannes-dia-7-the-apprentice-sebastian-stan-bestial-como-donald-trump\/#primaryimage"},"image":{"@id":"https:\/\/clientesbrandbits.click\/cannes-dia-7-the-apprentice-sebastian-stan-bestial-como-donald-trump\/#primaryimage"},"thumbnailUrl":"https:\/\/clientesbrandbits.click\/wp-content\/uploads\/2024\/05\/Sebastian.jpg","datePublished":"2024-05-21T11:28:14+00:00","dateModified":"2024-06-06T10:33:40+00:00","description":"La pel\u00edcula de Ali Abassi se estren\u00f3 hoy en el Festival de Cannes y las actuaciones de Sebastian Stan como Donald Trump y Jeremy Strong como Roy Cohn son espectaculares.","breadcrumb":{"@id":"https:\/\/clientesbrandbits.click\/cannes-dia-7-the-apprentice-sebastian-stan-bestial-como-donald-trump\/#breadcrumb"},"inLanguage":"es","potentialAction":[{"@type":"ReadAction","target":["https:\/\/clientesbrandbits.click\/cannes-dia-7-the-apprentice-sebastian-stan-bestial-como-donald-trump\/"]}]},{"@type":"ImageObject","inLanguage":"es","@id":"https:\/\/clientesbrandbits.click\/cannes-dia-7-the-apprentice-sebastian-stan-bestial-como-donald-trump\/#primaryimage","url":"https:\/\/clientesbrandbits.click\/wp-content\/uploads\/2024\/05\/Sebastian.jpg","contentUrl":"https:\/\/clientesbrandbits.click\/wp-content\/uploads\/2024\/05\/Sebastian.jpg","width":1024,"height":768},{"@type":"BreadcrumbList","@id":"https:\/\/clientesbrandbits.click\/cannes-dia-7-the-apprentice-sebastian-stan-bestial-como-donald-trump\/#breadcrumb","itemListElement":[{"@type":"ListItem","position":1,"name":"Portada","item":"https:\/\/clientesbrandbits.click\/"},{"@type":"ListItem","position":2,"name":"Cannes D\u00eda 8: &#8220;The Apprentice&#8221;, Sebastian Stan, bestial, como Donald Trump"}]},{"@type":"WebSite","@id":"https:\/\/clientesbrandbits.click\/#website","url":"https:\/\/clientesbrandbits.click\/","name":"Spanglish Cinema","description":"","publisher":{"@id":"https:\/\/clientesbrandbits.click\/#organization"},"potentialAction":[{"@type":"SearchAction","target":{"@type":"EntryPoint","urlTemplate":"https:\/\/clientesbrandbits.click\/?s={search_term_string}"},"query-input":"required name=search_term_string"}],"inLanguage":"es"},{"@type":"Organization","@id":"https:\/\/clientesbrandbits.click\/#organization","name":"Spanglish Cinema","url":"https:\/\/clientesbrandbits.click\/","logo":{"@type":"ImageObject","inLanguage":"es","@id":"https:\/\/clientesbrandbits.click\/#\/schema\/logo\/image\/","url":"https:\/\/clientesbrandbits.click\/wp-content\/uploads\/2024\/03\/spanglish_cinema.png","contentUrl":"https:\/\/clientesbrandbits.click\/wp-content\/uploads\/2024\/03\/spanglish_cinema.png","width":612,"height":225,"caption":"Spanglish Cinema"},"image":{"@id":"https:\/\/clientesbrandbits.click\/#\/schema\/logo\/image\/"}},{"@type":"Person","@id":"https:\/\/clientesbrandbits.click\/#\/schema\/person\/fedc39f5790928deafca5719b3588db2","name":"Francisca Romero","image":{"@type":"ImageObject","inLanguage":"es","@id":"https:\/\/clientesbrandbits.click\/#\/schema\/person\/image\/","url":"https:\/\/secure.gravatar.com\/avatar\/59bbcac6a15502dc7740d8ba94724e62?s=96&d=mm&r=g","contentUrl":"https:\/\/secure.gravatar.com\/avatar\/59bbcac6a15502dc7740d8ba94724e62?s=96&d=mm&r=g","caption":"Francisca Romero"},"url":"https:\/\/clientesbrandbits.click\/es\/author\/francisca-romero\/"}]}},"_links":{"self":[{"href":"https:\/\/clientesbrandbits.click\/es\/wp-json\/wp\/v2\/posts\/1433"}],"collection":[{"href":"https:\/\/clientesbrandbits.click\/es\/wp-json\/wp\/v2\/posts"}],"about":[{"href":"https:\/\/clientesbrandbits.click\/es\/wp-json\/wp\/v2\/types\/post"}],"author":[{"embeddable":true,"href":"https:\/\/clientesbrandbits.click\/es\/wp-json\/wp\/v2\/users\/2"}],"replies":[{"embeddable":true,"href":"https:\/\/clientesbrandbits.click\/es\/wp-json\/wp\/v2\/comments?post=1433"}],"version-history":[{"count":4,"href":"https:\/\/clientesbrandbits.click\/es\/wp-json\/wp\/v2\/posts\/1433\/revisions"}],"predecessor-version":[{"id":1463,"href":"https:\/\/clientesbrandbits.click\/es\/wp-json\/wp\/v2\/posts\/1433\/revisions\/1463"}],"wp:featuredmedia":[{"embeddable":true,"href":"https:\/\/clientesbrandbits.click\/es\/wp-json\/wp\/v2\/media\/1442"}],"wp:attachment":[{"href":"https:\/\/clientesbrandbits.click\/es\/wp-json\/wp\/v2\/media?parent=1433"}],"wp:term":[{"taxonomy":"category","embeddable":true,"href":"https:\/\/clientesbrandbits.click\/es\/wp-json\/wp\/v2\/categories?post=1433"},{"taxonomy":"post_tag","embeddable":true,"href":"https:\/\/clientesbrandbits.click\/es\/wp-json\/wp\/v2\/tags?post=1433"}],"curies":[{"name":"wp","href":"https:\/\/api.w.org\/{rel}","templated":true}]}}