{"id":1427,"date":"2024-05-19T02:17:35","date_gmt":"2024-05-19T06:17:35","guid":{"rendered":"https:\/\/clientesbrandbits.click\/?p=1427"},"modified":"2024-05-20T02:18:05","modified_gmt":"2024-05-20T06:18:05","slug":"cannes-dia-6-demi-moore-por-fin-estoy-aqui-por-un-film-mio","status":"publish","type":"post","link":"https:\/\/clientesbrandbits.click\/es\/cannes-dia-6-demi-moore-por-fin-estoy-aqui-por-un-film-mio\/","title":{"rendered":"Cannes D\u00eda 6: Demi Moore \u201cPor fin estoy aqu\u00ed por un film m\u00edo\u201d"},"content":{"rendered":"<p>Demi Moore estuvo en el Pabell\u00f3n Americano antes del estreno de su pel\u00edcula \u201cThe Substance\u201d que escandaliz\u00f3 a la audiencia por el Gore entregado por la directora Coralie Fargeat. Pero m\u00e1s all\u00e1 del impacto de la pel\u00edcula, Demi Moore est\u00e1 feliz por estar en el festival con su propio film.<\/p>\n<p>En una distendida conversaci\u00f3n en el Pabell\u00f3n Americano y previo a sus 13 minutos de ovaci\u00f3n en la premire del film, donde comparte cr\u00e9ditos con Margarett Qually (que tambi\u00e9n est\u00e1 en \u201cKinds of Kindness\u201d) y Deniss Quaid, la actriz irradiaba felicidad, acompa\u00f1ada por su mascota, un peque\u00f1o chihuahua peludo, afirmaba que estar ac\u00e1 por primera vez con su propia pel\u00edcula era un sue\u00f1o hecho realidad.<\/p>\n<p>Moore, record\u00f3 que la vez que estuvo en Cannes fue acompa\u00f1ando a Bruce Willis por el estreno de el Quinto Elemento, por tanto, esta vez es diferente al encontrarse de \u201cforma aut\u00f3noma\u201d como afirm\u00f3 la talentosa actriz.<\/p>\n<p>Si bien, la pel\u00edcula fue aplaudida a rabiar despu\u00e9s de su estreno, ha sido definitivamente la m\u00e1s pol\u00e9mica hasta la fecha en lo que va del certamen. Desmayos en el p\u00fablico y retiro de los asistentes por el Body Horror y Gore que entrega el film.<\/p>\n<p>La pel\u00edcula parte del supuesto de qu\u00e9 pasar\u00eda si pudieras crear una versi\u00f3n joven de ti mismo\u2026\u201d debes probar este producto \u201cThe Substance\u201d, cambiar\u00e1 tu vida. Con ella puedes crear una versi\u00f3n m\u00e1s joven tuya, m\u00e1s linda, m\u00e1s pefecta\u201d dice parte de la sinopsis que contin\u00faa as\u00ed \u201csolo tienes que compartir tu tiempo, una semana para uno, otra semana para otro, un perfecto balance de siete d\u00edas cada uno, f\u00e1cil \u00bfno?, si respetas el balance qu\u00e9 podr\u00eda salir mal\u201d<\/p>\n<p>Bajo esa premisa, la visceral pel\u00edcula no dej\u00f3 a nadie indiferente y las funciones que restan ya est\u00e1n tomadas en su totalidad despu\u00e9s del \u201cbuzz\u201d causado en su premiere donde el mayor t\u00edtulo fue que gente se desmaya y no puede digerir este nuevo Body Horror que hoy tiene su conferencia de prensa.<\/p>\n<p>Les dejamos algunas fotos de lo que fue el evento, con la actriz, en el Pabell\u00f3n Americano<\/p>\n<p>&nbsp;<\/p>\n<p>&nbsp;<\/p>\n<p><img fetchpriority=\"high\" decoding=\"async\" class=\"aligncenter wp-image-1428 size-full\" src=\"https:\/\/clientesbrandbits.click\/wp-content\/uploads\/2024\/05\/Demi.jpg\" alt=\"\" width=\"416\" height=\"504\" srcset=\"https:\/\/clientesbrandbits.click\/wp-content\/uploads\/2024\/05\/Demi.jpg 416w, https:\/\/clientesbrandbits.click\/wp-content\/uploads\/2024\/05\/Demi-248x300.jpg 248w, https:\/\/clientesbrandbits.click\/wp-content\/uploads\/2024\/05\/Demi-10x12.jpg 10w\" sizes=\"(max-width: 416px) 100vw, 416px\" \/><\/p>\n<p>&nbsp;<\/p>\n<p><img decoding=\"async\" class=\"aligncenter wp-image-1429 size-full\" src=\"https:\/\/clientesbrandbits.click\/wp-content\/uploads\/2024\/05\/Demi-2.jpg\" alt=\"\" width=\"434\" height=\"483\" srcset=\"https:\/\/clientesbrandbits.click\/wp-content\/uploads\/2024\/05\/Demi-2.jpg 434w, https:\/\/clientesbrandbits.click\/wp-content\/uploads\/2024\/05\/Demi-2-270x300.jpg 270w, https:\/\/clientesbrandbits.click\/wp-content\/uploads\/2024\/05\/Demi-2-11x12.jpg 11w\" sizes=\"(max-width: 434px) 100vw, 434px\" \/><\/p>\n","protected":false},"excerpt":{"rendered":"<p>Demi Moore estuvo en el Pabell\u00f3n Americano antes del estreno de su pel\u00edcula \u201cThe Substance\u201d que escandaliz\u00f3 a la audiencia por el Gore entregado por la directora Coralie Fargeat. Pero m\u00e1s all\u00e1 del impacto de la pel\u00edcula, Demi Moore est\u00e1 &#8230; <a title=\"Cannes D\u00eda 6: Demi Moore \u201cPor fin estoy aqu\u00ed por un film m\u00edo\u201d\" class=\"read-more\" href=\"https:\/\/clientesbrandbits.click\/es\/cannes-dia-6-demi-moore-por-fin-estoy-aqui-por-un-film-mio\/\" aria-label=\"Leer m\u00e1s sobre Cannes D\u00eda 6: Demi Moore \u201cPor fin estoy aqu\u00ed por un film m\u00edo\u201d\">Leer M\u00e1s<\/a><\/p>\n","protected":false},"author":2,"featured_media":1430,"comment_status":"closed","ping_status":"closed","sticky":false,"template":"","format":"standard","meta":{"_joinchat":[],"footnotes":""},"categories":[11,10],"tags":[125,134,33],"class_list":["post-1427","post","type-post","status-publish","format-standard","has-post-thumbnail","hentry","category-festivales-de-cine","category-films","tag-american-pavilion","tag-demi-moore","tag-festival-de-cannes","infinite-scroll-item"],"yoast_head":"<!-- This site is optimized with the Yoast SEO plugin v22.8 - https:\/\/yoast.com\/wordpress\/plugins\/seo\/ -->\n<title>Cannes D\u00eda 6: Demi Moore \u201cPor fin estoy aqu\u00ed por un film m\u00edo\u201d - Spanglish Cinema<\/title>\n<meta name=\"description\" content=\"Demi Moore estuvo en el Pabell\u00f3n Americano antes del estreno de su pel\u00edcula \u201cThe Substance\u201d que escandaliz\u00f3 a la audiencia por el Gore entregado por la directora Coralie Fargeat. Pero m\u00e1s all\u00e1 del impacto de la pel\u00edcula, Demi Moore est\u00e1 feliz por estar en el festival con su propio film.\" \/>\n<meta name=\"robots\" content=\"index, follow, max-snippet:-1, max-image-preview:large, max-video-preview:-1\" \/>\n<link rel=\"canonical\" href=\"https:\/\/clientesbrandbits.click\/es\/cannes-dia-6-demi-moore-por-fin-estoy-aqui-por-un-film-mio\/\" \/>\n<meta property=\"og:locale\" content=\"es_ES\" \/>\n<meta property=\"og:type\" content=\"article\" \/>\n<meta property=\"og:title\" content=\"Cannes D\u00eda 6: Demi Moore \u201cPor fin estoy aqu\u00ed por un film m\u00edo\u201d - Spanglish Cinema\" \/>\n<meta property=\"og:description\" content=\"Demi Moore estuvo en el Pabell\u00f3n Americano antes del estreno de su pel\u00edcula \u201cThe Substance\u201d que escandaliz\u00f3 a la audiencia por el Gore entregado por la directora Coralie Fargeat. Pero m\u00e1s all\u00e1 del impacto de la pel\u00edcula, Demi Moore est\u00e1 feliz por estar en el festival con su propio film.\" \/>\n<meta property=\"og:url\" content=\"https:\/\/clientesbrandbits.click\/es\/cannes-dia-6-demi-moore-por-fin-estoy-aqui-por-un-film-mio\/\" \/>\n<meta property=\"og:site_name\" content=\"Spanglish Cinema\" \/>\n<meta property=\"article:published_time\" content=\"2024-05-19T06:17:35+00:00\" \/>\n<meta property=\"article:modified_time\" content=\"2024-05-20T06:18:05+00:00\" \/>\n<meta property=\"og:image\" content=\"https:\/\/clientesbrandbits.click\/wp-content\/uploads\/2024\/05\/France_Cannes_2024_Kinds_of_Kindness_Red_Carpet_64039.jpg\" \/>\n\t<meta property=\"og:image:width\" content=\"1200\" \/>\n\t<meta property=\"og:image:height\" content=\"800\" \/>\n\t<meta property=\"og:image:type\" content=\"image\/jpeg\" \/>\n<meta name=\"author\" content=\"Francisca Romero\" \/>\n<meta name=\"twitter:card\" content=\"summary_large_image\" \/>\n<meta name=\"twitter:label1\" content=\"Escrito por\" \/>\n\t<meta name=\"twitter:data1\" content=\"Francisca Romero\" \/>\n\t<meta name=\"twitter:label2\" content=\"Tiempo de lectura\" \/>\n\t<meta name=\"twitter:data2\" content=\"3 minutos\" \/>\n<script type=\"application\/ld+json\" class=\"yoast-schema-graph\">{\"@context\":\"https:\/\/schema.org\",\"@graph\":[{\"@type\":\"Article\",\"@id\":\"https:\/\/clientesbrandbits.click\/cannes-dia-6-demi-moore-por-fin-estoy-aqui-por-un-film-mio\/#article\",\"isPartOf\":{\"@id\":\"https:\/\/clientesbrandbits.click\/cannes-dia-6-demi-moore-por-fin-estoy-aqui-por-un-film-mio\/\"},\"author\":{\"name\":\"Francisca Romero\",\"@id\":\"https:\/\/clientesbrandbits.click\/#\/schema\/person\/fedc39f5790928deafca5719b3588db2\"},\"headline\":\"Cannes D\u00eda 6: Demi Moore \u201cPor fin estoy aqu\u00ed por un film m\u00edo\u201d\",\"datePublished\":\"2024-05-19T06:17:35+00:00\",\"dateModified\":\"2024-05-20T06:18:05+00:00\",\"mainEntityOfPage\":{\"@id\":\"https:\/\/clientesbrandbits.click\/cannes-dia-6-demi-moore-por-fin-estoy-aqui-por-un-film-mio\/\"},\"wordCount\":399,\"publisher\":{\"@id\":\"https:\/\/clientesbrandbits.click\/#organization\"},\"image\":{\"@id\":\"https:\/\/clientesbrandbits.click\/cannes-dia-6-demi-moore-por-fin-estoy-aqui-por-un-film-mio\/#primaryimage\"},\"thumbnailUrl\":\"https:\/\/clientesbrandbits.click\/wp-content\/uploads\/2024\/05\/France_Cannes_2024_Kinds_of_Kindness_Red_Carpet_64039.jpg\",\"keywords\":[\"American Pavilion\",\"Demi Moore\",\"festival de cannes\"],\"articleSection\":[\"Festivales de Cine\",\"Films\"],\"inLanguage\":\"es\"},{\"@type\":\"WebPage\",\"@id\":\"https:\/\/clientesbrandbits.click\/cannes-dia-6-demi-moore-por-fin-estoy-aqui-por-un-film-mio\/\",\"url\":\"https:\/\/clientesbrandbits.click\/cannes-dia-6-demi-moore-por-fin-estoy-aqui-por-un-film-mio\/\",\"name\":\"Cannes D\u00eda 6: Demi Moore \u201cPor fin estoy aqu\u00ed por un film m\u00edo\u201d - Spanglish Cinema\",\"isPartOf\":{\"@id\":\"https:\/\/clientesbrandbits.click\/#website\"},\"primaryImageOfPage\":{\"@id\":\"https:\/\/clientesbrandbits.click\/cannes-dia-6-demi-moore-por-fin-estoy-aqui-por-un-film-mio\/#primaryimage\"},\"image\":{\"@id\":\"https:\/\/clientesbrandbits.click\/cannes-dia-6-demi-moore-por-fin-estoy-aqui-por-un-film-mio\/#primaryimage\"},\"thumbnailUrl\":\"https:\/\/clientesbrandbits.click\/wp-content\/uploads\/2024\/05\/France_Cannes_2024_Kinds_of_Kindness_Red_Carpet_64039.jpg\",\"datePublished\":\"2024-05-19T06:17:35+00:00\",\"dateModified\":\"2024-05-20T06:18:05+00:00\",\"description\":\"Demi Moore estuvo en el Pabell\u00f3n Americano antes del estreno de su pel\u00edcula \u201cThe Substance\u201d que escandaliz\u00f3 a la audiencia por el Gore entregado por la directora Coralie Fargeat. Pero m\u00e1s all\u00e1 del impacto de la pel\u00edcula, Demi Moore est\u00e1 feliz por estar en el festival con su propio film.\",\"breadcrumb\":{\"@id\":\"https:\/\/clientesbrandbits.click\/cannes-dia-6-demi-moore-por-fin-estoy-aqui-por-un-film-mio\/#breadcrumb\"},\"inLanguage\":\"es\",\"potentialAction\":[{\"@type\":\"ReadAction\",\"target\":[\"https:\/\/clientesbrandbits.click\/cannes-dia-6-demi-moore-por-fin-estoy-aqui-por-un-film-mio\/\"]}]},{\"@type\":\"ImageObject\",\"inLanguage\":\"es\",\"@id\":\"https:\/\/clientesbrandbits.click\/cannes-dia-6-demi-moore-por-fin-estoy-aqui-por-un-film-mio\/#primaryimage\",\"url\":\"https:\/\/clientesbrandbits.click\/wp-content\/uploads\/2024\/05\/France_Cannes_2024_Kinds_of_Kindness_Red_Carpet_64039.jpg\",\"contentUrl\":\"https:\/\/clientesbrandbits.click\/wp-content\/uploads\/2024\/05\/France_Cannes_2024_Kinds_of_Kindness_Red_Carpet_64039.jpg\",\"width\":1200,\"height\":800},{\"@type\":\"BreadcrumbList\",\"@id\":\"https:\/\/clientesbrandbits.click\/cannes-dia-6-demi-moore-por-fin-estoy-aqui-por-un-film-mio\/#breadcrumb\",\"itemListElement\":[{\"@type\":\"ListItem\",\"position\":1,\"name\":\"Portada\",\"item\":\"https:\/\/clientesbrandbits.click\/\"},{\"@type\":\"ListItem\",\"position\":2,\"name\":\"Cannes D\u00eda 6: Demi Moore \u201cPor fin estoy aqu\u00ed por un film m\u00edo\u201d\"}]},{\"@type\":\"WebSite\",\"@id\":\"https:\/\/clientesbrandbits.click\/#website\",\"url\":\"https:\/\/clientesbrandbits.click\/\",\"name\":\"Spanglish Cinema\",\"description\":\"\",\"publisher\":{\"@id\":\"https:\/\/clientesbrandbits.click\/#organization\"},\"potentialAction\":[{\"@type\":\"SearchAction\",\"target\":{\"@type\":\"EntryPoint\",\"urlTemplate\":\"https:\/\/clientesbrandbits.click\/?s={search_term_string}\"},\"query-input\":\"required name=search_term_string\"}],\"inLanguage\":\"es\"},{\"@type\":\"Organization\",\"@id\":\"https:\/\/clientesbrandbits.click\/#organization\",\"name\":\"Spanglish Cinema\",\"url\":\"https:\/\/clientesbrandbits.click\/\",\"logo\":{\"@type\":\"ImageObject\",\"inLanguage\":\"es\",\"@id\":\"https:\/\/clientesbrandbits.click\/#\/schema\/logo\/image\/\",\"url\":\"https:\/\/clientesbrandbits.click\/wp-content\/uploads\/2024\/03\/spanglish_cinema.png\",\"contentUrl\":\"https:\/\/clientesbrandbits.click\/wp-content\/uploads\/2024\/03\/spanglish_cinema.png\",\"width\":612,\"height\":225,\"caption\":\"Spanglish Cinema\"},\"image\":{\"@id\":\"https:\/\/clientesbrandbits.click\/#\/schema\/logo\/image\/\"}},{\"@type\":\"Person\",\"@id\":\"https:\/\/clientesbrandbits.click\/#\/schema\/person\/fedc39f5790928deafca5719b3588db2\",\"name\":\"Francisca Romero\",\"image\":{\"@type\":\"ImageObject\",\"inLanguage\":\"es\",\"@id\":\"https:\/\/clientesbrandbits.click\/#\/schema\/person\/image\/\",\"url\":\"https:\/\/secure.gravatar.com\/avatar\/59bbcac6a15502dc7740d8ba94724e62?s=96&d=mm&r=g\",\"contentUrl\":\"https:\/\/secure.gravatar.com\/avatar\/59bbcac6a15502dc7740d8ba94724e62?s=96&d=mm&r=g\",\"caption\":\"Francisca Romero\"},\"url\":\"https:\/\/clientesbrandbits.click\/es\/author\/francisca-romero\/\"}]}<\/script>\n<!-- \/ Yoast SEO plugin. -->","yoast_head_json":{"title":"Cannes D\u00eda 6: Demi Moore \u201cPor fin estoy aqu\u00ed por un film m\u00edo\u201d - Spanglish Cinema","description":"Demi Moore estuvo en el Pabell\u00f3n Americano antes del estreno de su pel\u00edcula \u201cThe Substance\u201d que escandaliz\u00f3 a la audiencia por el Gore entregado por la directora Coralie Fargeat. Pero m\u00e1s all\u00e1 del impacto de la pel\u00edcula, Demi Moore est\u00e1 feliz por estar en el festival con su propio film.","robots":{"index":"index","follow":"follow","max-snippet":"max-snippet:-1","max-image-preview":"max-image-preview:large","max-video-preview":"max-video-preview:-1"},"canonical":"https:\/\/clientesbrandbits.click\/es\/cannes-dia-6-demi-moore-por-fin-estoy-aqui-por-un-film-mio\/","og_locale":"es_ES","og_type":"article","og_title":"Cannes D\u00eda 6: Demi Moore \u201cPor fin estoy aqu\u00ed por un film m\u00edo\u201d - Spanglish Cinema","og_description":"Demi Moore estuvo en el Pabell\u00f3n Americano antes del estreno de su pel\u00edcula \u201cThe Substance\u201d que escandaliz\u00f3 a la audiencia por el Gore entregado por la directora Coralie Fargeat. Pero m\u00e1s all\u00e1 del impacto de la pel\u00edcula, Demi Moore est\u00e1 feliz por estar en el festival con su propio film.","og_url":"https:\/\/clientesbrandbits.click\/es\/cannes-dia-6-demi-moore-por-fin-estoy-aqui-por-un-film-mio\/","og_site_name":"Spanglish Cinema","article_published_time":"2024-05-19T06:17:35+00:00","article_modified_time":"2024-05-20T06:18:05+00:00","og_image":[{"width":1200,"height":800,"url":"https:\/\/clientesbrandbits.click\/wp-content\/uploads\/2024\/05\/France_Cannes_2024_Kinds_of_Kindness_Red_Carpet_64039.jpg","type":"image\/jpeg"}],"author":"Francisca Romero","twitter_card":"summary_large_image","twitter_misc":{"Escrito por":"Francisca Romero","Tiempo de lectura":"3 minutos"},"schema":{"@context":"https:\/\/schema.org","@graph":[{"@type":"Article","@id":"https:\/\/clientesbrandbits.click\/cannes-dia-6-demi-moore-por-fin-estoy-aqui-por-un-film-mio\/#article","isPartOf":{"@id":"https:\/\/clientesbrandbits.click\/cannes-dia-6-demi-moore-por-fin-estoy-aqui-por-un-film-mio\/"},"author":{"name":"Francisca Romero","@id":"https:\/\/clientesbrandbits.click\/#\/schema\/person\/fedc39f5790928deafca5719b3588db2"},"headline":"Cannes D\u00eda 6: Demi Moore \u201cPor fin estoy aqu\u00ed por un film m\u00edo\u201d","datePublished":"2024-05-19T06:17:35+00:00","dateModified":"2024-05-20T06:18:05+00:00","mainEntityOfPage":{"@id":"https:\/\/clientesbrandbits.click\/cannes-dia-6-demi-moore-por-fin-estoy-aqui-por-un-film-mio\/"},"wordCount":399,"publisher":{"@id":"https:\/\/clientesbrandbits.click\/#organization"},"image":{"@id":"https:\/\/clientesbrandbits.click\/cannes-dia-6-demi-moore-por-fin-estoy-aqui-por-un-film-mio\/#primaryimage"},"thumbnailUrl":"https:\/\/clientesbrandbits.click\/wp-content\/uploads\/2024\/05\/France_Cannes_2024_Kinds_of_Kindness_Red_Carpet_64039.jpg","keywords":["American Pavilion","Demi Moore","festival de cannes"],"articleSection":["Festivales de Cine","Films"],"inLanguage":"es"},{"@type":"WebPage","@id":"https:\/\/clientesbrandbits.click\/cannes-dia-6-demi-moore-por-fin-estoy-aqui-por-un-film-mio\/","url":"https:\/\/clientesbrandbits.click\/cannes-dia-6-demi-moore-por-fin-estoy-aqui-por-un-film-mio\/","name":"Cannes D\u00eda 6: Demi Moore \u201cPor fin estoy aqu\u00ed por un film m\u00edo\u201d - Spanglish Cinema","isPartOf":{"@id":"https:\/\/clientesbrandbits.click\/#website"},"primaryImageOfPage":{"@id":"https:\/\/clientesbrandbits.click\/cannes-dia-6-demi-moore-por-fin-estoy-aqui-por-un-film-mio\/#primaryimage"},"image":{"@id":"https:\/\/clientesbrandbits.click\/cannes-dia-6-demi-moore-por-fin-estoy-aqui-por-un-film-mio\/#primaryimage"},"thumbnailUrl":"https:\/\/clientesbrandbits.click\/wp-content\/uploads\/2024\/05\/France_Cannes_2024_Kinds_of_Kindness_Red_Carpet_64039.jpg","datePublished":"2024-05-19T06:17:35+00:00","dateModified":"2024-05-20T06:18:05+00:00","description":"Demi Moore estuvo en el Pabell\u00f3n Americano antes del estreno de su pel\u00edcula \u201cThe Substance\u201d que escandaliz\u00f3 a la audiencia por el Gore entregado por la directora Coralie Fargeat. Pero m\u00e1s all\u00e1 del impacto de la pel\u00edcula, Demi Moore est\u00e1 feliz por estar en el festival con su propio film.","breadcrumb":{"@id":"https:\/\/clientesbrandbits.click\/cannes-dia-6-demi-moore-por-fin-estoy-aqui-por-un-film-mio\/#breadcrumb"},"inLanguage":"es","potentialAction":[{"@type":"ReadAction","target":["https:\/\/clientesbrandbits.click\/cannes-dia-6-demi-moore-por-fin-estoy-aqui-por-un-film-mio\/"]}]},{"@type":"ImageObject","inLanguage":"es","@id":"https:\/\/clientesbrandbits.click\/cannes-dia-6-demi-moore-por-fin-estoy-aqui-por-un-film-mio\/#primaryimage","url":"https:\/\/clientesbrandbits.click\/wp-content\/uploads\/2024\/05\/France_Cannes_2024_Kinds_of_Kindness_Red_Carpet_64039.jpg","contentUrl":"https:\/\/clientesbrandbits.click\/wp-content\/uploads\/2024\/05\/France_Cannes_2024_Kinds_of_Kindness_Red_Carpet_64039.jpg","width":1200,"height":800},{"@type":"BreadcrumbList","@id":"https:\/\/clientesbrandbits.click\/cannes-dia-6-demi-moore-por-fin-estoy-aqui-por-un-film-mio\/#breadcrumb","itemListElement":[{"@type":"ListItem","position":1,"name":"Portada","item":"https:\/\/clientesbrandbits.click\/"},{"@type":"ListItem","position":2,"name":"Cannes D\u00eda 6: Demi Moore \u201cPor fin estoy aqu\u00ed por un film m\u00edo\u201d"}]},{"@type":"WebSite","@id":"https:\/\/clientesbrandbits.click\/#website","url":"https:\/\/clientesbrandbits.click\/","name":"Spanglish Cinema","description":"","publisher":{"@id":"https:\/\/clientesbrandbits.click\/#organization"},"potentialAction":[{"@type":"SearchAction","target":{"@type":"EntryPoint","urlTemplate":"https:\/\/clientesbrandbits.click\/?s={search_term_string}"},"query-input":"required name=search_term_string"}],"inLanguage":"es"},{"@type":"Organization","@id":"https:\/\/clientesbrandbits.click\/#organization","name":"Spanglish Cinema","url":"https:\/\/clientesbrandbits.click\/","logo":{"@type":"ImageObject","inLanguage":"es","@id":"https:\/\/clientesbrandbits.click\/#\/schema\/logo\/image\/","url":"https:\/\/clientesbrandbits.click\/wp-content\/uploads\/2024\/03\/spanglish_cinema.png","contentUrl":"https:\/\/clientesbrandbits.click\/wp-content\/uploads\/2024\/03\/spanglish_cinema.png","width":612,"height":225,"caption":"Spanglish Cinema"},"image":{"@id":"https:\/\/clientesbrandbits.click\/#\/schema\/logo\/image\/"}},{"@type":"Person","@id":"https:\/\/clientesbrandbits.click\/#\/schema\/person\/fedc39f5790928deafca5719b3588db2","name":"Francisca Romero","image":{"@type":"ImageObject","inLanguage":"es","@id":"https:\/\/clientesbrandbits.click\/#\/schema\/person\/image\/","url":"https:\/\/secure.gravatar.com\/avatar\/59bbcac6a15502dc7740d8ba94724e62?s=96&d=mm&r=g","contentUrl":"https:\/\/secure.gravatar.com\/avatar\/59bbcac6a15502dc7740d8ba94724e62?s=96&d=mm&r=g","caption":"Francisca Romero"},"url":"https:\/\/clientesbrandbits.click\/es\/author\/francisca-romero\/"}]}},"_links":{"self":[{"href":"https:\/\/clientesbrandbits.click\/es\/wp-json\/wp\/v2\/posts\/1427"}],"collection":[{"href":"https:\/\/clientesbrandbits.click\/es\/wp-json\/wp\/v2\/posts"}],"about":[{"href":"https:\/\/clientesbrandbits.click\/es\/wp-json\/wp\/v2\/types\/post"}],"author":[{"embeddable":true,"href":"https:\/\/clientesbrandbits.click\/es\/wp-json\/wp\/v2\/users\/2"}],"replies":[{"embeddable":true,"href":"https:\/\/clientesbrandbits.click\/es\/wp-json\/wp\/v2\/comments?post=1427"}],"version-history":[{"count":1,"href":"https:\/\/clientesbrandbits.click\/es\/wp-json\/wp\/v2\/posts\/1427\/revisions"}],"predecessor-version":[{"id":1431,"href":"https:\/\/clientesbrandbits.click\/es\/wp-json\/wp\/v2\/posts\/1427\/revisions\/1431"}],"wp:featuredmedia":[{"embeddable":true,"href":"https:\/\/clientesbrandbits.click\/es\/wp-json\/wp\/v2\/media\/1430"}],"wp:attachment":[{"href":"https:\/\/clientesbrandbits.click\/es\/wp-json\/wp\/v2\/media?parent=1427"}],"wp:term":[{"taxonomy":"category","embeddable":true,"href":"https:\/\/clientesbrandbits.click\/es\/wp-json\/wp\/v2\/categories?post=1427"},{"taxonomy":"post_tag","embeddable":true,"href":"https:\/\/clientesbrandbits.click\/es\/wp-json\/wp\/v2\/tags?post=1427"}],"curies":[{"name":"wp","href":"https:\/\/api.w.org\/{rel}","templated":true}]}}