{"id":1397,"date":"2024-05-28T19:39:18","date_gmt":"2024-05-28T23:39:18","guid":{"rendered":"https:\/\/clientesbrandbits.click\/?p=1397"},"modified":"2024-05-28T19:39:18","modified_gmt":"2024-05-28T23:39:18","slug":"el-26o-festival-de-cine-europeo-proyectara-mas-de-30-peliculas","status":"publish","type":"post","link":"https:\/\/clientesbrandbits.click\/es\/el-26o-festival-de-cine-europeo-proyectara-mas-de-30-peliculas\/","title":{"rendered":"El 26\u00ba Festival de Cine Europeo proyectar\u00e1 m\u00e1s de 30 pel\u00edculas"},"content":{"rendered":"<p style=\"text-align: justify;\">El Festival de Cine Europeo, fundado en 1998, se ha convertido en un evento emblem\u00e1tico en nuestro pa\u00eds, ya que permite conocer y apreciar pel\u00edculas europeas que, de otra manera, ser\u00edan imposibles de ver. Este hito cultural se ha constituido como una plataforma constante para explorar la diversidad cultural de Europa a trav\u00e9s de sus distintas perspectivas cinematogr\u00e1ficas.<\/p>\n<p style=\"text-align: justify;\">Entre sus virtudes est\u00e1 tambi\u00e9n el hecho de que las proyecciones son gratuitas y cada edici\u00f3n ofrece adem\u00e1s actividades paralelas de mediaci\u00f3n y educaci\u00f3n en torno a los filmes. Menci\u00f3n aparte merecen los esfuerzos del festival por descentralizar sus actividades y llevar a cabo iniciativas educativas en diversas comunidades a lo largo del pa\u00eds. Este a\u00f1o \u2013con una expansi\u00f3n que va desde Arica a Punta Arenas\u2013, el evento ha establecido una alianza con la Red de Salas de Cine de Chile, quienes exhibir\u00e1n la programaci\u00f3n a trav\u00e9s de sus sedes a lo largo de todo el pa\u00eds.<\/p>\n<p>El evento se realizar\u00e1 del 5 al 16 de junio, ofreciendo una experiencia cinematogr\u00e1fica \u00fanica para todos los amantes del cine en Chile.<\/p>\n<p>El Festival de Cine Europeo es una actividad coordinada por la Delegaci\u00f3n de la Uni\u00f3n Europea en Chile, en conjunto con los centros culturales europeos y pa\u00edses europeos participantes. Auspicia Ministerio de las Culturas, las Artes y el Patrimonio.<\/p>\n<p><strong>Pel\u00edcula sobre Werner Herzog abrir\u00e1 el Festival<\/strong><\/p>\n<p style=\"text-align: justify;\">Esta vigesimosexta edici\u00f3n viene repleta de pel\u00edculas y actividades. Los n\u00fameros hablan por s\u00ed solos: participar\u00e1n 15 pa\u00edses europeos, habr\u00e1n m\u00e1s de 30 pel\u00edculas que se proyectar\u00e1n en 23 salas a lo largo de 11 regiones de Chile. En total, ser\u00e1n m\u00e1s de 100 funciones para complacer a las audiencias cin\u00e9filas del pa\u00eds.<\/p>\n<p style=\"text-align: justify;\">Las ciudades donde se realizar\u00e1 el festival son: Santiago, Arica, Antofagasta, La Serena, San Antonio, Valpara\u00edso, Los Andes, Talca, Constituci\u00f3n, Chill\u00e1n, Valdivia, Puerto Montt, Puerto Varas, Coyhaique.<\/p>\n<p style=\"text-align: justify;\">Las embajadas que participan son: Alemania, B\u00e9lgica, Croacia, Eslovenia, Espa\u00f1a, Finlandia, Francia, Grecia, Irlanda, Italia, Polonia, Portugal, Rumania, Suecia, Suiza.<\/p>\n<p style=\"text-align: justify;\">La pel\u00edcula inaugural ser\u00e1 \u201cWerner Herzog: Radical Dreamer\u201d, documental dirigido por Thomas von Steinaecker, quien analiza el trabajo de este so\u00f1ador visionario. El propio director, acompa\u00f1ado de su entorno m\u00e1s cercano, incluida su mujer, revisan su carrera desde sus inicios en el cine. Junto a ellos, Nicole Kidman, Christian Bale y Robert Pattinson repasan sus pel\u00edculas con \u00e9l; mientras que Wim Wenders relata c\u00f3mo el director le ayud\u00f3 a llegar a un p\u00fablico m\u00e1s amplio y Chloe Zhao habla de su admiraci\u00f3n por el cineasta alem\u00e1n. Estos son algunos de los rostros que acompa\u00f1an a Werner Herzog, esta vez para hablar de los hechos.<\/p>\n<p style=\"text-align: justify;\">La programaci\u00f3n incluye pel\u00edculas de todos los g\u00e9neros y para todo p\u00fablico. Destacan \u201cLa Chimera\u201d, una coproducci\u00f3n de Italia, Francia y Suiza, dirigida por Alice Rohrwacher, uno de los filmes europeos m\u00e1s aclamados del \u00faltimo tiempo, nominado a la Palma de Oro en Cannes. Tambi\u00e9n el documental \u201cPolanski, Horowitz. Hometown\u201d, centrado en las experiencias del cineasta Roman Polanski y el fot\u00f3grafo Ryszard Horowitz en Cracovia, donde ni\u00f1os vivieron encerrados en un gueto jud\u00edo. Adem\u00e1s la pel\u00edcula \u201c\u00a1No te lo puedo creer! Un verano de sorpresas\u201d, pel\u00edcula familiar sobre un ni\u00f1o de 10 a\u00f1os que, junto a una inquieta ni\u00f1a llamada Jola, emprende una aventura cuya meta es llegar al mar. En el caso del intimista \u201cAl Djanat, The original Paradise\u201d, la directora africana Chlo\u00e9 A\u00efcha Boro filma el patio de su casa tras la muerte de su t\u00edo. En definitiva, un abanico de propuestas y estilos que componen una panor\u00e1mica de la producci\u00f3n cinematogr\u00e1fica actual.<\/p>\n<p>M\u00e1s informaci\u00f3n y programaci\u00f3n en festivalcineeuropeo.cl<\/p>\n<p><iframe title=\"Spot 26\u00b0 Festival de Cine Europeo\" width=\"1200\" height=\"675\" src=\"https:\/\/www.youtube.com\/embed\/SoeytPnOIko?feature=oembed\" frameborder=\"0\" allow=\"accelerometer; autoplay; clipboard-write; encrypted-media; gyroscope; picture-in-picture; web-share\" referrerpolicy=\"strict-origin-when-cross-origin\" allowfullscreen><\/iframe><\/p>\n<p><strong>Informaci\u00f3n de Cartelera<\/strong><\/p>\n<p>26\u00b0 Festival de Cine Europeo<\/p>\n<p>Del 5 al 16 de junio<\/p>\n<p>Santiago y regiones<\/p>\n<p>Gratuito.<\/p>\n<p>&nbsp;<\/p>\n","protected":false},"excerpt":{"rendered":"<p>El Festival de Cine Europeo, fundado en 1998, se ha convertido en un evento emblem\u00e1tico en nuestro pa\u00eds, ya que permite conocer y apreciar pel\u00edculas europeas que, de otra manera, ser\u00edan imposibles de ver. Este hito cultural se ha constituido &#8230; <a title=\"El 26\u00ba Festival de Cine Europeo proyectar\u00e1 m\u00e1s de 30 pel\u00edculas\" class=\"read-more\" href=\"https:\/\/clientesbrandbits.click\/es\/el-26o-festival-de-cine-europeo-proyectara-mas-de-30-peliculas\/\" aria-label=\"Leer m\u00e1s sobre El 26\u00ba Festival de Cine Europeo proyectar\u00e1 m\u00e1s de 30 pel\u00edculas\">Leer M\u00e1s<\/a><\/p>\n","protected":false},"author":5,"featured_media":1398,"comment_status":"closed","ping_status":"closed","sticky":false,"template":"","format":"standard","meta":{"_joinchat":[],"footnotes":""},"categories":[11,10],"tags":[],"class_list":["post-1397","post","type-post","status-publish","format-standard","has-post-thumbnail","hentry","category-festivales-de-cine","category-films","infinite-scroll-item"],"yoast_head":"<!-- This site is optimized with the Yoast SEO plugin v22.8 - https:\/\/yoast.com\/wordpress\/plugins\/seo\/ -->\n<title>El 26\u00ba Festival de Cine Europeo proyectar\u00e1 m\u00e1s de 30 pel\u00edculas - Spanglish Cinema<\/title>\n<meta name=\"description\" content=\"El Festival de Cine Europeo, fundado en 1998, se ha convertido en un evento emblem\u00e1tico en nuestro pa\u00eds, ya que permite conocer y apreciar pel\u00edculas europeas que, de otra manera, ser\u00edan imposibles de ver. Este hito cultural se ha constituido como una plataforma constante para explorar la diversidad cultural de Europa a trav\u00e9s de sus distintas perspectivas cinematogr\u00e1ficas.\" \/>\n<meta name=\"robots\" content=\"index, follow, max-snippet:-1, max-image-preview:large, max-video-preview:-1\" \/>\n<link rel=\"canonical\" href=\"https:\/\/clientesbrandbits.click\/es\/el-26o-festival-de-cine-europeo-proyectara-mas-de-30-peliculas\/\" \/>\n<meta property=\"og:locale\" content=\"es_ES\" \/>\n<meta property=\"og:type\" content=\"article\" \/>\n<meta property=\"og:title\" content=\"El 26\u00ba Festival de Cine Europeo proyectar\u00e1 m\u00e1s de 30 pel\u00edculas - Spanglish Cinema\" \/>\n<meta property=\"og:description\" content=\"El Festival de Cine Europeo, fundado en 1998, se ha convertido en un evento emblem\u00e1tico en nuestro pa\u00eds, ya que permite conocer y apreciar pel\u00edculas europeas que, de otra manera, ser\u00edan imposibles de ver. Este hito cultural se ha constituido como una plataforma constante para explorar la diversidad cultural de Europa a trav\u00e9s de sus distintas perspectivas cinematogr\u00e1ficas.\" \/>\n<meta property=\"og:url\" content=\"https:\/\/clientesbrandbits.click\/es\/el-26o-festival-de-cine-europeo-proyectara-mas-de-30-peliculas\/\" \/>\n<meta property=\"og:site_name\" content=\"Spanglish Cinema\" \/>\n<meta property=\"article:published_time\" content=\"2024-05-28T23:39:18+00:00\" \/>\n<meta property=\"og:image\" content=\"https:\/\/clientesbrandbits.click\/wp-content\/uploads\/2024\/05\/1__-Werner-Herzog-Radical-Dreamer.jpg\" \/>\n\t<meta property=\"og:image:width\" content=\"1000\" \/>\n\t<meta property=\"og:image:height\" content=\"667\" \/>\n\t<meta property=\"og:image:type\" content=\"image\/jpeg\" \/>\n<meta name=\"author\" content=\"Elizabeth Salazar\" \/>\n<meta name=\"twitter:card\" content=\"summary_large_image\" \/>\n<meta name=\"twitter:label1\" content=\"Escrito por\" \/>\n\t<meta name=\"twitter:data1\" content=\"Elizabeth Salazar\" \/>\n\t<meta name=\"twitter:label2\" content=\"Tiempo de lectura\" \/>\n\t<meta name=\"twitter:data2\" content=\"3 minutos\" \/>\n<script type=\"application\/ld+json\" class=\"yoast-schema-graph\">{\"@context\":\"https:\/\/schema.org\",\"@graph\":[{\"@type\":\"Article\",\"@id\":\"https:\/\/clientesbrandbits.click\/el-26o-festival-de-cine-europeo-proyectara-mas-de-30-peliculas\/#article\",\"isPartOf\":{\"@id\":\"https:\/\/clientesbrandbits.click\/el-26o-festival-de-cine-europeo-proyectara-mas-de-30-peliculas\/\"},\"author\":{\"name\":\"Elizabeth Salazar\",\"@id\":\"https:\/\/clientesbrandbits.click\/#\/schema\/person\/3582a766d1bd629325b8cb5e303f4963\"},\"headline\":\"El 26\u00ba Festival de Cine Europeo proyectar\u00e1 m\u00e1s de 30 pel\u00edculas\",\"datePublished\":\"2024-05-28T23:39:18+00:00\",\"dateModified\":\"2024-05-28T23:39:18+00:00\",\"mainEntityOfPage\":{\"@id\":\"https:\/\/clientesbrandbits.click\/el-26o-festival-de-cine-europeo-proyectara-mas-de-30-peliculas\/\"},\"wordCount\":698,\"publisher\":{\"@id\":\"https:\/\/clientesbrandbits.click\/#organization\"},\"image\":{\"@id\":\"https:\/\/clientesbrandbits.click\/el-26o-festival-de-cine-europeo-proyectara-mas-de-30-peliculas\/#primaryimage\"},\"thumbnailUrl\":\"https:\/\/clientesbrandbits.click\/wp-content\/uploads\/2024\/05\/1__-Werner-Herzog-Radical-Dreamer.jpg\",\"articleSection\":[\"Festivales de Cine\",\"Films\"],\"inLanguage\":\"es\"},{\"@type\":\"WebPage\",\"@id\":\"https:\/\/clientesbrandbits.click\/el-26o-festival-de-cine-europeo-proyectara-mas-de-30-peliculas\/\",\"url\":\"https:\/\/clientesbrandbits.click\/el-26o-festival-de-cine-europeo-proyectara-mas-de-30-peliculas\/\",\"name\":\"El 26\u00ba Festival de Cine Europeo proyectar\u00e1 m\u00e1s de 30 pel\u00edculas - Spanglish Cinema\",\"isPartOf\":{\"@id\":\"https:\/\/clientesbrandbits.click\/#website\"},\"primaryImageOfPage\":{\"@id\":\"https:\/\/clientesbrandbits.click\/el-26o-festival-de-cine-europeo-proyectara-mas-de-30-peliculas\/#primaryimage\"},\"image\":{\"@id\":\"https:\/\/clientesbrandbits.click\/el-26o-festival-de-cine-europeo-proyectara-mas-de-30-peliculas\/#primaryimage\"},\"thumbnailUrl\":\"https:\/\/clientesbrandbits.click\/wp-content\/uploads\/2024\/05\/1__-Werner-Herzog-Radical-Dreamer.jpg\",\"datePublished\":\"2024-05-28T23:39:18+00:00\",\"dateModified\":\"2024-05-28T23:39:18+00:00\",\"description\":\"El Festival de Cine Europeo, fundado en 1998, se ha convertido en un evento emblem\u00e1tico en nuestro pa\u00eds, ya que permite conocer y apreciar pel\u00edculas europeas que, de otra manera, ser\u00edan imposibles de ver. Este hito cultural se ha constituido como una plataforma constante para explorar la diversidad cultural de Europa a trav\u00e9s de sus distintas perspectivas cinematogr\u00e1ficas.\",\"breadcrumb\":{\"@id\":\"https:\/\/clientesbrandbits.click\/el-26o-festival-de-cine-europeo-proyectara-mas-de-30-peliculas\/#breadcrumb\"},\"inLanguage\":\"es\",\"potentialAction\":[{\"@type\":\"ReadAction\",\"target\":[\"https:\/\/clientesbrandbits.click\/el-26o-festival-de-cine-europeo-proyectara-mas-de-30-peliculas\/\"]}]},{\"@type\":\"ImageObject\",\"inLanguage\":\"es\",\"@id\":\"https:\/\/clientesbrandbits.click\/el-26o-festival-de-cine-europeo-proyectara-mas-de-30-peliculas\/#primaryimage\",\"url\":\"https:\/\/clientesbrandbits.click\/wp-content\/uploads\/2024\/05\/1__-Werner-Herzog-Radical-Dreamer.jpg\",\"contentUrl\":\"https:\/\/clientesbrandbits.click\/wp-content\/uploads\/2024\/05\/1__-Werner-Herzog-Radical-Dreamer.jpg\",\"width\":1000,\"height\":667},{\"@type\":\"BreadcrumbList\",\"@id\":\"https:\/\/clientesbrandbits.click\/el-26o-festival-de-cine-europeo-proyectara-mas-de-30-peliculas\/#breadcrumb\",\"itemListElement\":[{\"@type\":\"ListItem\",\"position\":1,\"name\":\"Portada\",\"item\":\"https:\/\/clientesbrandbits.click\/\"},{\"@type\":\"ListItem\",\"position\":2,\"name\":\"El 26\u00ba Festival de Cine Europeo proyectar\u00e1 m\u00e1s de 30 pel\u00edculas\"}]},{\"@type\":\"WebSite\",\"@id\":\"https:\/\/clientesbrandbits.click\/#website\",\"url\":\"https:\/\/clientesbrandbits.click\/\",\"name\":\"Spanglish Cinema\",\"description\":\"\",\"publisher\":{\"@id\":\"https:\/\/clientesbrandbits.click\/#organization\"},\"potentialAction\":[{\"@type\":\"SearchAction\",\"target\":{\"@type\":\"EntryPoint\",\"urlTemplate\":\"https:\/\/clientesbrandbits.click\/?s={search_term_string}\"},\"query-input\":\"required name=search_term_string\"}],\"inLanguage\":\"es\"},{\"@type\":\"Organization\",\"@id\":\"https:\/\/clientesbrandbits.click\/#organization\",\"name\":\"Spanglish Cinema\",\"url\":\"https:\/\/clientesbrandbits.click\/\",\"logo\":{\"@type\":\"ImageObject\",\"inLanguage\":\"es\",\"@id\":\"https:\/\/clientesbrandbits.click\/#\/schema\/logo\/image\/\",\"url\":\"https:\/\/clientesbrandbits.click\/wp-content\/uploads\/2024\/03\/spanglish_cinema.png\",\"contentUrl\":\"https:\/\/clientesbrandbits.click\/wp-content\/uploads\/2024\/03\/spanglish_cinema.png\",\"width\":612,\"height\":225,\"caption\":\"Spanglish Cinema\"},\"image\":{\"@id\":\"https:\/\/clientesbrandbits.click\/#\/schema\/logo\/image\/\"}},{\"@type\":\"Person\",\"@id\":\"https:\/\/clientesbrandbits.click\/#\/schema\/person\/3582a766d1bd629325b8cb5e303f4963\",\"name\":\"Elizabeth Salazar\",\"image\":{\"@type\":\"ImageObject\",\"inLanguage\":\"es\",\"@id\":\"https:\/\/clientesbrandbits.click\/#\/schema\/person\/image\/\",\"url\":\"https:\/\/secure.gravatar.com\/avatar\/ddf69a5ddae2a61929dd4e305eb31658?s=96&d=mm&r=g\",\"contentUrl\":\"https:\/\/secure.gravatar.com\/avatar\/ddf69a5ddae2a61929dd4e305eb31658?s=96&d=mm&r=g\",\"caption\":\"Elizabeth Salazar\"},\"url\":\"https:\/\/clientesbrandbits.click\/es\/author\/elizabeth-salazar\/\"}]}<\/script>\n<!-- \/ Yoast SEO plugin. -->","yoast_head_json":{"title":"El 26\u00ba Festival de Cine Europeo proyectar\u00e1 m\u00e1s de 30 pel\u00edculas - Spanglish Cinema","description":"El Festival de Cine Europeo, fundado en 1998, se ha convertido en un evento emblem\u00e1tico en nuestro pa\u00eds, ya que permite conocer y apreciar pel\u00edculas europeas que, de otra manera, ser\u00edan imposibles de ver. Este hito cultural se ha constituido como una plataforma constante para explorar la diversidad cultural de Europa a trav\u00e9s de sus distintas perspectivas cinematogr\u00e1ficas.","robots":{"index":"index","follow":"follow","max-snippet":"max-snippet:-1","max-image-preview":"max-image-preview:large","max-video-preview":"max-video-preview:-1"},"canonical":"https:\/\/clientesbrandbits.click\/es\/el-26o-festival-de-cine-europeo-proyectara-mas-de-30-peliculas\/","og_locale":"es_ES","og_type":"article","og_title":"El 26\u00ba Festival de Cine Europeo proyectar\u00e1 m\u00e1s de 30 pel\u00edculas - Spanglish Cinema","og_description":"El Festival de Cine Europeo, fundado en 1998, se ha convertido en un evento emblem\u00e1tico en nuestro pa\u00eds, ya que permite conocer y apreciar pel\u00edculas europeas que, de otra manera, ser\u00edan imposibles de ver. Este hito cultural se ha constituido como una plataforma constante para explorar la diversidad cultural de Europa a trav\u00e9s de sus distintas perspectivas cinematogr\u00e1ficas.","og_url":"https:\/\/clientesbrandbits.click\/es\/el-26o-festival-de-cine-europeo-proyectara-mas-de-30-peliculas\/","og_site_name":"Spanglish Cinema","article_published_time":"2024-05-28T23:39:18+00:00","og_image":[{"width":1000,"height":667,"url":"https:\/\/clientesbrandbits.click\/wp-content\/uploads\/2024\/05\/1__-Werner-Herzog-Radical-Dreamer.jpg","type":"image\/jpeg"}],"author":"Elizabeth Salazar","twitter_card":"summary_large_image","twitter_misc":{"Escrito por":"Elizabeth Salazar","Tiempo de lectura":"3 minutos"},"schema":{"@context":"https:\/\/schema.org","@graph":[{"@type":"Article","@id":"https:\/\/clientesbrandbits.click\/el-26o-festival-de-cine-europeo-proyectara-mas-de-30-peliculas\/#article","isPartOf":{"@id":"https:\/\/clientesbrandbits.click\/el-26o-festival-de-cine-europeo-proyectara-mas-de-30-peliculas\/"},"author":{"name":"Elizabeth Salazar","@id":"https:\/\/clientesbrandbits.click\/#\/schema\/person\/3582a766d1bd629325b8cb5e303f4963"},"headline":"El 26\u00ba Festival de Cine Europeo proyectar\u00e1 m\u00e1s de 30 pel\u00edculas","datePublished":"2024-05-28T23:39:18+00:00","dateModified":"2024-05-28T23:39:18+00:00","mainEntityOfPage":{"@id":"https:\/\/clientesbrandbits.click\/el-26o-festival-de-cine-europeo-proyectara-mas-de-30-peliculas\/"},"wordCount":698,"publisher":{"@id":"https:\/\/clientesbrandbits.click\/#organization"},"image":{"@id":"https:\/\/clientesbrandbits.click\/el-26o-festival-de-cine-europeo-proyectara-mas-de-30-peliculas\/#primaryimage"},"thumbnailUrl":"https:\/\/clientesbrandbits.click\/wp-content\/uploads\/2024\/05\/1__-Werner-Herzog-Radical-Dreamer.jpg","articleSection":["Festivales de Cine","Films"],"inLanguage":"es"},{"@type":"WebPage","@id":"https:\/\/clientesbrandbits.click\/el-26o-festival-de-cine-europeo-proyectara-mas-de-30-peliculas\/","url":"https:\/\/clientesbrandbits.click\/el-26o-festival-de-cine-europeo-proyectara-mas-de-30-peliculas\/","name":"El 26\u00ba Festival de Cine Europeo proyectar\u00e1 m\u00e1s de 30 pel\u00edculas - Spanglish Cinema","isPartOf":{"@id":"https:\/\/clientesbrandbits.click\/#website"},"primaryImageOfPage":{"@id":"https:\/\/clientesbrandbits.click\/el-26o-festival-de-cine-europeo-proyectara-mas-de-30-peliculas\/#primaryimage"},"image":{"@id":"https:\/\/clientesbrandbits.click\/el-26o-festival-de-cine-europeo-proyectara-mas-de-30-peliculas\/#primaryimage"},"thumbnailUrl":"https:\/\/clientesbrandbits.click\/wp-content\/uploads\/2024\/05\/1__-Werner-Herzog-Radical-Dreamer.jpg","datePublished":"2024-05-28T23:39:18+00:00","dateModified":"2024-05-28T23:39:18+00:00","description":"El Festival de Cine Europeo, fundado en 1998, se ha convertido en un evento emblem\u00e1tico en nuestro pa\u00eds, ya que permite conocer y apreciar pel\u00edculas europeas que, de otra manera, ser\u00edan imposibles de ver. Este hito cultural se ha constituido como una plataforma constante para explorar la diversidad cultural de Europa a trav\u00e9s de sus distintas perspectivas cinematogr\u00e1ficas.","breadcrumb":{"@id":"https:\/\/clientesbrandbits.click\/el-26o-festival-de-cine-europeo-proyectara-mas-de-30-peliculas\/#breadcrumb"},"inLanguage":"es","potentialAction":[{"@type":"ReadAction","target":["https:\/\/clientesbrandbits.click\/el-26o-festival-de-cine-europeo-proyectara-mas-de-30-peliculas\/"]}]},{"@type":"ImageObject","inLanguage":"es","@id":"https:\/\/clientesbrandbits.click\/el-26o-festival-de-cine-europeo-proyectara-mas-de-30-peliculas\/#primaryimage","url":"https:\/\/clientesbrandbits.click\/wp-content\/uploads\/2024\/05\/1__-Werner-Herzog-Radical-Dreamer.jpg","contentUrl":"https:\/\/clientesbrandbits.click\/wp-content\/uploads\/2024\/05\/1__-Werner-Herzog-Radical-Dreamer.jpg","width":1000,"height":667},{"@type":"BreadcrumbList","@id":"https:\/\/clientesbrandbits.click\/el-26o-festival-de-cine-europeo-proyectara-mas-de-30-peliculas\/#breadcrumb","itemListElement":[{"@type":"ListItem","position":1,"name":"Portada","item":"https:\/\/clientesbrandbits.click\/"},{"@type":"ListItem","position":2,"name":"El 26\u00ba Festival de Cine Europeo proyectar\u00e1 m\u00e1s de 30 pel\u00edculas"}]},{"@type":"WebSite","@id":"https:\/\/clientesbrandbits.click\/#website","url":"https:\/\/clientesbrandbits.click\/","name":"Spanglish Cinema","description":"","publisher":{"@id":"https:\/\/clientesbrandbits.click\/#organization"},"potentialAction":[{"@type":"SearchAction","target":{"@type":"EntryPoint","urlTemplate":"https:\/\/clientesbrandbits.click\/?s={search_term_string}"},"query-input":"required name=search_term_string"}],"inLanguage":"es"},{"@type":"Organization","@id":"https:\/\/clientesbrandbits.click\/#organization","name":"Spanglish Cinema","url":"https:\/\/clientesbrandbits.click\/","logo":{"@type":"ImageObject","inLanguage":"es","@id":"https:\/\/clientesbrandbits.click\/#\/schema\/logo\/image\/","url":"https:\/\/clientesbrandbits.click\/wp-content\/uploads\/2024\/03\/spanglish_cinema.png","contentUrl":"https:\/\/clientesbrandbits.click\/wp-content\/uploads\/2024\/03\/spanglish_cinema.png","width":612,"height":225,"caption":"Spanglish Cinema"},"image":{"@id":"https:\/\/clientesbrandbits.click\/#\/schema\/logo\/image\/"}},{"@type":"Person","@id":"https:\/\/clientesbrandbits.click\/#\/schema\/person\/3582a766d1bd629325b8cb5e303f4963","name":"Elizabeth Salazar","image":{"@type":"ImageObject","inLanguage":"es","@id":"https:\/\/clientesbrandbits.click\/#\/schema\/person\/image\/","url":"https:\/\/secure.gravatar.com\/avatar\/ddf69a5ddae2a61929dd4e305eb31658?s=96&d=mm&r=g","contentUrl":"https:\/\/secure.gravatar.com\/avatar\/ddf69a5ddae2a61929dd4e305eb31658?s=96&d=mm&r=g","caption":"Elizabeth Salazar"},"url":"https:\/\/clientesbrandbits.click\/es\/author\/elizabeth-salazar\/"}]}},"_links":{"self":[{"href":"https:\/\/clientesbrandbits.click\/es\/wp-json\/wp\/v2\/posts\/1397"}],"collection":[{"href":"https:\/\/clientesbrandbits.click\/es\/wp-json\/wp\/v2\/posts"}],"about":[{"href":"https:\/\/clientesbrandbits.click\/es\/wp-json\/wp\/v2\/types\/post"}],"author":[{"embeddable":true,"href":"https:\/\/clientesbrandbits.click\/es\/wp-json\/wp\/v2\/users\/5"}],"replies":[{"embeddable":true,"href":"https:\/\/clientesbrandbits.click\/es\/wp-json\/wp\/v2\/comments?post=1397"}],"version-history":[{"count":1,"href":"https:\/\/clientesbrandbits.click\/es\/wp-json\/wp\/v2\/posts\/1397\/revisions"}],"predecessor-version":[{"id":1399,"href":"https:\/\/clientesbrandbits.click\/es\/wp-json\/wp\/v2\/posts\/1397\/revisions\/1399"}],"wp:featuredmedia":[{"embeddable":true,"href":"https:\/\/clientesbrandbits.click\/es\/wp-json\/wp\/v2\/media\/1398"}],"wp:attachment":[{"href":"https:\/\/clientesbrandbits.click\/es\/wp-json\/wp\/v2\/media?parent=1397"}],"wp:term":[{"taxonomy":"category","embeddable":true,"href":"https:\/\/clientesbrandbits.click\/es\/wp-json\/wp\/v2\/categories?post=1397"},{"taxonomy":"post_tag","embeddable":true,"href":"https:\/\/clientesbrandbits.click\/es\/wp-json\/wp\/v2\/tags?post=1397"}],"curies":[{"name":"wp","href":"https:\/\/api.w.org\/{rel}","templated":true}]}}