{"id":1393,"date":"2024-05-16T13:50:28","date_gmt":"2024-05-16T17:50:28","guid":{"rendered":"https:\/\/clientesbrandbits.click\/?p=1393"},"modified":"2024-05-16T13:50:28","modified_gmt":"2024-05-16T17:50:28","slug":"cannes-dia-3-estuvimos-en-la-conferencia-de-prensa-de-furiosa-a-mad-max-saga","status":"publish","type":"post","link":"https:\/\/clientesbrandbits.click\/es\/cannes-dia-3-estuvimos-en-la-conferencia-de-prensa-de-furiosa-a-mad-max-saga\/","title":{"rendered":"Cannes D\u00eda 3: Estuvimos en la conferencia de prensa de Furiosa: A Mad Max Saga"},"content":{"rendered":"<p style=\"text-align: justify;\">Anya-Taylor Joy, Chris Hemsworth, Tom Burke, su director George Miller y el productor Doug Mitchell realizaron su entrada triunfal a la sala de prensa del Palacio del Festival luego de ayer haber tenido una ovaci\u00f3n de ocho minutos en su premiere.<\/p>\n<p style=\"text-align: justify;\">Distendidos y a sala llena, la conferencia se focaliz\u00f3 en c\u00f3mo el director ha mantenido esta historia viva y en los corazones de la audiencia durante a\u00f1os, la dedicaci\u00f3n con que realizaron la pel\u00edcula y esboz\u00f3 si pensaba en otra pel\u00edcula de Mad Max y el director, no se cerr\u00f3 a la posibilidad.<\/p>\n<p style=\"text-align: justify;\">Son cinco las pel\u00edculas que ha hecho de \u201cMad Max\u201d el director australiano George Miller a sus 79 a\u00f1os, y entre ellas \u201cFury Road\u201d considerada como una de las mejores pel\u00edculas de acci\u00f3n de todos los tiempos. \u201cFury Road\u201d, fue sumamente \u00fatil para el elenco de la pel\u00edcula\u201d, dijo el director, haciendo referencia a que les sirve como base para los personajes.<\/p>\n<p style=\"text-align: justify;\">Una de las cosas que m\u00e1s nos gust\u00f3 de las respuestas del director, y por qu\u00e9 eso puede ser ayuda para entender sus pel\u00edculas es que desde ni\u00f1o le gust\u00f3 crear, jugaba con sus hermanos, imaginaci\u00f3n pura y el d\u00eda de hoy, para \u00e9l hacer cine, es seguir jugando.<\/p>\n<p style=\"text-align: justify;\"><strong>\u201cSiempre me pregunto, \u00bfEstar\u00e9 loco?, luego le doy rienda suelta a la curiosidad y siento que estoy aprendiendo\u201d, dice Miller.<\/strong><\/p>\n<p style=\"text-align: justify;\">La importancia de los dobles en este tipo de pel\u00edculas tambi\u00e9n sali\u00f3 como t\u00f3pico de apertura de la conferencia de prensa. Hay una escena que ten\u00eda que ser performada por Anya- Taylor Joy y que demor\u00f3 79 d\u00edas en filmar por lo que su doble de acci\u00f3n \u201c<strong>se volvi\u00f3 literalmente una de mis mejores amigas del mundo entero\u201d<\/strong>, ella le ense\u00f1\u00f3, desde el amor, dice la protagonista, a hacer todas sus escenas de acci\u00f3n.<\/p>\n<p style=\"text-align: justify;\">Por otra parte, Chris Hemsworth se mostr\u00f3 distendido y se le sali\u00f3 m\u00e1s de una carcajada en la conferencia de prensa. No solo est\u00e1 contento por la variable australiana del elenco, nombr\u00e1ndolos a todos como australianos honorarios, sino tambi\u00e9n por las comparaciones que han salido de su personaje, como hoy le dijeron en la conferencia de prensa: \u201cDementus es una mezcla entre Darth Vader con una mezcla de Loony Toons\u201d, a lo que el actor respondi\u00f3 con un dedito para arriba ri\u00e9ndose y diciendo \u201cgracias\u201d. Continu\u00f3 diciendo que este personaje ha sido sumamente importante para su carrera.<\/p>\n<p style=\"text-align: justify;\">La pel\u00edcula llega pr\u00f3ximamente a cines latinoamericanos.<\/p>\n","protected":false},"excerpt":{"rendered":"<p>Anya-Taylor Joy, Chris Hemsworth, Tom Burke, su director George Miller y el productor Doug Mitchell realizaron su entrada triunfal a la sala de prensa del Palacio del Festival luego de ayer haber tenido una ovaci\u00f3n de ocho minutos en su &#8230; <a title=\"Cannes D\u00eda 3: Estuvimos en la conferencia de prensa de Furiosa: A Mad Max Saga\" class=\"read-more\" href=\"https:\/\/clientesbrandbits.click\/es\/cannes-dia-3-estuvimos-en-la-conferencia-de-prensa-de-furiosa-a-mad-max-saga\/\" aria-label=\"Leer m\u00e1s sobre Cannes D\u00eda 3: Estuvimos en la conferencia de prensa de Furiosa: A Mad Max Saga\">Leer M\u00e1s<\/a><\/p>\n","protected":false},"author":2,"featured_media":1395,"comment_status":"closed","ping_status":"closed","sticky":false,"template":"","format":"standard","meta":{"_joinchat":[],"footnotes":""},"categories":[11,10],"tags":[33,44],"class_list":["post-1393","post","type-post","status-publish","format-standard","has-post-thumbnail","hentry","category-festivales-de-cine","category-films","tag-festival-de-cannes","tag-furiosa","infinite-scroll-item"],"yoast_head":"<!-- This site is optimized with the Yoast SEO plugin v22.8 - https:\/\/yoast.com\/wordpress\/plugins\/seo\/ -->\n<title>Cannes D\u00eda 3: Estuvimos en la conferencia de prensa de Furiosa: A Mad Max Saga - Spanglish Cinema<\/title>\n<meta name=\"description\" content=\"Anya-Taylor Joy, Chris Hemsworth, Tom Burke, su director George Miller y el productor Doug Mitchell realizaron su entrada triunfal a la sala de prensa del Palacio del Festival luego de ayer haber tenido una ovaci\u00f3n de ocho minutos en su premiere.\" \/>\n<meta name=\"robots\" content=\"index, follow, max-snippet:-1, max-image-preview:large, max-video-preview:-1\" \/>\n<link rel=\"canonical\" href=\"https:\/\/clientesbrandbits.click\/es\/cannes-dia-3-estuvimos-en-la-conferencia-de-prensa-de-furiosa-a-mad-max-saga\/\" \/>\n<meta property=\"og:locale\" content=\"es_ES\" \/>\n<meta property=\"og:type\" content=\"article\" \/>\n<meta property=\"og:title\" content=\"Cannes D\u00eda 3: Estuvimos en la conferencia de prensa de Furiosa: A Mad Max Saga - Spanglish Cinema\" \/>\n<meta property=\"og:description\" content=\"Anya-Taylor Joy, Chris Hemsworth, Tom Burke, su director George Miller y el productor Doug Mitchell realizaron su entrada triunfal a la sala de prensa del Palacio del Festival luego de ayer haber tenido una ovaci\u00f3n de ocho minutos en su premiere.\" \/>\n<meta property=\"og:url\" content=\"https:\/\/clientesbrandbits.click\/es\/cannes-dia-3-estuvimos-en-la-conferencia-de-prensa-de-furiosa-a-mad-max-saga\/\" \/>\n<meta property=\"og:site_name\" content=\"Spanglish Cinema\" \/>\n<meta property=\"article:published_time\" content=\"2024-05-16T17:50:28+00:00\" \/>\n<meta property=\"og:image\" content=\"https:\/\/clientesbrandbits.click\/wp-content\/uploads\/2024\/05\/IMG_9664-scaled-e1715881793780.jpg\" \/>\n\t<meta property=\"og:image:width\" content=\"2525\" \/>\n\t<meta property=\"og:image:height\" content=\"1467\" \/>\n\t<meta property=\"og:image:type\" content=\"image\/jpeg\" \/>\n<meta name=\"author\" content=\"Francisca Romero\" \/>\n<meta name=\"twitter:card\" content=\"summary_large_image\" \/>\n<meta name=\"twitter:label1\" content=\"Escrito por\" \/>\n\t<meta name=\"twitter:data1\" content=\"Francisca Romero\" \/>\n\t<meta name=\"twitter:label2\" content=\"Tiempo de lectura\" \/>\n\t<meta name=\"twitter:data2\" content=\"3 minutos\" \/>\n<script type=\"application\/ld+json\" class=\"yoast-schema-graph\">{\"@context\":\"https:\/\/schema.org\",\"@graph\":[{\"@type\":\"Article\",\"@id\":\"https:\/\/clientesbrandbits.click\/cannes-dia-3-estuvimos-en-la-conferencia-de-prensa-de-furiosa-a-mad-max-saga\/#article\",\"isPartOf\":{\"@id\":\"https:\/\/clientesbrandbits.click\/cannes-dia-3-estuvimos-en-la-conferencia-de-prensa-de-furiosa-a-mad-max-saga\/\"},\"author\":{\"name\":\"Francisca Romero\",\"@id\":\"https:\/\/clientesbrandbits.click\/#\/schema\/person\/fedc39f5790928deafca5719b3588db2\"},\"headline\":\"Cannes D\u00eda 3: Estuvimos en la conferencia de prensa de Furiosa: A Mad Max Saga\",\"datePublished\":\"2024-05-16T17:50:28+00:00\",\"dateModified\":\"2024-05-16T17:50:28+00:00\",\"mainEntityOfPage\":{\"@id\":\"https:\/\/clientesbrandbits.click\/cannes-dia-3-estuvimos-en-la-conferencia-de-prensa-de-furiosa-a-mad-max-saga\/\"},\"wordCount\":445,\"publisher\":{\"@id\":\"https:\/\/clientesbrandbits.click\/#organization\"},\"image\":{\"@id\":\"https:\/\/clientesbrandbits.click\/cannes-dia-3-estuvimos-en-la-conferencia-de-prensa-de-furiosa-a-mad-max-saga\/#primaryimage\"},\"thumbnailUrl\":\"https:\/\/clientesbrandbits.click\/wp-content\/uploads\/2024\/05\/IMG_9664-scaled-e1715881793780.jpg\",\"keywords\":[\"festival de cannes\",\"Furiosa\"],\"articleSection\":[\"Festivales de Cine\",\"Films\"],\"inLanguage\":\"es\"},{\"@type\":\"WebPage\",\"@id\":\"https:\/\/clientesbrandbits.click\/cannes-dia-3-estuvimos-en-la-conferencia-de-prensa-de-furiosa-a-mad-max-saga\/\",\"url\":\"https:\/\/clientesbrandbits.click\/cannes-dia-3-estuvimos-en-la-conferencia-de-prensa-de-furiosa-a-mad-max-saga\/\",\"name\":\"Cannes D\u00eda 3: Estuvimos en la conferencia de prensa de Furiosa: A Mad Max Saga - Spanglish Cinema\",\"isPartOf\":{\"@id\":\"https:\/\/clientesbrandbits.click\/#website\"},\"primaryImageOfPage\":{\"@id\":\"https:\/\/clientesbrandbits.click\/cannes-dia-3-estuvimos-en-la-conferencia-de-prensa-de-furiosa-a-mad-max-saga\/#primaryimage\"},\"image\":{\"@id\":\"https:\/\/clientesbrandbits.click\/cannes-dia-3-estuvimos-en-la-conferencia-de-prensa-de-furiosa-a-mad-max-saga\/#primaryimage\"},\"thumbnailUrl\":\"https:\/\/clientesbrandbits.click\/wp-content\/uploads\/2024\/05\/IMG_9664-scaled-e1715881793780.jpg\",\"datePublished\":\"2024-05-16T17:50:28+00:00\",\"dateModified\":\"2024-05-16T17:50:28+00:00\",\"description\":\"Anya-Taylor Joy, Chris Hemsworth, Tom Burke, su director George Miller y el productor Doug Mitchell realizaron su entrada triunfal a la sala de prensa del Palacio del Festival luego de ayer haber tenido una ovaci\u00f3n de ocho minutos en su premiere.\",\"breadcrumb\":{\"@id\":\"https:\/\/clientesbrandbits.click\/cannes-dia-3-estuvimos-en-la-conferencia-de-prensa-de-furiosa-a-mad-max-saga\/#breadcrumb\"},\"inLanguage\":\"es\",\"potentialAction\":[{\"@type\":\"ReadAction\",\"target\":[\"https:\/\/clientesbrandbits.click\/cannes-dia-3-estuvimos-en-la-conferencia-de-prensa-de-furiosa-a-mad-max-saga\/\"]}]},{\"@type\":\"ImageObject\",\"inLanguage\":\"es\",\"@id\":\"https:\/\/clientesbrandbits.click\/cannes-dia-3-estuvimos-en-la-conferencia-de-prensa-de-furiosa-a-mad-max-saga\/#primaryimage\",\"url\":\"https:\/\/clientesbrandbits.click\/wp-content\/uploads\/2024\/05\/IMG_9664-scaled-e1715881793780.jpg\",\"contentUrl\":\"https:\/\/clientesbrandbits.click\/wp-content\/uploads\/2024\/05\/IMG_9664-scaled-e1715881793780.jpg\",\"width\":2525,\"height\":1467},{\"@type\":\"BreadcrumbList\",\"@id\":\"https:\/\/clientesbrandbits.click\/cannes-dia-3-estuvimos-en-la-conferencia-de-prensa-de-furiosa-a-mad-max-saga\/#breadcrumb\",\"itemListElement\":[{\"@type\":\"ListItem\",\"position\":1,\"name\":\"Portada\",\"item\":\"https:\/\/clientesbrandbits.click\/\"},{\"@type\":\"ListItem\",\"position\":2,\"name\":\"Cannes D\u00eda 3: Estuvimos en la conferencia de prensa de Furiosa: A Mad Max Saga\"}]},{\"@type\":\"WebSite\",\"@id\":\"https:\/\/clientesbrandbits.click\/#website\",\"url\":\"https:\/\/clientesbrandbits.click\/\",\"name\":\"Spanglish Cinema\",\"description\":\"\",\"publisher\":{\"@id\":\"https:\/\/clientesbrandbits.click\/#organization\"},\"potentialAction\":[{\"@type\":\"SearchAction\",\"target\":{\"@type\":\"EntryPoint\",\"urlTemplate\":\"https:\/\/clientesbrandbits.click\/?s={search_term_string}\"},\"query-input\":\"required name=search_term_string\"}],\"inLanguage\":\"es\"},{\"@type\":\"Organization\",\"@id\":\"https:\/\/clientesbrandbits.click\/#organization\",\"name\":\"Spanglish Cinema\",\"url\":\"https:\/\/clientesbrandbits.click\/\",\"logo\":{\"@type\":\"ImageObject\",\"inLanguage\":\"es\",\"@id\":\"https:\/\/clientesbrandbits.click\/#\/schema\/logo\/image\/\",\"url\":\"https:\/\/clientesbrandbits.click\/wp-content\/uploads\/2024\/03\/spanglish_cinema.png\",\"contentUrl\":\"https:\/\/clientesbrandbits.click\/wp-content\/uploads\/2024\/03\/spanglish_cinema.png\",\"width\":612,\"height\":225,\"caption\":\"Spanglish Cinema\"},\"image\":{\"@id\":\"https:\/\/clientesbrandbits.click\/#\/schema\/logo\/image\/\"}},{\"@type\":\"Person\",\"@id\":\"https:\/\/clientesbrandbits.click\/#\/schema\/person\/fedc39f5790928deafca5719b3588db2\",\"name\":\"Francisca Romero\",\"image\":{\"@type\":\"ImageObject\",\"inLanguage\":\"es\",\"@id\":\"https:\/\/clientesbrandbits.click\/#\/schema\/person\/image\/\",\"url\":\"https:\/\/secure.gravatar.com\/avatar\/59bbcac6a15502dc7740d8ba94724e62?s=96&d=mm&r=g\",\"contentUrl\":\"https:\/\/secure.gravatar.com\/avatar\/59bbcac6a15502dc7740d8ba94724e62?s=96&d=mm&r=g\",\"caption\":\"Francisca Romero\"},\"url\":\"https:\/\/clientesbrandbits.click\/es\/author\/francisca-romero\/\"}]}<\/script>\n<!-- \/ Yoast SEO plugin. -->","yoast_head_json":{"title":"Cannes D\u00eda 3: Estuvimos en la conferencia de prensa de Furiosa: A Mad Max Saga - Spanglish Cinema","description":"Anya-Taylor Joy, Chris Hemsworth, Tom Burke, su director George Miller y el productor Doug Mitchell realizaron su entrada triunfal a la sala de prensa del Palacio del Festival luego de ayer haber tenido una ovaci\u00f3n de ocho minutos en su premiere.","robots":{"index":"index","follow":"follow","max-snippet":"max-snippet:-1","max-image-preview":"max-image-preview:large","max-video-preview":"max-video-preview:-1"},"canonical":"https:\/\/clientesbrandbits.click\/es\/cannes-dia-3-estuvimos-en-la-conferencia-de-prensa-de-furiosa-a-mad-max-saga\/","og_locale":"es_ES","og_type":"article","og_title":"Cannes D\u00eda 3: Estuvimos en la conferencia de prensa de Furiosa: A Mad Max Saga - Spanglish Cinema","og_description":"Anya-Taylor Joy, Chris Hemsworth, Tom Burke, su director George Miller y el productor Doug Mitchell realizaron su entrada triunfal a la sala de prensa del Palacio del Festival luego de ayer haber tenido una ovaci\u00f3n de ocho minutos en su premiere.","og_url":"https:\/\/clientesbrandbits.click\/es\/cannes-dia-3-estuvimos-en-la-conferencia-de-prensa-de-furiosa-a-mad-max-saga\/","og_site_name":"Spanglish Cinema","article_published_time":"2024-05-16T17:50:28+00:00","og_image":[{"width":2525,"height":1467,"url":"https:\/\/clientesbrandbits.click\/wp-content\/uploads\/2024\/05\/IMG_9664-scaled-e1715881793780.jpg","type":"image\/jpeg"}],"author":"Francisca Romero","twitter_card":"summary_large_image","twitter_misc":{"Escrito por":"Francisca Romero","Tiempo de lectura":"3 minutos"},"schema":{"@context":"https:\/\/schema.org","@graph":[{"@type":"Article","@id":"https:\/\/clientesbrandbits.click\/cannes-dia-3-estuvimos-en-la-conferencia-de-prensa-de-furiosa-a-mad-max-saga\/#article","isPartOf":{"@id":"https:\/\/clientesbrandbits.click\/cannes-dia-3-estuvimos-en-la-conferencia-de-prensa-de-furiosa-a-mad-max-saga\/"},"author":{"name":"Francisca Romero","@id":"https:\/\/clientesbrandbits.click\/#\/schema\/person\/fedc39f5790928deafca5719b3588db2"},"headline":"Cannes D\u00eda 3: Estuvimos en la conferencia de prensa de Furiosa: A Mad Max Saga","datePublished":"2024-05-16T17:50:28+00:00","dateModified":"2024-05-16T17:50:28+00:00","mainEntityOfPage":{"@id":"https:\/\/clientesbrandbits.click\/cannes-dia-3-estuvimos-en-la-conferencia-de-prensa-de-furiosa-a-mad-max-saga\/"},"wordCount":445,"publisher":{"@id":"https:\/\/clientesbrandbits.click\/#organization"},"image":{"@id":"https:\/\/clientesbrandbits.click\/cannes-dia-3-estuvimos-en-la-conferencia-de-prensa-de-furiosa-a-mad-max-saga\/#primaryimage"},"thumbnailUrl":"https:\/\/clientesbrandbits.click\/wp-content\/uploads\/2024\/05\/IMG_9664-scaled-e1715881793780.jpg","keywords":["festival de cannes","Furiosa"],"articleSection":["Festivales de Cine","Films"],"inLanguage":"es"},{"@type":"WebPage","@id":"https:\/\/clientesbrandbits.click\/cannes-dia-3-estuvimos-en-la-conferencia-de-prensa-de-furiosa-a-mad-max-saga\/","url":"https:\/\/clientesbrandbits.click\/cannes-dia-3-estuvimos-en-la-conferencia-de-prensa-de-furiosa-a-mad-max-saga\/","name":"Cannes D\u00eda 3: Estuvimos en la conferencia de prensa de Furiosa: A Mad Max Saga - Spanglish Cinema","isPartOf":{"@id":"https:\/\/clientesbrandbits.click\/#website"},"primaryImageOfPage":{"@id":"https:\/\/clientesbrandbits.click\/cannes-dia-3-estuvimos-en-la-conferencia-de-prensa-de-furiosa-a-mad-max-saga\/#primaryimage"},"image":{"@id":"https:\/\/clientesbrandbits.click\/cannes-dia-3-estuvimos-en-la-conferencia-de-prensa-de-furiosa-a-mad-max-saga\/#primaryimage"},"thumbnailUrl":"https:\/\/clientesbrandbits.click\/wp-content\/uploads\/2024\/05\/IMG_9664-scaled-e1715881793780.jpg","datePublished":"2024-05-16T17:50:28+00:00","dateModified":"2024-05-16T17:50:28+00:00","description":"Anya-Taylor Joy, Chris Hemsworth, Tom Burke, su director George Miller y el productor Doug Mitchell realizaron su entrada triunfal a la sala de prensa del Palacio del Festival luego de ayer haber tenido una ovaci\u00f3n de ocho minutos en su premiere.","breadcrumb":{"@id":"https:\/\/clientesbrandbits.click\/cannes-dia-3-estuvimos-en-la-conferencia-de-prensa-de-furiosa-a-mad-max-saga\/#breadcrumb"},"inLanguage":"es","potentialAction":[{"@type":"ReadAction","target":["https:\/\/clientesbrandbits.click\/cannes-dia-3-estuvimos-en-la-conferencia-de-prensa-de-furiosa-a-mad-max-saga\/"]}]},{"@type":"ImageObject","inLanguage":"es","@id":"https:\/\/clientesbrandbits.click\/cannes-dia-3-estuvimos-en-la-conferencia-de-prensa-de-furiosa-a-mad-max-saga\/#primaryimage","url":"https:\/\/clientesbrandbits.click\/wp-content\/uploads\/2024\/05\/IMG_9664-scaled-e1715881793780.jpg","contentUrl":"https:\/\/clientesbrandbits.click\/wp-content\/uploads\/2024\/05\/IMG_9664-scaled-e1715881793780.jpg","width":2525,"height":1467},{"@type":"BreadcrumbList","@id":"https:\/\/clientesbrandbits.click\/cannes-dia-3-estuvimos-en-la-conferencia-de-prensa-de-furiosa-a-mad-max-saga\/#breadcrumb","itemListElement":[{"@type":"ListItem","position":1,"name":"Portada","item":"https:\/\/clientesbrandbits.click\/"},{"@type":"ListItem","position":2,"name":"Cannes D\u00eda 3: Estuvimos en la conferencia de prensa de Furiosa: A Mad Max Saga"}]},{"@type":"WebSite","@id":"https:\/\/clientesbrandbits.click\/#website","url":"https:\/\/clientesbrandbits.click\/","name":"Spanglish Cinema","description":"","publisher":{"@id":"https:\/\/clientesbrandbits.click\/#organization"},"potentialAction":[{"@type":"SearchAction","target":{"@type":"EntryPoint","urlTemplate":"https:\/\/clientesbrandbits.click\/?s={search_term_string}"},"query-input":"required name=search_term_string"}],"inLanguage":"es"},{"@type":"Organization","@id":"https:\/\/clientesbrandbits.click\/#organization","name":"Spanglish Cinema","url":"https:\/\/clientesbrandbits.click\/","logo":{"@type":"ImageObject","inLanguage":"es","@id":"https:\/\/clientesbrandbits.click\/#\/schema\/logo\/image\/","url":"https:\/\/clientesbrandbits.click\/wp-content\/uploads\/2024\/03\/spanglish_cinema.png","contentUrl":"https:\/\/clientesbrandbits.click\/wp-content\/uploads\/2024\/03\/spanglish_cinema.png","width":612,"height":225,"caption":"Spanglish Cinema"},"image":{"@id":"https:\/\/clientesbrandbits.click\/#\/schema\/logo\/image\/"}},{"@type":"Person","@id":"https:\/\/clientesbrandbits.click\/#\/schema\/person\/fedc39f5790928deafca5719b3588db2","name":"Francisca Romero","image":{"@type":"ImageObject","inLanguage":"es","@id":"https:\/\/clientesbrandbits.click\/#\/schema\/person\/image\/","url":"https:\/\/secure.gravatar.com\/avatar\/59bbcac6a15502dc7740d8ba94724e62?s=96&d=mm&r=g","contentUrl":"https:\/\/secure.gravatar.com\/avatar\/59bbcac6a15502dc7740d8ba94724e62?s=96&d=mm&r=g","caption":"Francisca Romero"},"url":"https:\/\/clientesbrandbits.click\/es\/author\/francisca-romero\/"}]}},"_links":{"self":[{"href":"https:\/\/clientesbrandbits.click\/es\/wp-json\/wp\/v2\/posts\/1393"}],"collection":[{"href":"https:\/\/clientesbrandbits.click\/es\/wp-json\/wp\/v2\/posts"}],"about":[{"href":"https:\/\/clientesbrandbits.click\/es\/wp-json\/wp\/v2\/types\/post"}],"author":[{"embeddable":true,"href":"https:\/\/clientesbrandbits.click\/es\/wp-json\/wp\/v2\/users\/2"}],"replies":[{"embeddable":true,"href":"https:\/\/clientesbrandbits.click\/es\/wp-json\/wp\/v2\/comments?post=1393"}],"version-history":[{"count":1,"href":"https:\/\/clientesbrandbits.click\/es\/wp-json\/wp\/v2\/posts\/1393\/revisions"}],"predecessor-version":[{"id":1396,"href":"https:\/\/clientesbrandbits.click\/es\/wp-json\/wp\/v2\/posts\/1393\/revisions\/1396"}],"wp:featuredmedia":[{"embeddable":true,"href":"https:\/\/clientesbrandbits.click\/es\/wp-json\/wp\/v2\/media\/1395"}],"wp:attachment":[{"href":"https:\/\/clientesbrandbits.click\/es\/wp-json\/wp\/v2\/media?parent=1393"}],"wp:term":[{"taxonomy":"category","embeddable":true,"href":"https:\/\/clientesbrandbits.click\/es\/wp-json\/wp\/v2\/categories?post=1393"},{"taxonomy":"post_tag","embeddable":true,"href":"https:\/\/clientesbrandbits.click\/es\/wp-json\/wp\/v2\/tags?post=1393"}],"curies":[{"name":"wp","href":"https:\/\/api.w.org\/{rel}","templated":true}]}}