{"id":1344,"date":"2024-05-13T12:53:53","date_gmt":"2024-05-13T16:53:53","guid":{"rendered":"https:\/\/clientesbrandbits.click\/?p=1344"},"modified":"2024-05-14T12:54:11","modified_gmt":"2024-05-14T16:54:11","slug":"cinelebu-da-inicio-a-su-24a-edicion-con-grandes-invitados","status":"publish","type":"post","link":"https:\/\/clientesbrandbits.click\/es\/cinelebu-da-inicio-a-su-24a-edicion-con-grandes-invitados\/","title":{"rendered":"CineLebu da inicio a su 24a edici\u00f3n con grandes invitados"},"content":{"rendered":"<p>Este domingo 12 de mayo comenz\u00f3 el Festival Internacional de Cine de Lebu, CINELEBU, certamen calificador de los Premios Oscar y Goya que se destaca como una gran celebraci\u00f3n cultural abierta al p\u00fablico. La jornada cont\u00f3 con la tradicional alfombra blanca, por la que pasaron distintas figuras nacionales e internacionales del mundo del cine.<\/p>\n<p>La actividad fue encabezada por la ministra de las Culturas, las Artes y el Patrimonio, Carolina Arredondo; la Seremi de las Culturas del Biob\u00edo, Paloma Z\u00fa\u00f1iga; el alcalde de Lebu, Cristian Pe\u00f1a; y la directora de CINELEBU, Claudia Pino. Tanto ella como la actriz Teresita Reyes fueron nombradas Hijas Ilustres de Lebu.<\/p>\n<p>Sobre la relevancia de CINELEBU como calificador de los Premios Oscar y Goya, la ministra Arredondo coment\u00f3 que \u201ces algo que sin duda pone al Festival no s\u00f3lo en el centro de la conversaci\u00f3n a nivel nacional, sino que a nivel internacional tambi\u00e9n. Muchas y muchos que hemos participado anteriormente sabemos y conocemos esa cualidad que tiene el Festival y que tambi\u00e9n ha permitido el di\u00e1logo con diversos productores y distribuidores a nivel internacional, y eso es muy importante para los creadores nacionales\u201d.<\/p>\n<p>Por su parte, el alcalde Cristian Pe\u00f1a se\u00f1al\u00f3 que \u201cestamos muy satisfechos, nos complace mucho el nivel al que ha llegado este festival, clasificando para los Premios Oscar y Goya. Es un festival que ya es parte del patrimonio cultural de la ciudad y estamos muy contentos de recibir las visitas que han llegado hasta a Lebu. Es un valor incalculable\u201d.<\/p>\n<p>La directora de CINELEBU, Claudia Pino, expres\u00f3 que \u201cestamos agradecidos, pero queremos m\u00e1s, y c\u00f3mo no, si partimos con la idea de poder llegar con pel\u00edculas a una peque\u00f1a comuna al sur de Chile y lograr, ojal\u00e1, que creadores locales quisieran mostrarnos sus propias propuestas. Hoy nos llegan miles de trabajos para contar nuestra propia historia: ni\u00f1os, mujeres y personas de la tercera edad, que participan activamente de talleres que los convierten en realizadores. Con profesionales de primer nivel, dictamos charlas y cursos a todo el pa\u00eds. Estamos orgullosos de hacer formaci\u00f3n a nuestro p\u00fablico con talleres de primer nivel y orgullosos de ser el \u00fanico festival calificador en tres categor\u00edas para los Premios Oscar y Goya. Y no estamos en Santiago, sino en la provincia de Arauco, en la Regi\u00f3n del Biob\u00edo, y en la capital de la provincia de Arauco, que es Lebu\u201d.<\/p>\n<p><strong>La ceremonia de inauguraci\u00f3n<\/strong><\/p>\n<p>La actriz Alejandra Araya y el actor Giordano Rossi fueron los conductores del certamen, en el que se present\u00f3 al jurado y las distintas categor\u00edas que componen el Festival.<\/p>\n<p>El momento m\u00e1s emotivo de la ceremonia de inauguraci\u00f3n lo protagoniz\u00f3 Paulina Urrutia, quien recibi\u00f3 el Premio a la Trayectoria en CINELEBU. La destacada actriz ha realizado un inagotable circuito cinematogr\u00e1fico con \u201cLa Memoria Infinita\u201d, dirigida por Maite Alberdi, que retrata con delicadeza los a\u00f1os m\u00e1s dif\u00edciles de su marido, el periodista Augusto G\u00f3ngora, y su historia de amor. Esta obra audiovisual fue nominada a los Premios Oscar en la categor\u00eda Mejor Documental.<\/p>\n<p>\u201cFue una sorpresa muy grande, fue un regalo y es muy bonito que el mundo audiovisual, a una actriz que es del mundo del teatro, tenga este reconocimiento, porque he tenido varias participaciones en pel\u00edculas, pero de una manera marginal. Finalmente, llegu\u00e9 a este mundo de una manera tambi\u00e9n muy especial\u201d, coment\u00f3 Urrutia.<\/p>\n<p>Dos importantes cortometrajes se proyectaron durante la inauguraci\u00f3n de CINELEBU. El primero fue \u201cSof\u00eda y los esp\u00edritus del bosque\u201d, creado por ni\u00f1os y ni\u00f1as de Lebu. Tambi\u00e9n se estren\u00f3 a nivel nacional el cortometraje \u201cTo Bird or Not To Bird\u201d, del cineasta espa\u00f1ol Mart\u00edn Romero. Esta obra, que data de 2023, obtuvo el Goya al Cortometraje de Animaci\u00f3n.<\/p>\n<p>El cierre de la inauguraci\u00f3n estuvo a cargo de la actriz nacional Amaya Forch, quien present\u00f3 su musical \u201cIncomparables\u201d, inspirada en la emblem\u00e1tica trayectoria de la cantante Cecilia y que integra a otras voces del recuerdo, como Mercedes Sosa, Palmenia Pizarro, Violeta Parra y Luz Casal. Hay que destacar que Forch es parte del jurado de CINELEBU.<\/p>\n<p>\u201cEste concierto es en honor a grandes cantantes iberoamericanas y sus canciones han marcado a todos y que todos conocemos. Todas las canciones tienen un significado especial, porque dentro del repertorio de estas grandes mujeres busqu\u00e9 las que ten\u00edan que ver con mi vida o lo que conoc\u00ed cuando chica. Siempre trato de elegir canciones con las que me siento cerca. Obviamente Cecilia me inspira mucho porque tuve el honor de actuar en su pel\u00edcula\u201d, dijo Forch.<\/p>\n<p><strong>Una amplia gama de actividades en CINELEBU<\/strong><\/p>\n<p>Durante el desarrollo de este Festival Internacional de Cine de Lebu 2024, se realizar\u00e1n distintas actividades abiertas a toda la comunidad, en la que se proyectar\u00e1n pel\u00edculas aclamadas por la cr\u00edtica. En la programaci\u00f3n destaca \u201cOppenheimer\u201d, ganadora del Premio Oscar a la Mejor Pel\u00edcula.<\/p>\n<p>Para todo p\u00fablico, tambi\u00e9n se proyectar\u00e1n los filmes internacionales \u201cLuca\u201d, \u201cSpider-Man: Across the Spider-Verse\u201d, \u201cTurning Red\u201d, \u201cBob Marley: One Love\u201d y \u201cPobres Criaturas\u201d.<\/p>\n<p>En el \u00e1mbito nacional, la comunidad podr\u00e1 disfrutar de \u201cLa Memoria Infinita\u201d, de Maite Alberdi, \u201cEl Conde\u201d, de Pablo Larra\u00edn, y \u201cCecilia, la incomparable: Bravura Plateada\u201d, de Vane Miller. A ellos se suman \u201cAn\u00e1logos\u201d, de Jorge Olgu\u00edn y \u201cEn septiembre canta el gallo\u201d, del cantautor Nano Stern.<\/p>\n<p>Menci\u00f3n especial al Consejo Nacional de Televisi\u00f3n (CNTV), que ofrece una amplia oferta para el p\u00fablico infantil durante los d\u00edas 13, 14 y 15 de mayo, en la Biblioteca Municipal de Lebu.<\/p>\n<p>Tambi\u00e9n habr\u00e1 espacio para el est\u00edmulo del intelecto y los sentidos, a trav\u00e9s de la observaci\u00f3n astron\u00f3mica a cargo del Observatorio Cerro Mamalluca, en la que sus visitantes podr\u00e1n disfrutar de una experiencia estelar mediante telescopios y la gu\u00eda de expertos astr\u00f3nomos. Esta actividad se realizar\u00e1 en el Gimnasio Municipal de Pehu\u00e9n, de lunes a domingo, de 10:00 a 17:00 horas, por orden de llegada.<\/p>\n<p>CINELEBU recibe este lunes 13 de mayo al Museo Interactivo Mirador (MIM), que presentar\u00e1 su nueva exposici\u00f3n \u00abAstro Itinerante, un viaje por Nuestro Sistema Solar\u00bb en el Gimnasio Municipal de Pehu\u00e9n, como parte de la 24\u00aa versi\u00f3n del Festival CineLebu.<\/p>\n<p>Puedes revisar el programa completo del Festival a trav\u00e9s del sitio <a href=\"https:\/\/cinelebu.cl\/v3\/\">CINELEBU.cl<\/a> y seguir todas las actividades a trav\u00e9s de nuestras redes sociales.<\/p>\n<p><img fetchpriority=\"high\" decoding=\"async\" class=\"aligncenter wp-image-1352 size-large\" src=\"https:\/\/clientesbrandbits.click\/wp-content\/uploads\/2024\/05\/GNbB5aTWsAAzI5n-1024x683.jpg\" alt=\"\" width=\"1024\" height=\"683\" \/><\/p>\n","protected":false},"excerpt":{"rendered":"<p>Este domingo 12 de mayo comenz\u00f3 el Festival Internacional de Cine de Lebu, CINELEBU, certamen calificador de los Premios Oscar y Goya que se destaca como una gran celebraci\u00f3n cultural abierta al p\u00fablico. La jornada cont\u00f3 con la tradicional alfombra &#8230; <a title=\"CineLebu da inicio a su 24a edici\u00f3n con grandes invitados\" class=\"read-more\" href=\"https:\/\/clientesbrandbits.click\/es\/cinelebu-da-inicio-a-su-24a-edicion-con-grandes-invitados\/\" aria-label=\"Leer m\u00e1s sobre CineLebu da inicio a su 24a edici\u00f3n con grandes invitados\">Leer M\u00e1s<\/a><\/p>\n","protected":false},"author":3,"featured_media":1353,"comment_status":"closed","ping_status":"closed","sticky":false,"template":"","format":"standard","meta":{"_joinchat":[],"footnotes":""},"categories":[11],"tags":[127],"class_list":["post-1344","post","type-post","status-publish","format-standard","has-post-thumbnail","hentry","category-festivales-de-cine","tag-festival-de-cine-de-lebu","infinite-scroll-item"],"yoast_head":"<!-- This site is optimized with the Yoast SEO plugin v22.8 - https:\/\/yoast.com\/wordpress\/plugins\/seo\/ -->\n<title>CineLebu da inicio a su 24a edici\u00f3n con grandes invitados - Spanglish Cinema<\/title>\n<meta name=\"robots\" content=\"index, follow, max-snippet:-1, max-image-preview:large, max-video-preview:-1\" \/>\n<link rel=\"canonical\" href=\"https:\/\/clientesbrandbits.click\/es\/cinelebu-da-inicio-a-su-24a-edicion-con-grandes-invitados\/\" \/>\n<meta property=\"og:locale\" content=\"es_ES\" \/>\n<meta property=\"og:type\" content=\"article\" \/>\n<meta property=\"og:title\" content=\"CineLebu da inicio a su 24a edici\u00f3n con grandes invitados - Spanglish Cinema\" \/>\n<meta property=\"og:description\" content=\"Este domingo 12 de mayo comenz\u00f3 el Festival Internacional de Cine de Lebu, CINELEBU, certamen calificador de los Premios Oscar y Goya que se destaca como una gran celebraci\u00f3n cultural abierta al p\u00fablico. La jornada cont\u00f3 con la tradicional alfombra ... Leer M\u00e1s\" \/>\n<meta property=\"og:url\" content=\"https:\/\/clientesbrandbits.click\/es\/cinelebu-da-inicio-a-su-24a-edicion-con-grandes-invitados\/\" \/>\n<meta property=\"og:site_name\" content=\"Spanglish Cinema\" \/>\n<meta property=\"article:published_time\" content=\"2024-05-13T16:53:53+00:00\" \/>\n<meta property=\"article:modified_time\" content=\"2024-05-14T16:54:11+00:00\" \/>\n<meta property=\"og:image\" content=\"https:\/\/clientesbrandbits.click\/wp-content\/uploads\/2024\/05\/GNbB5aSXYAAbJLT.jpg\" \/>\n\t<meta property=\"og:image:width\" content=\"1280\" \/>\n\t<meta property=\"og:image:height\" content=\"853\" \/>\n\t<meta property=\"og:image:type\" content=\"image\/jpeg\" \/>\n<meta name=\"author\" content=\"Spanglish Cinema Team\" \/>\n<meta name=\"twitter:card\" content=\"summary_large_image\" \/>\n<meta name=\"twitter:label1\" content=\"Escrito por\" \/>\n\t<meta name=\"twitter:data1\" content=\"Spanglish Cinema Team\" \/>\n\t<meta name=\"twitter:label2\" content=\"Tiempo de lectura\" \/>\n\t<meta name=\"twitter:data2\" content=\"6 minutos\" \/>\n<script type=\"application\/ld+json\" class=\"yoast-schema-graph\">{\"@context\":\"https:\/\/schema.org\",\"@graph\":[{\"@type\":\"Article\",\"@id\":\"https:\/\/clientesbrandbits.click\/cinelebu-da-inicio-a-su-24a-edicion-con-grandes-invitados\/#article\",\"isPartOf\":{\"@id\":\"https:\/\/clientesbrandbits.click\/cinelebu-da-inicio-a-su-24a-edicion-con-grandes-invitados\/\"},\"author\":{\"name\":\"Spanglish Cinema Team\",\"@id\":\"https:\/\/clientesbrandbits.click\/#\/schema\/person\/678f0477e0f075fdf24e58e342ca80f1\"},\"headline\":\"CineLebu da inicio a su 24a edici\u00f3n con grandes invitados\",\"datePublished\":\"2024-05-13T16:53:53+00:00\",\"dateModified\":\"2024-05-14T16:54:11+00:00\",\"mainEntityOfPage\":{\"@id\":\"https:\/\/clientesbrandbits.click\/cinelebu-da-inicio-a-su-24a-edicion-con-grandes-invitados\/\"},\"wordCount\":1107,\"publisher\":{\"@id\":\"https:\/\/clientesbrandbits.click\/#organization\"},\"image\":{\"@id\":\"https:\/\/clientesbrandbits.click\/cinelebu-da-inicio-a-su-24a-edicion-con-grandes-invitados\/#primaryimage\"},\"thumbnailUrl\":\"https:\/\/clientesbrandbits.click\/wp-content\/uploads\/2024\/05\/GNbB5aSXYAAbJLT.jpg\",\"keywords\":[\"Festival de cine de Lebu\"],\"articleSection\":[\"Festivales de Cine\"],\"inLanguage\":\"es\"},{\"@type\":\"WebPage\",\"@id\":\"https:\/\/clientesbrandbits.click\/cinelebu-da-inicio-a-su-24a-edicion-con-grandes-invitados\/\",\"url\":\"https:\/\/clientesbrandbits.click\/cinelebu-da-inicio-a-su-24a-edicion-con-grandes-invitados\/\",\"name\":\"CineLebu da inicio a su 24a edici\u00f3n con grandes invitados - Spanglish Cinema\",\"isPartOf\":{\"@id\":\"https:\/\/clientesbrandbits.click\/#website\"},\"primaryImageOfPage\":{\"@id\":\"https:\/\/clientesbrandbits.click\/cinelebu-da-inicio-a-su-24a-edicion-con-grandes-invitados\/#primaryimage\"},\"image\":{\"@id\":\"https:\/\/clientesbrandbits.click\/cinelebu-da-inicio-a-su-24a-edicion-con-grandes-invitados\/#primaryimage\"},\"thumbnailUrl\":\"https:\/\/clientesbrandbits.click\/wp-content\/uploads\/2024\/05\/GNbB5aSXYAAbJLT.jpg\",\"datePublished\":\"2024-05-13T16:53:53+00:00\",\"dateModified\":\"2024-05-14T16:54:11+00:00\",\"breadcrumb\":{\"@id\":\"https:\/\/clientesbrandbits.click\/cinelebu-da-inicio-a-su-24a-edicion-con-grandes-invitados\/#breadcrumb\"},\"inLanguage\":\"es\",\"potentialAction\":[{\"@type\":\"ReadAction\",\"target\":[\"https:\/\/clientesbrandbits.click\/cinelebu-da-inicio-a-su-24a-edicion-con-grandes-invitados\/\"]}]},{\"@type\":\"ImageObject\",\"inLanguage\":\"es\",\"@id\":\"https:\/\/clientesbrandbits.click\/cinelebu-da-inicio-a-su-24a-edicion-con-grandes-invitados\/#primaryimage\",\"url\":\"https:\/\/clientesbrandbits.click\/wp-content\/uploads\/2024\/05\/GNbB5aSXYAAbJLT.jpg\",\"contentUrl\":\"https:\/\/clientesbrandbits.click\/wp-content\/uploads\/2024\/05\/GNbB5aSXYAAbJLT.jpg\",\"width\":1280,\"height\":853},{\"@type\":\"BreadcrumbList\",\"@id\":\"https:\/\/clientesbrandbits.click\/cinelebu-da-inicio-a-su-24a-edicion-con-grandes-invitados\/#breadcrumb\",\"itemListElement\":[{\"@type\":\"ListItem\",\"position\":1,\"name\":\"Portada\",\"item\":\"https:\/\/clientesbrandbits.click\/\"},{\"@type\":\"ListItem\",\"position\":2,\"name\":\"CineLebu da inicio a su 24a edici\u00f3n con grandes invitados\"}]},{\"@type\":\"WebSite\",\"@id\":\"https:\/\/clientesbrandbits.click\/#website\",\"url\":\"https:\/\/clientesbrandbits.click\/\",\"name\":\"Spanglish Cinema\",\"description\":\"\",\"publisher\":{\"@id\":\"https:\/\/clientesbrandbits.click\/#organization\"},\"potentialAction\":[{\"@type\":\"SearchAction\",\"target\":{\"@type\":\"EntryPoint\",\"urlTemplate\":\"https:\/\/clientesbrandbits.click\/?s={search_term_string}\"},\"query-input\":\"required name=search_term_string\"}],\"inLanguage\":\"es\"},{\"@type\":\"Organization\",\"@id\":\"https:\/\/clientesbrandbits.click\/#organization\",\"name\":\"Spanglish Cinema\",\"url\":\"https:\/\/clientesbrandbits.click\/\",\"logo\":{\"@type\":\"ImageObject\",\"inLanguage\":\"es\",\"@id\":\"https:\/\/clientesbrandbits.click\/#\/schema\/logo\/image\/\",\"url\":\"https:\/\/clientesbrandbits.click\/wp-content\/uploads\/2024\/03\/spanglish_cinema.png\",\"contentUrl\":\"https:\/\/clientesbrandbits.click\/wp-content\/uploads\/2024\/03\/spanglish_cinema.png\",\"width\":612,\"height\":225,\"caption\":\"Spanglish Cinema\"},\"image\":{\"@id\":\"https:\/\/clientesbrandbits.click\/#\/schema\/logo\/image\/\"}},{\"@type\":\"Person\",\"@id\":\"https:\/\/clientesbrandbits.click\/#\/schema\/person\/678f0477e0f075fdf24e58e342ca80f1\",\"name\":\"Spanglish Cinema Team\",\"image\":{\"@type\":\"ImageObject\",\"inLanguage\":\"es\",\"@id\":\"https:\/\/clientesbrandbits.click\/#\/schema\/person\/image\/\",\"url\":\"https:\/\/secure.gravatar.com\/avatar\/3eef20e32ea53867d5b6a361c9e8e2ee?s=96&d=mm&r=g\",\"contentUrl\":\"https:\/\/secure.gravatar.com\/avatar\/3eef20e32ea53867d5b6a361c9e8e2ee?s=96&d=mm&r=g\",\"caption\":\"Spanglish Cinema Team\"},\"url\":\"https:\/\/clientesbrandbits.click\/es\/author\/spanglish-cinema\/\"}]}<\/script>\n<!-- \/ Yoast SEO plugin. -->","yoast_head_json":{"title":"CineLebu da inicio a su 24a edici\u00f3n con grandes invitados - Spanglish Cinema","robots":{"index":"index","follow":"follow","max-snippet":"max-snippet:-1","max-image-preview":"max-image-preview:large","max-video-preview":"max-video-preview:-1"},"canonical":"https:\/\/clientesbrandbits.click\/es\/cinelebu-da-inicio-a-su-24a-edicion-con-grandes-invitados\/","og_locale":"es_ES","og_type":"article","og_title":"CineLebu da inicio a su 24a edici\u00f3n con grandes invitados - Spanglish Cinema","og_description":"Este domingo 12 de mayo comenz\u00f3 el Festival Internacional de Cine de Lebu, CINELEBU, certamen calificador de los Premios Oscar y Goya que se destaca como una gran celebraci\u00f3n cultural abierta al p\u00fablico. La jornada cont\u00f3 con la tradicional alfombra ... Leer M\u00e1s","og_url":"https:\/\/clientesbrandbits.click\/es\/cinelebu-da-inicio-a-su-24a-edicion-con-grandes-invitados\/","og_site_name":"Spanglish Cinema","article_published_time":"2024-05-13T16:53:53+00:00","article_modified_time":"2024-05-14T16:54:11+00:00","og_image":[{"width":1280,"height":853,"url":"https:\/\/clientesbrandbits.click\/wp-content\/uploads\/2024\/05\/GNbB5aSXYAAbJLT.jpg","type":"image\/jpeg"}],"author":"Spanglish Cinema Team","twitter_card":"summary_large_image","twitter_misc":{"Escrito por":"Spanglish Cinema Team","Tiempo de lectura":"6 minutos"},"schema":{"@context":"https:\/\/schema.org","@graph":[{"@type":"Article","@id":"https:\/\/clientesbrandbits.click\/cinelebu-da-inicio-a-su-24a-edicion-con-grandes-invitados\/#article","isPartOf":{"@id":"https:\/\/clientesbrandbits.click\/cinelebu-da-inicio-a-su-24a-edicion-con-grandes-invitados\/"},"author":{"name":"Spanglish Cinema Team","@id":"https:\/\/clientesbrandbits.click\/#\/schema\/person\/678f0477e0f075fdf24e58e342ca80f1"},"headline":"CineLebu da inicio a su 24a edici\u00f3n con grandes invitados","datePublished":"2024-05-13T16:53:53+00:00","dateModified":"2024-05-14T16:54:11+00:00","mainEntityOfPage":{"@id":"https:\/\/clientesbrandbits.click\/cinelebu-da-inicio-a-su-24a-edicion-con-grandes-invitados\/"},"wordCount":1107,"publisher":{"@id":"https:\/\/clientesbrandbits.click\/#organization"},"image":{"@id":"https:\/\/clientesbrandbits.click\/cinelebu-da-inicio-a-su-24a-edicion-con-grandes-invitados\/#primaryimage"},"thumbnailUrl":"https:\/\/clientesbrandbits.click\/wp-content\/uploads\/2024\/05\/GNbB5aSXYAAbJLT.jpg","keywords":["Festival de cine de Lebu"],"articleSection":["Festivales de Cine"],"inLanguage":"es"},{"@type":"WebPage","@id":"https:\/\/clientesbrandbits.click\/cinelebu-da-inicio-a-su-24a-edicion-con-grandes-invitados\/","url":"https:\/\/clientesbrandbits.click\/cinelebu-da-inicio-a-su-24a-edicion-con-grandes-invitados\/","name":"CineLebu da inicio a su 24a edici\u00f3n con grandes invitados - Spanglish Cinema","isPartOf":{"@id":"https:\/\/clientesbrandbits.click\/#website"},"primaryImageOfPage":{"@id":"https:\/\/clientesbrandbits.click\/cinelebu-da-inicio-a-su-24a-edicion-con-grandes-invitados\/#primaryimage"},"image":{"@id":"https:\/\/clientesbrandbits.click\/cinelebu-da-inicio-a-su-24a-edicion-con-grandes-invitados\/#primaryimage"},"thumbnailUrl":"https:\/\/clientesbrandbits.click\/wp-content\/uploads\/2024\/05\/GNbB5aSXYAAbJLT.jpg","datePublished":"2024-05-13T16:53:53+00:00","dateModified":"2024-05-14T16:54:11+00:00","breadcrumb":{"@id":"https:\/\/clientesbrandbits.click\/cinelebu-da-inicio-a-su-24a-edicion-con-grandes-invitados\/#breadcrumb"},"inLanguage":"es","potentialAction":[{"@type":"ReadAction","target":["https:\/\/clientesbrandbits.click\/cinelebu-da-inicio-a-su-24a-edicion-con-grandes-invitados\/"]}]},{"@type":"ImageObject","inLanguage":"es","@id":"https:\/\/clientesbrandbits.click\/cinelebu-da-inicio-a-su-24a-edicion-con-grandes-invitados\/#primaryimage","url":"https:\/\/clientesbrandbits.click\/wp-content\/uploads\/2024\/05\/GNbB5aSXYAAbJLT.jpg","contentUrl":"https:\/\/clientesbrandbits.click\/wp-content\/uploads\/2024\/05\/GNbB5aSXYAAbJLT.jpg","width":1280,"height":853},{"@type":"BreadcrumbList","@id":"https:\/\/clientesbrandbits.click\/cinelebu-da-inicio-a-su-24a-edicion-con-grandes-invitados\/#breadcrumb","itemListElement":[{"@type":"ListItem","position":1,"name":"Portada","item":"https:\/\/clientesbrandbits.click\/"},{"@type":"ListItem","position":2,"name":"CineLebu da inicio a su 24a edici\u00f3n con grandes invitados"}]},{"@type":"WebSite","@id":"https:\/\/clientesbrandbits.click\/#website","url":"https:\/\/clientesbrandbits.click\/","name":"Spanglish Cinema","description":"","publisher":{"@id":"https:\/\/clientesbrandbits.click\/#organization"},"potentialAction":[{"@type":"SearchAction","target":{"@type":"EntryPoint","urlTemplate":"https:\/\/clientesbrandbits.click\/?s={search_term_string}"},"query-input":"required name=search_term_string"}],"inLanguage":"es"},{"@type":"Organization","@id":"https:\/\/clientesbrandbits.click\/#organization","name":"Spanglish Cinema","url":"https:\/\/clientesbrandbits.click\/","logo":{"@type":"ImageObject","inLanguage":"es","@id":"https:\/\/clientesbrandbits.click\/#\/schema\/logo\/image\/","url":"https:\/\/clientesbrandbits.click\/wp-content\/uploads\/2024\/03\/spanglish_cinema.png","contentUrl":"https:\/\/clientesbrandbits.click\/wp-content\/uploads\/2024\/03\/spanglish_cinema.png","width":612,"height":225,"caption":"Spanglish Cinema"},"image":{"@id":"https:\/\/clientesbrandbits.click\/#\/schema\/logo\/image\/"}},{"@type":"Person","@id":"https:\/\/clientesbrandbits.click\/#\/schema\/person\/678f0477e0f075fdf24e58e342ca80f1","name":"Spanglish Cinema Team","image":{"@type":"ImageObject","inLanguage":"es","@id":"https:\/\/clientesbrandbits.click\/#\/schema\/person\/image\/","url":"https:\/\/secure.gravatar.com\/avatar\/3eef20e32ea53867d5b6a361c9e8e2ee?s=96&d=mm&r=g","contentUrl":"https:\/\/secure.gravatar.com\/avatar\/3eef20e32ea53867d5b6a361c9e8e2ee?s=96&d=mm&r=g","caption":"Spanglish Cinema Team"},"url":"https:\/\/clientesbrandbits.click\/es\/author\/spanglish-cinema\/"}]}},"_links":{"self":[{"href":"https:\/\/clientesbrandbits.click\/es\/wp-json\/wp\/v2\/posts\/1344"}],"collection":[{"href":"https:\/\/clientesbrandbits.click\/es\/wp-json\/wp\/v2\/posts"}],"about":[{"href":"https:\/\/clientesbrandbits.click\/es\/wp-json\/wp\/v2\/types\/post"}],"author":[{"embeddable":true,"href":"https:\/\/clientesbrandbits.click\/es\/wp-json\/wp\/v2\/users\/3"}],"replies":[{"embeddable":true,"href":"https:\/\/clientesbrandbits.click\/es\/wp-json\/wp\/v2\/comments?post=1344"}],"version-history":[{"count":2,"href":"https:\/\/clientesbrandbits.click\/es\/wp-json\/wp\/v2\/posts\/1344\/revisions"}],"predecessor-version":[{"id":1359,"href":"https:\/\/clientesbrandbits.click\/es\/wp-json\/wp\/v2\/posts\/1344\/revisions\/1359"}],"wp:featuredmedia":[{"embeddable":true,"href":"https:\/\/clientesbrandbits.click\/es\/wp-json\/wp\/v2\/media\/1353"}],"wp:attachment":[{"href":"https:\/\/clientesbrandbits.click\/es\/wp-json\/wp\/v2\/media?parent=1344"}],"wp:term":[{"taxonomy":"category","embeddable":true,"href":"https:\/\/clientesbrandbits.click\/es\/wp-json\/wp\/v2\/categories?post=1344"},{"taxonomy":"post_tag","embeddable":true,"href":"https:\/\/clientesbrandbits.click\/es\/wp-json\/wp\/v2\/tags?post=1344"}],"curies":[{"name":"wp","href":"https:\/\/api.w.org\/{rel}","templated":true}]}}