{"id":1341,"date":"2024-05-13T10:42:27","date_gmt":"2024-05-13T14:42:27","guid":{"rendered":"https:\/\/clientesbrandbits.click\/?p=1341"},"modified":"2024-05-13T10:42:27","modified_gmt":"2024-05-13T14:42:27","slug":"el-pabellon-americano-lanza-su-programacion-para-cannes","status":"publish","type":"post","link":"https:\/\/clientesbrandbits.click\/es\/el-pabellon-americano-lanza-su-programacion-para-cannes\/","title":{"rendered":"El Pabell\u00f3n Americano Lanza su programaci\u00f3n para Cannes"},"content":{"rendered":"<p style=\"text-align: justify;\">Actores de renombre mundial, legendarios cineastas y periodistas que hacen titulares estar\u00e1n entre los destacados durante la pr\u00f3xima Serie \u00abIndustria En Foco\u00bb y la programaci\u00f3n \u00abEn Conversaci\u00f3n\u00bb en The American Pavilion en el Festival Internacional de Cine de Cannes 2024, anunciado por <strong>Julie Sisk, Fundadora y Presidenta de The American Pavilion (<a target=\"_new\" rel=\"noreferrer noopener\">www.ampav.com<\/a>).<\/strong><\/p>\n<p style=\"text-align: justify;\">Las discusiones y conversaciones uno a uno de The American Pavilion tienen lugar en el Centro de Conferencias Roger Ebert y est\u00e1n abiertas a todos los miembros de AmPav. La programaci\u00f3n del festival comienza el mi\u00e9rcoles 15 de mayo y presenta un calendario diario s\u00f3lido de m\u00e1s de 25 paneles, conversaciones y proyecciones programadas hasta el jueves 23 de mayo.<\/p>\n<p style=\"text-align: justify;\">\u00abEl American Pavilion est\u00e1 emocionado de <strong>albergar a un grupo diverso e innovador de artistas y ejecutivos<\/strong> mientras conversan sobre todos los aspectos de la industria cinematogr\u00e1fica. Nos sentimos honrados de que tantos talentos nuevos y recurrentes, cineastas y l\u00edderes de la industria del entretenimiento elijan compartir sus historias y experiencia con nuestros miembros, estudiantes y participantes en la Muestra de Cineastas Emergentes\u00bb, dijo Julie Sisk, Fundadora y Presidenta de The American Pavilion.<\/p>\n<p style=\"text-align: justify;\">La prestigiosa serie En Conversaci\u00f3n de este a\u00f1o presenta discusiones \u00edntimas con la actriz, productora y autora superventas <strong>Demi Moore, el galardonado documentalista Frederick Wiseman, el actor\/director\/productor\/pintor Billy Zane y un grupo de cinco cineastas estadounidenses que compiten en la Quincena de Directores y Semana de la Cr\u00edtica de Cannes 2024.<\/strong><\/p>\n<p style=\"text-align: justify;\">La serie Industria en Foco ofrece una amplia gama de conversaciones oportunas e informativas con destacados ejecutivos, productores, agentes de ventas, directores de casting, CEOs y periodistas de toda la industria. Los temas incluyen oportunidades en pel\u00edculas ucranianas, pel\u00edculas internacionales en el mercado estadounidense, documentales, ventas, finanzas, marketing, relaciones p\u00fablicas, festivales de cine, distribuci\u00f3n y cortometrajes.<\/p>\n<p style=\"text-align: justify;\">La programaci\u00f3n incluye ejecutivos y moderadores de AMPAS, Anton, Arclight Films, Array Filmworks, Ashland Hill Media Finance, Bleecker Street, Bloomberg, Catalyst Studios, Chicago International Film Festival, CAA, Cinetic Media, Collider, Deadline Hollywood, Disney, Fondo Europeo de Solidaridad para Pel\u00edculas Ucranianas, FilmHedge, Fontaine Media Consulting, Ghetto Film School, Good Question Media, Greenwich Entertainment, Harrison Tulchin &amp; Associates, HollyShorts Film Festival, The Hollywood Reporter, Imagine Documentaries, Indiewire, The Impact Lounge &amp; Caspian Agency, Festival de Cine Indio de Los \u00c1ngeles, Indiewire, Kino Lorber Media Group LLC, Festival Internacional de Cine de Kiev Modulist, LOHAS, Oscilloscope Laboratories, Participant, Productores Sin Fronteras, Protagonist Pictures, RogerEbert, Rotten Tomatoes, Saban, SAGIndie, Sky, Samuel Goldwyn Films, Slamdance, SND Films, Social Impact Entertainment Society, Stampede Ventures, Submarine, SXSW, Talon Entertainment Finance, Tango Entertainment, Topic Studios, T-Port, Asociaci\u00f3n Ucraniana de Cine, Agencia Estatal de Cine de Ucrania, UTA, Variety, Village Roadshow Pictures, V International Media, 30 WEST, XYZ Films, entre otros oradores destacados.<\/p>\n<p style=\"text-align: justify;\">El <strong>19 y 20 de mayo, American Pavillion organiza House Party<\/strong>, una cumbre de dos d\u00edas que presenta nuevas voces y diversidad global en la industria cinematogr\u00e1fica. Esto incluye un panel \u00abPioneras en Hollywood\u00bb, presentado por Gold House, as\u00ed como paneles sobre el futuro del financiamiento de pel\u00edculas de impacto social, la interrupci\u00f3n del mundo del cine, la realizaci\u00f3n cinematogr\u00e1fica orientada a prop\u00f3sitos y una firma con Chaz Ebert por su nuevo libro, \u00abEs hora de dar una FECK: Elevando la humanidad a trav\u00e9s del perd\u00f3n, la empat\u00eda, la compasi\u00f3n y la amabilidad\u00bb. House Party est\u00e1 patrocinado por 1497, AntiGravity Academy, Casting Society, Gold House, Ghetto Film School, The Impact Lounge y Tasveer.<\/p>\n<p style=\"text-align: justify;\">Queer Night, siempre la mejor, m\u00e1s grande y \u00fanica fiesta de baile LGBTQ+ vinculada al Festival, tendr\u00e1 lugar el martes 21 de mayo a partir de las 9:00 PM. La entrada es gratuita para TODOS los titulares de insignias del Festival y del March\u00e9.<\/p>\n<p style=\"text-align: justify;\">La <a href=\"https:\/\/clientesbrandbits.click\/es\/el-pabellon-americano-anuncia-sus-directores-emergentes-para-cannes-2024\/\">Muestra de Cineastas Emergentes de AmPav<\/a> presenta 36 pel\u00edculas seleccionadas oficialmente en cuatro muestras: Cortometrajes y Documentales Estudiantiles; Cortometrajes y Documentales de Cineastas Emergentes; pel\u00edculas LGBTQ+ de Cineastas Emergentes, y una Muestra de Antiguos Alumnos.<\/p>\n<p style=\"text-align: justify;\">El Programa Estudiantil Mundial de The American Pavilion contin\u00faa su exitoso programa estudiantil que lleva a estudiantes universitarios de todo el mundo a experimentar el festival. Entre los antiguos alumnos del Programa Estudiantil se encuentran el director Jeff Nichols, el ejecutivo de adquisiciones Scott Shooman, la agente de CAA Maha Dakhil, el ejecutivo de producci\u00f3n de Killer Films David Hinojosa, la VP de Negocios y Asuntos Legales de MGM Television Kathryn Floro, el director de desarrollo de Syfy Eli Kirschner, el vide\u00f3grafo de la Casa Blanca de Barack Obama Hope Hall, y los productores Cameron Porsandeh, Alex Shepsman y Bryan Wynbrandt, entre muchos otros.<\/p>\n<p style=\"text-align: justify;\">The American Pavilion tambi\u00e9n desea <strong>agradecer a nuestros patrocinadores para Cannes 2024<\/strong>: Anne Caron, le caf\u00e9 de sp\u00e9cialit\u00e9, The Asylum, Famiglia Cielo, Farrow &amp; Ball, Fulton Films y Georgia Entertainment, Gold House, Hydro Flask, Explore Louisiana y Louisiana Entertainment, Ma\u012ba Wine, SAGIndie, Torchlight Studios.<\/p>\n<p style=\"text-align: justify;\">Puedes revisar el programa completo <a href=\"https:\/\/www.ampav.com\/\">ac\u00e1.\u00a0<\/a><\/p>\n<p style=\"text-align: justify;\">Fuente: Pabell\u00f3n Americano- Cannes 2024<\/p>\n","protected":false},"excerpt":{"rendered":"<p>Actores de renombre mundial, legendarios cineastas y periodistas que hacen titulares estar\u00e1n entre los destacados durante la pr\u00f3xima Serie \u00abIndustria En Foco\u00bb y la programaci\u00f3n \u00abEn Conversaci\u00f3n\u00bb en The American Pavilion en el Festival Internacional de Cine de Cannes 2024, &#8230; <a title=\"El Pabell\u00f3n Americano Lanza su programaci\u00f3n para Cannes\" class=\"read-more\" href=\"https:\/\/clientesbrandbits.click\/es\/el-pabellon-americano-lanza-su-programacion-para-cannes\/\" aria-label=\"Leer m\u00e1s sobre El Pabell\u00f3n Americano Lanza su programaci\u00f3n para Cannes\">Leer M\u00e1s<\/a><\/p>\n","protected":false},"author":2,"featured_media":1342,"comment_status":"closed","ping_status":"closed","sticky":false,"template":"","format":"standard","meta":{"_joinchat":[],"footnotes":""},"categories":[11,10],"tags":[125,33,126],"class_list":["post-1341","post","type-post","status-publish","format-standard","has-post-thumbnail","hentry","category-festivales-de-cine","category-films","tag-american-pavilion","tag-festival-de-cannes","tag-pabellon-americano","infinite-scroll-item"],"yoast_head":"<!-- This site is optimized with the Yoast SEO plugin v22.8 - https:\/\/yoast.com\/wordpress\/plugins\/seo\/ -->\n<title>El Pabell\u00f3n Americano Lanza su programaci\u00f3n para Cannes - Spanglish Cinema<\/title>\n<meta name=\"description\" content=\"Actores de renombre mundial, legendarios cineastas y periodistas que hacen titulares estar\u00e1n entre los destacados durante la pr\u00f3xima Serie &quot;Industria En Foco&quot; y la programaci\u00f3n &quot;En Conversaci\u00f3n&quot; en The American Pavilion en el Festival Internacional de Cine de Cannes 2024, anunciado por Julie Sisk, Fundadora y Presidenta de The American Pavilion (www.ampav.com).\" \/>\n<meta name=\"robots\" content=\"index, follow, max-snippet:-1, max-image-preview:large, max-video-preview:-1\" \/>\n<link rel=\"canonical\" href=\"https:\/\/clientesbrandbits.click\/es\/el-pabellon-americano-lanza-su-programacion-para-cannes\/\" \/>\n<meta property=\"og:locale\" content=\"es_ES\" \/>\n<meta property=\"og:type\" content=\"article\" \/>\n<meta property=\"og:title\" content=\"El Pabell\u00f3n Americano Lanza su programaci\u00f3n para Cannes - Spanglish Cinema\" \/>\n<meta property=\"og:description\" content=\"Actores de renombre mundial, legendarios cineastas y periodistas que hacen titulares estar\u00e1n entre los destacados durante la pr\u00f3xima Serie &quot;Industria En Foco&quot; y la programaci\u00f3n &quot;En Conversaci\u00f3n&quot; en The American Pavilion en el Festival Internacional de Cine de Cannes 2024, anunciado por Julie Sisk, Fundadora y Presidenta de The American Pavilion (www.ampav.com).\" \/>\n<meta property=\"og:url\" content=\"https:\/\/clientesbrandbits.click\/es\/el-pabellon-americano-lanza-su-programacion-para-cannes\/\" \/>\n<meta property=\"og:site_name\" content=\"Spanglish Cinema\" \/>\n<meta property=\"article:published_time\" content=\"2024-05-13T14:42:27+00:00\" \/>\n<meta property=\"og:image\" content=\"https:\/\/clientesbrandbits.click\/wp-content\/uploads\/2024\/05\/demi-moore-attends-the-versace-fw23-show-at-pacific-design-news-photo-1698743808.jpg\" \/>\n\t<meta property=\"og:image:width\" content=\"1200\" \/>\n\t<meta property=\"og:image:height\" content=\"900\" \/>\n\t<meta property=\"og:image:type\" content=\"image\/jpeg\" \/>\n<meta name=\"author\" content=\"Francisca Romero\" \/>\n<meta name=\"twitter:card\" content=\"summary_large_image\" \/>\n<meta name=\"twitter:label1\" content=\"Escrito por\" \/>\n\t<meta name=\"twitter:data1\" content=\"Francisca Romero\" \/>\n\t<meta name=\"twitter:label2\" content=\"Tiempo de lectura\" \/>\n\t<meta name=\"twitter:data2\" content=\"4 minutos\" \/>\n<script type=\"application\/ld+json\" class=\"yoast-schema-graph\">{\"@context\":\"https:\/\/schema.org\",\"@graph\":[{\"@type\":\"Article\",\"@id\":\"https:\/\/clientesbrandbits.click\/el-pabellon-americano-lanza-su-programacion-para-cannes\/#article\",\"isPartOf\":{\"@id\":\"https:\/\/clientesbrandbits.click\/el-pabellon-americano-lanza-su-programacion-para-cannes\/\"},\"author\":{\"name\":\"Francisca Romero\",\"@id\":\"https:\/\/clientesbrandbits.click\/#\/schema\/person\/fedc39f5790928deafca5719b3588db2\"},\"headline\":\"El Pabell\u00f3n Americano Lanza su programaci\u00f3n para Cannes\",\"datePublished\":\"2024-05-13T14:42:27+00:00\",\"dateModified\":\"2024-05-13T14:42:27+00:00\",\"mainEntityOfPage\":{\"@id\":\"https:\/\/clientesbrandbits.click\/el-pabellon-americano-lanza-su-programacion-para-cannes\/\"},\"wordCount\":841,\"publisher\":{\"@id\":\"https:\/\/clientesbrandbits.click\/#organization\"},\"image\":{\"@id\":\"https:\/\/clientesbrandbits.click\/el-pabellon-americano-lanza-su-programacion-para-cannes\/#primaryimage\"},\"thumbnailUrl\":\"https:\/\/clientesbrandbits.click\/wp-content\/uploads\/2024\/05\/demi-moore-attends-the-versace-fw23-show-at-pacific-design-news-photo-1698743808.jpg\",\"keywords\":[\"American Pavilion\",\"festival de cannes\",\"Pabellon Americano\"],\"articleSection\":[\"Festivales de Cine\",\"Films\"],\"inLanguage\":\"es\"},{\"@type\":\"WebPage\",\"@id\":\"https:\/\/clientesbrandbits.click\/el-pabellon-americano-lanza-su-programacion-para-cannes\/\",\"url\":\"https:\/\/clientesbrandbits.click\/el-pabellon-americano-lanza-su-programacion-para-cannes\/\",\"name\":\"El Pabell\u00f3n Americano Lanza su programaci\u00f3n para Cannes - Spanglish Cinema\",\"isPartOf\":{\"@id\":\"https:\/\/clientesbrandbits.click\/#website\"},\"primaryImageOfPage\":{\"@id\":\"https:\/\/clientesbrandbits.click\/el-pabellon-americano-lanza-su-programacion-para-cannes\/#primaryimage\"},\"image\":{\"@id\":\"https:\/\/clientesbrandbits.click\/el-pabellon-americano-lanza-su-programacion-para-cannes\/#primaryimage\"},\"thumbnailUrl\":\"https:\/\/clientesbrandbits.click\/wp-content\/uploads\/2024\/05\/demi-moore-attends-the-versace-fw23-show-at-pacific-design-news-photo-1698743808.jpg\",\"datePublished\":\"2024-05-13T14:42:27+00:00\",\"dateModified\":\"2024-05-13T14:42:27+00:00\",\"description\":\"Actores de renombre mundial, legendarios cineastas y periodistas que hacen titulares estar\u00e1n entre los destacados durante la pr\u00f3xima Serie \\\"Industria En Foco\\\" y la programaci\u00f3n \\\"En Conversaci\u00f3n\\\" en The American Pavilion en el Festival Internacional de Cine de Cannes 2024, anunciado por Julie Sisk, Fundadora y Presidenta de The American Pavilion (www.ampav.com).\",\"breadcrumb\":{\"@id\":\"https:\/\/clientesbrandbits.click\/el-pabellon-americano-lanza-su-programacion-para-cannes\/#breadcrumb\"},\"inLanguage\":\"es\",\"potentialAction\":[{\"@type\":\"ReadAction\",\"target\":[\"https:\/\/clientesbrandbits.click\/el-pabellon-americano-lanza-su-programacion-para-cannes\/\"]}]},{\"@type\":\"ImageObject\",\"inLanguage\":\"es\",\"@id\":\"https:\/\/clientesbrandbits.click\/el-pabellon-americano-lanza-su-programacion-para-cannes\/#primaryimage\",\"url\":\"https:\/\/clientesbrandbits.click\/wp-content\/uploads\/2024\/05\/demi-moore-attends-the-versace-fw23-show-at-pacific-design-news-photo-1698743808.jpg\",\"contentUrl\":\"https:\/\/clientesbrandbits.click\/wp-content\/uploads\/2024\/05\/demi-moore-attends-the-versace-fw23-show-at-pacific-design-news-photo-1698743808.jpg\",\"width\":1200,\"height\":900},{\"@type\":\"BreadcrumbList\",\"@id\":\"https:\/\/clientesbrandbits.click\/el-pabellon-americano-lanza-su-programacion-para-cannes\/#breadcrumb\",\"itemListElement\":[{\"@type\":\"ListItem\",\"position\":1,\"name\":\"Portada\",\"item\":\"https:\/\/clientesbrandbits.click\/\"},{\"@type\":\"ListItem\",\"position\":2,\"name\":\"El Pabell\u00f3n Americano Lanza su programaci\u00f3n para Cannes\"}]},{\"@type\":\"WebSite\",\"@id\":\"https:\/\/clientesbrandbits.click\/#website\",\"url\":\"https:\/\/clientesbrandbits.click\/\",\"name\":\"Spanglish Cinema\",\"description\":\"\",\"publisher\":{\"@id\":\"https:\/\/clientesbrandbits.click\/#organization\"},\"potentialAction\":[{\"@type\":\"SearchAction\",\"target\":{\"@type\":\"EntryPoint\",\"urlTemplate\":\"https:\/\/clientesbrandbits.click\/?s={search_term_string}\"},\"query-input\":\"required name=search_term_string\"}],\"inLanguage\":\"es\"},{\"@type\":\"Organization\",\"@id\":\"https:\/\/clientesbrandbits.click\/#organization\",\"name\":\"Spanglish Cinema\",\"url\":\"https:\/\/clientesbrandbits.click\/\",\"logo\":{\"@type\":\"ImageObject\",\"inLanguage\":\"es\",\"@id\":\"https:\/\/clientesbrandbits.click\/#\/schema\/logo\/image\/\",\"url\":\"https:\/\/clientesbrandbits.click\/wp-content\/uploads\/2024\/03\/spanglish_cinema.png\",\"contentUrl\":\"https:\/\/clientesbrandbits.click\/wp-content\/uploads\/2024\/03\/spanglish_cinema.png\",\"width\":612,\"height\":225,\"caption\":\"Spanglish Cinema\"},\"image\":{\"@id\":\"https:\/\/clientesbrandbits.click\/#\/schema\/logo\/image\/\"}},{\"@type\":\"Person\",\"@id\":\"https:\/\/clientesbrandbits.click\/#\/schema\/person\/fedc39f5790928deafca5719b3588db2\",\"name\":\"Francisca Romero\",\"image\":{\"@type\":\"ImageObject\",\"inLanguage\":\"es\",\"@id\":\"https:\/\/clientesbrandbits.click\/#\/schema\/person\/image\/\",\"url\":\"https:\/\/secure.gravatar.com\/avatar\/59bbcac6a15502dc7740d8ba94724e62?s=96&d=mm&r=g\",\"contentUrl\":\"https:\/\/secure.gravatar.com\/avatar\/59bbcac6a15502dc7740d8ba94724e62?s=96&d=mm&r=g\",\"caption\":\"Francisca Romero\"},\"url\":\"https:\/\/clientesbrandbits.click\/es\/author\/francisca-romero\/\"}]}<\/script>\n<!-- \/ Yoast SEO plugin. -->","yoast_head_json":{"title":"El Pabell\u00f3n Americano Lanza su programaci\u00f3n para Cannes - Spanglish Cinema","description":"Actores de renombre mundial, legendarios cineastas y periodistas que hacen titulares estar\u00e1n entre los destacados durante la pr\u00f3xima Serie \"Industria En Foco\" y la programaci\u00f3n \"En Conversaci\u00f3n\" en The American Pavilion en el Festival Internacional de Cine de Cannes 2024, anunciado por Julie Sisk, Fundadora y Presidenta de The American Pavilion (www.ampav.com).","robots":{"index":"index","follow":"follow","max-snippet":"max-snippet:-1","max-image-preview":"max-image-preview:large","max-video-preview":"max-video-preview:-1"},"canonical":"https:\/\/clientesbrandbits.click\/es\/el-pabellon-americano-lanza-su-programacion-para-cannes\/","og_locale":"es_ES","og_type":"article","og_title":"El Pabell\u00f3n Americano Lanza su programaci\u00f3n para Cannes - Spanglish Cinema","og_description":"Actores de renombre mundial, legendarios cineastas y periodistas que hacen titulares estar\u00e1n entre los destacados durante la pr\u00f3xima Serie \"Industria En Foco\" y la programaci\u00f3n \"En Conversaci\u00f3n\" en The American Pavilion en el Festival Internacional de Cine de Cannes 2024, anunciado por Julie Sisk, Fundadora y Presidenta de The American Pavilion (www.ampav.com).","og_url":"https:\/\/clientesbrandbits.click\/es\/el-pabellon-americano-lanza-su-programacion-para-cannes\/","og_site_name":"Spanglish Cinema","article_published_time":"2024-05-13T14:42:27+00:00","og_image":[{"width":1200,"height":900,"url":"https:\/\/clientesbrandbits.click\/wp-content\/uploads\/2024\/05\/demi-moore-attends-the-versace-fw23-show-at-pacific-design-news-photo-1698743808.jpg","type":"image\/jpeg"}],"author":"Francisca Romero","twitter_card":"summary_large_image","twitter_misc":{"Escrito por":"Francisca Romero","Tiempo de lectura":"4 minutos"},"schema":{"@context":"https:\/\/schema.org","@graph":[{"@type":"Article","@id":"https:\/\/clientesbrandbits.click\/el-pabellon-americano-lanza-su-programacion-para-cannes\/#article","isPartOf":{"@id":"https:\/\/clientesbrandbits.click\/el-pabellon-americano-lanza-su-programacion-para-cannes\/"},"author":{"name":"Francisca Romero","@id":"https:\/\/clientesbrandbits.click\/#\/schema\/person\/fedc39f5790928deafca5719b3588db2"},"headline":"El Pabell\u00f3n Americano Lanza su programaci\u00f3n para Cannes","datePublished":"2024-05-13T14:42:27+00:00","dateModified":"2024-05-13T14:42:27+00:00","mainEntityOfPage":{"@id":"https:\/\/clientesbrandbits.click\/el-pabellon-americano-lanza-su-programacion-para-cannes\/"},"wordCount":841,"publisher":{"@id":"https:\/\/clientesbrandbits.click\/#organization"},"image":{"@id":"https:\/\/clientesbrandbits.click\/el-pabellon-americano-lanza-su-programacion-para-cannes\/#primaryimage"},"thumbnailUrl":"https:\/\/clientesbrandbits.click\/wp-content\/uploads\/2024\/05\/demi-moore-attends-the-versace-fw23-show-at-pacific-design-news-photo-1698743808.jpg","keywords":["American Pavilion","festival de cannes","Pabellon Americano"],"articleSection":["Festivales de Cine","Films"],"inLanguage":"es"},{"@type":"WebPage","@id":"https:\/\/clientesbrandbits.click\/el-pabellon-americano-lanza-su-programacion-para-cannes\/","url":"https:\/\/clientesbrandbits.click\/el-pabellon-americano-lanza-su-programacion-para-cannes\/","name":"El Pabell\u00f3n Americano Lanza su programaci\u00f3n para Cannes - Spanglish Cinema","isPartOf":{"@id":"https:\/\/clientesbrandbits.click\/#website"},"primaryImageOfPage":{"@id":"https:\/\/clientesbrandbits.click\/el-pabellon-americano-lanza-su-programacion-para-cannes\/#primaryimage"},"image":{"@id":"https:\/\/clientesbrandbits.click\/el-pabellon-americano-lanza-su-programacion-para-cannes\/#primaryimage"},"thumbnailUrl":"https:\/\/clientesbrandbits.click\/wp-content\/uploads\/2024\/05\/demi-moore-attends-the-versace-fw23-show-at-pacific-design-news-photo-1698743808.jpg","datePublished":"2024-05-13T14:42:27+00:00","dateModified":"2024-05-13T14:42:27+00:00","description":"Actores de renombre mundial, legendarios cineastas y periodistas que hacen titulares estar\u00e1n entre los destacados durante la pr\u00f3xima Serie \"Industria En Foco\" y la programaci\u00f3n \"En Conversaci\u00f3n\" en The American Pavilion en el Festival Internacional de Cine de Cannes 2024, anunciado por Julie Sisk, Fundadora y Presidenta de The American Pavilion (www.ampav.com).","breadcrumb":{"@id":"https:\/\/clientesbrandbits.click\/el-pabellon-americano-lanza-su-programacion-para-cannes\/#breadcrumb"},"inLanguage":"es","potentialAction":[{"@type":"ReadAction","target":["https:\/\/clientesbrandbits.click\/el-pabellon-americano-lanza-su-programacion-para-cannes\/"]}]},{"@type":"ImageObject","inLanguage":"es","@id":"https:\/\/clientesbrandbits.click\/el-pabellon-americano-lanza-su-programacion-para-cannes\/#primaryimage","url":"https:\/\/clientesbrandbits.click\/wp-content\/uploads\/2024\/05\/demi-moore-attends-the-versace-fw23-show-at-pacific-design-news-photo-1698743808.jpg","contentUrl":"https:\/\/clientesbrandbits.click\/wp-content\/uploads\/2024\/05\/demi-moore-attends-the-versace-fw23-show-at-pacific-design-news-photo-1698743808.jpg","width":1200,"height":900},{"@type":"BreadcrumbList","@id":"https:\/\/clientesbrandbits.click\/el-pabellon-americano-lanza-su-programacion-para-cannes\/#breadcrumb","itemListElement":[{"@type":"ListItem","position":1,"name":"Portada","item":"https:\/\/clientesbrandbits.click\/"},{"@type":"ListItem","position":2,"name":"El Pabell\u00f3n Americano Lanza su programaci\u00f3n para Cannes"}]},{"@type":"WebSite","@id":"https:\/\/clientesbrandbits.click\/#website","url":"https:\/\/clientesbrandbits.click\/","name":"Spanglish Cinema","description":"","publisher":{"@id":"https:\/\/clientesbrandbits.click\/#organization"},"potentialAction":[{"@type":"SearchAction","target":{"@type":"EntryPoint","urlTemplate":"https:\/\/clientesbrandbits.click\/?s={search_term_string}"},"query-input":"required name=search_term_string"}],"inLanguage":"es"},{"@type":"Organization","@id":"https:\/\/clientesbrandbits.click\/#organization","name":"Spanglish Cinema","url":"https:\/\/clientesbrandbits.click\/","logo":{"@type":"ImageObject","inLanguage":"es","@id":"https:\/\/clientesbrandbits.click\/#\/schema\/logo\/image\/","url":"https:\/\/clientesbrandbits.click\/wp-content\/uploads\/2024\/03\/spanglish_cinema.png","contentUrl":"https:\/\/clientesbrandbits.click\/wp-content\/uploads\/2024\/03\/spanglish_cinema.png","width":612,"height":225,"caption":"Spanglish Cinema"},"image":{"@id":"https:\/\/clientesbrandbits.click\/#\/schema\/logo\/image\/"}},{"@type":"Person","@id":"https:\/\/clientesbrandbits.click\/#\/schema\/person\/fedc39f5790928deafca5719b3588db2","name":"Francisca Romero","image":{"@type":"ImageObject","inLanguage":"es","@id":"https:\/\/clientesbrandbits.click\/#\/schema\/person\/image\/","url":"https:\/\/secure.gravatar.com\/avatar\/59bbcac6a15502dc7740d8ba94724e62?s=96&d=mm&r=g","contentUrl":"https:\/\/secure.gravatar.com\/avatar\/59bbcac6a15502dc7740d8ba94724e62?s=96&d=mm&r=g","caption":"Francisca Romero"},"url":"https:\/\/clientesbrandbits.click\/es\/author\/francisca-romero\/"}]}},"_links":{"self":[{"href":"https:\/\/clientesbrandbits.click\/es\/wp-json\/wp\/v2\/posts\/1341"}],"collection":[{"href":"https:\/\/clientesbrandbits.click\/es\/wp-json\/wp\/v2\/posts"}],"about":[{"href":"https:\/\/clientesbrandbits.click\/es\/wp-json\/wp\/v2\/types\/post"}],"author":[{"embeddable":true,"href":"https:\/\/clientesbrandbits.click\/es\/wp-json\/wp\/v2\/users\/2"}],"replies":[{"embeddable":true,"href":"https:\/\/clientesbrandbits.click\/es\/wp-json\/wp\/v2\/comments?post=1341"}],"version-history":[{"count":1,"href":"https:\/\/clientesbrandbits.click\/es\/wp-json\/wp\/v2\/posts\/1341\/revisions"}],"predecessor-version":[{"id":1343,"href":"https:\/\/clientesbrandbits.click\/es\/wp-json\/wp\/v2\/posts\/1341\/revisions\/1343"}],"wp:featuredmedia":[{"embeddable":true,"href":"https:\/\/clientesbrandbits.click\/es\/wp-json\/wp\/v2\/media\/1342"}],"wp:attachment":[{"href":"https:\/\/clientesbrandbits.click\/es\/wp-json\/wp\/v2\/media?parent=1341"}],"wp:term":[{"taxonomy":"category","embeddable":true,"href":"https:\/\/clientesbrandbits.click\/es\/wp-json\/wp\/v2\/categories?post=1341"},{"taxonomy":"post_tag","embeddable":true,"href":"https:\/\/clientesbrandbits.click\/es\/wp-json\/wp\/v2\/tags?post=1341"}],"curies":[{"name":"wp","href":"https:\/\/api.w.org\/{rel}","templated":true}]}}