{"id":1316,"date":"2024-05-10T15:45:54","date_gmt":"2024-05-10T19:45:54","guid":{"rendered":"https:\/\/clientesbrandbits.click\/?p=1316"},"modified":"2024-05-10T15:45:54","modified_gmt":"2024-05-10T19:45:54","slug":"cate-blanchett-recibira-un-premio-donostia-en-el-festival-de-san-sebastian","status":"publish","type":"post","link":"https:\/\/clientesbrandbits.click\/es\/cate-blanchett-recibira-un-premio-donostia-en-el-festival-de-san-sebastian\/","title":{"rendered":"Cate Blanchett recibir\u00e1 un Premio Donostia en el Festival de San Sebasti\u00e1n"},"content":{"rendered":"<p>Cate Blanchett, una de las int\u00e9rpretes m\u00e1s relevantes de la cinematograf\u00eda contempor\u00e1nea, recibir\u00e1 un Premio Donostia en la 72\u00aa edici\u00f3n del Festival de San Sebasti\u00e1n, al tiempo que protagonizar\u00e1 el cartel oficial. La imagen del p\u00f3ster es obra del dise\u00f1ador gr\u00e1fico Jos\u00e9 Luis Lanzagorta, que ha partido de una fotograf\u00eda de Gustavo Papaleo.<\/p>\n<p>Blanchett acumula m\u00e1s de 200 reconocimientos y galardones, incluidos dos Oscar -y otras seis nominaciones-, dos Copas Volpi del Festival de Venecia, cuatro premios Bafta y cuatro Globos de Oro, el C\u00e9sar honor\u00edfico y el Goya Internacional en una trayectoria de m\u00e1s de tres d\u00e9cadas que combina el cine de autor con pel\u00edculas dirigidas al gran p\u00fablico. La int\u00e9rprete y productora australiana ha trabajado con cineastas como Martin Scorsese, Terrence Malick, Steven Soderbergh, Steven Spielberg, David Fincher, Ridley Scott, Sally Potter, Wes Anderson, Alfonso Cuar\u00f3n, Alejandro G. I\u00f1\u00e1rritu, Woody Allen, Gillian Armstrong, Taika Waititi, Peter Jackson, Todd Haynes, Richard Linklater, Jim Jarmusch, Guillermo del Toro, Adam McKay o Todd Field.<\/p>\n<p>Esta ser\u00e1 su primera visita a San Sebasti\u00e1n, aunque alguna de sus pel\u00edculas han sido proyectadas en el Festival como\u00a0<em>Babel<\/em>\u00a0(Alejandro G. I\u00f1arritu, Perlak, 2007) o\u00a0<em>Veronica Guerin<\/em>\u00a0(Joel Schumacher, Secci\u00f3n Oficial, 2003), que compiti\u00f3 por la Concha de Oro.<\/p>\n<p>Cate Blanchett es la segunda int\u00e9rprete australiana en recibir el premio honor\u00edfico m\u00e1s importante del Festival tras Hugh Jackman (2013).<\/p>\n<p>El Festival instaur\u00f3 en 2018 una nueva l\u00ednea de carteles, presidida por una figura de la cinematograf\u00eda contempor\u00e1nea. Isabelle Huppert, Pen\u00e9lope Cruz, Willem Dafoe, Sigourney Weaver, Juliette Binoche y Javier Bardem han precedido a Blanchett como imagen oficial, que este a\u00f1o ha sido creada por el dise\u00f1ador gr\u00e1fico donostiarra Jos\u00e9 Luis Lanzagorta a partir del retrato del fot\u00f3grafo Gustavo Papaleo.<\/p>\n<p>Lanzagorta tambi\u00e9n ha realizado los carteles del resto de secciones. Junto al fot\u00f3grafo Jos\u00e9 Luis L\u00f3pez de Zubiria, han optado por confrontar la ilustraci\u00f3n con la fotograf\u00eda: as\u00ed, el meg\u00e1fono de un cineasta arroja ideas de papel en New Directors; un transatl\u00e1ntico expulsa humo en forma de cactus en Horizontes Latinos; un boxeador pelea contra el filamento incandescente de una bombilla en Zabaltegi-Tabakalera; una nadadora se sumerge en busca de tesoros nacarados en Perlak; una c\u00e1mara retro proyecta pompas de jab\u00f3n en Nest; una fresa se convierte en una isla dispuesta para la aventura en Culinary Zinema; y una ra\u00edz-rayo homenajea al artista vasco Vicente Ameztoy en Zinemira. Adem\u00e1s, este a\u00f1o se incorpora el cartel de la secci\u00f3n Made in Spain, a la que se ha asignado el color azul a\u00f1il, protagonizado por un astronauta que explora un planeta en forma de clavel, flor que remite al universo del cine espa\u00f1ol.<\/p>\n<p>Estos carteles se suman a los tres presentados anteriormente para ilustrar la iniciativa\u00a0<a href=\"https:\/\/www.sansebastianfestival.com\/2024\/noticias\/1\/21599\/es\">Klasikoak<\/a>, que une bajo la misma marca tres propuestas que ya exist\u00edan: el ciclo de primavera de la Filmoteca Vasca, la retrospectiva del Festival (este a\u00f1o dedicada al poliziesco italiano) y la secci\u00f3n Klasikoak.<\/p>\n<p>Fuente: Festival de Cine de San Sebasti\u00e1n<\/p>\n","protected":false},"excerpt":{"rendered":"<p>Cate Blanchett, una de las int\u00e9rpretes m\u00e1s relevantes de la cinematograf\u00eda contempor\u00e1nea, recibir\u00e1 un Premio Donostia en la 72\u00aa edici\u00f3n del Festival de San Sebasti\u00e1n, al tiempo que protagonizar\u00e1 el cartel oficial. La imagen del p\u00f3ster es obra del dise\u00f1ador &#8230; <a title=\"Cate Blanchett recibir\u00e1 un Premio Donostia en el Festival de San Sebasti\u00e1n\" class=\"read-more\" href=\"https:\/\/clientesbrandbits.click\/es\/cate-blanchett-recibira-un-premio-donostia-en-el-festival-de-san-sebastian\/\" aria-label=\"Leer m\u00e1s sobre Cate Blanchett recibir\u00e1 un Premio Donostia en el Festival de San Sebasti\u00e1n\">Leer M\u00e1s<\/a><\/p>\n","protected":false},"author":2,"featured_media":1317,"comment_status":"closed","ping_status":"closed","sticky":false,"template":"","format":"standard","meta":{"_joinchat":[],"footnotes":""},"categories":[112,11,10],"tags":[124],"class_list":["post-1316","post","type-post","status-publish","format-standard","has-post-thumbnail","hentry","category-destacados","category-festivales-de-cine","category-films","tag-festival-de-san-sebastian","infinite-scroll-item"],"yoast_head":"<!-- This site is optimized with the Yoast SEO plugin v22.8 - https:\/\/yoast.com\/wordpress\/plugins\/seo\/ -->\n<title>Cate Blanchett recibir\u00e1 un Premio Donostia en el Festival de San Sebasti\u00e1n - Spanglish Cinema<\/title>\n<meta name=\"description\" content=\"Cate Blanchett, una de las int\u00e9rpretes m\u00e1s relevantes de la cinematograf\u00eda contempor\u00e1nea, recibir\u00e1 un Premio Donostia en la 72\u00aa edici\u00f3n del Festival de San Sebasti\u00e1n, al tiempo que protagonizar\u00e1 el cartel oficial. La imagen del p\u00f3ster es obra del dise\u00f1ador gr\u00e1fico Jos\u00e9 Luis Lanzagorta, que ha partido de una fotograf\u00eda de Gustavo Papaleo.\" \/>\n<meta name=\"robots\" content=\"index, follow, max-snippet:-1, max-image-preview:large, max-video-preview:-1\" \/>\n<link rel=\"canonical\" href=\"https:\/\/clientesbrandbits.click\/es\/cate-blanchett-recibira-un-premio-donostia-en-el-festival-de-san-sebastian\/\" \/>\n<meta property=\"og:locale\" content=\"es_ES\" \/>\n<meta property=\"og:type\" content=\"article\" \/>\n<meta property=\"og:title\" content=\"Cate Blanchett recibir\u00e1 un Premio Donostia en el Festival de San Sebasti\u00e1n - Spanglish Cinema\" \/>\n<meta property=\"og:description\" content=\"Cate Blanchett, una de las int\u00e9rpretes m\u00e1s relevantes de la cinematograf\u00eda contempor\u00e1nea, recibir\u00e1 un Premio Donostia en la 72\u00aa edici\u00f3n del Festival de San Sebasti\u00e1n, al tiempo que protagonizar\u00e1 el cartel oficial. La imagen del p\u00f3ster es obra del dise\u00f1ador gr\u00e1fico Jos\u00e9 Luis Lanzagorta, que ha partido de una fotograf\u00eda de Gustavo Papaleo.\" \/>\n<meta property=\"og:url\" content=\"https:\/\/clientesbrandbits.click\/es\/cate-blanchett-recibira-un-premio-donostia-en-el-festival-de-san-sebastian\/\" \/>\n<meta property=\"og:site_name\" content=\"Spanglish Cinema\" \/>\n<meta property=\"article:published_time\" content=\"2024-05-10T19:45:54+00:00\" \/>\n<meta property=\"og:image\" content=\"https:\/\/clientesbrandbits.click\/wp-content\/uploads\/2024\/05\/portada-real-articulo14-23-1200x800-1.jpg\" \/>\n\t<meta property=\"og:image:width\" content=\"1200\" \/>\n\t<meta property=\"og:image:height\" content=\"800\" \/>\n\t<meta property=\"og:image:type\" content=\"image\/jpeg\" \/>\n<meta name=\"author\" content=\"Francisca Romero\" \/>\n<meta name=\"twitter:card\" content=\"summary_large_image\" \/>\n<meta name=\"twitter:label1\" content=\"Escrito por\" \/>\n\t<meta name=\"twitter:data1\" content=\"Francisca Romero\" \/>\n\t<meta name=\"twitter:label2\" content=\"Tiempo de lectura\" \/>\n\t<meta name=\"twitter:data2\" content=\"3 minutos\" \/>\n<script type=\"application\/ld+json\" class=\"yoast-schema-graph\">{\"@context\":\"https:\/\/schema.org\",\"@graph\":[{\"@type\":\"Article\",\"@id\":\"https:\/\/clientesbrandbits.click\/cate-blanchett-recibira-un-premio-donostia-en-el-festival-de-san-sebastian\/#article\",\"isPartOf\":{\"@id\":\"https:\/\/clientesbrandbits.click\/cate-blanchett-recibira-un-premio-donostia-en-el-festival-de-san-sebastian\/\"},\"author\":{\"name\":\"Francisca Romero\",\"@id\":\"https:\/\/clientesbrandbits.click\/#\/schema\/person\/fedc39f5790928deafca5719b3588db2\"},\"headline\":\"Cate Blanchett recibir\u00e1 un Premio Donostia en el Festival de San Sebasti\u00e1n\",\"datePublished\":\"2024-05-10T19:45:54+00:00\",\"dateModified\":\"2024-05-10T19:45:54+00:00\",\"mainEntityOfPage\":{\"@id\":\"https:\/\/clientesbrandbits.click\/cate-blanchett-recibira-un-premio-donostia-en-el-festival-de-san-sebastian\/\"},\"wordCount\":550,\"publisher\":{\"@id\":\"https:\/\/clientesbrandbits.click\/#organization\"},\"image\":{\"@id\":\"https:\/\/clientesbrandbits.click\/cate-blanchett-recibira-un-premio-donostia-en-el-festival-de-san-sebastian\/#primaryimage\"},\"thumbnailUrl\":\"https:\/\/clientesbrandbits.click\/wp-content\/uploads\/2024\/05\/portada-real-articulo14-23-1200x800-1.jpg\",\"keywords\":[\"Festival de San Sebastian\"],\"articleSection\":[\"Destacados\",\"Festivales de Cine\",\"Films\"],\"inLanguage\":\"es\"},{\"@type\":\"WebPage\",\"@id\":\"https:\/\/clientesbrandbits.click\/cate-blanchett-recibira-un-premio-donostia-en-el-festival-de-san-sebastian\/\",\"url\":\"https:\/\/clientesbrandbits.click\/cate-blanchett-recibira-un-premio-donostia-en-el-festival-de-san-sebastian\/\",\"name\":\"Cate Blanchett recibir\u00e1 un Premio Donostia en el Festival de San Sebasti\u00e1n - Spanglish Cinema\",\"isPartOf\":{\"@id\":\"https:\/\/clientesbrandbits.click\/#website\"},\"primaryImageOfPage\":{\"@id\":\"https:\/\/clientesbrandbits.click\/cate-blanchett-recibira-un-premio-donostia-en-el-festival-de-san-sebastian\/#primaryimage\"},\"image\":{\"@id\":\"https:\/\/clientesbrandbits.click\/cate-blanchett-recibira-un-premio-donostia-en-el-festival-de-san-sebastian\/#primaryimage\"},\"thumbnailUrl\":\"https:\/\/clientesbrandbits.click\/wp-content\/uploads\/2024\/05\/portada-real-articulo14-23-1200x800-1.jpg\",\"datePublished\":\"2024-05-10T19:45:54+00:00\",\"dateModified\":\"2024-05-10T19:45:54+00:00\",\"description\":\"Cate Blanchett, una de las int\u00e9rpretes m\u00e1s relevantes de la cinematograf\u00eda contempor\u00e1nea, recibir\u00e1 un Premio Donostia en la 72\u00aa edici\u00f3n del Festival de San Sebasti\u00e1n, al tiempo que protagonizar\u00e1 el cartel oficial. La imagen del p\u00f3ster es obra del dise\u00f1ador gr\u00e1fico Jos\u00e9 Luis Lanzagorta, que ha partido de una fotograf\u00eda de Gustavo Papaleo.\",\"breadcrumb\":{\"@id\":\"https:\/\/clientesbrandbits.click\/cate-blanchett-recibira-un-premio-donostia-en-el-festival-de-san-sebastian\/#breadcrumb\"},\"inLanguage\":\"es\",\"potentialAction\":[{\"@type\":\"ReadAction\",\"target\":[\"https:\/\/clientesbrandbits.click\/cate-blanchett-recibira-un-premio-donostia-en-el-festival-de-san-sebastian\/\"]}]},{\"@type\":\"ImageObject\",\"inLanguage\":\"es\",\"@id\":\"https:\/\/clientesbrandbits.click\/cate-blanchett-recibira-un-premio-donostia-en-el-festival-de-san-sebastian\/#primaryimage\",\"url\":\"https:\/\/clientesbrandbits.click\/wp-content\/uploads\/2024\/05\/portada-real-articulo14-23-1200x800-1.jpg\",\"contentUrl\":\"https:\/\/clientesbrandbits.click\/wp-content\/uploads\/2024\/05\/portada-real-articulo14-23-1200x800-1.jpg\",\"width\":1200,\"height\":800},{\"@type\":\"BreadcrumbList\",\"@id\":\"https:\/\/clientesbrandbits.click\/cate-blanchett-recibira-un-premio-donostia-en-el-festival-de-san-sebastian\/#breadcrumb\",\"itemListElement\":[{\"@type\":\"ListItem\",\"position\":1,\"name\":\"Portada\",\"item\":\"https:\/\/clientesbrandbits.click\/\"},{\"@type\":\"ListItem\",\"position\":2,\"name\":\"Cate Blanchett recibir\u00e1 un Premio Donostia en el Festival de San Sebasti\u00e1n\"}]},{\"@type\":\"WebSite\",\"@id\":\"https:\/\/clientesbrandbits.click\/#website\",\"url\":\"https:\/\/clientesbrandbits.click\/\",\"name\":\"Spanglish Cinema\",\"description\":\"\",\"publisher\":{\"@id\":\"https:\/\/clientesbrandbits.click\/#organization\"},\"potentialAction\":[{\"@type\":\"SearchAction\",\"target\":{\"@type\":\"EntryPoint\",\"urlTemplate\":\"https:\/\/clientesbrandbits.click\/?s={search_term_string}\"},\"query-input\":\"required name=search_term_string\"}],\"inLanguage\":\"es\"},{\"@type\":\"Organization\",\"@id\":\"https:\/\/clientesbrandbits.click\/#organization\",\"name\":\"Spanglish Cinema\",\"url\":\"https:\/\/clientesbrandbits.click\/\",\"logo\":{\"@type\":\"ImageObject\",\"inLanguage\":\"es\",\"@id\":\"https:\/\/clientesbrandbits.click\/#\/schema\/logo\/image\/\",\"url\":\"https:\/\/clientesbrandbits.click\/wp-content\/uploads\/2024\/03\/spanglish_cinema.png\",\"contentUrl\":\"https:\/\/clientesbrandbits.click\/wp-content\/uploads\/2024\/03\/spanglish_cinema.png\",\"width\":612,\"height\":225,\"caption\":\"Spanglish Cinema\"},\"image\":{\"@id\":\"https:\/\/clientesbrandbits.click\/#\/schema\/logo\/image\/\"}},{\"@type\":\"Person\",\"@id\":\"https:\/\/clientesbrandbits.click\/#\/schema\/person\/fedc39f5790928deafca5719b3588db2\",\"name\":\"Francisca Romero\",\"image\":{\"@type\":\"ImageObject\",\"inLanguage\":\"es\",\"@id\":\"https:\/\/clientesbrandbits.click\/#\/schema\/person\/image\/\",\"url\":\"https:\/\/secure.gravatar.com\/avatar\/59bbcac6a15502dc7740d8ba94724e62?s=96&d=mm&r=g\",\"contentUrl\":\"https:\/\/secure.gravatar.com\/avatar\/59bbcac6a15502dc7740d8ba94724e62?s=96&d=mm&r=g\",\"caption\":\"Francisca Romero\"},\"url\":\"https:\/\/clientesbrandbits.click\/es\/author\/francisca-romero\/\"}]}<\/script>\n<!-- \/ Yoast SEO plugin. -->","yoast_head_json":{"title":"Cate Blanchett recibir\u00e1 un Premio Donostia en el Festival de San Sebasti\u00e1n - Spanglish Cinema","description":"Cate Blanchett, una de las int\u00e9rpretes m\u00e1s relevantes de la cinematograf\u00eda contempor\u00e1nea, recibir\u00e1 un Premio Donostia en la 72\u00aa edici\u00f3n del Festival de San Sebasti\u00e1n, al tiempo que protagonizar\u00e1 el cartel oficial. La imagen del p\u00f3ster es obra del dise\u00f1ador gr\u00e1fico Jos\u00e9 Luis Lanzagorta, que ha partido de una fotograf\u00eda de Gustavo Papaleo.","robots":{"index":"index","follow":"follow","max-snippet":"max-snippet:-1","max-image-preview":"max-image-preview:large","max-video-preview":"max-video-preview:-1"},"canonical":"https:\/\/clientesbrandbits.click\/es\/cate-blanchett-recibira-un-premio-donostia-en-el-festival-de-san-sebastian\/","og_locale":"es_ES","og_type":"article","og_title":"Cate Blanchett recibir\u00e1 un Premio Donostia en el Festival de San Sebasti\u00e1n - Spanglish Cinema","og_description":"Cate Blanchett, una de las int\u00e9rpretes m\u00e1s relevantes de la cinematograf\u00eda contempor\u00e1nea, recibir\u00e1 un Premio Donostia en la 72\u00aa edici\u00f3n del Festival de San Sebasti\u00e1n, al tiempo que protagonizar\u00e1 el cartel oficial. La imagen del p\u00f3ster es obra del dise\u00f1ador gr\u00e1fico Jos\u00e9 Luis Lanzagorta, que ha partido de una fotograf\u00eda de Gustavo Papaleo.","og_url":"https:\/\/clientesbrandbits.click\/es\/cate-blanchett-recibira-un-premio-donostia-en-el-festival-de-san-sebastian\/","og_site_name":"Spanglish Cinema","article_published_time":"2024-05-10T19:45:54+00:00","og_image":[{"width":1200,"height":800,"url":"https:\/\/clientesbrandbits.click\/wp-content\/uploads\/2024\/05\/portada-real-articulo14-23-1200x800-1.jpg","type":"image\/jpeg"}],"author":"Francisca Romero","twitter_card":"summary_large_image","twitter_misc":{"Escrito por":"Francisca Romero","Tiempo de lectura":"3 minutos"},"schema":{"@context":"https:\/\/schema.org","@graph":[{"@type":"Article","@id":"https:\/\/clientesbrandbits.click\/cate-blanchett-recibira-un-premio-donostia-en-el-festival-de-san-sebastian\/#article","isPartOf":{"@id":"https:\/\/clientesbrandbits.click\/cate-blanchett-recibira-un-premio-donostia-en-el-festival-de-san-sebastian\/"},"author":{"name":"Francisca Romero","@id":"https:\/\/clientesbrandbits.click\/#\/schema\/person\/fedc39f5790928deafca5719b3588db2"},"headline":"Cate Blanchett recibir\u00e1 un Premio Donostia en el Festival de San Sebasti\u00e1n","datePublished":"2024-05-10T19:45:54+00:00","dateModified":"2024-05-10T19:45:54+00:00","mainEntityOfPage":{"@id":"https:\/\/clientesbrandbits.click\/cate-blanchett-recibira-un-premio-donostia-en-el-festival-de-san-sebastian\/"},"wordCount":550,"publisher":{"@id":"https:\/\/clientesbrandbits.click\/#organization"},"image":{"@id":"https:\/\/clientesbrandbits.click\/cate-blanchett-recibira-un-premio-donostia-en-el-festival-de-san-sebastian\/#primaryimage"},"thumbnailUrl":"https:\/\/clientesbrandbits.click\/wp-content\/uploads\/2024\/05\/portada-real-articulo14-23-1200x800-1.jpg","keywords":["Festival de San Sebastian"],"articleSection":["Destacados","Festivales de Cine","Films"],"inLanguage":"es"},{"@type":"WebPage","@id":"https:\/\/clientesbrandbits.click\/cate-blanchett-recibira-un-premio-donostia-en-el-festival-de-san-sebastian\/","url":"https:\/\/clientesbrandbits.click\/cate-blanchett-recibira-un-premio-donostia-en-el-festival-de-san-sebastian\/","name":"Cate Blanchett recibir\u00e1 un Premio Donostia en el Festival de San Sebasti\u00e1n - Spanglish Cinema","isPartOf":{"@id":"https:\/\/clientesbrandbits.click\/#website"},"primaryImageOfPage":{"@id":"https:\/\/clientesbrandbits.click\/cate-blanchett-recibira-un-premio-donostia-en-el-festival-de-san-sebastian\/#primaryimage"},"image":{"@id":"https:\/\/clientesbrandbits.click\/cate-blanchett-recibira-un-premio-donostia-en-el-festival-de-san-sebastian\/#primaryimage"},"thumbnailUrl":"https:\/\/clientesbrandbits.click\/wp-content\/uploads\/2024\/05\/portada-real-articulo14-23-1200x800-1.jpg","datePublished":"2024-05-10T19:45:54+00:00","dateModified":"2024-05-10T19:45:54+00:00","description":"Cate Blanchett, una de las int\u00e9rpretes m\u00e1s relevantes de la cinematograf\u00eda contempor\u00e1nea, recibir\u00e1 un Premio Donostia en la 72\u00aa edici\u00f3n del Festival de San Sebasti\u00e1n, al tiempo que protagonizar\u00e1 el cartel oficial. La imagen del p\u00f3ster es obra del dise\u00f1ador gr\u00e1fico Jos\u00e9 Luis Lanzagorta, que ha partido de una fotograf\u00eda de Gustavo Papaleo.","breadcrumb":{"@id":"https:\/\/clientesbrandbits.click\/cate-blanchett-recibira-un-premio-donostia-en-el-festival-de-san-sebastian\/#breadcrumb"},"inLanguage":"es","potentialAction":[{"@type":"ReadAction","target":["https:\/\/clientesbrandbits.click\/cate-blanchett-recibira-un-premio-donostia-en-el-festival-de-san-sebastian\/"]}]},{"@type":"ImageObject","inLanguage":"es","@id":"https:\/\/clientesbrandbits.click\/cate-blanchett-recibira-un-premio-donostia-en-el-festival-de-san-sebastian\/#primaryimage","url":"https:\/\/clientesbrandbits.click\/wp-content\/uploads\/2024\/05\/portada-real-articulo14-23-1200x800-1.jpg","contentUrl":"https:\/\/clientesbrandbits.click\/wp-content\/uploads\/2024\/05\/portada-real-articulo14-23-1200x800-1.jpg","width":1200,"height":800},{"@type":"BreadcrumbList","@id":"https:\/\/clientesbrandbits.click\/cate-blanchett-recibira-un-premio-donostia-en-el-festival-de-san-sebastian\/#breadcrumb","itemListElement":[{"@type":"ListItem","position":1,"name":"Portada","item":"https:\/\/clientesbrandbits.click\/"},{"@type":"ListItem","position":2,"name":"Cate Blanchett recibir\u00e1 un Premio Donostia en el Festival de San Sebasti\u00e1n"}]},{"@type":"WebSite","@id":"https:\/\/clientesbrandbits.click\/#website","url":"https:\/\/clientesbrandbits.click\/","name":"Spanglish Cinema","description":"","publisher":{"@id":"https:\/\/clientesbrandbits.click\/#organization"},"potentialAction":[{"@type":"SearchAction","target":{"@type":"EntryPoint","urlTemplate":"https:\/\/clientesbrandbits.click\/?s={search_term_string}"},"query-input":"required name=search_term_string"}],"inLanguage":"es"},{"@type":"Organization","@id":"https:\/\/clientesbrandbits.click\/#organization","name":"Spanglish Cinema","url":"https:\/\/clientesbrandbits.click\/","logo":{"@type":"ImageObject","inLanguage":"es","@id":"https:\/\/clientesbrandbits.click\/#\/schema\/logo\/image\/","url":"https:\/\/clientesbrandbits.click\/wp-content\/uploads\/2024\/03\/spanglish_cinema.png","contentUrl":"https:\/\/clientesbrandbits.click\/wp-content\/uploads\/2024\/03\/spanglish_cinema.png","width":612,"height":225,"caption":"Spanglish Cinema"},"image":{"@id":"https:\/\/clientesbrandbits.click\/#\/schema\/logo\/image\/"}},{"@type":"Person","@id":"https:\/\/clientesbrandbits.click\/#\/schema\/person\/fedc39f5790928deafca5719b3588db2","name":"Francisca Romero","image":{"@type":"ImageObject","inLanguage":"es","@id":"https:\/\/clientesbrandbits.click\/#\/schema\/person\/image\/","url":"https:\/\/secure.gravatar.com\/avatar\/59bbcac6a15502dc7740d8ba94724e62?s=96&d=mm&r=g","contentUrl":"https:\/\/secure.gravatar.com\/avatar\/59bbcac6a15502dc7740d8ba94724e62?s=96&d=mm&r=g","caption":"Francisca Romero"},"url":"https:\/\/clientesbrandbits.click\/es\/author\/francisca-romero\/"}]}},"_links":{"self":[{"href":"https:\/\/clientesbrandbits.click\/es\/wp-json\/wp\/v2\/posts\/1316"}],"collection":[{"href":"https:\/\/clientesbrandbits.click\/es\/wp-json\/wp\/v2\/posts"}],"about":[{"href":"https:\/\/clientesbrandbits.click\/es\/wp-json\/wp\/v2\/types\/post"}],"author":[{"embeddable":true,"href":"https:\/\/clientesbrandbits.click\/es\/wp-json\/wp\/v2\/users\/2"}],"replies":[{"embeddable":true,"href":"https:\/\/clientesbrandbits.click\/es\/wp-json\/wp\/v2\/comments?post=1316"}],"version-history":[{"count":1,"href":"https:\/\/clientesbrandbits.click\/es\/wp-json\/wp\/v2\/posts\/1316\/revisions"}],"predecessor-version":[{"id":1318,"href":"https:\/\/clientesbrandbits.click\/es\/wp-json\/wp\/v2\/posts\/1316\/revisions\/1318"}],"wp:featuredmedia":[{"embeddable":true,"href":"https:\/\/clientesbrandbits.click\/es\/wp-json\/wp\/v2\/media\/1317"}],"wp:attachment":[{"href":"https:\/\/clientesbrandbits.click\/es\/wp-json\/wp\/v2\/media?parent=1316"}],"wp:term":[{"taxonomy":"category","embeddable":true,"href":"https:\/\/clientesbrandbits.click\/es\/wp-json\/wp\/v2\/categories?post=1316"},{"taxonomy":"post_tag","embeddable":true,"href":"https:\/\/clientesbrandbits.click\/es\/wp-json\/wp\/v2\/tags?post=1316"}],"curies":[{"name":"wp","href":"https:\/\/api.w.org\/{rel}","templated":true}]}}